{"id":3530,"date":"2020-11-09T16:24:32","date_gmt":"2020-11-09T16:24:32","guid":{"rendered":"https:\/\/algarve7.pt\/?p=3530"},"modified":"2020-11-09T16:24:33","modified_gmt":"2020-11-09T16:24:33","slug":"deliberacao-da-reuniao-extraordinaria-da-comissao-distrital-de-protecao-civil-de-faro","status":"publish","type":"post","link":"https:\/\/algarve7.pt\/index.php\/2020\/11\/deliberacao-da-reuniao-extraordinaria-da-comissao-distrital-de-protecao-civil-de-faro\/saude\/16\/24\/","title":{"rendered":"Delibera\u00e7\u00e3o da reuni\u00e3o extraordin\u00e1ria da Comiss\u00e3o Distrital de Prote\u00e7\u00e3o Civil de Faro"},"content":{"rendered":"\n<p>A Comiss\u00e3o Distrital de Prote\u00e7\u00e3o Civil (CDPC) de Faro, reunida hoje, extraordinariamente, a 9 de novembro de 2020, via VTC&nbsp;<em>(Video Teleconference),&nbsp;<\/em>e considerando:<\/p>\n\n\n\n<ol class=\"wp-block-list\"><li>a) &nbsp;O Decreto do Presidente da Rep\u00fablica n.o 51-U\/2020, de 6 de novembro de 2020, que declara o Estado de Emerg\u00eancia, com fundamento na verifica\u00e7\u00e3o de uma situa\u00e7\u00e3o de calamidade p\u00fablica, autorizado pela Resolu\u00e7\u00e3o da Assembleia da Rep\u00fablica no 83-A\/2020, de 6 de novembro e regulamentado pelo Decreto no 8\/2020, de 8 de novembro;<\/li><li>b) &nbsp;A audi\u00e7\u00e3o da estrutura de coordena\u00e7\u00e3o institucional, de \u00e2mbito distrital, designadamente o Centro de Coordena\u00e7\u00e3o Operacional Distrital (CCOD) de Faro, que reuniu hoje, pelas 11:15 horas, via VTC;<\/li><li>c) &nbsp;A ativa\u00e7\u00e3o do Plano Distrital de Emerg\u00eancia de Prote\u00e7\u00e3o Civil de Faro, desde o dia 21 de mar\u00e7o de 2020, por despacho de Sua Excel\u00eancia o Ministro da Administra\u00e7\u00e3o Interna, Dr. Eduardo Cabrita;<\/li><li>d) &nbsp;A evolu\u00e7\u00e3o da situa\u00e7\u00e3o pand\u00e9mica no Pa\u00eds e, em particular, a situa\u00e7\u00e3o que se vive na Regi\u00e3o, o que origina uma elevada afeta\u00e7\u00e3o de recursos humanos dos Agentes de Prote\u00e7\u00e3o Civil e Entidades Cooperantes;<\/li><li>e) &nbsp;A afeta\u00e7\u00e3o das condi\u00e7\u00f5es de vida e o tecido socioecon\u00f3mico da Regi\u00e3o, prevendo-se que este cen\u00e1rio se mantenha em v\u00e1rios munic\u00edpios, ou na totalidade da Regi\u00e3o, n\u00e3o existindo um conhecimento relativamente ao tempo em que ir\u00e1 perdurar esta situa\u00e7\u00e3o;<br>A avalia\u00e7\u00e3o, realizada com base na conjuga\u00e7\u00e3o das al\u00edneas anteriores, para assegurar a coordena\u00e7\u00e3o, a dire\u00e7\u00e3o, o controlo e o comando operacional, de todas as outras iminentes situa\u00e7\u00f5es, de acidente grave ou cat\u00e1strofe, que podemos vir a enfrentar no decorrer dos pr\u00f3ximos meses;<\/li><\/ol>\n\n\n\n<p><strong>Deliberou,<\/strong><\/p>\n\n\n\n<ol class=\"wp-block-list\"><li>Propor a Sua Excel\u00eancia a Secret\u00e1ria de Estado da Administra\u00e7\u00e3o Interna, a manuten\u00e7\u00e3o da ativa\u00e7\u00e3o do PDEPC de Faro, enquanto a Declara\u00e7\u00e3o do Estado de Emerg\u00eancia se mantiver em vigor para a Regi\u00e3o;<\/li><li>A manuten\u00e7\u00e3o do dispositivo instalado na Regi\u00e3o, bem como as medidas e a\u00e7\u00f5es de coordena\u00e7\u00e3o estrat\u00e9gica, em mat\u00e9ria de preven\u00e7\u00e3o, prepara\u00e7\u00e3o e resposta, face \u00e0 pandemia do novo coronav\u00edrus (COVID-19);<\/li><li>A manuten\u00e7\u00e3o do funcionamento da Subcomiss\u00e3o COVID -19, no \u00e2mbito da CDPC, em regime de perman\u00eancia, enquanto estrutura respons\u00e1vel pela recolha e tratamento da informa\u00e7\u00e3o relativa ao surto epid\u00e9mico em curso, garantindo uma permanente monitoriza\u00e7\u00e3o da situa\u00e7\u00e3o;<\/li><li>Manter as reuni\u00f5es da CDPC, ordinariamente, quinzenalmente, \u00e0s sextas-feiras, pelas 09:30 horas, e extraordinariamente, sempre que necess\u00e1rio, enquanto vigorar a Declara\u00e7\u00e3o do Estado de Emerg\u00eancia;<\/li><li>Realizar Confer\u00eancias de Imprensa, presenciais, nas instala\u00e7\u00f5es do Comando Regional de Emerg\u00eancia e Prote\u00e7\u00e3o Civil (CREPC) do Algarve da Autoridade Nacional de Emerg\u00eancia e Prote\u00e7\u00e3o Civil (ANEPC), onde se encontra instalado o Posto de Comando Distrital, juntamente com o Comandante Operacional Distrital da ANEPC, Delegada de Sa\u00fade Regional e o Presidente da Administra\u00e7\u00e3o Regional de Sa\u00fade do Algarve, com periodicidade a definir pelo Presidente da CDPC;<\/li><li>Ao abrigo do artigo 13o, do Decreto no 8\/2020, de 8 de novembro, apelar, aos cidad\u00e3os e demais entidades, o dever geral de coopera\u00e7\u00e3o, nomeadamente no cumprimento de ordens ou instru\u00e7\u00f5es dos \u00f3rg\u00e3os e agentes respons\u00e1veis pela seguran\u00e7a, prote\u00e7\u00e3o civil e sa\u00fade p\u00fablica na pronta satisfa\u00e7\u00e3o de solicita\u00e7\u00f5es, que justificadamente lhes sejam feitas pelas entidades competentes para a concretiza\u00e7\u00e3o das medidas que constam do referido Decreto;<\/li><li>Dar conhecimento da avalia\u00e7\u00e3o efetuada, pela CDPC, \u00e0s Autoridades Municipais de Prote\u00e7\u00e3o Civil da Regi\u00e3o;<\/li><li>Que a presente Delibera\u00e7\u00e3o seja divulgada junto dos \u00d3rg\u00e3os de Comunica\u00e7\u00e3o Social, que t\u00eam a obriga\u00e7\u00e3o especial decolabora\u00e7\u00e3o visando a divulga\u00e7\u00e3o das informa\u00e7\u00f5es relevantes relativas \u00e0 situa\u00e7\u00e3o nos termos do n.o 4 do art.o 14o da LBPC.<\/li><\/ol>\n","protected":false},"excerpt":{"rendered":"<p>A Comiss\u00e3o Distrital de Prote\u00e7\u00e3o Civil (CDPC) de Faro, reunida hoje, extraordinariamente, a 9 de novembro de 2020, via VTC&nbsp;(Video<\/p>\n","protected":false},"author":1,"featured_media":2553,"comment_status":"closed","ping_status":"open","sticky":false,"template":"","format":"standard","meta":{"colormag_page_container_layout":"default_layout","colormag_page_sidebar_layout":"default_layout","_monsterinsights_skip_tracking":false,"_monsterinsights_sitenote_active":false,"_monsterinsights_sitenote_note":"","_monsterinsights_sitenote_category":0,"jetpack_post_was_ever_published":false,"_jetpack_newsletter_access":"","_jetpack_dont_email_post_to_subs":false,"_jetpack_newsletter_tier_id":0,"_jetpack_memberships_contains_paywalled_content":false,"_jetpack_memberships_contains_paid_content":false,"footnotes":"","jetpack_publicize_message":"","jetpack_publicize_feature_enabled":true,"jetpack_social_post_already_shared":true,"jetpack_social_options":{"image_generator_settings":{"template":"highway","default_image_id":0,"font":"","enabled":false},"version":2}},"categories":[59],"tags":[36,139,51,58],"class_list":["post-3530","post","type-post","status-publish","format-standard","has-post-thumbnail","hentry","category-saude","tag-algarve","tag-cdpc","tag-covid-19","tag-saude"],"yoast_head":"<!-- This site is optimized with the Yoast SEO plugin v27.5 - https:\/\/yoast.com\/product\/yoast-seo-wordpress\/ -->\n<title>Delibera\u00e7\u00e3o da reuni\u00e3o extraordin\u00e1ria da Comiss\u00e3o Distrital de Prote\u00e7\u00e3o Civil de Faro - Algarve 7<\/title>\n<meta name=\"description\" content=\"Delibera\u00e7\u00e3o da reuni\u00e3o extraordin\u00e1ria da Comiss\u00e3o Distrital de Prote\u00e7\u00e3o Civil de Faro Sa\u00fade\" \/>\n<meta name=\"robots\" content=\"index, follow, max-snippet:-1, max-image-preview:large, max-video-preview:-1\" \/>\n<link rel=\"canonical\" href=\"https:\/\/algarve7.pt\/index.php\/2020\/11\/deliberacao-da-reuniao-extraordinaria-da-comissao-distrital-de-protecao-civil-de-faro\/saude\/16\/24\/\" \/>\n<meta property=\"og:locale\" content=\"pt_PT\" \/>\n<meta property=\"og:type\" content=\"article\" \/>\n<meta property=\"og:title\" content=\"Delibera\u00e7\u00e3o da reuni\u00e3o extraordin\u00e1ria da Comiss\u00e3o Distrital de Prote\u00e7\u00e3o Civil de Faro - Algarve 7\" \/>\n<meta property=\"og:description\" content=\"Delibera\u00e7\u00e3o da reuni\u00e3o extraordin\u00e1ria da Comiss\u00e3o Distrital de Prote\u00e7\u00e3o Civil de Faro Sa\u00fade\" \/>\n<meta property=\"og:url\" content=\"https:\/\/algarve7.pt\/index.php\/2020\/11\/deliberacao-da-reuniao-extraordinaria-da-comissao-distrital-de-protecao-civil-de-faro\/saude\/16\/24\/\" \/>\n<meta property=\"og:site_name\" content=\"Algarve 7\" \/>\n<meta property=\"article:publisher\" content=\"https:\/\/www.facebook.com\/algarve7\" \/>\n<meta property=\"article:author\" content=\"https:\/\/www.facebook.com\/algarve7\" \/>\n<meta property=\"article:published_time\" content=\"2020-11-09T16:24:32+00:00\" \/>\n<meta property=\"article:modified_time\" content=\"2020-11-09T16:24:33+00:00\" \/>\n<meta property=\"og:image\" content=\"https:\/\/algarve7.pt\/wp-content\/uploads\/2020\/10\/anpc_5f0fec40b1022.jpg\" \/>\n\t<meta property=\"og:image:width\" content=\"850\" \/>\n\t<meta property=\"og:image:height\" content=\"584\" \/>\n\t<meta property=\"og:image:type\" content=\"image\/jpeg\" \/>\n<meta name=\"author\" content=\"Algarve 7\" \/>\n<meta name=\"twitter:card\" content=\"summary_large_image\" \/>\n<meta name=\"twitter:creator\" content=\"@Algarvesete\" \/>\n<meta name=\"twitter:site\" content=\"@Algarvesete\" \/>\n<meta name=\"twitter:label1\" content=\"Escrito por\" \/>\n\t<meta name=\"twitter:data1\" content=\"Algarve 7\" \/>\n\t<meta name=\"twitter:label2\" content=\"Tempo estimado de leitura\" \/>\n\t<meta name=\"twitter:data2\" content=\"3 minutos\" \/>\n<script type=\"application\/ld+json\" class=\"yoast-schema-graph\">{\"@context\":\"https:\\\/\\\/schema.org\",\"@graph\":[{\"@type\":\"Article\",\"@id\":\"https:\\\/\\\/algarve7.pt\\\/index.php\\\/2020\\\/11\\\/deliberacao-da-reuniao-extraordinaria-da-comissao-distrital-de-protecao-civil-de-faro\\\/saude\\\/16\\\/24\\\/#article\",\"isPartOf\":{\"@id\":\"https:\\\/\\\/algarve7.pt\\\/index.php\\\/2020\\\/11\\\/deliberacao-da-reuniao-extraordinaria-da-comissao-distrital-de-protecao-civil-de-faro\\\/saude\\\/16\\\/24\\\/\"},\"author\":{\"name\":\"Algarve 7\",\"@id\":\"https:\\\/\\\/algarve7.pt\\\/#\\\/schema\\\/person\\\/23fa70681308e7b319a3204bcea45e0c\"},\"headline\":\"Delibera\u00e7\u00e3o da reuni\u00e3o extraordin\u00e1ria da Comiss\u00e3o Distrital de Prote\u00e7\u00e3o Civil de Faro\",\"datePublished\":\"2020-11-09T16:24:32+00:00\",\"dateModified\":\"2020-11-09T16:24:33+00:00\",\"mainEntityOfPage\":{\"@id\":\"https:\\\/\\\/algarve7.pt\\\/index.php\\\/2020\\\/11\\\/deliberacao-da-reuniao-extraordinaria-da-comissao-distrital-de-protecao-civil-de-faro\\\/saude\\\/16\\\/24\\\/\"},\"wordCount\":686,\"publisher\":{\"@id\":\"https:\\\/\\\/algarve7.pt\\\/#organization\"},\"image\":{\"@id\":\"https:\\\/\\\/algarve7.pt\\\/index.php\\\/2020\\\/11\\\/deliberacao-da-reuniao-extraordinaria-da-comissao-distrital-de-protecao-civil-de-faro\\\/saude\\\/16\\\/24\\\/#primaryimage\"},\"thumbnailUrl\":\"https:\\\/\\\/algarve7.pt\\\/wp-content\\\/uploads\\\/2020\\\/10\\\/anpc_5f0fec40b1022.jpg\",\"keywords\":[\"Algarve\",\"CDPC\",\"Covid-19\",\"Sa\u00fade\"],\"articleSection\":[\"Sa\u00fade\"],\"inLanguage\":\"pt-PT\"},{\"@type\":\"WebPage\",\"@id\":\"https:\\\/\\\/algarve7.pt\\\/index.php\\\/2020\\\/11\\\/deliberacao-da-reuniao-extraordinaria-da-comissao-distrital-de-protecao-civil-de-faro\\\/saude\\\/16\\\/24\\\/\",\"url\":\"https:\\\/\\\/algarve7.pt\\\/index.php\\\/2020\\\/11\\\/deliberacao-da-reuniao-extraordinaria-da-comissao-distrital-de-protecao-civil-de-faro\\\/saude\\\/16\\\/24\\\/\",\"name\":\"Delibera\u00e7\u00e3o da reuni\u00e3o extraordin\u00e1ria da Comiss\u00e3o Distrital de Prote\u00e7\u00e3o Civil de Faro - Algarve 7\",\"isPartOf\":{\"@id\":\"https:\\\/\\\/algarve7.pt\\\/#website\"},\"primaryImageOfPage\":{\"@id\":\"https:\\\/\\\/algarve7.pt\\\/index.php\\\/2020\\\/11\\\/deliberacao-da-reuniao-extraordinaria-da-comissao-distrital-de-protecao-civil-de-faro\\\/saude\\\/16\\\/24\\\/#primaryimage\"},\"image\":{\"@id\":\"https:\\\/\\\/algarve7.pt\\\/index.php\\\/2020\\\/11\\\/deliberacao-da-reuniao-extraordinaria-da-comissao-distrital-de-protecao-civil-de-faro\\\/saude\\\/16\\\/24\\\/#primaryimage\"},\"thumbnailUrl\":\"https:\\\/\\\/algarve7.pt\\\/wp-content\\\/uploads\\\/2020\\\/10\\\/anpc_5f0fec40b1022.jpg\",\"datePublished\":\"2020-11-09T16:24:32+00:00\",\"dateModified\":\"2020-11-09T16:24:33+00:00\",\"description\":\"Delibera\u00e7\u00e3o da reuni\u00e3o extraordin\u00e1ria da Comiss\u00e3o Distrital de Prote\u00e7\u00e3o Civil de Faro Sa\u00fade\",\"breadcrumb\":{\"@id\":\"https:\\\/\\\/algarve7.pt\\\/index.php\\\/2020\\\/11\\\/deliberacao-da-reuniao-extraordinaria-da-comissao-distrital-de-protecao-civil-de-faro\\\/saude\\\/16\\\/24\\\/#breadcrumb\"},\"inLanguage\":\"pt-PT\",\"potentialAction\":[{\"@type\":\"ReadAction\",\"target\":[\"https:\\\/\\\/algarve7.pt\\\/index.php\\\/2020\\\/11\\\/deliberacao-da-reuniao-extraordinaria-da-comissao-distrital-de-protecao-civil-de-faro\\\/saude\\\/16\\\/24\\\/\"]}]},{\"@type\":\"ImageObject\",\"inLanguage\":\"pt-PT\",\"@id\":\"https:\\\/\\\/algarve7.pt\\\/index.php\\\/2020\\\/11\\\/deliberacao-da-reuniao-extraordinaria-da-comissao-distrital-de-protecao-civil-de-faro\\\/saude\\\/16\\\/24\\\/#primaryimage\",\"url\":\"https:\\\/\\\/algarve7.pt\\\/wp-content\\\/uploads\\\/2020\\\/10\\\/anpc_5f0fec40b1022.jpg\",\"contentUrl\":\"https:\\\/\\\/algarve7.pt\\\/wp-content\\\/uploads\\\/2020\\\/10\\\/anpc_5f0fec40b1022.jpg\",\"width\":850,\"height\":584},{\"@type\":\"BreadcrumbList\",\"@id\":\"https:\\\/\\\/algarve7.pt\\\/index.php\\\/2020\\\/11\\\/deliberacao-da-reuniao-extraordinaria-da-comissao-distrital-de-protecao-civil-de-faro\\\/saude\\\/16\\\/24\\\/#breadcrumb\",\"itemListElement\":[{\"@type\":\"ListItem\",\"position\":1,\"name\":\"In\u00edcio\",\"item\":\"https:\\\/\\\/algarve7.pt\\\/\"},{\"@type\":\"ListItem\",\"position\":2,\"name\":\"Delibera\u00e7\u00e3o da reuni\u00e3o extraordin\u00e1ria da Comiss\u00e3o Distrital de Prote\u00e7\u00e3o Civil de Faro\"}]},{\"@type\":\"WebSite\",\"@id\":\"https:\\\/\\\/algarve7.pt\\\/#website\",\"url\":\"https:\\\/\\\/algarve7.pt\\\/\",\"name\":\"Algarve 7\",\"description\":\"Informa\u00e7\u00e3o sobre o Algarve\",\"publisher\":{\"@id\":\"https:\\\/\\\/algarve7.pt\\\/#organization\"},\"potentialAction\":[{\"@type\":\"SearchAction\",\"target\":{\"@type\":\"EntryPoint\",\"urlTemplate\":\"https:\\\/\\\/algarve7.pt\\\/?s={search_term_string}\"},\"query-input\":{\"@type\":\"PropertyValueSpecification\",\"valueRequired\":true,\"valueName\":\"search_term_string\"}}],\"inLanguage\":\"pt-PT\"},{\"@type\":\"Organization\",\"@id\":\"https:\\\/\\\/algarve7.pt\\\/#organization\",\"name\":\"Algarve 7\",\"url\":\"https:\\\/\\\/algarve7.pt\\\/\",\"logo\":{\"@type\":\"ImageObject\",\"inLanguage\":\"pt-PT\",\"@id\":\"https:\\\/\\\/algarve7.pt\\\/#\\\/schema\\\/logo\\\/image\\\/\",\"url\":\"https:\\\/\\\/algarve7.pt\\\/wp-content\\\/uploads\\\/2020\\\/10\\\/Logo-8.jpg\",\"contentUrl\":\"https:\\\/\\\/algarve7.pt\\\/wp-content\\\/uploads\\\/2020\\\/10\\\/Logo-8.jpg\",\"width\":1680,\"height\":1186,\"caption\":\"Algarve 7\"},\"image\":{\"@id\":\"https:\\\/\\\/algarve7.pt\\\/#\\\/schema\\\/logo\\\/image\\\/\"},\"sameAs\":[\"https:\\\/\\\/www.facebook.com\\\/algarve7\",\"https:\\\/\\\/x.com\\\/Algarvesete\",\"https:\\\/\\\/www.instagram.com\\\/jornalalgarve7\\\/\",\"https:\\\/\\\/www.linkedin.com\\\/company\\\/algarve7\",\"https:\\\/\\\/www.pinterest.pt\\\/geral0939\\\/_created\\\/\"]},{\"@type\":\"Person\",\"@id\":\"https:\\\/\\\/algarve7.pt\\\/#\\\/schema\\\/person\\\/23fa70681308e7b319a3204bcea45e0c\",\"name\":\"Algarve 7\",\"sameAs\":[\"https:\\\/\\\/algarve7.pt\",\"https:\\\/\\\/www.facebook.com\\\/algarve7\"],\"url\":\"https:\\\/\\\/algarve7.pt\\\/index.php\\\/author\\\/geralalgarve7-pt\\\/\"}]}<\/script>\n<!-- \/ Yoast SEO plugin. -->","yoast_head_json":{"title":"Delibera\u00e7\u00e3o da reuni\u00e3o extraordin\u00e1ria da Comiss\u00e3o Distrital de Prote\u00e7\u00e3o Civil de Faro - Algarve 7","description":"Delibera\u00e7\u00e3o da reuni\u00e3o extraordin\u00e1ria da Comiss\u00e3o Distrital de Prote\u00e7\u00e3o Civil de Faro Sa\u00fade","robots":{"index":"index","follow":"follow","max-snippet":"max-snippet:-1","max-image-preview":"max-image-preview:large","max-video-preview":"max-video-preview:-1"},"canonical":"https:\/\/algarve7.pt\/index.php\/2020\/11\/deliberacao-da-reuniao-extraordinaria-da-comissao-distrital-de-protecao-civil-de-faro\/saude\/16\/24\/","og_locale":"pt_PT","og_type":"article","og_title":"Delibera\u00e7\u00e3o da reuni\u00e3o extraordin\u00e1ria da Comiss\u00e3o Distrital de Prote\u00e7\u00e3o Civil de Faro - Algarve 7","og_description":"Delibera\u00e7\u00e3o da reuni\u00e3o extraordin\u00e1ria da Comiss\u00e3o Distrital de Prote\u00e7\u00e3o Civil de Faro Sa\u00fade","og_url":"https:\/\/algarve7.pt\/index.php\/2020\/11\/deliberacao-da-reuniao-extraordinaria-da-comissao-distrital-de-protecao-civil-de-faro\/saude\/16\/24\/","og_site_name":"Algarve 7","article_publisher":"https:\/\/www.facebook.com\/algarve7","article_author":"https:\/\/www.facebook.com\/algarve7","article_published_time":"2020-11-09T16:24:32+00:00","article_modified_time":"2020-11-09T16:24:33+00:00","og_image":[{"width":850,"height":584,"url":"https:\/\/algarve7.pt\/wp-content\/uploads\/2020\/10\/anpc_5f0fec40b1022.jpg","type":"image\/jpeg"}],"author":"Algarve 7","twitter_card":"summary_large_image","twitter_creator":"@Algarvesete","twitter_site":"@Algarvesete","twitter_misc":{"Escrito por":"Algarve 7","Tempo estimado de leitura":"3 minutos"},"schema":{"@context":"https:\/\/schema.org","@graph":[{"@type":"Article","@id":"https:\/\/algarve7.pt\/index.php\/2020\/11\/deliberacao-da-reuniao-extraordinaria-da-comissao-distrital-de-protecao-civil-de-faro\/saude\/16\/24\/#article","isPartOf":{"@id":"https:\/\/algarve7.pt\/index.php\/2020\/11\/deliberacao-da-reuniao-extraordinaria-da-comissao-distrital-de-protecao-civil-de-faro\/saude\/16\/24\/"},"author":{"name":"Algarve 7","@id":"https:\/\/algarve7.pt\/#\/schema\/person\/23fa70681308e7b319a3204bcea45e0c"},"headline":"Delibera\u00e7\u00e3o da reuni\u00e3o extraordin\u00e1ria da Comiss\u00e3o Distrital de Prote\u00e7\u00e3o Civil de Faro","datePublished":"2020-11-09T16:24:32+00:00","dateModified":"2020-11-09T16:24:33+00:00","mainEntityOfPage":{"@id":"https:\/\/algarve7.pt\/index.php\/2020\/11\/deliberacao-da-reuniao-extraordinaria-da-comissao-distrital-de-protecao-civil-de-faro\/saude\/16\/24\/"},"wordCount":686,"publisher":{"@id":"https:\/\/algarve7.pt\/#organization"},"image":{"@id":"https:\/\/algarve7.pt\/index.php\/2020\/11\/deliberacao-da-reuniao-extraordinaria-da-comissao-distrital-de-protecao-civil-de-faro\/saude\/16\/24\/#primaryimage"},"thumbnailUrl":"https:\/\/algarve7.pt\/wp-content\/uploads\/2020\/10\/anpc_5f0fec40b1022.jpg","keywords":["Algarve","CDPC","Covid-19","Sa\u00fade"],"articleSection":["Sa\u00fade"],"inLanguage":"pt-PT"},{"@type":"WebPage","@id":"https:\/\/algarve7.pt\/index.php\/2020\/11\/deliberacao-da-reuniao-extraordinaria-da-comissao-distrital-de-protecao-civil-de-faro\/saude\/16\/24\/","url":"https:\/\/algarve7.pt\/index.php\/2020\/11\/deliberacao-da-reuniao-extraordinaria-da-comissao-distrital-de-protecao-civil-de-faro\/saude\/16\/24\/","name":"Delibera\u00e7\u00e3o da reuni\u00e3o extraordin\u00e1ria da Comiss\u00e3o Distrital de Prote\u00e7\u00e3o Civil de Faro - Algarve 7","isPartOf":{"@id":"https:\/\/algarve7.pt\/#website"},"primaryImageOfPage":{"@id":"https:\/\/algarve7.pt\/index.php\/2020\/11\/deliberacao-da-reuniao-extraordinaria-da-comissao-distrital-de-protecao-civil-de-faro\/saude\/16\/24\/#primaryimage"},"image":{"@id":"https:\/\/algarve7.pt\/index.php\/2020\/11\/deliberacao-da-reuniao-extraordinaria-da-comissao-distrital-de-protecao-civil-de-faro\/saude\/16\/24\/#primaryimage"},"thumbnailUrl":"https:\/\/algarve7.pt\/wp-content\/uploads\/2020\/10\/anpc_5f0fec40b1022.jpg","datePublished":"2020-11-09T16:24:32+00:00","dateModified":"2020-11-09T16:24:33+00:00","description":"Delibera\u00e7\u00e3o da reuni\u00e3o extraordin\u00e1ria da Comiss\u00e3o Distrital de Prote\u00e7\u00e3o Civil de Faro Sa\u00fade","breadcrumb":{"@id":"https:\/\/algarve7.pt\/index.php\/2020\/11\/deliberacao-da-reuniao-extraordinaria-da-comissao-distrital-de-protecao-civil-de-faro\/saude\/16\/24\/#breadcrumb"},"inLanguage":"pt-PT","potentialAction":[{"@type":"ReadAction","target":["https:\/\/algarve7.pt\/index.php\/2020\/11\/deliberacao-da-reuniao-extraordinaria-da-comissao-distrital-de-protecao-civil-de-faro\/saude\/16\/24\/"]}]},{"@type":"ImageObject","inLanguage":"pt-PT","@id":"https:\/\/algarve7.pt\/index.php\/2020\/11\/deliberacao-da-reuniao-extraordinaria-da-comissao-distrital-de-protecao-civil-de-faro\/saude\/16\/24\/#primaryimage","url":"https:\/\/algarve7.pt\/wp-content\/uploads\/2020\/10\/anpc_5f0fec40b1022.jpg","contentUrl":"https:\/\/algarve7.pt\/wp-content\/uploads\/2020\/10\/anpc_5f0fec40b1022.jpg","width":850,"height":584},{"@type":"BreadcrumbList","@id":"https:\/\/algarve7.pt\/index.php\/2020\/11\/deliberacao-da-reuniao-extraordinaria-da-comissao-distrital-de-protecao-civil-de-faro\/saude\/16\/24\/#breadcrumb","itemListElement":[{"@type":"ListItem","position":1,"name":"In\u00edcio","item":"https:\/\/algarve7.pt\/"},{"@type":"ListItem","position":2,"name":"Delibera\u00e7\u00e3o da reuni\u00e3o extraordin\u00e1ria da Comiss\u00e3o Distrital de Prote\u00e7\u00e3o Civil de Faro"}]},{"@type":"WebSite","@id":"https:\/\/algarve7.pt\/#website","url":"https:\/\/algarve7.pt\/","name":"Algarve 7","description":"Informa\u00e7\u00e3o sobre o Algarve","publisher":{"@id":"https:\/\/algarve7.pt\/#organization"},"potentialAction":[{"@type":"SearchAction","target":{"@type":"EntryPoint","urlTemplate":"https:\/\/algarve7.pt\/?s={search_term_string}"},"query-input":{"@type":"PropertyValueSpecification","valueRequired":true,"valueName":"search_term_string"}}],"inLanguage":"pt-PT"},{"@type":"Organization","@id":"https:\/\/algarve7.pt\/#organization","name":"Algarve 7","url":"https:\/\/algarve7.pt\/","logo":{"@type":"ImageObject","inLanguage":"pt-PT","@id":"https:\/\/algarve7.pt\/#\/schema\/logo\/image\/","url":"https:\/\/algarve7.pt\/wp-content\/uploads\/2020\/10\/Logo-8.jpg","contentUrl":"https:\/\/algarve7.pt\/wp-content\/uploads\/2020\/10\/Logo-8.jpg","width":1680,"height":1186,"caption":"Algarve 7"},"image":{"@id":"https:\/\/algarve7.pt\/#\/schema\/logo\/image\/"},"sameAs":["https:\/\/www.facebook.com\/algarve7","https:\/\/x.com\/Algarvesete","https:\/\/www.instagram.com\/jornalalgarve7\/","https:\/\/www.linkedin.com\/company\/algarve7","https:\/\/www.pinterest.pt\/geral0939\/_created\/"]},{"@type":"Person","@id":"https:\/\/algarve7.pt\/#\/schema\/person\/23fa70681308e7b319a3204bcea45e0c","name":"Algarve 7","sameAs":["https:\/\/algarve7.pt","https:\/\/www.facebook.com\/algarve7"],"url":"https:\/\/algarve7.pt\/index.php\/author\/geralalgarve7-pt\/"}]}},"jetpack_publicize_connections":[],"jetpack_featured_media_url":"https:\/\/algarve7.pt\/wp-content\/uploads\/2020\/10\/anpc_5f0fec40b1022.jpg","jetpack_shortlink":"https:\/\/wp.me\/pcezmW-UW","jetpack_sharing_enabled":true,"_links":{"self":[{"href":"https:\/\/algarve7.pt\/index.php\/wp-json\/wp\/v2\/posts\/3530","targetHints":{"allow":["GET"]}}],"collection":[{"href":"https:\/\/algarve7.pt\/index.php\/wp-json\/wp\/v2\/posts"}],"about":[{"href":"https:\/\/algarve7.pt\/index.php\/wp-json\/wp\/v2\/types\/post"}],"author":[{"embeddable":true,"href":"https:\/\/algarve7.pt\/index.php\/wp-json\/wp\/v2\/users\/1"}],"replies":[{"embeddable":true,"href":"https:\/\/algarve7.pt\/index.php\/wp-json\/wp\/v2\/comments?post=3530"}],"version-history":[{"count":0,"href":"https:\/\/algarve7.pt\/index.php\/wp-json\/wp\/v2\/posts\/3530\/revisions"}],"wp:featuredmedia":[{"embeddable":true,"href":"https:\/\/algarve7.pt\/index.php\/wp-json\/wp\/v2\/media\/2553"}],"wp:attachment":[{"href":"https:\/\/algarve7.pt\/index.php\/wp-json\/wp\/v2\/media?parent=3530"}],"wp:term":[{"taxonomy":"category","embeddable":true,"href":"https:\/\/algarve7.pt\/index.php\/wp-json\/wp\/v2\/categories?post=3530"},{"taxonomy":"post_tag","embeddable":true,"href":"https:\/\/algarve7.pt\/index.php\/wp-json\/wp\/v2\/tags?post=3530"}],"curies":[{"name":"wp","href":"https:\/\/api.w.org\/{rel}","templated":true}]}}