{"id":35262,"date":"2024-02-05T11:00:00","date_gmt":"2024-02-05T11:00:00","guid":{"rendered":"https:\/\/algarve7.pt\/?p=35262"},"modified":"2024-02-05T09:08:58","modified_gmt":"2024-02-05T09:08:58","slug":"floresta-segura-2024","status":"publish","type":"post","link":"https:\/\/algarve7.pt\/index.php\/2024\/02\/floresta-segura-2024\/atualidade\/11\/00\/","title":{"rendered":"Floresta Segura 2024"},"content":{"rendered":"\n<p>A Guarda Nacional Republicana,&nbsp;iniciou a Opera\u00e7\u00e3o Floresta Segura, que decorrer\u00e1&nbsp;1 de fevereiro e 30 de novembro de 2024,&nbsp;com o objetivo de&nbsp;executar&nbsp;a\u00e7\u00f5es de sensibiliza\u00e7\u00e3o e monitoriza\u00e7\u00e3o, a\u00e7\u00f5es de fiscaliza\u00e7\u00e3o, de vigil\u00e2ncia e dete\u00e7\u00e3o de inc\u00eandios rurais (IR), investiga\u00e7\u00e3o de&nbsp;causas e os crimes de inc\u00eandio florestal e valida\u00e7\u00e3o das \u00e1reas ardidas, para prevenir, detetar, combater e reprimir atividades il\u00edcitas, garantindo a seguran\u00e7a das popula\u00e7\u00f5es, dos seus bens e a preserva\u00e7\u00e3o do patrim\u00f3nio florestal.<\/p>\n\n\n\n<p>Das tarefas chave para a opera\u00e7\u00e3o destacam-se:<\/p>\n\n\n\n<p>\u00b7&nbsp;&nbsp;&nbsp;&nbsp;&nbsp;&nbsp;&nbsp;&nbsp;&nbsp;A promo\u00e7\u00e3o de a\u00e7\u00f5es de preven\u00e7\u00e3o e sensibiliza\u00e7\u00e3o, em coordena\u00e7\u00e3o e articula\u00e7\u00e3o com outras entidades, nomeadamente a Ag\u00eancia para a Gest\u00e3o Integrada de Fogos Rurais (AGIF), Instituto da Conserva\u00e7\u00e3o da Natureza e das Florestas (ICNF) e Autoridade Nacional de Emerg\u00eancia e Prote\u00e7\u00e3o Civil (ANEPC), direcionada aos concelhos em que se contabilizaram mais de 100 igni\u00e7\u00f5es;<\/p>\n\n\n\n<p>\u00b7&nbsp;&nbsp;&nbsp;&nbsp;&nbsp;&nbsp;&nbsp;&nbsp;&nbsp;Garantir uma eficiente sensibiliza\u00e7\u00e3o, monitoriza\u00e7\u00e3o e fiscaliza\u00e7\u00e3o, em todo o territ\u00f3rio nacional, priorizando as freguesias priorit\u00e1rias, atrav\u00e9s do reconhecimento e georreferencia\u00e7\u00e3o das situa\u00e7\u00f5es cr\u00edticas de incumprimento dos crit\u00e9rios de gest\u00e3o de combust\u00edvel;<\/p>\n\n\n\n<p>\u00b7&nbsp;&nbsp;&nbsp;&nbsp;&nbsp;&nbsp;&nbsp;&nbsp;&nbsp;Garantir uma c\u00e9lere investiga\u00e7\u00e3o e determina\u00e7\u00e3o das causas dos inc\u00eandios rurais, analisando todas estas ocorr\u00eancias, compreendendo as suas causas de forma a conhecer o fen\u00f3meno regional subjacente \u00e0s igni\u00e7\u00f5es, direcionando posteriormente as a\u00e7\u00f5es de vigil\u00e2ncia e dete\u00e7\u00e3o, otimizando as val\u00eancias dispon\u00edveis.<\/p>\n\n\n\n<p>A severidade dos inc\u00eandios rurais de 2017 e o seu impacto dram\u00e1tico constitu\u00edram um ponto de viragem na defini\u00e7\u00e3o e implementa\u00e7\u00e3o de estrat\u00e9gias que visam assegurar uma eficiente Defesa da Floresta Contra Inc\u00eandios (DFCI).<\/p>\n\n\n\n<p>A floresta do continente \u00e9 dominada por esp\u00e9cies aut\u00f3ctones, salientando-se os montados de sobreiros e azinheiras (cerca de 36% do total) e os pinheiros (cerca de 30%). Os eucaliptais ocupam 26% da superf\u00edcie florestal e a restante \u00e1rea \u00e9 distribu\u00edda por esp\u00e9cies de menor express\u00e3o (incluindo castanheiros, alfarrobeira, ac\u00e1cias, medronheiro, choupos, esp\u00e9cies ribeirinhas e outras resinosas. Neste \u00e2mbito, destaca-se a responsabilidade da Guarda Nacional Republicana na execu\u00e7\u00e3o de a\u00e7\u00f5es de sensibiliza\u00e7\u00e3o, fiscaliza\u00e7\u00e3o, vigil\u00e2ncia e dete\u00e7\u00e3o de inc\u00eandios rurais (IR), na gest\u00e3o da rede de vigil\u00e2ncia e dete\u00e7\u00e3o de IR, no apoio no ataque inicial (ATI) e ataque ampliado (ATA), na execu\u00e7\u00e3o de a\u00e7\u00f5es de fogo controlado, na investiga\u00e7\u00e3o das causas e dos crimes de inc\u00eandio florestal, bem como na valida\u00e7\u00e3o das \u00e1reas ardidas e apuramento de danos.<\/p>\n\n\n\n<p>Esta realidade florestal, associada \u00e0 diversidade do pa\u00eds a n\u00edvel geogr\u00e1fico, clim\u00e1tico, social, cultural e infraestrutural, ao despovoamento do interior, ao envelhecimento da popula\u00e7\u00e3o rural, \u00e0s altera\u00e7\u00f5es relativas ao aproveitamento e explora\u00e7\u00e3o da floresta, \u00e0s altera\u00e7\u00f5es clim\u00e1ticas e \u00e0 acumula\u00e7\u00e3o de elevada carga de combust\u00edvel, potenciam a possibilidade de ocorr\u00eancia de IR mais complexos e violentos.<\/p>\n\n\n\n<p>No que respeita \u00e0 atividade da GNR,&nbsp;em 2023, foram&nbsp;monitorizados e fiscalizados 14 319 locais, com aus\u00eancia de gest\u00e3o de combust\u00edvel, que deram origem a&nbsp;7 901 cumprimentos volunt\u00e1rios quanto \u00e0 limpeza de terrenos, que tinham sido previamente sinalizados. Neste contexto, desde o ano de 2013 at\u00e9 2023, verificou-se uma evolu\u00e7\u00e3o positiva no que tange \u00e0 redu\u00e7\u00e3o, n\u00e3o s\u00f3 do n\u00famero de igni\u00e7\u00f5es, mas tamb\u00e9m da pr\u00f3pria \u00e1rea ardida, registando-se menos 46% de inc\u00eandios rurais e menos 72% de \u00e1rea ardida, relativamente \u00e0 m\u00e9dia anual do per\u00edodo, tendo2023&nbsp;apresentado o&nbsp;valor mais reduzido em n\u00famero de inc\u00eandios rurais e o 3.\u00ba valor mais reduzido no que \u00e0 \u00e1rea ardida diz respeito, desde 2013.<\/p>\n\n\n\n<p>Relativamente \u00e0s causas dos mesmos, continua a carecer particular aten\u00e7\u00e3o, o uso do fogo pelas comunidades mais rurais, na realiza\u00e7\u00e3o de queimas e queimadas, o qual continua a ser realizado atrav\u00e9s de perce\u00e7\u00f5es perante o risco de inc\u00eandio florestal muito assentes no costume e em cren\u00e7as desatualizadas relativamente ao clima atual, representando cerca de 32% das situa\u00e7\u00f5es. Nesse sentido e para 2024, constitui uma prioridade reduzir o n\u00famero de igni\u00e7\u00f5es, atrav\u00e9s de a\u00e7\u00f5es de sensibiliza\u00e7\u00e3o e demonstra\u00e7\u00e3o do uso correto do fogo, particularmente direcionada aos concelhos em que se contabilizaram mais de 100 igni\u00e7\u00f5es, nomeadamente, Ponte da Barca, Paredes, Vila Nova de Gaia, Amarante, Penafiel, Lousada, Gondomar, Montalegre, Fafe, Arcos de Valdevez, Vila Verde e Marco de Canaveses, contando com a colabora\u00e7\u00e3o da Ag\u00eancia para a Gest\u00e3o Integrada de Fogos Rurais (AGIF), do Instituto da Conserva\u00e7\u00e3o da Natureza e das Florestas (ICNF) e da Autoridade Nacional de Emerg\u00eancia e Prote\u00e7\u00e3o Civil (ANEPC).<\/p>\n","protected":false},"excerpt":{"rendered":"<p>A Guarda Nacional Republicana,&nbsp;iniciou a Opera\u00e7\u00e3o Floresta Segura, que decorrer\u00e1&nbsp;1 de fevereiro e 30 de novembro de 2024,&nbsp;com o objetivo<\/p>\n","protected":false},"author":1,"featured_media":12307,"comment_status":"closed","ping_status":"open","sticky":false,"template":"","format":"standard","meta":{"colormag_page_container_layout":"default_layout","colormag_page_sidebar_layout":"default_layout","_monsterinsights_skip_tracking":false,"_monsterinsights_sitenote_active":false,"_monsterinsights_sitenote_note":"","_monsterinsights_sitenote_category":0,"jetpack_post_was_ever_published":false,"_jetpack_newsletter_access":"","_jetpack_dont_email_post_to_subs":false,"_jetpack_newsletter_tier_id":0,"_jetpack_memberships_contains_paywalled_content":false,"_jetpack_memberships_contains_paid_content":false,"footnotes":"","jetpack_publicize_message":"","jetpack_publicize_feature_enabled":true,"jetpack_social_post_already_shared":true,"jetpack_social_options":{"image_generator_settings":{"template":"highway","default_image_id":0,"font":"","enabled":false},"version":2}},"categories":[11,189],"tags":[62,98],"class_list":["post-35262","post","type-post","status-publish","format-standard","has-post-thumbnail","hentry","category-atualidade","category-nacional","tag-atualidade","tag-nacional"],"yoast_head":"<!-- This site is optimized with the Yoast SEO plugin v27.5 - https:\/\/yoast.com\/product\/yoast-seo-wordpress\/ -->\n<title>Floresta Segura 2024 - Algarve 7<\/title>\n<meta name=\"description\" content=\"Floresta Segura 2024 Atualidade\" \/>\n<meta name=\"robots\" content=\"index, follow, max-snippet:-1, max-image-preview:large, max-video-preview:-1\" \/>\n<link rel=\"canonical\" href=\"https:\/\/algarve7.pt\/index.php\/2024\/02\/floresta-segura-2024\/atualidade\/11\/00\/\" \/>\n<meta property=\"og:locale\" content=\"pt_PT\" \/>\n<meta property=\"og:type\" content=\"article\" \/>\n<meta property=\"og:title\" content=\"Floresta Segura 2024 - Algarve 7\" \/>\n<meta property=\"og:description\" content=\"Floresta Segura 2024 Atualidade\" \/>\n<meta property=\"og:url\" content=\"https:\/\/algarve7.pt\/index.php\/2024\/02\/floresta-segura-2024\/atualidade\/11\/00\/\" \/>\n<meta property=\"og:site_name\" content=\"Algarve 7\" \/>\n<meta property=\"article:publisher\" content=\"https:\/\/www.facebook.com\/algarve7\" \/>\n<meta property=\"article:author\" content=\"https:\/\/www.facebook.com\/algarve7\" \/>\n<meta property=\"article:published_time\" content=\"2024-02-05T11:00:00+00:00\" \/>\n<meta property=\"og:image\" content=\"https:\/\/algarve7.pt\/wp-content\/uploads\/2021\/10\/verdeflorestabosque.jpg\" \/>\n\t<meta property=\"og:image:width\" content=\"1023\" \/>\n\t<meta property=\"og:image:height\" content=\"685\" \/>\n\t<meta property=\"og:image:type\" content=\"image\/jpeg\" \/>\n<meta name=\"author\" content=\"Algarve 7\" \/>\n<meta name=\"twitter:card\" content=\"summary_large_image\" \/>\n<meta name=\"twitter:creator\" content=\"@Algarvesete\" \/>\n<meta name=\"twitter:site\" content=\"@Algarvesete\" \/>\n<meta name=\"twitter:label1\" content=\"Escrito por\" \/>\n\t<meta name=\"twitter:data1\" content=\"Algarve 7\" \/>\n\t<meta name=\"twitter:label2\" content=\"Tempo estimado de leitura\" \/>\n\t<meta name=\"twitter:data2\" content=\"5 minutos\" \/>\n<script type=\"application\/ld+json\" class=\"yoast-schema-graph\">{\"@context\":\"https:\\\/\\\/schema.org\",\"@graph\":[{\"@type\":\"Article\",\"@id\":\"https:\\\/\\\/algarve7.pt\\\/index.php\\\/2024\\\/02\\\/floresta-segura-2024\\\/atualidade\\\/11\\\/00\\\/#article\",\"isPartOf\":{\"@id\":\"https:\\\/\\\/algarve7.pt\\\/index.php\\\/2024\\\/02\\\/floresta-segura-2024\\\/atualidade\\\/11\\\/00\\\/\"},\"author\":{\"name\":\"Algarve 7\",\"@id\":\"https:\\\/\\\/algarve7.pt\\\/#\\\/schema\\\/person\\\/23fa70681308e7b319a3204bcea45e0c\"},\"headline\":\"Floresta Segura 2024\",\"datePublished\":\"2024-02-05T11:00:00+00:00\",\"mainEntityOfPage\":{\"@id\":\"https:\\\/\\\/algarve7.pt\\\/index.php\\\/2024\\\/02\\\/floresta-segura-2024\\\/atualidade\\\/11\\\/00\\\/\"},\"wordCount\":836,\"publisher\":{\"@id\":\"https:\\\/\\\/algarve7.pt\\\/#organization\"},\"image\":{\"@id\":\"https:\\\/\\\/algarve7.pt\\\/index.php\\\/2024\\\/02\\\/floresta-segura-2024\\\/atualidade\\\/11\\\/00\\\/#primaryimage\"},\"thumbnailUrl\":\"https:\\\/\\\/algarve7.pt\\\/wp-content\\\/uploads\\\/2021\\\/10\\\/verdeflorestabosque.jpg\",\"keywords\":[\"Atualidade\",\"Nacional\"],\"articleSection\":[\"Atualidade\",\"Nacional\"],\"inLanguage\":\"pt-PT\"},{\"@type\":\"WebPage\",\"@id\":\"https:\\\/\\\/algarve7.pt\\\/index.php\\\/2024\\\/02\\\/floresta-segura-2024\\\/atualidade\\\/11\\\/00\\\/\",\"url\":\"https:\\\/\\\/algarve7.pt\\\/index.php\\\/2024\\\/02\\\/floresta-segura-2024\\\/atualidade\\\/11\\\/00\\\/\",\"name\":\"Floresta Segura 2024 - Algarve 7\",\"isPartOf\":{\"@id\":\"https:\\\/\\\/algarve7.pt\\\/#website\"},\"primaryImageOfPage\":{\"@id\":\"https:\\\/\\\/algarve7.pt\\\/index.php\\\/2024\\\/02\\\/floresta-segura-2024\\\/atualidade\\\/11\\\/00\\\/#primaryimage\"},\"image\":{\"@id\":\"https:\\\/\\\/algarve7.pt\\\/index.php\\\/2024\\\/02\\\/floresta-segura-2024\\\/atualidade\\\/11\\\/00\\\/#primaryimage\"},\"thumbnailUrl\":\"https:\\\/\\\/algarve7.pt\\\/wp-content\\\/uploads\\\/2021\\\/10\\\/verdeflorestabosque.jpg\",\"datePublished\":\"2024-02-05T11:00:00+00:00\",\"description\":\"Floresta Segura 2024 Atualidade\",\"breadcrumb\":{\"@id\":\"https:\\\/\\\/algarve7.pt\\\/index.php\\\/2024\\\/02\\\/floresta-segura-2024\\\/atualidade\\\/11\\\/00\\\/#breadcrumb\"},\"inLanguage\":\"pt-PT\",\"potentialAction\":[{\"@type\":\"ReadAction\",\"target\":[\"https:\\\/\\\/algarve7.pt\\\/index.php\\\/2024\\\/02\\\/floresta-segura-2024\\\/atualidade\\\/11\\\/00\\\/\"]}]},{\"@type\":\"ImageObject\",\"inLanguage\":\"pt-PT\",\"@id\":\"https:\\\/\\\/algarve7.pt\\\/index.php\\\/2024\\\/02\\\/floresta-segura-2024\\\/atualidade\\\/11\\\/00\\\/#primaryimage\",\"url\":\"https:\\\/\\\/algarve7.pt\\\/wp-content\\\/uploads\\\/2021\\\/10\\\/verdeflorestabosque.jpg\",\"contentUrl\":\"https:\\\/\\\/algarve7.pt\\\/wp-content\\\/uploads\\\/2021\\\/10\\\/verdeflorestabosque.jpg\",\"width\":1023,\"height\":685},{\"@type\":\"BreadcrumbList\",\"@id\":\"https:\\\/\\\/algarve7.pt\\\/index.php\\\/2024\\\/02\\\/floresta-segura-2024\\\/atualidade\\\/11\\\/00\\\/#breadcrumb\",\"itemListElement\":[{\"@type\":\"ListItem\",\"position\":1,\"name\":\"In\u00edcio\",\"item\":\"https:\\\/\\\/algarve7.pt\\\/\"},{\"@type\":\"ListItem\",\"position\":2,\"name\":\"Floresta Segura 2024\"}]},{\"@type\":\"WebSite\",\"@id\":\"https:\\\/\\\/algarve7.pt\\\/#website\",\"url\":\"https:\\\/\\\/algarve7.pt\\\/\",\"name\":\"Algarve 7\",\"description\":\"Informa\u00e7\u00e3o sobre o Algarve\",\"publisher\":{\"@id\":\"https:\\\/\\\/algarve7.pt\\\/#organization\"},\"potentialAction\":[{\"@type\":\"SearchAction\",\"target\":{\"@type\":\"EntryPoint\",\"urlTemplate\":\"https:\\\/\\\/algarve7.pt\\\/?s={search_term_string}\"},\"query-input\":{\"@type\":\"PropertyValueSpecification\",\"valueRequired\":true,\"valueName\":\"search_term_string\"}}],\"inLanguage\":\"pt-PT\"},{\"@type\":\"Organization\",\"@id\":\"https:\\\/\\\/algarve7.pt\\\/#organization\",\"name\":\"Algarve 7\",\"url\":\"https:\\\/\\\/algarve7.pt\\\/\",\"logo\":{\"@type\":\"ImageObject\",\"inLanguage\":\"pt-PT\",\"@id\":\"https:\\\/\\\/algarve7.pt\\\/#\\\/schema\\\/logo\\\/image\\\/\",\"url\":\"https:\\\/\\\/algarve7.pt\\\/wp-content\\\/uploads\\\/2020\\\/10\\\/Logo-8.jpg\",\"contentUrl\":\"https:\\\/\\\/algarve7.pt\\\/wp-content\\\/uploads\\\/2020\\\/10\\\/Logo-8.jpg\",\"width\":1680,\"height\":1186,\"caption\":\"Algarve 7\"},\"image\":{\"@id\":\"https:\\\/\\\/algarve7.pt\\\/#\\\/schema\\\/logo\\\/image\\\/\"},\"sameAs\":[\"https:\\\/\\\/www.facebook.com\\\/algarve7\",\"https:\\\/\\\/x.com\\\/Algarvesete\",\"https:\\\/\\\/www.instagram.com\\\/jornalalgarve7\\\/\",\"https:\\\/\\\/www.linkedin.com\\\/company\\\/algarve7\",\"https:\\\/\\\/www.pinterest.pt\\\/geral0939\\\/_created\\\/\"]},{\"@type\":\"Person\",\"@id\":\"https:\\\/\\\/algarve7.pt\\\/#\\\/schema\\\/person\\\/23fa70681308e7b319a3204bcea45e0c\",\"name\":\"Algarve 7\",\"sameAs\":[\"https:\\\/\\\/algarve7.pt\",\"https:\\\/\\\/www.facebook.com\\\/algarve7\"],\"url\":\"https:\\\/\\\/algarve7.pt\\\/index.php\\\/author\\\/geralalgarve7-pt\\\/\"}]}<\/script>\n<!-- \/ Yoast SEO plugin. -->","yoast_head_json":{"title":"Floresta Segura 2024 - Algarve 7","description":"Floresta Segura 2024 Atualidade","robots":{"index":"index","follow":"follow","max-snippet":"max-snippet:-1","max-image-preview":"max-image-preview:large","max-video-preview":"max-video-preview:-1"},"canonical":"https:\/\/algarve7.pt\/index.php\/2024\/02\/floresta-segura-2024\/atualidade\/11\/00\/","og_locale":"pt_PT","og_type":"article","og_title":"Floresta Segura 2024 - Algarve 7","og_description":"Floresta Segura 2024 Atualidade","og_url":"https:\/\/algarve7.pt\/index.php\/2024\/02\/floresta-segura-2024\/atualidade\/11\/00\/","og_site_name":"Algarve 7","article_publisher":"https:\/\/www.facebook.com\/algarve7","article_author":"https:\/\/www.facebook.com\/algarve7","article_published_time":"2024-02-05T11:00:00+00:00","og_image":[{"width":1023,"height":685,"url":"https:\/\/algarve7.pt\/wp-content\/uploads\/2021\/10\/verdeflorestabosque.jpg","type":"image\/jpeg"}],"author":"Algarve 7","twitter_card":"summary_large_image","twitter_creator":"@Algarvesete","twitter_site":"@Algarvesete","twitter_misc":{"Escrito por":"Algarve 7","Tempo estimado de leitura":"5 minutos"},"schema":{"@context":"https:\/\/schema.org","@graph":[{"@type":"Article","@id":"https:\/\/algarve7.pt\/index.php\/2024\/02\/floresta-segura-2024\/atualidade\/11\/00\/#article","isPartOf":{"@id":"https:\/\/algarve7.pt\/index.php\/2024\/02\/floresta-segura-2024\/atualidade\/11\/00\/"},"author":{"name":"Algarve 7","@id":"https:\/\/algarve7.pt\/#\/schema\/person\/23fa70681308e7b319a3204bcea45e0c"},"headline":"Floresta Segura 2024","datePublished":"2024-02-05T11:00:00+00:00","mainEntityOfPage":{"@id":"https:\/\/algarve7.pt\/index.php\/2024\/02\/floresta-segura-2024\/atualidade\/11\/00\/"},"wordCount":836,"publisher":{"@id":"https:\/\/algarve7.pt\/#organization"},"image":{"@id":"https:\/\/algarve7.pt\/index.php\/2024\/02\/floresta-segura-2024\/atualidade\/11\/00\/#primaryimage"},"thumbnailUrl":"https:\/\/algarve7.pt\/wp-content\/uploads\/2021\/10\/verdeflorestabosque.jpg","keywords":["Atualidade","Nacional"],"articleSection":["Atualidade","Nacional"],"inLanguage":"pt-PT"},{"@type":"WebPage","@id":"https:\/\/algarve7.pt\/index.php\/2024\/02\/floresta-segura-2024\/atualidade\/11\/00\/","url":"https:\/\/algarve7.pt\/index.php\/2024\/02\/floresta-segura-2024\/atualidade\/11\/00\/","name":"Floresta Segura 2024 - Algarve 7","isPartOf":{"@id":"https:\/\/algarve7.pt\/#website"},"primaryImageOfPage":{"@id":"https:\/\/algarve7.pt\/index.php\/2024\/02\/floresta-segura-2024\/atualidade\/11\/00\/#primaryimage"},"image":{"@id":"https:\/\/algarve7.pt\/index.php\/2024\/02\/floresta-segura-2024\/atualidade\/11\/00\/#primaryimage"},"thumbnailUrl":"https:\/\/algarve7.pt\/wp-content\/uploads\/2021\/10\/verdeflorestabosque.jpg","datePublished":"2024-02-05T11:00:00+00:00","description":"Floresta Segura 2024 Atualidade","breadcrumb":{"@id":"https:\/\/algarve7.pt\/index.php\/2024\/02\/floresta-segura-2024\/atualidade\/11\/00\/#breadcrumb"},"inLanguage":"pt-PT","potentialAction":[{"@type":"ReadAction","target":["https:\/\/algarve7.pt\/index.php\/2024\/02\/floresta-segura-2024\/atualidade\/11\/00\/"]}]},{"@type":"ImageObject","inLanguage":"pt-PT","@id":"https:\/\/algarve7.pt\/index.php\/2024\/02\/floresta-segura-2024\/atualidade\/11\/00\/#primaryimage","url":"https:\/\/algarve7.pt\/wp-content\/uploads\/2021\/10\/verdeflorestabosque.jpg","contentUrl":"https:\/\/algarve7.pt\/wp-content\/uploads\/2021\/10\/verdeflorestabosque.jpg","width":1023,"height":685},{"@type":"BreadcrumbList","@id":"https:\/\/algarve7.pt\/index.php\/2024\/02\/floresta-segura-2024\/atualidade\/11\/00\/#breadcrumb","itemListElement":[{"@type":"ListItem","position":1,"name":"In\u00edcio","item":"https:\/\/algarve7.pt\/"},{"@type":"ListItem","position":2,"name":"Floresta Segura 2024"}]},{"@type":"WebSite","@id":"https:\/\/algarve7.pt\/#website","url":"https:\/\/algarve7.pt\/","name":"Algarve 7","description":"Informa\u00e7\u00e3o sobre o Algarve","publisher":{"@id":"https:\/\/algarve7.pt\/#organization"},"potentialAction":[{"@type":"SearchAction","target":{"@type":"EntryPoint","urlTemplate":"https:\/\/algarve7.pt\/?s={search_term_string}"},"query-input":{"@type":"PropertyValueSpecification","valueRequired":true,"valueName":"search_term_string"}}],"inLanguage":"pt-PT"},{"@type":"Organization","@id":"https:\/\/algarve7.pt\/#organization","name":"Algarve 7","url":"https:\/\/algarve7.pt\/","logo":{"@type":"ImageObject","inLanguage":"pt-PT","@id":"https:\/\/algarve7.pt\/#\/schema\/logo\/image\/","url":"https:\/\/algarve7.pt\/wp-content\/uploads\/2020\/10\/Logo-8.jpg","contentUrl":"https:\/\/algarve7.pt\/wp-content\/uploads\/2020\/10\/Logo-8.jpg","width":1680,"height":1186,"caption":"Algarve 7"},"image":{"@id":"https:\/\/algarve7.pt\/#\/schema\/logo\/image\/"},"sameAs":["https:\/\/www.facebook.com\/algarve7","https:\/\/x.com\/Algarvesete","https:\/\/www.instagram.com\/jornalalgarve7\/","https:\/\/www.linkedin.com\/company\/algarve7","https:\/\/www.pinterest.pt\/geral0939\/_created\/"]},{"@type":"Person","@id":"https:\/\/algarve7.pt\/#\/schema\/person\/23fa70681308e7b319a3204bcea45e0c","name":"Algarve 7","sameAs":["https:\/\/algarve7.pt","https:\/\/www.facebook.com\/algarve7"],"url":"https:\/\/algarve7.pt\/index.php\/author\/geralalgarve7-pt\/"}]}},"jetpack_publicize_connections":[],"jetpack_featured_media_url":"https:\/\/algarve7.pt\/wp-content\/uploads\/2021\/10\/verdeflorestabosque.jpg","jetpack_shortlink":"https:\/\/wp.me\/pcezmW-9aK","jetpack_sharing_enabled":true,"_links":{"self":[{"href":"https:\/\/algarve7.pt\/index.php\/wp-json\/wp\/v2\/posts\/35262","targetHints":{"allow":["GET"]}}],"collection":[{"href":"https:\/\/algarve7.pt\/index.php\/wp-json\/wp\/v2\/posts"}],"about":[{"href":"https:\/\/algarve7.pt\/index.php\/wp-json\/wp\/v2\/types\/post"}],"author":[{"embeddable":true,"href":"https:\/\/algarve7.pt\/index.php\/wp-json\/wp\/v2\/users\/1"}],"replies":[{"embeddable":true,"href":"https:\/\/algarve7.pt\/index.php\/wp-json\/wp\/v2\/comments?post=35262"}],"version-history":[{"count":0,"href":"https:\/\/algarve7.pt\/index.php\/wp-json\/wp\/v2\/posts\/35262\/revisions"}],"wp:featuredmedia":[{"embeddable":true,"href":"https:\/\/algarve7.pt\/index.php\/wp-json\/wp\/v2\/media\/12307"}],"wp:attachment":[{"href":"https:\/\/algarve7.pt\/index.php\/wp-json\/wp\/v2\/media?parent=35262"}],"wp:term":[{"taxonomy":"category","embeddable":true,"href":"https:\/\/algarve7.pt\/index.php\/wp-json\/wp\/v2\/categories?post=35262"},{"taxonomy":"post_tag","embeddable":true,"href":"https:\/\/algarve7.pt\/index.php\/wp-json\/wp\/v2\/tags?post=35262"}],"curies":[{"name":"wp","href":"https:\/\/api.w.org\/{rel}","templated":true}]}}