{"id":35253,"date":"2024-02-03T14:34:58","date_gmt":"2024-02-03T14:34:58","guid":{"rendered":"https:\/\/algarve7.pt\/?p=35253"},"modified":"2024-02-03T14:35:00","modified_gmt":"2024-02-03T14:35:00","slug":"oficina-de-arte-sequencial-banda-desenhada-e-manga-na-escola-de-artes-mestre-fernando-rodrigues-em-lagoa","status":"publish","type":"post","link":"https:\/\/algarve7.pt\/index.php\/2024\/02\/oficina-de-arte-sequencial-banda-desenhada-e-manga-na-escola-de-artes-mestre-fernando-rodrigues-em-lagoa\/cultura\/14\/34\/","title":{"rendered":"&#8220;Oficina de Arte Sequencial &#8211; Banda Desenhada e Mang\u00e1&#8221; na Escola de Artes Mestre Fernando Rodrigues em Lagoa"},"content":{"rendered":"\n<p>A Escola&nbsp;de Artes de Lagoa Mestre Fernando Rodrigues ir\u00e1 realizar mais uma forma\u00e7\u00e3o da \u201c<strong>Oficina de Arte Sequencial \u2013 Banda Desenhada e Mang\u00e1<\/strong>\u201d, semanalmente, \u00e0 ter\u00e7a-feira, entre fevereiro e julho de 2024, no hor\u00e1rio compreendido entre as 18h00 e as 20h00. Esta forma\u00e7\u00e3o destina-se \u00e0 popula\u00e7\u00e3o em geral a partir dos 13 anos.<\/p>\n\n\n\n<p>Para participar \u00e9 necess\u00e1ria inscri\u00e7\u00e3o pr\u00e9via (limitada \u00e0s vagas existentes) para o e-mail:\u00a0<a href=\"http:\/\/x-webdoc:\/\/9F5CC1FB-A33B-4978-9856-7657BF21DBAB\/escola.artes@cm-lagoa.pt\" target=\"_blank\" rel=\"noreferrer noopener\">escola.artes@cm-lagoa.pt<\/a><\/p>\n\n\n\n<p>Sinopse: A Escola de Artes Mestre Fernando Rodrigues, em Lagoa, (EAL) tem sido uma refer\u00eancia no concelho de Lagoa e, na regi\u00e3o, pelo trabalho que tem desenvolvido junto dos diferentes p\u00fablicos na \u00e1rea das Artes Pl\u00e1sticas e Decorativas.<\/p>\n\n\n\n<p>A EAL prop\u00f5e agora alargar a sua oferta de atividades pl\u00e1sticas dirigidas ao p\u00fablico juvenil e jovem adulto atrav\u00e9s da \u201c<strong>Oficina de Arte Sequencial \u2013 Banda Desenhada e Mang\u00e1<\/strong>\u201d (N\u00edvel iniciado).<\/p>\n\n\n\n<p>Nesta oficina ser\u00e1 poss\u00edvel trabalhar a literacia visual, o desenvolvimento de t\u00e9cnicas pl\u00e1sticas e a explora\u00e7\u00e3o de conte\u00fados t\u00e9cnicos e formais da arte sequencial. Percorrendo todas as fases do processo at\u00e9 \u00e0 cria\u00e7\u00e3o de um fanzine.<\/p>\n","protected":false},"excerpt":{"rendered":"<p>A Escola&nbsp;de Artes de Lagoa Mestre Fernando Rodrigues ir\u00e1 realizar mais uma forma\u00e7\u00e3o da \u201cOficina de Arte Sequencial \u2013 Banda<\/p>\n","protected":false},"author":1,"featured_media":35254,"comment_status":"closed","ping_status":"open","sticky":false,"template":"","format":"standard","meta":{"colormag_page_container_layout":"default_layout","colormag_page_sidebar_layout":"default_layout","_monsterinsights_skip_tracking":false,"_monsterinsights_sitenote_active":false,"_monsterinsights_sitenote_note":"","_monsterinsights_sitenote_category":0,"jetpack_post_was_ever_published":false,"_jetpack_newsletter_access":"","_jetpack_dont_email_post_to_subs":false,"_jetpack_newsletter_tier_id":0,"_jetpack_memberships_contains_paywalled_content":false,"_jetpack_memberships_contains_paid_content":false,"footnotes":"","jetpack_publicize_message":"","jetpack_publicize_feature_enabled":true,"jetpack_social_post_already_shared":true,"jetpack_social_options":{"image_generator_settings":{"template":"highway","default_image_id":0,"font":"","enabled":false},"version":2}},"categories":[14],"tags":[36,35,48],"class_list":["post-35253","post","type-post","status-publish","format-standard","has-post-thumbnail","hentry","category-cultura","tag-algarve","tag-cultura","tag-lagoa"],"yoast_head":"<!-- This site is optimized with the Yoast SEO plugin v27.5 - https:\/\/yoast.com\/product\/yoast-seo-wordpress\/ -->\n<title>&quot;Oficina de Arte Sequencial - Banda Desenhada e Mang\u00e1&quot; na Escola de Artes Mestre Fernando Rodrigues em Lagoa - Algarve 7<\/title>\n<meta name=\"description\" content=\"&quot;Oficina de Arte Sequencial - Banda Desenhada e Mang\u00e1&quot; na Escola de Artes Mestre Fernando Rodrigues em Lagoa Cultura\" \/>\n<meta name=\"robots\" content=\"index, follow, max-snippet:-1, max-image-preview:large, max-video-preview:-1\" \/>\n<link rel=\"canonical\" href=\"https:\/\/algarve7.pt\/index.php\/2024\/02\/oficina-de-arte-sequencial-banda-desenhada-e-manga-na-escola-de-artes-mestre-fernando-rodrigues-em-lagoa\/cultura\/14\/34\/\" \/>\n<meta property=\"og:locale\" content=\"pt_PT\" \/>\n<meta property=\"og:type\" content=\"article\" \/>\n<meta property=\"og:title\" content=\"&quot;Oficina de Arte Sequencial - Banda Desenhada e Mang\u00e1&quot; na Escola de Artes Mestre Fernando Rodrigues em Lagoa - Algarve 7\" \/>\n<meta property=\"og:description\" content=\"&quot;Oficina de Arte Sequencial - Banda Desenhada e Mang\u00e1&quot; na Escola de Artes Mestre Fernando Rodrigues em Lagoa Cultura\" \/>\n<meta property=\"og:url\" content=\"https:\/\/algarve7.pt\/index.php\/2024\/02\/oficina-de-arte-sequencial-banda-desenhada-e-manga-na-escola-de-artes-mestre-fernando-rodrigues-em-lagoa\/cultura\/14\/34\/\" \/>\n<meta property=\"og:site_name\" content=\"Algarve 7\" \/>\n<meta property=\"article:publisher\" content=\"https:\/\/www.facebook.com\/algarve7\" \/>\n<meta property=\"article:author\" content=\"https:\/\/www.facebook.com\/algarve7\" \/>\n<meta property=\"article:published_time\" content=\"2024-02-03T14:34:58+00:00\" \/>\n<meta property=\"article:modified_time\" content=\"2024-02-03T14:35:00+00:00\" \/>\n<meta property=\"og:image\" content=\"https:\/\/algarve7.pt\/wp-content\/uploads\/2024\/02\/Captura-de-ecra-2024-02-03-as-14.32.47.png\" \/>\n\t<meta property=\"og:image:width\" content=\"1024\" \/>\n\t<meta property=\"og:image:height\" content=\"790\" \/>\n\t<meta property=\"og:image:type\" content=\"image\/png\" \/>\n<meta name=\"author\" content=\"Algarve 7\" \/>\n<meta name=\"twitter:card\" content=\"summary_large_image\" \/>\n<meta name=\"twitter:creator\" content=\"@Algarvesete\" \/>\n<meta name=\"twitter:site\" content=\"@Algarvesete\" \/>\n<meta name=\"twitter:label1\" content=\"Escrito por\" \/>\n\t<meta name=\"twitter:data1\" content=\"Algarve 7\" \/>\n\t<meta name=\"twitter:label2\" content=\"Tempo estimado de leitura\" \/>\n\t<meta name=\"twitter:data2\" content=\"2 minutos\" \/>\n<script type=\"application\/ld+json\" class=\"yoast-schema-graph\">{\"@context\":\"https:\\\/\\\/schema.org\",\"@graph\":[{\"@type\":\"Article\",\"@id\":\"https:\\\/\\\/algarve7.pt\\\/index.php\\\/2024\\\/02\\\/oficina-de-arte-sequencial-banda-desenhada-e-manga-na-escola-de-artes-mestre-fernando-rodrigues-em-lagoa\\\/cultura\\\/14\\\/34\\\/#article\",\"isPartOf\":{\"@id\":\"https:\\\/\\\/algarve7.pt\\\/index.php\\\/2024\\\/02\\\/oficina-de-arte-sequencial-banda-desenhada-e-manga-na-escola-de-artes-mestre-fernando-rodrigues-em-lagoa\\\/cultura\\\/14\\\/34\\\/\"},\"author\":{\"name\":\"Algarve 7\",\"@id\":\"https:\\\/\\\/algarve7.pt\\\/#\\\/schema\\\/person\\\/23fa70681308e7b319a3204bcea45e0c\"},\"headline\":\"&#8220;Oficina de Arte Sequencial &#8211; Banda Desenhada e Mang\u00e1&#8221; na Escola de Artes Mestre Fernando Rodrigues em Lagoa\",\"datePublished\":\"2024-02-03T14:34:58+00:00\",\"dateModified\":\"2024-02-03T14:35:00+00:00\",\"mainEntityOfPage\":{\"@id\":\"https:\\\/\\\/algarve7.pt\\\/index.php\\\/2024\\\/02\\\/oficina-de-arte-sequencial-banda-desenhada-e-manga-na-escola-de-artes-mestre-fernando-rodrigues-em-lagoa\\\/cultura\\\/14\\\/34\\\/\"},\"wordCount\":211,\"publisher\":{\"@id\":\"https:\\\/\\\/algarve7.pt\\\/#organization\"},\"image\":{\"@id\":\"https:\\\/\\\/algarve7.pt\\\/index.php\\\/2024\\\/02\\\/oficina-de-arte-sequencial-banda-desenhada-e-manga-na-escola-de-artes-mestre-fernando-rodrigues-em-lagoa\\\/cultura\\\/14\\\/34\\\/#primaryimage\"},\"thumbnailUrl\":\"https:\\\/\\\/algarve7.pt\\\/wp-content\\\/uploads\\\/2024\\\/02\\\/Captura-de-ecra-2024-02-03-as-14.32.47.png\",\"keywords\":[\"Algarve\",\"Cultura\",\"Lagoa\"],\"articleSection\":[\"Cultura\"],\"inLanguage\":\"pt-PT\"},{\"@type\":\"WebPage\",\"@id\":\"https:\\\/\\\/algarve7.pt\\\/index.php\\\/2024\\\/02\\\/oficina-de-arte-sequencial-banda-desenhada-e-manga-na-escola-de-artes-mestre-fernando-rodrigues-em-lagoa\\\/cultura\\\/14\\\/34\\\/\",\"url\":\"https:\\\/\\\/algarve7.pt\\\/index.php\\\/2024\\\/02\\\/oficina-de-arte-sequencial-banda-desenhada-e-manga-na-escola-de-artes-mestre-fernando-rodrigues-em-lagoa\\\/cultura\\\/14\\\/34\\\/\",\"name\":\"\\\"Oficina de Arte Sequencial - Banda Desenhada e Mang\u00e1\\\" na Escola de Artes Mestre Fernando Rodrigues em Lagoa - Algarve 7\",\"isPartOf\":{\"@id\":\"https:\\\/\\\/algarve7.pt\\\/#website\"},\"primaryImageOfPage\":{\"@id\":\"https:\\\/\\\/algarve7.pt\\\/index.php\\\/2024\\\/02\\\/oficina-de-arte-sequencial-banda-desenhada-e-manga-na-escola-de-artes-mestre-fernando-rodrigues-em-lagoa\\\/cultura\\\/14\\\/34\\\/#primaryimage\"},\"image\":{\"@id\":\"https:\\\/\\\/algarve7.pt\\\/index.php\\\/2024\\\/02\\\/oficina-de-arte-sequencial-banda-desenhada-e-manga-na-escola-de-artes-mestre-fernando-rodrigues-em-lagoa\\\/cultura\\\/14\\\/34\\\/#primaryimage\"},\"thumbnailUrl\":\"https:\\\/\\\/algarve7.pt\\\/wp-content\\\/uploads\\\/2024\\\/02\\\/Captura-de-ecra-2024-02-03-as-14.32.47.png\",\"datePublished\":\"2024-02-03T14:34:58+00:00\",\"dateModified\":\"2024-02-03T14:35:00+00:00\",\"description\":\"\\\"Oficina de Arte Sequencial - Banda Desenhada e Mang\u00e1\\\" na Escola de Artes Mestre Fernando Rodrigues em Lagoa Cultura\",\"breadcrumb\":{\"@id\":\"https:\\\/\\\/algarve7.pt\\\/index.php\\\/2024\\\/02\\\/oficina-de-arte-sequencial-banda-desenhada-e-manga-na-escola-de-artes-mestre-fernando-rodrigues-em-lagoa\\\/cultura\\\/14\\\/34\\\/#breadcrumb\"},\"inLanguage\":\"pt-PT\",\"potentialAction\":[{\"@type\":\"ReadAction\",\"target\":[\"https:\\\/\\\/algarve7.pt\\\/index.php\\\/2024\\\/02\\\/oficina-de-arte-sequencial-banda-desenhada-e-manga-na-escola-de-artes-mestre-fernando-rodrigues-em-lagoa\\\/cultura\\\/14\\\/34\\\/\"]}]},{\"@type\":\"ImageObject\",\"inLanguage\":\"pt-PT\",\"@id\":\"https:\\\/\\\/algarve7.pt\\\/index.php\\\/2024\\\/02\\\/oficina-de-arte-sequencial-banda-desenhada-e-manga-na-escola-de-artes-mestre-fernando-rodrigues-em-lagoa\\\/cultura\\\/14\\\/34\\\/#primaryimage\",\"url\":\"https:\\\/\\\/algarve7.pt\\\/wp-content\\\/uploads\\\/2024\\\/02\\\/Captura-de-ecra-2024-02-03-as-14.32.47.png\",\"contentUrl\":\"https:\\\/\\\/algarve7.pt\\\/wp-content\\\/uploads\\\/2024\\\/02\\\/Captura-de-ecra-2024-02-03-as-14.32.47.png\",\"width\":1024,\"height\":790},{\"@type\":\"BreadcrumbList\",\"@id\":\"https:\\\/\\\/algarve7.pt\\\/index.php\\\/2024\\\/02\\\/oficina-de-arte-sequencial-banda-desenhada-e-manga-na-escola-de-artes-mestre-fernando-rodrigues-em-lagoa\\\/cultura\\\/14\\\/34\\\/#breadcrumb\",\"itemListElement\":[{\"@type\":\"ListItem\",\"position\":1,\"name\":\"In\u00edcio\",\"item\":\"https:\\\/\\\/algarve7.pt\\\/\"},{\"@type\":\"ListItem\",\"position\":2,\"name\":\"&#8220;Oficina de Arte Sequencial &#8211; Banda Desenhada e Mang\u00e1&#8221; na Escola de Artes Mestre Fernando Rodrigues em Lagoa\"}]},{\"@type\":\"WebSite\",\"@id\":\"https:\\\/\\\/algarve7.pt\\\/#website\",\"url\":\"https:\\\/\\\/algarve7.pt\\\/\",\"name\":\"Algarve 7\",\"description\":\"Informa\u00e7\u00e3o sobre o Algarve\",\"publisher\":{\"@id\":\"https:\\\/\\\/algarve7.pt\\\/#organization\"},\"potentialAction\":[{\"@type\":\"SearchAction\",\"target\":{\"@type\":\"EntryPoint\",\"urlTemplate\":\"https:\\\/\\\/algarve7.pt\\\/?s={search_term_string}\"},\"query-input\":{\"@type\":\"PropertyValueSpecification\",\"valueRequired\":true,\"valueName\":\"search_term_string\"}}],\"inLanguage\":\"pt-PT\"},{\"@type\":\"Organization\",\"@id\":\"https:\\\/\\\/algarve7.pt\\\/#organization\",\"name\":\"Algarve 7\",\"url\":\"https:\\\/\\\/algarve7.pt\\\/\",\"logo\":{\"@type\":\"ImageObject\",\"inLanguage\":\"pt-PT\",\"@id\":\"https:\\\/\\\/algarve7.pt\\\/#\\\/schema\\\/logo\\\/image\\\/\",\"url\":\"https:\\\/\\\/algarve7.pt\\\/wp-content\\\/uploads\\\/2020\\\/10\\\/Logo-8.jpg\",\"contentUrl\":\"https:\\\/\\\/algarve7.pt\\\/wp-content\\\/uploads\\\/2020\\\/10\\\/Logo-8.jpg\",\"width\":1680,\"height\":1186,\"caption\":\"Algarve 7\"},\"image\":{\"@id\":\"https:\\\/\\\/algarve7.pt\\\/#\\\/schema\\\/logo\\\/image\\\/\"},\"sameAs\":[\"https:\\\/\\\/www.facebook.com\\\/algarve7\",\"https:\\\/\\\/x.com\\\/Algarvesete\",\"https:\\\/\\\/www.instagram.com\\\/jornalalgarve7\\\/\",\"https:\\\/\\\/www.linkedin.com\\\/company\\\/algarve7\",\"https:\\\/\\\/www.pinterest.pt\\\/geral0939\\\/_created\\\/\"]},{\"@type\":\"Person\",\"@id\":\"https:\\\/\\\/algarve7.pt\\\/#\\\/schema\\\/person\\\/23fa70681308e7b319a3204bcea45e0c\",\"name\":\"Algarve 7\",\"sameAs\":[\"https:\\\/\\\/algarve7.pt\",\"https:\\\/\\\/www.facebook.com\\\/algarve7\"],\"url\":\"https:\\\/\\\/algarve7.pt\\\/index.php\\\/author\\\/geralalgarve7-pt\\\/\"}]}<\/script>\n<!-- \/ Yoast SEO plugin. -->","yoast_head_json":{"title":"\"Oficina de Arte Sequencial - Banda Desenhada e Mang\u00e1\" na Escola de Artes Mestre Fernando Rodrigues em Lagoa - Algarve 7","description":"\"Oficina de Arte Sequencial - Banda Desenhada e Mang\u00e1\" na Escola de Artes Mestre Fernando Rodrigues em Lagoa Cultura","robots":{"index":"index","follow":"follow","max-snippet":"max-snippet:-1","max-image-preview":"max-image-preview:large","max-video-preview":"max-video-preview:-1"},"canonical":"https:\/\/algarve7.pt\/index.php\/2024\/02\/oficina-de-arte-sequencial-banda-desenhada-e-manga-na-escola-de-artes-mestre-fernando-rodrigues-em-lagoa\/cultura\/14\/34\/","og_locale":"pt_PT","og_type":"article","og_title":"\"Oficina de Arte Sequencial - Banda Desenhada e Mang\u00e1\" na Escola de Artes Mestre Fernando Rodrigues em Lagoa - Algarve 7","og_description":"\"Oficina de Arte Sequencial - Banda Desenhada e Mang\u00e1\" na Escola de Artes Mestre Fernando Rodrigues em Lagoa Cultura","og_url":"https:\/\/algarve7.pt\/index.php\/2024\/02\/oficina-de-arte-sequencial-banda-desenhada-e-manga-na-escola-de-artes-mestre-fernando-rodrigues-em-lagoa\/cultura\/14\/34\/","og_site_name":"Algarve 7","article_publisher":"https:\/\/www.facebook.com\/algarve7","article_author":"https:\/\/www.facebook.com\/algarve7","article_published_time":"2024-02-03T14:34:58+00:00","article_modified_time":"2024-02-03T14:35:00+00:00","og_image":[{"width":1024,"height":790,"url":"https:\/\/algarve7.pt\/wp-content\/uploads\/2024\/02\/Captura-de-ecra-2024-02-03-as-14.32.47.png","type":"image\/png"}],"author":"Algarve 7","twitter_card":"summary_large_image","twitter_creator":"@Algarvesete","twitter_site":"@Algarvesete","twitter_misc":{"Escrito por":"Algarve 7","Tempo estimado de leitura":"2 minutos"},"schema":{"@context":"https:\/\/schema.org","@graph":[{"@type":"Article","@id":"https:\/\/algarve7.pt\/index.php\/2024\/02\/oficina-de-arte-sequencial-banda-desenhada-e-manga-na-escola-de-artes-mestre-fernando-rodrigues-em-lagoa\/cultura\/14\/34\/#article","isPartOf":{"@id":"https:\/\/algarve7.pt\/index.php\/2024\/02\/oficina-de-arte-sequencial-banda-desenhada-e-manga-na-escola-de-artes-mestre-fernando-rodrigues-em-lagoa\/cultura\/14\/34\/"},"author":{"name":"Algarve 7","@id":"https:\/\/algarve7.pt\/#\/schema\/person\/23fa70681308e7b319a3204bcea45e0c"},"headline":"&#8220;Oficina de Arte Sequencial &#8211; Banda Desenhada e Mang\u00e1&#8221; na Escola de Artes Mestre Fernando Rodrigues em Lagoa","datePublished":"2024-02-03T14:34:58+00:00","dateModified":"2024-02-03T14:35:00+00:00","mainEntityOfPage":{"@id":"https:\/\/algarve7.pt\/index.php\/2024\/02\/oficina-de-arte-sequencial-banda-desenhada-e-manga-na-escola-de-artes-mestre-fernando-rodrigues-em-lagoa\/cultura\/14\/34\/"},"wordCount":211,"publisher":{"@id":"https:\/\/algarve7.pt\/#organization"},"image":{"@id":"https:\/\/algarve7.pt\/index.php\/2024\/02\/oficina-de-arte-sequencial-banda-desenhada-e-manga-na-escola-de-artes-mestre-fernando-rodrigues-em-lagoa\/cultura\/14\/34\/#primaryimage"},"thumbnailUrl":"https:\/\/algarve7.pt\/wp-content\/uploads\/2024\/02\/Captura-de-ecra-2024-02-03-as-14.32.47.png","keywords":["Algarve","Cultura","Lagoa"],"articleSection":["Cultura"],"inLanguage":"pt-PT"},{"@type":"WebPage","@id":"https:\/\/algarve7.pt\/index.php\/2024\/02\/oficina-de-arte-sequencial-banda-desenhada-e-manga-na-escola-de-artes-mestre-fernando-rodrigues-em-lagoa\/cultura\/14\/34\/","url":"https:\/\/algarve7.pt\/index.php\/2024\/02\/oficina-de-arte-sequencial-banda-desenhada-e-manga-na-escola-de-artes-mestre-fernando-rodrigues-em-lagoa\/cultura\/14\/34\/","name":"\"Oficina de Arte Sequencial - Banda Desenhada e Mang\u00e1\" na Escola de Artes Mestre Fernando Rodrigues em Lagoa - Algarve 7","isPartOf":{"@id":"https:\/\/algarve7.pt\/#website"},"primaryImageOfPage":{"@id":"https:\/\/algarve7.pt\/index.php\/2024\/02\/oficina-de-arte-sequencial-banda-desenhada-e-manga-na-escola-de-artes-mestre-fernando-rodrigues-em-lagoa\/cultura\/14\/34\/#primaryimage"},"image":{"@id":"https:\/\/algarve7.pt\/index.php\/2024\/02\/oficina-de-arte-sequencial-banda-desenhada-e-manga-na-escola-de-artes-mestre-fernando-rodrigues-em-lagoa\/cultura\/14\/34\/#primaryimage"},"thumbnailUrl":"https:\/\/algarve7.pt\/wp-content\/uploads\/2024\/02\/Captura-de-ecra-2024-02-03-as-14.32.47.png","datePublished":"2024-02-03T14:34:58+00:00","dateModified":"2024-02-03T14:35:00+00:00","description":"\"Oficina de Arte Sequencial - Banda Desenhada e Mang\u00e1\" na Escola de Artes Mestre Fernando Rodrigues em Lagoa Cultura","breadcrumb":{"@id":"https:\/\/algarve7.pt\/index.php\/2024\/02\/oficina-de-arte-sequencial-banda-desenhada-e-manga-na-escola-de-artes-mestre-fernando-rodrigues-em-lagoa\/cultura\/14\/34\/#breadcrumb"},"inLanguage":"pt-PT","potentialAction":[{"@type":"ReadAction","target":["https:\/\/algarve7.pt\/index.php\/2024\/02\/oficina-de-arte-sequencial-banda-desenhada-e-manga-na-escola-de-artes-mestre-fernando-rodrigues-em-lagoa\/cultura\/14\/34\/"]}]},{"@type":"ImageObject","inLanguage":"pt-PT","@id":"https:\/\/algarve7.pt\/index.php\/2024\/02\/oficina-de-arte-sequencial-banda-desenhada-e-manga-na-escola-de-artes-mestre-fernando-rodrigues-em-lagoa\/cultura\/14\/34\/#primaryimage","url":"https:\/\/algarve7.pt\/wp-content\/uploads\/2024\/02\/Captura-de-ecra-2024-02-03-as-14.32.47.png","contentUrl":"https:\/\/algarve7.pt\/wp-content\/uploads\/2024\/02\/Captura-de-ecra-2024-02-03-as-14.32.47.png","width":1024,"height":790},{"@type":"BreadcrumbList","@id":"https:\/\/algarve7.pt\/index.php\/2024\/02\/oficina-de-arte-sequencial-banda-desenhada-e-manga-na-escola-de-artes-mestre-fernando-rodrigues-em-lagoa\/cultura\/14\/34\/#breadcrumb","itemListElement":[{"@type":"ListItem","position":1,"name":"In\u00edcio","item":"https:\/\/algarve7.pt\/"},{"@type":"ListItem","position":2,"name":"&#8220;Oficina de Arte Sequencial &#8211; Banda Desenhada e Mang\u00e1&#8221; na Escola de Artes Mestre Fernando Rodrigues em Lagoa"}]},{"@type":"WebSite","@id":"https:\/\/algarve7.pt\/#website","url":"https:\/\/algarve7.pt\/","name":"Algarve 7","description":"Informa\u00e7\u00e3o sobre o Algarve","publisher":{"@id":"https:\/\/algarve7.pt\/#organization"},"potentialAction":[{"@type":"SearchAction","target":{"@type":"EntryPoint","urlTemplate":"https:\/\/algarve7.pt\/?s={search_term_string}"},"query-input":{"@type":"PropertyValueSpecification","valueRequired":true,"valueName":"search_term_string"}}],"inLanguage":"pt-PT"},{"@type":"Organization","@id":"https:\/\/algarve7.pt\/#organization","name":"Algarve 7","url":"https:\/\/algarve7.pt\/","logo":{"@type":"ImageObject","inLanguage":"pt-PT","@id":"https:\/\/algarve7.pt\/#\/schema\/logo\/image\/","url":"https:\/\/algarve7.pt\/wp-content\/uploads\/2020\/10\/Logo-8.jpg","contentUrl":"https:\/\/algarve7.pt\/wp-content\/uploads\/2020\/10\/Logo-8.jpg","width":1680,"height":1186,"caption":"Algarve 7"},"image":{"@id":"https:\/\/algarve7.pt\/#\/schema\/logo\/image\/"},"sameAs":["https:\/\/www.facebook.com\/algarve7","https:\/\/x.com\/Algarvesete","https:\/\/www.instagram.com\/jornalalgarve7\/","https:\/\/www.linkedin.com\/company\/algarve7","https:\/\/www.pinterest.pt\/geral0939\/_created\/"]},{"@type":"Person","@id":"https:\/\/algarve7.pt\/#\/schema\/person\/23fa70681308e7b319a3204bcea45e0c","name":"Algarve 7","sameAs":["https:\/\/algarve7.pt","https:\/\/www.facebook.com\/algarve7"],"url":"https:\/\/algarve7.pt\/index.php\/author\/geralalgarve7-pt\/"}]}},"jetpack_publicize_connections":[],"jetpack_featured_media_url":"https:\/\/algarve7.pt\/wp-content\/uploads\/2024\/02\/Captura-de-ecra-2024-02-03-as-14.32.47.png","jetpack_shortlink":"https:\/\/wp.me\/pcezmW-9aB","jetpack_sharing_enabled":true,"_links":{"self":[{"href":"https:\/\/algarve7.pt\/index.php\/wp-json\/wp\/v2\/posts\/35253","targetHints":{"allow":["GET"]}}],"collection":[{"href":"https:\/\/algarve7.pt\/index.php\/wp-json\/wp\/v2\/posts"}],"about":[{"href":"https:\/\/algarve7.pt\/index.php\/wp-json\/wp\/v2\/types\/post"}],"author":[{"embeddable":true,"href":"https:\/\/algarve7.pt\/index.php\/wp-json\/wp\/v2\/users\/1"}],"replies":[{"embeddable":true,"href":"https:\/\/algarve7.pt\/index.php\/wp-json\/wp\/v2\/comments?post=35253"}],"version-history":[{"count":0,"href":"https:\/\/algarve7.pt\/index.php\/wp-json\/wp\/v2\/posts\/35253\/revisions"}],"wp:featuredmedia":[{"embeddable":true,"href":"https:\/\/algarve7.pt\/index.php\/wp-json\/wp\/v2\/media\/35254"}],"wp:attachment":[{"href":"https:\/\/algarve7.pt\/index.php\/wp-json\/wp\/v2\/media?parent=35253"}],"wp:term":[{"taxonomy":"category","embeddable":true,"href":"https:\/\/algarve7.pt\/index.php\/wp-json\/wp\/v2\/categories?post=35253"},{"taxonomy":"post_tag","embeddable":true,"href":"https:\/\/algarve7.pt\/index.php\/wp-json\/wp\/v2\/tags?post=35253"}],"curies":[{"name":"wp","href":"https:\/\/api.w.org\/{rel}","templated":true}]}}