{"id":35241,"date":"2024-02-04T09:30:00","date_gmt":"2024-02-04T09:30:00","guid":{"rendered":"https:\/\/algarve7.pt\/?p=35241"},"modified":"2024-02-03T09:32:18","modified_gmt":"2024-02-03T09:32:18","slug":"domingao-da-sic-e-um-dos-destaques-do-carnaval-trapalhao-de-ferreiras","status":"publish","type":"post","link":"https:\/\/algarve7.pt\/index.php\/2024\/02\/domingao-da-sic-e-um-dos-destaques-do-carnaval-trapalhao-de-ferreiras\/cultura\/09\/30\/","title":{"rendered":"Doming\u00e3o da SIC \u00e9 um dos destaques do Carnaval Trapalh\u00e3o de Ferreiras"},"content":{"rendered":"\n<p>Nos pr\u00f3ximos dias 11 e 13 de fevereiro, a freguesia de Ferreiras volta a encher-se de anima\u00e7\u00e3o e folia, com o tradicional Carnaval Trapalh\u00e3o. Os desfiles decorrem entre as 14h e as 17h, na Avenida 12 de Julho, e contam com muitas novidades.<\/p>\n\n\n\n<p>Um dos destaques acontece na tarde de dia 11, com a presen\u00e7a do \u201cDoming\u00e3o\u201d, da SIC, que vai estar em direto.&nbsp; O programa televisivo decorre num palco itinerante colocado num cami\u00e3o, que ir\u00e1 acompanhar todo o desfile. Como habitual, o programa conta com a presen\u00e7a dos apresentadores Luciana Abreu e Emanuel, que participam no corso carnavalesco com v\u00e1rios diretos para aquela esta\u00e7\u00e3o de televis\u00e3o. Depois do hor\u00e1rio do desfile, o cami\u00e3o percorre as principais ruas da freguesia.<\/p>\n\n\n\n<p>Em ambas as tardes, al\u00e9m de v\u00e1rios carros aleg\u00f3ricos e grupos a p\u00e9, o evento inclui ainda a anima\u00e7\u00e3o itinerante do Circo Dallas, a atua\u00e7\u00e3o da Ban\u2019Dalila, atletas do Futebol Clube de Ferreiras, do Atl\u00e9tico Clube de Albufeira e do CBTTAA &#8211; Clube de BTT Amigos de Albufeira.&nbsp;<\/p>\n\n\n\n<p>No dia 11, destaque ainda para os artistas da Associa\u00e7\u00e3o Satori. No dia 13, \u00e9 a vez dos Al\u2019fanfarre se juntarem \u00e0 festa.<\/p>\n\n\n\n<p>Outra das novidades passa pela atribui\u00e7\u00e3o de pr\u00e9mios para os melhores carros aleg\u00f3ricos, uma forma de promover ainda mais a criatividade e a participa\u00e7\u00e3o dos foli\u00f5es.&nbsp;<\/p>\n\n\n\n<p>Ao longo do desfile, al\u00e9m do com\u00e9rcio local que estar\u00e1 de portas abertas, h\u00e1 quiosques com comes e bebes. Em alguns carros aleg\u00f3ricos, preparam-se ofertas entre doces, bifanas, \u00e1guas e outras bebidas.&nbsp;<\/p>\n\n\n\n<p>Segundo o presidente da Junta de Freguesia de Ferreiras, Jorge Carmo, &#8220;esta aposta pretende promover Ferreiras como uma freguesia ativa, onde queremos que a popula\u00e7\u00e3o que aqui reside possa viver e criar as suas ra\u00edzes \u00e0 volta das tradi\u00e7\u00f5es locais, mas tamb\u00e9m onde quem nos visita possa sentir-se bem-vindo&#8221;. O autarca deixa o convite &#8220;a todos e a todas que se queiram divertir, que se juntem a n\u00f3s, pois queremos que estas tardes sejam animadas e que criem boas recorda\u00e7\u00f5es a quem estiver connosco&#8221;.<\/p>\n\n\n\n<p>Para a organiza\u00e7\u00e3o do evento, de entrada livre, a Junta de Freguesia de Ferreiras conta com o apoio da C\u00e2mara Municipal de Albufeira e do com\u00e9rcio local da freguesia.&nbsp;<\/p>\n","protected":false},"excerpt":{"rendered":"<p>Nos pr\u00f3ximos dias 11 e 13 de fevereiro, a freguesia de Ferreiras volta a encher-se de anima\u00e7\u00e3o e folia, com<\/p>\n","protected":false},"author":1,"featured_media":35242,"comment_status":"closed","ping_status":"open","sticky":false,"template":"","format":"standard","meta":{"colormag_page_container_layout":"default_layout","colormag_page_sidebar_layout":"default_layout","_monsterinsights_skip_tracking":false,"_monsterinsights_sitenote_active":false,"_monsterinsights_sitenote_note":"","_monsterinsights_sitenote_category":0,"jetpack_post_was_ever_published":false,"_jetpack_newsletter_access":"","_jetpack_dont_email_post_to_subs":false,"_jetpack_newsletter_tier_id":0,"_jetpack_memberships_contains_paywalled_content":false,"_jetpack_memberships_contains_paid_content":false,"footnotes":"","jetpack_publicize_message":"","jetpack_publicize_feature_enabled":true,"jetpack_social_post_already_shared":true,"jetpack_social_options":{"image_generator_settings":{"template":"highway","default_image_id":0,"font":"","enabled":false},"version":2}},"categories":[14],"tags":[155,36,35,1022],"class_list":["post-35241","post","type-post","status-publish","format-standard","has-post-thumbnail","hentry","category-cultura","tag-albufeira","tag-algarve","tag-cultura","tag-ferreiras"],"yoast_head":"<!-- This site is optimized with the Yoast SEO plugin v27.5 - https:\/\/yoast.com\/product\/yoast-seo-wordpress\/ -->\n<title>Doming\u00e3o da SIC \u00e9 um dos destaques do Carnaval Trapalh\u00e3o de Ferreiras - Algarve 7<\/title>\n<meta name=\"description\" content=\"Doming\u00e3o da SIC \u00e9 um dos destaques do Carnaval Trapalh\u00e3o de Ferreiras Cultura\" \/>\n<meta name=\"robots\" content=\"index, follow, max-snippet:-1, max-image-preview:large, max-video-preview:-1\" \/>\n<link rel=\"canonical\" href=\"https:\/\/algarve7.pt\/index.php\/2024\/02\/domingao-da-sic-e-um-dos-destaques-do-carnaval-trapalhao-de-ferreiras\/cultura\/09\/30\/\" \/>\n<meta property=\"og:locale\" content=\"pt_PT\" \/>\n<meta property=\"og:type\" content=\"article\" \/>\n<meta property=\"og:title\" content=\"Doming\u00e3o da SIC \u00e9 um dos destaques do Carnaval Trapalh\u00e3o de Ferreiras - Algarve 7\" \/>\n<meta property=\"og:description\" content=\"Doming\u00e3o da SIC \u00e9 um dos destaques do Carnaval Trapalh\u00e3o de Ferreiras Cultura\" \/>\n<meta property=\"og:url\" content=\"https:\/\/algarve7.pt\/index.php\/2024\/02\/domingao-da-sic-e-um-dos-destaques-do-carnaval-trapalhao-de-ferreiras\/cultura\/09\/30\/\" \/>\n<meta property=\"og:site_name\" content=\"Algarve 7\" \/>\n<meta property=\"article:publisher\" content=\"https:\/\/www.facebook.com\/algarve7\" \/>\n<meta property=\"article:author\" content=\"https:\/\/www.facebook.com\/algarve7\" \/>\n<meta property=\"article:published_time\" content=\"2024-02-04T09:30:00+00:00\" \/>\n<meta property=\"og:image\" content=\"https:\/\/algarve7.pt\/wp-content\/uploads\/2024\/02\/ferreiras-carnaval-001.jpg\" \/>\n\t<meta property=\"og:image:width\" content=\"1000\" \/>\n\t<meta property=\"og:image:height\" content=\"667\" \/>\n\t<meta property=\"og:image:type\" content=\"image\/jpeg\" \/>\n<meta name=\"author\" content=\"Algarve 7\" \/>\n<meta name=\"twitter:card\" content=\"summary_large_image\" \/>\n<meta name=\"twitter:creator\" content=\"@Algarvesete\" \/>\n<meta name=\"twitter:site\" content=\"@Algarvesete\" \/>\n<meta name=\"twitter:label1\" content=\"Escrito por\" \/>\n\t<meta name=\"twitter:data1\" content=\"Algarve 7\" \/>\n\t<meta name=\"twitter:label2\" content=\"Tempo estimado de leitura\" \/>\n\t<meta name=\"twitter:data2\" content=\"3 minutos\" \/>\n<script type=\"application\/ld+json\" class=\"yoast-schema-graph\">{\"@context\":\"https:\\\/\\\/schema.org\",\"@graph\":[{\"@type\":\"Article\",\"@id\":\"https:\\\/\\\/algarve7.pt\\\/index.php\\\/2024\\\/02\\\/domingao-da-sic-e-um-dos-destaques-do-carnaval-trapalhao-de-ferreiras\\\/cultura\\\/09\\\/30\\\/#article\",\"isPartOf\":{\"@id\":\"https:\\\/\\\/algarve7.pt\\\/index.php\\\/2024\\\/02\\\/domingao-da-sic-e-um-dos-destaques-do-carnaval-trapalhao-de-ferreiras\\\/cultura\\\/09\\\/30\\\/\"},\"author\":{\"name\":\"Algarve 7\",\"@id\":\"https:\\\/\\\/algarve7.pt\\\/#\\\/schema\\\/person\\\/23fa70681308e7b319a3204bcea45e0c\"},\"headline\":\"Doming\u00e3o da SIC \u00e9 um dos destaques do Carnaval Trapalh\u00e3o de Ferreiras\",\"datePublished\":\"2024-02-04T09:30:00+00:00\",\"mainEntityOfPage\":{\"@id\":\"https:\\\/\\\/algarve7.pt\\\/index.php\\\/2024\\\/02\\\/domingao-da-sic-e-um-dos-destaques-do-carnaval-trapalhao-de-ferreiras\\\/cultura\\\/09\\\/30\\\/\"},\"wordCount\":409,\"publisher\":{\"@id\":\"https:\\\/\\\/algarve7.pt\\\/#organization\"},\"image\":{\"@id\":\"https:\\\/\\\/algarve7.pt\\\/index.php\\\/2024\\\/02\\\/domingao-da-sic-e-um-dos-destaques-do-carnaval-trapalhao-de-ferreiras\\\/cultura\\\/09\\\/30\\\/#primaryimage\"},\"thumbnailUrl\":\"https:\\\/\\\/algarve7.pt\\\/wp-content\\\/uploads\\\/2024\\\/02\\\/ferreiras-carnaval-001.jpg\",\"keywords\":[\"Albufeira\",\"Algarve\",\"Cultura\",\"Ferreiras\"],\"articleSection\":[\"Cultura\"],\"inLanguage\":\"pt-PT\"},{\"@type\":\"WebPage\",\"@id\":\"https:\\\/\\\/algarve7.pt\\\/index.php\\\/2024\\\/02\\\/domingao-da-sic-e-um-dos-destaques-do-carnaval-trapalhao-de-ferreiras\\\/cultura\\\/09\\\/30\\\/\",\"url\":\"https:\\\/\\\/algarve7.pt\\\/index.php\\\/2024\\\/02\\\/domingao-da-sic-e-um-dos-destaques-do-carnaval-trapalhao-de-ferreiras\\\/cultura\\\/09\\\/30\\\/\",\"name\":\"Doming\u00e3o da SIC \u00e9 um dos destaques do Carnaval Trapalh\u00e3o de Ferreiras - Algarve 7\",\"isPartOf\":{\"@id\":\"https:\\\/\\\/algarve7.pt\\\/#website\"},\"primaryImageOfPage\":{\"@id\":\"https:\\\/\\\/algarve7.pt\\\/index.php\\\/2024\\\/02\\\/domingao-da-sic-e-um-dos-destaques-do-carnaval-trapalhao-de-ferreiras\\\/cultura\\\/09\\\/30\\\/#primaryimage\"},\"image\":{\"@id\":\"https:\\\/\\\/algarve7.pt\\\/index.php\\\/2024\\\/02\\\/domingao-da-sic-e-um-dos-destaques-do-carnaval-trapalhao-de-ferreiras\\\/cultura\\\/09\\\/30\\\/#primaryimage\"},\"thumbnailUrl\":\"https:\\\/\\\/algarve7.pt\\\/wp-content\\\/uploads\\\/2024\\\/02\\\/ferreiras-carnaval-001.jpg\",\"datePublished\":\"2024-02-04T09:30:00+00:00\",\"description\":\"Doming\u00e3o da SIC \u00e9 um dos destaques do Carnaval Trapalh\u00e3o de Ferreiras Cultura\",\"breadcrumb\":{\"@id\":\"https:\\\/\\\/algarve7.pt\\\/index.php\\\/2024\\\/02\\\/domingao-da-sic-e-um-dos-destaques-do-carnaval-trapalhao-de-ferreiras\\\/cultura\\\/09\\\/30\\\/#breadcrumb\"},\"inLanguage\":\"pt-PT\",\"potentialAction\":[{\"@type\":\"ReadAction\",\"target\":[\"https:\\\/\\\/algarve7.pt\\\/index.php\\\/2024\\\/02\\\/domingao-da-sic-e-um-dos-destaques-do-carnaval-trapalhao-de-ferreiras\\\/cultura\\\/09\\\/30\\\/\"]}]},{\"@type\":\"ImageObject\",\"inLanguage\":\"pt-PT\",\"@id\":\"https:\\\/\\\/algarve7.pt\\\/index.php\\\/2024\\\/02\\\/domingao-da-sic-e-um-dos-destaques-do-carnaval-trapalhao-de-ferreiras\\\/cultura\\\/09\\\/30\\\/#primaryimage\",\"url\":\"https:\\\/\\\/algarve7.pt\\\/wp-content\\\/uploads\\\/2024\\\/02\\\/ferreiras-carnaval-001.jpg\",\"contentUrl\":\"https:\\\/\\\/algarve7.pt\\\/wp-content\\\/uploads\\\/2024\\\/02\\\/ferreiras-carnaval-001.jpg\",\"width\":1000,\"height\":667},{\"@type\":\"BreadcrumbList\",\"@id\":\"https:\\\/\\\/algarve7.pt\\\/index.php\\\/2024\\\/02\\\/domingao-da-sic-e-um-dos-destaques-do-carnaval-trapalhao-de-ferreiras\\\/cultura\\\/09\\\/30\\\/#breadcrumb\",\"itemListElement\":[{\"@type\":\"ListItem\",\"position\":1,\"name\":\"In\u00edcio\",\"item\":\"https:\\\/\\\/algarve7.pt\\\/\"},{\"@type\":\"ListItem\",\"position\":2,\"name\":\"Doming\u00e3o da SIC \u00e9 um dos destaques do Carnaval Trapalh\u00e3o de Ferreiras\"}]},{\"@type\":\"WebSite\",\"@id\":\"https:\\\/\\\/algarve7.pt\\\/#website\",\"url\":\"https:\\\/\\\/algarve7.pt\\\/\",\"name\":\"Algarve 7\",\"description\":\"Informa\u00e7\u00e3o sobre o Algarve\",\"publisher\":{\"@id\":\"https:\\\/\\\/algarve7.pt\\\/#organization\"},\"potentialAction\":[{\"@type\":\"SearchAction\",\"target\":{\"@type\":\"EntryPoint\",\"urlTemplate\":\"https:\\\/\\\/algarve7.pt\\\/?s={search_term_string}\"},\"query-input\":{\"@type\":\"PropertyValueSpecification\",\"valueRequired\":true,\"valueName\":\"search_term_string\"}}],\"inLanguage\":\"pt-PT\"},{\"@type\":\"Organization\",\"@id\":\"https:\\\/\\\/algarve7.pt\\\/#organization\",\"name\":\"Algarve 7\",\"url\":\"https:\\\/\\\/algarve7.pt\\\/\",\"logo\":{\"@type\":\"ImageObject\",\"inLanguage\":\"pt-PT\",\"@id\":\"https:\\\/\\\/algarve7.pt\\\/#\\\/schema\\\/logo\\\/image\\\/\",\"url\":\"https:\\\/\\\/algarve7.pt\\\/wp-content\\\/uploads\\\/2020\\\/10\\\/Logo-8.jpg\",\"contentUrl\":\"https:\\\/\\\/algarve7.pt\\\/wp-content\\\/uploads\\\/2020\\\/10\\\/Logo-8.jpg\",\"width\":1680,\"height\":1186,\"caption\":\"Algarve 7\"},\"image\":{\"@id\":\"https:\\\/\\\/algarve7.pt\\\/#\\\/schema\\\/logo\\\/image\\\/\"},\"sameAs\":[\"https:\\\/\\\/www.facebook.com\\\/algarve7\",\"https:\\\/\\\/x.com\\\/Algarvesete\",\"https:\\\/\\\/www.instagram.com\\\/jornalalgarve7\\\/\",\"https:\\\/\\\/www.linkedin.com\\\/company\\\/algarve7\",\"https:\\\/\\\/www.pinterest.pt\\\/geral0939\\\/_created\\\/\"]},{\"@type\":\"Person\",\"@id\":\"https:\\\/\\\/algarve7.pt\\\/#\\\/schema\\\/person\\\/23fa70681308e7b319a3204bcea45e0c\",\"name\":\"Algarve 7\",\"sameAs\":[\"https:\\\/\\\/algarve7.pt\",\"https:\\\/\\\/www.facebook.com\\\/algarve7\"],\"url\":\"https:\\\/\\\/algarve7.pt\\\/index.php\\\/author\\\/geralalgarve7-pt\\\/\"}]}<\/script>\n<!-- \/ Yoast SEO plugin. -->","yoast_head_json":{"title":"Doming\u00e3o da SIC \u00e9 um dos destaques do Carnaval Trapalh\u00e3o de Ferreiras - Algarve 7","description":"Doming\u00e3o da SIC \u00e9 um dos destaques do Carnaval Trapalh\u00e3o de Ferreiras Cultura","robots":{"index":"index","follow":"follow","max-snippet":"max-snippet:-1","max-image-preview":"max-image-preview:large","max-video-preview":"max-video-preview:-1"},"canonical":"https:\/\/algarve7.pt\/index.php\/2024\/02\/domingao-da-sic-e-um-dos-destaques-do-carnaval-trapalhao-de-ferreiras\/cultura\/09\/30\/","og_locale":"pt_PT","og_type":"article","og_title":"Doming\u00e3o da SIC \u00e9 um dos destaques do Carnaval Trapalh\u00e3o de Ferreiras - Algarve 7","og_description":"Doming\u00e3o da SIC \u00e9 um dos destaques do Carnaval Trapalh\u00e3o de Ferreiras Cultura","og_url":"https:\/\/algarve7.pt\/index.php\/2024\/02\/domingao-da-sic-e-um-dos-destaques-do-carnaval-trapalhao-de-ferreiras\/cultura\/09\/30\/","og_site_name":"Algarve 7","article_publisher":"https:\/\/www.facebook.com\/algarve7","article_author":"https:\/\/www.facebook.com\/algarve7","article_published_time":"2024-02-04T09:30:00+00:00","og_image":[{"width":1000,"height":667,"url":"https:\/\/algarve7.pt\/wp-content\/uploads\/2024\/02\/ferreiras-carnaval-001.jpg","type":"image\/jpeg"}],"author":"Algarve 7","twitter_card":"summary_large_image","twitter_creator":"@Algarvesete","twitter_site":"@Algarvesete","twitter_misc":{"Escrito por":"Algarve 7","Tempo estimado de leitura":"3 minutos"},"schema":{"@context":"https:\/\/schema.org","@graph":[{"@type":"Article","@id":"https:\/\/algarve7.pt\/index.php\/2024\/02\/domingao-da-sic-e-um-dos-destaques-do-carnaval-trapalhao-de-ferreiras\/cultura\/09\/30\/#article","isPartOf":{"@id":"https:\/\/algarve7.pt\/index.php\/2024\/02\/domingao-da-sic-e-um-dos-destaques-do-carnaval-trapalhao-de-ferreiras\/cultura\/09\/30\/"},"author":{"name":"Algarve 7","@id":"https:\/\/algarve7.pt\/#\/schema\/person\/23fa70681308e7b319a3204bcea45e0c"},"headline":"Doming\u00e3o da SIC \u00e9 um dos destaques do Carnaval Trapalh\u00e3o de Ferreiras","datePublished":"2024-02-04T09:30:00+00:00","mainEntityOfPage":{"@id":"https:\/\/algarve7.pt\/index.php\/2024\/02\/domingao-da-sic-e-um-dos-destaques-do-carnaval-trapalhao-de-ferreiras\/cultura\/09\/30\/"},"wordCount":409,"publisher":{"@id":"https:\/\/algarve7.pt\/#organization"},"image":{"@id":"https:\/\/algarve7.pt\/index.php\/2024\/02\/domingao-da-sic-e-um-dos-destaques-do-carnaval-trapalhao-de-ferreiras\/cultura\/09\/30\/#primaryimage"},"thumbnailUrl":"https:\/\/algarve7.pt\/wp-content\/uploads\/2024\/02\/ferreiras-carnaval-001.jpg","keywords":["Albufeira","Algarve","Cultura","Ferreiras"],"articleSection":["Cultura"],"inLanguage":"pt-PT"},{"@type":"WebPage","@id":"https:\/\/algarve7.pt\/index.php\/2024\/02\/domingao-da-sic-e-um-dos-destaques-do-carnaval-trapalhao-de-ferreiras\/cultura\/09\/30\/","url":"https:\/\/algarve7.pt\/index.php\/2024\/02\/domingao-da-sic-e-um-dos-destaques-do-carnaval-trapalhao-de-ferreiras\/cultura\/09\/30\/","name":"Doming\u00e3o da SIC \u00e9 um dos destaques do Carnaval Trapalh\u00e3o de Ferreiras - Algarve 7","isPartOf":{"@id":"https:\/\/algarve7.pt\/#website"},"primaryImageOfPage":{"@id":"https:\/\/algarve7.pt\/index.php\/2024\/02\/domingao-da-sic-e-um-dos-destaques-do-carnaval-trapalhao-de-ferreiras\/cultura\/09\/30\/#primaryimage"},"image":{"@id":"https:\/\/algarve7.pt\/index.php\/2024\/02\/domingao-da-sic-e-um-dos-destaques-do-carnaval-trapalhao-de-ferreiras\/cultura\/09\/30\/#primaryimage"},"thumbnailUrl":"https:\/\/algarve7.pt\/wp-content\/uploads\/2024\/02\/ferreiras-carnaval-001.jpg","datePublished":"2024-02-04T09:30:00+00:00","description":"Doming\u00e3o da SIC \u00e9 um dos destaques do Carnaval Trapalh\u00e3o de Ferreiras Cultura","breadcrumb":{"@id":"https:\/\/algarve7.pt\/index.php\/2024\/02\/domingao-da-sic-e-um-dos-destaques-do-carnaval-trapalhao-de-ferreiras\/cultura\/09\/30\/#breadcrumb"},"inLanguage":"pt-PT","potentialAction":[{"@type":"ReadAction","target":["https:\/\/algarve7.pt\/index.php\/2024\/02\/domingao-da-sic-e-um-dos-destaques-do-carnaval-trapalhao-de-ferreiras\/cultura\/09\/30\/"]}]},{"@type":"ImageObject","inLanguage":"pt-PT","@id":"https:\/\/algarve7.pt\/index.php\/2024\/02\/domingao-da-sic-e-um-dos-destaques-do-carnaval-trapalhao-de-ferreiras\/cultura\/09\/30\/#primaryimage","url":"https:\/\/algarve7.pt\/wp-content\/uploads\/2024\/02\/ferreiras-carnaval-001.jpg","contentUrl":"https:\/\/algarve7.pt\/wp-content\/uploads\/2024\/02\/ferreiras-carnaval-001.jpg","width":1000,"height":667},{"@type":"BreadcrumbList","@id":"https:\/\/algarve7.pt\/index.php\/2024\/02\/domingao-da-sic-e-um-dos-destaques-do-carnaval-trapalhao-de-ferreiras\/cultura\/09\/30\/#breadcrumb","itemListElement":[{"@type":"ListItem","position":1,"name":"In\u00edcio","item":"https:\/\/algarve7.pt\/"},{"@type":"ListItem","position":2,"name":"Doming\u00e3o da SIC \u00e9 um dos destaques do Carnaval Trapalh\u00e3o de Ferreiras"}]},{"@type":"WebSite","@id":"https:\/\/algarve7.pt\/#website","url":"https:\/\/algarve7.pt\/","name":"Algarve 7","description":"Informa\u00e7\u00e3o sobre o Algarve","publisher":{"@id":"https:\/\/algarve7.pt\/#organization"},"potentialAction":[{"@type":"SearchAction","target":{"@type":"EntryPoint","urlTemplate":"https:\/\/algarve7.pt\/?s={search_term_string}"},"query-input":{"@type":"PropertyValueSpecification","valueRequired":true,"valueName":"search_term_string"}}],"inLanguage":"pt-PT"},{"@type":"Organization","@id":"https:\/\/algarve7.pt\/#organization","name":"Algarve 7","url":"https:\/\/algarve7.pt\/","logo":{"@type":"ImageObject","inLanguage":"pt-PT","@id":"https:\/\/algarve7.pt\/#\/schema\/logo\/image\/","url":"https:\/\/algarve7.pt\/wp-content\/uploads\/2020\/10\/Logo-8.jpg","contentUrl":"https:\/\/algarve7.pt\/wp-content\/uploads\/2020\/10\/Logo-8.jpg","width":1680,"height":1186,"caption":"Algarve 7"},"image":{"@id":"https:\/\/algarve7.pt\/#\/schema\/logo\/image\/"},"sameAs":["https:\/\/www.facebook.com\/algarve7","https:\/\/x.com\/Algarvesete","https:\/\/www.instagram.com\/jornalalgarve7\/","https:\/\/www.linkedin.com\/company\/algarve7","https:\/\/www.pinterest.pt\/geral0939\/_created\/"]},{"@type":"Person","@id":"https:\/\/algarve7.pt\/#\/schema\/person\/23fa70681308e7b319a3204bcea45e0c","name":"Algarve 7","sameAs":["https:\/\/algarve7.pt","https:\/\/www.facebook.com\/algarve7"],"url":"https:\/\/algarve7.pt\/index.php\/author\/geralalgarve7-pt\/"}]}},"jetpack_publicize_connections":[],"jetpack_featured_media_url":"https:\/\/algarve7.pt\/wp-content\/uploads\/2024\/02\/ferreiras-carnaval-001.jpg","jetpack_shortlink":"https:\/\/wp.me\/pcezmW-9ap","jetpack_sharing_enabled":true,"_links":{"self":[{"href":"https:\/\/algarve7.pt\/index.php\/wp-json\/wp\/v2\/posts\/35241","targetHints":{"allow":["GET"]}}],"collection":[{"href":"https:\/\/algarve7.pt\/index.php\/wp-json\/wp\/v2\/posts"}],"about":[{"href":"https:\/\/algarve7.pt\/index.php\/wp-json\/wp\/v2\/types\/post"}],"author":[{"embeddable":true,"href":"https:\/\/algarve7.pt\/index.php\/wp-json\/wp\/v2\/users\/1"}],"replies":[{"embeddable":true,"href":"https:\/\/algarve7.pt\/index.php\/wp-json\/wp\/v2\/comments?post=35241"}],"version-history":[{"count":0,"href":"https:\/\/algarve7.pt\/index.php\/wp-json\/wp\/v2\/posts\/35241\/revisions"}],"wp:featuredmedia":[{"embeddable":true,"href":"https:\/\/algarve7.pt\/index.php\/wp-json\/wp\/v2\/media\/35242"}],"wp:attachment":[{"href":"https:\/\/algarve7.pt\/index.php\/wp-json\/wp\/v2\/media?parent=35241"}],"wp:term":[{"taxonomy":"category","embeddable":true,"href":"https:\/\/algarve7.pt\/index.php\/wp-json\/wp\/v2\/categories?post=35241"},{"taxonomy":"post_tag","embeddable":true,"href":"https:\/\/algarve7.pt\/index.php\/wp-json\/wp\/v2\/tags?post=35241"}],"curies":[{"name":"wp","href":"https:\/\/api.w.org\/{rel}","templated":true}]}}