{"id":35156,"date":"2024-02-01T15:30:00","date_gmt":"2024-02-01T15:30:00","guid":{"rendered":"https:\/\/algarve7.pt\/?p=35156"},"modified":"2024-02-01T15:18:18","modified_gmt":"2024-02-01T15:18:18","slug":"joao-santanna-e-luna-pinto-sao-os-grande-vencedores-do-campeonato-nacional-de-sub-21-latinas-e-standard-realizado-em-albufeira","status":"publish","type":"post","link":"https:\/\/algarve7.pt\/index.php\/2024\/02\/joao-santanna-e-luna-pinto-sao-os-grande-vencedores-do-campeonato-nacional-de-sub-21-latinas-e-standard-realizado-em-albufeira\/desporto\/15\/30\/","title":{"rendered":"Jo\u00e3o Sant`Anna e Luna Pinto s\u00e3o os grande vencedores do campeonato nacional de sub 21 latinas e standard realizado em Albufeira"},"content":{"rendered":"\n<p>Jo\u00e3o Sant`Anna e Luna Pinto sagraram-se vencedores do Campeonato Nacional de Dan\u00e7a Desportiva Sub-21 em Open Latinas e Standard, levando dois primeiros lugares para casa. A dupla da Escola Bracara Team garante, desta forma, a sua participa\u00e7\u00e3o no Campeonato do Mundo.<\/p>\n\n\n\n<p>O segundo e terceiros lugares em Open Latinas coube ao par Jo\u00e3o Landeiro e Daniela Landeiro da Dance Step e Rafael Mateus e Matilde Palmela, respetivamente. Na categoria Sub-21 Standard o segundo e o terceiro lugares foram arrecadados por Tom\u00e1s Gomes e Gabriela Teixeira da Academia Gindan\u00e7a e Sim\u00e3o Freitas e Carolina Pardelinha atletas da Bracara Team, equipa que conseguiu dois lugares no p\u00f3dio.<\/p>\n\n\n\n<p>O Futebol Clube de Ferreiras (FCF) tamb\u00e9m est\u00e1 de parab\u00e9ns. Tom\u00e1s Francisco e Leonor Martins alcan\u00e7aram um primeiro lugar no escal\u00e3o Sub-21 Iniciados e V\u00edtor Gomes e Beatriz Correia um terceiro lugar na categoria Sub-21 Interm\u00e9dios. Refira-se que o FCF conta com cerca de meia centena de atletas praticantes da modalidade, sendo o Clube Desportivo do Algarve com mais anos na Dan\u00e7a Desportiva e a participar regularmente em competi\u00e7\u00f5es a n\u00edvel regional e nacional.<\/p>\n\n\n\n<p>No Campeonato Sub-21 Interm\u00e9dios, onde a dupla do FCF classificou-se em terceiro lugar, o primeiro e o segundo lugar foram atribu\u00eddos a Tiago Ferreira e Carolina Real da Dance Step e Eduardo Azevedo e Rita Silva da Academia Gindan\u00e7a, respetivamente.<\/p>\n\n\n\n<p>O J\u00fari n\u00e3o teve um papel nada f\u00e1cil, uma vez que o Campeonato contou com os melhores atletas nacionais, num total de 100 pares, em representa\u00e7\u00e3o de 30 escolas, incluindo os arquip\u00e9lagos da Madeira e A\u00e7ores. Os 200 atletas encheram o Pavilh\u00e3o Municipal de Albufeira de cor e alegria. Refira-se que para a atribui\u00e7\u00e3o das classifica\u00e7\u00f5es, o J\u00fari avaliou um conjunto de crit\u00e9rios, entre os quais o rigor t\u00e9cnico, a postura, ritmo, movimento, interpreta\u00e7\u00e3o r\u00edtmica, apar\u00eancia e indument\u00e1ria.<\/p>\n\n\n\n<p>No mesmo dia, a seguir ao Campeonato realizou-se a Gala dos Campe\u00f5es do Circuito Nacional da \u00e9poca de 2023, cerim\u00f3nia que contou com a presen\u00e7a do presidente da C\u00e2mara, Jos\u00e9 Carlos Rolo e com a anima\u00e7\u00e3o das bailarinas do FCF.<\/p>\n\n\n\n<p>O autarca disse estar muito satisfeito com a realiza\u00e7\u00e3o do evento em Albufeira, deu os parab\u00e9ns \u00e0 organiza\u00e7\u00e3o e a todos os participantes, com destaque para os que subiram ao p\u00f3dio e enalteceu a <em>performance<\/em> dos atletas da casa. \u201cSinto-me muito honrado por daqui terem sa\u00eddo os melhores dan\u00e7arinos que ir\u00e3o representar o pa\u00eds no Campeonato do Mundo. Para al\u00e9m disso n\u00e3o posso deixar de destacar a excelente classifica\u00e7\u00e3o alcan\u00e7ada pelo FCF, que trouxe para o nosso concelho um honroso primeiro e terceiro lugares, o que nos deixa bastante felizes\u201d, sublinhou Jos\u00e9 Carlos Rolo. Por sua vez, Cristiano Cabrita reiterou as palavras do presidente, tendo real\u00e7ado que o Desporto \u00e9 uma aposta forte do Munic\u00edpio, n\u00e3o s\u00f3 na vertente competitiva, mas tamb\u00e9m ao n\u00edvel da forma\u00e7\u00e3o, que apoia todos os clubes do concelho atrav\u00e9s da realiza\u00e7\u00e3o de contratos-programa, a n\u00edvel log\u00edstico e dos transportes. O vice-presidente do Munic\u00edpio de Albufeira frisou que \u201ca autarquia est\u00e1 bem preparada para receber grandes eventos desportivos, sobretudo durante a \u00e9poca baixa, uma vez que contribuem para reduzir a sazonalidade e confirmam que o Munic\u00edpio tem excelentes condi\u00e7\u00f5es para ser a Capital Europeia do Desporto em 2026.&nbsp;<\/p>\n","protected":false},"excerpt":{"rendered":"<p>Jo\u00e3o Sant`Anna e Luna Pinto sagraram-se vencedores do Campeonato Nacional de Dan\u00e7a Desportiva Sub-21 em Open Latinas e Standard, levando<\/p>\n","protected":false},"author":1,"featured_media":35157,"comment_status":"closed","ping_status":"open","sticky":false,"template":"","format":"standard","meta":{"colormag_page_container_layout":"default_layout","colormag_page_sidebar_layout":"default_layout","_monsterinsights_skip_tracking":false,"_monsterinsights_sitenote_active":false,"_monsterinsights_sitenote_note":"","_monsterinsights_sitenote_category":0,"jetpack_post_was_ever_published":false,"_jetpack_newsletter_access":"","_jetpack_dont_email_post_to_subs":false,"_jetpack_newsletter_tier_id":0,"_jetpack_memberships_contains_paywalled_content":false,"_jetpack_memberships_contains_paid_content":false,"footnotes":"","jetpack_publicize_message":"","jetpack_publicize_feature_enabled":true,"jetpack_social_post_already_shared":true,"jetpack_social_options":{"image_generator_settings":{"template":"highway","default_image_id":0,"font":"","enabled":false},"version":2}},"categories":[15],"tags":[155,36,40],"class_list":["post-35156","post","type-post","status-publish","format-standard","has-post-thumbnail","hentry","category-desporto","tag-albufeira","tag-algarve","tag-desporto"],"yoast_head":"<!-- This site is optimized with the Yoast SEO plugin v27.5 - https:\/\/yoast.com\/product\/yoast-seo-wordpress\/ -->\n<title>Jo\u00e3o Sant`Anna e Luna Pinto s\u00e3o os grande vencedores do campeonato nacional de sub 21 latinas e standard realizado em Albufeira - Algarve 7<\/title>\n<meta name=\"description\" content=\"Jo\u00e3o Sant`Anna e Luna Pinto s\u00e3o os grande vencedores do campeonato nacional de sub 21 latinas e standard realizado em Albufeira Desporto\" \/>\n<meta name=\"robots\" content=\"index, follow, max-snippet:-1, max-image-preview:large, max-video-preview:-1\" \/>\n<link rel=\"canonical\" href=\"https:\/\/algarve7.pt\/index.php\/2024\/02\/joao-santanna-e-luna-pinto-sao-os-grande-vencedores-do-campeonato-nacional-de-sub-21-latinas-e-standard-realizado-em-albufeira\/desporto\/15\/30\/\" \/>\n<meta property=\"og:locale\" content=\"pt_PT\" \/>\n<meta property=\"og:type\" content=\"article\" \/>\n<meta property=\"og:title\" content=\"Jo\u00e3o Sant`Anna e Luna Pinto s\u00e3o os grande vencedores do campeonato nacional de sub 21 latinas e standard realizado em Albufeira - Algarve 7\" \/>\n<meta property=\"og:description\" content=\"Jo\u00e3o Sant`Anna e Luna Pinto s\u00e3o os grande vencedores do campeonato nacional de sub 21 latinas e standard realizado em Albufeira Desporto\" \/>\n<meta property=\"og:url\" content=\"https:\/\/algarve7.pt\/index.php\/2024\/02\/joao-santanna-e-luna-pinto-sao-os-grande-vencedores-do-campeonato-nacional-de-sub-21-latinas-e-standard-realizado-em-albufeira\/desporto\/15\/30\/\" \/>\n<meta property=\"og:site_name\" content=\"Algarve 7\" \/>\n<meta property=\"article:publisher\" content=\"https:\/\/www.facebook.com\/algarve7\" \/>\n<meta property=\"article:author\" content=\"https:\/\/www.facebook.com\/algarve7\" \/>\n<meta property=\"article:published_time\" content=\"2024-02-01T15:30:00+00:00\" \/>\n<meta property=\"og:image\" content=\"https:\/\/algarve7.pt\/wp-content\/uploads\/2024\/02\/U4203607.jpg\" \/>\n\t<meta property=\"og:image:width\" content=\"1024\" \/>\n\t<meta property=\"og:image:height\" content=\"682\" \/>\n\t<meta property=\"og:image:type\" content=\"image\/jpeg\" \/>\n<meta name=\"author\" content=\"Algarve 7\" \/>\n<meta name=\"twitter:card\" content=\"summary_large_image\" \/>\n<meta name=\"twitter:creator\" content=\"@Algarvesete\" \/>\n<meta name=\"twitter:site\" content=\"@Algarvesete\" \/>\n<meta name=\"twitter:label1\" content=\"Escrito por\" \/>\n\t<meta name=\"twitter:data1\" content=\"Algarve 7\" \/>\n\t<meta name=\"twitter:label2\" content=\"Tempo estimado de leitura\" \/>\n\t<meta name=\"twitter:data2\" content=\"4 minutos\" \/>\n<script type=\"application\/ld+json\" class=\"yoast-schema-graph\">{\"@context\":\"https:\\\/\\\/schema.org\",\"@graph\":[{\"@type\":\"Article\",\"@id\":\"https:\\\/\\\/algarve7.pt\\\/index.php\\\/2024\\\/02\\\/joao-santanna-e-luna-pinto-sao-os-grande-vencedores-do-campeonato-nacional-de-sub-21-latinas-e-standard-realizado-em-albufeira\\\/desporto\\\/15\\\/30\\\/#article\",\"isPartOf\":{\"@id\":\"https:\\\/\\\/algarve7.pt\\\/index.php\\\/2024\\\/02\\\/joao-santanna-e-luna-pinto-sao-os-grande-vencedores-do-campeonato-nacional-de-sub-21-latinas-e-standard-realizado-em-albufeira\\\/desporto\\\/15\\\/30\\\/\"},\"author\":{\"name\":\"Algarve 7\",\"@id\":\"https:\\\/\\\/algarve7.pt\\\/#\\\/schema\\\/person\\\/23fa70681308e7b319a3204bcea45e0c\"},\"headline\":\"Jo\u00e3o Sant`Anna e Luna Pinto s\u00e3o os grande vencedores do campeonato nacional de sub 21 latinas e standard realizado em Albufeira\",\"datePublished\":\"2024-02-01T15:30:00+00:00\",\"mainEntityOfPage\":{\"@id\":\"https:\\\/\\\/algarve7.pt\\\/index.php\\\/2024\\\/02\\\/joao-santanna-e-luna-pinto-sao-os-grande-vencedores-do-campeonato-nacional-de-sub-21-latinas-e-standard-realizado-em-albufeira\\\/desporto\\\/15\\\/30\\\/\"},\"wordCount\":614,\"publisher\":{\"@id\":\"https:\\\/\\\/algarve7.pt\\\/#organization\"},\"image\":{\"@id\":\"https:\\\/\\\/algarve7.pt\\\/index.php\\\/2024\\\/02\\\/joao-santanna-e-luna-pinto-sao-os-grande-vencedores-do-campeonato-nacional-de-sub-21-latinas-e-standard-realizado-em-albufeira\\\/desporto\\\/15\\\/30\\\/#primaryimage\"},\"thumbnailUrl\":\"https:\\\/\\\/algarve7.pt\\\/wp-content\\\/uploads\\\/2024\\\/02\\\/U4203607.jpg\",\"keywords\":[\"Albufeira\",\"Algarve\",\"Desporto\"],\"articleSection\":[\"Desporto\"],\"inLanguage\":\"pt-PT\"},{\"@type\":\"WebPage\",\"@id\":\"https:\\\/\\\/algarve7.pt\\\/index.php\\\/2024\\\/02\\\/joao-santanna-e-luna-pinto-sao-os-grande-vencedores-do-campeonato-nacional-de-sub-21-latinas-e-standard-realizado-em-albufeira\\\/desporto\\\/15\\\/30\\\/\",\"url\":\"https:\\\/\\\/algarve7.pt\\\/index.php\\\/2024\\\/02\\\/joao-santanna-e-luna-pinto-sao-os-grande-vencedores-do-campeonato-nacional-de-sub-21-latinas-e-standard-realizado-em-albufeira\\\/desporto\\\/15\\\/30\\\/\",\"name\":\"Jo\u00e3o Sant`Anna e Luna Pinto s\u00e3o os grande vencedores do campeonato nacional de sub 21 latinas e standard realizado em Albufeira - Algarve 7\",\"isPartOf\":{\"@id\":\"https:\\\/\\\/algarve7.pt\\\/#website\"},\"primaryImageOfPage\":{\"@id\":\"https:\\\/\\\/algarve7.pt\\\/index.php\\\/2024\\\/02\\\/joao-santanna-e-luna-pinto-sao-os-grande-vencedores-do-campeonato-nacional-de-sub-21-latinas-e-standard-realizado-em-albufeira\\\/desporto\\\/15\\\/30\\\/#primaryimage\"},\"image\":{\"@id\":\"https:\\\/\\\/algarve7.pt\\\/index.php\\\/2024\\\/02\\\/joao-santanna-e-luna-pinto-sao-os-grande-vencedores-do-campeonato-nacional-de-sub-21-latinas-e-standard-realizado-em-albufeira\\\/desporto\\\/15\\\/30\\\/#primaryimage\"},\"thumbnailUrl\":\"https:\\\/\\\/algarve7.pt\\\/wp-content\\\/uploads\\\/2024\\\/02\\\/U4203607.jpg\",\"datePublished\":\"2024-02-01T15:30:00+00:00\",\"description\":\"Jo\u00e3o Sant`Anna e Luna Pinto s\u00e3o os grande vencedores do campeonato nacional de sub 21 latinas e standard realizado em Albufeira Desporto\",\"breadcrumb\":{\"@id\":\"https:\\\/\\\/algarve7.pt\\\/index.php\\\/2024\\\/02\\\/joao-santanna-e-luna-pinto-sao-os-grande-vencedores-do-campeonato-nacional-de-sub-21-latinas-e-standard-realizado-em-albufeira\\\/desporto\\\/15\\\/30\\\/#breadcrumb\"},\"inLanguage\":\"pt-PT\",\"potentialAction\":[{\"@type\":\"ReadAction\",\"target\":[\"https:\\\/\\\/algarve7.pt\\\/index.php\\\/2024\\\/02\\\/joao-santanna-e-luna-pinto-sao-os-grande-vencedores-do-campeonato-nacional-de-sub-21-latinas-e-standard-realizado-em-albufeira\\\/desporto\\\/15\\\/30\\\/\"]}]},{\"@type\":\"ImageObject\",\"inLanguage\":\"pt-PT\",\"@id\":\"https:\\\/\\\/algarve7.pt\\\/index.php\\\/2024\\\/02\\\/joao-santanna-e-luna-pinto-sao-os-grande-vencedores-do-campeonato-nacional-de-sub-21-latinas-e-standard-realizado-em-albufeira\\\/desporto\\\/15\\\/30\\\/#primaryimage\",\"url\":\"https:\\\/\\\/algarve7.pt\\\/wp-content\\\/uploads\\\/2024\\\/02\\\/U4203607.jpg\",\"contentUrl\":\"https:\\\/\\\/algarve7.pt\\\/wp-content\\\/uploads\\\/2024\\\/02\\\/U4203607.jpg\",\"width\":1024,\"height\":682},{\"@type\":\"BreadcrumbList\",\"@id\":\"https:\\\/\\\/algarve7.pt\\\/index.php\\\/2024\\\/02\\\/joao-santanna-e-luna-pinto-sao-os-grande-vencedores-do-campeonato-nacional-de-sub-21-latinas-e-standard-realizado-em-albufeira\\\/desporto\\\/15\\\/30\\\/#breadcrumb\",\"itemListElement\":[{\"@type\":\"ListItem\",\"position\":1,\"name\":\"In\u00edcio\",\"item\":\"https:\\\/\\\/algarve7.pt\\\/\"},{\"@type\":\"ListItem\",\"position\":2,\"name\":\"Jo\u00e3o Sant`Anna e Luna Pinto s\u00e3o os grande vencedores do campeonato nacional de sub 21 latinas e standard realizado em Albufeira\"}]},{\"@type\":\"WebSite\",\"@id\":\"https:\\\/\\\/algarve7.pt\\\/#website\",\"url\":\"https:\\\/\\\/algarve7.pt\\\/\",\"name\":\"Algarve 7\",\"description\":\"Informa\u00e7\u00e3o sobre o Algarve\",\"publisher\":{\"@id\":\"https:\\\/\\\/algarve7.pt\\\/#organization\"},\"potentialAction\":[{\"@type\":\"SearchAction\",\"target\":{\"@type\":\"EntryPoint\",\"urlTemplate\":\"https:\\\/\\\/algarve7.pt\\\/?s={search_term_string}\"},\"query-input\":{\"@type\":\"PropertyValueSpecification\",\"valueRequired\":true,\"valueName\":\"search_term_string\"}}],\"inLanguage\":\"pt-PT\"},{\"@type\":\"Organization\",\"@id\":\"https:\\\/\\\/algarve7.pt\\\/#organization\",\"name\":\"Algarve 7\",\"url\":\"https:\\\/\\\/algarve7.pt\\\/\",\"logo\":{\"@type\":\"ImageObject\",\"inLanguage\":\"pt-PT\",\"@id\":\"https:\\\/\\\/algarve7.pt\\\/#\\\/schema\\\/logo\\\/image\\\/\",\"url\":\"https:\\\/\\\/algarve7.pt\\\/wp-content\\\/uploads\\\/2020\\\/10\\\/Logo-8.jpg\",\"contentUrl\":\"https:\\\/\\\/algarve7.pt\\\/wp-content\\\/uploads\\\/2020\\\/10\\\/Logo-8.jpg\",\"width\":1680,\"height\":1186,\"caption\":\"Algarve 7\"},\"image\":{\"@id\":\"https:\\\/\\\/algarve7.pt\\\/#\\\/schema\\\/logo\\\/image\\\/\"},\"sameAs\":[\"https:\\\/\\\/www.facebook.com\\\/algarve7\",\"https:\\\/\\\/x.com\\\/Algarvesete\",\"https:\\\/\\\/www.instagram.com\\\/jornalalgarve7\\\/\",\"https:\\\/\\\/www.linkedin.com\\\/company\\\/algarve7\",\"https:\\\/\\\/www.pinterest.pt\\\/geral0939\\\/_created\\\/\"]},{\"@type\":\"Person\",\"@id\":\"https:\\\/\\\/algarve7.pt\\\/#\\\/schema\\\/person\\\/23fa70681308e7b319a3204bcea45e0c\",\"name\":\"Algarve 7\",\"sameAs\":[\"https:\\\/\\\/algarve7.pt\",\"https:\\\/\\\/www.facebook.com\\\/algarve7\"],\"url\":\"https:\\\/\\\/algarve7.pt\\\/index.php\\\/author\\\/geralalgarve7-pt\\\/\"}]}<\/script>\n<!-- \/ Yoast SEO plugin. -->","yoast_head_json":{"title":"Jo\u00e3o Sant`Anna e Luna Pinto s\u00e3o os grande vencedores do campeonato nacional de sub 21 latinas e standard realizado em Albufeira - Algarve 7","description":"Jo\u00e3o Sant`Anna e Luna Pinto s\u00e3o os grande vencedores do campeonato nacional de sub 21 latinas e standard realizado em Albufeira Desporto","robots":{"index":"index","follow":"follow","max-snippet":"max-snippet:-1","max-image-preview":"max-image-preview:large","max-video-preview":"max-video-preview:-1"},"canonical":"https:\/\/algarve7.pt\/index.php\/2024\/02\/joao-santanna-e-luna-pinto-sao-os-grande-vencedores-do-campeonato-nacional-de-sub-21-latinas-e-standard-realizado-em-albufeira\/desporto\/15\/30\/","og_locale":"pt_PT","og_type":"article","og_title":"Jo\u00e3o Sant`Anna e Luna Pinto s\u00e3o os grande vencedores do campeonato nacional de sub 21 latinas e standard realizado em Albufeira - Algarve 7","og_description":"Jo\u00e3o Sant`Anna e Luna Pinto s\u00e3o os grande vencedores do campeonato nacional de sub 21 latinas e standard realizado em Albufeira Desporto","og_url":"https:\/\/algarve7.pt\/index.php\/2024\/02\/joao-santanna-e-luna-pinto-sao-os-grande-vencedores-do-campeonato-nacional-de-sub-21-latinas-e-standard-realizado-em-albufeira\/desporto\/15\/30\/","og_site_name":"Algarve 7","article_publisher":"https:\/\/www.facebook.com\/algarve7","article_author":"https:\/\/www.facebook.com\/algarve7","article_published_time":"2024-02-01T15:30:00+00:00","og_image":[{"width":1024,"height":682,"url":"https:\/\/algarve7.pt\/wp-content\/uploads\/2024\/02\/U4203607.jpg","type":"image\/jpeg"}],"author":"Algarve 7","twitter_card":"summary_large_image","twitter_creator":"@Algarvesete","twitter_site":"@Algarvesete","twitter_misc":{"Escrito por":"Algarve 7","Tempo estimado de leitura":"4 minutos"},"schema":{"@context":"https:\/\/schema.org","@graph":[{"@type":"Article","@id":"https:\/\/algarve7.pt\/index.php\/2024\/02\/joao-santanna-e-luna-pinto-sao-os-grande-vencedores-do-campeonato-nacional-de-sub-21-latinas-e-standard-realizado-em-albufeira\/desporto\/15\/30\/#article","isPartOf":{"@id":"https:\/\/algarve7.pt\/index.php\/2024\/02\/joao-santanna-e-luna-pinto-sao-os-grande-vencedores-do-campeonato-nacional-de-sub-21-latinas-e-standard-realizado-em-albufeira\/desporto\/15\/30\/"},"author":{"name":"Algarve 7","@id":"https:\/\/algarve7.pt\/#\/schema\/person\/23fa70681308e7b319a3204bcea45e0c"},"headline":"Jo\u00e3o Sant`Anna e Luna Pinto s\u00e3o os grande vencedores do campeonato nacional de sub 21 latinas e standard realizado em Albufeira","datePublished":"2024-02-01T15:30:00+00:00","mainEntityOfPage":{"@id":"https:\/\/algarve7.pt\/index.php\/2024\/02\/joao-santanna-e-luna-pinto-sao-os-grande-vencedores-do-campeonato-nacional-de-sub-21-latinas-e-standard-realizado-em-albufeira\/desporto\/15\/30\/"},"wordCount":614,"publisher":{"@id":"https:\/\/algarve7.pt\/#organization"},"image":{"@id":"https:\/\/algarve7.pt\/index.php\/2024\/02\/joao-santanna-e-luna-pinto-sao-os-grande-vencedores-do-campeonato-nacional-de-sub-21-latinas-e-standard-realizado-em-albufeira\/desporto\/15\/30\/#primaryimage"},"thumbnailUrl":"https:\/\/algarve7.pt\/wp-content\/uploads\/2024\/02\/U4203607.jpg","keywords":["Albufeira","Algarve","Desporto"],"articleSection":["Desporto"],"inLanguage":"pt-PT"},{"@type":"WebPage","@id":"https:\/\/algarve7.pt\/index.php\/2024\/02\/joao-santanna-e-luna-pinto-sao-os-grande-vencedores-do-campeonato-nacional-de-sub-21-latinas-e-standard-realizado-em-albufeira\/desporto\/15\/30\/","url":"https:\/\/algarve7.pt\/index.php\/2024\/02\/joao-santanna-e-luna-pinto-sao-os-grande-vencedores-do-campeonato-nacional-de-sub-21-latinas-e-standard-realizado-em-albufeira\/desporto\/15\/30\/","name":"Jo\u00e3o Sant`Anna e Luna Pinto s\u00e3o os grande vencedores do campeonato nacional de sub 21 latinas e standard realizado em Albufeira - Algarve 7","isPartOf":{"@id":"https:\/\/algarve7.pt\/#website"},"primaryImageOfPage":{"@id":"https:\/\/algarve7.pt\/index.php\/2024\/02\/joao-santanna-e-luna-pinto-sao-os-grande-vencedores-do-campeonato-nacional-de-sub-21-latinas-e-standard-realizado-em-albufeira\/desporto\/15\/30\/#primaryimage"},"image":{"@id":"https:\/\/algarve7.pt\/index.php\/2024\/02\/joao-santanna-e-luna-pinto-sao-os-grande-vencedores-do-campeonato-nacional-de-sub-21-latinas-e-standard-realizado-em-albufeira\/desporto\/15\/30\/#primaryimage"},"thumbnailUrl":"https:\/\/algarve7.pt\/wp-content\/uploads\/2024\/02\/U4203607.jpg","datePublished":"2024-02-01T15:30:00+00:00","description":"Jo\u00e3o Sant`Anna e Luna Pinto s\u00e3o os grande vencedores do campeonato nacional de sub 21 latinas e standard realizado em Albufeira Desporto","breadcrumb":{"@id":"https:\/\/algarve7.pt\/index.php\/2024\/02\/joao-santanna-e-luna-pinto-sao-os-grande-vencedores-do-campeonato-nacional-de-sub-21-latinas-e-standard-realizado-em-albufeira\/desporto\/15\/30\/#breadcrumb"},"inLanguage":"pt-PT","potentialAction":[{"@type":"ReadAction","target":["https:\/\/algarve7.pt\/index.php\/2024\/02\/joao-santanna-e-luna-pinto-sao-os-grande-vencedores-do-campeonato-nacional-de-sub-21-latinas-e-standard-realizado-em-albufeira\/desporto\/15\/30\/"]}]},{"@type":"ImageObject","inLanguage":"pt-PT","@id":"https:\/\/algarve7.pt\/index.php\/2024\/02\/joao-santanna-e-luna-pinto-sao-os-grande-vencedores-do-campeonato-nacional-de-sub-21-latinas-e-standard-realizado-em-albufeira\/desporto\/15\/30\/#primaryimage","url":"https:\/\/algarve7.pt\/wp-content\/uploads\/2024\/02\/U4203607.jpg","contentUrl":"https:\/\/algarve7.pt\/wp-content\/uploads\/2024\/02\/U4203607.jpg","width":1024,"height":682},{"@type":"BreadcrumbList","@id":"https:\/\/algarve7.pt\/index.php\/2024\/02\/joao-santanna-e-luna-pinto-sao-os-grande-vencedores-do-campeonato-nacional-de-sub-21-latinas-e-standard-realizado-em-albufeira\/desporto\/15\/30\/#breadcrumb","itemListElement":[{"@type":"ListItem","position":1,"name":"In\u00edcio","item":"https:\/\/algarve7.pt\/"},{"@type":"ListItem","position":2,"name":"Jo\u00e3o Sant`Anna e Luna Pinto s\u00e3o os grande vencedores do campeonato nacional de sub 21 latinas e standard realizado em Albufeira"}]},{"@type":"WebSite","@id":"https:\/\/algarve7.pt\/#website","url":"https:\/\/algarve7.pt\/","name":"Algarve 7","description":"Informa\u00e7\u00e3o sobre o Algarve","publisher":{"@id":"https:\/\/algarve7.pt\/#organization"},"potentialAction":[{"@type":"SearchAction","target":{"@type":"EntryPoint","urlTemplate":"https:\/\/algarve7.pt\/?s={search_term_string}"},"query-input":{"@type":"PropertyValueSpecification","valueRequired":true,"valueName":"search_term_string"}}],"inLanguage":"pt-PT"},{"@type":"Organization","@id":"https:\/\/algarve7.pt\/#organization","name":"Algarve 7","url":"https:\/\/algarve7.pt\/","logo":{"@type":"ImageObject","inLanguage":"pt-PT","@id":"https:\/\/algarve7.pt\/#\/schema\/logo\/image\/","url":"https:\/\/algarve7.pt\/wp-content\/uploads\/2020\/10\/Logo-8.jpg","contentUrl":"https:\/\/algarve7.pt\/wp-content\/uploads\/2020\/10\/Logo-8.jpg","width":1680,"height":1186,"caption":"Algarve 7"},"image":{"@id":"https:\/\/algarve7.pt\/#\/schema\/logo\/image\/"},"sameAs":["https:\/\/www.facebook.com\/algarve7","https:\/\/x.com\/Algarvesete","https:\/\/www.instagram.com\/jornalalgarve7\/","https:\/\/www.linkedin.com\/company\/algarve7","https:\/\/www.pinterest.pt\/geral0939\/_created\/"]},{"@type":"Person","@id":"https:\/\/algarve7.pt\/#\/schema\/person\/23fa70681308e7b319a3204bcea45e0c","name":"Algarve 7","sameAs":["https:\/\/algarve7.pt","https:\/\/www.facebook.com\/algarve7"],"url":"https:\/\/algarve7.pt\/index.php\/author\/geralalgarve7-pt\/"}]}},"jetpack_publicize_connections":[],"jetpack_featured_media_url":"https:\/\/algarve7.pt\/wp-content\/uploads\/2024\/02\/U4203607.jpg","jetpack_shortlink":"https:\/\/wp.me\/pcezmW-992","jetpack_sharing_enabled":true,"_links":{"self":[{"href":"https:\/\/algarve7.pt\/index.php\/wp-json\/wp\/v2\/posts\/35156","targetHints":{"allow":["GET"]}}],"collection":[{"href":"https:\/\/algarve7.pt\/index.php\/wp-json\/wp\/v2\/posts"}],"about":[{"href":"https:\/\/algarve7.pt\/index.php\/wp-json\/wp\/v2\/types\/post"}],"author":[{"embeddable":true,"href":"https:\/\/algarve7.pt\/index.php\/wp-json\/wp\/v2\/users\/1"}],"replies":[{"embeddable":true,"href":"https:\/\/algarve7.pt\/index.php\/wp-json\/wp\/v2\/comments?post=35156"}],"version-history":[{"count":0,"href":"https:\/\/algarve7.pt\/index.php\/wp-json\/wp\/v2\/posts\/35156\/revisions"}],"wp:featuredmedia":[{"embeddable":true,"href":"https:\/\/algarve7.pt\/index.php\/wp-json\/wp\/v2\/media\/35157"}],"wp:attachment":[{"href":"https:\/\/algarve7.pt\/index.php\/wp-json\/wp\/v2\/media?parent=35156"}],"wp:term":[{"taxonomy":"category","embeddable":true,"href":"https:\/\/algarve7.pt\/index.php\/wp-json\/wp\/v2\/categories?post=35156"},{"taxonomy":"post_tag","embeddable":true,"href":"https:\/\/algarve7.pt\/index.php\/wp-json\/wp\/v2\/tags?post=35156"}],"curies":[{"name":"wp","href":"https:\/\/api.w.org\/{rel}","templated":true}]}}