{"id":35119,"date":"2024-01-30T19:28:42","date_gmt":"2024-01-30T19:28:42","guid":{"rendered":"https:\/\/algarve7.pt\/?p=35119"},"modified":"2024-01-30T19:28:44","modified_gmt":"2024-01-30T19:28:44","slug":"toprak-razgatlioglu-fecha-teste-sbk-com-novo-recorde-na-montanha-russa","status":"publish","type":"post","link":"https:\/\/algarve7.pt\/index.php\/2024\/01\/toprak-razgatlioglu-fecha-teste-sbk-com-novo-recorde-na-montanha-russa\/desporto\/19\/28\/","title":{"rendered":"Toprak Razgatlioglu fecha teste SBK com novo recorde na &#8216;Montanha-Russa&#8217;"},"content":{"rendered":"\n<p>Intenso, louco e sem descanso\u2026foi assim o derradeiro dia de testes do campeonato do mundo&nbsp;Superbike&nbsp;em solo europeu. Antes da partida para a Austr\u00e1lia onde inicia a sua \u00e9poca 2024 no final do m\u00eas de Fevereiro&nbsp;Toprak Razgatlioglu&nbsp;tornou-se no piloto mais r\u00e1pido de sempre aos comandos de uma&nbsp;SBK&nbsp;no&nbsp;Aut\u00f3dromo Internacional do Algarve.<br><br>Depois de no primeiro dia&nbsp;Nicol\u00f2 Bulega&nbsp;ter sido o mais veloz&nbsp;aos comandos da&nbsp;Ducati Panigale V4R&nbsp;oficial, o segundo dia&nbsp;realizado no&nbsp;Aut\u00f3dromo Internacional do Algarve&nbsp;viu pela primeira&nbsp;Toprak Razgatlioglu&nbsp;ser o primeiro na folha de tempos aos comandos da&nbsp;BMW&nbsp;com que enfrenta um novo desafio na sua carreira desportiva.<br><br>Perto da hora de almo\u00e7o&nbsp;\u2018El Turco\u2019 colocou na roda traseira da sua moto o pneu com composto SCX e no final de um curto \u2018stint\u2019 assinou uma volta com 1m39.255s, quatro d\u00e9cimas abaixo do recorde oficial do circuito mas ainda assim cerca de duas d\u00e9cimas do melhor registo assinado por&nbsp;\u00c1lvaro Bautista&nbsp;aquando dos testes aqui realizados no in\u00edcio da \u00e9poca 2023. O melhor no entanto estava ainda para vir e na sua derradeira sa\u00edda o ex-campe\u00e3o do mundo assegurou&nbsp;mesmo um novo recorde para o circuito (n\u00e3o oficial) ao conseguir uma volta em&nbsp;1m39.189s, isto depois de ter feito uma sa\u00edda longa durante a tarde com o composto SC0 que valeu uma s\u00e9rie de voltas no segundo 40 e as iniciais sempre muito perto do segundo 39, mostrando a evolu\u00e7\u00e3o da moto alem\u00e3 e do melhorado bra\u00e7o-oscilante que parece ter ajudado a encontrar a trac\u00e7\u00e3o desejada&nbsp;por ambos os pilotos da equipa de&nbsp;Shaun Muir, como ficou igualmente claro com os tempos registados pelo seu colega de equipa,&nbsp;Michael van der Mark.<br><br>Mais r\u00e1pido que todos os outros no primeiro dia&nbsp;Nicol\u00f2 Bulegavoltou a mostrar a sua velocidade e consist\u00eancia para fechar os testes a apenas 86 mil\u00e9simas de&nbsp;Toprak&nbsp;mesmo se os homens da&nbsp;Ducati&nbsp;continuem a afirmar que o piloto italiano est\u00e1 ainda a adaptar-se \u00e0 sua nova moto depois de ter sido campe\u00e3o do mundo&nbsp;Supersport&nbsp;em 2023. Atr\u00e1s deste\u2026e no que podemos considerar como um verdadeiro equil\u00edbrio de for\u00e7as para a nova \u00e9poca,&nbsp;Alex Lowes&nbsp;foi o melhor dos pilotos&nbsp;Kawasaki&nbsp;ao fechar o teste em terceiro depois de uma jornada onde efectuou muito trabalho sobre a electr\u00f3nica e chassis bem como de novas solu\u00e7\u00f5es de suspens\u00e3o que a&nbsp;Showa&nbsp;trouxe para o&nbsp;Algarve.<br><br>Com quatro marcas distintas nas quatro primeiras posi\u00e7\u00f5es foi&nbsp;Remy Gardner&nbsp;o melhor da&nbsp;Yamaha&nbsp;ao ser o quarto a pouco menos de quatro d\u00e9cimas do l\u00edder, batendo&nbsp;Michael van der Mark&nbsp;e&nbsp;Andrea Locatelli. Entre os dez primeiros nota ainda para as duas BMW do&nbsp;Team Bonovo, pilotadas por&nbsp;Scott Redding&nbsp;e&nbsp;Gareth Gerloff&nbsp;que fecharam o lote dos dez mais velozes a menos de um segundo do veloz&nbsp;Toprak Razgatlioglu, confirmando que a&nbsp;BMW&nbsp;n\u00e3o faz distin\u00e7\u00e3o entre as duas equipas que tem na grelha de partida, tendo os seus quatro pilotos material id\u00eantico para enfrentar a nova \u00e9poca.<br><br>O soar das cinco horas da tarde marcou o final da dupla ronda de testes, um dia onde os pilotos de&nbsp;MotoGP, mais uma vez liderado por&nbsp;Francesco Bagnaia, rodaram menos que no dia inaugural e que ficou marcado pelas quedas de&nbsp;Franco Morbidelli&nbsp;e&nbsp;Fabio Digianantonio, quedas essas que ditaram mesmo duas situa\u00e7\u00f5es de bandeira vermelha, como sucedeu igualmente com&nbsp;Danilo Petrucci, o oitavo mais veloz no final da prepara\u00e7\u00e3o para o seu segundo ano de mundial&nbsp;SBK. Nota ainda para a 15\u00aa posi\u00e7\u00e3o de&nbsp;\u00c1lvaro Bautista, a queixar-se de dificuldades de trac\u00e7\u00e3o na sua Ducati, ele que defende pelo segundo ano o t\u00edtulo mundial na disciplina.<br>&nbsp;<br>&nbsp;<br>Os 10 mais r\u00e1pidos<br>1\u00ba Toprak Razgatlioglu (ROKiT BMW Motorrad WorldSBK Team) 1\u201939.189s<br>2\u00ba Nicol\u00f2 Bulega (Aruba.it Racing \u2013 Ducati) +0.086s<br>3\u00ba Alex Lowes (Kawasaki Racing Team WorldSBK) +0.332s<br>4\u00ba Remy Gardner (GYTR GRT Yamaha WorldSBK Team) +0.377s<br>5\u00ba Michael van der Mark (ROKiT BMW Motorrad WorldSBK Team) +0.428s<br>6\u00ba Andrea Locatelli (Pata Yamaha Prometeon) +0.469s<br>7\u00ba Jonathan Rea (Pata Yamaha Prometeon) +0.496s<br>8\u00ba Danilo Petrucci (Barni Spark Racing Team) +0.767s<br>9\u00ba Scott Redding (Bonovo Action BMW) +0.946s<br>10\u00ba Garrett Gerloff (Bonovo Action BMW) +0.947s<br>*tempos absolutos no final dos dois dias de teste<\/p>\n","protected":false},"excerpt":{"rendered":"<p>Intenso, louco e sem descanso\u2026foi assim o derradeiro dia de testes do campeonato do mundo&nbsp;Superbike&nbsp;em solo europeu. Antes da partida<\/p>\n","protected":false},"author":1,"featured_media":35120,"comment_status":"closed","ping_status":"open","sticky":false,"template":"","format":"standard","meta":{"colormag_page_container_layout":"default_layout","colormag_page_sidebar_layout":"default_layout","_monsterinsights_skip_tracking":false,"_monsterinsights_sitenote_active":false,"_monsterinsights_sitenote_note":"","_monsterinsights_sitenote_category":0,"jetpack_post_was_ever_published":false,"_jetpack_newsletter_access":"","_jetpack_dont_email_post_to_subs":false,"_jetpack_newsletter_tier_id":0,"_jetpack_memberships_contains_paywalled_content":false,"_jetpack_memberships_contains_paid_content":false,"footnotes":"","jetpack_publicize_message":"","jetpack_publicize_feature_enabled":true,"jetpack_social_post_already_shared":true,"jetpack_social_options":{"image_generator_settings":{"template":"highway","default_image_id":0,"font":"","enabled":false},"version":2}},"categories":[15],"tags":[36,239,40,72],"class_list":["post-35119","post","type-post","status-publish","format-standard","has-post-thumbnail","hentry","category-desporto","tag-algarve","tag-autodromo-internacional-do-algarve","tag-desporto","tag-portimao"],"yoast_head":"<!-- This site is optimized with the Yoast SEO plugin v27.5 - https:\/\/yoast.com\/product\/yoast-seo-wordpress\/ -->\n<title>Toprak Razgatlioglu fecha teste SBK com novo recorde na &#039;Montanha-Russa&#039; - Algarve 7<\/title>\n<meta name=\"description\" content=\"Toprak Razgatlioglu fecha teste SBK com novo recorde na &#039;Montanha-Russa&#039; Desporto\" \/>\n<meta name=\"robots\" content=\"index, follow, max-snippet:-1, max-image-preview:large, max-video-preview:-1\" \/>\n<link rel=\"canonical\" href=\"https:\/\/algarve7.pt\/index.php\/2024\/01\/toprak-razgatlioglu-fecha-teste-sbk-com-novo-recorde-na-montanha-russa\/desporto\/19\/28\/\" \/>\n<meta property=\"og:locale\" content=\"pt_PT\" \/>\n<meta property=\"og:type\" content=\"article\" \/>\n<meta property=\"og:title\" content=\"Toprak Razgatlioglu fecha teste SBK com novo recorde na &#039;Montanha-Russa&#039; - Algarve 7\" \/>\n<meta property=\"og:description\" content=\"Toprak Razgatlioglu fecha teste SBK com novo recorde na &#039;Montanha-Russa&#039; Desporto\" \/>\n<meta property=\"og:url\" content=\"https:\/\/algarve7.pt\/index.php\/2024\/01\/toprak-razgatlioglu-fecha-teste-sbk-com-novo-recorde-na-montanha-russa\/desporto\/19\/28\/\" \/>\n<meta property=\"og:site_name\" content=\"Algarve 7\" \/>\n<meta property=\"article:publisher\" content=\"https:\/\/www.facebook.com\/algarve7\" \/>\n<meta property=\"article:author\" content=\"https:\/\/www.facebook.com\/algarve7\" \/>\n<meta property=\"article:published_time\" content=\"2024-01-30T19:28:42+00:00\" \/>\n<meta property=\"article:modified_time\" content=\"2024-01-30T19:28:44+00:00\" \/>\n<meta property=\"og:image\" content=\"https:\/\/algarve7.pt\/wp-content\/uploads\/2024\/01\/8e3318f2-b215-2a98-7b1f-268b73ccf217.jpg\" \/>\n\t<meta property=\"og:image:width\" content=\"1000\" \/>\n\t<meta property=\"og:image:height\" content=\"563\" \/>\n\t<meta property=\"og:image:type\" content=\"image\/jpeg\" \/>\n<meta name=\"author\" content=\"Algarve 7\" \/>\n<meta name=\"twitter:card\" content=\"summary_large_image\" \/>\n<meta name=\"twitter:creator\" content=\"@Algarvesete\" \/>\n<meta name=\"twitter:site\" content=\"@Algarvesete\" \/>\n<meta name=\"twitter:label1\" content=\"Escrito por\" \/>\n\t<meta name=\"twitter:data1\" content=\"Algarve 7\" \/>\n\t<meta name=\"twitter:label2\" content=\"Tempo estimado de leitura\" \/>\n\t<meta name=\"twitter:data2\" content=\"5 minutos\" \/>\n<script type=\"application\/ld+json\" class=\"yoast-schema-graph\">{\"@context\":\"https:\\\/\\\/schema.org\",\"@graph\":[{\"@type\":\"Article\",\"@id\":\"https:\\\/\\\/algarve7.pt\\\/index.php\\\/2024\\\/01\\\/toprak-razgatlioglu-fecha-teste-sbk-com-novo-recorde-na-montanha-russa\\\/desporto\\\/19\\\/28\\\/#article\",\"isPartOf\":{\"@id\":\"https:\\\/\\\/algarve7.pt\\\/index.php\\\/2024\\\/01\\\/toprak-razgatlioglu-fecha-teste-sbk-com-novo-recorde-na-montanha-russa\\\/desporto\\\/19\\\/28\\\/\"},\"author\":{\"name\":\"Algarve 7\",\"@id\":\"https:\\\/\\\/algarve7.pt\\\/#\\\/schema\\\/person\\\/23fa70681308e7b319a3204bcea45e0c\"},\"headline\":\"Toprak Razgatlioglu fecha teste SBK com novo recorde na &#8216;Montanha-Russa&#8217;\",\"datePublished\":\"2024-01-30T19:28:42+00:00\",\"dateModified\":\"2024-01-30T19:28:44+00:00\",\"mainEntityOfPage\":{\"@id\":\"https:\\\/\\\/algarve7.pt\\\/index.php\\\/2024\\\/01\\\/toprak-razgatlioglu-fecha-teste-sbk-com-novo-recorde-na-montanha-russa\\\/desporto\\\/19\\\/28\\\/\"},\"wordCount\":804,\"publisher\":{\"@id\":\"https:\\\/\\\/algarve7.pt\\\/#organization\"},\"image\":{\"@id\":\"https:\\\/\\\/algarve7.pt\\\/index.php\\\/2024\\\/01\\\/toprak-razgatlioglu-fecha-teste-sbk-com-novo-recorde-na-montanha-russa\\\/desporto\\\/19\\\/28\\\/#primaryimage\"},\"thumbnailUrl\":\"https:\\\/\\\/algarve7.pt\\\/wp-content\\\/uploads\\\/2024\\\/01\\\/8e3318f2-b215-2a98-7b1f-268b73ccf217.jpg\",\"keywords\":[\"Algarve\",\"Aut\u00f3dromo Internacional do Algarve\",\"Desporto\",\"Portim\u00e3o\"],\"articleSection\":[\"Desporto\"],\"inLanguage\":\"pt-PT\"},{\"@type\":\"WebPage\",\"@id\":\"https:\\\/\\\/algarve7.pt\\\/index.php\\\/2024\\\/01\\\/toprak-razgatlioglu-fecha-teste-sbk-com-novo-recorde-na-montanha-russa\\\/desporto\\\/19\\\/28\\\/\",\"url\":\"https:\\\/\\\/algarve7.pt\\\/index.php\\\/2024\\\/01\\\/toprak-razgatlioglu-fecha-teste-sbk-com-novo-recorde-na-montanha-russa\\\/desporto\\\/19\\\/28\\\/\",\"name\":\"Toprak Razgatlioglu fecha teste SBK com novo recorde na 'Montanha-Russa' - Algarve 7\",\"isPartOf\":{\"@id\":\"https:\\\/\\\/algarve7.pt\\\/#website\"},\"primaryImageOfPage\":{\"@id\":\"https:\\\/\\\/algarve7.pt\\\/index.php\\\/2024\\\/01\\\/toprak-razgatlioglu-fecha-teste-sbk-com-novo-recorde-na-montanha-russa\\\/desporto\\\/19\\\/28\\\/#primaryimage\"},\"image\":{\"@id\":\"https:\\\/\\\/algarve7.pt\\\/index.php\\\/2024\\\/01\\\/toprak-razgatlioglu-fecha-teste-sbk-com-novo-recorde-na-montanha-russa\\\/desporto\\\/19\\\/28\\\/#primaryimage\"},\"thumbnailUrl\":\"https:\\\/\\\/algarve7.pt\\\/wp-content\\\/uploads\\\/2024\\\/01\\\/8e3318f2-b215-2a98-7b1f-268b73ccf217.jpg\",\"datePublished\":\"2024-01-30T19:28:42+00:00\",\"dateModified\":\"2024-01-30T19:28:44+00:00\",\"description\":\"Toprak Razgatlioglu fecha teste SBK com novo recorde na 'Montanha-Russa' Desporto\",\"breadcrumb\":{\"@id\":\"https:\\\/\\\/algarve7.pt\\\/index.php\\\/2024\\\/01\\\/toprak-razgatlioglu-fecha-teste-sbk-com-novo-recorde-na-montanha-russa\\\/desporto\\\/19\\\/28\\\/#breadcrumb\"},\"inLanguage\":\"pt-PT\",\"potentialAction\":[{\"@type\":\"ReadAction\",\"target\":[\"https:\\\/\\\/algarve7.pt\\\/index.php\\\/2024\\\/01\\\/toprak-razgatlioglu-fecha-teste-sbk-com-novo-recorde-na-montanha-russa\\\/desporto\\\/19\\\/28\\\/\"]}]},{\"@type\":\"ImageObject\",\"inLanguage\":\"pt-PT\",\"@id\":\"https:\\\/\\\/algarve7.pt\\\/index.php\\\/2024\\\/01\\\/toprak-razgatlioglu-fecha-teste-sbk-com-novo-recorde-na-montanha-russa\\\/desporto\\\/19\\\/28\\\/#primaryimage\",\"url\":\"https:\\\/\\\/algarve7.pt\\\/wp-content\\\/uploads\\\/2024\\\/01\\\/8e3318f2-b215-2a98-7b1f-268b73ccf217.jpg\",\"contentUrl\":\"https:\\\/\\\/algarve7.pt\\\/wp-content\\\/uploads\\\/2024\\\/01\\\/8e3318f2-b215-2a98-7b1f-268b73ccf217.jpg\",\"width\":1000,\"height\":563},{\"@type\":\"BreadcrumbList\",\"@id\":\"https:\\\/\\\/algarve7.pt\\\/index.php\\\/2024\\\/01\\\/toprak-razgatlioglu-fecha-teste-sbk-com-novo-recorde-na-montanha-russa\\\/desporto\\\/19\\\/28\\\/#breadcrumb\",\"itemListElement\":[{\"@type\":\"ListItem\",\"position\":1,\"name\":\"In\u00edcio\",\"item\":\"https:\\\/\\\/algarve7.pt\\\/\"},{\"@type\":\"ListItem\",\"position\":2,\"name\":\"Toprak Razgatlioglu fecha teste SBK com novo recorde na &#8216;Montanha-Russa&#8217;\"}]},{\"@type\":\"WebSite\",\"@id\":\"https:\\\/\\\/algarve7.pt\\\/#website\",\"url\":\"https:\\\/\\\/algarve7.pt\\\/\",\"name\":\"Algarve 7\",\"description\":\"Informa\u00e7\u00e3o sobre o Algarve\",\"publisher\":{\"@id\":\"https:\\\/\\\/algarve7.pt\\\/#organization\"},\"potentialAction\":[{\"@type\":\"SearchAction\",\"target\":{\"@type\":\"EntryPoint\",\"urlTemplate\":\"https:\\\/\\\/algarve7.pt\\\/?s={search_term_string}\"},\"query-input\":{\"@type\":\"PropertyValueSpecification\",\"valueRequired\":true,\"valueName\":\"search_term_string\"}}],\"inLanguage\":\"pt-PT\"},{\"@type\":\"Organization\",\"@id\":\"https:\\\/\\\/algarve7.pt\\\/#organization\",\"name\":\"Algarve 7\",\"url\":\"https:\\\/\\\/algarve7.pt\\\/\",\"logo\":{\"@type\":\"ImageObject\",\"inLanguage\":\"pt-PT\",\"@id\":\"https:\\\/\\\/algarve7.pt\\\/#\\\/schema\\\/logo\\\/image\\\/\",\"url\":\"https:\\\/\\\/algarve7.pt\\\/wp-content\\\/uploads\\\/2020\\\/10\\\/Logo-8.jpg\",\"contentUrl\":\"https:\\\/\\\/algarve7.pt\\\/wp-content\\\/uploads\\\/2020\\\/10\\\/Logo-8.jpg\",\"width\":1680,\"height\":1186,\"caption\":\"Algarve 7\"},\"image\":{\"@id\":\"https:\\\/\\\/algarve7.pt\\\/#\\\/schema\\\/logo\\\/image\\\/\"},\"sameAs\":[\"https:\\\/\\\/www.facebook.com\\\/algarve7\",\"https:\\\/\\\/x.com\\\/Algarvesete\",\"https:\\\/\\\/www.instagram.com\\\/jornalalgarve7\\\/\",\"https:\\\/\\\/www.linkedin.com\\\/company\\\/algarve7\",\"https:\\\/\\\/www.pinterest.pt\\\/geral0939\\\/_created\\\/\"]},{\"@type\":\"Person\",\"@id\":\"https:\\\/\\\/algarve7.pt\\\/#\\\/schema\\\/person\\\/23fa70681308e7b319a3204bcea45e0c\",\"name\":\"Algarve 7\",\"sameAs\":[\"https:\\\/\\\/algarve7.pt\",\"https:\\\/\\\/www.facebook.com\\\/algarve7\"],\"url\":\"https:\\\/\\\/algarve7.pt\\\/index.php\\\/author\\\/geralalgarve7-pt\\\/\"}]}<\/script>\n<!-- \/ Yoast SEO plugin. -->","yoast_head_json":{"title":"Toprak Razgatlioglu fecha teste SBK com novo recorde na 'Montanha-Russa' - Algarve 7","description":"Toprak Razgatlioglu fecha teste SBK com novo recorde na 'Montanha-Russa' Desporto","robots":{"index":"index","follow":"follow","max-snippet":"max-snippet:-1","max-image-preview":"max-image-preview:large","max-video-preview":"max-video-preview:-1"},"canonical":"https:\/\/algarve7.pt\/index.php\/2024\/01\/toprak-razgatlioglu-fecha-teste-sbk-com-novo-recorde-na-montanha-russa\/desporto\/19\/28\/","og_locale":"pt_PT","og_type":"article","og_title":"Toprak Razgatlioglu fecha teste SBK com novo recorde na 'Montanha-Russa' - Algarve 7","og_description":"Toprak Razgatlioglu fecha teste SBK com novo recorde na 'Montanha-Russa' Desporto","og_url":"https:\/\/algarve7.pt\/index.php\/2024\/01\/toprak-razgatlioglu-fecha-teste-sbk-com-novo-recorde-na-montanha-russa\/desporto\/19\/28\/","og_site_name":"Algarve 7","article_publisher":"https:\/\/www.facebook.com\/algarve7","article_author":"https:\/\/www.facebook.com\/algarve7","article_published_time":"2024-01-30T19:28:42+00:00","article_modified_time":"2024-01-30T19:28:44+00:00","og_image":[{"width":1000,"height":563,"url":"https:\/\/algarve7.pt\/wp-content\/uploads\/2024\/01\/8e3318f2-b215-2a98-7b1f-268b73ccf217.jpg","type":"image\/jpeg"}],"author":"Algarve 7","twitter_card":"summary_large_image","twitter_creator":"@Algarvesete","twitter_site":"@Algarvesete","twitter_misc":{"Escrito por":"Algarve 7","Tempo estimado de leitura":"5 minutos"},"schema":{"@context":"https:\/\/schema.org","@graph":[{"@type":"Article","@id":"https:\/\/algarve7.pt\/index.php\/2024\/01\/toprak-razgatlioglu-fecha-teste-sbk-com-novo-recorde-na-montanha-russa\/desporto\/19\/28\/#article","isPartOf":{"@id":"https:\/\/algarve7.pt\/index.php\/2024\/01\/toprak-razgatlioglu-fecha-teste-sbk-com-novo-recorde-na-montanha-russa\/desporto\/19\/28\/"},"author":{"name":"Algarve 7","@id":"https:\/\/algarve7.pt\/#\/schema\/person\/23fa70681308e7b319a3204bcea45e0c"},"headline":"Toprak Razgatlioglu fecha teste SBK com novo recorde na &#8216;Montanha-Russa&#8217;","datePublished":"2024-01-30T19:28:42+00:00","dateModified":"2024-01-30T19:28:44+00:00","mainEntityOfPage":{"@id":"https:\/\/algarve7.pt\/index.php\/2024\/01\/toprak-razgatlioglu-fecha-teste-sbk-com-novo-recorde-na-montanha-russa\/desporto\/19\/28\/"},"wordCount":804,"publisher":{"@id":"https:\/\/algarve7.pt\/#organization"},"image":{"@id":"https:\/\/algarve7.pt\/index.php\/2024\/01\/toprak-razgatlioglu-fecha-teste-sbk-com-novo-recorde-na-montanha-russa\/desporto\/19\/28\/#primaryimage"},"thumbnailUrl":"https:\/\/algarve7.pt\/wp-content\/uploads\/2024\/01\/8e3318f2-b215-2a98-7b1f-268b73ccf217.jpg","keywords":["Algarve","Aut\u00f3dromo Internacional do Algarve","Desporto","Portim\u00e3o"],"articleSection":["Desporto"],"inLanguage":"pt-PT"},{"@type":"WebPage","@id":"https:\/\/algarve7.pt\/index.php\/2024\/01\/toprak-razgatlioglu-fecha-teste-sbk-com-novo-recorde-na-montanha-russa\/desporto\/19\/28\/","url":"https:\/\/algarve7.pt\/index.php\/2024\/01\/toprak-razgatlioglu-fecha-teste-sbk-com-novo-recorde-na-montanha-russa\/desporto\/19\/28\/","name":"Toprak Razgatlioglu fecha teste SBK com novo recorde na 'Montanha-Russa' - Algarve 7","isPartOf":{"@id":"https:\/\/algarve7.pt\/#website"},"primaryImageOfPage":{"@id":"https:\/\/algarve7.pt\/index.php\/2024\/01\/toprak-razgatlioglu-fecha-teste-sbk-com-novo-recorde-na-montanha-russa\/desporto\/19\/28\/#primaryimage"},"image":{"@id":"https:\/\/algarve7.pt\/index.php\/2024\/01\/toprak-razgatlioglu-fecha-teste-sbk-com-novo-recorde-na-montanha-russa\/desporto\/19\/28\/#primaryimage"},"thumbnailUrl":"https:\/\/algarve7.pt\/wp-content\/uploads\/2024\/01\/8e3318f2-b215-2a98-7b1f-268b73ccf217.jpg","datePublished":"2024-01-30T19:28:42+00:00","dateModified":"2024-01-30T19:28:44+00:00","description":"Toprak Razgatlioglu fecha teste SBK com novo recorde na 'Montanha-Russa' Desporto","breadcrumb":{"@id":"https:\/\/algarve7.pt\/index.php\/2024\/01\/toprak-razgatlioglu-fecha-teste-sbk-com-novo-recorde-na-montanha-russa\/desporto\/19\/28\/#breadcrumb"},"inLanguage":"pt-PT","potentialAction":[{"@type":"ReadAction","target":["https:\/\/algarve7.pt\/index.php\/2024\/01\/toprak-razgatlioglu-fecha-teste-sbk-com-novo-recorde-na-montanha-russa\/desporto\/19\/28\/"]}]},{"@type":"ImageObject","inLanguage":"pt-PT","@id":"https:\/\/algarve7.pt\/index.php\/2024\/01\/toprak-razgatlioglu-fecha-teste-sbk-com-novo-recorde-na-montanha-russa\/desporto\/19\/28\/#primaryimage","url":"https:\/\/algarve7.pt\/wp-content\/uploads\/2024\/01\/8e3318f2-b215-2a98-7b1f-268b73ccf217.jpg","contentUrl":"https:\/\/algarve7.pt\/wp-content\/uploads\/2024\/01\/8e3318f2-b215-2a98-7b1f-268b73ccf217.jpg","width":1000,"height":563},{"@type":"BreadcrumbList","@id":"https:\/\/algarve7.pt\/index.php\/2024\/01\/toprak-razgatlioglu-fecha-teste-sbk-com-novo-recorde-na-montanha-russa\/desporto\/19\/28\/#breadcrumb","itemListElement":[{"@type":"ListItem","position":1,"name":"In\u00edcio","item":"https:\/\/algarve7.pt\/"},{"@type":"ListItem","position":2,"name":"Toprak Razgatlioglu fecha teste SBK com novo recorde na &#8216;Montanha-Russa&#8217;"}]},{"@type":"WebSite","@id":"https:\/\/algarve7.pt\/#website","url":"https:\/\/algarve7.pt\/","name":"Algarve 7","description":"Informa\u00e7\u00e3o sobre o Algarve","publisher":{"@id":"https:\/\/algarve7.pt\/#organization"},"potentialAction":[{"@type":"SearchAction","target":{"@type":"EntryPoint","urlTemplate":"https:\/\/algarve7.pt\/?s={search_term_string}"},"query-input":{"@type":"PropertyValueSpecification","valueRequired":true,"valueName":"search_term_string"}}],"inLanguage":"pt-PT"},{"@type":"Organization","@id":"https:\/\/algarve7.pt\/#organization","name":"Algarve 7","url":"https:\/\/algarve7.pt\/","logo":{"@type":"ImageObject","inLanguage":"pt-PT","@id":"https:\/\/algarve7.pt\/#\/schema\/logo\/image\/","url":"https:\/\/algarve7.pt\/wp-content\/uploads\/2020\/10\/Logo-8.jpg","contentUrl":"https:\/\/algarve7.pt\/wp-content\/uploads\/2020\/10\/Logo-8.jpg","width":1680,"height":1186,"caption":"Algarve 7"},"image":{"@id":"https:\/\/algarve7.pt\/#\/schema\/logo\/image\/"},"sameAs":["https:\/\/www.facebook.com\/algarve7","https:\/\/x.com\/Algarvesete","https:\/\/www.instagram.com\/jornalalgarve7\/","https:\/\/www.linkedin.com\/company\/algarve7","https:\/\/www.pinterest.pt\/geral0939\/_created\/"]},{"@type":"Person","@id":"https:\/\/algarve7.pt\/#\/schema\/person\/23fa70681308e7b319a3204bcea45e0c","name":"Algarve 7","sameAs":["https:\/\/algarve7.pt","https:\/\/www.facebook.com\/algarve7"],"url":"https:\/\/algarve7.pt\/index.php\/author\/geralalgarve7-pt\/"}]}},"jetpack_publicize_connections":[],"jetpack_featured_media_url":"https:\/\/algarve7.pt\/wp-content\/uploads\/2024\/01\/8e3318f2-b215-2a98-7b1f-268b73ccf217.jpg","jetpack_shortlink":"https:\/\/wp.me\/pcezmW-98r","jetpack_sharing_enabled":true,"_links":{"self":[{"href":"https:\/\/algarve7.pt\/index.php\/wp-json\/wp\/v2\/posts\/35119","targetHints":{"allow":["GET"]}}],"collection":[{"href":"https:\/\/algarve7.pt\/index.php\/wp-json\/wp\/v2\/posts"}],"about":[{"href":"https:\/\/algarve7.pt\/index.php\/wp-json\/wp\/v2\/types\/post"}],"author":[{"embeddable":true,"href":"https:\/\/algarve7.pt\/index.php\/wp-json\/wp\/v2\/users\/1"}],"replies":[{"embeddable":true,"href":"https:\/\/algarve7.pt\/index.php\/wp-json\/wp\/v2\/comments?post=35119"}],"version-history":[{"count":0,"href":"https:\/\/algarve7.pt\/index.php\/wp-json\/wp\/v2\/posts\/35119\/revisions"}],"wp:featuredmedia":[{"embeddable":true,"href":"https:\/\/algarve7.pt\/index.php\/wp-json\/wp\/v2\/media\/35120"}],"wp:attachment":[{"href":"https:\/\/algarve7.pt\/index.php\/wp-json\/wp\/v2\/media?parent=35119"}],"wp:term":[{"taxonomy":"category","embeddable":true,"href":"https:\/\/algarve7.pt\/index.php\/wp-json\/wp\/v2\/categories?post=35119"},{"taxonomy":"post_tag","embeddable":true,"href":"https:\/\/algarve7.pt\/index.php\/wp-json\/wp\/v2\/tags?post=35119"}],"curies":[{"name":"wp","href":"https:\/\/api.w.org\/{rel}","templated":true}]}}