{"id":35025,"date":"2024-01-26T18:32:45","date_gmt":"2024-01-26T18:32:45","guid":{"rendered":"https:\/\/algarve7.pt\/?p=35025"},"modified":"2024-01-26T18:32:47","modified_gmt":"2024-01-26T18:32:47","slug":"lagos-e-cidade-desde-1573","status":"publish","type":"post","link":"https:\/\/algarve7.pt\/index.php\/2024\/01\/lagos-e-cidade-desde-1573\/atualidade\/18\/32\/","title":{"rendered":"Lagos \u00e9 cidade desde 1573"},"content":{"rendered":"\n<p>Para assinalar os 451 anos de estatuto de Lagos como cidade, atribu\u00eddo por El-Rei Dom Sebasti\u00e3o a 27 de janeiro de 1573, o munic\u00edpio dinamiza nos pr\u00f3ximos dias um conjunto de iniciativas que pretendem divulgar o passado, valorizar os vest\u00edgios hist\u00f3ricos, a mem\u00f3ria e a identidade local, e, ao mesmo tempo, reconhecer o talento e o trabalho daqueles que na atualidade contribuem para afirmar essa identidade.<\/p>\n\n\n\n<p>O programa inicia-se bem cedo, no dia 27, com uma visita guiada pela rua Infante de Sagres e sua envolvente, \u00e0 descoberta das mem\u00f3rias da cidade. \u00c0 tarde \u00e9 a vez de assistir \u00e0 confer\u00eancia \u201cA SA\u00daDE EM PORTUGAL NO TEMPO DE DOM SEBASTI\u00c3O\u201d, proferida pela Doutora Maria de F\u00e1tima Reis, investigadora que tem dedicado o seu trabalho \u00e0 hist\u00f3ria da assist\u00eancia, caridade e sa\u00fade, entre outros temas. A terminar o dia da melhor forma, o Centro Cultural de Lagos apresenta o espet\u00e1culo MARIA ANADON COM ORQUESTRA DE JAZZ DO ALGARVE e Dire\u00e7\u00e3o Musical de Ferdinand Von Seebach.<\/p>\n\n\n\n<p>No dia seguinte, Artur de Jesus e Filipa Baptista, apresentam o livro da sua autoria \u201cDESCOBRE LAGOS! HIST\u00d3RIA E CURIOSIDADES SOBRE AS SUAS LOCALIDADES\u201d no Polo de Leitura da Luz.<\/p>\n\n\n\n<p>A GALA DO DESPORTO, momento de consagra\u00e7\u00e3o dos agentes desportivos locais, fecha, a 31 de janeiro, este programa comemorativo. O evento, que tem lugar no pavilh\u00e3o do Complexo Desportivo Municipal, \u00e9 o formato encontrado pelo munic\u00edpio para valorizar e reconhecer publicamente o m\u00e9rito dos clubes, dirigentes, t\u00e9cnicos e atletas, que diariamente trabalham para alcan\u00e7ar a vit\u00f3ria, constituindo um exemplo inspirador para outros. A apresenta\u00e7\u00e3o da cerim\u00f3nia estar\u00e1 a cargo de C\u00e2ndido Costa, ex-futebolista e personalidade televisiva.<\/p>\n\n\n\n<p>PROGRAMA<\/p>\n\n\n\n<p>27 de janeiro | 9h00<\/p>\n\n\n\n<p>VISITA GUIADA \u201cMEM\u00d3RIAS DE UMA RUA DA CIDADE \u2013 A RUA INFANTE DE SAGRES E A SUA ENVOLVENTE\u201d, com Artur de Jesus<\/p>\n\n\n\n<p>Local: Lagos (Largo dos Quart\u00e9is\/in\u00edcio da Rua Infante de Sagres)<br><\/p>\n\n\n\n<p>27 de janeiro | 15h00<\/p>\n\n\n\n<p>CONFER\u00caNCIA \u201cA SA\u00daDE EM PORTUGAL NO TEMPO DE DOM SEBASTI\u00c3O\u201d, por Maria de F\u00e1tima Reis<\/p>\n\n\n\n<p>Local: Audit\u00f3rio Pa\u00e7os do Concelho S\u00e9c. XXI<br>Entrada livre<\/p>\n\n\n\n<p>No \u00e2mbito das celebra\u00e7\u00f5es dos 451 anos da Eleva\u00e7\u00e3o de Lagos a Cidade, a autarquia promove uma confer\u00eancia alusiva a Dom Sebasti\u00e3o e \u00e0 Sa\u00fade em Portugal, pela Professora Doutora Maria de F\u00e1tima Reis (Faculdade de Letras da Universidade de Lisboa) e modera\u00e7\u00e3o de Jos\u00e9 Ant\u00f3nio Martins.<\/p>\n\n\n\n<p>Maria de F\u00e1tima Reis \u00e9 doutorada em Hist\u00f3ria Moderna pela Universidade de Lisboa, onde \u00e9 Professora Associada com Agrega\u00e7\u00e3o na Faculdade de Letras, investigadora do Centro de Hist\u00f3ria, Diretora da C\u00e1tedra de Estudos Sefarditas Alberto Benveniste e Diretora dos cursos de Artes e Humanidades e de Estudos Gerais da FLUL. \u00c9 Secret\u00e1ria-Geral da Academia Portuguesa da Hist\u00f3ria, Acad\u00e9mica Efetiva da Academia de Marinha, Membro Correspondente do Instituto Hist\u00f3rico e Geogr\u00e1fico Brasileiro, Membro do Conselho Cient\u00edfico do Centro de Investiga\u00e7\u00e3o Joaquim Ver\u00edssimo Serr\u00e3o e Delegada da Funda\u00e7\u00e3o para a Ci\u00eancia e a Tecnologia na Alian\u00e7a Internacional para a Mem\u00f3ria do Holocausto. Na \u00e1rea da investiga\u00e7\u00e3o, tem-se centrado na hist\u00f3ria da assist\u00eancia, caridade e sa\u00fade e na hist\u00f3ria social das elites e das redes sociais sefarditas. Uma das mais recentes publica\u00e7\u00f5es intitula-se \u201cPobreza e Caridade em Portugal. Pr\u00e1ticas e Discursos (s\u00e9culos XVI-XIX)\u201d, Lisboa, Edi\u00e7\u00f5es Colibri, 2021.<\/p>\n\n\n\n<p>27 de janeiro | 21h30<\/p>\n\n\n\n<p>MARIA ANADON COM ORQUESTRA DE JAZZ DO ALGARVE \u2013 Dire\u00e7\u00e3o Musical de Ferdinand Von Seebach<\/p>\n\n\n\n<p>Local: Centro Cultural de Lagos \u2013 Audit\u00f3rio Duval Pestana<br>Org.: CM Lagos e OJA<br><\/p>\n\n\n\n<p>28 de janeiro | 15h00<\/p>\n\n\n\n<p>APRESENTA\u00c7\u00c3O DO LIVRO \u201cDESCOBRE LAGOS! HIST\u00d3RIAS E CURIOSIDADES SOBRE AS SUAS LOCALIDADES\u201d, de Artur de Jesus e Filipa Baptista<\/p>\n\n\n\n<p>Local: Polo de Leitura da Luz<br><\/p>\n\n\n\n<p>31 de janeiro | 20h30<\/p>\n\n\n\n<p>GALA DO DESPORTO | LAGOS<\/p>\n\n\n\n<p>Local: Pavilh\u00e3o Municipal de Lagos<br>Entrada livre<\/p>\n\n\n\n<h1 class=\"wp-block-heading\">&nbsp;<\/h1>\n\n\n\n<h1 class=\"wp-block-heading\">\u00a0<\/h1>\n","protected":false},"excerpt":{"rendered":"<p>Para assinalar os 451 anos de estatuto de Lagos como cidade, atribu\u00eddo por El-Rei Dom Sebasti\u00e3o a 27 de janeiro<\/p>\n","protected":false},"author":1,"featured_media":35026,"comment_status":"closed","ping_status":"open","sticky":false,"template":"","format":"standard","meta":{"colormag_page_container_layout":"default_layout","colormag_page_sidebar_layout":"default_layout","_monsterinsights_skip_tracking":false,"_monsterinsights_sitenote_active":false,"_monsterinsights_sitenote_note":"","_monsterinsights_sitenote_category":0,"jetpack_post_was_ever_published":false,"_jetpack_newsletter_access":"","_jetpack_dont_email_post_to_subs":false,"_jetpack_newsletter_tier_id":0,"_jetpack_memberships_contains_paywalled_content":false,"_jetpack_memberships_contains_paid_content":false,"footnotes":"","jetpack_publicize_message":"","jetpack_publicize_feature_enabled":true,"jetpack_social_post_already_shared":true,"jetpack_social_options":{"image_generator_settings":{"template":"highway","default_image_id":0,"font":"","enabled":false},"version":2}},"categories":[11],"tags":[36,62,68],"class_list":["post-35025","post","type-post","status-publish","format-standard","has-post-thumbnail","hentry","category-atualidade","tag-algarve","tag-atualidade","tag-lagos"],"yoast_head":"<!-- This site is optimized with the Yoast SEO plugin v27.5 - https:\/\/yoast.com\/product\/yoast-seo-wordpress\/ -->\n<title>Lagos \u00e9 cidade desde 1573 - Algarve 7<\/title>\n<meta name=\"description\" content=\"Lagos \u00e9 cidade desde 1573 Atualidade\" \/>\n<meta name=\"robots\" content=\"index, follow, max-snippet:-1, max-image-preview:large, max-video-preview:-1\" \/>\n<link rel=\"canonical\" href=\"https:\/\/algarve7.pt\/index.php\/2024\/01\/lagos-e-cidade-desde-1573\/atualidade\/18\/32\/\" \/>\n<meta property=\"og:locale\" content=\"pt_PT\" \/>\n<meta property=\"og:type\" content=\"article\" \/>\n<meta property=\"og:title\" content=\"Lagos \u00e9 cidade desde 1573 - Algarve 7\" \/>\n<meta property=\"og:description\" content=\"Lagos \u00e9 cidade desde 1573 Atualidade\" \/>\n<meta property=\"og:url\" content=\"https:\/\/algarve7.pt\/index.php\/2024\/01\/lagos-e-cidade-desde-1573\/atualidade\/18\/32\/\" \/>\n<meta property=\"og:site_name\" content=\"Algarve 7\" \/>\n<meta property=\"article:publisher\" content=\"https:\/\/www.facebook.com\/algarve7\" \/>\n<meta property=\"article:author\" content=\"https:\/\/www.facebook.com\/algarve7\" \/>\n<meta property=\"article:published_time\" content=\"2024-01-26T18:32:45+00:00\" \/>\n<meta property=\"article:modified_time\" content=\"2024-01-26T18:32:47+00:00\" \/>\n<meta property=\"og:image\" content=\"https:\/\/algarve7.pt\/wp-content\/uploads\/2024\/01\/Estatua-D.Sebastiao8.jpg\" \/>\n\t<meta property=\"og:image:width\" content=\"854\" \/>\n\t<meta property=\"og:image:height\" content=\"750\" \/>\n\t<meta property=\"og:image:type\" content=\"image\/jpeg\" \/>\n<meta name=\"author\" content=\"Algarve 7\" \/>\n<meta name=\"twitter:card\" content=\"summary_large_image\" \/>\n<meta name=\"twitter:creator\" content=\"@Algarvesete\" \/>\n<meta name=\"twitter:site\" content=\"@Algarvesete\" \/>\n<meta name=\"twitter:label1\" content=\"Escrito por\" \/>\n\t<meta name=\"twitter:data1\" content=\"Algarve 7\" \/>\n\t<meta name=\"twitter:label2\" content=\"Tempo estimado de leitura\" \/>\n\t<meta name=\"twitter:data2\" content=\"4 minutos\" \/>\n<script type=\"application\/ld+json\" class=\"yoast-schema-graph\">{\"@context\":\"https:\\\/\\\/schema.org\",\"@graph\":[{\"@type\":\"Article\",\"@id\":\"https:\\\/\\\/algarve7.pt\\\/index.php\\\/2024\\\/01\\\/lagos-e-cidade-desde-1573\\\/atualidade\\\/18\\\/32\\\/#article\",\"isPartOf\":{\"@id\":\"https:\\\/\\\/algarve7.pt\\\/index.php\\\/2024\\\/01\\\/lagos-e-cidade-desde-1573\\\/atualidade\\\/18\\\/32\\\/\"},\"author\":{\"name\":\"Algarve 7\",\"@id\":\"https:\\\/\\\/algarve7.pt\\\/#\\\/schema\\\/person\\\/23fa70681308e7b319a3204bcea45e0c\"},\"headline\":\"Lagos \u00e9 cidade desde 1573\",\"datePublished\":\"2024-01-26T18:32:45+00:00\",\"dateModified\":\"2024-01-26T18:32:47+00:00\",\"mainEntityOfPage\":{\"@id\":\"https:\\\/\\\/algarve7.pt\\\/index.php\\\/2024\\\/01\\\/lagos-e-cidade-desde-1573\\\/atualidade\\\/18\\\/32\\\/\"},\"wordCount\":658,\"publisher\":{\"@id\":\"https:\\\/\\\/algarve7.pt\\\/#organization\"},\"image\":{\"@id\":\"https:\\\/\\\/algarve7.pt\\\/index.php\\\/2024\\\/01\\\/lagos-e-cidade-desde-1573\\\/atualidade\\\/18\\\/32\\\/#primaryimage\"},\"thumbnailUrl\":\"https:\\\/\\\/algarve7.pt\\\/wp-content\\\/uploads\\\/2024\\\/01\\\/Estatua-D.Sebastiao8.jpg\",\"keywords\":[\"Algarve\",\"Atualidade\",\"Lagos\"],\"articleSection\":[\"Atualidade\"],\"inLanguage\":\"pt-PT\"},{\"@type\":\"WebPage\",\"@id\":\"https:\\\/\\\/algarve7.pt\\\/index.php\\\/2024\\\/01\\\/lagos-e-cidade-desde-1573\\\/atualidade\\\/18\\\/32\\\/\",\"url\":\"https:\\\/\\\/algarve7.pt\\\/index.php\\\/2024\\\/01\\\/lagos-e-cidade-desde-1573\\\/atualidade\\\/18\\\/32\\\/\",\"name\":\"Lagos \u00e9 cidade desde 1573 - Algarve 7\",\"isPartOf\":{\"@id\":\"https:\\\/\\\/algarve7.pt\\\/#website\"},\"primaryImageOfPage\":{\"@id\":\"https:\\\/\\\/algarve7.pt\\\/index.php\\\/2024\\\/01\\\/lagos-e-cidade-desde-1573\\\/atualidade\\\/18\\\/32\\\/#primaryimage\"},\"image\":{\"@id\":\"https:\\\/\\\/algarve7.pt\\\/index.php\\\/2024\\\/01\\\/lagos-e-cidade-desde-1573\\\/atualidade\\\/18\\\/32\\\/#primaryimage\"},\"thumbnailUrl\":\"https:\\\/\\\/algarve7.pt\\\/wp-content\\\/uploads\\\/2024\\\/01\\\/Estatua-D.Sebastiao8.jpg\",\"datePublished\":\"2024-01-26T18:32:45+00:00\",\"dateModified\":\"2024-01-26T18:32:47+00:00\",\"description\":\"Lagos \u00e9 cidade desde 1573 Atualidade\",\"breadcrumb\":{\"@id\":\"https:\\\/\\\/algarve7.pt\\\/index.php\\\/2024\\\/01\\\/lagos-e-cidade-desde-1573\\\/atualidade\\\/18\\\/32\\\/#breadcrumb\"},\"inLanguage\":\"pt-PT\",\"potentialAction\":[{\"@type\":\"ReadAction\",\"target\":[\"https:\\\/\\\/algarve7.pt\\\/index.php\\\/2024\\\/01\\\/lagos-e-cidade-desde-1573\\\/atualidade\\\/18\\\/32\\\/\"]}]},{\"@type\":\"ImageObject\",\"inLanguage\":\"pt-PT\",\"@id\":\"https:\\\/\\\/algarve7.pt\\\/index.php\\\/2024\\\/01\\\/lagos-e-cidade-desde-1573\\\/atualidade\\\/18\\\/32\\\/#primaryimage\",\"url\":\"https:\\\/\\\/algarve7.pt\\\/wp-content\\\/uploads\\\/2024\\\/01\\\/Estatua-D.Sebastiao8.jpg\",\"contentUrl\":\"https:\\\/\\\/algarve7.pt\\\/wp-content\\\/uploads\\\/2024\\\/01\\\/Estatua-D.Sebastiao8.jpg\",\"width\":854,\"height\":750},{\"@type\":\"BreadcrumbList\",\"@id\":\"https:\\\/\\\/algarve7.pt\\\/index.php\\\/2024\\\/01\\\/lagos-e-cidade-desde-1573\\\/atualidade\\\/18\\\/32\\\/#breadcrumb\",\"itemListElement\":[{\"@type\":\"ListItem\",\"position\":1,\"name\":\"In\u00edcio\",\"item\":\"https:\\\/\\\/algarve7.pt\\\/\"},{\"@type\":\"ListItem\",\"position\":2,\"name\":\"Lagos \u00e9 cidade desde 1573\"}]},{\"@type\":\"WebSite\",\"@id\":\"https:\\\/\\\/algarve7.pt\\\/#website\",\"url\":\"https:\\\/\\\/algarve7.pt\\\/\",\"name\":\"Algarve 7\",\"description\":\"Informa\u00e7\u00e3o sobre o Algarve\",\"publisher\":{\"@id\":\"https:\\\/\\\/algarve7.pt\\\/#organization\"},\"potentialAction\":[{\"@type\":\"SearchAction\",\"target\":{\"@type\":\"EntryPoint\",\"urlTemplate\":\"https:\\\/\\\/algarve7.pt\\\/?s={search_term_string}\"},\"query-input\":{\"@type\":\"PropertyValueSpecification\",\"valueRequired\":true,\"valueName\":\"search_term_string\"}}],\"inLanguage\":\"pt-PT\"},{\"@type\":\"Organization\",\"@id\":\"https:\\\/\\\/algarve7.pt\\\/#organization\",\"name\":\"Algarve 7\",\"url\":\"https:\\\/\\\/algarve7.pt\\\/\",\"logo\":{\"@type\":\"ImageObject\",\"inLanguage\":\"pt-PT\",\"@id\":\"https:\\\/\\\/algarve7.pt\\\/#\\\/schema\\\/logo\\\/image\\\/\",\"url\":\"https:\\\/\\\/algarve7.pt\\\/wp-content\\\/uploads\\\/2020\\\/10\\\/Logo-8.jpg\",\"contentUrl\":\"https:\\\/\\\/algarve7.pt\\\/wp-content\\\/uploads\\\/2020\\\/10\\\/Logo-8.jpg\",\"width\":1680,\"height\":1186,\"caption\":\"Algarve 7\"},\"image\":{\"@id\":\"https:\\\/\\\/algarve7.pt\\\/#\\\/schema\\\/logo\\\/image\\\/\"},\"sameAs\":[\"https:\\\/\\\/www.facebook.com\\\/algarve7\",\"https:\\\/\\\/x.com\\\/Algarvesete\",\"https:\\\/\\\/www.instagram.com\\\/jornalalgarve7\\\/\",\"https:\\\/\\\/www.linkedin.com\\\/company\\\/algarve7\",\"https:\\\/\\\/www.pinterest.pt\\\/geral0939\\\/_created\\\/\"]},{\"@type\":\"Person\",\"@id\":\"https:\\\/\\\/algarve7.pt\\\/#\\\/schema\\\/person\\\/23fa70681308e7b319a3204bcea45e0c\",\"name\":\"Algarve 7\",\"sameAs\":[\"https:\\\/\\\/algarve7.pt\",\"https:\\\/\\\/www.facebook.com\\\/algarve7\"],\"url\":\"https:\\\/\\\/algarve7.pt\\\/index.php\\\/author\\\/geralalgarve7-pt\\\/\"}]}<\/script>\n<!-- \/ Yoast SEO plugin. -->","yoast_head_json":{"title":"Lagos \u00e9 cidade desde 1573 - Algarve 7","description":"Lagos \u00e9 cidade desde 1573 Atualidade","robots":{"index":"index","follow":"follow","max-snippet":"max-snippet:-1","max-image-preview":"max-image-preview:large","max-video-preview":"max-video-preview:-1"},"canonical":"https:\/\/algarve7.pt\/index.php\/2024\/01\/lagos-e-cidade-desde-1573\/atualidade\/18\/32\/","og_locale":"pt_PT","og_type":"article","og_title":"Lagos \u00e9 cidade desde 1573 - Algarve 7","og_description":"Lagos \u00e9 cidade desde 1573 Atualidade","og_url":"https:\/\/algarve7.pt\/index.php\/2024\/01\/lagos-e-cidade-desde-1573\/atualidade\/18\/32\/","og_site_name":"Algarve 7","article_publisher":"https:\/\/www.facebook.com\/algarve7","article_author":"https:\/\/www.facebook.com\/algarve7","article_published_time":"2024-01-26T18:32:45+00:00","article_modified_time":"2024-01-26T18:32:47+00:00","og_image":[{"width":854,"height":750,"url":"https:\/\/algarve7.pt\/wp-content\/uploads\/2024\/01\/Estatua-D.Sebastiao8.jpg","type":"image\/jpeg"}],"author":"Algarve 7","twitter_card":"summary_large_image","twitter_creator":"@Algarvesete","twitter_site":"@Algarvesete","twitter_misc":{"Escrito por":"Algarve 7","Tempo estimado de leitura":"4 minutos"},"schema":{"@context":"https:\/\/schema.org","@graph":[{"@type":"Article","@id":"https:\/\/algarve7.pt\/index.php\/2024\/01\/lagos-e-cidade-desde-1573\/atualidade\/18\/32\/#article","isPartOf":{"@id":"https:\/\/algarve7.pt\/index.php\/2024\/01\/lagos-e-cidade-desde-1573\/atualidade\/18\/32\/"},"author":{"name":"Algarve 7","@id":"https:\/\/algarve7.pt\/#\/schema\/person\/23fa70681308e7b319a3204bcea45e0c"},"headline":"Lagos \u00e9 cidade desde 1573","datePublished":"2024-01-26T18:32:45+00:00","dateModified":"2024-01-26T18:32:47+00:00","mainEntityOfPage":{"@id":"https:\/\/algarve7.pt\/index.php\/2024\/01\/lagos-e-cidade-desde-1573\/atualidade\/18\/32\/"},"wordCount":658,"publisher":{"@id":"https:\/\/algarve7.pt\/#organization"},"image":{"@id":"https:\/\/algarve7.pt\/index.php\/2024\/01\/lagos-e-cidade-desde-1573\/atualidade\/18\/32\/#primaryimage"},"thumbnailUrl":"https:\/\/algarve7.pt\/wp-content\/uploads\/2024\/01\/Estatua-D.Sebastiao8.jpg","keywords":["Algarve","Atualidade","Lagos"],"articleSection":["Atualidade"],"inLanguage":"pt-PT"},{"@type":"WebPage","@id":"https:\/\/algarve7.pt\/index.php\/2024\/01\/lagos-e-cidade-desde-1573\/atualidade\/18\/32\/","url":"https:\/\/algarve7.pt\/index.php\/2024\/01\/lagos-e-cidade-desde-1573\/atualidade\/18\/32\/","name":"Lagos \u00e9 cidade desde 1573 - Algarve 7","isPartOf":{"@id":"https:\/\/algarve7.pt\/#website"},"primaryImageOfPage":{"@id":"https:\/\/algarve7.pt\/index.php\/2024\/01\/lagos-e-cidade-desde-1573\/atualidade\/18\/32\/#primaryimage"},"image":{"@id":"https:\/\/algarve7.pt\/index.php\/2024\/01\/lagos-e-cidade-desde-1573\/atualidade\/18\/32\/#primaryimage"},"thumbnailUrl":"https:\/\/algarve7.pt\/wp-content\/uploads\/2024\/01\/Estatua-D.Sebastiao8.jpg","datePublished":"2024-01-26T18:32:45+00:00","dateModified":"2024-01-26T18:32:47+00:00","description":"Lagos \u00e9 cidade desde 1573 Atualidade","breadcrumb":{"@id":"https:\/\/algarve7.pt\/index.php\/2024\/01\/lagos-e-cidade-desde-1573\/atualidade\/18\/32\/#breadcrumb"},"inLanguage":"pt-PT","potentialAction":[{"@type":"ReadAction","target":["https:\/\/algarve7.pt\/index.php\/2024\/01\/lagos-e-cidade-desde-1573\/atualidade\/18\/32\/"]}]},{"@type":"ImageObject","inLanguage":"pt-PT","@id":"https:\/\/algarve7.pt\/index.php\/2024\/01\/lagos-e-cidade-desde-1573\/atualidade\/18\/32\/#primaryimage","url":"https:\/\/algarve7.pt\/wp-content\/uploads\/2024\/01\/Estatua-D.Sebastiao8.jpg","contentUrl":"https:\/\/algarve7.pt\/wp-content\/uploads\/2024\/01\/Estatua-D.Sebastiao8.jpg","width":854,"height":750},{"@type":"BreadcrumbList","@id":"https:\/\/algarve7.pt\/index.php\/2024\/01\/lagos-e-cidade-desde-1573\/atualidade\/18\/32\/#breadcrumb","itemListElement":[{"@type":"ListItem","position":1,"name":"In\u00edcio","item":"https:\/\/algarve7.pt\/"},{"@type":"ListItem","position":2,"name":"Lagos \u00e9 cidade desde 1573"}]},{"@type":"WebSite","@id":"https:\/\/algarve7.pt\/#website","url":"https:\/\/algarve7.pt\/","name":"Algarve 7","description":"Informa\u00e7\u00e3o sobre o Algarve","publisher":{"@id":"https:\/\/algarve7.pt\/#organization"},"potentialAction":[{"@type":"SearchAction","target":{"@type":"EntryPoint","urlTemplate":"https:\/\/algarve7.pt\/?s={search_term_string}"},"query-input":{"@type":"PropertyValueSpecification","valueRequired":true,"valueName":"search_term_string"}}],"inLanguage":"pt-PT"},{"@type":"Organization","@id":"https:\/\/algarve7.pt\/#organization","name":"Algarve 7","url":"https:\/\/algarve7.pt\/","logo":{"@type":"ImageObject","inLanguage":"pt-PT","@id":"https:\/\/algarve7.pt\/#\/schema\/logo\/image\/","url":"https:\/\/algarve7.pt\/wp-content\/uploads\/2020\/10\/Logo-8.jpg","contentUrl":"https:\/\/algarve7.pt\/wp-content\/uploads\/2020\/10\/Logo-8.jpg","width":1680,"height":1186,"caption":"Algarve 7"},"image":{"@id":"https:\/\/algarve7.pt\/#\/schema\/logo\/image\/"},"sameAs":["https:\/\/www.facebook.com\/algarve7","https:\/\/x.com\/Algarvesete","https:\/\/www.instagram.com\/jornalalgarve7\/","https:\/\/www.linkedin.com\/company\/algarve7","https:\/\/www.pinterest.pt\/geral0939\/_created\/"]},{"@type":"Person","@id":"https:\/\/algarve7.pt\/#\/schema\/person\/23fa70681308e7b319a3204bcea45e0c","name":"Algarve 7","sameAs":["https:\/\/algarve7.pt","https:\/\/www.facebook.com\/algarve7"],"url":"https:\/\/algarve7.pt\/index.php\/author\/geralalgarve7-pt\/"}]}},"jetpack_publicize_connections":[],"jetpack_featured_media_url":"https:\/\/algarve7.pt\/wp-content\/uploads\/2024\/01\/Estatua-D.Sebastiao8.jpg","jetpack_shortlink":"https:\/\/wp.me\/pcezmW-96V","jetpack_sharing_enabled":true,"_links":{"self":[{"href":"https:\/\/algarve7.pt\/index.php\/wp-json\/wp\/v2\/posts\/35025","targetHints":{"allow":["GET"]}}],"collection":[{"href":"https:\/\/algarve7.pt\/index.php\/wp-json\/wp\/v2\/posts"}],"about":[{"href":"https:\/\/algarve7.pt\/index.php\/wp-json\/wp\/v2\/types\/post"}],"author":[{"embeddable":true,"href":"https:\/\/algarve7.pt\/index.php\/wp-json\/wp\/v2\/users\/1"}],"replies":[{"embeddable":true,"href":"https:\/\/algarve7.pt\/index.php\/wp-json\/wp\/v2\/comments?post=35025"}],"version-history":[{"count":0,"href":"https:\/\/algarve7.pt\/index.php\/wp-json\/wp\/v2\/posts\/35025\/revisions"}],"wp:featuredmedia":[{"embeddable":true,"href":"https:\/\/algarve7.pt\/index.php\/wp-json\/wp\/v2\/media\/35026"}],"wp:attachment":[{"href":"https:\/\/algarve7.pt\/index.php\/wp-json\/wp\/v2\/media?parent=35025"}],"wp:term":[{"taxonomy":"category","embeddable":true,"href":"https:\/\/algarve7.pt\/index.php\/wp-json\/wp\/v2\/categories?post=35025"},{"taxonomy":"post_tag","embeddable":true,"href":"https:\/\/algarve7.pt\/index.php\/wp-json\/wp\/v2\/tags?post=35025"}],"curies":[{"name":"wp","href":"https:\/\/api.w.org\/{rel}","templated":true}]}}