{"id":34797,"date":"2024-01-18T13:08:39","date_gmt":"2024-01-18T13:08:39","guid":{"rendered":"https:\/\/algarve7.pt\/?p=34797"},"modified":"2024-01-18T13:08:41","modified_gmt":"2024-01-18T13:08:41","slug":"premio-cinco-estrelas-regioes-da-voz-aos-portugueses-votacoes-abertas-para-os-icones-regionais-de-2024","status":"publish","type":"post","link":"https:\/\/algarve7.pt\/index.php\/2024\/01\/premio-cinco-estrelas-regioes-da-voz-aos-portugueses-votacoes-abertas-para-os-icones-regionais-de-2024\/nacional\/13\/08\/","title":{"rendered":"Pr\u00e9mio cinco estrelas regi\u00f5es d\u00e1 voz aos portugueses: vota\u00e7\u00f5es abertas para os \u00edcones regionais de 2024"},"content":{"rendered":"\n<p>O Pr\u00e9mio Cinco Estrelas Regi\u00f5es acaba de abrir as vota\u00e7\u00f5es para apurar os \u00edcones regionais de refer\u00eancia nacional vencedores da edi\u00e7\u00e3o de 2024. Os portugueses est\u00e3o assim convidados a votar nos seus \u00edcones regionais favoritos, onde figuram aspetos do nosso patrim\u00f3nio cultural, natural ou edificado, como pratos gastron\u00f3micos, monumentos ou at\u00e9 mesmo aldeias t\u00edpicas portuguesas, permitindo que cada regi\u00e3o ganhe esta distin\u00e7\u00e3o e figure no Portugal Guia-te 2024. As vota\u00e7\u00f5es podem ser feitas at\u00e9 dia 23 de fevereiro, no <em>site<\/em> <a href=\"https:\/\/r.cinco-estrelas.pt\/\" target=\"_blank\" rel=\"noreferrer noopener\">https:\/\/r.cinco-estrelas.pt\/<\/a>.<\/p>\n\n\n\n<p>Com 10 anos deste sistema de avalia\u00e7\u00e3o em Portugal, os \u00faltimos 7 j\u00e1 com a edi\u00e7\u00e3o regional, o Pr\u00e9mio Cinco Estrelas Regi\u00f5es pretende distinguir e valorizar o que de melhor existe nas v\u00e1rias regi\u00f5es e nas diferentes \u00e1reas que caracterizam o nosso pa\u00eds, desde o patrim\u00f3nio hist\u00f3rico e cultural, recursos naturais, gastronomia, praias, produtos tradicionais portugueses, entre outros \u00edcones de refer\u00eancia.<\/p>\n\n\n\n<p>Al\u00e9m destes \u00edcones regionais de interesse nacional, o Pr\u00e9mio Cinco Estrelas Regi\u00f5es avalia e distingue ainda as marcas regionais, maioritariamente portuguesas, que se diferenciam pela sua qualidade e excel\u00eancia, e consequente import\u00e2ncia junto das comunidades onde est\u00e3o inseridas. A identifica\u00e7\u00e3o dos vencedores vai permitir tra\u00e7ar um roteiro do melhor que h\u00e1 em Portugal, de Norte a Sul, passando pelos Arquip\u00e9lagos. Os vencedores da edi\u00e7\u00e3o de 2024 ser\u00e3o conhecidos em abril, apresentando o que de melhor existe em Portugal atrav\u00e9s de um roteiro verdadeiramente Cinco Estrelas.<\/p>\n\n\n\n<p>Participe e contribua para a promo\u00e7\u00e3o do que Portugal tem de realmente Cinco Estrelas, regi\u00e3o a regi\u00e3o.<\/p>\n\n\n\n<p><strong>Sobre o Pr\u00e9mio Cinco Estrelas<\/strong> \u00c9 um sistema de avalia\u00e7\u00e3o que mede o grau de satisfa\u00e7\u00e3o que os produtos ou servi\u00e7os conferem aos seus utilizadores, tendo como crit\u00e9rios de avalia\u00e7\u00e3o as cinco principais vari\u00e1veis que influenciam os consumidores nas suas decis\u00f5es de compra\/consumo. Utiliza a metodologia mais completa e rigorosa do mercado, aplicando diferentes t\u00e9cnicas de recolha de informa\u00e7\u00e3o, de acordo com os diferentes produtos e servi\u00e7os e com o perfil do seu p\u00fablico-alvo. O Pr\u00e9mio Cinco Estrelas Regi\u00f5es aplica-se a produtos e servi\u00e7os de presen\u00e7a regional, pretendendo enaltecer o impacto que as empresas revelam na promo\u00e7\u00e3o do nosso pa\u00eds a n\u00edvel econ\u00f3mico e social, para al\u00e9m da riqueza patrimonial que caracteriza e valoriza o nosso pa\u00eds numa vertente igualmente tur\u00edstica, regi\u00e3o a regi\u00e3o.<\/p>\n","protected":false},"excerpt":{"rendered":"<p>O Pr\u00e9mio Cinco Estrelas Regi\u00f5es acaba de abrir as vota\u00e7\u00f5es para apurar os \u00edcones regionais de refer\u00eancia nacional vencedores da<\/p>\n","protected":false},"author":1,"featured_media":34798,"comment_status":"open","ping_status":"open","sticky":false,"template":"","format":"standard","meta":{"colormag_page_container_layout":"default_layout","colormag_page_sidebar_layout":"default_layout","_monsterinsights_skip_tracking":false,"_monsterinsights_sitenote_active":false,"_monsterinsights_sitenote_note":"","_monsterinsights_sitenote_category":0,"jetpack_post_was_ever_published":false,"_jetpack_newsletter_access":"","_jetpack_dont_email_post_to_subs":false,"_jetpack_newsletter_tier_id":0,"_jetpack_memberships_contains_paywalled_content":false,"_jetpack_memberships_contains_paid_content":false,"footnotes":"","jetpack_publicize_message":"","jetpack_publicize_feature_enabled":true,"jetpack_social_post_already_shared":true,"jetpack_social_options":{"image_generator_settings":{"template":"highway","default_image_id":0,"font":"","enabled":false},"version":2}},"categories":[189],"tags":[62,98],"class_list":["post-34797","post","type-post","status-publish","format-standard","has-post-thumbnail","hentry","category-nacional","tag-atualidade","tag-nacional"],"yoast_head":"<!-- This site is optimized with the Yoast SEO plugin v27.5 - https:\/\/yoast.com\/product\/yoast-seo-wordpress\/ -->\n<title>Pr\u00e9mio cinco estrelas regi\u00f5es d\u00e1 voz aos portugueses: vota\u00e7\u00f5es abertas para os \u00edcones regionais de 2024 - Algarve 7<\/title>\n<meta name=\"description\" content=\"Pr\u00e9mio cinco estrelas regi\u00f5es d\u00e1 voz aos portugueses: vota\u00e7\u00f5es abertas para os \u00edcones regionais de 2024 Nacional\" \/>\n<meta name=\"robots\" content=\"index, follow, max-snippet:-1, max-image-preview:large, max-video-preview:-1\" \/>\n<link rel=\"canonical\" href=\"https:\/\/algarve7.pt\/index.php\/2024\/01\/premio-cinco-estrelas-regioes-da-voz-aos-portugueses-votacoes-abertas-para-os-icones-regionais-de-2024\/nacional\/13\/08\/\" \/>\n<meta property=\"og:locale\" content=\"pt_PT\" \/>\n<meta property=\"og:type\" content=\"article\" \/>\n<meta property=\"og:title\" content=\"Pr\u00e9mio cinco estrelas regi\u00f5es d\u00e1 voz aos portugueses: vota\u00e7\u00f5es abertas para os \u00edcones regionais de 2024 - Algarve 7\" \/>\n<meta property=\"og:description\" content=\"Pr\u00e9mio cinco estrelas regi\u00f5es d\u00e1 voz aos portugueses: vota\u00e7\u00f5es abertas para os \u00edcones regionais de 2024 Nacional\" \/>\n<meta property=\"og:url\" content=\"https:\/\/algarve7.pt\/index.php\/2024\/01\/premio-cinco-estrelas-regioes-da-voz-aos-portugueses-votacoes-abertas-para-os-icones-regionais-de-2024\/nacional\/13\/08\/\" \/>\n<meta property=\"og:site_name\" content=\"Algarve 7\" \/>\n<meta property=\"article:publisher\" content=\"https:\/\/www.facebook.com\/algarve7\" \/>\n<meta property=\"article:author\" content=\"https:\/\/www.facebook.com\/algarve7\" \/>\n<meta property=\"article:published_time\" content=\"2024-01-18T13:08:39+00:00\" \/>\n<meta property=\"article:modified_time\" content=\"2024-01-18T13:08:41+00:00\" \/>\n<meta property=\"og:image\" content=\"https:\/\/algarve7.pt\/wp-content\/uploads\/2024\/01\/Novo-Logo-Regioes-2024.png\" \/>\n\t<meta property=\"og:image:width\" content=\"800\" \/>\n\t<meta property=\"og:image:height\" content=\"744\" \/>\n\t<meta property=\"og:image:type\" content=\"image\/png\" \/>\n<meta name=\"author\" content=\"Algarve 7\" \/>\n<meta name=\"twitter:card\" content=\"summary_large_image\" \/>\n<meta name=\"twitter:creator\" content=\"@Algarvesete\" \/>\n<meta name=\"twitter:site\" content=\"@Algarvesete\" \/>\n<meta name=\"twitter:label1\" content=\"Escrito por\" \/>\n\t<meta name=\"twitter:data1\" content=\"Algarve 7\" \/>\n\t<meta name=\"twitter:label2\" content=\"Tempo estimado de leitura\" \/>\n\t<meta name=\"twitter:data2\" content=\"3 minutos\" \/>\n<script type=\"application\/ld+json\" class=\"yoast-schema-graph\">{\"@context\":\"https:\\\/\\\/schema.org\",\"@graph\":[{\"@type\":\"Article\",\"@id\":\"https:\\\/\\\/algarve7.pt\\\/index.php\\\/2024\\\/01\\\/premio-cinco-estrelas-regioes-da-voz-aos-portugueses-votacoes-abertas-para-os-icones-regionais-de-2024\\\/nacional\\\/13\\\/08\\\/#article\",\"isPartOf\":{\"@id\":\"https:\\\/\\\/algarve7.pt\\\/index.php\\\/2024\\\/01\\\/premio-cinco-estrelas-regioes-da-voz-aos-portugueses-votacoes-abertas-para-os-icones-regionais-de-2024\\\/nacional\\\/13\\\/08\\\/\"},\"author\":{\"name\":\"Algarve 7\",\"@id\":\"https:\\\/\\\/algarve7.pt\\\/#\\\/schema\\\/person\\\/23fa70681308e7b319a3204bcea45e0c\"},\"headline\":\"Pr\u00e9mio cinco estrelas regi\u00f5es d\u00e1 voz aos portugueses: vota\u00e7\u00f5es abertas para os \u00edcones regionais de 2024\",\"datePublished\":\"2024-01-18T13:08:39+00:00\",\"dateModified\":\"2024-01-18T13:08:41+00:00\",\"mainEntityOfPage\":{\"@id\":\"https:\\\/\\\/algarve7.pt\\\/index.php\\\/2024\\\/01\\\/premio-cinco-estrelas-regioes-da-voz-aos-portugueses-votacoes-abertas-para-os-icones-regionais-de-2024\\\/nacional\\\/13\\\/08\\\/\"},\"wordCount\":445,\"commentCount\":0,\"publisher\":{\"@id\":\"https:\\\/\\\/algarve7.pt\\\/#organization\"},\"image\":{\"@id\":\"https:\\\/\\\/algarve7.pt\\\/index.php\\\/2024\\\/01\\\/premio-cinco-estrelas-regioes-da-voz-aos-portugueses-votacoes-abertas-para-os-icones-regionais-de-2024\\\/nacional\\\/13\\\/08\\\/#primaryimage\"},\"thumbnailUrl\":\"https:\\\/\\\/algarve7.pt\\\/wp-content\\\/uploads\\\/2024\\\/01\\\/Novo-Logo-Regioes-2024.png\",\"keywords\":[\"Atualidade\",\"Nacional\"],\"articleSection\":[\"Nacional\"],\"inLanguage\":\"pt-PT\",\"potentialAction\":[{\"@type\":\"CommentAction\",\"name\":\"Comment\",\"target\":[\"https:\\\/\\\/algarve7.pt\\\/index.php\\\/2024\\\/01\\\/premio-cinco-estrelas-regioes-da-voz-aos-portugueses-votacoes-abertas-para-os-icones-regionais-de-2024\\\/nacional\\\/13\\\/08\\\/#respond\"]}]},{\"@type\":\"WebPage\",\"@id\":\"https:\\\/\\\/algarve7.pt\\\/index.php\\\/2024\\\/01\\\/premio-cinco-estrelas-regioes-da-voz-aos-portugueses-votacoes-abertas-para-os-icones-regionais-de-2024\\\/nacional\\\/13\\\/08\\\/\",\"url\":\"https:\\\/\\\/algarve7.pt\\\/index.php\\\/2024\\\/01\\\/premio-cinco-estrelas-regioes-da-voz-aos-portugueses-votacoes-abertas-para-os-icones-regionais-de-2024\\\/nacional\\\/13\\\/08\\\/\",\"name\":\"Pr\u00e9mio cinco estrelas regi\u00f5es d\u00e1 voz aos portugueses: vota\u00e7\u00f5es abertas para os \u00edcones regionais de 2024 - Algarve 7\",\"isPartOf\":{\"@id\":\"https:\\\/\\\/algarve7.pt\\\/#website\"},\"primaryImageOfPage\":{\"@id\":\"https:\\\/\\\/algarve7.pt\\\/index.php\\\/2024\\\/01\\\/premio-cinco-estrelas-regioes-da-voz-aos-portugueses-votacoes-abertas-para-os-icones-regionais-de-2024\\\/nacional\\\/13\\\/08\\\/#primaryimage\"},\"image\":{\"@id\":\"https:\\\/\\\/algarve7.pt\\\/index.php\\\/2024\\\/01\\\/premio-cinco-estrelas-regioes-da-voz-aos-portugueses-votacoes-abertas-para-os-icones-regionais-de-2024\\\/nacional\\\/13\\\/08\\\/#primaryimage\"},\"thumbnailUrl\":\"https:\\\/\\\/algarve7.pt\\\/wp-content\\\/uploads\\\/2024\\\/01\\\/Novo-Logo-Regioes-2024.png\",\"datePublished\":\"2024-01-18T13:08:39+00:00\",\"dateModified\":\"2024-01-18T13:08:41+00:00\",\"description\":\"Pr\u00e9mio cinco estrelas regi\u00f5es d\u00e1 voz aos portugueses: vota\u00e7\u00f5es abertas para os \u00edcones regionais de 2024 Nacional\",\"breadcrumb\":{\"@id\":\"https:\\\/\\\/algarve7.pt\\\/index.php\\\/2024\\\/01\\\/premio-cinco-estrelas-regioes-da-voz-aos-portugueses-votacoes-abertas-para-os-icones-regionais-de-2024\\\/nacional\\\/13\\\/08\\\/#breadcrumb\"},\"inLanguage\":\"pt-PT\",\"potentialAction\":[{\"@type\":\"ReadAction\",\"target\":[\"https:\\\/\\\/algarve7.pt\\\/index.php\\\/2024\\\/01\\\/premio-cinco-estrelas-regioes-da-voz-aos-portugueses-votacoes-abertas-para-os-icones-regionais-de-2024\\\/nacional\\\/13\\\/08\\\/\"]}]},{\"@type\":\"ImageObject\",\"inLanguage\":\"pt-PT\",\"@id\":\"https:\\\/\\\/algarve7.pt\\\/index.php\\\/2024\\\/01\\\/premio-cinco-estrelas-regioes-da-voz-aos-portugueses-votacoes-abertas-para-os-icones-regionais-de-2024\\\/nacional\\\/13\\\/08\\\/#primaryimage\",\"url\":\"https:\\\/\\\/algarve7.pt\\\/wp-content\\\/uploads\\\/2024\\\/01\\\/Novo-Logo-Regioes-2024.png\",\"contentUrl\":\"https:\\\/\\\/algarve7.pt\\\/wp-content\\\/uploads\\\/2024\\\/01\\\/Novo-Logo-Regioes-2024.png\",\"width\":800,\"height\":744},{\"@type\":\"BreadcrumbList\",\"@id\":\"https:\\\/\\\/algarve7.pt\\\/index.php\\\/2024\\\/01\\\/premio-cinco-estrelas-regioes-da-voz-aos-portugueses-votacoes-abertas-para-os-icones-regionais-de-2024\\\/nacional\\\/13\\\/08\\\/#breadcrumb\",\"itemListElement\":[{\"@type\":\"ListItem\",\"position\":1,\"name\":\"In\u00edcio\",\"item\":\"https:\\\/\\\/algarve7.pt\\\/\"},{\"@type\":\"ListItem\",\"position\":2,\"name\":\"Pr\u00e9mio cinco estrelas regi\u00f5es d\u00e1 voz aos portugueses: vota\u00e7\u00f5es abertas para os \u00edcones regionais de 2024\"}]},{\"@type\":\"WebSite\",\"@id\":\"https:\\\/\\\/algarve7.pt\\\/#website\",\"url\":\"https:\\\/\\\/algarve7.pt\\\/\",\"name\":\"Algarve 7\",\"description\":\"Informa\u00e7\u00e3o sobre o Algarve\",\"publisher\":{\"@id\":\"https:\\\/\\\/algarve7.pt\\\/#organization\"},\"potentialAction\":[{\"@type\":\"SearchAction\",\"target\":{\"@type\":\"EntryPoint\",\"urlTemplate\":\"https:\\\/\\\/algarve7.pt\\\/?s={search_term_string}\"},\"query-input\":{\"@type\":\"PropertyValueSpecification\",\"valueRequired\":true,\"valueName\":\"search_term_string\"}}],\"inLanguage\":\"pt-PT\"},{\"@type\":\"Organization\",\"@id\":\"https:\\\/\\\/algarve7.pt\\\/#organization\",\"name\":\"Algarve 7\",\"url\":\"https:\\\/\\\/algarve7.pt\\\/\",\"logo\":{\"@type\":\"ImageObject\",\"inLanguage\":\"pt-PT\",\"@id\":\"https:\\\/\\\/algarve7.pt\\\/#\\\/schema\\\/logo\\\/image\\\/\",\"url\":\"https:\\\/\\\/algarve7.pt\\\/wp-content\\\/uploads\\\/2020\\\/10\\\/Logo-8.jpg\",\"contentUrl\":\"https:\\\/\\\/algarve7.pt\\\/wp-content\\\/uploads\\\/2020\\\/10\\\/Logo-8.jpg\",\"width\":1680,\"height\":1186,\"caption\":\"Algarve 7\"},\"image\":{\"@id\":\"https:\\\/\\\/algarve7.pt\\\/#\\\/schema\\\/logo\\\/image\\\/\"},\"sameAs\":[\"https:\\\/\\\/www.facebook.com\\\/algarve7\",\"https:\\\/\\\/x.com\\\/Algarvesete\",\"https:\\\/\\\/www.instagram.com\\\/jornalalgarve7\\\/\",\"https:\\\/\\\/www.linkedin.com\\\/company\\\/algarve7\",\"https:\\\/\\\/www.pinterest.pt\\\/geral0939\\\/_created\\\/\"]},{\"@type\":\"Person\",\"@id\":\"https:\\\/\\\/algarve7.pt\\\/#\\\/schema\\\/person\\\/23fa70681308e7b319a3204bcea45e0c\",\"name\":\"Algarve 7\",\"sameAs\":[\"https:\\\/\\\/algarve7.pt\",\"https:\\\/\\\/www.facebook.com\\\/algarve7\"],\"url\":\"https:\\\/\\\/algarve7.pt\\\/index.php\\\/author\\\/geralalgarve7-pt\\\/\"}]}<\/script>\n<!-- \/ Yoast SEO plugin. -->","yoast_head_json":{"title":"Pr\u00e9mio cinco estrelas regi\u00f5es d\u00e1 voz aos portugueses: vota\u00e7\u00f5es abertas para os \u00edcones regionais de 2024 - Algarve 7","description":"Pr\u00e9mio cinco estrelas regi\u00f5es d\u00e1 voz aos portugueses: vota\u00e7\u00f5es abertas para os \u00edcones regionais de 2024 Nacional","robots":{"index":"index","follow":"follow","max-snippet":"max-snippet:-1","max-image-preview":"max-image-preview:large","max-video-preview":"max-video-preview:-1"},"canonical":"https:\/\/algarve7.pt\/index.php\/2024\/01\/premio-cinco-estrelas-regioes-da-voz-aos-portugueses-votacoes-abertas-para-os-icones-regionais-de-2024\/nacional\/13\/08\/","og_locale":"pt_PT","og_type":"article","og_title":"Pr\u00e9mio cinco estrelas regi\u00f5es d\u00e1 voz aos portugueses: vota\u00e7\u00f5es abertas para os \u00edcones regionais de 2024 - Algarve 7","og_description":"Pr\u00e9mio cinco estrelas regi\u00f5es d\u00e1 voz aos portugueses: vota\u00e7\u00f5es abertas para os \u00edcones regionais de 2024 Nacional","og_url":"https:\/\/algarve7.pt\/index.php\/2024\/01\/premio-cinco-estrelas-regioes-da-voz-aos-portugueses-votacoes-abertas-para-os-icones-regionais-de-2024\/nacional\/13\/08\/","og_site_name":"Algarve 7","article_publisher":"https:\/\/www.facebook.com\/algarve7","article_author":"https:\/\/www.facebook.com\/algarve7","article_published_time":"2024-01-18T13:08:39+00:00","article_modified_time":"2024-01-18T13:08:41+00:00","og_image":[{"width":800,"height":744,"url":"https:\/\/algarve7.pt\/wp-content\/uploads\/2024\/01\/Novo-Logo-Regioes-2024.png","type":"image\/png"}],"author":"Algarve 7","twitter_card":"summary_large_image","twitter_creator":"@Algarvesete","twitter_site":"@Algarvesete","twitter_misc":{"Escrito por":"Algarve 7","Tempo estimado de leitura":"3 minutos"},"schema":{"@context":"https:\/\/schema.org","@graph":[{"@type":"Article","@id":"https:\/\/algarve7.pt\/index.php\/2024\/01\/premio-cinco-estrelas-regioes-da-voz-aos-portugueses-votacoes-abertas-para-os-icones-regionais-de-2024\/nacional\/13\/08\/#article","isPartOf":{"@id":"https:\/\/algarve7.pt\/index.php\/2024\/01\/premio-cinco-estrelas-regioes-da-voz-aos-portugueses-votacoes-abertas-para-os-icones-regionais-de-2024\/nacional\/13\/08\/"},"author":{"name":"Algarve 7","@id":"https:\/\/algarve7.pt\/#\/schema\/person\/23fa70681308e7b319a3204bcea45e0c"},"headline":"Pr\u00e9mio cinco estrelas regi\u00f5es d\u00e1 voz aos portugueses: vota\u00e7\u00f5es abertas para os \u00edcones regionais de 2024","datePublished":"2024-01-18T13:08:39+00:00","dateModified":"2024-01-18T13:08:41+00:00","mainEntityOfPage":{"@id":"https:\/\/algarve7.pt\/index.php\/2024\/01\/premio-cinco-estrelas-regioes-da-voz-aos-portugueses-votacoes-abertas-para-os-icones-regionais-de-2024\/nacional\/13\/08\/"},"wordCount":445,"commentCount":0,"publisher":{"@id":"https:\/\/algarve7.pt\/#organization"},"image":{"@id":"https:\/\/algarve7.pt\/index.php\/2024\/01\/premio-cinco-estrelas-regioes-da-voz-aos-portugueses-votacoes-abertas-para-os-icones-regionais-de-2024\/nacional\/13\/08\/#primaryimage"},"thumbnailUrl":"https:\/\/algarve7.pt\/wp-content\/uploads\/2024\/01\/Novo-Logo-Regioes-2024.png","keywords":["Atualidade","Nacional"],"articleSection":["Nacional"],"inLanguage":"pt-PT","potentialAction":[{"@type":"CommentAction","name":"Comment","target":["https:\/\/algarve7.pt\/index.php\/2024\/01\/premio-cinco-estrelas-regioes-da-voz-aos-portugueses-votacoes-abertas-para-os-icones-regionais-de-2024\/nacional\/13\/08\/#respond"]}]},{"@type":"WebPage","@id":"https:\/\/algarve7.pt\/index.php\/2024\/01\/premio-cinco-estrelas-regioes-da-voz-aos-portugueses-votacoes-abertas-para-os-icones-regionais-de-2024\/nacional\/13\/08\/","url":"https:\/\/algarve7.pt\/index.php\/2024\/01\/premio-cinco-estrelas-regioes-da-voz-aos-portugueses-votacoes-abertas-para-os-icones-regionais-de-2024\/nacional\/13\/08\/","name":"Pr\u00e9mio cinco estrelas regi\u00f5es d\u00e1 voz aos portugueses: vota\u00e7\u00f5es abertas para os \u00edcones regionais de 2024 - Algarve 7","isPartOf":{"@id":"https:\/\/algarve7.pt\/#website"},"primaryImageOfPage":{"@id":"https:\/\/algarve7.pt\/index.php\/2024\/01\/premio-cinco-estrelas-regioes-da-voz-aos-portugueses-votacoes-abertas-para-os-icones-regionais-de-2024\/nacional\/13\/08\/#primaryimage"},"image":{"@id":"https:\/\/algarve7.pt\/index.php\/2024\/01\/premio-cinco-estrelas-regioes-da-voz-aos-portugueses-votacoes-abertas-para-os-icones-regionais-de-2024\/nacional\/13\/08\/#primaryimage"},"thumbnailUrl":"https:\/\/algarve7.pt\/wp-content\/uploads\/2024\/01\/Novo-Logo-Regioes-2024.png","datePublished":"2024-01-18T13:08:39+00:00","dateModified":"2024-01-18T13:08:41+00:00","description":"Pr\u00e9mio cinco estrelas regi\u00f5es d\u00e1 voz aos portugueses: vota\u00e7\u00f5es abertas para os \u00edcones regionais de 2024 Nacional","breadcrumb":{"@id":"https:\/\/algarve7.pt\/index.php\/2024\/01\/premio-cinco-estrelas-regioes-da-voz-aos-portugueses-votacoes-abertas-para-os-icones-regionais-de-2024\/nacional\/13\/08\/#breadcrumb"},"inLanguage":"pt-PT","potentialAction":[{"@type":"ReadAction","target":["https:\/\/algarve7.pt\/index.php\/2024\/01\/premio-cinco-estrelas-regioes-da-voz-aos-portugueses-votacoes-abertas-para-os-icones-regionais-de-2024\/nacional\/13\/08\/"]}]},{"@type":"ImageObject","inLanguage":"pt-PT","@id":"https:\/\/algarve7.pt\/index.php\/2024\/01\/premio-cinco-estrelas-regioes-da-voz-aos-portugueses-votacoes-abertas-para-os-icones-regionais-de-2024\/nacional\/13\/08\/#primaryimage","url":"https:\/\/algarve7.pt\/wp-content\/uploads\/2024\/01\/Novo-Logo-Regioes-2024.png","contentUrl":"https:\/\/algarve7.pt\/wp-content\/uploads\/2024\/01\/Novo-Logo-Regioes-2024.png","width":800,"height":744},{"@type":"BreadcrumbList","@id":"https:\/\/algarve7.pt\/index.php\/2024\/01\/premio-cinco-estrelas-regioes-da-voz-aos-portugueses-votacoes-abertas-para-os-icones-regionais-de-2024\/nacional\/13\/08\/#breadcrumb","itemListElement":[{"@type":"ListItem","position":1,"name":"In\u00edcio","item":"https:\/\/algarve7.pt\/"},{"@type":"ListItem","position":2,"name":"Pr\u00e9mio cinco estrelas regi\u00f5es d\u00e1 voz aos portugueses: vota\u00e7\u00f5es abertas para os \u00edcones regionais de 2024"}]},{"@type":"WebSite","@id":"https:\/\/algarve7.pt\/#website","url":"https:\/\/algarve7.pt\/","name":"Algarve 7","description":"Informa\u00e7\u00e3o sobre o Algarve","publisher":{"@id":"https:\/\/algarve7.pt\/#organization"},"potentialAction":[{"@type":"SearchAction","target":{"@type":"EntryPoint","urlTemplate":"https:\/\/algarve7.pt\/?s={search_term_string}"},"query-input":{"@type":"PropertyValueSpecification","valueRequired":true,"valueName":"search_term_string"}}],"inLanguage":"pt-PT"},{"@type":"Organization","@id":"https:\/\/algarve7.pt\/#organization","name":"Algarve 7","url":"https:\/\/algarve7.pt\/","logo":{"@type":"ImageObject","inLanguage":"pt-PT","@id":"https:\/\/algarve7.pt\/#\/schema\/logo\/image\/","url":"https:\/\/algarve7.pt\/wp-content\/uploads\/2020\/10\/Logo-8.jpg","contentUrl":"https:\/\/algarve7.pt\/wp-content\/uploads\/2020\/10\/Logo-8.jpg","width":1680,"height":1186,"caption":"Algarve 7"},"image":{"@id":"https:\/\/algarve7.pt\/#\/schema\/logo\/image\/"},"sameAs":["https:\/\/www.facebook.com\/algarve7","https:\/\/x.com\/Algarvesete","https:\/\/www.instagram.com\/jornalalgarve7\/","https:\/\/www.linkedin.com\/company\/algarve7","https:\/\/www.pinterest.pt\/geral0939\/_created\/"]},{"@type":"Person","@id":"https:\/\/algarve7.pt\/#\/schema\/person\/23fa70681308e7b319a3204bcea45e0c","name":"Algarve 7","sameAs":["https:\/\/algarve7.pt","https:\/\/www.facebook.com\/algarve7"],"url":"https:\/\/algarve7.pt\/index.php\/author\/geralalgarve7-pt\/"}]}},"jetpack_publicize_connections":[],"jetpack_featured_media_url":"https:\/\/algarve7.pt\/wp-content\/uploads\/2024\/01\/Novo-Logo-Regioes-2024.png","jetpack_shortlink":"https:\/\/wp.me\/pcezmW-93f","jetpack_sharing_enabled":true,"_links":{"self":[{"href":"https:\/\/algarve7.pt\/index.php\/wp-json\/wp\/v2\/posts\/34797","targetHints":{"allow":["GET"]}}],"collection":[{"href":"https:\/\/algarve7.pt\/index.php\/wp-json\/wp\/v2\/posts"}],"about":[{"href":"https:\/\/algarve7.pt\/index.php\/wp-json\/wp\/v2\/types\/post"}],"author":[{"embeddable":true,"href":"https:\/\/algarve7.pt\/index.php\/wp-json\/wp\/v2\/users\/1"}],"replies":[{"embeddable":true,"href":"https:\/\/algarve7.pt\/index.php\/wp-json\/wp\/v2\/comments?post=34797"}],"version-history":[{"count":0,"href":"https:\/\/algarve7.pt\/index.php\/wp-json\/wp\/v2\/posts\/34797\/revisions"}],"wp:featuredmedia":[{"embeddable":true,"href":"https:\/\/algarve7.pt\/index.php\/wp-json\/wp\/v2\/media\/34798"}],"wp:attachment":[{"href":"https:\/\/algarve7.pt\/index.php\/wp-json\/wp\/v2\/media?parent=34797"}],"wp:term":[{"taxonomy":"category","embeddable":true,"href":"https:\/\/algarve7.pt\/index.php\/wp-json\/wp\/v2\/categories?post=34797"},{"taxonomy":"post_tag","embeddable":true,"href":"https:\/\/algarve7.pt\/index.php\/wp-json\/wp\/v2\/tags?post=34797"}],"curies":[{"name":"wp","href":"https:\/\/api.w.org\/{rel}","templated":true}]}}