{"id":34792,"date":"2024-01-18T11:00:00","date_gmt":"2024-01-18T11:00:00","guid":{"rendered":"https:\/\/algarve7.pt\/?p=34792"},"modified":"2024-01-18T09:18:20","modified_gmt":"2024-01-18T09:18:20","slug":"nao-quero-morrer-aqui-livro-com-fotos-sobre-vidas-de-animais-apresentado-em-loule","status":"publish","type":"post","link":"https:\/\/algarve7.pt\/index.php\/2024\/01\/nao-quero-morrer-aqui-livro-com-fotos-sobre-vidas-de-animais-apresentado-em-loule\/cultura\/11\/00\/","title":{"rendered":"\u201cN\u00e3o quero morrer aqui\u201d: livro com fotos sobre vidas de animais apresentado em Loul\u00e9"},"content":{"rendered":"\n<p>A 27 de janeiro, pelas 15h00, na Biblioteca Municipal de Loul\u00e9, Carlos Filipe apresenta a sua obra \u201cN\u00e3o quero morrer aqui\u201d.<\/p>\n\n\n\n<p>\u201cN\u00e3o quero morrer aqui\u201d \u00e9 um livro de textos e fotografias que compilam vidas de animais de v\u00e1rios pontos do pa\u00eds com diferen\u00e7as e semelhan\u00e7as que os unem e distinguem. Nele foram compiladas hist\u00f3rias de almas que se partiram e voltaram a juntar com li\u00e7\u00f5es para nos ensinar quando precisamos de for\u00e7a para continuar.<\/p>\n\n\n\n<p>\u00abSer\u00e1 que o tempo passa depressa ou devagar para quem os dias s\u00e3o todos iguais e a<\/p>\n\n\n\n<p>corrente apenas lhes d\u00e1 um metro de liberdade? A que sabe um prato de comida quando toda a sua vida n\u00e3o conseguiu saborear nada que n\u00e3o tivesse formigas em cima ou o gosto de algo que j\u00e1 passou do prazo?<\/p>\n\n\n\n<p>Deixei, h\u00e1 muito tempo, de contar o n\u00famero de animais que fotografei com o objetivo de os ajudar a encontrar uma nova vida. Uma melhor do que a que tinham conhecido at\u00e9 ent\u00e3o. Desisti, tamb\u00e9m, de enumerar as in\u00fameras raz\u00f5es pelas quais deixam de servir, deixam de ser parte integrante de uma qualquer fam\u00edlia, deixam de merecer pertencer ao lar que sempre conheceram.\u00bb.<\/p>\n\n\n\n<p>Carlos Filipe \u00e9 natural de Aljustrel, mas vive, atualmente, no Algarve. O seu trabalho fotogr\u00e1fico focava-se muito nos sentimentos, no transferir para a fotografia o que lhe ia na alma, o que nos tira o sono, o que nos preocupa\u2026 Quase como um exerc\u00edcio. Passou dois anos a viajar pelo mundo e quando regressou decidiu retomar a fotografia, mas numa vertente mais adulta, explorando campos pouco trabalhados como a fotografia de animais de estima\u00e7\u00e3o.<\/p>\n\n\n\n<p>Atualmente tem o seu est\u00fadio de fotografia em Lagoa, no Algarve onde, al\u00e9m de todos os servi\u00e7os que oferece, continua a colaborar com Associa\u00e7\u00f5es de Defesa dos animais recebendo frequentemente animais resgatados que fotografa de forma a impulsionar a sua ado\u00e7\u00e3o. Lan\u00e7ou o livro \u201cAmigos (im)Perfeitos\u201d e criou a exposi\u00e7\u00e3o com o mesmo nome que vai abrindo horizontes para a aceita\u00e7\u00e3o da diferen\u00e7a e a inclus\u00e3o do que \u00e9 diferente.<\/p>\n\n\n\n<p>A sess\u00e3o \u00e9 de entrada livre.<\/p>\n\n\n\n<p>De referir que, no \u00e2mbito deste livro, estar\u00e1 patente ao p\u00fablico no \u00e1trio da Biblioteca, at\u00e9 29 de janeiro, a exposi\u00e7\u00e3o de fotografia com imagens de Carlos Filipe.<\/p>\n","protected":false},"excerpt":{"rendered":"<p>A 27 de janeiro, pelas 15h00, na Biblioteca Municipal de Loul\u00e9, Carlos Filipe apresenta a sua obra \u201cN\u00e3o quero morrer<\/p>\n","protected":false},"author":1,"featured_media":34793,"comment_status":"closed","ping_status":"open","sticky":false,"template":"","format":"standard","meta":{"colormag_page_container_layout":"default_layout","colormag_page_sidebar_layout":"default_layout","_monsterinsights_skip_tracking":false,"_monsterinsights_sitenote_active":false,"_monsterinsights_sitenote_note":"","_monsterinsights_sitenote_category":0,"jetpack_post_was_ever_published":false,"_jetpack_newsletter_access":"","_jetpack_dont_email_post_to_subs":false,"_jetpack_newsletter_tier_id":0,"_jetpack_memberships_contains_paywalled_content":false,"_jetpack_memberships_contains_paid_content":false,"footnotes":"","jetpack_publicize_message":"","jetpack_publicize_feature_enabled":true,"jetpack_social_post_already_shared":true,"jetpack_social_options":{"image_generator_settings":{"template":"highway","default_image_id":0,"font":"","enabled":false},"version":2}},"categories":[14],"tags":[36,35,31],"class_list":["post-34792","post","type-post","status-publish","format-standard","has-post-thumbnail","hentry","category-cultura","tag-algarve","tag-cultura","tag-loule"],"yoast_head":"<!-- This site is optimized with the Yoast SEO plugin v27.5 - https:\/\/yoast.com\/product\/yoast-seo-wordpress\/ -->\n<title>\u201cN\u00e3o quero morrer aqui\u201d: livro com fotos sobre vidas de animais apresentado em Loul\u00e9 - Algarve 7<\/title>\n<meta name=\"description\" content=\"\u201cN\u00e3o quero morrer aqui\u201d: livro com fotos sobre vidas de animais apresentado em Loul\u00e9 Cultura\" \/>\n<meta name=\"robots\" content=\"index, follow, max-snippet:-1, max-image-preview:large, max-video-preview:-1\" \/>\n<link rel=\"canonical\" href=\"https:\/\/algarve7.pt\/index.php\/2024\/01\/nao-quero-morrer-aqui-livro-com-fotos-sobre-vidas-de-animais-apresentado-em-loule\/cultura\/11\/00\/\" \/>\n<meta property=\"og:locale\" content=\"pt_PT\" \/>\n<meta property=\"og:type\" content=\"article\" \/>\n<meta property=\"og:title\" content=\"\u201cN\u00e3o quero morrer aqui\u201d: livro com fotos sobre vidas de animais apresentado em Loul\u00e9 - Algarve 7\" \/>\n<meta property=\"og:description\" content=\"\u201cN\u00e3o quero morrer aqui\u201d: livro com fotos sobre vidas de animais apresentado em Loul\u00e9 Cultura\" \/>\n<meta property=\"og:url\" content=\"https:\/\/algarve7.pt\/index.php\/2024\/01\/nao-quero-morrer-aqui-livro-com-fotos-sobre-vidas-de-animais-apresentado-em-loule\/cultura\/11\/00\/\" \/>\n<meta property=\"og:site_name\" content=\"Algarve 7\" \/>\n<meta property=\"article:publisher\" content=\"https:\/\/www.facebook.com\/algarve7\" \/>\n<meta property=\"article:author\" content=\"https:\/\/www.facebook.com\/algarve7\" \/>\n<meta property=\"article:published_time\" content=\"2024-01-18T11:00:00+00:00\" \/>\n<meta property=\"og:image\" content=\"https:\/\/algarve7.pt\/wp-content\/uploads\/2024\/01\/Captura-de-ecra-2024-01-18-as-09.15.27.png\" \/>\n\t<meta property=\"og:image:width\" content=\"1000\" \/>\n\t<meta property=\"og:image:height\" content=\"656\" \/>\n\t<meta property=\"og:image:type\" content=\"image\/png\" \/>\n<meta name=\"author\" content=\"Algarve 7\" \/>\n<meta name=\"twitter:card\" content=\"summary_large_image\" \/>\n<meta name=\"twitter:creator\" content=\"@Algarvesete\" \/>\n<meta name=\"twitter:site\" content=\"@Algarvesete\" \/>\n<meta name=\"twitter:label1\" content=\"Escrito por\" \/>\n\t<meta name=\"twitter:data1\" content=\"Algarve 7\" \/>\n\t<meta name=\"twitter:label2\" content=\"Tempo estimado de leitura\" \/>\n\t<meta name=\"twitter:data2\" content=\"3 minutos\" \/>\n<script type=\"application\/ld+json\" class=\"yoast-schema-graph\">{\"@context\":\"https:\\\/\\\/schema.org\",\"@graph\":[{\"@type\":\"Article\",\"@id\":\"https:\\\/\\\/algarve7.pt\\\/index.php\\\/2024\\\/01\\\/nao-quero-morrer-aqui-livro-com-fotos-sobre-vidas-de-animais-apresentado-em-loule\\\/cultura\\\/11\\\/00\\\/#article\",\"isPartOf\":{\"@id\":\"https:\\\/\\\/algarve7.pt\\\/index.php\\\/2024\\\/01\\\/nao-quero-morrer-aqui-livro-com-fotos-sobre-vidas-de-animais-apresentado-em-loule\\\/cultura\\\/11\\\/00\\\/\"},\"author\":{\"name\":\"Algarve 7\",\"@id\":\"https:\\\/\\\/algarve7.pt\\\/#\\\/schema\\\/person\\\/23fa70681308e7b319a3204bcea45e0c\"},\"headline\":\"\u201cN\u00e3o quero morrer aqui\u201d: livro com fotos sobre vidas de animais apresentado em Loul\u00e9\",\"datePublished\":\"2024-01-18T11:00:00+00:00\",\"mainEntityOfPage\":{\"@id\":\"https:\\\/\\\/algarve7.pt\\\/index.php\\\/2024\\\/01\\\/nao-quero-morrer-aqui-livro-com-fotos-sobre-vidas-de-animais-apresentado-em-loule\\\/cultura\\\/11\\\/00\\\/\"},\"wordCount\":417,\"publisher\":{\"@id\":\"https:\\\/\\\/algarve7.pt\\\/#organization\"},\"image\":{\"@id\":\"https:\\\/\\\/algarve7.pt\\\/index.php\\\/2024\\\/01\\\/nao-quero-morrer-aqui-livro-com-fotos-sobre-vidas-de-animais-apresentado-em-loule\\\/cultura\\\/11\\\/00\\\/#primaryimage\"},\"thumbnailUrl\":\"https:\\\/\\\/algarve7.pt\\\/wp-content\\\/uploads\\\/2024\\\/01\\\/Captura-de-ecra-2024-01-18-as-09.15.27.png\",\"keywords\":[\"Algarve\",\"Cultura\",\"Loul\u00e9\"],\"articleSection\":[\"Cultura\"],\"inLanguage\":\"pt-PT\"},{\"@type\":\"WebPage\",\"@id\":\"https:\\\/\\\/algarve7.pt\\\/index.php\\\/2024\\\/01\\\/nao-quero-morrer-aqui-livro-com-fotos-sobre-vidas-de-animais-apresentado-em-loule\\\/cultura\\\/11\\\/00\\\/\",\"url\":\"https:\\\/\\\/algarve7.pt\\\/index.php\\\/2024\\\/01\\\/nao-quero-morrer-aqui-livro-com-fotos-sobre-vidas-de-animais-apresentado-em-loule\\\/cultura\\\/11\\\/00\\\/\",\"name\":\"\u201cN\u00e3o quero morrer aqui\u201d: livro com fotos sobre vidas de animais apresentado em Loul\u00e9 - Algarve 7\",\"isPartOf\":{\"@id\":\"https:\\\/\\\/algarve7.pt\\\/#website\"},\"primaryImageOfPage\":{\"@id\":\"https:\\\/\\\/algarve7.pt\\\/index.php\\\/2024\\\/01\\\/nao-quero-morrer-aqui-livro-com-fotos-sobre-vidas-de-animais-apresentado-em-loule\\\/cultura\\\/11\\\/00\\\/#primaryimage\"},\"image\":{\"@id\":\"https:\\\/\\\/algarve7.pt\\\/index.php\\\/2024\\\/01\\\/nao-quero-morrer-aqui-livro-com-fotos-sobre-vidas-de-animais-apresentado-em-loule\\\/cultura\\\/11\\\/00\\\/#primaryimage\"},\"thumbnailUrl\":\"https:\\\/\\\/algarve7.pt\\\/wp-content\\\/uploads\\\/2024\\\/01\\\/Captura-de-ecra-2024-01-18-as-09.15.27.png\",\"datePublished\":\"2024-01-18T11:00:00+00:00\",\"description\":\"\u201cN\u00e3o quero morrer aqui\u201d: livro com fotos sobre vidas de animais apresentado em Loul\u00e9 Cultura\",\"breadcrumb\":{\"@id\":\"https:\\\/\\\/algarve7.pt\\\/index.php\\\/2024\\\/01\\\/nao-quero-morrer-aqui-livro-com-fotos-sobre-vidas-de-animais-apresentado-em-loule\\\/cultura\\\/11\\\/00\\\/#breadcrumb\"},\"inLanguage\":\"pt-PT\",\"potentialAction\":[{\"@type\":\"ReadAction\",\"target\":[\"https:\\\/\\\/algarve7.pt\\\/index.php\\\/2024\\\/01\\\/nao-quero-morrer-aqui-livro-com-fotos-sobre-vidas-de-animais-apresentado-em-loule\\\/cultura\\\/11\\\/00\\\/\"]}]},{\"@type\":\"ImageObject\",\"inLanguage\":\"pt-PT\",\"@id\":\"https:\\\/\\\/algarve7.pt\\\/index.php\\\/2024\\\/01\\\/nao-quero-morrer-aqui-livro-com-fotos-sobre-vidas-de-animais-apresentado-em-loule\\\/cultura\\\/11\\\/00\\\/#primaryimage\",\"url\":\"https:\\\/\\\/algarve7.pt\\\/wp-content\\\/uploads\\\/2024\\\/01\\\/Captura-de-ecra-2024-01-18-as-09.15.27.png\",\"contentUrl\":\"https:\\\/\\\/algarve7.pt\\\/wp-content\\\/uploads\\\/2024\\\/01\\\/Captura-de-ecra-2024-01-18-as-09.15.27.png\",\"width\":1000,\"height\":656},{\"@type\":\"BreadcrumbList\",\"@id\":\"https:\\\/\\\/algarve7.pt\\\/index.php\\\/2024\\\/01\\\/nao-quero-morrer-aqui-livro-com-fotos-sobre-vidas-de-animais-apresentado-em-loule\\\/cultura\\\/11\\\/00\\\/#breadcrumb\",\"itemListElement\":[{\"@type\":\"ListItem\",\"position\":1,\"name\":\"In\u00edcio\",\"item\":\"https:\\\/\\\/algarve7.pt\\\/\"},{\"@type\":\"ListItem\",\"position\":2,\"name\":\"\u201cN\u00e3o quero morrer aqui\u201d: livro com fotos sobre vidas de animais apresentado em Loul\u00e9\"}]},{\"@type\":\"WebSite\",\"@id\":\"https:\\\/\\\/algarve7.pt\\\/#website\",\"url\":\"https:\\\/\\\/algarve7.pt\\\/\",\"name\":\"Algarve 7\",\"description\":\"Informa\u00e7\u00e3o sobre o Algarve\",\"publisher\":{\"@id\":\"https:\\\/\\\/algarve7.pt\\\/#organization\"},\"potentialAction\":[{\"@type\":\"SearchAction\",\"target\":{\"@type\":\"EntryPoint\",\"urlTemplate\":\"https:\\\/\\\/algarve7.pt\\\/?s={search_term_string}\"},\"query-input\":{\"@type\":\"PropertyValueSpecification\",\"valueRequired\":true,\"valueName\":\"search_term_string\"}}],\"inLanguage\":\"pt-PT\"},{\"@type\":\"Organization\",\"@id\":\"https:\\\/\\\/algarve7.pt\\\/#organization\",\"name\":\"Algarve 7\",\"url\":\"https:\\\/\\\/algarve7.pt\\\/\",\"logo\":{\"@type\":\"ImageObject\",\"inLanguage\":\"pt-PT\",\"@id\":\"https:\\\/\\\/algarve7.pt\\\/#\\\/schema\\\/logo\\\/image\\\/\",\"url\":\"https:\\\/\\\/algarve7.pt\\\/wp-content\\\/uploads\\\/2020\\\/10\\\/Logo-8.jpg\",\"contentUrl\":\"https:\\\/\\\/algarve7.pt\\\/wp-content\\\/uploads\\\/2020\\\/10\\\/Logo-8.jpg\",\"width\":1680,\"height\":1186,\"caption\":\"Algarve 7\"},\"image\":{\"@id\":\"https:\\\/\\\/algarve7.pt\\\/#\\\/schema\\\/logo\\\/image\\\/\"},\"sameAs\":[\"https:\\\/\\\/www.facebook.com\\\/algarve7\",\"https:\\\/\\\/x.com\\\/Algarvesete\",\"https:\\\/\\\/www.instagram.com\\\/jornalalgarve7\\\/\",\"https:\\\/\\\/www.linkedin.com\\\/company\\\/algarve7\",\"https:\\\/\\\/www.pinterest.pt\\\/geral0939\\\/_created\\\/\"]},{\"@type\":\"Person\",\"@id\":\"https:\\\/\\\/algarve7.pt\\\/#\\\/schema\\\/person\\\/23fa70681308e7b319a3204bcea45e0c\",\"name\":\"Algarve 7\",\"sameAs\":[\"https:\\\/\\\/algarve7.pt\",\"https:\\\/\\\/www.facebook.com\\\/algarve7\"],\"url\":\"https:\\\/\\\/algarve7.pt\\\/index.php\\\/author\\\/geralalgarve7-pt\\\/\"}]}<\/script>\n<!-- \/ Yoast SEO plugin. -->","yoast_head_json":{"title":"\u201cN\u00e3o quero morrer aqui\u201d: livro com fotos sobre vidas de animais apresentado em Loul\u00e9 - Algarve 7","description":"\u201cN\u00e3o quero morrer aqui\u201d: livro com fotos sobre vidas de animais apresentado em Loul\u00e9 Cultura","robots":{"index":"index","follow":"follow","max-snippet":"max-snippet:-1","max-image-preview":"max-image-preview:large","max-video-preview":"max-video-preview:-1"},"canonical":"https:\/\/algarve7.pt\/index.php\/2024\/01\/nao-quero-morrer-aqui-livro-com-fotos-sobre-vidas-de-animais-apresentado-em-loule\/cultura\/11\/00\/","og_locale":"pt_PT","og_type":"article","og_title":"\u201cN\u00e3o quero morrer aqui\u201d: livro com fotos sobre vidas de animais apresentado em Loul\u00e9 - Algarve 7","og_description":"\u201cN\u00e3o quero morrer aqui\u201d: livro com fotos sobre vidas de animais apresentado em Loul\u00e9 Cultura","og_url":"https:\/\/algarve7.pt\/index.php\/2024\/01\/nao-quero-morrer-aqui-livro-com-fotos-sobre-vidas-de-animais-apresentado-em-loule\/cultura\/11\/00\/","og_site_name":"Algarve 7","article_publisher":"https:\/\/www.facebook.com\/algarve7","article_author":"https:\/\/www.facebook.com\/algarve7","article_published_time":"2024-01-18T11:00:00+00:00","og_image":[{"width":1000,"height":656,"url":"https:\/\/algarve7.pt\/wp-content\/uploads\/2024\/01\/Captura-de-ecra-2024-01-18-as-09.15.27.png","type":"image\/png"}],"author":"Algarve 7","twitter_card":"summary_large_image","twitter_creator":"@Algarvesete","twitter_site":"@Algarvesete","twitter_misc":{"Escrito por":"Algarve 7","Tempo estimado de leitura":"3 minutos"},"schema":{"@context":"https:\/\/schema.org","@graph":[{"@type":"Article","@id":"https:\/\/algarve7.pt\/index.php\/2024\/01\/nao-quero-morrer-aqui-livro-com-fotos-sobre-vidas-de-animais-apresentado-em-loule\/cultura\/11\/00\/#article","isPartOf":{"@id":"https:\/\/algarve7.pt\/index.php\/2024\/01\/nao-quero-morrer-aqui-livro-com-fotos-sobre-vidas-de-animais-apresentado-em-loule\/cultura\/11\/00\/"},"author":{"name":"Algarve 7","@id":"https:\/\/algarve7.pt\/#\/schema\/person\/23fa70681308e7b319a3204bcea45e0c"},"headline":"\u201cN\u00e3o quero morrer aqui\u201d: livro com fotos sobre vidas de animais apresentado em Loul\u00e9","datePublished":"2024-01-18T11:00:00+00:00","mainEntityOfPage":{"@id":"https:\/\/algarve7.pt\/index.php\/2024\/01\/nao-quero-morrer-aqui-livro-com-fotos-sobre-vidas-de-animais-apresentado-em-loule\/cultura\/11\/00\/"},"wordCount":417,"publisher":{"@id":"https:\/\/algarve7.pt\/#organization"},"image":{"@id":"https:\/\/algarve7.pt\/index.php\/2024\/01\/nao-quero-morrer-aqui-livro-com-fotos-sobre-vidas-de-animais-apresentado-em-loule\/cultura\/11\/00\/#primaryimage"},"thumbnailUrl":"https:\/\/algarve7.pt\/wp-content\/uploads\/2024\/01\/Captura-de-ecra-2024-01-18-as-09.15.27.png","keywords":["Algarve","Cultura","Loul\u00e9"],"articleSection":["Cultura"],"inLanguage":"pt-PT"},{"@type":"WebPage","@id":"https:\/\/algarve7.pt\/index.php\/2024\/01\/nao-quero-morrer-aqui-livro-com-fotos-sobre-vidas-de-animais-apresentado-em-loule\/cultura\/11\/00\/","url":"https:\/\/algarve7.pt\/index.php\/2024\/01\/nao-quero-morrer-aqui-livro-com-fotos-sobre-vidas-de-animais-apresentado-em-loule\/cultura\/11\/00\/","name":"\u201cN\u00e3o quero morrer aqui\u201d: livro com fotos sobre vidas de animais apresentado em Loul\u00e9 - Algarve 7","isPartOf":{"@id":"https:\/\/algarve7.pt\/#website"},"primaryImageOfPage":{"@id":"https:\/\/algarve7.pt\/index.php\/2024\/01\/nao-quero-morrer-aqui-livro-com-fotos-sobre-vidas-de-animais-apresentado-em-loule\/cultura\/11\/00\/#primaryimage"},"image":{"@id":"https:\/\/algarve7.pt\/index.php\/2024\/01\/nao-quero-morrer-aqui-livro-com-fotos-sobre-vidas-de-animais-apresentado-em-loule\/cultura\/11\/00\/#primaryimage"},"thumbnailUrl":"https:\/\/algarve7.pt\/wp-content\/uploads\/2024\/01\/Captura-de-ecra-2024-01-18-as-09.15.27.png","datePublished":"2024-01-18T11:00:00+00:00","description":"\u201cN\u00e3o quero morrer aqui\u201d: livro com fotos sobre vidas de animais apresentado em Loul\u00e9 Cultura","breadcrumb":{"@id":"https:\/\/algarve7.pt\/index.php\/2024\/01\/nao-quero-morrer-aqui-livro-com-fotos-sobre-vidas-de-animais-apresentado-em-loule\/cultura\/11\/00\/#breadcrumb"},"inLanguage":"pt-PT","potentialAction":[{"@type":"ReadAction","target":["https:\/\/algarve7.pt\/index.php\/2024\/01\/nao-quero-morrer-aqui-livro-com-fotos-sobre-vidas-de-animais-apresentado-em-loule\/cultura\/11\/00\/"]}]},{"@type":"ImageObject","inLanguage":"pt-PT","@id":"https:\/\/algarve7.pt\/index.php\/2024\/01\/nao-quero-morrer-aqui-livro-com-fotos-sobre-vidas-de-animais-apresentado-em-loule\/cultura\/11\/00\/#primaryimage","url":"https:\/\/algarve7.pt\/wp-content\/uploads\/2024\/01\/Captura-de-ecra-2024-01-18-as-09.15.27.png","contentUrl":"https:\/\/algarve7.pt\/wp-content\/uploads\/2024\/01\/Captura-de-ecra-2024-01-18-as-09.15.27.png","width":1000,"height":656},{"@type":"BreadcrumbList","@id":"https:\/\/algarve7.pt\/index.php\/2024\/01\/nao-quero-morrer-aqui-livro-com-fotos-sobre-vidas-de-animais-apresentado-em-loule\/cultura\/11\/00\/#breadcrumb","itemListElement":[{"@type":"ListItem","position":1,"name":"In\u00edcio","item":"https:\/\/algarve7.pt\/"},{"@type":"ListItem","position":2,"name":"\u201cN\u00e3o quero morrer aqui\u201d: livro com fotos sobre vidas de animais apresentado em Loul\u00e9"}]},{"@type":"WebSite","@id":"https:\/\/algarve7.pt\/#website","url":"https:\/\/algarve7.pt\/","name":"Algarve 7","description":"Informa\u00e7\u00e3o sobre o Algarve","publisher":{"@id":"https:\/\/algarve7.pt\/#organization"},"potentialAction":[{"@type":"SearchAction","target":{"@type":"EntryPoint","urlTemplate":"https:\/\/algarve7.pt\/?s={search_term_string}"},"query-input":{"@type":"PropertyValueSpecification","valueRequired":true,"valueName":"search_term_string"}}],"inLanguage":"pt-PT"},{"@type":"Organization","@id":"https:\/\/algarve7.pt\/#organization","name":"Algarve 7","url":"https:\/\/algarve7.pt\/","logo":{"@type":"ImageObject","inLanguage":"pt-PT","@id":"https:\/\/algarve7.pt\/#\/schema\/logo\/image\/","url":"https:\/\/algarve7.pt\/wp-content\/uploads\/2020\/10\/Logo-8.jpg","contentUrl":"https:\/\/algarve7.pt\/wp-content\/uploads\/2020\/10\/Logo-8.jpg","width":1680,"height":1186,"caption":"Algarve 7"},"image":{"@id":"https:\/\/algarve7.pt\/#\/schema\/logo\/image\/"},"sameAs":["https:\/\/www.facebook.com\/algarve7","https:\/\/x.com\/Algarvesete","https:\/\/www.instagram.com\/jornalalgarve7\/","https:\/\/www.linkedin.com\/company\/algarve7","https:\/\/www.pinterest.pt\/geral0939\/_created\/"]},{"@type":"Person","@id":"https:\/\/algarve7.pt\/#\/schema\/person\/23fa70681308e7b319a3204bcea45e0c","name":"Algarve 7","sameAs":["https:\/\/algarve7.pt","https:\/\/www.facebook.com\/algarve7"],"url":"https:\/\/algarve7.pt\/index.php\/author\/geralalgarve7-pt\/"}]}},"jetpack_publicize_connections":[],"jetpack_featured_media_url":"https:\/\/algarve7.pt\/wp-content\/uploads\/2024\/01\/Captura-de-ecra-2024-01-18-as-09.15.27.png","jetpack_shortlink":"https:\/\/wp.me\/pcezmW-93a","jetpack_sharing_enabled":true,"_links":{"self":[{"href":"https:\/\/algarve7.pt\/index.php\/wp-json\/wp\/v2\/posts\/34792","targetHints":{"allow":["GET"]}}],"collection":[{"href":"https:\/\/algarve7.pt\/index.php\/wp-json\/wp\/v2\/posts"}],"about":[{"href":"https:\/\/algarve7.pt\/index.php\/wp-json\/wp\/v2\/types\/post"}],"author":[{"embeddable":true,"href":"https:\/\/algarve7.pt\/index.php\/wp-json\/wp\/v2\/users\/1"}],"replies":[{"embeddable":true,"href":"https:\/\/algarve7.pt\/index.php\/wp-json\/wp\/v2\/comments?post=34792"}],"version-history":[{"count":0,"href":"https:\/\/algarve7.pt\/index.php\/wp-json\/wp\/v2\/posts\/34792\/revisions"}],"wp:featuredmedia":[{"embeddable":true,"href":"https:\/\/algarve7.pt\/index.php\/wp-json\/wp\/v2\/media\/34793"}],"wp:attachment":[{"href":"https:\/\/algarve7.pt\/index.php\/wp-json\/wp\/v2\/media?parent=34792"}],"wp:term":[{"taxonomy":"category","embeddable":true,"href":"https:\/\/algarve7.pt\/index.php\/wp-json\/wp\/v2\/categories?post=34792"},{"taxonomy":"post_tag","embeddable":true,"href":"https:\/\/algarve7.pt\/index.php\/wp-json\/wp\/v2\/tags?post=34792"}],"curies":[{"name":"wp","href":"https:\/\/api.w.org\/{rel}","templated":true}]}}