{"id":34774,"date":"2024-01-17T13:45:00","date_gmt":"2024-01-17T13:45:00","guid":{"rendered":"https:\/\/algarve7.pt\/?p=34774"},"modified":"2024-01-17T12:12:48","modified_gmt":"2024-01-17T12:12:48","slug":"execucao-do-mar2020-na-regiao-do-algarve","status":"publish","type":"post","link":"https:\/\/algarve7.pt\/index.php\/2024\/01\/execucao-do-mar2020-na-regiao-do-algarve\/atualidade\/13\/45\/","title":{"rendered":"Execu\u00e7\u00e3o do Mar2020 na regi\u00e3o do Algarve."},"content":{"rendered":"\n<p><strong>Com 1592 projetos aprovados, a regi\u00e3o do Algarve apresenta, a 31 de dezembro 2023, uma taxa de execu\u00e7\u00e3o de 91%, que compara com os 90% registados ao n\u00edvel nacional, representando um investimento de 92 milh\u00f5es de euros na Regi\u00e3o e um apoio p\u00fablico de 69 milh\u00f5es de euros.<\/strong><\/p>\n\n\n\n<p>Em termos de Eixos priorit\u00e1rios, nos quais o MAR2020 se encontra estruturado, s\u00e3o as medidas do Eixo 2, associadas \u00e0 aquacultura, as mais representadas na regi\u00e3o, correspondendo a 22% do total de candidaturas e a mais de 41% do investimento em termos regionais. Estes investimentos t\u00eam origem nas mais de um milhar de estruturas existentes na regi\u00e3o, sobretudo situadas nas zonas interditais (Ria Formosa e Alvor) e dedicadas \u00e0 produ\u00e7\u00e3o de bivalves, \u00e0s quais se juntam as unidades de produ\u00e7\u00e3o aqu\u00edcola offshore licenciadas entre Sagres e Vila Real de Santo Ant\u00f3nio.<\/p>\n\n\n\n<p>No eixo priorit\u00e1rio 5, cujo dom\u00ednio \u00e9 a atividade dos operadores do sector da pesca, da aquicultura e da transforma\u00e7\u00e3o temos o maior n\u00famero de candidaturas submetidas (cerca de 48% das candidaturas na regi\u00e3o). O elevado n\u00famero de candidaturas neste eixo deve-se ao facto de ter sido criado um apoio dirigido a todos os operadores do sector da pesca, de aquicultura e da transforma\u00e7\u00e3o para compensar o acr\u00e9scimo de custos de energia e dos demais custos de produ\u00e7\u00e3o, devido aos efeitos da pandemia e que se fizeram sentir no exerc\u00edcio desta atividade de forma agravada em consequ\u00eancia do conflito na Europa entre a R\u00fassia e a Ucr\u00e2nia.<\/p>\n\n\n\n<p>Os Eixos 4 e 1 traduzem a atividade dos Grupos de A\u00e7\u00e3o Costeira do Barlavento e do Sotavento, e os investimentos a bordo, em portos de pesca, locais de desembarque em abrigos e lotas e as compensa\u00e7\u00f5es por cessa\u00e7\u00f5es tempor\u00e1rias, respetivamente.<\/p>\n","protected":false},"excerpt":{"rendered":"<p>Com 1592 projetos aprovados, a regi\u00e3o do Algarve apresenta, a 31 de dezembro 2023, uma taxa de execu\u00e7\u00e3o de 91%,<\/p>\n","protected":false},"author":1,"featured_media":34775,"comment_status":"closed","ping_status":"open","sticky":false,"template":"","format":"standard","meta":{"colormag_page_container_layout":"default_layout","colormag_page_sidebar_layout":"default_layout","_monsterinsights_skip_tracking":false,"_monsterinsights_sitenote_active":false,"_monsterinsights_sitenote_note":"","_monsterinsights_sitenote_category":0,"jetpack_post_was_ever_published":false,"_jetpack_newsletter_access":"","_jetpack_dont_email_post_to_subs":false,"_jetpack_newsletter_tier_id":0,"_jetpack_memberships_contains_paywalled_content":false,"_jetpack_memberships_contains_paid_content":false,"footnotes":"","jetpack_publicize_message":"","jetpack_publicize_feature_enabled":true,"jetpack_social_post_already_shared":true,"jetpack_social_options":{"image_generator_settings":{"template":"highway","default_image_id":0,"font":"","enabled":false},"version":2}},"categories":[11],"tags":[36,62,156],"class_list":["post-34774","post","type-post","status-publish","format-standard","has-post-thumbnail","hentry","category-atualidade","tag-algarve","tag-atualidade","tag-drap"],"yoast_head":"<!-- This site is optimized with the Yoast SEO plugin v27.5 - https:\/\/yoast.com\/product\/yoast-seo-wordpress\/ -->\n<title>Execu\u00e7\u00e3o do Mar2020 na regi\u00e3o do Algarve. - Algarve 7<\/title>\n<meta name=\"description\" content=\"Execu\u00e7\u00e3o do Mar2020 na regi\u00e3o do Algarve. Atualidade\" \/>\n<meta name=\"robots\" content=\"index, follow, max-snippet:-1, max-image-preview:large, max-video-preview:-1\" \/>\n<link rel=\"canonical\" href=\"https:\/\/algarve7.pt\/index.php\/2024\/01\/execucao-do-mar2020-na-regiao-do-algarve\/atualidade\/13\/45\/\" \/>\n<meta property=\"og:locale\" content=\"pt_PT\" \/>\n<meta property=\"og:type\" content=\"article\" \/>\n<meta property=\"og:title\" content=\"Execu\u00e7\u00e3o do Mar2020 na regi\u00e3o do Algarve. - Algarve 7\" \/>\n<meta property=\"og:description\" content=\"Execu\u00e7\u00e3o do Mar2020 na regi\u00e3o do Algarve. Atualidade\" \/>\n<meta property=\"og:url\" content=\"https:\/\/algarve7.pt\/index.php\/2024\/01\/execucao-do-mar2020-na-regiao-do-algarve\/atualidade\/13\/45\/\" \/>\n<meta property=\"og:site_name\" content=\"Algarve 7\" \/>\n<meta property=\"article:publisher\" content=\"https:\/\/www.facebook.com\/algarve7\" \/>\n<meta property=\"article:author\" content=\"https:\/\/www.facebook.com\/algarve7\" \/>\n<meta property=\"article:published_time\" content=\"2024-01-17T13:45:00+00:00\" \/>\n<meta property=\"og:image\" content=\"https:\/\/algarve7.pt\/wp-content\/uploads\/2024\/01\/mar-dez-2023.jpg\" \/>\n\t<meta property=\"og:image:width\" content=\"800\" \/>\n\t<meta property=\"og:image:height\" content=\"622\" \/>\n\t<meta property=\"og:image:type\" content=\"image\/jpeg\" \/>\n<meta name=\"author\" content=\"Algarve 7\" \/>\n<meta name=\"twitter:card\" content=\"summary_large_image\" \/>\n<meta name=\"twitter:creator\" content=\"@Algarvesete\" \/>\n<meta name=\"twitter:site\" content=\"@Algarvesete\" \/>\n<meta name=\"twitter:label1\" content=\"Escrito por\" \/>\n\t<meta name=\"twitter:data1\" content=\"Algarve 7\" \/>\n\t<meta name=\"twitter:label2\" content=\"Tempo estimado de leitura\" \/>\n\t<meta name=\"twitter:data2\" content=\"2 minutos\" \/>\n<script type=\"application\/ld+json\" class=\"yoast-schema-graph\">{\"@context\":\"https:\\\/\\\/schema.org\",\"@graph\":[{\"@type\":\"Article\",\"@id\":\"https:\\\/\\\/algarve7.pt\\\/index.php\\\/2024\\\/01\\\/execucao-do-mar2020-na-regiao-do-algarve\\\/atualidade\\\/13\\\/45\\\/#article\",\"isPartOf\":{\"@id\":\"https:\\\/\\\/algarve7.pt\\\/index.php\\\/2024\\\/01\\\/execucao-do-mar2020-na-regiao-do-algarve\\\/atualidade\\\/13\\\/45\\\/\"},\"author\":{\"name\":\"Algarve 7\",\"@id\":\"https:\\\/\\\/algarve7.pt\\\/#\\\/schema\\\/person\\\/23fa70681308e7b319a3204bcea45e0c\"},\"headline\":\"Execu\u00e7\u00e3o do Mar2020 na regi\u00e3o do Algarve.\",\"datePublished\":\"2024-01-17T13:45:00+00:00\",\"mainEntityOfPage\":{\"@id\":\"https:\\\/\\\/algarve7.pt\\\/index.php\\\/2024\\\/01\\\/execucao-do-mar2020-na-regiao-do-algarve\\\/atualidade\\\/13\\\/45\\\/\"},\"wordCount\":312,\"publisher\":{\"@id\":\"https:\\\/\\\/algarve7.pt\\\/#organization\"},\"image\":{\"@id\":\"https:\\\/\\\/algarve7.pt\\\/index.php\\\/2024\\\/01\\\/execucao-do-mar2020-na-regiao-do-algarve\\\/atualidade\\\/13\\\/45\\\/#primaryimage\"},\"thumbnailUrl\":\"https:\\\/\\\/algarve7.pt\\\/wp-content\\\/uploads\\\/2024\\\/01\\\/mar-dez-2023.jpg\",\"keywords\":[\"Algarve\",\"Atualidade\",\"DRAP\"],\"articleSection\":[\"Atualidade\"],\"inLanguage\":\"pt-PT\"},{\"@type\":\"WebPage\",\"@id\":\"https:\\\/\\\/algarve7.pt\\\/index.php\\\/2024\\\/01\\\/execucao-do-mar2020-na-regiao-do-algarve\\\/atualidade\\\/13\\\/45\\\/\",\"url\":\"https:\\\/\\\/algarve7.pt\\\/index.php\\\/2024\\\/01\\\/execucao-do-mar2020-na-regiao-do-algarve\\\/atualidade\\\/13\\\/45\\\/\",\"name\":\"Execu\u00e7\u00e3o do Mar2020 na regi\u00e3o do Algarve. - Algarve 7\",\"isPartOf\":{\"@id\":\"https:\\\/\\\/algarve7.pt\\\/#website\"},\"primaryImageOfPage\":{\"@id\":\"https:\\\/\\\/algarve7.pt\\\/index.php\\\/2024\\\/01\\\/execucao-do-mar2020-na-regiao-do-algarve\\\/atualidade\\\/13\\\/45\\\/#primaryimage\"},\"image\":{\"@id\":\"https:\\\/\\\/algarve7.pt\\\/index.php\\\/2024\\\/01\\\/execucao-do-mar2020-na-regiao-do-algarve\\\/atualidade\\\/13\\\/45\\\/#primaryimage\"},\"thumbnailUrl\":\"https:\\\/\\\/algarve7.pt\\\/wp-content\\\/uploads\\\/2024\\\/01\\\/mar-dez-2023.jpg\",\"datePublished\":\"2024-01-17T13:45:00+00:00\",\"description\":\"Execu\u00e7\u00e3o do Mar2020 na regi\u00e3o do Algarve. Atualidade\",\"breadcrumb\":{\"@id\":\"https:\\\/\\\/algarve7.pt\\\/index.php\\\/2024\\\/01\\\/execucao-do-mar2020-na-regiao-do-algarve\\\/atualidade\\\/13\\\/45\\\/#breadcrumb\"},\"inLanguage\":\"pt-PT\",\"potentialAction\":[{\"@type\":\"ReadAction\",\"target\":[\"https:\\\/\\\/algarve7.pt\\\/index.php\\\/2024\\\/01\\\/execucao-do-mar2020-na-regiao-do-algarve\\\/atualidade\\\/13\\\/45\\\/\"]}]},{\"@type\":\"ImageObject\",\"inLanguage\":\"pt-PT\",\"@id\":\"https:\\\/\\\/algarve7.pt\\\/index.php\\\/2024\\\/01\\\/execucao-do-mar2020-na-regiao-do-algarve\\\/atualidade\\\/13\\\/45\\\/#primaryimage\",\"url\":\"https:\\\/\\\/algarve7.pt\\\/wp-content\\\/uploads\\\/2024\\\/01\\\/mar-dez-2023.jpg\",\"contentUrl\":\"https:\\\/\\\/algarve7.pt\\\/wp-content\\\/uploads\\\/2024\\\/01\\\/mar-dez-2023.jpg\",\"width\":800,\"height\":622},{\"@type\":\"BreadcrumbList\",\"@id\":\"https:\\\/\\\/algarve7.pt\\\/index.php\\\/2024\\\/01\\\/execucao-do-mar2020-na-regiao-do-algarve\\\/atualidade\\\/13\\\/45\\\/#breadcrumb\",\"itemListElement\":[{\"@type\":\"ListItem\",\"position\":1,\"name\":\"In\u00edcio\",\"item\":\"https:\\\/\\\/algarve7.pt\\\/\"},{\"@type\":\"ListItem\",\"position\":2,\"name\":\"Execu\u00e7\u00e3o do Mar2020 na regi\u00e3o do Algarve.\"}]},{\"@type\":\"WebSite\",\"@id\":\"https:\\\/\\\/algarve7.pt\\\/#website\",\"url\":\"https:\\\/\\\/algarve7.pt\\\/\",\"name\":\"Algarve 7\",\"description\":\"Informa\u00e7\u00e3o sobre o Algarve\",\"publisher\":{\"@id\":\"https:\\\/\\\/algarve7.pt\\\/#organization\"},\"potentialAction\":[{\"@type\":\"SearchAction\",\"target\":{\"@type\":\"EntryPoint\",\"urlTemplate\":\"https:\\\/\\\/algarve7.pt\\\/?s={search_term_string}\"},\"query-input\":{\"@type\":\"PropertyValueSpecification\",\"valueRequired\":true,\"valueName\":\"search_term_string\"}}],\"inLanguage\":\"pt-PT\"},{\"@type\":\"Organization\",\"@id\":\"https:\\\/\\\/algarve7.pt\\\/#organization\",\"name\":\"Algarve 7\",\"url\":\"https:\\\/\\\/algarve7.pt\\\/\",\"logo\":{\"@type\":\"ImageObject\",\"inLanguage\":\"pt-PT\",\"@id\":\"https:\\\/\\\/algarve7.pt\\\/#\\\/schema\\\/logo\\\/image\\\/\",\"url\":\"https:\\\/\\\/algarve7.pt\\\/wp-content\\\/uploads\\\/2020\\\/10\\\/Logo-8.jpg\",\"contentUrl\":\"https:\\\/\\\/algarve7.pt\\\/wp-content\\\/uploads\\\/2020\\\/10\\\/Logo-8.jpg\",\"width\":1680,\"height\":1186,\"caption\":\"Algarve 7\"},\"image\":{\"@id\":\"https:\\\/\\\/algarve7.pt\\\/#\\\/schema\\\/logo\\\/image\\\/\"},\"sameAs\":[\"https:\\\/\\\/www.facebook.com\\\/algarve7\",\"https:\\\/\\\/x.com\\\/Algarvesete\",\"https:\\\/\\\/www.instagram.com\\\/jornalalgarve7\\\/\",\"https:\\\/\\\/www.linkedin.com\\\/company\\\/algarve7\",\"https:\\\/\\\/www.pinterest.pt\\\/geral0939\\\/_created\\\/\"]},{\"@type\":\"Person\",\"@id\":\"https:\\\/\\\/algarve7.pt\\\/#\\\/schema\\\/person\\\/23fa70681308e7b319a3204bcea45e0c\",\"name\":\"Algarve 7\",\"sameAs\":[\"https:\\\/\\\/algarve7.pt\",\"https:\\\/\\\/www.facebook.com\\\/algarve7\"],\"url\":\"https:\\\/\\\/algarve7.pt\\\/index.php\\\/author\\\/geralalgarve7-pt\\\/\"}]}<\/script>\n<!-- \/ Yoast SEO plugin. -->","yoast_head_json":{"title":"Execu\u00e7\u00e3o do Mar2020 na regi\u00e3o do Algarve. - Algarve 7","description":"Execu\u00e7\u00e3o do Mar2020 na regi\u00e3o do Algarve. Atualidade","robots":{"index":"index","follow":"follow","max-snippet":"max-snippet:-1","max-image-preview":"max-image-preview:large","max-video-preview":"max-video-preview:-1"},"canonical":"https:\/\/algarve7.pt\/index.php\/2024\/01\/execucao-do-mar2020-na-regiao-do-algarve\/atualidade\/13\/45\/","og_locale":"pt_PT","og_type":"article","og_title":"Execu\u00e7\u00e3o do Mar2020 na regi\u00e3o do Algarve. - Algarve 7","og_description":"Execu\u00e7\u00e3o do Mar2020 na regi\u00e3o do Algarve. Atualidade","og_url":"https:\/\/algarve7.pt\/index.php\/2024\/01\/execucao-do-mar2020-na-regiao-do-algarve\/atualidade\/13\/45\/","og_site_name":"Algarve 7","article_publisher":"https:\/\/www.facebook.com\/algarve7","article_author":"https:\/\/www.facebook.com\/algarve7","article_published_time":"2024-01-17T13:45:00+00:00","og_image":[{"width":800,"height":622,"url":"https:\/\/algarve7.pt\/wp-content\/uploads\/2024\/01\/mar-dez-2023.jpg","type":"image\/jpeg"}],"author":"Algarve 7","twitter_card":"summary_large_image","twitter_creator":"@Algarvesete","twitter_site":"@Algarvesete","twitter_misc":{"Escrito por":"Algarve 7","Tempo estimado de leitura":"2 minutos"},"schema":{"@context":"https:\/\/schema.org","@graph":[{"@type":"Article","@id":"https:\/\/algarve7.pt\/index.php\/2024\/01\/execucao-do-mar2020-na-regiao-do-algarve\/atualidade\/13\/45\/#article","isPartOf":{"@id":"https:\/\/algarve7.pt\/index.php\/2024\/01\/execucao-do-mar2020-na-regiao-do-algarve\/atualidade\/13\/45\/"},"author":{"name":"Algarve 7","@id":"https:\/\/algarve7.pt\/#\/schema\/person\/23fa70681308e7b319a3204bcea45e0c"},"headline":"Execu\u00e7\u00e3o do Mar2020 na regi\u00e3o do Algarve.","datePublished":"2024-01-17T13:45:00+00:00","mainEntityOfPage":{"@id":"https:\/\/algarve7.pt\/index.php\/2024\/01\/execucao-do-mar2020-na-regiao-do-algarve\/atualidade\/13\/45\/"},"wordCount":312,"publisher":{"@id":"https:\/\/algarve7.pt\/#organization"},"image":{"@id":"https:\/\/algarve7.pt\/index.php\/2024\/01\/execucao-do-mar2020-na-regiao-do-algarve\/atualidade\/13\/45\/#primaryimage"},"thumbnailUrl":"https:\/\/algarve7.pt\/wp-content\/uploads\/2024\/01\/mar-dez-2023.jpg","keywords":["Algarve","Atualidade","DRAP"],"articleSection":["Atualidade"],"inLanguage":"pt-PT"},{"@type":"WebPage","@id":"https:\/\/algarve7.pt\/index.php\/2024\/01\/execucao-do-mar2020-na-regiao-do-algarve\/atualidade\/13\/45\/","url":"https:\/\/algarve7.pt\/index.php\/2024\/01\/execucao-do-mar2020-na-regiao-do-algarve\/atualidade\/13\/45\/","name":"Execu\u00e7\u00e3o do Mar2020 na regi\u00e3o do Algarve. - Algarve 7","isPartOf":{"@id":"https:\/\/algarve7.pt\/#website"},"primaryImageOfPage":{"@id":"https:\/\/algarve7.pt\/index.php\/2024\/01\/execucao-do-mar2020-na-regiao-do-algarve\/atualidade\/13\/45\/#primaryimage"},"image":{"@id":"https:\/\/algarve7.pt\/index.php\/2024\/01\/execucao-do-mar2020-na-regiao-do-algarve\/atualidade\/13\/45\/#primaryimage"},"thumbnailUrl":"https:\/\/algarve7.pt\/wp-content\/uploads\/2024\/01\/mar-dez-2023.jpg","datePublished":"2024-01-17T13:45:00+00:00","description":"Execu\u00e7\u00e3o do Mar2020 na regi\u00e3o do Algarve. Atualidade","breadcrumb":{"@id":"https:\/\/algarve7.pt\/index.php\/2024\/01\/execucao-do-mar2020-na-regiao-do-algarve\/atualidade\/13\/45\/#breadcrumb"},"inLanguage":"pt-PT","potentialAction":[{"@type":"ReadAction","target":["https:\/\/algarve7.pt\/index.php\/2024\/01\/execucao-do-mar2020-na-regiao-do-algarve\/atualidade\/13\/45\/"]}]},{"@type":"ImageObject","inLanguage":"pt-PT","@id":"https:\/\/algarve7.pt\/index.php\/2024\/01\/execucao-do-mar2020-na-regiao-do-algarve\/atualidade\/13\/45\/#primaryimage","url":"https:\/\/algarve7.pt\/wp-content\/uploads\/2024\/01\/mar-dez-2023.jpg","contentUrl":"https:\/\/algarve7.pt\/wp-content\/uploads\/2024\/01\/mar-dez-2023.jpg","width":800,"height":622},{"@type":"BreadcrumbList","@id":"https:\/\/algarve7.pt\/index.php\/2024\/01\/execucao-do-mar2020-na-regiao-do-algarve\/atualidade\/13\/45\/#breadcrumb","itemListElement":[{"@type":"ListItem","position":1,"name":"In\u00edcio","item":"https:\/\/algarve7.pt\/"},{"@type":"ListItem","position":2,"name":"Execu\u00e7\u00e3o do Mar2020 na regi\u00e3o do Algarve."}]},{"@type":"WebSite","@id":"https:\/\/algarve7.pt\/#website","url":"https:\/\/algarve7.pt\/","name":"Algarve 7","description":"Informa\u00e7\u00e3o sobre o Algarve","publisher":{"@id":"https:\/\/algarve7.pt\/#organization"},"potentialAction":[{"@type":"SearchAction","target":{"@type":"EntryPoint","urlTemplate":"https:\/\/algarve7.pt\/?s={search_term_string}"},"query-input":{"@type":"PropertyValueSpecification","valueRequired":true,"valueName":"search_term_string"}}],"inLanguage":"pt-PT"},{"@type":"Organization","@id":"https:\/\/algarve7.pt\/#organization","name":"Algarve 7","url":"https:\/\/algarve7.pt\/","logo":{"@type":"ImageObject","inLanguage":"pt-PT","@id":"https:\/\/algarve7.pt\/#\/schema\/logo\/image\/","url":"https:\/\/algarve7.pt\/wp-content\/uploads\/2020\/10\/Logo-8.jpg","contentUrl":"https:\/\/algarve7.pt\/wp-content\/uploads\/2020\/10\/Logo-8.jpg","width":1680,"height":1186,"caption":"Algarve 7"},"image":{"@id":"https:\/\/algarve7.pt\/#\/schema\/logo\/image\/"},"sameAs":["https:\/\/www.facebook.com\/algarve7","https:\/\/x.com\/Algarvesete","https:\/\/www.instagram.com\/jornalalgarve7\/","https:\/\/www.linkedin.com\/company\/algarve7","https:\/\/www.pinterest.pt\/geral0939\/_created\/"]},{"@type":"Person","@id":"https:\/\/algarve7.pt\/#\/schema\/person\/23fa70681308e7b319a3204bcea45e0c","name":"Algarve 7","sameAs":["https:\/\/algarve7.pt","https:\/\/www.facebook.com\/algarve7"],"url":"https:\/\/algarve7.pt\/index.php\/author\/geralalgarve7-pt\/"}]}},"jetpack_publicize_connections":[],"jetpack_featured_media_url":"https:\/\/algarve7.pt\/wp-content\/uploads\/2024\/01\/mar-dez-2023.jpg","jetpack_shortlink":"https:\/\/wp.me\/pcezmW-92S","jetpack_sharing_enabled":true,"_links":{"self":[{"href":"https:\/\/algarve7.pt\/index.php\/wp-json\/wp\/v2\/posts\/34774","targetHints":{"allow":["GET"]}}],"collection":[{"href":"https:\/\/algarve7.pt\/index.php\/wp-json\/wp\/v2\/posts"}],"about":[{"href":"https:\/\/algarve7.pt\/index.php\/wp-json\/wp\/v2\/types\/post"}],"author":[{"embeddable":true,"href":"https:\/\/algarve7.pt\/index.php\/wp-json\/wp\/v2\/users\/1"}],"replies":[{"embeddable":true,"href":"https:\/\/algarve7.pt\/index.php\/wp-json\/wp\/v2\/comments?post=34774"}],"version-history":[{"count":0,"href":"https:\/\/algarve7.pt\/index.php\/wp-json\/wp\/v2\/posts\/34774\/revisions"}],"wp:featuredmedia":[{"embeddable":true,"href":"https:\/\/algarve7.pt\/index.php\/wp-json\/wp\/v2\/media\/34775"}],"wp:attachment":[{"href":"https:\/\/algarve7.pt\/index.php\/wp-json\/wp\/v2\/media?parent=34774"}],"wp:term":[{"taxonomy":"category","embeddable":true,"href":"https:\/\/algarve7.pt\/index.php\/wp-json\/wp\/v2\/categories?post=34774"},{"taxonomy":"post_tag","embeddable":true,"href":"https:\/\/algarve7.pt\/index.php\/wp-json\/wp\/v2\/tags?post=34774"}],"curies":[{"name":"wp","href":"https:\/\/api.w.org\/{rel}","templated":true}]}}