{"id":34706,"date":"2024-01-15T12:45:00","date_gmt":"2024-01-15T12:45:00","guid":{"rendered":"https:\/\/algarve7.pt\/?p=34706"},"modified":"2024-01-15T12:12:42","modified_gmt":"2024-01-15T12:12:42","slug":"vila-do-bispo-lanca-novo-video-promocional-em-que-o-concelho-se-revela-um-destino-invariavelmente-belo-tambem-no-outono","status":"publish","type":"post","link":"https:\/\/algarve7.pt\/index.php\/2024\/01\/vila-do-bispo-lanca-novo-video-promocional-em-que-o-concelho-se-revela-um-destino-invariavelmente-belo-tambem-no-outono\/turismo\/12\/45\/","title":{"rendered":"Vila do Bispo lan\u00e7a novo v\u00eddeo promocional em que o concelho se revela um destino invariavelmente belo tamb\u00e9m no outono"},"content":{"rendered":"\n<p>Depois de celebrar a primavera no filme \u201cA grande conspira\u00e7\u00e3o\u201d, <strong>Vila do Bispo lan\u00e7a novo v\u00eddeo promocional em que o concelho se revela um destino invariavelmente belo tamb\u00e9m no outono, <\/strong>quando as \u00e1rvores perdem as folhas e as ruas e praias ficam mais vazias.<\/p>\n\n\n\n<p><strong>O filme \u201cA Metamorfose\u201d foi apresentado ontem, dia 14, no audit\u00f3rio do Centro Cultural de Vila do Bispo, integrado no programa das comemora\u00e7\u00f5es do Dia do Munic\u00edpio.<\/strong><\/p>\n\n\n\n<p>Numa interpreta\u00e7\u00e3o coreografada dessa esta\u00e7\u00e3o do ano, recorre-se \u00e0 dan\u00e7a e a um conceito que compara as caracter\u00edsticas da paisagem natural \u00e0 figura de uma mulher, que vai prescindindo dos seus acess\u00f3rios de embelezamento e assumindo a sua figura tal como \u00e9.<\/p>\n\n\n\n<p>A bailarina principal interpreta a mulher e a esta\u00e7\u00e3o, representando o car\u00e1ter de Vila do Bispo; os bailarinos secund\u00e1rios representam a migra\u00e7\u00e3o das aves que ocorre no territ\u00f3rio; a paisagem outonal e a pr\u00f3pria terra podem ser encaradas como personagens subjetivas. Um trabalho que alia a est\u00e9tica \u00e0 principal fonte inspiracional que \u00e9 a Natureza, maior ativo de Vila do Bispo.<\/p>\n\n\n\n<p>A coes\u00e3o entre os v\u00eddeos refor\u00e7a-se mostrando criteriosamente as altera\u00e7\u00f5es ocorridas nos quatro elementos da natureza em cada esta\u00e7\u00e3o do ano.<\/p>\n\n\n\n<p>A narrativa, que representa ambientes familiares ao p\u00fablico local, \u00e9 sobretudo dirigida a pessoas e fam\u00edlias, portuguesas e estrangeiras, que procurem um destino de f\u00e9rias ou um novo local para viver. Desta forma, a autarquia refor\u00e7a a sua estrat\u00e9gia de promo\u00e7\u00e3o do turismo de natureza, que salvaguarda os valores naturais, expande a consci\u00eancia ambiental e valoriza o conhecimento da hist\u00f3ria e cultura locais.<\/p>\n\n\n\n<p>Assista ao v\u00eddeo aqui &nbsp;<a href=\"https:\/\/youtu.be\/DF0aYtF3W2Q\" target=\"_blank\" rel=\"noreferrer noopener\">https:\/\/youtu.be\/DF0aYtF3W2Q<\/a> e partilhe.<\/p>\n","protected":false},"excerpt":{"rendered":"<p>Depois de celebrar a primavera no filme \u201cA grande conspira\u00e7\u00e3o\u201d, Vila do Bispo lan\u00e7a novo v\u00eddeo promocional em que o<\/p>\n","protected":false},"author":1,"featured_media":34707,"comment_status":"closed","ping_status":"open","sticky":false,"template":"","format":"standard","meta":{"colormag_page_container_layout":"default_layout","colormag_page_sidebar_layout":"default_layout","_monsterinsights_skip_tracking":false,"_monsterinsights_sitenote_active":false,"_monsterinsights_sitenote_note":"","_monsterinsights_sitenote_category":0,"jetpack_post_was_ever_published":false,"_jetpack_newsletter_access":"","_jetpack_dont_email_post_to_subs":false,"_jetpack_newsletter_tier_id":0,"_jetpack_memberships_contains_paywalled_content":false,"_jetpack_memberships_contains_paid_content":false,"footnotes":"","jetpack_publicize_message":"","jetpack_publicize_feature_enabled":true,"jetpack_social_post_already_shared":true,"jetpack_social_options":{"image_generator_settings":{"template":"highway","default_image_id":0,"font":"","enabled":false},"version":2}},"categories":[17],"tags":[36,45,84],"class_list":["post-34706","post","type-post","status-publish","format-standard","has-post-thumbnail","hentry","category-turismo","tag-algarve","tag-turismo","tag-vila-do-bispo"],"yoast_head":"<!-- This site is optimized with the Yoast SEO plugin v27.4 - https:\/\/yoast.com\/product\/yoast-seo-wordpress\/ -->\n<title>Vila do Bispo lan\u00e7a novo v\u00eddeo promocional em que o concelho se revela um destino invariavelmente belo tamb\u00e9m no outono - Algarve 7<\/title>\n<meta name=\"description\" content=\"Vila do Bispo lan\u00e7a novo v\u00eddeo promocional em que o concelho se revela um destino invariavelmente belo tamb\u00e9m no outono Turismo\" \/>\n<meta name=\"robots\" content=\"index, follow, max-snippet:-1, max-image-preview:large, max-video-preview:-1\" \/>\n<link rel=\"canonical\" href=\"https:\/\/algarve7.pt\/index.php\/2024\/01\/vila-do-bispo-lanca-novo-video-promocional-em-que-o-concelho-se-revela-um-destino-invariavelmente-belo-tambem-no-outono\/turismo\/12\/45\/\" \/>\n<meta property=\"og:locale\" content=\"pt_PT\" \/>\n<meta property=\"og:type\" content=\"article\" \/>\n<meta property=\"og:title\" content=\"Vila do Bispo lan\u00e7a novo v\u00eddeo promocional em que o concelho se revela um destino invariavelmente belo tamb\u00e9m no outono - Algarve 7\" \/>\n<meta property=\"og:description\" content=\"Vila do Bispo lan\u00e7a novo v\u00eddeo promocional em que o concelho se revela um destino invariavelmente belo tamb\u00e9m no outono Turismo\" \/>\n<meta property=\"og:url\" content=\"https:\/\/algarve7.pt\/index.php\/2024\/01\/vila-do-bispo-lanca-novo-video-promocional-em-que-o-concelho-se-revela-um-destino-invariavelmente-belo-tambem-no-outono\/turismo\/12\/45\/\" \/>\n<meta property=\"og:site_name\" content=\"Algarve 7\" \/>\n<meta property=\"article:publisher\" content=\"https:\/\/www.facebook.com\/algarve7\" \/>\n<meta property=\"article:author\" content=\"https:\/\/www.facebook.com\/algarve7\" \/>\n<meta property=\"article:published_time\" content=\"2024-01-15T12:45:00+00:00\" \/>\n<meta property=\"og:image\" content=\"https:\/\/algarve7.pt\/wp-content\/uploads\/2024\/01\/Captura-de-ecra-2024-01-15-as-12.11.12.png\" \/>\n\t<meta property=\"og:image:width\" content=\"1024\" \/>\n\t<meta property=\"og:image:height\" content=\"529\" \/>\n\t<meta property=\"og:image:type\" content=\"image\/png\" \/>\n<meta name=\"author\" content=\"Algarve 7\" \/>\n<meta name=\"twitter:card\" content=\"summary_large_image\" \/>\n<meta name=\"twitter:creator\" content=\"@Algarvesete\" \/>\n<meta name=\"twitter:site\" content=\"@Algarvesete\" \/>\n<meta name=\"twitter:label1\" content=\"Escrito por\" \/>\n\t<meta name=\"twitter:data1\" content=\"Algarve 7\" \/>\n\t<meta name=\"twitter:label2\" content=\"Tempo estimado de leitura\" \/>\n\t<meta name=\"twitter:data2\" content=\"2 minutos\" \/>\n<script type=\"application\/ld+json\" class=\"yoast-schema-graph\">{\"@context\":\"https:\\\/\\\/schema.org\",\"@graph\":[{\"@type\":\"Article\",\"@id\":\"https:\\\/\\\/algarve7.pt\\\/index.php\\\/2024\\\/01\\\/vila-do-bispo-lanca-novo-video-promocional-em-que-o-concelho-se-revela-um-destino-invariavelmente-belo-tambem-no-outono\\\/turismo\\\/12\\\/45\\\/#article\",\"isPartOf\":{\"@id\":\"https:\\\/\\\/algarve7.pt\\\/index.php\\\/2024\\\/01\\\/vila-do-bispo-lanca-novo-video-promocional-em-que-o-concelho-se-revela-um-destino-invariavelmente-belo-tambem-no-outono\\\/turismo\\\/12\\\/45\\\/\"},\"author\":{\"name\":\"Algarve 7\",\"@id\":\"https:\\\/\\\/algarve7.pt\\\/#\\\/schema\\\/person\\\/23fa70681308e7b319a3204bcea45e0c\"},\"headline\":\"Vila do Bispo lan\u00e7a novo v\u00eddeo promocional em que o concelho se revela um destino invariavelmente belo tamb\u00e9m no outono\",\"datePublished\":\"2024-01-15T12:45:00+00:00\",\"mainEntityOfPage\":{\"@id\":\"https:\\\/\\\/algarve7.pt\\\/index.php\\\/2024\\\/01\\\/vila-do-bispo-lanca-novo-video-promocional-em-que-o-concelho-se-revela-um-destino-invariavelmente-belo-tambem-no-outono\\\/turismo\\\/12\\\/45\\\/\"},\"wordCount\":321,\"publisher\":{\"@id\":\"https:\\\/\\\/algarve7.pt\\\/#organization\"},\"image\":{\"@id\":\"https:\\\/\\\/algarve7.pt\\\/index.php\\\/2024\\\/01\\\/vila-do-bispo-lanca-novo-video-promocional-em-que-o-concelho-se-revela-um-destino-invariavelmente-belo-tambem-no-outono\\\/turismo\\\/12\\\/45\\\/#primaryimage\"},\"thumbnailUrl\":\"https:\\\/\\\/algarve7.pt\\\/wp-content\\\/uploads\\\/2024\\\/01\\\/Captura-de-ecra-2024-01-15-as-12.11.12.png\",\"keywords\":[\"Algarve\",\"Turismo\",\"Vila do Bispo\"],\"articleSection\":[\"Turismo\"],\"inLanguage\":\"pt-PT\"},{\"@type\":\"WebPage\",\"@id\":\"https:\\\/\\\/algarve7.pt\\\/index.php\\\/2024\\\/01\\\/vila-do-bispo-lanca-novo-video-promocional-em-que-o-concelho-se-revela-um-destino-invariavelmente-belo-tambem-no-outono\\\/turismo\\\/12\\\/45\\\/\",\"url\":\"https:\\\/\\\/algarve7.pt\\\/index.php\\\/2024\\\/01\\\/vila-do-bispo-lanca-novo-video-promocional-em-que-o-concelho-se-revela-um-destino-invariavelmente-belo-tambem-no-outono\\\/turismo\\\/12\\\/45\\\/\",\"name\":\"Vila do Bispo lan\u00e7a novo v\u00eddeo promocional em que o concelho se revela um destino invariavelmente belo tamb\u00e9m no outono - Algarve 7\",\"isPartOf\":{\"@id\":\"https:\\\/\\\/algarve7.pt\\\/#website\"},\"primaryImageOfPage\":{\"@id\":\"https:\\\/\\\/algarve7.pt\\\/index.php\\\/2024\\\/01\\\/vila-do-bispo-lanca-novo-video-promocional-em-que-o-concelho-se-revela-um-destino-invariavelmente-belo-tambem-no-outono\\\/turismo\\\/12\\\/45\\\/#primaryimage\"},\"image\":{\"@id\":\"https:\\\/\\\/algarve7.pt\\\/index.php\\\/2024\\\/01\\\/vila-do-bispo-lanca-novo-video-promocional-em-que-o-concelho-se-revela-um-destino-invariavelmente-belo-tambem-no-outono\\\/turismo\\\/12\\\/45\\\/#primaryimage\"},\"thumbnailUrl\":\"https:\\\/\\\/algarve7.pt\\\/wp-content\\\/uploads\\\/2024\\\/01\\\/Captura-de-ecra-2024-01-15-as-12.11.12.png\",\"datePublished\":\"2024-01-15T12:45:00+00:00\",\"description\":\"Vila do Bispo lan\u00e7a novo v\u00eddeo promocional em que o concelho se revela um destino invariavelmente belo tamb\u00e9m no outono Turismo\",\"breadcrumb\":{\"@id\":\"https:\\\/\\\/algarve7.pt\\\/index.php\\\/2024\\\/01\\\/vila-do-bispo-lanca-novo-video-promocional-em-que-o-concelho-se-revela-um-destino-invariavelmente-belo-tambem-no-outono\\\/turismo\\\/12\\\/45\\\/#breadcrumb\"},\"inLanguage\":\"pt-PT\",\"potentialAction\":[{\"@type\":\"ReadAction\",\"target\":[\"https:\\\/\\\/algarve7.pt\\\/index.php\\\/2024\\\/01\\\/vila-do-bispo-lanca-novo-video-promocional-em-que-o-concelho-se-revela-um-destino-invariavelmente-belo-tambem-no-outono\\\/turismo\\\/12\\\/45\\\/\"]}]},{\"@type\":\"ImageObject\",\"inLanguage\":\"pt-PT\",\"@id\":\"https:\\\/\\\/algarve7.pt\\\/index.php\\\/2024\\\/01\\\/vila-do-bispo-lanca-novo-video-promocional-em-que-o-concelho-se-revela-um-destino-invariavelmente-belo-tambem-no-outono\\\/turismo\\\/12\\\/45\\\/#primaryimage\",\"url\":\"https:\\\/\\\/algarve7.pt\\\/wp-content\\\/uploads\\\/2024\\\/01\\\/Captura-de-ecra-2024-01-15-as-12.11.12.png\",\"contentUrl\":\"https:\\\/\\\/algarve7.pt\\\/wp-content\\\/uploads\\\/2024\\\/01\\\/Captura-de-ecra-2024-01-15-as-12.11.12.png\",\"width\":1024,\"height\":529},{\"@type\":\"BreadcrumbList\",\"@id\":\"https:\\\/\\\/algarve7.pt\\\/index.php\\\/2024\\\/01\\\/vila-do-bispo-lanca-novo-video-promocional-em-que-o-concelho-se-revela-um-destino-invariavelmente-belo-tambem-no-outono\\\/turismo\\\/12\\\/45\\\/#breadcrumb\",\"itemListElement\":[{\"@type\":\"ListItem\",\"position\":1,\"name\":\"In\u00edcio\",\"item\":\"https:\\\/\\\/algarve7.pt\\\/\"},{\"@type\":\"ListItem\",\"position\":2,\"name\":\"Vila do Bispo lan\u00e7a novo v\u00eddeo promocional em que o concelho se revela um destino invariavelmente belo tamb\u00e9m no outono\"}]},{\"@type\":\"WebSite\",\"@id\":\"https:\\\/\\\/algarve7.pt\\\/#website\",\"url\":\"https:\\\/\\\/algarve7.pt\\\/\",\"name\":\"Algarve 7\",\"description\":\"Informa\u00e7\u00e3o sobre o Algarve\",\"publisher\":{\"@id\":\"https:\\\/\\\/algarve7.pt\\\/#organization\"},\"potentialAction\":[{\"@type\":\"SearchAction\",\"target\":{\"@type\":\"EntryPoint\",\"urlTemplate\":\"https:\\\/\\\/algarve7.pt\\\/?s={search_term_string}\"},\"query-input\":{\"@type\":\"PropertyValueSpecification\",\"valueRequired\":true,\"valueName\":\"search_term_string\"}}],\"inLanguage\":\"pt-PT\"},{\"@type\":\"Organization\",\"@id\":\"https:\\\/\\\/algarve7.pt\\\/#organization\",\"name\":\"Algarve 7\",\"url\":\"https:\\\/\\\/algarve7.pt\\\/\",\"logo\":{\"@type\":\"ImageObject\",\"inLanguage\":\"pt-PT\",\"@id\":\"https:\\\/\\\/algarve7.pt\\\/#\\\/schema\\\/logo\\\/image\\\/\",\"url\":\"https:\\\/\\\/algarve7.pt\\\/wp-content\\\/uploads\\\/2020\\\/10\\\/Logo-8.jpg\",\"contentUrl\":\"https:\\\/\\\/algarve7.pt\\\/wp-content\\\/uploads\\\/2020\\\/10\\\/Logo-8.jpg\",\"width\":1680,\"height\":1186,\"caption\":\"Algarve 7\"},\"image\":{\"@id\":\"https:\\\/\\\/algarve7.pt\\\/#\\\/schema\\\/logo\\\/image\\\/\"},\"sameAs\":[\"https:\\\/\\\/www.facebook.com\\\/algarve7\",\"https:\\\/\\\/x.com\\\/Algarvesete\",\"https:\\\/\\\/www.instagram.com\\\/jornalalgarve7\\\/\",\"https:\\\/\\\/www.linkedin.com\\\/company\\\/algarve7\",\"https:\\\/\\\/www.pinterest.pt\\\/geral0939\\\/_created\\\/\"]},{\"@type\":\"Person\",\"@id\":\"https:\\\/\\\/algarve7.pt\\\/#\\\/schema\\\/person\\\/23fa70681308e7b319a3204bcea45e0c\",\"name\":\"Algarve 7\",\"sameAs\":[\"https:\\\/\\\/algarve7.pt\",\"https:\\\/\\\/www.facebook.com\\\/algarve7\"],\"url\":\"https:\\\/\\\/algarve7.pt\\\/index.php\\\/author\\\/geralalgarve7-pt\\\/\"}]}<\/script>\n<!-- \/ Yoast SEO plugin. -->","yoast_head_json":{"title":"Vila do Bispo lan\u00e7a novo v\u00eddeo promocional em que o concelho se revela um destino invariavelmente belo tamb\u00e9m no outono - Algarve 7","description":"Vila do Bispo lan\u00e7a novo v\u00eddeo promocional em que o concelho se revela um destino invariavelmente belo tamb\u00e9m no outono Turismo","robots":{"index":"index","follow":"follow","max-snippet":"max-snippet:-1","max-image-preview":"max-image-preview:large","max-video-preview":"max-video-preview:-1"},"canonical":"https:\/\/algarve7.pt\/index.php\/2024\/01\/vila-do-bispo-lanca-novo-video-promocional-em-que-o-concelho-se-revela-um-destino-invariavelmente-belo-tambem-no-outono\/turismo\/12\/45\/","og_locale":"pt_PT","og_type":"article","og_title":"Vila do Bispo lan\u00e7a novo v\u00eddeo promocional em que o concelho se revela um destino invariavelmente belo tamb\u00e9m no outono - Algarve 7","og_description":"Vila do Bispo lan\u00e7a novo v\u00eddeo promocional em que o concelho se revela um destino invariavelmente belo tamb\u00e9m no outono Turismo","og_url":"https:\/\/algarve7.pt\/index.php\/2024\/01\/vila-do-bispo-lanca-novo-video-promocional-em-que-o-concelho-se-revela-um-destino-invariavelmente-belo-tambem-no-outono\/turismo\/12\/45\/","og_site_name":"Algarve 7","article_publisher":"https:\/\/www.facebook.com\/algarve7","article_author":"https:\/\/www.facebook.com\/algarve7","article_published_time":"2024-01-15T12:45:00+00:00","og_image":[{"width":1024,"height":529,"url":"https:\/\/algarve7.pt\/wp-content\/uploads\/2024\/01\/Captura-de-ecra-2024-01-15-as-12.11.12.png","type":"image\/png"}],"author":"Algarve 7","twitter_card":"summary_large_image","twitter_creator":"@Algarvesete","twitter_site":"@Algarvesete","twitter_misc":{"Escrito por":"Algarve 7","Tempo estimado de leitura":"2 minutos"},"schema":{"@context":"https:\/\/schema.org","@graph":[{"@type":"Article","@id":"https:\/\/algarve7.pt\/index.php\/2024\/01\/vila-do-bispo-lanca-novo-video-promocional-em-que-o-concelho-se-revela-um-destino-invariavelmente-belo-tambem-no-outono\/turismo\/12\/45\/#article","isPartOf":{"@id":"https:\/\/algarve7.pt\/index.php\/2024\/01\/vila-do-bispo-lanca-novo-video-promocional-em-que-o-concelho-se-revela-um-destino-invariavelmente-belo-tambem-no-outono\/turismo\/12\/45\/"},"author":{"name":"Algarve 7","@id":"https:\/\/algarve7.pt\/#\/schema\/person\/23fa70681308e7b319a3204bcea45e0c"},"headline":"Vila do Bispo lan\u00e7a novo v\u00eddeo promocional em que o concelho se revela um destino invariavelmente belo tamb\u00e9m no outono","datePublished":"2024-01-15T12:45:00+00:00","mainEntityOfPage":{"@id":"https:\/\/algarve7.pt\/index.php\/2024\/01\/vila-do-bispo-lanca-novo-video-promocional-em-que-o-concelho-se-revela-um-destino-invariavelmente-belo-tambem-no-outono\/turismo\/12\/45\/"},"wordCount":321,"publisher":{"@id":"https:\/\/algarve7.pt\/#organization"},"image":{"@id":"https:\/\/algarve7.pt\/index.php\/2024\/01\/vila-do-bispo-lanca-novo-video-promocional-em-que-o-concelho-se-revela-um-destino-invariavelmente-belo-tambem-no-outono\/turismo\/12\/45\/#primaryimage"},"thumbnailUrl":"https:\/\/algarve7.pt\/wp-content\/uploads\/2024\/01\/Captura-de-ecra-2024-01-15-as-12.11.12.png","keywords":["Algarve","Turismo","Vila do Bispo"],"articleSection":["Turismo"],"inLanguage":"pt-PT"},{"@type":"WebPage","@id":"https:\/\/algarve7.pt\/index.php\/2024\/01\/vila-do-bispo-lanca-novo-video-promocional-em-que-o-concelho-se-revela-um-destino-invariavelmente-belo-tambem-no-outono\/turismo\/12\/45\/","url":"https:\/\/algarve7.pt\/index.php\/2024\/01\/vila-do-bispo-lanca-novo-video-promocional-em-que-o-concelho-se-revela-um-destino-invariavelmente-belo-tambem-no-outono\/turismo\/12\/45\/","name":"Vila do Bispo lan\u00e7a novo v\u00eddeo promocional em que o concelho se revela um destino invariavelmente belo tamb\u00e9m no outono - Algarve 7","isPartOf":{"@id":"https:\/\/algarve7.pt\/#website"},"primaryImageOfPage":{"@id":"https:\/\/algarve7.pt\/index.php\/2024\/01\/vila-do-bispo-lanca-novo-video-promocional-em-que-o-concelho-se-revela-um-destino-invariavelmente-belo-tambem-no-outono\/turismo\/12\/45\/#primaryimage"},"image":{"@id":"https:\/\/algarve7.pt\/index.php\/2024\/01\/vila-do-bispo-lanca-novo-video-promocional-em-que-o-concelho-se-revela-um-destino-invariavelmente-belo-tambem-no-outono\/turismo\/12\/45\/#primaryimage"},"thumbnailUrl":"https:\/\/algarve7.pt\/wp-content\/uploads\/2024\/01\/Captura-de-ecra-2024-01-15-as-12.11.12.png","datePublished":"2024-01-15T12:45:00+00:00","description":"Vila do Bispo lan\u00e7a novo v\u00eddeo promocional em que o concelho se revela um destino invariavelmente belo tamb\u00e9m no outono Turismo","breadcrumb":{"@id":"https:\/\/algarve7.pt\/index.php\/2024\/01\/vila-do-bispo-lanca-novo-video-promocional-em-que-o-concelho-se-revela-um-destino-invariavelmente-belo-tambem-no-outono\/turismo\/12\/45\/#breadcrumb"},"inLanguage":"pt-PT","potentialAction":[{"@type":"ReadAction","target":["https:\/\/algarve7.pt\/index.php\/2024\/01\/vila-do-bispo-lanca-novo-video-promocional-em-que-o-concelho-se-revela-um-destino-invariavelmente-belo-tambem-no-outono\/turismo\/12\/45\/"]}]},{"@type":"ImageObject","inLanguage":"pt-PT","@id":"https:\/\/algarve7.pt\/index.php\/2024\/01\/vila-do-bispo-lanca-novo-video-promocional-em-que-o-concelho-se-revela-um-destino-invariavelmente-belo-tambem-no-outono\/turismo\/12\/45\/#primaryimage","url":"https:\/\/algarve7.pt\/wp-content\/uploads\/2024\/01\/Captura-de-ecra-2024-01-15-as-12.11.12.png","contentUrl":"https:\/\/algarve7.pt\/wp-content\/uploads\/2024\/01\/Captura-de-ecra-2024-01-15-as-12.11.12.png","width":1024,"height":529},{"@type":"BreadcrumbList","@id":"https:\/\/algarve7.pt\/index.php\/2024\/01\/vila-do-bispo-lanca-novo-video-promocional-em-que-o-concelho-se-revela-um-destino-invariavelmente-belo-tambem-no-outono\/turismo\/12\/45\/#breadcrumb","itemListElement":[{"@type":"ListItem","position":1,"name":"In\u00edcio","item":"https:\/\/algarve7.pt\/"},{"@type":"ListItem","position":2,"name":"Vila do Bispo lan\u00e7a novo v\u00eddeo promocional em que o concelho se revela um destino invariavelmente belo tamb\u00e9m no outono"}]},{"@type":"WebSite","@id":"https:\/\/algarve7.pt\/#website","url":"https:\/\/algarve7.pt\/","name":"Algarve 7","description":"Informa\u00e7\u00e3o sobre o Algarve","publisher":{"@id":"https:\/\/algarve7.pt\/#organization"},"potentialAction":[{"@type":"SearchAction","target":{"@type":"EntryPoint","urlTemplate":"https:\/\/algarve7.pt\/?s={search_term_string}"},"query-input":{"@type":"PropertyValueSpecification","valueRequired":true,"valueName":"search_term_string"}}],"inLanguage":"pt-PT"},{"@type":"Organization","@id":"https:\/\/algarve7.pt\/#organization","name":"Algarve 7","url":"https:\/\/algarve7.pt\/","logo":{"@type":"ImageObject","inLanguage":"pt-PT","@id":"https:\/\/algarve7.pt\/#\/schema\/logo\/image\/","url":"https:\/\/algarve7.pt\/wp-content\/uploads\/2020\/10\/Logo-8.jpg","contentUrl":"https:\/\/algarve7.pt\/wp-content\/uploads\/2020\/10\/Logo-8.jpg","width":1680,"height":1186,"caption":"Algarve 7"},"image":{"@id":"https:\/\/algarve7.pt\/#\/schema\/logo\/image\/"},"sameAs":["https:\/\/www.facebook.com\/algarve7","https:\/\/x.com\/Algarvesete","https:\/\/www.instagram.com\/jornalalgarve7\/","https:\/\/www.linkedin.com\/company\/algarve7","https:\/\/www.pinterest.pt\/geral0939\/_created\/"]},{"@type":"Person","@id":"https:\/\/algarve7.pt\/#\/schema\/person\/23fa70681308e7b319a3204bcea45e0c","name":"Algarve 7","sameAs":["https:\/\/algarve7.pt","https:\/\/www.facebook.com\/algarve7"],"url":"https:\/\/algarve7.pt\/index.php\/author\/geralalgarve7-pt\/"}]}},"jetpack_publicize_connections":[],"jetpack_featured_media_url":"https:\/\/algarve7.pt\/wp-content\/uploads\/2024\/01\/Captura-de-ecra-2024-01-15-as-12.11.12.png","jetpack_shortlink":"https:\/\/wp.me\/pcezmW-91M","jetpack_sharing_enabled":true,"_links":{"self":[{"href":"https:\/\/algarve7.pt\/index.php\/wp-json\/wp\/v2\/posts\/34706","targetHints":{"allow":["GET"]}}],"collection":[{"href":"https:\/\/algarve7.pt\/index.php\/wp-json\/wp\/v2\/posts"}],"about":[{"href":"https:\/\/algarve7.pt\/index.php\/wp-json\/wp\/v2\/types\/post"}],"author":[{"embeddable":true,"href":"https:\/\/algarve7.pt\/index.php\/wp-json\/wp\/v2\/users\/1"}],"replies":[{"embeddable":true,"href":"https:\/\/algarve7.pt\/index.php\/wp-json\/wp\/v2\/comments?post=34706"}],"version-history":[{"count":0,"href":"https:\/\/algarve7.pt\/index.php\/wp-json\/wp\/v2\/posts\/34706\/revisions"}],"wp:featuredmedia":[{"embeddable":true,"href":"https:\/\/algarve7.pt\/index.php\/wp-json\/wp\/v2\/media\/34707"}],"wp:attachment":[{"href":"https:\/\/algarve7.pt\/index.php\/wp-json\/wp\/v2\/media?parent=34706"}],"wp:term":[{"taxonomy":"category","embeddable":true,"href":"https:\/\/algarve7.pt\/index.php\/wp-json\/wp\/v2\/categories?post=34706"},{"taxonomy":"post_tag","embeddable":true,"href":"https:\/\/algarve7.pt\/index.php\/wp-json\/wp\/v2\/tags?post=34706"}],"curies":[{"name":"wp","href":"https:\/\/api.w.org\/{rel}","templated":true}]}}