{"id":34663,"date":"2024-01-12T11:55:16","date_gmt":"2024-01-12T11:55:16","guid":{"rendered":"https:\/\/algarve7.pt\/?p=34663"},"modified":"2024-01-12T11:55:18","modified_gmt":"2024-01-12T11:55:18","slug":"projeto-de-compostagem-comunitaria-e-domestica-de-monchique","status":"publish","type":"post","link":"https:\/\/algarve7.pt\/index.php\/2024\/01\/projeto-de-compostagem-comunitaria-e-domestica-de-monchique\/ambiente\/11\/55\/","title":{"rendered":"Projeto de compostagem comunit\u00e1ria e dom\u00e9stica de Monchique"},"content":{"rendered":"\n<p>A atua\u00e7\u00e3o do Munic\u00edpio de Monchique \u00e9 norteada por uma estrat\u00e9gia e princ\u00edpios de desenvolvimento sustent\u00e1vel, em articula\u00e7\u00e3o com as Diretivas Comunit\u00e1rias e Estrat\u00e9gias Nacionais em mat\u00e9rias de gest\u00e3o de res\u00edduos, promovendo uma atividade de interesse p\u00fablico.Neste contexto, os biorres\u00edduos representam um papel fundamental no sistema global da gest\u00e3o de res\u00edduos, quer pelas elevadas quantidades que s\u00e3o produzidas anualmente, mas tamb\u00e9m pelo seu potencial de valoriza\u00e7\u00e3o e reintegra\u00e7\u00e3o na economia.No \u00e2mbito do programa da RecolhaBio &#8211; Apoio \u00e0 implementa\u00e7\u00e3o de projetos de recolha seletiva de biorres\u00edduos, esta autarquia desenvolveu a melhor estrat\u00e9gia para a gest\u00e3o dos biorres\u00edduos produzidos no concelho, considerando as suas caracter\u00edsticas demogr\u00e1ficas e geogr\u00e1ficas.Essa estrat\u00e9gia assenta na recolha na origem e na produ\u00e7\u00e3o de composto, quer atrav\u00e9s de solu\u00e7\u00f5es individuais ou comunit\u00e1rias.<\/p>\n\n\n\n<p>Pretende-se com este projeto:a) aproveitar localmente os biorres\u00edduos produzidos (compostagem dom\u00e9stica; compostagem comunit\u00e1ria);b) disponibilizar uma rede de recolha seletiva de biorres\u00edduos;c) produzir composto localmente, induzindo o envolvimento da comunidade.<\/p>\n\n\n\n<p>Para tal, o Munic\u00edpio ir\u00e1 fornecer 1000 baldes de 7l para uso dom\u00e9stico e 200 compostores dom\u00e9sticos, ambos mediante inscri\u00e7\u00e3o.Os equipamentos ficar\u00e3o dispon\u00edveis a partir de dia 27 de janeiro, nas juntas de freguesia e nos armaz\u00e9ns municipais (real\u00e7a-se que apenas para os mun\u00edcipes inscritos).A inscri\u00e7\u00e3o pode ser feita on-line (no site do munic\u00edpio) ou presencial (nas juntas de freguesia ou no balc\u00e3o \u00fanico).<\/p>\n\n\n\n<p>Paralelamente est\u00e3o dispon\u00edveis 6 compostores comunit\u00e1rios (que ir\u00e3o entrar em funcionamento nessa data), nos seguintes locais:Alferce \u2013 junto ao Polidesportivo;Marmelete \u2013 em frente ao Lar;Monchique \u2013 S. Pedro, estacionamento Mercado Municipal, Ceiceira e S. Roque.<\/p>\n\n\n\n<p>Participe nas sess\u00f5es de esclarecimento! Ter\u00e1 oportunidade de esclarecer as suas d\u00favidas, receber o seu equipamento, o manual de compostagem e obter mais informa\u00e7\u00f5es em como fazer a compostagem dom\u00e9stica.<\/p>\n\n\n\n<p>Sobra alimentar! Monchique tem + para dar!<\/p>\n\n\n\n<p>Para inscri\u00e7\u00f5es clicar no link:<a href=\"https:\/\/forms.gle\/maWfi5WK1zyfBh6Y9\" target=\"_blank\" rel=\"noreferrer noopener\">https:\/\/forms.gle\/maWfi5WK1zyfBh6Y9<\/a><\/p>\n","protected":false},"excerpt":{"rendered":"<p>A atua\u00e7\u00e3o do Munic\u00edpio de Monchique \u00e9 norteada por uma estrat\u00e9gia e princ\u00edpios de desenvolvimento sustent\u00e1vel, em articula\u00e7\u00e3o com as<\/p>\n","protected":false},"author":1,"featured_media":34664,"comment_status":"closed","ping_status":"open","sticky":false,"template":"","format":"standard","meta":{"colormag_page_container_layout":"default_layout","colormag_page_sidebar_layout":"default_layout","_monsterinsights_skip_tracking":false,"_monsterinsights_sitenote_active":false,"_monsterinsights_sitenote_note":"","_monsterinsights_sitenote_category":0,"jetpack_post_was_ever_published":false,"_jetpack_newsletter_access":"","_jetpack_dont_email_post_to_subs":false,"_jetpack_newsletter_tier_id":0,"_jetpack_memberships_contains_paywalled_content":false,"_jetpack_memberships_contains_paid_content":false,"footnotes":"","jetpack_publicize_message":"","jetpack_publicize_feature_enabled":true,"jetpack_social_post_already_shared":true,"jetpack_social_options":{"image_generator_settings":{"template":"highway","default_image_id":0,"font":"","enabled":false},"version":2}},"categories":[5],"tags":[36,32,171],"class_list":["post-34663","post","type-post","status-publish","format-standard","has-post-thumbnail","hentry","category-ambiente","tag-algarve","tag-ambiente","tag-monchique"],"yoast_head":"<!-- This site is optimized with the Yoast SEO plugin v27.5 - https:\/\/yoast.com\/product\/yoast-seo-wordpress\/ -->\n<title>Projeto de compostagem comunit\u00e1ria e dom\u00e9stica de Monchique - Algarve 7<\/title>\n<meta name=\"description\" content=\"Projeto de compostagem comunit\u00e1ria e dom\u00e9stica de Monchique Ambiente\" \/>\n<meta name=\"robots\" content=\"index, follow, max-snippet:-1, max-image-preview:large, max-video-preview:-1\" \/>\n<link rel=\"canonical\" href=\"https:\/\/algarve7.pt\/index.php\/2024\/01\/projeto-de-compostagem-comunitaria-e-domestica-de-monchique\/ambiente\/11\/55\/\" \/>\n<meta property=\"og:locale\" content=\"pt_PT\" \/>\n<meta property=\"og:type\" content=\"article\" \/>\n<meta property=\"og:title\" content=\"Projeto de compostagem comunit\u00e1ria e dom\u00e9stica de Monchique - Algarve 7\" \/>\n<meta property=\"og:description\" content=\"Projeto de compostagem comunit\u00e1ria e dom\u00e9stica de Monchique Ambiente\" \/>\n<meta property=\"og:url\" content=\"https:\/\/algarve7.pt\/index.php\/2024\/01\/projeto-de-compostagem-comunitaria-e-domestica-de-monchique\/ambiente\/11\/55\/\" \/>\n<meta property=\"og:site_name\" content=\"Algarve 7\" \/>\n<meta property=\"article:publisher\" content=\"https:\/\/www.facebook.com\/algarve7\" \/>\n<meta property=\"article:author\" content=\"https:\/\/www.facebook.com\/algarve7\" \/>\n<meta property=\"article:published_time\" content=\"2024-01-12T11:55:16+00:00\" \/>\n<meta property=\"article:modified_time\" content=\"2024-01-12T11:55:18+00:00\" \/>\n<meta property=\"og:image\" content=\"https:\/\/algarve7.pt\/wp-content\/uploads\/2024\/01\/Captura-de-ecra-2024-01-12-as-11.52.35.png\" \/>\n\t<meta property=\"og:image:width\" content=\"850\" \/>\n\t<meta property=\"og:image:height\" content=\"861\" \/>\n\t<meta property=\"og:image:type\" content=\"image\/png\" \/>\n<meta name=\"author\" content=\"Algarve 7\" \/>\n<meta name=\"twitter:card\" content=\"summary_large_image\" \/>\n<meta name=\"twitter:creator\" content=\"@Algarvesete\" \/>\n<meta name=\"twitter:site\" content=\"@Algarvesete\" \/>\n<meta name=\"twitter:label1\" content=\"Escrito por\" \/>\n\t<meta name=\"twitter:data1\" content=\"Algarve 7\" \/>\n\t<meta name=\"twitter:label2\" content=\"Tempo estimado de leitura\" \/>\n\t<meta name=\"twitter:data2\" content=\"2 minutos\" \/>\n<script type=\"application\/ld+json\" class=\"yoast-schema-graph\">{\"@context\":\"https:\\\/\\\/schema.org\",\"@graph\":[{\"@type\":\"Article\",\"@id\":\"https:\\\/\\\/algarve7.pt\\\/index.php\\\/2024\\\/01\\\/projeto-de-compostagem-comunitaria-e-domestica-de-monchique\\\/ambiente\\\/11\\\/55\\\/#article\",\"isPartOf\":{\"@id\":\"https:\\\/\\\/algarve7.pt\\\/index.php\\\/2024\\\/01\\\/projeto-de-compostagem-comunitaria-e-domestica-de-monchique\\\/ambiente\\\/11\\\/55\\\/\"},\"author\":{\"name\":\"Algarve 7\",\"@id\":\"https:\\\/\\\/algarve7.pt\\\/#\\\/schema\\\/person\\\/23fa70681308e7b319a3204bcea45e0c\"},\"headline\":\"Projeto de compostagem comunit\u00e1ria e dom\u00e9stica de Monchique\",\"datePublished\":\"2024-01-12T11:55:16+00:00\",\"dateModified\":\"2024-01-12T11:55:18+00:00\",\"mainEntityOfPage\":{\"@id\":\"https:\\\/\\\/algarve7.pt\\\/index.php\\\/2024\\\/01\\\/projeto-de-compostagem-comunitaria-e-domestica-de-monchique\\\/ambiente\\\/11\\\/55\\\/\"},\"wordCount\":370,\"publisher\":{\"@id\":\"https:\\\/\\\/algarve7.pt\\\/#organization\"},\"image\":{\"@id\":\"https:\\\/\\\/algarve7.pt\\\/index.php\\\/2024\\\/01\\\/projeto-de-compostagem-comunitaria-e-domestica-de-monchique\\\/ambiente\\\/11\\\/55\\\/#primaryimage\"},\"thumbnailUrl\":\"https:\\\/\\\/algarve7.pt\\\/wp-content\\\/uploads\\\/2024\\\/01\\\/Captura-de-ecra-2024-01-12-as-11.52.35.png\",\"keywords\":[\"Algarve\",\"Ambiente\",\"Monchique\"],\"articleSection\":[\"Ambiente\"],\"inLanguage\":\"pt-PT\"},{\"@type\":\"WebPage\",\"@id\":\"https:\\\/\\\/algarve7.pt\\\/index.php\\\/2024\\\/01\\\/projeto-de-compostagem-comunitaria-e-domestica-de-monchique\\\/ambiente\\\/11\\\/55\\\/\",\"url\":\"https:\\\/\\\/algarve7.pt\\\/index.php\\\/2024\\\/01\\\/projeto-de-compostagem-comunitaria-e-domestica-de-monchique\\\/ambiente\\\/11\\\/55\\\/\",\"name\":\"Projeto de compostagem comunit\u00e1ria e dom\u00e9stica de Monchique - Algarve 7\",\"isPartOf\":{\"@id\":\"https:\\\/\\\/algarve7.pt\\\/#website\"},\"primaryImageOfPage\":{\"@id\":\"https:\\\/\\\/algarve7.pt\\\/index.php\\\/2024\\\/01\\\/projeto-de-compostagem-comunitaria-e-domestica-de-monchique\\\/ambiente\\\/11\\\/55\\\/#primaryimage\"},\"image\":{\"@id\":\"https:\\\/\\\/algarve7.pt\\\/index.php\\\/2024\\\/01\\\/projeto-de-compostagem-comunitaria-e-domestica-de-monchique\\\/ambiente\\\/11\\\/55\\\/#primaryimage\"},\"thumbnailUrl\":\"https:\\\/\\\/algarve7.pt\\\/wp-content\\\/uploads\\\/2024\\\/01\\\/Captura-de-ecra-2024-01-12-as-11.52.35.png\",\"datePublished\":\"2024-01-12T11:55:16+00:00\",\"dateModified\":\"2024-01-12T11:55:18+00:00\",\"description\":\"Projeto de compostagem comunit\u00e1ria e dom\u00e9stica de Monchique Ambiente\",\"breadcrumb\":{\"@id\":\"https:\\\/\\\/algarve7.pt\\\/index.php\\\/2024\\\/01\\\/projeto-de-compostagem-comunitaria-e-domestica-de-monchique\\\/ambiente\\\/11\\\/55\\\/#breadcrumb\"},\"inLanguage\":\"pt-PT\",\"potentialAction\":[{\"@type\":\"ReadAction\",\"target\":[\"https:\\\/\\\/algarve7.pt\\\/index.php\\\/2024\\\/01\\\/projeto-de-compostagem-comunitaria-e-domestica-de-monchique\\\/ambiente\\\/11\\\/55\\\/\"]}]},{\"@type\":\"ImageObject\",\"inLanguage\":\"pt-PT\",\"@id\":\"https:\\\/\\\/algarve7.pt\\\/index.php\\\/2024\\\/01\\\/projeto-de-compostagem-comunitaria-e-domestica-de-monchique\\\/ambiente\\\/11\\\/55\\\/#primaryimage\",\"url\":\"https:\\\/\\\/algarve7.pt\\\/wp-content\\\/uploads\\\/2024\\\/01\\\/Captura-de-ecra-2024-01-12-as-11.52.35.png\",\"contentUrl\":\"https:\\\/\\\/algarve7.pt\\\/wp-content\\\/uploads\\\/2024\\\/01\\\/Captura-de-ecra-2024-01-12-as-11.52.35.png\",\"width\":850,\"height\":861},{\"@type\":\"BreadcrumbList\",\"@id\":\"https:\\\/\\\/algarve7.pt\\\/index.php\\\/2024\\\/01\\\/projeto-de-compostagem-comunitaria-e-domestica-de-monchique\\\/ambiente\\\/11\\\/55\\\/#breadcrumb\",\"itemListElement\":[{\"@type\":\"ListItem\",\"position\":1,\"name\":\"In\u00edcio\",\"item\":\"https:\\\/\\\/algarve7.pt\\\/\"},{\"@type\":\"ListItem\",\"position\":2,\"name\":\"Projeto de compostagem comunit\u00e1ria e dom\u00e9stica de Monchique\"}]},{\"@type\":\"WebSite\",\"@id\":\"https:\\\/\\\/algarve7.pt\\\/#website\",\"url\":\"https:\\\/\\\/algarve7.pt\\\/\",\"name\":\"Algarve 7\",\"description\":\"Informa\u00e7\u00e3o sobre o Algarve\",\"publisher\":{\"@id\":\"https:\\\/\\\/algarve7.pt\\\/#organization\"},\"potentialAction\":[{\"@type\":\"SearchAction\",\"target\":{\"@type\":\"EntryPoint\",\"urlTemplate\":\"https:\\\/\\\/algarve7.pt\\\/?s={search_term_string}\"},\"query-input\":{\"@type\":\"PropertyValueSpecification\",\"valueRequired\":true,\"valueName\":\"search_term_string\"}}],\"inLanguage\":\"pt-PT\"},{\"@type\":\"Organization\",\"@id\":\"https:\\\/\\\/algarve7.pt\\\/#organization\",\"name\":\"Algarve 7\",\"url\":\"https:\\\/\\\/algarve7.pt\\\/\",\"logo\":{\"@type\":\"ImageObject\",\"inLanguage\":\"pt-PT\",\"@id\":\"https:\\\/\\\/algarve7.pt\\\/#\\\/schema\\\/logo\\\/image\\\/\",\"url\":\"https:\\\/\\\/algarve7.pt\\\/wp-content\\\/uploads\\\/2020\\\/10\\\/Logo-8.jpg\",\"contentUrl\":\"https:\\\/\\\/algarve7.pt\\\/wp-content\\\/uploads\\\/2020\\\/10\\\/Logo-8.jpg\",\"width\":1680,\"height\":1186,\"caption\":\"Algarve 7\"},\"image\":{\"@id\":\"https:\\\/\\\/algarve7.pt\\\/#\\\/schema\\\/logo\\\/image\\\/\"},\"sameAs\":[\"https:\\\/\\\/www.facebook.com\\\/algarve7\",\"https:\\\/\\\/x.com\\\/Algarvesete\",\"https:\\\/\\\/www.instagram.com\\\/jornalalgarve7\\\/\",\"https:\\\/\\\/www.linkedin.com\\\/company\\\/algarve7\",\"https:\\\/\\\/www.pinterest.pt\\\/geral0939\\\/_created\\\/\"]},{\"@type\":\"Person\",\"@id\":\"https:\\\/\\\/algarve7.pt\\\/#\\\/schema\\\/person\\\/23fa70681308e7b319a3204bcea45e0c\",\"name\":\"Algarve 7\",\"sameAs\":[\"https:\\\/\\\/algarve7.pt\",\"https:\\\/\\\/www.facebook.com\\\/algarve7\"],\"url\":\"https:\\\/\\\/algarve7.pt\\\/index.php\\\/author\\\/geralalgarve7-pt\\\/\"}]}<\/script>\n<!-- \/ Yoast SEO plugin. -->","yoast_head_json":{"title":"Projeto de compostagem comunit\u00e1ria e dom\u00e9stica de Monchique - Algarve 7","description":"Projeto de compostagem comunit\u00e1ria e dom\u00e9stica de Monchique Ambiente","robots":{"index":"index","follow":"follow","max-snippet":"max-snippet:-1","max-image-preview":"max-image-preview:large","max-video-preview":"max-video-preview:-1"},"canonical":"https:\/\/algarve7.pt\/index.php\/2024\/01\/projeto-de-compostagem-comunitaria-e-domestica-de-monchique\/ambiente\/11\/55\/","og_locale":"pt_PT","og_type":"article","og_title":"Projeto de compostagem comunit\u00e1ria e dom\u00e9stica de Monchique - Algarve 7","og_description":"Projeto de compostagem comunit\u00e1ria e dom\u00e9stica de Monchique Ambiente","og_url":"https:\/\/algarve7.pt\/index.php\/2024\/01\/projeto-de-compostagem-comunitaria-e-domestica-de-monchique\/ambiente\/11\/55\/","og_site_name":"Algarve 7","article_publisher":"https:\/\/www.facebook.com\/algarve7","article_author":"https:\/\/www.facebook.com\/algarve7","article_published_time":"2024-01-12T11:55:16+00:00","article_modified_time":"2024-01-12T11:55:18+00:00","og_image":[{"width":850,"height":861,"url":"https:\/\/algarve7.pt\/wp-content\/uploads\/2024\/01\/Captura-de-ecra-2024-01-12-as-11.52.35.png","type":"image\/png"}],"author":"Algarve 7","twitter_card":"summary_large_image","twitter_creator":"@Algarvesete","twitter_site":"@Algarvesete","twitter_misc":{"Escrito por":"Algarve 7","Tempo estimado de leitura":"2 minutos"},"schema":{"@context":"https:\/\/schema.org","@graph":[{"@type":"Article","@id":"https:\/\/algarve7.pt\/index.php\/2024\/01\/projeto-de-compostagem-comunitaria-e-domestica-de-monchique\/ambiente\/11\/55\/#article","isPartOf":{"@id":"https:\/\/algarve7.pt\/index.php\/2024\/01\/projeto-de-compostagem-comunitaria-e-domestica-de-monchique\/ambiente\/11\/55\/"},"author":{"name":"Algarve 7","@id":"https:\/\/algarve7.pt\/#\/schema\/person\/23fa70681308e7b319a3204bcea45e0c"},"headline":"Projeto de compostagem comunit\u00e1ria e dom\u00e9stica de Monchique","datePublished":"2024-01-12T11:55:16+00:00","dateModified":"2024-01-12T11:55:18+00:00","mainEntityOfPage":{"@id":"https:\/\/algarve7.pt\/index.php\/2024\/01\/projeto-de-compostagem-comunitaria-e-domestica-de-monchique\/ambiente\/11\/55\/"},"wordCount":370,"publisher":{"@id":"https:\/\/algarve7.pt\/#organization"},"image":{"@id":"https:\/\/algarve7.pt\/index.php\/2024\/01\/projeto-de-compostagem-comunitaria-e-domestica-de-monchique\/ambiente\/11\/55\/#primaryimage"},"thumbnailUrl":"https:\/\/algarve7.pt\/wp-content\/uploads\/2024\/01\/Captura-de-ecra-2024-01-12-as-11.52.35.png","keywords":["Algarve","Ambiente","Monchique"],"articleSection":["Ambiente"],"inLanguage":"pt-PT"},{"@type":"WebPage","@id":"https:\/\/algarve7.pt\/index.php\/2024\/01\/projeto-de-compostagem-comunitaria-e-domestica-de-monchique\/ambiente\/11\/55\/","url":"https:\/\/algarve7.pt\/index.php\/2024\/01\/projeto-de-compostagem-comunitaria-e-domestica-de-monchique\/ambiente\/11\/55\/","name":"Projeto de compostagem comunit\u00e1ria e dom\u00e9stica de Monchique - Algarve 7","isPartOf":{"@id":"https:\/\/algarve7.pt\/#website"},"primaryImageOfPage":{"@id":"https:\/\/algarve7.pt\/index.php\/2024\/01\/projeto-de-compostagem-comunitaria-e-domestica-de-monchique\/ambiente\/11\/55\/#primaryimage"},"image":{"@id":"https:\/\/algarve7.pt\/index.php\/2024\/01\/projeto-de-compostagem-comunitaria-e-domestica-de-monchique\/ambiente\/11\/55\/#primaryimage"},"thumbnailUrl":"https:\/\/algarve7.pt\/wp-content\/uploads\/2024\/01\/Captura-de-ecra-2024-01-12-as-11.52.35.png","datePublished":"2024-01-12T11:55:16+00:00","dateModified":"2024-01-12T11:55:18+00:00","description":"Projeto de compostagem comunit\u00e1ria e dom\u00e9stica de Monchique Ambiente","breadcrumb":{"@id":"https:\/\/algarve7.pt\/index.php\/2024\/01\/projeto-de-compostagem-comunitaria-e-domestica-de-monchique\/ambiente\/11\/55\/#breadcrumb"},"inLanguage":"pt-PT","potentialAction":[{"@type":"ReadAction","target":["https:\/\/algarve7.pt\/index.php\/2024\/01\/projeto-de-compostagem-comunitaria-e-domestica-de-monchique\/ambiente\/11\/55\/"]}]},{"@type":"ImageObject","inLanguage":"pt-PT","@id":"https:\/\/algarve7.pt\/index.php\/2024\/01\/projeto-de-compostagem-comunitaria-e-domestica-de-monchique\/ambiente\/11\/55\/#primaryimage","url":"https:\/\/algarve7.pt\/wp-content\/uploads\/2024\/01\/Captura-de-ecra-2024-01-12-as-11.52.35.png","contentUrl":"https:\/\/algarve7.pt\/wp-content\/uploads\/2024\/01\/Captura-de-ecra-2024-01-12-as-11.52.35.png","width":850,"height":861},{"@type":"BreadcrumbList","@id":"https:\/\/algarve7.pt\/index.php\/2024\/01\/projeto-de-compostagem-comunitaria-e-domestica-de-monchique\/ambiente\/11\/55\/#breadcrumb","itemListElement":[{"@type":"ListItem","position":1,"name":"In\u00edcio","item":"https:\/\/algarve7.pt\/"},{"@type":"ListItem","position":2,"name":"Projeto de compostagem comunit\u00e1ria e dom\u00e9stica de Monchique"}]},{"@type":"WebSite","@id":"https:\/\/algarve7.pt\/#website","url":"https:\/\/algarve7.pt\/","name":"Algarve 7","description":"Informa\u00e7\u00e3o sobre o Algarve","publisher":{"@id":"https:\/\/algarve7.pt\/#organization"},"potentialAction":[{"@type":"SearchAction","target":{"@type":"EntryPoint","urlTemplate":"https:\/\/algarve7.pt\/?s={search_term_string}"},"query-input":{"@type":"PropertyValueSpecification","valueRequired":true,"valueName":"search_term_string"}}],"inLanguage":"pt-PT"},{"@type":"Organization","@id":"https:\/\/algarve7.pt\/#organization","name":"Algarve 7","url":"https:\/\/algarve7.pt\/","logo":{"@type":"ImageObject","inLanguage":"pt-PT","@id":"https:\/\/algarve7.pt\/#\/schema\/logo\/image\/","url":"https:\/\/algarve7.pt\/wp-content\/uploads\/2020\/10\/Logo-8.jpg","contentUrl":"https:\/\/algarve7.pt\/wp-content\/uploads\/2020\/10\/Logo-8.jpg","width":1680,"height":1186,"caption":"Algarve 7"},"image":{"@id":"https:\/\/algarve7.pt\/#\/schema\/logo\/image\/"},"sameAs":["https:\/\/www.facebook.com\/algarve7","https:\/\/x.com\/Algarvesete","https:\/\/www.instagram.com\/jornalalgarve7\/","https:\/\/www.linkedin.com\/company\/algarve7","https:\/\/www.pinterest.pt\/geral0939\/_created\/"]},{"@type":"Person","@id":"https:\/\/algarve7.pt\/#\/schema\/person\/23fa70681308e7b319a3204bcea45e0c","name":"Algarve 7","sameAs":["https:\/\/algarve7.pt","https:\/\/www.facebook.com\/algarve7"],"url":"https:\/\/algarve7.pt\/index.php\/author\/geralalgarve7-pt\/"}]}},"jetpack_publicize_connections":[],"jetpack_featured_media_url":"https:\/\/algarve7.pt\/wp-content\/uploads\/2024\/01\/Captura-de-ecra-2024-01-12-as-11.52.35.png","jetpack_shortlink":"https:\/\/wp.me\/pcezmW-915","jetpack_sharing_enabled":true,"_links":{"self":[{"href":"https:\/\/algarve7.pt\/index.php\/wp-json\/wp\/v2\/posts\/34663","targetHints":{"allow":["GET"]}}],"collection":[{"href":"https:\/\/algarve7.pt\/index.php\/wp-json\/wp\/v2\/posts"}],"about":[{"href":"https:\/\/algarve7.pt\/index.php\/wp-json\/wp\/v2\/types\/post"}],"author":[{"embeddable":true,"href":"https:\/\/algarve7.pt\/index.php\/wp-json\/wp\/v2\/users\/1"}],"replies":[{"embeddable":true,"href":"https:\/\/algarve7.pt\/index.php\/wp-json\/wp\/v2\/comments?post=34663"}],"version-history":[{"count":0,"href":"https:\/\/algarve7.pt\/index.php\/wp-json\/wp\/v2\/posts\/34663\/revisions"}],"wp:featuredmedia":[{"embeddable":true,"href":"https:\/\/algarve7.pt\/index.php\/wp-json\/wp\/v2\/media\/34664"}],"wp:attachment":[{"href":"https:\/\/algarve7.pt\/index.php\/wp-json\/wp\/v2\/media?parent=34663"}],"wp:term":[{"taxonomy":"category","embeddable":true,"href":"https:\/\/algarve7.pt\/index.php\/wp-json\/wp\/v2\/categories?post=34663"},{"taxonomy":"post_tag","embeddable":true,"href":"https:\/\/algarve7.pt\/index.php\/wp-json\/wp\/v2\/tags?post=34663"}],"curies":[{"name":"wp","href":"https:\/\/api.w.org\/{rel}","templated":true}]}}