{"id":34603,"date":"2024-01-11T17:41:46","date_gmt":"2024-01-11T17:41:46","guid":{"rendered":"https:\/\/algarve7.pt\/?p=34603"},"modified":"2024-01-11T17:41:48","modified_gmt":"2024-01-11T17:41:48","slug":"elvira-fortunato-inaugura-obras-de-requalificacao-de-residencia-universitaria-da-ualg","status":"publish","type":"post","link":"https:\/\/algarve7.pt\/index.php\/2024\/01\/elvira-fortunato-inaugura-obras-de-requalificacao-de-residencia-universitaria-da-ualg\/atualidade\/17\/41\/","title":{"rendered":"Elvira Fortunato inaugura obras de requalifica\u00e7\u00e3o de Resid\u00eancia Universit\u00e1ria da UAlg"},"content":{"rendered":"\n<p><strong>A ministra da Ci\u00eancia, Tecnologia e Ensino Superior, Elvira Fortunato, vai inaugurar as obras de requalifica\u00e7\u00e3o da Resid\u00eancia Universit\u00e1ria Lote E, na Rua das Hort\u00eancias, em Gambelas, no dia 12 de janeiro, pelas 17h00.<\/strong><\/p>\n\n\n\n<p>Est\u00e1 ainda prevista a visita a um dos apartamentos da Resid\u00eancia e uma poss\u00edvel conversa com alguns estudantes.<\/p>\n\n\n\n<p>Seguidamente, \u00e0s 18h30, no Grande Audit\u00f3rio Caixa Geral de Dep\u00f3sitos, Campus de Gambelas, Elvira Fortunato preside a sess\u00e3o de encerramento do congresso que marca o in\u00edcio da estrat\u00e9gia de internacionaliza\u00e7\u00e3o da Universidade Europeia dos Mares.<\/p>\n\n\n\n<p><strong>Investimento total ronda os 3,5 milh\u00f5es de euros&nbsp;<\/strong><\/p>\n\n\n\n<p>Recorde-se que a Universidade do Algarve efetuou um conjunto de reformula\u00e7\u00f5es em tr\u00eas resid\u00eancias universit\u00e1rias, cujo investimento total ronda os 3,5 milh\u00f5es de euros, financiados pelo Plano de Recupera\u00e7\u00e3o e Resili\u00eancia (PRR) em cerca de 70%.<\/p>\n\n\n\n<p>Al\u00e9m do refor\u00e7o estrutural, estas interven\u00e7\u00f5es incidiram, sobretudo, ao n\u00edvel da seguran\u00e7a contra inc\u00eandios, comportamento t\u00e9rmico e aumento da efici\u00eancia energ\u00e9tica, conciliando os objetivos de uma gest\u00e3o racional do consumo de energia, de acordo com os princ\u00edpios de efici\u00eancia energ\u00e9tica, com a garantia de conforto e salubridade do edif\u00edcio.<\/p>\n\n\n\n<p>As instala\u00e7\u00f5es sanit\u00e1rias das tr\u00eas resid\u00eancias tamb\u00e9m foram contempladas nesta remodela\u00e7\u00e3o. De forma a promover a efici\u00eancia h\u00eddrica, a UAlg, para al\u00e9m da interven\u00e7\u00e3o em toda a rede de adu\u00e7\u00e3o de \u00e1gua e rede de drenagem de \u00e1guas residuais, substituiu os dispositivos de uso de \u00e1gua por outros mais eficientes.<\/p>\n\n\n\n<p>Todas as interven\u00e7\u00f5es de renova\u00e7\u00e3o dos edif\u00edcios integram a preocupa\u00e7\u00e3o de uma adequada preserva\u00e7\u00e3o e valoriza\u00e7\u00e3o da preexist\u00eancia, bem como a sua conjuga\u00e7\u00e3o com a melhoria das condi\u00e7\u00f5es de bem-estar e qualidade de vida dos residentes. A melhoria da qualidade de vida e da habitabilidade estiveram sempre subjacentes a todas as interven\u00e7\u00f5es, que tamb\u00e9m tiveram em considera\u00e7\u00e3o uma rela\u00e7\u00e3o custo-benef\u00edcio, no curto e longo prazo.<\/p>\n\n\n\n<p>Em termos de sustentabilidade social, um dos objetivos \u00e9 n\u00e3o s\u00f3 promover o respeito pela individualidade de cada residente, mas tamb\u00e9m a conviv\u00eancia entre si, com a ado\u00e7\u00e3o de espa\u00e7os partilhados, como a exist\u00eancia de sala de conv\u00edvio, de estudo e sala de refei\u00e7\u00f5es, promovendo a viv\u00eancia em comum.<\/p>\n\n\n\n<p><strong>Lan\u00e7ado concurso p\u00fablico internacional para&nbsp;renova\u00e7\u00e3o de mais uma&nbsp;resid\u00eancia universit\u00e1ria&nbsp;<\/strong><\/p>\n\n\n\n<p>Com vista a continuar a providenciar alojamento de qualidade, a pre\u00e7os acess\u00edveis, garantindo elevados padr\u00f5es de bem-estar, a Universidade do Algarve lan\u00e7ou recentemente um concurso p\u00fablico internacional para uma empreitada de renova\u00e7\u00e3o de mais uma resid\u00eancia universit\u00e1ria, a da Penha, em Faro. O investimento previsto para esta obra \u00e9 superior a 1,4 milh\u00f5es de euros.<\/p>\n\n\n\n<p>As interven\u00e7\u00f5es j\u00e1 levadas a cabo incidiram sobre 237 camas e o concurso internacional para a resid\u00eancia da Penha contemplar\u00e1 mais 102 camas. A UAlg pretende continuar a apostar numa resposta integrada e de longo prazo aos estudantes do ensino superior que se encontram deslocados do local da sua resid\u00eancia.<\/p>\n","protected":false},"excerpt":{"rendered":"<p>A ministra da Ci\u00eancia, Tecnologia e Ensino Superior, Elvira Fortunato, vai inaugurar as obras de requalifica\u00e7\u00e3o da Resid\u00eancia Universit\u00e1ria Lote<\/p>\n","protected":false},"author":1,"featured_media":34604,"comment_status":"closed","ping_status":"open","sticky":false,"template":"","format":"standard","meta":{"colormag_page_container_layout":"default_layout","colormag_page_sidebar_layout":"default_layout","_monsterinsights_skip_tracking":false,"_monsterinsights_sitenote_active":false,"_monsterinsights_sitenote_note":"","_monsterinsights_sitenote_category":0,"jetpack_post_was_ever_published":false,"_jetpack_newsletter_access":"","_jetpack_dont_email_post_to_subs":false,"_jetpack_newsletter_tier_id":0,"_jetpack_memberships_contains_paywalled_content":false,"_jetpack_memberships_contains_paid_content":false,"footnotes":"","jetpack_publicize_message":"","jetpack_publicize_feature_enabled":true,"jetpack_social_post_already_shared":true,"jetpack_social_options":{"image_generator_settings":{"template":"highway","default_image_id":0,"font":"","enabled":false},"version":2}},"categories":[11],"tags":[36,62,182],"class_list":["post-34603","post","type-post","status-publish","format-standard","has-post-thumbnail","hentry","category-atualidade","tag-algarve","tag-atualidade","tag-ualg"],"yoast_head":"<!-- This site is optimized with the Yoast SEO plugin v27.5 - https:\/\/yoast.com\/product\/yoast-seo-wordpress\/ -->\n<title>Elvira Fortunato inaugura obras de requalifica\u00e7\u00e3o de Resid\u00eancia Universit\u00e1ria da UAlg - Algarve 7<\/title>\n<meta name=\"description\" content=\"Elvira Fortunato inaugura obras de requalifica\u00e7\u00e3o de Resid\u00eancia Universit\u00e1ria da UAlg Atualidade\" \/>\n<meta name=\"robots\" content=\"index, follow, max-snippet:-1, max-image-preview:large, max-video-preview:-1\" \/>\n<link rel=\"canonical\" href=\"https:\/\/algarve7.pt\/index.php\/2024\/01\/elvira-fortunato-inaugura-obras-de-requalificacao-de-residencia-universitaria-da-ualg\/atualidade\/17\/41\/\" \/>\n<meta property=\"og:locale\" content=\"pt_PT\" \/>\n<meta property=\"og:type\" content=\"article\" \/>\n<meta property=\"og:title\" content=\"Elvira Fortunato inaugura obras de requalifica\u00e7\u00e3o de Resid\u00eancia Universit\u00e1ria da UAlg - Algarve 7\" \/>\n<meta property=\"og:description\" content=\"Elvira Fortunato inaugura obras de requalifica\u00e7\u00e3o de Resid\u00eancia Universit\u00e1ria da UAlg Atualidade\" \/>\n<meta property=\"og:url\" content=\"https:\/\/algarve7.pt\/index.php\/2024\/01\/elvira-fortunato-inaugura-obras-de-requalificacao-de-residencia-universitaria-da-ualg\/atualidade\/17\/41\/\" \/>\n<meta property=\"og:site_name\" content=\"Algarve 7\" \/>\n<meta property=\"article:publisher\" content=\"https:\/\/www.facebook.com\/algarve7\" \/>\n<meta property=\"article:author\" content=\"https:\/\/www.facebook.com\/algarve7\" \/>\n<meta property=\"article:published_time\" content=\"2024-01-11T17:41:46+00:00\" \/>\n<meta property=\"article:modified_time\" content=\"2024-01-11T17:41:48+00:00\" \/>\n<meta property=\"og:image\" content=\"https:\/\/algarve7.pt\/wp-content\/uploads\/2024\/01\/primage_71833.jpeg\" \/>\n\t<meta property=\"og:image:width\" content=\"1000\" \/>\n\t<meta property=\"og:image:height\" content=\"667\" \/>\n\t<meta property=\"og:image:type\" content=\"image\/jpeg\" \/>\n<meta name=\"author\" content=\"Algarve 7\" \/>\n<meta name=\"twitter:card\" content=\"summary_large_image\" \/>\n<meta name=\"twitter:creator\" content=\"@Algarvesete\" \/>\n<meta name=\"twitter:site\" content=\"@Algarvesete\" \/>\n<meta name=\"twitter:label1\" content=\"Escrito por\" \/>\n\t<meta name=\"twitter:data1\" content=\"Algarve 7\" \/>\n\t<meta name=\"twitter:label2\" content=\"Tempo estimado de leitura\" \/>\n\t<meta name=\"twitter:data2\" content=\"3 minutos\" \/>\n<script type=\"application\/ld+json\" class=\"yoast-schema-graph\">{\"@context\":\"https:\\\/\\\/schema.org\",\"@graph\":[{\"@type\":\"Article\",\"@id\":\"https:\\\/\\\/algarve7.pt\\\/index.php\\\/2024\\\/01\\\/elvira-fortunato-inaugura-obras-de-requalificacao-de-residencia-universitaria-da-ualg\\\/atualidade\\\/17\\\/41\\\/#article\",\"isPartOf\":{\"@id\":\"https:\\\/\\\/algarve7.pt\\\/index.php\\\/2024\\\/01\\\/elvira-fortunato-inaugura-obras-de-requalificacao-de-residencia-universitaria-da-ualg\\\/atualidade\\\/17\\\/41\\\/\"},\"author\":{\"name\":\"Algarve 7\",\"@id\":\"https:\\\/\\\/algarve7.pt\\\/#\\\/schema\\\/person\\\/23fa70681308e7b319a3204bcea45e0c\"},\"headline\":\"Elvira Fortunato inaugura obras de requalifica\u00e7\u00e3o de Resid\u00eancia Universit\u00e1ria da UAlg\",\"datePublished\":\"2024-01-11T17:41:46+00:00\",\"dateModified\":\"2024-01-11T17:41:48+00:00\",\"mainEntityOfPage\":{\"@id\":\"https:\\\/\\\/algarve7.pt\\\/index.php\\\/2024\\\/01\\\/elvira-fortunato-inaugura-obras-de-requalificacao-de-residencia-universitaria-da-ualg\\\/atualidade\\\/17\\\/41\\\/\"},\"wordCount\":555,\"publisher\":{\"@id\":\"https:\\\/\\\/algarve7.pt\\\/#organization\"},\"image\":{\"@id\":\"https:\\\/\\\/algarve7.pt\\\/index.php\\\/2024\\\/01\\\/elvira-fortunato-inaugura-obras-de-requalificacao-de-residencia-universitaria-da-ualg\\\/atualidade\\\/17\\\/41\\\/#primaryimage\"},\"thumbnailUrl\":\"https:\\\/\\\/algarve7.pt\\\/wp-content\\\/uploads\\\/2024\\\/01\\\/primage_71833.jpeg\",\"keywords\":[\"Algarve\",\"Atualidade\",\"UALG\"],\"articleSection\":[\"Atualidade\"],\"inLanguage\":\"pt-PT\"},{\"@type\":\"WebPage\",\"@id\":\"https:\\\/\\\/algarve7.pt\\\/index.php\\\/2024\\\/01\\\/elvira-fortunato-inaugura-obras-de-requalificacao-de-residencia-universitaria-da-ualg\\\/atualidade\\\/17\\\/41\\\/\",\"url\":\"https:\\\/\\\/algarve7.pt\\\/index.php\\\/2024\\\/01\\\/elvira-fortunato-inaugura-obras-de-requalificacao-de-residencia-universitaria-da-ualg\\\/atualidade\\\/17\\\/41\\\/\",\"name\":\"Elvira Fortunato inaugura obras de requalifica\u00e7\u00e3o de Resid\u00eancia Universit\u00e1ria da UAlg - Algarve 7\",\"isPartOf\":{\"@id\":\"https:\\\/\\\/algarve7.pt\\\/#website\"},\"primaryImageOfPage\":{\"@id\":\"https:\\\/\\\/algarve7.pt\\\/index.php\\\/2024\\\/01\\\/elvira-fortunato-inaugura-obras-de-requalificacao-de-residencia-universitaria-da-ualg\\\/atualidade\\\/17\\\/41\\\/#primaryimage\"},\"image\":{\"@id\":\"https:\\\/\\\/algarve7.pt\\\/index.php\\\/2024\\\/01\\\/elvira-fortunato-inaugura-obras-de-requalificacao-de-residencia-universitaria-da-ualg\\\/atualidade\\\/17\\\/41\\\/#primaryimage\"},\"thumbnailUrl\":\"https:\\\/\\\/algarve7.pt\\\/wp-content\\\/uploads\\\/2024\\\/01\\\/primage_71833.jpeg\",\"datePublished\":\"2024-01-11T17:41:46+00:00\",\"dateModified\":\"2024-01-11T17:41:48+00:00\",\"description\":\"Elvira Fortunato inaugura obras de requalifica\u00e7\u00e3o de Resid\u00eancia Universit\u00e1ria da UAlg Atualidade\",\"breadcrumb\":{\"@id\":\"https:\\\/\\\/algarve7.pt\\\/index.php\\\/2024\\\/01\\\/elvira-fortunato-inaugura-obras-de-requalificacao-de-residencia-universitaria-da-ualg\\\/atualidade\\\/17\\\/41\\\/#breadcrumb\"},\"inLanguage\":\"pt-PT\",\"potentialAction\":[{\"@type\":\"ReadAction\",\"target\":[\"https:\\\/\\\/algarve7.pt\\\/index.php\\\/2024\\\/01\\\/elvira-fortunato-inaugura-obras-de-requalificacao-de-residencia-universitaria-da-ualg\\\/atualidade\\\/17\\\/41\\\/\"]}]},{\"@type\":\"ImageObject\",\"inLanguage\":\"pt-PT\",\"@id\":\"https:\\\/\\\/algarve7.pt\\\/index.php\\\/2024\\\/01\\\/elvira-fortunato-inaugura-obras-de-requalificacao-de-residencia-universitaria-da-ualg\\\/atualidade\\\/17\\\/41\\\/#primaryimage\",\"url\":\"https:\\\/\\\/algarve7.pt\\\/wp-content\\\/uploads\\\/2024\\\/01\\\/primage_71833.jpeg\",\"contentUrl\":\"https:\\\/\\\/algarve7.pt\\\/wp-content\\\/uploads\\\/2024\\\/01\\\/primage_71833.jpeg\",\"width\":1000,\"height\":667},{\"@type\":\"BreadcrumbList\",\"@id\":\"https:\\\/\\\/algarve7.pt\\\/index.php\\\/2024\\\/01\\\/elvira-fortunato-inaugura-obras-de-requalificacao-de-residencia-universitaria-da-ualg\\\/atualidade\\\/17\\\/41\\\/#breadcrumb\",\"itemListElement\":[{\"@type\":\"ListItem\",\"position\":1,\"name\":\"In\u00edcio\",\"item\":\"https:\\\/\\\/algarve7.pt\\\/\"},{\"@type\":\"ListItem\",\"position\":2,\"name\":\"Elvira Fortunato inaugura obras de requalifica\u00e7\u00e3o de Resid\u00eancia Universit\u00e1ria da UAlg\"}]},{\"@type\":\"WebSite\",\"@id\":\"https:\\\/\\\/algarve7.pt\\\/#website\",\"url\":\"https:\\\/\\\/algarve7.pt\\\/\",\"name\":\"Algarve 7\",\"description\":\"Informa\u00e7\u00e3o sobre o Algarve\",\"publisher\":{\"@id\":\"https:\\\/\\\/algarve7.pt\\\/#organization\"},\"potentialAction\":[{\"@type\":\"SearchAction\",\"target\":{\"@type\":\"EntryPoint\",\"urlTemplate\":\"https:\\\/\\\/algarve7.pt\\\/?s={search_term_string}\"},\"query-input\":{\"@type\":\"PropertyValueSpecification\",\"valueRequired\":true,\"valueName\":\"search_term_string\"}}],\"inLanguage\":\"pt-PT\"},{\"@type\":\"Organization\",\"@id\":\"https:\\\/\\\/algarve7.pt\\\/#organization\",\"name\":\"Algarve 7\",\"url\":\"https:\\\/\\\/algarve7.pt\\\/\",\"logo\":{\"@type\":\"ImageObject\",\"inLanguage\":\"pt-PT\",\"@id\":\"https:\\\/\\\/algarve7.pt\\\/#\\\/schema\\\/logo\\\/image\\\/\",\"url\":\"https:\\\/\\\/algarve7.pt\\\/wp-content\\\/uploads\\\/2020\\\/10\\\/Logo-8.jpg\",\"contentUrl\":\"https:\\\/\\\/algarve7.pt\\\/wp-content\\\/uploads\\\/2020\\\/10\\\/Logo-8.jpg\",\"width\":1680,\"height\":1186,\"caption\":\"Algarve 7\"},\"image\":{\"@id\":\"https:\\\/\\\/algarve7.pt\\\/#\\\/schema\\\/logo\\\/image\\\/\"},\"sameAs\":[\"https:\\\/\\\/www.facebook.com\\\/algarve7\",\"https:\\\/\\\/x.com\\\/Algarvesete\",\"https:\\\/\\\/www.instagram.com\\\/jornalalgarve7\\\/\",\"https:\\\/\\\/www.linkedin.com\\\/company\\\/algarve7\",\"https:\\\/\\\/www.pinterest.pt\\\/geral0939\\\/_created\\\/\"]},{\"@type\":\"Person\",\"@id\":\"https:\\\/\\\/algarve7.pt\\\/#\\\/schema\\\/person\\\/23fa70681308e7b319a3204bcea45e0c\",\"name\":\"Algarve 7\",\"sameAs\":[\"https:\\\/\\\/algarve7.pt\",\"https:\\\/\\\/www.facebook.com\\\/algarve7\"],\"url\":\"https:\\\/\\\/algarve7.pt\\\/index.php\\\/author\\\/geralalgarve7-pt\\\/\"}]}<\/script>\n<!-- \/ Yoast SEO plugin. -->","yoast_head_json":{"title":"Elvira Fortunato inaugura obras de requalifica\u00e7\u00e3o de Resid\u00eancia Universit\u00e1ria da UAlg - Algarve 7","description":"Elvira Fortunato inaugura obras de requalifica\u00e7\u00e3o de Resid\u00eancia Universit\u00e1ria da UAlg Atualidade","robots":{"index":"index","follow":"follow","max-snippet":"max-snippet:-1","max-image-preview":"max-image-preview:large","max-video-preview":"max-video-preview:-1"},"canonical":"https:\/\/algarve7.pt\/index.php\/2024\/01\/elvira-fortunato-inaugura-obras-de-requalificacao-de-residencia-universitaria-da-ualg\/atualidade\/17\/41\/","og_locale":"pt_PT","og_type":"article","og_title":"Elvira Fortunato inaugura obras de requalifica\u00e7\u00e3o de Resid\u00eancia Universit\u00e1ria da UAlg - Algarve 7","og_description":"Elvira Fortunato inaugura obras de requalifica\u00e7\u00e3o de Resid\u00eancia Universit\u00e1ria da UAlg Atualidade","og_url":"https:\/\/algarve7.pt\/index.php\/2024\/01\/elvira-fortunato-inaugura-obras-de-requalificacao-de-residencia-universitaria-da-ualg\/atualidade\/17\/41\/","og_site_name":"Algarve 7","article_publisher":"https:\/\/www.facebook.com\/algarve7","article_author":"https:\/\/www.facebook.com\/algarve7","article_published_time":"2024-01-11T17:41:46+00:00","article_modified_time":"2024-01-11T17:41:48+00:00","og_image":[{"width":1000,"height":667,"url":"https:\/\/algarve7.pt\/wp-content\/uploads\/2024\/01\/primage_71833.jpeg","type":"image\/jpeg"}],"author":"Algarve 7","twitter_card":"summary_large_image","twitter_creator":"@Algarvesete","twitter_site":"@Algarvesete","twitter_misc":{"Escrito por":"Algarve 7","Tempo estimado de leitura":"3 minutos"},"schema":{"@context":"https:\/\/schema.org","@graph":[{"@type":"Article","@id":"https:\/\/algarve7.pt\/index.php\/2024\/01\/elvira-fortunato-inaugura-obras-de-requalificacao-de-residencia-universitaria-da-ualg\/atualidade\/17\/41\/#article","isPartOf":{"@id":"https:\/\/algarve7.pt\/index.php\/2024\/01\/elvira-fortunato-inaugura-obras-de-requalificacao-de-residencia-universitaria-da-ualg\/atualidade\/17\/41\/"},"author":{"name":"Algarve 7","@id":"https:\/\/algarve7.pt\/#\/schema\/person\/23fa70681308e7b319a3204bcea45e0c"},"headline":"Elvira Fortunato inaugura obras de requalifica\u00e7\u00e3o de Resid\u00eancia Universit\u00e1ria da UAlg","datePublished":"2024-01-11T17:41:46+00:00","dateModified":"2024-01-11T17:41:48+00:00","mainEntityOfPage":{"@id":"https:\/\/algarve7.pt\/index.php\/2024\/01\/elvira-fortunato-inaugura-obras-de-requalificacao-de-residencia-universitaria-da-ualg\/atualidade\/17\/41\/"},"wordCount":555,"publisher":{"@id":"https:\/\/algarve7.pt\/#organization"},"image":{"@id":"https:\/\/algarve7.pt\/index.php\/2024\/01\/elvira-fortunato-inaugura-obras-de-requalificacao-de-residencia-universitaria-da-ualg\/atualidade\/17\/41\/#primaryimage"},"thumbnailUrl":"https:\/\/algarve7.pt\/wp-content\/uploads\/2024\/01\/primage_71833.jpeg","keywords":["Algarve","Atualidade","UALG"],"articleSection":["Atualidade"],"inLanguage":"pt-PT"},{"@type":"WebPage","@id":"https:\/\/algarve7.pt\/index.php\/2024\/01\/elvira-fortunato-inaugura-obras-de-requalificacao-de-residencia-universitaria-da-ualg\/atualidade\/17\/41\/","url":"https:\/\/algarve7.pt\/index.php\/2024\/01\/elvira-fortunato-inaugura-obras-de-requalificacao-de-residencia-universitaria-da-ualg\/atualidade\/17\/41\/","name":"Elvira Fortunato inaugura obras de requalifica\u00e7\u00e3o de Resid\u00eancia Universit\u00e1ria da UAlg - Algarve 7","isPartOf":{"@id":"https:\/\/algarve7.pt\/#website"},"primaryImageOfPage":{"@id":"https:\/\/algarve7.pt\/index.php\/2024\/01\/elvira-fortunato-inaugura-obras-de-requalificacao-de-residencia-universitaria-da-ualg\/atualidade\/17\/41\/#primaryimage"},"image":{"@id":"https:\/\/algarve7.pt\/index.php\/2024\/01\/elvira-fortunato-inaugura-obras-de-requalificacao-de-residencia-universitaria-da-ualg\/atualidade\/17\/41\/#primaryimage"},"thumbnailUrl":"https:\/\/algarve7.pt\/wp-content\/uploads\/2024\/01\/primage_71833.jpeg","datePublished":"2024-01-11T17:41:46+00:00","dateModified":"2024-01-11T17:41:48+00:00","description":"Elvira Fortunato inaugura obras de requalifica\u00e7\u00e3o de Resid\u00eancia Universit\u00e1ria da UAlg Atualidade","breadcrumb":{"@id":"https:\/\/algarve7.pt\/index.php\/2024\/01\/elvira-fortunato-inaugura-obras-de-requalificacao-de-residencia-universitaria-da-ualg\/atualidade\/17\/41\/#breadcrumb"},"inLanguage":"pt-PT","potentialAction":[{"@type":"ReadAction","target":["https:\/\/algarve7.pt\/index.php\/2024\/01\/elvira-fortunato-inaugura-obras-de-requalificacao-de-residencia-universitaria-da-ualg\/atualidade\/17\/41\/"]}]},{"@type":"ImageObject","inLanguage":"pt-PT","@id":"https:\/\/algarve7.pt\/index.php\/2024\/01\/elvira-fortunato-inaugura-obras-de-requalificacao-de-residencia-universitaria-da-ualg\/atualidade\/17\/41\/#primaryimage","url":"https:\/\/algarve7.pt\/wp-content\/uploads\/2024\/01\/primage_71833.jpeg","contentUrl":"https:\/\/algarve7.pt\/wp-content\/uploads\/2024\/01\/primage_71833.jpeg","width":1000,"height":667},{"@type":"BreadcrumbList","@id":"https:\/\/algarve7.pt\/index.php\/2024\/01\/elvira-fortunato-inaugura-obras-de-requalificacao-de-residencia-universitaria-da-ualg\/atualidade\/17\/41\/#breadcrumb","itemListElement":[{"@type":"ListItem","position":1,"name":"In\u00edcio","item":"https:\/\/algarve7.pt\/"},{"@type":"ListItem","position":2,"name":"Elvira Fortunato inaugura obras de requalifica\u00e7\u00e3o de Resid\u00eancia Universit\u00e1ria da UAlg"}]},{"@type":"WebSite","@id":"https:\/\/algarve7.pt\/#website","url":"https:\/\/algarve7.pt\/","name":"Algarve 7","description":"Informa\u00e7\u00e3o sobre o Algarve","publisher":{"@id":"https:\/\/algarve7.pt\/#organization"},"potentialAction":[{"@type":"SearchAction","target":{"@type":"EntryPoint","urlTemplate":"https:\/\/algarve7.pt\/?s={search_term_string}"},"query-input":{"@type":"PropertyValueSpecification","valueRequired":true,"valueName":"search_term_string"}}],"inLanguage":"pt-PT"},{"@type":"Organization","@id":"https:\/\/algarve7.pt\/#organization","name":"Algarve 7","url":"https:\/\/algarve7.pt\/","logo":{"@type":"ImageObject","inLanguage":"pt-PT","@id":"https:\/\/algarve7.pt\/#\/schema\/logo\/image\/","url":"https:\/\/algarve7.pt\/wp-content\/uploads\/2020\/10\/Logo-8.jpg","contentUrl":"https:\/\/algarve7.pt\/wp-content\/uploads\/2020\/10\/Logo-8.jpg","width":1680,"height":1186,"caption":"Algarve 7"},"image":{"@id":"https:\/\/algarve7.pt\/#\/schema\/logo\/image\/"},"sameAs":["https:\/\/www.facebook.com\/algarve7","https:\/\/x.com\/Algarvesete","https:\/\/www.instagram.com\/jornalalgarve7\/","https:\/\/www.linkedin.com\/company\/algarve7","https:\/\/www.pinterest.pt\/geral0939\/_created\/"]},{"@type":"Person","@id":"https:\/\/algarve7.pt\/#\/schema\/person\/23fa70681308e7b319a3204bcea45e0c","name":"Algarve 7","sameAs":["https:\/\/algarve7.pt","https:\/\/www.facebook.com\/algarve7"],"url":"https:\/\/algarve7.pt\/index.php\/author\/geralalgarve7-pt\/"}]}},"jetpack_publicize_connections":[],"jetpack_featured_media_url":"https:\/\/algarve7.pt\/wp-content\/uploads\/2024\/01\/primage_71833.jpeg","jetpack_shortlink":"https:\/\/wp.me\/pcezmW-907","jetpack_sharing_enabled":true,"_links":{"self":[{"href":"https:\/\/algarve7.pt\/index.php\/wp-json\/wp\/v2\/posts\/34603","targetHints":{"allow":["GET"]}}],"collection":[{"href":"https:\/\/algarve7.pt\/index.php\/wp-json\/wp\/v2\/posts"}],"about":[{"href":"https:\/\/algarve7.pt\/index.php\/wp-json\/wp\/v2\/types\/post"}],"author":[{"embeddable":true,"href":"https:\/\/algarve7.pt\/index.php\/wp-json\/wp\/v2\/users\/1"}],"replies":[{"embeddable":true,"href":"https:\/\/algarve7.pt\/index.php\/wp-json\/wp\/v2\/comments?post=34603"}],"version-history":[{"count":0,"href":"https:\/\/algarve7.pt\/index.php\/wp-json\/wp\/v2\/posts\/34603\/revisions"}],"wp:featuredmedia":[{"embeddable":true,"href":"https:\/\/algarve7.pt\/index.php\/wp-json\/wp\/v2\/media\/34604"}],"wp:attachment":[{"href":"https:\/\/algarve7.pt\/index.php\/wp-json\/wp\/v2\/media?parent=34603"}],"wp:term":[{"taxonomy":"category","embeddable":true,"href":"https:\/\/algarve7.pt\/index.php\/wp-json\/wp\/v2\/categories?post=34603"},{"taxonomy":"post_tag","embeddable":true,"href":"https:\/\/algarve7.pt\/index.php\/wp-json\/wp\/v2\/tags?post=34603"}],"curies":[{"name":"wp","href":"https:\/\/api.w.org\/{rel}","templated":true}]}}