{"id":34490,"date":"2024-01-09T10:00:00","date_gmt":"2024-01-09T10:00:00","guid":{"rendered":"https:\/\/algarve7.pt\/?p=34490"},"modified":"2024-01-08T16:43:25","modified_gmt":"2024-01-08T16:43:25","slug":"cerimonia-de-encerramento-das-comemoracoes-dos-250-anos-de-criacao-do-concelho-de-lagoa-1773-2023-no-auditorio-carlos-do-carmo","status":"publish","type":"post","link":"https:\/\/algarve7.pt\/index.php\/2024\/01\/cerimonia-de-encerramento-das-comemoracoes-dos-250-anos-de-criacao-do-concelho-de-lagoa-1773-2023-no-auditorio-carlos-do-carmo\/atualidade\/10\/00\/","title":{"rendered":"Cerim\u00f3nia de Encerramento das Comemora\u00e7\u00f5es dos 250 Anos de Cria\u00e7\u00e3o do Concelho de Lagoa 1773-2023 no Audit\u00f3rio Carlos do Carmo"},"content":{"rendered":"\n<p>A C\u00e2mara Municipal de Lagoa, ao longo do ano 2023, programou um conjunto de atividades a fim de celebrar um quarto de mil\u00e9nio de exist\u00eancia pol\u00edtico-administrativa, em que estiveram envolvidas entidades, personalidades reconhecidas local, regional e nacionalmente, permitindo a cria\u00e7\u00e3o e reflex\u00e3o sobre os desafios que nesta d\u00e9cada se colocam ao munic\u00edpio de Lagoa, na regi\u00e3o, a Portugal e ao Mundo.<\/p>\n\n\n\n<p>Para encerrar as comemora\u00e7\u00f5es dos 250 anos da funda\u00e7\u00e3o do concelho (16.01.1773), este Munic\u00edpio ir\u00e1 realizar uma cerim\u00f3nia no dia 16 de janeiro de 2024, pelas 18h00, no Audit\u00f3rio Carlos do Carmo, &nbsp;assinalando um dia hist\u00f3rico que nos traz \u00e0 mem\u00f3ria, todos e todas aquelas que fizeram de Lagoa um munic\u00edpio independente, com identidade pr\u00f3pria e reconhecimento nacional. Um caminho que foi tra\u00e7ado com grande perseveran\u00e7a e resili\u00eancia de todas as pessoas ao longo destes 250 anos.&nbsp;<\/p>\n\n\n\n<p>A cerim\u00f3nia contar\u00e1 uma apresenta\u00e7\u00e3o de um v\u00eddeo com os grandes momentos de 2023, seguindo-se de um espet\u00e1culo denominado de P\u00e1ssaros de Lagoa, que conta com a participa\u00e7\u00e3o da Orquestra Barroca D\u2019Aqu\u00e9m Mar da ARTIS XXI \u2013 Conservat\u00f3rio de Artes de Lagoa apresentando uma viagem sonora entre 2023 e 1773, ano da funda\u00e7\u00e3o do concelho de Lagoa do Algarve, um projeto com dire\u00e7\u00e3o art\u00edstica da cravista Elsa Mathei e dire\u00e7\u00e3o musical de Pedro Castro.<\/p>\n\n\n\n<p>A cerim\u00f3nia encerrar\u00e1 com os discursos de <strong>General Rocha Vieira<\/strong>, Presidente da comiss\u00e3o de Honra das Comemora\u00e7\u00f5es,\u00a0<strong>\u00c1guas da Cruz<\/strong>, Presidente Assembleia Municipal e\u00a0<strong>Lu\u00eds Encarna\u00e7\u00e3o<\/strong>, Presidente C\u00e2mara Municipal.<\/p>\n","protected":false},"excerpt":{"rendered":"<p>A C\u00e2mara Municipal de Lagoa, ao longo do ano 2023, programou um conjunto de atividades a fim de celebrar um<\/p>\n","protected":false},"author":1,"featured_media":34491,"comment_status":"closed","ping_status":"open","sticky":false,"template":"","format":"standard","meta":{"colormag_page_container_layout":"default_layout","colormag_page_sidebar_layout":"default_layout","_monsterinsights_skip_tracking":false,"_monsterinsights_sitenote_active":false,"_monsterinsights_sitenote_note":"","_monsterinsights_sitenote_category":0,"jetpack_post_was_ever_published":false,"_jetpack_newsletter_access":"","_jetpack_dont_email_post_to_subs":false,"_jetpack_newsletter_tier_id":0,"_jetpack_memberships_contains_paywalled_content":false,"_jetpack_memberships_contains_paid_content":false,"footnotes":"","jetpack_publicize_message":"","jetpack_publicize_feature_enabled":true,"jetpack_social_post_already_shared":true,"jetpack_social_options":{"image_generator_settings":{"template":"highway","default_image_id":0,"font":"","enabled":false},"version":2}},"categories":[11],"tags":[36,62,48],"class_list":["post-34490","post","type-post","status-publish","format-standard","has-post-thumbnail","hentry","category-atualidade","tag-algarve","tag-atualidade","tag-lagoa"],"yoast_head":"<!-- This site is optimized with the Yoast SEO plugin v27.5 - https:\/\/yoast.com\/product\/yoast-seo-wordpress\/ -->\n<title>Cerim\u00f3nia de Encerramento das Comemora\u00e7\u00f5es dos 250 Anos de Cria\u00e7\u00e3o do Concelho de Lagoa 1773-2023 no Audit\u00f3rio Carlos do Carmo - Algarve 7<\/title>\n<meta name=\"description\" content=\"Cerim\u00f3nia de Encerramento das Comemora\u00e7\u00f5es dos 250 Anos de Cria\u00e7\u00e3o do Concelho de Lagoa 1773-2023 no Audit\u00f3rio Carlos do Carmo Atualidade\" \/>\n<meta name=\"robots\" content=\"index, follow, max-snippet:-1, max-image-preview:large, max-video-preview:-1\" \/>\n<link rel=\"canonical\" href=\"https:\/\/algarve7.pt\/index.php\/2024\/01\/cerimonia-de-encerramento-das-comemoracoes-dos-250-anos-de-criacao-do-concelho-de-lagoa-1773-2023-no-auditorio-carlos-do-carmo\/atualidade\/10\/00\/\" \/>\n<meta property=\"og:locale\" content=\"pt_PT\" \/>\n<meta property=\"og:type\" content=\"article\" \/>\n<meta property=\"og:title\" content=\"Cerim\u00f3nia de Encerramento das Comemora\u00e7\u00f5es dos 250 Anos de Cria\u00e7\u00e3o do Concelho de Lagoa 1773-2023 no Audit\u00f3rio Carlos do Carmo - Algarve 7\" \/>\n<meta property=\"og:description\" content=\"Cerim\u00f3nia de Encerramento das Comemora\u00e7\u00f5es dos 250 Anos de Cria\u00e7\u00e3o do Concelho de Lagoa 1773-2023 no Audit\u00f3rio Carlos do Carmo Atualidade\" \/>\n<meta property=\"og:url\" content=\"https:\/\/algarve7.pt\/index.php\/2024\/01\/cerimonia-de-encerramento-das-comemoracoes-dos-250-anos-de-criacao-do-concelho-de-lagoa-1773-2023-no-auditorio-carlos-do-carmo\/atualidade\/10\/00\/\" \/>\n<meta property=\"og:site_name\" content=\"Algarve 7\" \/>\n<meta property=\"article:publisher\" content=\"https:\/\/www.facebook.com\/algarve7\" \/>\n<meta property=\"article:author\" content=\"https:\/\/www.facebook.com\/algarve7\" \/>\n<meta property=\"article:published_time\" content=\"2024-01-09T10:00:00+00:00\" \/>\n<meta property=\"og:image\" content=\"https:\/\/algarve7.pt\/wp-content\/uploads\/2024\/01\/image004-1-e1704732174440.jpg\" \/>\n\t<meta property=\"og:image:width\" content=\"799\" \/>\n\t<meta property=\"og:image:height\" content=\"821\" \/>\n\t<meta property=\"og:image:type\" content=\"image\/jpeg\" \/>\n<meta name=\"author\" content=\"Algarve 7\" \/>\n<meta name=\"twitter:card\" content=\"summary_large_image\" \/>\n<meta name=\"twitter:creator\" content=\"@Algarvesete\" \/>\n<meta name=\"twitter:site\" content=\"@Algarvesete\" \/>\n<meta name=\"twitter:label1\" content=\"Escrito por\" \/>\n\t<meta name=\"twitter:data1\" content=\"Algarve 7\" \/>\n\t<meta name=\"twitter:label2\" content=\"Tempo estimado de leitura\" \/>\n\t<meta name=\"twitter:data2\" content=\"2 minutos\" \/>\n<script type=\"application\/ld+json\" class=\"yoast-schema-graph\">{\"@context\":\"https:\\\/\\\/schema.org\",\"@graph\":[{\"@type\":\"Article\",\"@id\":\"https:\\\/\\\/algarve7.pt\\\/index.php\\\/2024\\\/01\\\/cerimonia-de-encerramento-das-comemoracoes-dos-250-anos-de-criacao-do-concelho-de-lagoa-1773-2023-no-auditorio-carlos-do-carmo\\\/atualidade\\\/10\\\/00\\\/#article\",\"isPartOf\":{\"@id\":\"https:\\\/\\\/algarve7.pt\\\/index.php\\\/2024\\\/01\\\/cerimonia-de-encerramento-das-comemoracoes-dos-250-anos-de-criacao-do-concelho-de-lagoa-1773-2023-no-auditorio-carlos-do-carmo\\\/atualidade\\\/10\\\/00\\\/\"},\"author\":{\"name\":\"Algarve 7\",\"@id\":\"https:\\\/\\\/algarve7.pt\\\/#\\\/schema\\\/person\\\/23fa70681308e7b319a3204bcea45e0c\"},\"headline\":\"Cerim\u00f3nia de Encerramento das Comemora\u00e7\u00f5es dos 250 Anos de Cria\u00e7\u00e3o do Concelho de Lagoa 1773-2023 no Audit\u00f3rio Carlos do Carmo\",\"datePublished\":\"2024-01-09T10:00:00+00:00\",\"mainEntityOfPage\":{\"@id\":\"https:\\\/\\\/algarve7.pt\\\/index.php\\\/2024\\\/01\\\/cerimonia-de-encerramento-das-comemoracoes-dos-250-anos-de-criacao-do-concelho-de-lagoa-1773-2023-no-auditorio-carlos-do-carmo\\\/atualidade\\\/10\\\/00\\\/\"},\"wordCount\":295,\"publisher\":{\"@id\":\"https:\\\/\\\/algarve7.pt\\\/#organization\"},\"image\":{\"@id\":\"https:\\\/\\\/algarve7.pt\\\/index.php\\\/2024\\\/01\\\/cerimonia-de-encerramento-das-comemoracoes-dos-250-anos-de-criacao-do-concelho-de-lagoa-1773-2023-no-auditorio-carlos-do-carmo\\\/atualidade\\\/10\\\/00\\\/#primaryimage\"},\"thumbnailUrl\":\"https:\\\/\\\/algarve7.pt\\\/wp-content\\\/uploads\\\/2024\\\/01\\\/image004-1-e1704732174440.jpg\",\"keywords\":[\"Algarve\",\"Atualidade\",\"Lagoa\"],\"articleSection\":[\"Atualidade\"],\"inLanguage\":\"pt-PT\"},{\"@type\":\"WebPage\",\"@id\":\"https:\\\/\\\/algarve7.pt\\\/index.php\\\/2024\\\/01\\\/cerimonia-de-encerramento-das-comemoracoes-dos-250-anos-de-criacao-do-concelho-de-lagoa-1773-2023-no-auditorio-carlos-do-carmo\\\/atualidade\\\/10\\\/00\\\/\",\"url\":\"https:\\\/\\\/algarve7.pt\\\/index.php\\\/2024\\\/01\\\/cerimonia-de-encerramento-das-comemoracoes-dos-250-anos-de-criacao-do-concelho-de-lagoa-1773-2023-no-auditorio-carlos-do-carmo\\\/atualidade\\\/10\\\/00\\\/\",\"name\":\"Cerim\u00f3nia de Encerramento das Comemora\u00e7\u00f5es dos 250 Anos de Cria\u00e7\u00e3o do Concelho de Lagoa 1773-2023 no Audit\u00f3rio Carlos do Carmo - Algarve 7\",\"isPartOf\":{\"@id\":\"https:\\\/\\\/algarve7.pt\\\/#website\"},\"primaryImageOfPage\":{\"@id\":\"https:\\\/\\\/algarve7.pt\\\/index.php\\\/2024\\\/01\\\/cerimonia-de-encerramento-das-comemoracoes-dos-250-anos-de-criacao-do-concelho-de-lagoa-1773-2023-no-auditorio-carlos-do-carmo\\\/atualidade\\\/10\\\/00\\\/#primaryimage\"},\"image\":{\"@id\":\"https:\\\/\\\/algarve7.pt\\\/index.php\\\/2024\\\/01\\\/cerimonia-de-encerramento-das-comemoracoes-dos-250-anos-de-criacao-do-concelho-de-lagoa-1773-2023-no-auditorio-carlos-do-carmo\\\/atualidade\\\/10\\\/00\\\/#primaryimage\"},\"thumbnailUrl\":\"https:\\\/\\\/algarve7.pt\\\/wp-content\\\/uploads\\\/2024\\\/01\\\/image004-1-e1704732174440.jpg\",\"datePublished\":\"2024-01-09T10:00:00+00:00\",\"description\":\"Cerim\u00f3nia de Encerramento das Comemora\u00e7\u00f5es dos 250 Anos de Cria\u00e7\u00e3o do Concelho de Lagoa 1773-2023 no Audit\u00f3rio Carlos do Carmo Atualidade\",\"breadcrumb\":{\"@id\":\"https:\\\/\\\/algarve7.pt\\\/index.php\\\/2024\\\/01\\\/cerimonia-de-encerramento-das-comemoracoes-dos-250-anos-de-criacao-do-concelho-de-lagoa-1773-2023-no-auditorio-carlos-do-carmo\\\/atualidade\\\/10\\\/00\\\/#breadcrumb\"},\"inLanguage\":\"pt-PT\",\"potentialAction\":[{\"@type\":\"ReadAction\",\"target\":[\"https:\\\/\\\/algarve7.pt\\\/index.php\\\/2024\\\/01\\\/cerimonia-de-encerramento-das-comemoracoes-dos-250-anos-de-criacao-do-concelho-de-lagoa-1773-2023-no-auditorio-carlos-do-carmo\\\/atualidade\\\/10\\\/00\\\/\"]}]},{\"@type\":\"ImageObject\",\"inLanguage\":\"pt-PT\",\"@id\":\"https:\\\/\\\/algarve7.pt\\\/index.php\\\/2024\\\/01\\\/cerimonia-de-encerramento-das-comemoracoes-dos-250-anos-de-criacao-do-concelho-de-lagoa-1773-2023-no-auditorio-carlos-do-carmo\\\/atualidade\\\/10\\\/00\\\/#primaryimage\",\"url\":\"https:\\\/\\\/algarve7.pt\\\/wp-content\\\/uploads\\\/2024\\\/01\\\/image004-1-e1704732174440.jpg\",\"contentUrl\":\"https:\\\/\\\/algarve7.pt\\\/wp-content\\\/uploads\\\/2024\\\/01\\\/image004-1-e1704732174440.jpg\",\"width\":799,\"height\":821},{\"@type\":\"BreadcrumbList\",\"@id\":\"https:\\\/\\\/algarve7.pt\\\/index.php\\\/2024\\\/01\\\/cerimonia-de-encerramento-das-comemoracoes-dos-250-anos-de-criacao-do-concelho-de-lagoa-1773-2023-no-auditorio-carlos-do-carmo\\\/atualidade\\\/10\\\/00\\\/#breadcrumb\",\"itemListElement\":[{\"@type\":\"ListItem\",\"position\":1,\"name\":\"In\u00edcio\",\"item\":\"https:\\\/\\\/algarve7.pt\\\/\"},{\"@type\":\"ListItem\",\"position\":2,\"name\":\"Cerim\u00f3nia de Encerramento das Comemora\u00e7\u00f5es dos 250 Anos de Cria\u00e7\u00e3o do Concelho de Lagoa 1773-2023 no Audit\u00f3rio Carlos do Carmo\"}]},{\"@type\":\"WebSite\",\"@id\":\"https:\\\/\\\/algarve7.pt\\\/#website\",\"url\":\"https:\\\/\\\/algarve7.pt\\\/\",\"name\":\"Algarve 7\",\"description\":\"Informa\u00e7\u00e3o sobre o Algarve\",\"publisher\":{\"@id\":\"https:\\\/\\\/algarve7.pt\\\/#organization\"},\"potentialAction\":[{\"@type\":\"SearchAction\",\"target\":{\"@type\":\"EntryPoint\",\"urlTemplate\":\"https:\\\/\\\/algarve7.pt\\\/?s={search_term_string}\"},\"query-input\":{\"@type\":\"PropertyValueSpecification\",\"valueRequired\":true,\"valueName\":\"search_term_string\"}}],\"inLanguage\":\"pt-PT\"},{\"@type\":\"Organization\",\"@id\":\"https:\\\/\\\/algarve7.pt\\\/#organization\",\"name\":\"Algarve 7\",\"url\":\"https:\\\/\\\/algarve7.pt\\\/\",\"logo\":{\"@type\":\"ImageObject\",\"inLanguage\":\"pt-PT\",\"@id\":\"https:\\\/\\\/algarve7.pt\\\/#\\\/schema\\\/logo\\\/image\\\/\",\"url\":\"https:\\\/\\\/algarve7.pt\\\/wp-content\\\/uploads\\\/2020\\\/10\\\/Logo-8.jpg\",\"contentUrl\":\"https:\\\/\\\/algarve7.pt\\\/wp-content\\\/uploads\\\/2020\\\/10\\\/Logo-8.jpg\",\"width\":1680,\"height\":1186,\"caption\":\"Algarve 7\"},\"image\":{\"@id\":\"https:\\\/\\\/algarve7.pt\\\/#\\\/schema\\\/logo\\\/image\\\/\"},\"sameAs\":[\"https:\\\/\\\/www.facebook.com\\\/algarve7\",\"https:\\\/\\\/x.com\\\/Algarvesete\",\"https:\\\/\\\/www.instagram.com\\\/jornalalgarve7\\\/\",\"https:\\\/\\\/www.linkedin.com\\\/company\\\/algarve7\",\"https:\\\/\\\/www.pinterest.pt\\\/geral0939\\\/_created\\\/\"]},{\"@type\":\"Person\",\"@id\":\"https:\\\/\\\/algarve7.pt\\\/#\\\/schema\\\/person\\\/23fa70681308e7b319a3204bcea45e0c\",\"name\":\"Algarve 7\",\"sameAs\":[\"https:\\\/\\\/algarve7.pt\",\"https:\\\/\\\/www.facebook.com\\\/algarve7\"],\"url\":\"https:\\\/\\\/algarve7.pt\\\/index.php\\\/author\\\/geralalgarve7-pt\\\/\"}]}<\/script>\n<!-- \/ Yoast SEO plugin. -->","yoast_head_json":{"title":"Cerim\u00f3nia de Encerramento das Comemora\u00e7\u00f5es dos 250 Anos de Cria\u00e7\u00e3o do Concelho de Lagoa 1773-2023 no Audit\u00f3rio Carlos do Carmo - Algarve 7","description":"Cerim\u00f3nia de Encerramento das Comemora\u00e7\u00f5es dos 250 Anos de Cria\u00e7\u00e3o do Concelho de Lagoa 1773-2023 no Audit\u00f3rio Carlos do Carmo Atualidade","robots":{"index":"index","follow":"follow","max-snippet":"max-snippet:-1","max-image-preview":"max-image-preview:large","max-video-preview":"max-video-preview:-1"},"canonical":"https:\/\/algarve7.pt\/index.php\/2024\/01\/cerimonia-de-encerramento-das-comemoracoes-dos-250-anos-de-criacao-do-concelho-de-lagoa-1773-2023-no-auditorio-carlos-do-carmo\/atualidade\/10\/00\/","og_locale":"pt_PT","og_type":"article","og_title":"Cerim\u00f3nia de Encerramento das Comemora\u00e7\u00f5es dos 250 Anos de Cria\u00e7\u00e3o do Concelho de Lagoa 1773-2023 no Audit\u00f3rio Carlos do Carmo - Algarve 7","og_description":"Cerim\u00f3nia de Encerramento das Comemora\u00e7\u00f5es dos 250 Anos de Cria\u00e7\u00e3o do Concelho de Lagoa 1773-2023 no Audit\u00f3rio Carlos do Carmo Atualidade","og_url":"https:\/\/algarve7.pt\/index.php\/2024\/01\/cerimonia-de-encerramento-das-comemoracoes-dos-250-anos-de-criacao-do-concelho-de-lagoa-1773-2023-no-auditorio-carlos-do-carmo\/atualidade\/10\/00\/","og_site_name":"Algarve 7","article_publisher":"https:\/\/www.facebook.com\/algarve7","article_author":"https:\/\/www.facebook.com\/algarve7","article_published_time":"2024-01-09T10:00:00+00:00","og_image":[{"width":799,"height":821,"url":"https:\/\/algarve7.pt\/wp-content\/uploads\/2024\/01\/image004-1-e1704732174440.jpg","type":"image\/jpeg"}],"author":"Algarve 7","twitter_card":"summary_large_image","twitter_creator":"@Algarvesete","twitter_site":"@Algarvesete","twitter_misc":{"Escrito por":"Algarve 7","Tempo estimado de leitura":"2 minutos"},"schema":{"@context":"https:\/\/schema.org","@graph":[{"@type":"Article","@id":"https:\/\/algarve7.pt\/index.php\/2024\/01\/cerimonia-de-encerramento-das-comemoracoes-dos-250-anos-de-criacao-do-concelho-de-lagoa-1773-2023-no-auditorio-carlos-do-carmo\/atualidade\/10\/00\/#article","isPartOf":{"@id":"https:\/\/algarve7.pt\/index.php\/2024\/01\/cerimonia-de-encerramento-das-comemoracoes-dos-250-anos-de-criacao-do-concelho-de-lagoa-1773-2023-no-auditorio-carlos-do-carmo\/atualidade\/10\/00\/"},"author":{"name":"Algarve 7","@id":"https:\/\/algarve7.pt\/#\/schema\/person\/23fa70681308e7b319a3204bcea45e0c"},"headline":"Cerim\u00f3nia de Encerramento das Comemora\u00e7\u00f5es dos 250 Anos de Cria\u00e7\u00e3o do Concelho de Lagoa 1773-2023 no Audit\u00f3rio Carlos do Carmo","datePublished":"2024-01-09T10:00:00+00:00","mainEntityOfPage":{"@id":"https:\/\/algarve7.pt\/index.php\/2024\/01\/cerimonia-de-encerramento-das-comemoracoes-dos-250-anos-de-criacao-do-concelho-de-lagoa-1773-2023-no-auditorio-carlos-do-carmo\/atualidade\/10\/00\/"},"wordCount":295,"publisher":{"@id":"https:\/\/algarve7.pt\/#organization"},"image":{"@id":"https:\/\/algarve7.pt\/index.php\/2024\/01\/cerimonia-de-encerramento-das-comemoracoes-dos-250-anos-de-criacao-do-concelho-de-lagoa-1773-2023-no-auditorio-carlos-do-carmo\/atualidade\/10\/00\/#primaryimage"},"thumbnailUrl":"https:\/\/algarve7.pt\/wp-content\/uploads\/2024\/01\/image004-1-e1704732174440.jpg","keywords":["Algarve","Atualidade","Lagoa"],"articleSection":["Atualidade"],"inLanguage":"pt-PT"},{"@type":"WebPage","@id":"https:\/\/algarve7.pt\/index.php\/2024\/01\/cerimonia-de-encerramento-das-comemoracoes-dos-250-anos-de-criacao-do-concelho-de-lagoa-1773-2023-no-auditorio-carlos-do-carmo\/atualidade\/10\/00\/","url":"https:\/\/algarve7.pt\/index.php\/2024\/01\/cerimonia-de-encerramento-das-comemoracoes-dos-250-anos-de-criacao-do-concelho-de-lagoa-1773-2023-no-auditorio-carlos-do-carmo\/atualidade\/10\/00\/","name":"Cerim\u00f3nia de Encerramento das Comemora\u00e7\u00f5es dos 250 Anos de Cria\u00e7\u00e3o do Concelho de Lagoa 1773-2023 no Audit\u00f3rio Carlos do Carmo - Algarve 7","isPartOf":{"@id":"https:\/\/algarve7.pt\/#website"},"primaryImageOfPage":{"@id":"https:\/\/algarve7.pt\/index.php\/2024\/01\/cerimonia-de-encerramento-das-comemoracoes-dos-250-anos-de-criacao-do-concelho-de-lagoa-1773-2023-no-auditorio-carlos-do-carmo\/atualidade\/10\/00\/#primaryimage"},"image":{"@id":"https:\/\/algarve7.pt\/index.php\/2024\/01\/cerimonia-de-encerramento-das-comemoracoes-dos-250-anos-de-criacao-do-concelho-de-lagoa-1773-2023-no-auditorio-carlos-do-carmo\/atualidade\/10\/00\/#primaryimage"},"thumbnailUrl":"https:\/\/algarve7.pt\/wp-content\/uploads\/2024\/01\/image004-1-e1704732174440.jpg","datePublished":"2024-01-09T10:00:00+00:00","description":"Cerim\u00f3nia de Encerramento das Comemora\u00e7\u00f5es dos 250 Anos de Cria\u00e7\u00e3o do Concelho de Lagoa 1773-2023 no Audit\u00f3rio Carlos do Carmo Atualidade","breadcrumb":{"@id":"https:\/\/algarve7.pt\/index.php\/2024\/01\/cerimonia-de-encerramento-das-comemoracoes-dos-250-anos-de-criacao-do-concelho-de-lagoa-1773-2023-no-auditorio-carlos-do-carmo\/atualidade\/10\/00\/#breadcrumb"},"inLanguage":"pt-PT","potentialAction":[{"@type":"ReadAction","target":["https:\/\/algarve7.pt\/index.php\/2024\/01\/cerimonia-de-encerramento-das-comemoracoes-dos-250-anos-de-criacao-do-concelho-de-lagoa-1773-2023-no-auditorio-carlos-do-carmo\/atualidade\/10\/00\/"]}]},{"@type":"ImageObject","inLanguage":"pt-PT","@id":"https:\/\/algarve7.pt\/index.php\/2024\/01\/cerimonia-de-encerramento-das-comemoracoes-dos-250-anos-de-criacao-do-concelho-de-lagoa-1773-2023-no-auditorio-carlos-do-carmo\/atualidade\/10\/00\/#primaryimage","url":"https:\/\/algarve7.pt\/wp-content\/uploads\/2024\/01\/image004-1-e1704732174440.jpg","contentUrl":"https:\/\/algarve7.pt\/wp-content\/uploads\/2024\/01\/image004-1-e1704732174440.jpg","width":799,"height":821},{"@type":"BreadcrumbList","@id":"https:\/\/algarve7.pt\/index.php\/2024\/01\/cerimonia-de-encerramento-das-comemoracoes-dos-250-anos-de-criacao-do-concelho-de-lagoa-1773-2023-no-auditorio-carlos-do-carmo\/atualidade\/10\/00\/#breadcrumb","itemListElement":[{"@type":"ListItem","position":1,"name":"In\u00edcio","item":"https:\/\/algarve7.pt\/"},{"@type":"ListItem","position":2,"name":"Cerim\u00f3nia de Encerramento das Comemora\u00e7\u00f5es dos 250 Anos de Cria\u00e7\u00e3o do Concelho de Lagoa 1773-2023 no Audit\u00f3rio Carlos do Carmo"}]},{"@type":"WebSite","@id":"https:\/\/algarve7.pt\/#website","url":"https:\/\/algarve7.pt\/","name":"Algarve 7","description":"Informa\u00e7\u00e3o sobre o Algarve","publisher":{"@id":"https:\/\/algarve7.pt\/#organization"},"potentialAction":[{"@type":"SearchAction","target":{"@type":"EntryPoint","urlTemplate":"https:\/\/algarve7.pt\/?s={search_term_string}"},"query-input":{"@type":"PropertyValueSpecification","valueRequired":true,"valueName":"search_term_string"}}],"inLanguage":"pt-PT"},{"@type":"Organization","@id":"https:\/\/algarve7.pt\/#organization","name":"Algarve 7","url":"https:\/\/algarve7.pt\/","logo":{"@type":"ImageObject","inLanguage":"pt-PT","@id":"https:\/\/algarve7.pt\/#\/schema\/logo\/image\/","url":"https:\/\/algarve7.pt\/wp-content\/uploads\/2020\/10\/Logo-8.jpg","contentUrl":"https:\/\/algarve7.pt\/wp-content\/uploads\/2020\/10\/Logo-8.jpg","width":1680,"height":1186,"caption":"Algarve 7"},"image":{"@id":"https:\/\/algarve7.pt\/#\/schema\/logo\/image\/"},"sameAs":["https:\/\/www.facebook.com\/algarve7","https:\/\/x.com\/Algarvesete","https:\/\/www.instagram.com\/jornalalgarve7\/","https:\/\/www.linkedin.com\/company\/algarve7","https:\/\/www.pinterest.pt\/geral0939\/_created\/"]},{"@type":"Person","@id":"https:\/\/algarve7.pt\/#\/schema\/person\/23fa70681308e7b319a3204bcea45e0c","name":"Algarve 7","sameAs":["https:\/\/algarve7.pt","https:\/\/www.facebook.com\/algarve7"],"url":"https:\/\/algarve7.pt\/index.php\/author\/geralalgarve7-pt\/"}]}},"jetpack_publicize_connections":[],"jetpack_featured_media_url":"https:\/\/algarve7.pt\/wp-content\/uploads\/2024\/01\/image004-1-e1704732174440.jpg","jetpack_shortlink":"https:\/\/wp.me\/pcezmW-8Yi","jetpack_sharing_enabled":true,"_links":{"self":[{"href":"https:\/\/algarve7.pt\/index.php\/wp-json\/wp\/v2\/posts\/34490","targetHints":{"allow":["GET"]}}],"collection":[{"href":"https:\/\/algarve7.pt\/index.php\/wp-json\/wp\/v2\/posts"}],"about":[{"href":"https:\/\/algarve7.pt\/index.php\/wp-json\/wp\/v2\/types\/post"}],"author":[{"embeddable":true,"href":"https:\/\/algarve7.pt\/index.php\/wp-json\/wp\/v2\/users\/1"}],"replies":[{"embeddable":true,"href":"https:\/\/algarve7.pt\/index.php\/wp-json\/wp\/v2\/comments?post=34490"}],"version-history":[{"count":0,"href":"https:\/\/algarve7.pt\/index.php\/wp-json\/wp\/v2\/posts\/34490\/revisions"}],"wp:featuredmedia":[{"embeddable":true,"href":"https:\/\/algarve7.pt\/index.php\/wp-json\/wp\/v2\/media\/34491"}],"wp:attachment":[{"href":"https:\/\/algarve7.pt\/index.php\/wp-json\/wp\/v2\/media?parent=34490"}],"wp:term":[{"taxonomy":"category","embeddable":true,"href":"https:\/\/algarve7.pt\/index.php\/wp-json\/wp\/v2\/categories?post=34490"},{"taxonomy":"post_tag","embeddable":true,"href":"https:\/\/algarve7.pt\/index.php\/wp-json\/wp\/v2\/tags?post=34490"}],"curies":[{"name":"wp","href":"https:\/\/api.w.org\/{rel}","templated":true}]}}