{"id":34410,"date":"2024-01-05T09:26:00","date_gmt":"2024-01-05T09:26:00","guid":{"rendered":"https:\/\/algarve7.pt\/?p=34410"},"modified":"2024-01-04T13:30:48","modified_gmt":"2024-01-04T13:30:48","slug":"balanco-operacao-natal-e-ano-novo-2023-2024","status":"publish","type":"post","link":"https:\/\/algarve7.pt\/index.php\/2024\/01\/balanco-operacao-natal-e-ano-novo-2023-2024\/nacional\/09\/26\/","title":{"rendered":"Balan\u00e7o &#8211; Opera\u00e7\u00e3o \u201cNatal e Ano Novo 2023\/2024\u201d"},"content":{"rendered":"\n<p>A Guarda Nacional Republicana (GNR) entre os dias 15 de dezembro de 2023 e 02 de janeiro de 2024, realizou a Opera\u00e7\u00e3o \u201cNatal e Ano Novo 2023\u201d, intensificou as a\u00e7\u00f5es de patrulhamento, sensibiliza\u00e7\u00e3o e fiscaliza\u00e7\u00e3o com o objetivo de&nbsp;combater a criminalidade e diminuir a sinistralidade rodovi\u00e1ria, &nbsp;por forma a garantir que as festividades e as desloca\u00e7\u00f5es decorressem em seguran\u00e7a, em todo o territ\u00f3rio nacional.<\/p>\n\n\n\n<p>Em resultado das a\u00e7\u00f5es de preven\u00e7\u00e3o, sensibiliza\u00e7\u00e3o e fiscaliza\u00e7\u00e3o, registou-se o seguinte:<\/p>\n\n\n\n<p>No \u00e2mbito da preven\u00e7\u00e3o e sensibiliza\u00e7\u00e3o, destaca-se:<\/p>\n\n\n\n<p>Foram efetuadas&nbsp;796&nbsp;a\u00e7\u00f5es de sensibiliza\u00e7\u00e3o no \u00e2mbito do com\u00e9rcio seguro, abrangendo&nbsp;12&nbsp;127 comerciantes;<\/p>\n\n\n\n<p>Foram efetuadas&nbsp;655&nbsp;a\u00e7\u00f5es de sensibiliza\u00e7\u00e3o no \u00e2mbito dos idosos em seguran\u00e7a, tendo sido visitados&nbsp;8&nbsp;232 idosos&nbsp;neste per\u00edodo festivo.<\/p>\n\n\n\n<p>No que respeita ao combate da criminalidade:<\/p>\n\n\n\n<p>84&nbsp;detidos por tr\u00e1fico estupefacientes;<\/p>\n\n\n\n<p>42&nbsp;detidos&nbsp;por posse ilegal de armas ou armas proibidas;<\/p>\n\n\n\n<p>89&nbsp;detidos&nbsp;por furto;&nbsp;<\/p>\n\n\n\n<p>11&nbsp;detidos por roubo.<\/p>\n\n\n\n<p>No \u00e2mbito do controlo costeiro e fronteiras:<\/p>\n\n\n\n<p>947&nbsp;embarca\u00e7\u00f5es fiscalizadas;<\/p>\n\n\n\n<p>109&nbsp;975&nbsp;passageiros controlados (no espa\u00e7o Schengen);<\/p>\n\n\n\n<p>22&nbsp;065&nbsp;passageiros controlados&nbsp;(fora do espa\u00e7o Schengen).<\/p>\n\n\n\n<p>No \u00e2mbito fiscal e aduaneiro:<\/p>\n\n\n\n<p>Foram realizadas&nbsp;192&nbsp;a\u00e7\u00f5es de fiscaliza\u00e7\u00e3o;&nbsp;<\/p>\n\n\n\n<p>Foram detetadas&nbsp;549&nbsp;Contraordena\u00e7\u00f5es;&nbsp;<\/p>\n\n\n\n<p>Cerca de&nbsp;323 686,32 \u20ac&nbsp;em mercadoria apreendida.<\/p>\n\n\n\n<p>No \u00e2mbito da fiscaliza\u00e7\u00e3o rodovi\u00e1ria, destacam-se:<\/p>\n\n\n\n<p>\u00b7&nbsp;&nbsp;&nbsp;&nbsp;&nbsp;&nbsp;152 639&nbsp;condutores fiscalizados, dos quais,&nbsp;1&nbsp;863&nbsp;conduziam com&nbsp;excesso de \u00e1lcool&nbsp;e, destes,&nbsp;865 foram detidos&nbsp;por conduzirem com uma taxa de \u00e1lcool no sangue igual ou superior a 1,2 g\/l. Foram ainda&nbsp;detidas 402&nbsp;pessoas&nbsp;por conduzirem&nbsp;sem habilita\u00e7\u00e3o legal.<\/p>\n\n\n\n<p>\u00b7&nbsp;&nbsp;Das 33 175 infra\u00e7\u00f5es&nbsp;detetadas, destacam-se:<\/p>\n\n\n\n<p>8&nbsp;083&nbsp;por excesso de velocidade;<\/p>\n\n\n\n<p>998&nbsp;excessos de \u00e1lcool;<\/p>\n\n\n\n<p>1 097&nbsp;por falta ou incorreta utiliza\u00e7\u00e3o do cinto de seguran\u00e7a e\/ou sistema de reten\u00e7\u00e3o para crian\u00e7as (SRC);<\/p>\n\n\n\n<p>814&nbsp;por uso indevido do telem\u00f3vel no exerc\u00edcio da condu\u00e7\u00e3o;<\/p>\n\n\n\n<p>2 910&nbsp;por falta de&nbsp;inspe\u00e7\u00e3o peri\u00f3dica obrigat\u00f3ria;<\/p>\n\n\n\n<p>1 022&nbsp;por falta de seguro de responsabilidade civil obrigat\u00f3rio.<\/p>\n\n\n\n<p>\u00b7&nbsp;&nbsp;&nbsp;Relativamente \u00e0 sinistralidade rodovi\u00e1ria, a GNR registou&nbsp;4 286 acidentes, dos quais resultaram&nbsp;24 v\u00edtimas mortais,&nbsp;97 feridos graves&nbsp;e&nbsp;1 234 feridos leves.<\/p>\n\n\n\n<p>A Opera\u00e7\u00e3o Natal e Ano Novo 2023 da Guarda Nacional Republicana pretendeu cumprir dois grandes objetivos:<\/p>\n\n\n\n<p>\u00b7&nbsp;&nbsp;&nbsp;&nbsp;A diminui\u00e7\u00e3o da criminalidade geral, com \u00eanfase na preven\u00e7\u00e3o de il\u00edcitos criminais, atrav\u00e9s de a\u00e7\u00f5es de sensibiliza\u00e7\u00e3o e patrulhamento e o refor\u00e7o do policiamento de proximidade junto das pessoas mais vulner\u00e1veis;<\/p>\n\n\n\n<p>\u00b7&nbsp;&nbsp;&nbsp;A diminui\u00e7\u00e3o da sinistralidade rodovi\u00e1ria, atrav\u00e9s de a\u00e7\u00f5es de fiscaliza\u00e7\u00e3o orientadas para os locais de maior fluxo rodovi\u00e1rio, especialmente nos per\u00edodos do Natal e do Ano Novo.<\/p>\n","protected":false},"excerpt":{"rendered":"<p>A Guarda Nacional Republicana (GNR) entre os dias 15 de dezembro de 2023 e 02 de janeiro de 2024, realizou<\/p>\n","protected":false},"author":1,"featured_media":34249,"comment_status":"closed","ping_status":"open","sticky":false,"template":"","format":"standard","meta":{"colormag_page_container_layout":"default_layout","colormag_page_sidebar_layout":"default_layout","_monsterinsights_skip_tracking":false,"_monsterinsights_sitenote_active":false,"_monsterinsights_sitenote_note":"","_monsterinsights_sitenote_category":0,"jetpack_post_was_ever_published":false,"_jetpack_newsletter_access":"","_jetpack_dont_email_post_to_subs":false,"_jetpack_newsletter_tier_id":0,"_jetpack_memberships_contains_paywalled_content":false,"_jetpack_memberships_contains_paid_content":false,"footnotes":"","jetpack_publicize_message":"","jetpack_publicize_feature_enabled":true,"jetpack_social_post_already_shared":true,"jetpack_social_options":{"image_generator_settings":{"template":"highway","default_image_id":0,"font":"","enabled":false},"version":2}},"categories":[189],"tags":[140,98],"class_list":["post-34410","post","type-post","status-publish","format-standard","has-post-thumbnail","hentry","category-nacional","tag-gnr","tag-nacional"],"yoast_head":"<!-- This site is optimized with the Yoast SEO plugin v27.5 - https:\/\/yoast.com\/product\/yoast-seo-wordpress\/ -->\n<title>Balan\u00e7o - Opera\u00e7\u00e3o \u201cNatal e Ano Novo 2023\/2024\u201d - Algarve 7<\/title>\n<meta name=\"description\" content=\"Balan\u00e7o - Opera\u00e7\u00e3o \u201cNatal e Ano Novo 2023\/2024\u201d Nacional\" \/>\n<meta name=\"robots\" content=\"index, follow, max-snippet:-1, max-image-preview:large, max-video-preview:-1\" \/>\n<link rel=\"canonical\" href=\"https:\/\/algarve7.pt\/index.php\/2024\/01\/balanco-operacao-natal-e-ano-novo-2023-2024\/nacional\/09\/26\/\" \/>\n<meta property=\"og:locale\" content=\"pt_PT\" \/>\n<meta property=\"og:type\" content=\"article\" \/>\n<meta property=\"og:title\" content=\"Balan\u00e7o - Opera\u00e7\u00e3o \u201cNatal e Ano Novo 2023\/2024\u201d - Algarve 7\" \/>\n<meta property=\"og:description\" content=\"Balan\u00e7o - Opera\u00e7\u00e3o \u201cNatal e Ano Novo 2023\/2024\u201d Nacional\" \/>\n<meta property=\"og:url\" content=\"https:\/\/algarve7.pt\/index.php\/2024\/01\/balanco-operacao-natal-e-ano-novo-2023-2024\/nacional\/09\/26\/\" \/>\n<meta property=\"og:site_name\" content=\"Algarve 7\" \/>\n<meta property=\"article:publisher\" content=\"https:\/\/www.facebook.com\/algarve7\" \/>\n<meta property=\"article:author\" content=\"https:\/\/www.facebook.com\/algarve7\" \/>\n<meta property=\"article:published_time\" content=\"2024-01-05T09:26:00+00:00\" \/>\n<meta property=\"og:image\" content=\"https:\/\/algarve7.pt\/wp-content\/uploads\/2023\/12\/Operacao-Natal-e-Ano-Novo-2023_2024-1.jpg\" \/>\n\t<meta property=\"og:image:width\" content=\"800\" \/>\n\t<meta property=\"og:image:height\" content=\"800\" \/>\n\t<meta property=\"og:image:type\" content=\"image\/jpeg\" \/>\n<meta name=\"author\" content=\"Algarve 7\" \/>\n<meta name=\"twitter:card\" content=\"summary_large_image\" \/>\n<meta name=\"twitter:creator\" content=\"@Algarvesete\" \/>\n<meta name=\"twitter:site\" content=\"@Algarvesete\" \/>\n<meta name=\"twitter:label1\" content=\"Escrito por\" \/>\n\t<meta name=\"twitter:data1\" content=\"Algarve 7\" \/>\n\t<meta name=\"twitter:label2\" content=\"Tempo estimado de leitura\" \/>\n\t<meta name=\"twitter:data2\" content=\"3 minutos\" \/>\n<script type=\"application\/ld+json\" class=\"yoast-schema-graph\">{\"@context\":\"https:\\\/\\\/schema.org\",\"@graph\":[{\"@type\":\"Article\",\"@id\":\"https:\\\/\\\/algarve7.pt\\\/index.php\\\/2024\\\/01\\\/balanco-operacao-natal-e-ano-novo-2023-2024\\\/nacional\\\/09\\\/26\\\/#article\",\"isPartOf\":{\"@id\":\"https:\\\/\\\/algarve7.pt\\\/index.php\\\/2024\\\/01\\\/balanco-operacao-natal-e-ano-novo-2023-2024\\\/nacional\\\/09\\\/26\\\/\"},\"author\":{\"name\":\"Algarve 7\",\"@id\":\"https:\\\/\\\/algarve7.pt\\\/#\\\/schema\\\/person\\\/23fa70681308e7b319a3204bcea45e0c\"},\"headline\":\"Balan\u00e7o &#8211; Opera\u00e7\u00e3o \u201cNatal e Ano Novo 2023\\\/2024\u201d\",\"datePublished\":\"2024-01-05T09:26:00+00:00\",\"mainEntityOfPage\":{\"@id\":\"https:\\\/\\\/algarve7.pt\\\/index.php\\\/2024\\\/01\\\/balanco-operacao-natal-e-ano-novo-2023-2024\\\/nacional\\\/09\\\/26\\\/\"},\"wordCount\":503,\"publisher\":{\"@id\":\"https:\\\/\\\/algarve7.pt\\\/#organization\"},\"image\":{\"@id\":\"https:\\\/\\\/algarve7.pt\\\/index.php\\\/2024\\\/01\\\/balanco-operacao-natal-e-ano-novo-2023-2024\\\/nacional\\\/09\\\/26\\\/#primaryimage\"},\"thumbnailUrl\":\"https:\\\/\\\/algarve7.pt\\\/wp-content\\\/uploads\\\/2023\\\/12\\\/Operacao-Natal-e-Ano-Novo-2023_2024-1.jpg\",\"keywords\":[\"GNR\",\"Nacional\"],\"articleSection\":[\"Nacional\"],\"inLanguage\":\"pt-PT\"},{\"@type\":\"WebPage\",\"@id\":\"https:\\\/\\\/algarve7.pt\\\/index.php\\\/2024\\\/01\\\/balanco-operacao-natal-e-ano-novo-2023-2024\\\/nacional\\\/09\\\/26\\\/\",\"url\":\"https:\\\/\\\/algarve7.pt\\\/index.php\\\/2024\\\/01\\\/balanco-operacao-natal-e-ano-novo-2023-2024\\\/nacional\\\/09\\\/26\\\/\",\"name\":\"Balan\u00e7o - Opera\u00e7\u00e3o \u201cNatal e Ano Novo 2023\\\/2024\u201d - Algarve 7\",\"isPartOf\":{\"@id\":\"https:\\\/\\\/algarve7.pt\\\/#website\"},\"primaryImageOfPage\":{\"@id\":\"https:\\\/\\\/algarve7.pt\\\/index.php\\\/2024\\\/01\\\/balanco-operacao-natal-e-ano-novo-2023-2024\\\/nacional\\\/09\\\/26\\\/#primaryimage\"},\"image\":{\"@id\":\"https:\\\/\\\/algarve7.pt\\\/index.php\\\/2024\\\/01\\\/balanco-operacao-natal-e-ano-novo-2023-2024\\\/nacional\\\/09\\\/26\\\/#primaryimage\"},\"thumbnailUrl\":\"https:\\\/\\\/algarve7.pt\\\/wp-content\\\/uploads\\\/2023\\\/12\\\/Operacao-Natal-e-Ano-Novo-2023_2024-1.jpg\",\"datePublished\":\"2024-01-05T09:26:00+00:00\",\"description\":\"Balan\u00e7o - Opera\u00e7\u00e3o \u201cNatal e Ano Novo 2023\\\/2024\u201d Nacional\",\"breadcrumb\":{\"@id\":\"https:\\\/\\\/algarve7.pt\\\/index.php\\\/2024\\\/01\\\/balanco-operacao-natal-e-ano-novo-2023-2024\\\/nacional\\\/09\\\/26\\\/#breadcrumb\"},\"inLanguage\":\"pt-PT\",\"potentialAction\":[{\"@type\":\"ReadAction\",\"target\":[\"https:\\\/\\\/algarve7.pt\\\/index.php\\\/2024\\\/01\\\/balanco-operacao-natal-e-ano-novo-2023-2024\\\/nacional\\\/09\\\/26\\\/\"]}]},{\"@type\":\"ImageObject\",\"inLanguage\":\"pt-PT\",\"@id\":\"https:\\\/\\\/algarve7.pt\\\/index.php\\\/2024\\\/01\\\/balanco-operacao-natal-e-ano-novo-2023-2024\\\/nacional\\\/09\\\/26\\\/#primaryimage\",\"url\":\"https:\\\/\\\/algarve7.pt\\\/wp-content\\\/uploads\\\/2023\\\/12\\\/Operacao-Natal-e-Ano-Novo-2023_2024-1.jpg\",\"contentUrl\":\"https:\\\/\\\/algarve7.pt\\\/wp-content\\\/uploads\\\/2023\\\/12\\\/Operacao-Natal-e-Ano-Novo-2023_2024-1.jpg\",\"width\":800,\"height\":800},{\"@type\":\"BreadcrumbList\",\"@id\":\"https:\\\/\\\/algarve7.pt\\\/index.php\\\/2024\\\/01\\\/balanco-operacao-natal-e-ano-novo-2023-2024\\\/nacional\\\/09\\\/26\\\/#breadcrumb\",\"itemListElement\":[{\"@type\":\"ListItem\",\"position\":1,\"name\":\"In\u00edcio\",\"item\":\"https:\\\/\\\/algarve7.pt\\\/\"},{\"@type\":\"ListItem\",\"position\":2,\"name\":\"Balan\u00e7o &#8211; Opera\u00e7\u00e3o \u201cNatal e Ano Novo 2023\\\/2024\u201d\"}]},{\"@type\":\"WebSite\",\"@id\":\"https:\\\/\\\/algarve7.pt\\\/#website\",\"url\":\"https:\\\/\\\/algarve7.pt\\\/\",\"name\":\"Algarve 7\",\"description\":\"Informa\u00e7\u00e3o sobre o Algarve\",\"publisher\":{\"@id\":\"https:\\\/\\\/algarve7.pt\\\/#organization\"},\"potentialAction\":[{\"@type\":\"SearchAction\",\"target\":{\"@type\":\"EntryPoint\",\"urlTemplate\":\"https:\\\/\\\/algarve7.pt\\\/?s={search_term_string}\"},\"query-input\":{\"@type\":\"PropertyValueSpecification\",\"valueRequired\":true,\"valueName\":\"search_term_string\"}}],\"inLanguage\":\"pt-PT\"},{\"@type\":\"Organization\",\"@id\":\"https:\\\/\\\/algarve7.pt\\\/#organization\",\"name\":\"Algarve 7\",\"url\":\"https:\\\/\\\/algarve7.pt\\\/\",\"logo\":{\"@type\":\"ImageObject\",\"inLanguage\":\"pt-PT\",\"@id\":\"https:\\\/\\\/algarve7.pt\\\/#\\\/schema\\\/logo\\\/image\\\/\",\"url\":\"https:\\\/\\\/algarve7.pt\\\/wp-content\\\/uploads\\\/2020\\\/10\\\/Logo-8.jpg\",\"contentUrl\":\"https:\\\/\\\/algarve7.pt\\\/wp-content\\\/uploads\\\/2020\\\/10\\\/Logo-8.jpg\",\"width\":1680,\"height\":1186,\"caption\":\"Algarve 7\"},\"image\":{\"@id\":\"https:\\\/\\\/algarve7.pt\\\/#\\\/schema\\\/logo\\\/image\\\/\"},\"sameAs\":[\"https:\\\/\\\/www.facebook.com\\\/algarve7\",\"https:\\\/\\\/x.com\\\/Algarvesete\",\"https:\\\/\\\/www.instagram.com\\\/jornalalgarve7\\\/\",\"https:\\\/\\\/www.linkedin.com\\\/company\\\/algarve7\",\"https:\\\/\\\/www.pinterest.pt\\\/geral0939\\\/_created\\\/\"]},{\"@type\":\"Person\",\"@id\":\"https:\\\/\\\/algarve7.pt\\\/#\\\/schema\\\/person\\\/23fa70681308e7b319a3204bcea45e0c\",\"name\":\"Algarve 7\",\"sameAs\":[\"https:\\\/\\\/algarve7.pt\",\"https:\\\/\\\/www.facebook.com\\\/algarve7\"],\"url\":\"https:\\\/\\\/algarve7.pt\\\/index.php\\\/author\\\/geralalgarve7-pt\\\/\"}]}<\/script>\n<!-- \/ Yoast SEO plugin. -->","yoast_head_json":{"title":"Balan\u00e7o - Opera\u00e7\u00e3o \u201cNatal e Ano Novo 2023\/2024\u201d - Algarve 7","description":"Balan\u00e7o - Opera\u00e7\u00e3o \u201cNatal e Ano Novo 2023\/2024\u201d Nacional","robots":{"index":"index","follow":"follow","max-snippet":"max-snippet:-1","max-image-preview":"max-image-preview:large","max-video-preview":"max-video-preview:-1"},"canonical":"https:\/\/algarve7.pt\/index.php\/2024\/01\/balanco-operacao-natal-e-ano-novo-2023-2024\/nacional\/09\/26\/","og_locale":"pt_PT","og_type":"article","og_title":"Balan\u00e7o - Opera\u00e7\u00e3o \u201cNatal e Ano Novo 2023\/2024\u201d - Algarve 7","og_description":"Balan\u00e7o - Opera\u00e7\u00e3o \u201cNatal e Ano Novo 2023\/2024\u201d Nacional","og_url":"https:\/\/algarve7.pt\/index.php\/2024\/01\/balanco-operacao-natal-e-ano-novo-2023-2024\/nacional\/09\/26\/","og_site_name":"Algarve 7","article_publisher":"https:\/\/www.facebook.com\/algarve7","article_author":"https:\/\/www.facebook.com\/algarve7","article_published_time":"2024-01-05T09:26:00+00:00","og_image":[{"width":800,"height":800,"url":"https:\/\/algarve7.pt\/wp-content\/uploads\/2023\/12\/Operacao-Natal-e-Ano-Novo-2023_2024-1.jpg","type":"image\/jpeg"}],"author":"Algarve 7","twitter_card":"summary_large_image","twitter_creator":"@Algarvesete","twitter_site":"@Algarvesete","twitter_misc":{"Escrito por":"Algarve 7","Tempo estimado de leitura":"3 minutos"},"schema":{"@context":"https:\/\/schema.org","@graph":[{"@type":"Article","@id":"https:\/\/algarve7.pt\/index.php\/2024\/01\/balanco-operacao-natal-e-ano-novo-2023-2024\/nacional\/09\/26\/#article","isPartOf":{"@id":"https:\/\/algarve7.pt\/index.php\/2024\/01\/balanco-operacao-natal-e-ano-novo-2023-2024\/nacional\/09\/26\/"},"author":{"name":"Algarve 7","@id":"https:\/\/algarve7.pt\/#\/schema\/person\/23fa70681308e7b319a3204bcea45e0c"},"headline":"Balan\u00e7o &#8211; Opera\u00e7\u00e3o \u201cNatal e Ano Novo 2023\/2024\u201d","datePublished":"2024-01-05T09:26:00+00:00","mainEntityOfPage":{"@id":"https:\/\/algarve7.pt\/index.php\/2024\/01\/balanco-operacao-natal-e-ano-novo-2023-2024\/nacional\/09\/26\/"},"wordCount":503,"publisher":{"@id":"https:\/\/algarve7.pt\/#organization"},"image":{"@id":"https:\/\/algarve7.pt\/index.php\/2024\/01\/balanco-operacao-natal-e-ano-novo-2023-2024\/nacional\/09\/26\/#primaryimage"},"thumbnailUrl":"https:\/\/algarve7.pt\/wp-content\/uploads\/2023\/12\/Operacao-Natal-e-Ano-Novo-2023_2024-1.jpg","keywords":["GNR","Nacional"],"articleSection":["Nacional"],"inLanguage":"pt-PT"},{"@type":"WebPage","@id":"https:\/\/algarve7.pt\/index.php\/2024\/01\/balanco-operacao-natal-e-ano-novo-2023-2024\/nacional\/09\/26\/","url":"https:\/\/algarve7.pt\/index.php\/2024\/01\/balanco-operacao-natal-e-ano-novo-2023-2024\/nacional\/09\/26\/","name":"Balan\u00e7o - Opera\u00e7\u00e3o \u201cNatal e Ano Novo 2023\/2024\u201d - Algarve 7","isPartOf":{"@id":"https:\/\/algarve7.pt\/#website"},"primaryImageOfPage":{"@id":"https:\/\/algarve7.pt\/index.php\/2024\/01\/balanco-operacao-natal-e-ano-novo-2023-2024\/nacional\/09\/26\/#primaryimage"},"image":{"@id":"https:\/\/algarve7.pt\/index.php\/2024\/01\/balanco-operacao-natal-e-ano-novo-2023-2024\/nacional\/09\/26\/#primaryimage"},"thumbnailUrl":"https:\/\/algarve7.pt\/wp-content\/uploads\/2023\/12\/Operacao-Natal-e-Ano-Novo-2023_2024-1.jpg","datePublished":"2024-01-05T09:26:00+00:00","description":"Balan\u00e7o - Opera\u00e7\u00e3o \u201cNatal e Ano Novo 2023\/2024\u201d Nacional","breadcrumb":{"@id":"https:\/\/algarve7.pt\/index.php\/2024\/01\/balanco-operacao-natal-e-ano-novo-2023-2024\/nacional\/09\/26\/#breadcrumb"},"inLanguage":"pt-PT","potentialAction":[{"@type":"ReadAction","target":["https:\/\/algarve7.pt\/index.php\/2024\/01\/balanco-operacao-natal-e-ano-novo-2023-2024\/nacional\/09\/26\/"]}]},{"@type":"ImageObject","inLanguage":"pt-PT","@id":"https:\/\/algarve7.pt\/index.php\/2024\/01\/balanco-operacao-natal-e-ano-novo-2023-2024\/nacional\/09\/26\/#primaryimage","url":"https:\/\/algarve7.pt\/wp-content\/uploads\/2023\/12\/Operacao-Natal-e-Ano-Novo-2023_2024-1.jpg","contentUrl":"https:\/\/algarve7.pt\/wp-content\/uploads\/2023\/12\/Operacao-Natal-e-Ano-Novo-2023_2024-1.jpg","width":800,"height":800},{"@type":"BreadcrumbList","@id":"https:\/\/algarve7.pt\/index.php\/2024\/01\/balanco-operacao-natal-e-ano-novo-2023-2024\/nacional\/09\/26\/#breadcrumb","itemListElement":[{"@type":"ListItem","position":1,"name":"In\u00edcio","item":"https:\/\/algarve7.pt\/"},{"@type":"ListItem","position":2,"name":"Balan\u00e7o &#8211; Opera\u00e7\u00e3o \u201cNatal e Ano Novo 2023\/2024\u201d"}]},{"@type":"WebSite","@id":"https:\/\/algarve7.pt\/#website","url":"https:\/\/algarve7.pt\/","name":"Algarve 7","description":"Informa\u00e7\u00e3o sobre o Algarve","publisher":{"@id":"https:\/\/algarve7.pt\/#organization"},"potentialAction":[{"@type":"SearchAction","target":{"@type":"EntryPoint","urlTemplate":"https:\/\/algarve7.pt\/?s={search_term_string}"},"query-input":{"@type":"PropertyValueSpecification","valueRequired":true,"valueName":"search_term_string"}}],"inLanguage":"pt-PT"},{"@type":"Organization","@id":"https:\/\/algarve7.pt\/#organization","name":"Algarve 7","url":"https:\/\/algarve7.pt\/","logo":{"@type":"ImageObject","inLanguage":"pt-PT","@id":"https:\/\/algarve7.pt\/#\/schema\/logo\/image\/","url":"https:\/\/algarve7.pt\/wp-content\/uploads\/2020\/10\/Logo-8.jpg","contentUrl":"https:\/\/algarve7.pt\/wp-content\/uploads\/2020\/10\/Logo-8.jpg","width":1680,"height":1186,"caption":"Algarve 7"},"image":{"@id":"https:\/\/algarve7.pt\/#\/schema\/logo\/image\/"},"sameAs":["https:\/\/www.facebook.com\/algarve7","https:\/\/x.com\/Algarvesete","https:\/\/www.instagram.com\/jornalalgarve7\/","https:\/\/www.linkedin.com\/company\/algarve7","https:\/\/www.pinterest.pt\/geral0939\/_created\/"]},{"@type":"Person","@id":"https:\/\/algarve7.pt\/#\/schema\/person\/23fa70681308e7b319a3204bcea45e0c","name":"Algarve 7","sameAs":["https:\/\/algarve7.pt","https:\/\/www.facebook.com\/algarve7"],"url":"https:\/\/algarve7.pt\/index.php\/author\/geralalgarve7-pt\/"}]}},"jetpack_publicize_connections":[],"jetpack_featured_media_url":"https:\/\/algarve7.pt\/wp-content\/uploads\/2023\/12\/Operacao-Natal-e-Ano-Novo-2023_2024-1.jpg","jetpack_shortlink":"https:\/\/wp.me\/pcezmW-8X0","jetpack_sharing_enabled":true,"_links":{"self":[{"href":"https:\/\/algarve7.pt\/index.php\/wp-json\/wp\/v2\/posts\/34410","targetHints":{"allow":["GET"]}}],"collection":[{"href":"https:\/\/algarve7.pt\/index.php\/wp-json\/wp\/v2\/posts"}],"about":[{"href":"https:\/\/algarve7.pt\/index.php\/wp-json\/wp\/v2\/types\/post"}],"author":[{"embeddable":true,"href":"https:\/\/algarve7.pt\/index.php\/wp-json\/wp\/v2\/users\/1"}],"replies":[{"embeddable":true,"href":"https:\/\/algarve7.pt\/index.php\/wp-json\/wp\/v2\/comments?post=34410"}],"version-history":[{"count":0,"href":"https:\/\/algarve7.pt\/index.php\/wp-json\/wp\/v2\/posts\/34410\/revisions"}],"wp:featuredmedia":[{"embeddable":true,"href":"https:\/\/algarve7.pt\/index.php\/wp-json\/wp\/v2\/media\/34249"}],"wp:attachment":[{"href":"https:\/\/algarve7.pt\/index.php\/wp-json\/wp\/v2\/media?parent=34410"}],"wp:term":[{"taxonomy":"category","embeddable":true,"href":"https:\/\/algarve7.pt\/index.php\/wp-json\/wp\/v2\/categories?post=34410"},{"taxonomy":"post_tag","embeddable":true,"href":"https:\/\/algarve7.pt\/index.php\/wp-json\/wp\/v2\/tags?post=34410"}],"curies":[{"name":"wp","href":"https:\/\/api.w.org\/{rel}","templated":true}]}}