{"id":34241,"date":"2023-12-23T21:59:01","date_gmt":"2023-12-23T21:59:01","guid":{"rendered":"https:\/\/algarve7.pt\/?p=34241"},"modified":"2023-12-23T21:59:03","modified_gmt":"2023-12-23T21:59:03","slug":"dgs-lanca-campanha-saude-sustentavel-de-tods-para-tods-que-da-a-conhecer-o-plano-nacional-de-saude-2030","status":"publish","type":"post","link":"https:\/\/algarve7.pt\/index.php\/2023\/12\/dgs-lanca-campanha-saude-sustentavel-de-tods-para-tods-que-da-a-conhecer-o-plano-nacional-de-saude-2030\/saude\/21\/59\/","title":{"rendered":"DGS lan\u00e7a campanha &#8220;SA\u00daDE SUSTENT\u00c1VEL, DE TOD@S PARA TOD@S&#8221; que d\u00e1 a conhecer o Plano Nacional de Sa\u00fade 2030"},"content":{"rendered":"\n<p>\u201cSa\u00fade Sustent\u00e1vel, de tod@s para tod@s\u201d \u00e9 a campanha que a Dire\u00e7\u00e3o-Geral da Sa\u00fade (DGS) lan\u00e7a hoje, com o objetivo de dar a conhecer o Plano Nacional de Sa\u00fade (PNS) 2030, e que prioriza&nbsp;a Sa\u00fade e o bem-estar da popula\u00e7\u00e3o em todo o ciclo de vida, atrav\u00e9s de um compromisso social, sem deixar ningu\u00e9m para tr\u00e1s, preservando o planeta e garantindo a Sa\u00fade das gera\u00e7\u00f5es futuras.<\/p>\n\n\n\n<p>O PNS 2030 \u00e9 um processo din\u00e2mico, procurando facilitar a governa\u00e7\u00e3o da Sa\u00fade e para a Sa\u00fade, nos n\u00edveis nacional, regional e local. Com princ\u00edpios enraizados no desenvolvimento sustent\u00e1vel e na interven\u00e7\u00e3o multissetorial e transsectorial, o PNS 2030 alinha-se com os Objetivos de Desenvolvimento Sustent\u00e1vel (ODS) da Agenda 2030.<\/p>\n\n\n\n<p>A campanha &#8220;Sa\u00fade Sustent\u00e1vel, de tod@s para tod@s&#8221; procura acompanhar o desejo mais partilhado nesta quadra: ter e desejar \u201cBoa Sa\u00fade\u201d, refletindo o compromisso de promover a Sa\u00fade como um bem coletivo.<\/p>\n\n\n\n<p>Nesta \u00e9poca festiva, de partilha de resolu\u00e7\u00f5es e votos positivos para o novo ano, a campanha cria a possibilidade de se gerar uma corrente de mensagens. Assim, todos s\u00e3o convidados a enviar mensagens de \u201cBoa Sa\u00fade\u201d, de forma gratuita, para amigos, familiares e conhecidos, atrav\u00e9s da\u00a0<a href=\"https:\/\/urldefense.com\/v3\/__http:\/pns2030.pt__;!!NS6gF4kkyZw0p0Y!2PFN6FhLcQldo2toVdeAZMBz43uB1wSTDzOjcmwbUn8qRCimUypYH_SqiL8W3aD9GHOkmywQ04pt2C_Qrw$\" target=\"_blank\" rel=\"noreferrer noopener\">landing page<\/a> do Plano Nacional de Sa\u00fade 2030. Esta n\u00e3o \u00e9 apenas uma plataforma para enviar votos de Sa\u00fade, mas tamb\u00e9m um canal com informa\u00e7\u00e3o detalhada sobre os des\u00edgnios do PNS 2030, estabelecendo uma liga\u00e7\u00e3o direta entre a campanha, os seus princ\u00edpios, e a popula\u00e7\u00e3o portuguesa.<\/p>\n\n\n\n<p>A campanha \u2018Sa\u00fade Sustent\u00e1vel, de tod@s para tod@s&#8217; \u00e9 uma oportunidade para que a comunidade participe ativamente na realiza\u00e7\u00e3o dos objetivos do PNS 2030, procurando-se um envolvimento ativo da popula\u00e7\u00e3o na constru\u00e7\u00e3o de um futuro mais saud\u00e1vel e sustent\u00e1vel para todos.<\/p>\n","protected":false},"excerpt":{"rendered":"<p>\u201cSa\u00fade Sustent\u00e1vel, de tod@s para tod@s\u201d \u00e9 a campanha que a Dire\u00e7\u00e3o-Geral da Sa\u00fade (DGS) lan\u00e7a hoje, com o objetivo<\/p>\n","protected":false},"author":1,"featured_media":34242,"comment_status":"closed","ping_status":"open","sticky":false,"template":"","format":"standard","meta":{"colormag_page_container_layout":"default_layout","colormag_page_sidebar_layout":"default_layout","_monsterinsights_skip_tracking":false,"_monsterinsights_sitenote_active":false,"_monsterinsights_sitenote_note":"","_monsterinsights_sitenote_category":0,"jetpack_post_was_ever_published":false,"_jetpack_newsletter_access":"","_jetpack_dont_email_post_to_subs":false,"_jetpack_newsletter_tier_id":0,"_jetpack_memberships_contains_paywalled_content":false,"_jetpack_memberships_contains_paid_content":false,"footnotes":"","jetpack_publicize_message":"","jetpack_publicize_feature_enabled":true,"jetpack_social_post_already_shared":true,"jetpack_social_options":{"image_generator_settings":{"template":"highway","default_image_id":0,"font":"","enabled":false},"version":2}},"categories":[59],"tags":[98,58],"class_list":["post-34241","post","type-post","status-publish","format-standard","has-post-thumbnail","hentry","category-saude","tag-nacional","tag-saude"],"yoast_head":"<!-- This site is optimized with the Yoast SEO plugin v27.5 - https:\/\/yoast.com\/product\/yoast-seo-wordpress\/ -->\n<title>DGS lan\u00e7a campanha &quot;SA\u00daDE SUSTENT\u00c1VEL, DE TOD@S PARA TOD@S&quot; que d\u00e1 a conhecer o Plano Nacional de Sa\u00fade 2030 - Algarve 7<\/title>\n<meta name=\"description\" content=\"DGS lan\u00e7a campanha &quot;SA\u00daDE SUSTENT\u00c1VEL, DE TOD@S PARA TOD@S&quot; que d\u00e1 a conhecer o Plano Nacional de Sa\u00fade 2030 Sa\u00fade\" \/>\n<meta name=\"robots\" content=\"index, follow, max-snippet:-1, max-image-preview:large, max-video-preview:-1\" \/>\n<link rel=\"canonical\" href=\"https:\/\/algarve7.pt\/index.php\/2023\/12\/dgs-lanca-campanha-saude-sustentavel-de-tods-para-tods-que-da-a-conhecer-o-plano-nacional-de-saude-2030\/saude\/21\/59\/\" \/>\n<meta property=\"og:locale\" content=\"pt_PT\" \/>\n<meta property=\"og:type\" content=\"article\" \/>\n<meta property=\"og:title\" content=\"DGS lan\u00e7a campanha &quot;SA\u00daDE SUSTENT\u00c1VEL, DE TOD@S PARA TOD@S&quot; que d\u00e1 a conhecer o Plano Nacional de Sa\u00fade 2030 - Algarve 7\" \/>\n<meta property=\"og:description\" content=\"DGS lan\u00e7a campanha &quot;SA\u00daDE SUSTENT\u00c1VEL, DE TOD@S PARA TOD@S&quot; que d\u00e1 a conhecer o Plano Nacional de Sa\u00fade 2030 Sa\u00fade\" \/>\n<meta property=\"og:url\" content=\"https:\/\/algarve7.pt\/index.php\/2023\/12\/dgs-lanca-campanha-saude-sustentavel-de-tods-para-tods-que-da-a-conhecer-o-plano-nacional-de-saude-2030\/saude\/21\/59\/\" \/>\n<meta property=\"og:site_name\" content=\"Algarve 7\" \/>\n<meta property=\"article:publisher\" content=\"https:\/\/www.facebook.com\/algarve7\" \/>\n<meta property=\"article:author\" content=\"https:\/\/www.facebook.com\/algarve7\" \/>\n<meta property=\"article:published_time\" content=\"2023-12-23T21:59:01+00:00\" \/>\n<meta property=\"article:modified_time\" content=\"2023-12-23T21:59:03+00:00\" \/>\n<meta property=\"og:image\" content=\"https:\/\/algarve7.pt\/wp-content\/uploads\/2023\/12\/PNS2030.jpeg\" \/>\n\t<meta property=\"og:image:width\" content=\"1000\" \/>\n\t<meta property=\"og:image:height\" content=\"543\" \/>\n\t<meta property=\"og:image:type\" content=\"image\/jpeg\" \/>\n<meta name=\"author\" content=\"Algarve 7\" \/>\n<meta name=\"twitter:card\" content=\"summary_large_image\" \/>\n<meta name=\"twitter:creator\" content=\"@Algarvesete\" \/>\n<meta name=\"twitter:site\" content=\"@Algarvesete\" \/>\n<meta name=\"twitter:label1\" content=\"Escrito por\" \/>\n\t<meta name=\"twitter:data1\" content=\"Algarve 7\" \/>\n\t<meta name=\"twitter:label2\" content=\"Tempo estimado de leitura\" \/>\n\t<meta name=\"twitter:data2\" content=\"2 minutos\" \/>\n<script type=\"application\/ld+json\" class=\"yoast-schema-graph\">{\"@context\":\"https:\\\/\\\/schema.org\",\"@graph\":[{\"@type\":\"Article\",\"@id\":\"https:\\\/\\\/algarve7.pt\\\/index.php\\\/2023\\\/12\\\/dgs-lanca-campanha-saude-sustentavel-de-tods-para-tods-que-da-a-conhecer-o-plano-nacional-de-saude-2030\\\/saude\\\/21\\\/59\\\/#article\",\"isPartOf\":{\"@id\":\"https:\\\/\\\/algarve7.pt\\\/index.php\\\/2023\\\/12\\\/dgs-lanca-campanha-saude-sustentavel-de-tods-para-tods-que-da-a-conhecer-o-plano-nacional-de-saude-2030\\\/saude\\\/21\\\/59\\\/\"},\"author\":{\"name\":\"Algarve 7\",\"@id\":\"https:\\\/\\\/algarve7.pt\\\/#\\\/schema\\\/person\\\/23fa70681308e7b319a3204bcea45e0c\"},\"headline\":\"DGS lan\u00e7a campanha &#8220;SA\u00daDE SUSTENT\u00c1VEL, DE TOD@S PARA TOD@S&#8221; que d\u00e1 a conhecer o Plano Nacional de Sa\u00fade 2030\",\"datePublished\":\"2023-12-23T21:59:01+00:00\",\"dateModified\":\"2023-12-23T21:59:03+00:00\",\"mainEntityOfPage\":{\"@id\":\"https:\\\/\\\/algarve7.pt\\\/index.php\\\/2023\\\/12\\\/dgs-lanca-campanha-saude-sustentavel-de-tods-para-tods-que-da-a-conhecer-o-plano-nacional-de-saude-2030\\\/saude\\\/21\\\/59\\\/\"},\"wordCount\":347,\"publisher\":{\"@id\":\"https:\\\/\\\/algarve7.pt\\\/#organization\"},\"image\":{\"@id\":\"https:\\\/\\\/algarve7.pt\\\/index.php\\\/2023\\\/12\\\/dgs-lanca-campanha-saude-sustentavel-de-tods-para-tods-que-da-a-conhecer-o-plano-nacional-de-saude-2030\\\/saude\\\/21\\\/59\\\/#primaryimage\"},\"thumbnailUrl\":\"https:\\\/\\\/algarve7.pt\\\/wp-content\\\/uploads\\\/2023\\\/12\\\/PNS2030.jpeg\",\"keywords\":[\"Nacional\",\"Sa\u00fade\"],\"articleSection\":[\"Sa\u00fade\"],\"inLanguage\":\"pt-PT\"},{\"@type\":\"WebPage\",\"@id\":\"https:\\\/\\\/algarve7.pt\\\/index.php\\\/2023\\\/12\\\/dgs-lanca-campanha-saude-sustentavel-de-tods-para-tods-que-da-a-conhecer-o-plano-nacional-de-saude-2030\\\/saude\\\/21\\\/59\\\/\",\"url\":\"https:\\\/\\\/algarve7.pt\\\/index.php\\\/2023\\\/12\\\/dgs-lanca-campanha-saude-sustentavel-de-tods-para-tods-que-da-a-conhecer-o-plano-nacional-de-saude-2030\\\/saude\\\/21\\\/59\\\/\",\"name\":\"DGS lan\u00e7a campanha \\\"SA\u00daDE SUSTENT\u00c1VEL, DE TOD@S PARA TOD@S\\\" que d\u00e1 a conhecer o Plano Nacional de Sa\u00fade 2030 - Algarve 7\",\"isPartOf\":{\"@id\":\"https:\\\/\\\/algarve7.pt\\\/#website\"},\"primaryImageOfPage\":{\"@id\":\"https:\\\/\\\/algarve7.pt\\\/index.php\\\/2023\\\/12\\\/dgs-lanca-campanha-saude-sustentavel-de-tods-para-tods-que-da-a-conhecer-o-plano-nacional-de-saude-2030\\\/saude\\\/21\\\/59\\\/#primaryimage\"},\"image\":{\"@id\":\"https:\\\/\\\/algarve7.pt\\\/index.php\\\/2023\\\/12\\\/dgs-lanca-campanha-saude-sustentavel-de-tods-para-tods-que-da-a-conhecer-o-plano-nacional-de-saude-2030\\\/saude\\\/21\\\/59\\\/#primaryimage\"},\"thumbnailUrl\":\"https:\\\/\\\/algarve7.pt\\\/wp-content\\\/uploads\\\/2023\\\/12\\\/PNS2030.jpeg\",\"datePublished\":\"2023-12-23T21:59:01+00:00\",\"dateModified\":\"2023-12-23T21:59:03+00:00\",\"description\":\"DGS lan\u00e7a campanha \\\"SA\u00daDE SUSTENT\u00c1VEL, DE TOD@S PARA TOD@S\\\" que d\u00e1 a conhecer o Plano Nacional de Sa\u00fade 2030 Sa\u00fade\",\"breadcrumb\":{\"@id\":\"https:\\\/\\\/algarve7.pt\\\/index.php\\\/2023\\\/12\\\/dgs-lanca-campanha-saude-sustentavel-de-tods-para-tods-que-da-a-conhecer-o-plano-nacional-de-saude-2030\\\/saude\\\/21\\\/59\\\/#breadcrumb\"},\"inLanguage\":\"pt-PT\",\"potentialAction\":[{\"@type\":\"ReadAction\",\"target\":[\"https:\\\/\\\/algarve7.pt\\\/index.php\\\/2023\\\/12\\\/dgs-lanca-campanha-saude-sustentavel-de-tods-para-tods-que-da-a-conhecer-o-plano-nacional-de-saude-2030\\\/saude\\\/21\\\/59\\\/\"]}]},{\"@type\":\"ImageObject\",\"inLanguage\":\"pt-PT\",\"@id\":\"https:\\\/\\\/algarve7.pt\\\/index.php\\\/2023\\\/12\\\/dgs-lanca-campanha-saude-sustentavel-de-tods-para-tods-que-da-a-conhecer-o-plano-nacional-de-saude-2030\\\/saude\\\/21\\\/59\\\/#primaryimage\",\"url\":\"https:\\\/\\\/algarve7.pt\\\/wp-content\\\/uploads\\\/2023\\\/12\\\/PNS2030.jpeg\",\"contentUrl\":\"https:\\\/\\\/algarve7.pt\\\/wp-content\\\/uploads\\\/2023\\\/12\\\/PNS2030.jpeg\",\"width\":1000,\"height\":543},{\"@type\":\"BreadcrumbList\",\"@id\":\"https:\\\/\\\/algarve7.pt\\\/index.php\\\/2023\\\/12\\\/dgs-lanca-campanha-saude-sustentavel-de-tods-para-tods-que-da-a-conhecer-o-plano-nacional-de-saude-2030\\\/saude\\\/21\\\/59\\\/#breadcrumb\",\"itemListElement\":[{\"@type\":\"ListItem\",\"position\":1,\"name\":\"In\u00edcio\",\"item\":\"https:\\\/\\\/algarve7.pt\\\/\"},{\"@type\":\"ListItem\",\"position\":2,\"name\":\"DGS lan\u00e7a campanha &#8220;SA\u00daDE SUSTENT\u00c1VEL, DE TOD@S PARA TOD@S&#8221; que d\u00e1 a conhecer o Plano Nacional de Sa\u00fade 2030\"}]},{\"@type\":\"WebSite\",\"@id\":\"https:\\\/\\\/algarve7.pt\\\/#website\",\"url\":\"https:\\\/\\\/algarve7.pt\\\/\",\"name\":\"Algarve 7\",\"description\":\"Informa\u00e7\u00e3o sobre o Algarve\",\"publisher\":{\"@id\":\"https:\\\/\\\/algarve7.pt\\\/#organization\"},\"potentialAction\":[{\"@type\":\"SearchAction\",\"target\":{\"@type\":\"EntryPoint\",\"urlTemplate\":\"https:\\\/\\\/algarve7.pt\\\/?s={search_term_string}\"},\"query-input\":{\"@type\":\"PropertyValueSpecification\",\"valueRequired\":true,\"valueName\":\"search_term_string\"}}],\"inLanguage\":\"pt-PT\"},{\"@type\":\"Organization\",\"@id\":\"https:\\\/\\\/algarve7.pt\\\/#organization\",\"name\":\"Algarve 7\",\"url\":\"https:\\\/\\\/algarve7.pt\\\/\",\"logo\":{\"@type\":\"ImageObject\",\"inLanguage\":\"pt-PT\",\"@id\":\"https:\\\/\\\/algarve7.pt\\\/#\\\/schema\\\/logo\\\/image\\\/\",\"url\":\"https:\\\/\\\/algarve7.pt\\\/wp-content\\\/uploads\\\/2020\\\/10\\\/Logo-8.jpg\",\"contentUrl\":\"https:\\\/\\\/algarve7.pt\\\/wp-content\\\/uploads\\\/2020\\\/10\\\/Logo-8.jpg\",\"width\":1680,\"height\":1186,\"caption\":\"Algarve 7\"},\"image\":{\"@id\":\"https:\\\/\\\/algarve7.pt\\\/#\\\/schema\\\/logo\\\/image\\\/\"},\"sameAs\":[\"https:\\\/\\\/www.facebook.com\\\/algarve7\",\"https:\\\/\\\/x.com\\\/Algarvesete\",\"https:\\\/\\\/www.instagram.com\\\/jornalalgarve7\\\/\",\"https:\\\/\\\/www.linkedin.com\\\/company\\\/algarve7\",\"https:\\\/\\\/www.pinterest.pt\\\/geral0939\\\/_created\\\/\"]},{\"@type\":\"Person\",\"@id\":\"https:\\\/\\\/algarve7.pt\\\/#\\\/schema\\\/person\\\/23fa70681308e7b319a3204bcea45e0c\",\"name\":\"Algarve 7\",\"sameAs\":[\"https:\\\/\\\/algarve7.pt\",\"https:\\\/\\\/www.facebook.com\\\/algarve7\"],\"url\":\"https:\\\/\\\/algarve7.pt\\\/index.php\\\/author\\\/geralalgarve7-pt\\\/\"}]}<\/script>\n<!-- \/ Yoast SEO plugin. -->","yoast_head_json":{"title":"DGS lan\u00e7a campanha \"SA\u00daDE SUSTENT\u00c1VEL, DE TOD@S PARA TOD@S\" que d\u00e1 a conhecer o Plano Nacional de Sa\u00fade 2030 - Algarve 7","description":"DGS lan\u00e7a campanha \"SA\u00daDE SUSTENT\u00c1VEL, DE TOD@S PARA TOD@S\" que d\u00e1 a conhecer o Plano Nacional de Sa\u00fade 2030 Sa\u00fade","robots":{"index":"index","follow":"follow","max-snippet":"max-snippet:-1","max-image-preview":"max-image-preview:large","max-video-preview":"max-video-preview:-1"},"canonical":"https:\/\/algarve7.pt\/index.php\/2023\/12\/dgs-lanca-campanha-saude-sustentavel-de-tods-para-tods-que-da-a-conhecer-o-plano-nacional-de-saude-2030\/saude\/21\/59\/","og_locale":"pt_PT","og_type":"article","og_title":"DGS lan\u00e7a campanha \"SA\u00daDE SUSTENT\u00c1VEL, DE TOD@S PARA TOD@S\" que d\u00e1 a conhecer o Plano Nacional de Sa\u00fade 2030 - Algarve 7","og_description":"DGS lan\u00e7a campanha \"SA\u00daDE SUSTENT\u00c1VEL, DE TOD@S PARA TOD@S\" que d\u00e1 a conhecer o Plano Nacional de Sa\u00fade 2030 Sa\u00fade","og_url":"https:\/\/algarve7.pt\/index.php\/2023\/12\/dgs-lanca-campanha-saude-sustentavel-de-tods-para-tods-que-da-a-conhecer-o-plano-nacional-de-saude-2030\/saude\/21\/59\/","og_site_name":"Algarve 7","article_publisher":"https:\/\/www.facebook.com\/algarve7","article_author":"https:\/\/www.facebook.com\/algarve7","article_published_time":"2023-12-23T21:59:01+00:00","article_modified_time":"2023-12-23T21:59:03+00:00","og_image":[{"width":1000,"height":543,"url":"https:\/\/algarve7.pt\/wp-content\/uploads\/2023\/12\/PNS2030.jpeg","type":"image\/jpeg"}],"author":"Algarve 7","twitter_card":"summary_large_image","twitter_creator":"@Algarvesete","twitter_site":"@Algarvesete","twitter_misc":{"Escrito por":"Algarve 7","Tempo estimado de leitura":"2 minutos"},"schema":{"@context":"https:\/\/schema.org","@graph":[{"@type":"Article","@id":"https:\/\/algarve7.pt\/index.php\/2023\/12\/dgs-lanca-campanha-saude-sustentavel-de-tods-para-tods-que-da-a-conhecer-o-plano-nacional-de-saude-2030\/saude\/21\/59\/#article","isPartOf":{"@id":"https:\/\/algarve7.pt\/index.php\/2023\/12\/dgs-lanca-campanha-saude-sustentavel-de-tods-para-tods-que-da-a-conhecer-o-plano-nacional-de-saude-2030\/saude\/21\/59\/"},"author":{"name":"Algarve 7","@id":"https:\/\/algarve7.pt\/#\/schema\/person\/23fa70681308e7b319a3204bcea45e0c"},"headline":"DGS lan\u00e7a campanha &#8220;SA\u00daDE SUSTENT\u00c1VEL, DE TOD@S PARA TOD@S&#8221; que d\u00e1 a conhecer o Plano Nacional de Sa\u00fade 2030","datePublished":"2023-12-23T21:59:01+00:00","dateModified":"2023-12-23T21:59:03+00:00","mainEntityOfPage":{"@id":"https:\/\/algarve7.pt\/index.php\/2023\/12\/dgs-lanca-campanha-saude-sustentavel-de-tods-para-tods-que-da-a-conhecer-o-plano-nacional-de-saude-2030\/saude\/21\/59\/"},"wordCount":347,"publisher":{"@id":"https:\/\/algarve7.pt\/#organization"},"image":{"@id":"https:\/\/algarve7.pt\/index.php\/2023\/12\/dgs-lanca-campanha-saude-sustentavel-de-tods-para-tods-que-da-a-conhecer-o-plano-nacional-de-saude-2030\/saude\/21\/59\/#primaryimage"},"thumbnailUrl":"https:\/\/algarve7.pt\/wp-content\/uploads\/2023\/12\/PNS2030.jpeg","keywords":["Nacional","Sa\u00fade"],"articleSection":["Sa\u00fade"],"inLanguage":"pt-PT"},{"@type":"WebPage","@id":"https:\/\/algarve7.pt\/index.php\/2023\/12\/dgs-lanca-campanha-saude-sustentavel-de-tods-para-tods-que-da-a-conhecer-o-plano-nacional-de-saude-2030\/saude\/21\/59\/","url":"https:\/\/algarve7.pt\/index.php\/2023\/12\/dgs-lanca-campanha-saude-sustentavel-de-tods-para-tods-que-da-a-conhecer-o-plano-nacional-de-saude-2030\/saude\/21\/59\/","name":"DGS lan\u00e7a campanha \"SA\u00daDE SUSTENT\u00c1VEL, DE TOD@S PARA TOD@S\" que d\u00e1 a conhecer o Plano Nacional de Sa\u00fade 2030 - Algarve 7","isPartOf":{"@id":"https:\/\/algarve7.pt\/#website"},"primaryImageOfPage":{"@id":"https:\/\/algarve7.pt\/index.php\/2023\/12\/dgs-lanca-campanha-saude-sustentavel-de-tods-para-tods-que-da-a-conhecer-o-plano-nacional-de-saude-2030\/saude\/21\/59\/#primaryimage"},"image":{"@id":"https:\/\/algarve7.pt\/index.php\/2023\/12\/dgs-lanca-campanha-saude-sustentavel-de-tods-para-tods-que-da-a-conhecer-o-plano-nacional-de-saude-2030\/saude\/21\/59\/#primaryimage"},"thumbnailUrl":"https:\/\/algarve7.pt\/wp-content\/uploads\/2023\/12\/PNS2030.jpeg","datePublished":"2023-12-23T21:59:01+00:00","dateModified":"2023-12-23T21:59:03+00:00","description":"DGS lan\u00e7a campanha \"SA\u00daDE SUSTENT\u00c1VEL, DE TOD@S PARA TOD@S\" que d\u00e1 a conhecer o Plano Nacional de Sa\u00fade 2030 Sa\u00fade","breadcrumb":{"@id":"https:\/\/algarve7.pt\/index.php\/2023\/12\/dgs-lanca-campanha-saude-sustentavel-de-tods-para-tods-que-da-a-conhecer-o-plano-nacional-de-saude-2030\/saude\/21\/59\/#breadcrumb"},"inLanguage":"pt-PT","potentialAction":[{"@type":"ReadAction","target":["https:\/\/algarve7.pt\/index.php\/2023\/12\/dgs-lanca-campanha-saude-sustentavel-de-tods-para-tods-que-da-a-conhecer-o-plano-nacional-de-saude-2030\/saude\/21\/59\/"]}]},{"@type":"ImageObject","inLanguage":"pt-PT","@id":"https:\/\/algarve7.pt\/index.php\/2023\/12\/dgs-lanca-campanha-saude-sustentavel-de-tods-para-tods-que-da-a-conhecer-o-plano-nacional-de-saude-2030\/saude\/21\/59\/#primaryimage","url":"https:\/\/algarve7.pt\/wp-content\/uploads\/2023\/12\/PNS2030.jpeg","contentUrl":"https:\/\/algarve7.pt\/wp-content\/uploads\/2023\/12\/PNS2030.jpeg","width":1000,"height":543},{"@type":"BreadcrumbList","@id":"https:\/\/algarve7.pt\/index.php\/2023\/12\/dgs-lanca-campanha-saude-sustentavel-de-tods-para-tods-que-da-a-conhecer-o-plano-nacional-de-saude-2030\/saude\/21\/59\/#breadcrumb","itemListElement":[{"@type":"ListItem","position":1,"name":"In\u00edcio","item":"https:\/\/algarve7.pt\/"},{"@type":"ListItem","position":2,"name":"DGS lan\u00e7a campanha &#8220;SA\u00daDE SUSTENT\u00c1VEL, DE TOD@S PARA TOD@S&#8221; que d\u00e1 a conhecer o Plano Nacional de Sa\u00fade 2030"}]},{"@type":"WebSite","@id":"https:\/\/algarve7.pt\/#website","url":"https:\/\/algarve7.pt\/","name":"Algarve 7","description":"Informa\u00e7\u00e3o sobre o Algarve","publisher":{"@id":"https:\/\/algarve7.pt\/#organization"},"potentialAction":[{"@type":"SearchAction","target":{"@type":"EntryPoint","urlTemplate":"https:\/\/algarve7.pt\/?s={search_term_string}"},"query-input":{"@type":"PropertyValueSpecification","valueRequired":true,"valueName":"search_term_string"}}],"inLanguage":"pt-PT"},{"@type":"Organization","@id":"https:\/\/algarve7.pt\/#organization","name":"Algarve 7","url":"https:\/\/algarve7.pt\/","logo":{"@type":"ImageObject","inLanguage":"pt-PT","@id":"https:\/\/algarve7.pt\/#\/schema\/logo\/image\/","url":"https:\/\/algarve7.pt\/wp-content\/uploads\/2020\/10\/Logo-8.jpg","contentUrl":"https:\/\/algarve7.pt\/wp-content\/uploads\/2020\/10\/Logo-8.jpg","width":1680,"height":1186,"caption":"Algarve 7"},"image":{"@id":"https:\/\/algarve7.pt\/#\/schema\/logo\/image\/"},"sameAs":["https:\/\/www.facebook.com\/algarve7","https:\/\/x.com\/Algarvesete","https:\/\/www.instagram.com\/jornalalgarve7\/","https:\/\/www.linkedin.com\/company\/algarve7","https:\/\/www.pinterest.pt\/geral0939\/_created\/"]},{"@type":"Person","@id":"https:\/\/algarve7.pt\/#\/schema\/person\/23fa70681308e7b319a3204bcea45e0c","name":"Algarve 7","sameAs":["https:\/\/algarve7.pt","https:\/\/www.facebook.com\/algarve7"],"url":"https:\/\/algarve7.pt\/index.php\/author\/geralalgarve7-pt\/"}]}},"jetpack_publicize_connections":[],"jetpack_featured_media_url":"https:\/\/algarve7.pt\/wp-content\/uploads\/2023\/12\/PNS2030.jpeg","jetpack_shortlink":"https:\/\/wp.me\/pcezmW-8Uh","jetpack_sharing_enabled":true,"_links":{"self":[{"href":"https:\/\/algarve7.pt\/index.php\/wp-json\/wp\/v2\/posts\/34241","targetHints":{"allow":["GET"]}}],"collection":[{"href":"https:\/\/algarve7.pt\/index.php\/wp-json\/wp\/v2\/posts"}],"about":[{"href":"https:\/\/algarve7.pt\/index.php\/wp-json\/wp\/v2\/types\/post"}],"author":[{"embeddable":true,"href":"https:\/\/algarve7.pt\/index.php\/wp-json\/wp\/v2\/users\/1"}],"replies":[{"embeddable":true,"href":"https:\/\/algarve7.pt\/index.php\/wp-json\/wp\/v2\/comments?post=34241"}],"version-history":[{"count":0,"href":"https:\/\/algarve7.pt\/index.php\/wp-json\/wp\/v2\/posts\/34241\/revisions"}],"wp:featuredmedia":[{"embeddable":true,"href":"https:\/\/algarve7.pt\/index.php\/wp-json\/wp\/v2\/media\/34242"}],"wp:attachment":[{"href":"https:\/\/algarve7.pt\/index.php\/wp-json\/wp\/v2\/media?parent=34241"}],"wp:term":[{"taxonomy":"category","embeddable":true,"href":"https:\/\/algarve7.pt\/index.php\/wp-json\/wp\/v2\/categories?post=34241"},{"taxonomy":"post_tag","embeddable":true,"href":"https:\/\/algarve7.pt\/index.php\/wp-json\/wp\/v2\/tags?post=34241"}],"curies":[{"name":"wp","href":"https:\/\/api.w.org\/{rel}","templated":true}]}}