{"id":3423,"date":"2020-11-06T10:07:36","date_gmt":"2020-11-06T10:07:36","guid":{"rendered":"https:\/\/algarve7.pt\/?p=3423"},"modified":"2020-11-06T10:07:37","modified_gmt":"2020-11-06T10:07:37","slug":"diap-de-faro-deduziu-acusacao-no-caso-do-incendio-de-monchique-em-2018","status":"publish","type":"post","link":"https:\/\/algarve7.pt\/index.php\/2020\/11\/diap-de-faro-deduziu-acusacao-no-caso-do-incendio-de-monchique-em-2018\/atualidade\/10\/07\/","title":{"rendered":"DIAP de Faro deduziu acusa\u00e7\u00e3o no caso do inc\u00eandio de Monchique em 2018"},"content":{"rendered":"\n<p>O Minist\u00e9rio P\u00fablico da sec\u00e7\u00e3o de Portim\u00e3o do DIAP de Faro deduziu acusa\u00e7\u00e3o contra a EDP, Distribui\u00e7\u00e3o, S.A. e um seu trabalhador pela pr\u00e1tica de um crime de inc\u00eandio florestal por neglig\u00eancia.<\/p>\n\n\n\n<p>De acordo com a acusa\u00e7\u00e3o, existem fortes ind\u00edcios de que o inc\u00eandio em causa, iniciado em 3 de agosto de 2018 na zona de Monchique, no Algarve, foi causado pelo contacto repetido de um cabo el\u00e9trico de m\u00e9dia tens\u00e3o com ramos de eucaliptos na zona de Perna Seca, em Taipas, Monchique. Ainda segundo a acusa\u00e7\u00e3o, a EDP e o seu trabalhador n\u00e3o mantiveram limpa, como deviam, uma faixa de seguran\u00e7a adequada junto ao referido cabo.<\/p>\n\n\n\n<p>O inc\u00eandio foi combatido por dezenas de corpora\u00e7\u00f5es de bombeiros de todo o pa\u00eds, lavrou durante sete dias, consumiu uma \u00e1rea florestal de 26.885 hectares dos concelhos de Silves, Odemira, Portim\u00e3o e Monchique, bem como 62 casas de primeira habita\u00e7\u00e3o, 49 de segunda habita\u00e7\u00e3o, matou cerca de 5.600 animais e feriu cerca de 40 pessoas.<\/p>\n\n\n\n<p>A investiga\u00e7\u00e3o foi dirigida pelo MP do DIAP de Faro, com a coadjuva\u00e7\u00e3o da Pol\u00edcia Judici\u00e1ria.&nbsp;&nbsp;<\/p>\n","protected":false},"excerpt":{"rendered":"<p>O Minist\u00e9rio P\u00fablico da sec\u00e7\u00e3o de Portim\u00e3o do DIAP de Faro deduziu acusa\u00e7\u00e3o contra a EDP, Distribui\u00e7\u00e3o, S.A. e um<\/p>\n","protected":false},"author":1,"featured_media":2429,"comment_status":"closed","ping_status":"open","sticky":false,"template":"","format":"standard","meta":{"colormag_page_container_layout":"default_layout","colormag_page_sidebar_layout":"default_layout","_monsterinsights_skip_tracking":false,"_monsterinsights_sitenote_active":false,"_monsterinsights_sitenote_note":"","_monsterinsights_sitenote_category":0,"jetpack_post_was_ever_published":false,"_jetpack_newsletter_access":"","_jetpack_dont_email_post_to_subs":false,"_jetpack_newsletter_tier_id":0,"_jetpack_memberships_contains_paywalled_content":false,"_jetpack_memberships_contains_paid_content":false,"footnotes":"","jetpack_publicize_message":"","jetpack_publicize_feature_enabled":true,"jetpack_social_post_already_shared":true,"jetpack_social_options":{"image_generator_settings":{"template":"highway","default_image_id":0,"font":"","enabled":false},"version":2}},"categories":[11],"tags":[36,202,171],"class_list":["post-3423","post","type-post","status-publish","format-standard","has-post-thumbnail","hentry","category-atualidade","tag-algarve","tag-diap-de-faro","tag-monchique"],"yoast_head":"<!-- This site is optimized with the Yoast SEO plugin v27.4 - https:\/\/yoast.com\/product\/yoast-seo-wordpress\/ -->\n<title>DIAP de Faro deduziu acusa\u00e7\u00e3o no caso do inc\u00eandio de Monchique em 2018 - Algarve 7<\/title>\n<meta name=\"description\" content=\"DIAP de Faro deduziu acusa\u00e7\u00e3o no caso do inc\u00eandio de Monchique em 2018\" \/>\n<meta name=\"robots\" content=\"index, follow, max-snippet:-1, max-image-preview:large, max-video-preview:-1\" \/>\n<link rel=\"canonical\" href=\"https:\/\/algarve7.pt\/index.php\/2020\/11\/diap-de-faro-deduziu-acusacao-no-caso-do-incendio-de-monchique-em-2018\/atualidade\/10\/07\/\" \/>\n<meta property=\"og:locale\" content=\"pt_PT\" \/>\n<meta property=\"og:type\" content=\"article\" \/>\n<meta property=\"og:title\" content=\"DIAP de Faro deduziu acusa\u00e7\u00e3o no caso do inc\u00eandio de Monchique em 2018 - Algarve 7\" \/>\n<meta property=\"og:description\" content=\"DIAP de Faro deduziu acusa\u00e7\u00e3o no caso do inc\u00eandio de Monchique em 2018\" \/>\n<meta property=\"og:url\" content=\"https:\/\/algarve7.pt\/index.php\/2020\/11\/diap-de-faro-deduziu-acusacao-no-caso-do-incendio-de-monchique-em-2018\/atualidade\/10\/07\/\" \/>\n<meta property=\"og:site_name\" content=\"Algarve 7\" \/>\n<meta property=\"article:publisher\" content=\"https:\/\/www.facebook.com\/algarve7\" \/>\n<meta property=\"article:author\" content=\"https:\/\/www.facebook.com\/algarve7\" \/>\n<meta property=\"article:published_time\" content=\"2020-11-06T10:07:36+00:00\" \/>\n<meta property=\"article:modified_time\" content=\"2020-11-06T10:07:37+00:00\" \/>\n<meta property=\"og:image\" content=\"https:\/\/algarve7.pt\/wp-content\/uploads\/2020\/10\/faro5.jpg\" \/>\n\t<meta property=\"og:image:width\" content=\"650\" \/>\n\t<meta property=\"og:image:height\" content=\"419\" \/>\n\t<meta property=\"og:image:type\" content=\"image\/jpeg\" \/>\n<meta name=\"author\" content=\"Algarve 7\" \/>\n<meta name=\"twitter:card\" content=\"summary_large_image\" \/>\n<meta name=\"twitter:creator\" content=\"@Algarvesete\" \/>\n<meta name=\"twitter:site\" content=\"@Algarvesete\" \/>\n<meta name=\"twitter:label1\" content=\"Escrito por\" \/>\n\t<meta name=\"twitter:data1\" content=\"Algarve 7\" \/>\n\t<meta name=\"twitter:label2\" content=\"Tempo estimado de leitura\" \/>\n\t<meta name=\"twitter:data2\" content=\"1 minuto\" \/>\n<script type=\"application\/ld+json\" class=\"yoast-schema-graph\">{\"@context\":\"https:\\\/\\\/schema.org\",\"@graph\":[{\"@type\":\"Article\",\"@id\":\"https:\\\/\\\/algarve7.pt\\\/index.php\\\/2020\\\/11\\\/diap-de-faro-deduziu-acusacao-no-caso-do-incendio-de-monchique-em-2018\\\/atualidade\\\/10\\\/07\\\/#article\",\"isPartOf\":{\"@id\":\"https:\\\/\\\/algarve7.pt\\\/index.php\\\/2020\\\/11\\\/diap-de-faro-deduziu-acusacao-no-caso-do-incendio-de-monchique-em-2018\\\/atualidade\\\/10\\\/07\\\/\"},\"author\":{\"name\":\"Algarve 7\",\"@id\":\"https:\\\/\\\/algarve7.pt\\\/#\\\/schema\\\/person\\\/23fa70681308e7b319a3204bcea45e0c\"},\"headline\":\"DIAP de Faro deduziu acusa\u00e7\u00e3o no caso do inc\u00eandio de Monchique em 2018\",\"datePublished\":\"2020-11-06T10:07:36+00:00\",\"dateModified\":\"2020-11-06T10:07:37+00:00\",\"mainEntityOfPage\":{\"@id\":\"https:\\\/\\\/algarve7.pt\\\/index.php\\\/2020\\\/11\\\/diap-de-faro-deduziu-acusacao-no-caso-do-incendio-de-monchique-em-2018\\\/atualidade\\\/10\\\/07\\\/\"},\"wordCount\":216,\"publisher\":{\"@id\":\"https:\\\/\\\/algarve7.pt\\\/#organization\"},\"image\":{\"@id\":\"https:\\\/\\\/algarve7.pt\\\/index.php\\\/2020\\\/11\\\/diap-de-faro-deduziu-acusacao-no-caso-do-incendio-de-monchique-em-2018\\\/atualidade\\\/10\\\/07\\\/#primaryimage\"},\"thumbnailUrl\":\"https:\\\/\\\/algarve7.pt\\\/wp-content\\\/uploads\\\/2020\\\/10\\\/faro5.jpg\",\"keywords\":[\"Algarve\",\"DIAP de Faro\",\"Monchique\"],\"articleSection\":[\"Atualidade\"],\"inLanguage\":\"pt-PT\"},{\"@type\":\"WebPage\",\"@id\":\"https:\\\/\\\/algarve7.pt\\\/index.php\\\/2020\\\/11\\\/diap-de-faro-deduziu-acusacao-no-caso-do-incendio-de-monchique-em-2018\\\/atualidade\\\/10\\\/07\\\/\",\"url\":\"https:\\\/\\\/algarve7.pt\\\/index.php\\\/2020\\\/11\\\/diap-de-faro-deduziu-acusacao-no-caso-do-incendio-de-monchique-em-2018\\\/atualidade\\\/10\\\/07\\\/\",\"name\":\"DIAP de Faro deduziu acusa\u00e7\u00e3o no caso do inc\u00eandio de Monchique em 2018 - Algarve 7\",\"isPartOf\":{\"@id\":\"https:\\\/\\\/algarve7.pt\\\/#website\"},\"primaryImageOfPage\":{\"@id\":\"https:\\\/\\\/algarve7.pt\\\/index.php\\\/2020\\\/11\\\/diap-de-faro-deduziu-acusacao-no-caso-do-incendio-de-monchique-em-2018\\\/atualidade\\\/10\\\/07\\\/#primaryimage\"},\"image\":{\"@id\":\"https:\\\/\\\/algarve7.pt\\\/index.php\\\/2020\\\/11\\\/diap-de-faro-deduziu-acusacao-no-caso-do-incendio-de-monchique-em-2018\\\/atualidade\\\/10\\\/07\\\/#primaryimage\"},\"thumbnailUrl\":\"https:\\\/\\\/algarve7.pt\\\/wp-content\\\/uploads\\\/2020\\\/10\\\/faro5.jpg\",\"datePublished\":\"2020-11-06T10:07:36+00:00\",\"dateModified\":\"2020-11-06T10:07:37+00:00\",\"description\":\"DIAP de Faro deduziu acusa\u00e7\u00e3o no caso do inc\u00eandio de Monchique em 2018\",\"breadcrumb\":{\"@id\":\"https:\\\/\\\/algarve7.pt\\\/index.php\\\/2020\\\/11\\\/diap-de-faro-deduziu-acusacao-no-caso-do-incendio-de-monchique-em-2018\\\/atualidade\\\/10\\\/07\\\/#breadcrumb\"},\"inLanguage\":\"pt-PT\",\"potentialAction\":[{\"@type\":\"ReadAction\",\"target\":[\"https:\\\/\\\/algarve7.pt\\\/index.php\\\/2020\\\/11\\\/diap-de-faro-deduziu-acusacao-no-caso-do-incendio-de-monchique-em-2018\\\/atualidade\\\/10\\\/07\\\/\"]}]},{\"@type\":\"ImageObject\",\"inLanguage\":\"pt-PT\",\"@id\":\"https:\\\/\\\/algarve7.pt\\\/index.php\\\/2020\\\/11\\\/diap-de-faro-deduziu-acusacao-no-caso-do-incendio-de-monchique-em-2018\\\/atualidade\\\/10\\\/07\\\/#primaryimage\",\"url\":\"https:\\\/\\\/algarve7.pt\\\/wp-content\\\/uploads\\\/2020\\\/10\\\/faro5.jpg\",\"contentUrl\":\"https:\\\/\\\/algarve7.pt\\\/wp-content\\\/uploads\\\/2020\\\/10\\\/faro5.jpg\",\"width\":650,\"height\":419},{\"@type\":\"BreadcrumbList\",\"@id\":\"https:\\\/\\\/algarve7.pt\\\/index.php\\\/2020\\\/11\\\/diap-de-faro-deduziu-acusacao-no-caso-do-incendio-de-monchique-em-2018\\\/atualidade\\\/10\\\/07\\\/#breadcrumb\",\"itemListElement\":[{\"@type\":\"ListItem\",\"position\":1,\"name\":\"In\u00edcio\",\"item\":\"https:\\\/\\\/algarve7.pt\\\/\"},{\"@type\":\"ListItem\",\"position\":2,\"name\":\"DIAP de Faro deduziu acusa\u00e7\u00e3o no caso do inc\u00eandio de Monchique em 2018\"}]},{\"@type\":\"WebSite\",\"@id\":\"https:\\\/\\\/algarve7.pt\\\/#website\",\"url\":\"https:\\\/\\\/algarve7.pt\\\/\",\"name\":\"Algarve 7\",\"description\":\"Informa\u00e7\u00e3o sobre o Algarve\",\"publisher\":{\"@id\":\"https:\\\/\\\/algarve7.pt\\\/#organization\"},\"potentialAction\":[{\"@type\":\"SearchAction\",\"target\":{\"@type\":\"EntryPoint\",\"urlTemplate\":\"https:\\\/\\\/algarve7.pt\\\/?s={search_term_string}\"},\"query-input\":{\"@type\":\"PropertyValueSpecification\",\"valueRequired\":true,\"valueName\":\"search_term_string\"}}],\"inLanguage\":\"pt-PT\"},{\"@type\":\"Organization\",\"@id\":\"https:\\\/\\\/algarve7.pt\\\/#organization\",\"name\":\"Algarve 7\",\"url\":\"https:\\\/\\\/algarve7.pt\\\/\",\"logo\":{\"@type\":\"ImageObject\",\"inLanguage\":\"pt-PT\",\"@id\":\"https:\\\/\\\/algarve7.pt\\\/#\\\/schema\\\/logo\\\/image\\\/\",\"url\":\"https:\\\/\\\/algarve7.pt\\\/wp-content\\\/uploads\\\/2020\\\/10\\\/Logo-8.jpg\",\"contentUrl\":\"https:\\\/\\\/algarve7.pt\\\/wp-content\\\/uploads\\\/2020\\\/10\\\/Logo-8.jpg\",\"width\":1680,\"height\":1186,\"caption\":\"Algarve 7\"},\"image\":{\"@id\":\"https:\\\/\\\/algarve7.pt\\\/#\\\/schema\\\/logo\\\/image\\\/\"},\"sameAs\":[\"https:\\\/\\\/www.facebook.com\\\/algarve7\",\"https:\\\/\\\/x.com\\\/Algarvesete\",\"https:\\\/\\\/www.instagram.com\\\/jornalalgarve7\\\/\",\"https:\\\/\\\/www.linkedin.com\\\/company\\\/algarve7\",\"https:\\\/\\\/www.pinterest.pt\\\/geral0939\\\/_created\\\/\"]},{\"@type\":\"Person\",\"@id\":\"https:\\\/\\\/algarve7.pt\\\/#\\\/schema\\\/person\\\/23fa70681308e7b319a3204bcea45e0c\",\"name\":\"Algarve 7\",\"sameAs\":[\"https:\\\/\\\/algarve7.pt\",\"https:\\\/\\\/www.facebook.com\\\/algarve7\"],\"url\":\"https:\\\/\\\/algarve7.pt\\\/index.php\\\/author\\\/geralalgarve7-pt\\\/\"}]}<\/script>\n<!-- \/ Yoast SEO plugin. -->","yoast_head_json":{"title":"DIAP de Faro deduziu acusa\u00e7\u00e3o no caso do inc\u00eandio de Monchique em 2018 - Algarve 7","description":"DIAP de Faro deduziu acusa\u00e7\u00e3o no caso do inc\u00eandio de Monchique em 2018","robots":{"index":"index","follow":"follow","max-snippet":"max-snippet:-1","max-image-preview":"max-image-preview:large","max-video-preview":"max-video-preview:-1"},"canonical":"https:\/\/algarve7.pt\/index.php\/2020\/11\/diap-de-faro-deduziu-acusacao-no-caso-do-incendio-de-monchique-em-2018\/atualidade\/10\/07\/","og_locale":"pt_PT","og_type":"article","og_title":"DIAP de Faro deduziu acusa\u00e7\u00e3o no caso do inc\u00eandio de Monchique em 2018 - Algarve 7","og_description":"DIAP de Faro deduziu acusa\u00e7\u00e3o no caso do inc\u00eandio de Monchique em 2018","og_url":"https:\/\/algarve7.pt\/index.php\/2020\/11\/diap-de-faro-deduziu-acusacao-no-caso-do-incendio-de-monchique-em-2018\/atualidade\/10\/07\/","og_site_name":"Algarve 7","article_publisher":"https:\/\/www.facebook.com\/algarve7","article_author":"https:\/\/www.facebook.com\/algarve7","article_published_time":"2020-11-06T10:07:36+00:00","article_modified_time":"2020-11-06T10:07:37+00:00","og_image":[{"width":650,"height":419,"url":"https:\/\/algarve7.pt\/wp-content\/uploads\/2020\/10\/faro5.jpg","type":"image\/jpeg"}],"author":"Algarve 7","twitter_card":"summary_large_image","twitter_creator":"@Algarvesete","twitter_site":"@Algarvesete","twitter_misc":{"Escrito por":"Algarve 7","Tempo estimado de leitura":"1 minuto"},"schema":{"@context":"https:\/\/schema.org","@graph":[{"@type":"Article","@id":"https:\/\/algarve7.pt\/index.php\/2020\/11\/diap-de-faro-deduziu-acusacao-no-caso-do-incendio-de-monchique-em-2018\/atualidade\/10\/07\/#article","isPartOf":{"@id":"https:\/\/algarve7.pt\/index.php\/2020\/11\/diap-de-faro-deduziu-acusacao-no-caso-do-incendio-de-monchique-em-2018\/atualidade\/10\/07\/"},"author":{"name":"Algarve 7","@id":"https:\/\/algarve7.pt\/#\/schema\/person\/23fa70681308e7b319a3204bcea45e0c"},"headline":"DIAP de Faro deduziu acusa\u00e7\u00e3o no caso do inc\u00eandio de Monchique em 2018","datePublished":"2020-11-06T10:07:36+00:00","dateModified":"2020-11-06T10:07:37+00:00","mainEntityOfPage":{"@id":"https:\/\/algarve7.pt\/index.php\/2020\/11\/diap-de-faro-deduziu-acusacao-no-caso-do-incendio-de-monchique-em-2018\/atualidade\/10\/07\/"},"wordCount":216,"publisher":{"@id":"https:\/\/algarve7.pt\/#organization"},"image":{"@id":"https:\/\/algarve7.pt\/index.php\/2020\/11\/diap-de-faro-deduziu-acusacao-no-caso-do-incendio-de-monchique-em-2018\/atualidade\/10\/07\/#primaryimage"},"thumbnailUrl":"https:\/\/algarve7.pt\/wp-content\/uploads\/2020\/10\/faro5.jpg","keywords":["Algarve","DIAP de Faro","Monchique"],"articleSection":["Atualidade"],"inLanguage":"pt-PT"},{"@type":"WebPage","@id":"https:\/\/algarve7.pt\/index.php\/2020\/11\/diap-de-faro-deduziu-acusacao-no-caso-do-incendio-de-monchique-em-2018\/atualidade\/10\/07\/","url":"https:\/\/algarve7.pt\/index.php\/2020\/11\/diap-de-faro-deduziu-acusacao-no-caso-do-incendio-de-monchique-em-2018\/atualidade\/10\/07\/","name":"DIAP de Faro deduziu acusa\u00e7\u00e3o no caso do inc\u00eandio de Monchique em 2018 - Algarve 7","isPartOf":{"@id":"https:\/\/algarve7.pt\/#website"},"primaryImageOfPage":{"@id":"https:\/\/algarve7.pt\/index.php\/2020\/11\/diap-de-faro-deduziu-acusacao-no-caso-do-incendio-de-monchique-em-2018\/atualidade\/10\/07\/#primaryimage"},"image":{"@id":"https:\/\/algarve7.pt\/index.php\/2020\/11\/diap-de-faro-deduziu-acusacao-no-caso-do-incendio-de-monchique-em-2018\/atualidade\/10\/07\/#primaryimage"},"thumbnailUrl":"https:\/\/algarve7.pt\/wp-content\/uploads\/2020\/10\/faro5.jpg","datePublished":"2020-11-06T10:07:36+00:00","dateModified":"2020-11-06T10:07:37+00:00","description":"DIAP de Faro deduziu acusa\u00e7\u00e3o no caso do inc\u00eandio de Monchique em 2018","breadcrumb":{"@id":"https:\/\/algarve7.pt\/index.php\/2020\/11\/diap-de-faro-deduziu-acusacao-no-caso-do-incendio-de-monchique-em-2018\/atualidade\/10\/07\/#breadcrumb"},"inLanguage":"pt-PT","potentialAction":[{"@type":"ReadAction","target":["https:\/\/algarve7.pt\/index.php\/2020\/11\/diap-de-faro-deduziu-acusacao-no-caso-do-incendio-de-monchique-em-2018\/atualidade\/10\/07\/"]}]},{"@type":"ImageObject","inLanguage":"pt-PT","@id":"https:\/\/algarve7.pt\/index.php\/2020\/11\/diap-de-faro-deduziu-acusacao-no-caso-do-incendio-de-monchique-em-2018\/atualidade\/10\/07\/#primaryimage","url":"https:\/\/algarve7.pt\/wp-content\/uploads\/2020\/10\/faro5.jpg","contentUrl":"https:\/\/algarve7.pt\/wp-content\/uploads\/2020\/10\/faro5.jpg","width":650,"height":419},{"@type":"BreadcrumbList","@id":"https:\/\/algarve7.pt\/index.php\/2020\/11\/diap-de-faro-deduziu-acusacao-no-caso-do-incendio-de-monchique-em-2018\/atualidade\/10\/07\/#breadcrumb","itemListElement":[{"@type":"ListItem","position":1,"name":"In\u00edcio","item":"https:\/\/algarve7.pt\/"},{"@type":"ListItem","position":2,"name":"DIAP de Faro deduziu acusa\u00e7\u00e3o no caso do inc\u00eandio de Monchique em 2018"}]},{"@type":"WebSite","@id":"https:\/\/algarve7.pt\/#website","url":"https:\/\/algarve7.pt\/","name":"Algarve 7","description":"Informa\u00e7\u00e3o sobre o Algarve","publisher":{"@id":"https:\/\/algarve7.pt\/#organization"},"potentialAction":[{"@type":"SearchAction","target":{"@type":"EntryPoint","urlTemplate":"https:\/\/algarve7.pt\/?s={search_term_string}"},"query-input":{"@type":"PropertyValueSpecification","valueRequired":true,"valueName":"search_term_string"}}],"inLanguage":"pt-PT"},{"@type":"Organization","@id":"https:\/\/algarve7.pt\/#organization","name":"Algarve 7","url":"https:\/\/algarve7.pt\/","logo":{"@type":"ImageObject","inLanguage":"pt-PT","@id":"https:\/\/algarve7.pt\/#\/schema\/logo\/image\/","url":"https:\/\/algarve7.pt\/wp-content\/uploads\/2020\/10\/Logo-8.jpg","contentUrl":"https:\/\/algarve7.pt\/wp-content\/uploads\/2020\/10\/Logo-8.jpg","width":1680,"height":1186,"caption":"Algarve 7"},"image":{"@id":"https:\/\/algarve7.pt\/#\/schema\/logo\/image\/"},"sameAs":["https:\/\/www.facebook.com\/algarve7","https:\/\/x.com\/Algarvesete","https:\/\/www.instagram.com\/jornalalgarve7\/","https:\/\/www.linkedin.com\/company\/algarve7","https:\/\/www.pinterest.pt\/geral0939\/_created\/"]},{"@type":"Person","@id":"https:\/\/algarve7.pt\/#\/schema\/person\/23fa70681308e7b319a3204bcea45e0c","name":"Algarve 7","sameAs":["https:\/\/algarve7.pt","https:\/\/www.facebook.com\/algarve7"],"url":"https:\/\/algarve7.pt\/index.php\/author\/geralalgarve7-pt\/"}]}},"jetpack_publicize_connections":[],"jetpack_featured_media_url":"https:\/\/algarve7.pt\/wp-content\/uploads\/2020\/10\/faro5.jpg","jetpack_shortlink":"https:\/\/wp.me\/pcezmW-Td","jetpack_sharing_enabled":true,"_links":{"self":[{"href":"https:\/\/algarve7.pt\/index.php\/wp-json\/wp\/v2\/posts\/3423","targetHints":{"allow":["GET"]}}],"collection":[{"href":"https:\/\/algarve7.pt\/index.php\/wp-json\/wp\/v2\/posts"}],"about":[{"href":"https:\/\/algarve7.pt\/index.php\/wp-json\/wp\/v2\/types\/post"}],"author":[{"embeddable":true,"href":"https:\/\/algarve7.pt\/index.php\/wp-json\/wp\/v2\/users\/1"}],"replies":[{"embeddable":true,"href":"https:\/\/algarve7.pt\/index.php\/wp-json\/wp\/v2\/comments?post=3423"}],"version-history":[{"count":0,"href":"https:\/\/algarve7.pt\/index.php\/wp-json\/wp\/v2\/posts\/3423\/revisions"}],"wp:featuredmedia":[{"embeddable":true,"href":"https:\/\/algarve7.pt\/index.php\/wp-json\/wp\/v2\/media\/2429"}],"wp:attachment":[{"href":"https:\/\/algarve7.pt\/index.php\/wp-json\/wp\/v2\/media?parent=3423"}],"wp:term":[{"taxonomy":"category","embeddable":true,"href":"https:\/\/algarve7.pt\/index.php\/wp-json\/wp\/v2\/categories?post=3423"},{"taxonomy":"post_tag","embeddable":true,"href":"https:\/\/algarve7.pt\/index.php\/wp-json\/wp\/v2\/tags?post=3423"}],"curies":[{"name":"wp","href":"https:\/\/api.w.org\/{rel}","templated":true}]}}