{"id":33944,"date":"2023-12-14T11:00:00","date_gmt":"2023-12-14T11:00:00","guid":{"rendered":"https:\/\/algarve7.pt\/?p=33944"},"modified":"2023-12-13T19:02:30","modified_gmt":"2023-12-13T19:02:30","slug":"quatro-eventos-dao-a-loule-nomeacoes-para-os-iberian-festival-awards24","status":"publish","type":"post","link":"https:\/\/algarve7.pt\/index.php\/2023\/12\/quatro-eventos-dao-a-loule-nomeacoes-para-os-iberian-festival-awards24\/cultura\/11\/00\/","title":{"rendered":"Quatro eventos d\u00e3o a Loul\u00e9 nomea\u00e7\u00f5es para os Iberian Festival Awards\u201924"},"content":{"rendered":"\n<p>Mais uma vez o concelho de Loul\u00e9 volta a figurar nas nomea\u00e7\u00f5es dos Iberian Festival Awards. Nesta 8\u00aa edi\u00e7\u00e3o, ao Festival MED e Som Riscado \u2013 Festival de M\u00fasica e Imagem, juntam-se a Noite Branca Algarve \u2013 Loul\u00e9 e o Carnaval de Loul\u00e9 como eventos que est\u00e3o na lista de candidatos a estes galard\u00f5es, somando 21 nomea\u00e7\u00f5es.<\/p>\n\n\n\n<p>O Festival MED, totalista em termos de presen\u00e7a nestes pr\u00e9mios desde a primeira edi\u00e7\u00e3o, \u00e9 nomeado em 10 categorias, 9 delas as mesmas do \u00faltimo ano: Melhor Festival de M\u00e9dia Dimens\u00e3o, Melhor Promo\u00e7\u00e3o Tur\u00edstica, Melhor Programa Cultural, Melhor Comunica\u00e7\u00e3o e Estrat\u00e9gia de Marketing, Melhor Atua\u00e7\u00e3o (PT\/ES) com o concerto dos portugueses S\u00e9tima Legi\u00e3o, Melhor Atua\u00e7\u00e3o Internacional com o concerto dos malianos Amadou&amp;Mariam, Contributo para a Sustentabilidade, Contributo para a Igualdade e Melhor Festival Lus\u00f3fono e Hisp\u00e2nico. A novidade \u00e9 a integra\u00e7\u00e3o numa nova categoria, a Melhor Cobertura V\u00eddeo, com o trabalho realizado pela Digital+TV durante o MED.<\/p>\n\n\n\n<p>Esta \u00faltima \u00e9 tamb\u00e9m uma das categorias em que o Som Riscado \u2013 Festival de M\u00fasica e Imagem figura como nomeado, mas neste caso a cobertura do evento foi realizada por outra produtora algarvia, a Take 5 Produ\u00e7\u00f5es. Este festival, que teve lugar no passado m\u00eas de novembro, tem mais 8 nomea\u00e7\u00f5es: Melhor Festival de Pequena Dimens\u00e3o, Melhor Festival Indoor, Melhor Programa Cultural, Melhor Comunica\u00e7\u00e3o e Estrat\u00e9gia de Marketing, Melhor Atua\u00e7\u00e3o (PT\/ES) com o concerto dos The Gift, Melhor \u201cElectronic Act\u201d com o set de Stereossauro ft. Ana Magalh\u00e3es, Melhor Espa\u00e7o de Acolhimento (com o Cineteatro Louletano, apesar da realiza\u00e7\u00e3o de atividades incluir tamb\u00e9m outros espa\u00e7os da cidade) e Melhor Fotografia (M\u00e1rio Lino).<\/p>\n\n\n\n<p>Este ano, a Noite Branca Algarve &#8211; Loul\u00e9 e o Carnaval de Loul\u00e9 tamb\u00e9m fazem parte dos muitos eventos portugueses e espanh\u00f3is que concorrem a estres galard\u00f5es. Ambos integram a lista de nomeados para Melhor Festividade. No caso do Carnaval esta \u00e9 uma estreia.<\/p>\n\n\n\n<p>Os vencedores dos 8\u00bas Iberian Festival Awards ser\u00e3o conhecidos numa gala que ter\u00e1 lugar na noite de 15 de mar\u00e7o, na cidade espanhola de Granada. Mas ainda antes, a 30 de janeiro, \u00e9 anunciado o top 10 dos finalistas em cada uma das categorias, quer nas que s\u00e3o decididas pelo p\u00fablico, como aquelas que s\u00e3o eleitas pelo j\u00fari .<\/p>\n\n\n\n<p>As vota\u00e7\u00f5es decorrem at\u00e9 17 de janeiro em <a href=\"https:\/\/www.talkfest.eu\/nominees2024\" target=\"_blank\" rel=\"noreferrer noopener\">https:\/\/www.talkfest.eu\/nominees2024<\/a><\/p>\n\n\n\n<p>Os Iberian Festival Awards t\u00eam por objetivo reconhecer o melhor dos festivais da Pen\u00ednsula Ib\u00e9rica, nas suas diversas val\u00eancias, bem como os agentes que neles participam.<\/p>\n\n\n\n<p><strong><em>Sobre os nomeados<\/em><\/strong><\/p>\n\n\n\n<p>Festival MED<\/p>\n\n\n\n<p>O MED \u00e9 um festival de World Music que se afirma como uma refer\u00eancia europeia, com um conceito diferenciador e uma forte identidade que lhe permitiu alcan\u00e7ar elevados n\u00edveis de notoriedade internacional. Anualmente, no final do m\u00eas de junho, a Zona Hist\u00f3ria de Loul\u00e9 \u00e9 invadida por sonoridades de v\u00e1rios pontos do globo mas tamb\u00e9m por cores, sabores e cheiros que espelham a diversidade cultural que \u00e9 imagem de marca do evento. Para al\u00e9m de um alinhamento musical que traz a Portugal os melhores nomes da chamada ind\u00fastria das m\u00fasicas do mundo, este festival passa tamb\u00e9m por uma fus\u00e3o de manifesta\u00e7\u00f5es culturais que v\u00e3o desde a gastronomia \u00e0s artes pl\u00e1sticas, anima\u00e7\u00e3o de rua, artesanato, dan\u00e7a, teatro, cinema, poesia, workshops e muito mais, com um claro objetivo de divulgar a interculturalidade e de promover a uni\u00e3o dos povos e a toler\u00e2ncia.<\/p>\n\n\n\n<p>Festival Som Riscado<\/p>\n\n\n\n<p>Evento multidisciplinar, no Som Riscado a m\u00fasica, o som, a imagem, a experimenta\u00e7\u00e3o e a Cultura multiplicam-se e disseminam-se durante alguns dias por v\u00e1rios espa\u00e7os da cidade, incluindo, claro, a sala-m\u00e3e, o Cineteatro Louletano. A aposta nos concertos, performances, instala\u00e7\u00f5es sonoras interativas, <em>talks<\/em> e workshops fazem do Som Riscado um conceito \u00fanico a sul do pa\u00eds, com uma programa\u00e7\u00e3o arrojada e inovadora envolvendo, entre outras, a comunidade escolar. As encomendas provocam os artistas a sair das zonas de conforto e a criar pe\u00e7as culturais \u201cfora da caixa\u201d. Dos cruzamentos experimentais entre m\u00fasica e imagem at\u00e9 a novas abordagens explorat\u00f3rias \u00e0 arte sonora, muitos s\u00e3o os motivos para rumar a Loul\u00e9 nestes dias de descoberta.<\/p>\n\n\n\n<p>Noite Branca Algarve \u2013 Loul\u00e9<\/p>\n\n\n\n<p>Considerada como a festa oficial da despedida do ver\u00e3o algarvio, a Noite Branca Algarve, criada em 2007, desenrola-se numa \u00e1rea aproximada de 125.000 m2, no cora\u00e7\u00e3o de Loul\u00e9, e prop\u00f5e um programa cultural com momentos \u00fanicos. O branco \u00e9 obrigat\u00f3rio e transversal \u00e0s v\u00e1rias manifesta\u00e7\u00f5es que aqui t\u00eam lugar reservado, da m\u00fasica \u00e0 anima\u00e7\u00e3o de rua, da moda \u00e0 pintura, do novo circo \u00e0s artes pl\u00e1sticas.<\/p>\n\n\n\n<p>As ruas, ruelas e pracetas da cidade ganham uma nova vida, vestidas de branco e com uma surpresa a cada esquina, apresentando performances em que, por vezes, os visitantes s\u00e3o tamb\u00e9m protagonistas. Mais de uma centena de artistas de rua d\u00e3o alma e cor \u00e0 festa, entre malabaristas, cuspidores de fogo, homens-est\u00e1tua, palha\u00e7os, m\u00e1gicos, m\u00fasicos, ginastas ou bailarinos. A m\u00fasica <em>Chill Out<\/em> e eletr\u00f3nica acompanha toda a filosofia do evento e por todos os cantos deste centro urbano ecoam os sons de DJs e bandas.<\/p>\n\n\n\n<p>Os bares est\u00e3o abertos na rua e a rua ganha uma nova vida, criando-se espa\u00e7os inusitados em edif\u00edcios emblem\u00e1ticos.<\/p>\n\n\n\n<p>A aposta na dinamiza\u00e7\u00e3o do com\u00e9rcio \u00e9 um dos pontos fulcrais da Noite Branca. As lojas est\u00e3o abertas ao longo da noite, engalanadas de branco, com montras decoradas a rigor, e descontos nos seus produtos.<\/p>\n\n\n\n<p>Considerando que o fator surpresa \u00e9 uma das imagens de marca desta festa, a programa\u00e7\u00e3o integral s\u00f3 \u00e9 divulgada no dia do evento.<\/p>\n\n\n\n<p>Carnaval de Loul\u00e9<\/p>\n\n\n\n<p>Durante tr\u00eas dias, Loul\u00e9 recebe o mais antigo e famoso Carnaval de Portugal. Uma enorme parada constitu\u00edda por carros aleg\u00f3ricos, grupos de samba e de anima\u00e7\u00e3o, cabe\u00e7udos e gigantones desfilam na principal Avenida de cidade de Loul\u00e9, numa festa cheia de cor, m\u00fasica e alegria<em>.<\/em><\/p>\n\n\n\n<p>O Carnaval de Loul\u00e9 \u00e9, h\u00e1 largos anos, considerado como o maior cartaz tur\u00edstico da regi\u00e3o durante a chamada \u00e9poca baixa do turismo algarvio e constitui um fator dinamizador da economia da regi\u00e3o nesta altura do ano, com impacto bastante significativo na hotelaria, restaura\u00e7\u00e3o, com\u00e9rcio e noutros setores econ\u00f3micos.<\/p>\n\n\n\n<p>Anualmente s\u00e3o perto de 100 mil visitantes que, ao longo dos tr\u00eas dias, s\u00e3o esperados no \u201csamb\u00f3dromo louletano\u201d, vindos de v\u00e1rios pontos do pa\u00eds, e de outros pa\u00edses. Turistas espanh\u00f3is, brit\u00e2nicos, franceses, italianos, alem\u00e3es ou holandeses t\u00eam grande relev\u00e2ncia no n\u00famero de \u201centradas\u201d no recinto. S\u00e3o espetadores efusivos, aut\u00eanticos foli\u00f5es, curiosos por assistir a uma manifesta\u00e7\u00e3o e a sua presen\u00e7a contribuiu tamb\u00e9m para dar deste desfile aleg\u00f3rico<\/p>\n\n\n\n<p>A par do desfile dos carros aleg\u00f3ricos, a Autarquia organiza, em parceria com outras entidades, um programa de anima\u00e7\u00e3o durante a semana de Carnaval que contribuem tamb\u00e9m para atrair mais visitantes ao concelho. \u00c9 o caso do Torneio Internacional de Vela do Carnaval, que acontece em Vilamoura, promovido pelo CIMAV.<\/p>\n","protected":false},"excerpt":{"rendered":"<p>Mais uma vez o concelho de Loul\u00e9 volta a figurar nas nomea\u00e7\u00f5es dos Iberian Festival Awards. Nesta 8\u00aa edi\u00e7\u00e3o, ao<\/p>\n","protected":false},"author":1,"featured_media":33945,"comment_status":"closed","ping_status":"open","sticky":false,"template":"","format":"standard","meta":{"colormag_page_container_layout":"default_layout","colormag_page_sidebar_layout":"default_layout","_monsterinsights_skip_tracking":false,"_monsterinsights_sitenote_active":false,"_monsterinsights_sitenote_note":"","_monsterinsights_sitenote_category":0,"jetpack_post_was_ever_published":false,"_jetpack_newsletter_access":"","_jetpack_dont_email_post_to_subs":false,"_jetpack_newsletter_tier_id":0,"_jetpack_memberships_contains_paywalled_content":false,"_jetpack_memberships_contains_paid_content":false,"footnotes":"","jetpack_publicize_message":"","jetpack_publicize_feature_enabled":true,"jetpack_social_post_already_shared":true,"jetpack_social_options":{"image_generator_settings":{"template":"highway","default_image_id":0,"font":"","enabled":false},"version":2}},"categories":[14],"tags":[36,35,31],"class_list":["post-33944","post","type-post","status-publish","format-standard","has-post-thumbnail","hentry","category-cultura","tag-algarve","tag-cultura","tag-loule"],"yoast_head":"<!-- This site is optimized with the Yoast SEO plugin v27.5 - https:\/\/yoast.com\/product\/yoast-seo-wordpress\/ -->\n<title>Quatro eventos d\u00e3o a Loul\u00e9 nomea\u00e7\u00f5es para os Iberian Festival Awards\u201924 - Algarve 7<\/title>\n<meta name=\"description\" content=\"Quatro eventos d\u00e3o a Loul\u00e9 nomea\u00e7\u00f5es para os Iberian Festival Awards\u201924 Cultura\" \/>\n<meta name=\"robots\" content=\"index, follow, max-snippet:-1, max-image-preview:large, max-video-preview:-1\" \/>\n<link rel=\"canonical\" href=\"https:\/\/algarve7.pt\/index.php\/2023\/12\/quatro-eventos-dao-a-loule-nomeacoes-para-os-iberian-festival-awards24\/cultura\/11\/00\/\" \/>\n<meta property=\"og:locale\" content=\"pt_PT\" \/>\n<meta property=\"og:type\" content=\"article\" \/>\n<meta property=\"og:title\" content=\"Quatro eventos d\u00e3o a Loul\u00e9 nomea\u00e7\u00f5es para os Iberian Festival Awards\u201924 - Algarve 7\" \/>\n<meta property=\"og:description\" content=\"Quatro eventos d\u00e3o a Loul\u00e9 nomea\u00e7\u00f5es para os Iberian Festival Awards\u201924 Cultura\" \/>\n<meta property=\"og:url\" content=\"https:\/\/algarve7.pt\/index.php\/2023\/12\/quatro-eventos-dao-a-loule-nomeacoes-para-os-iberian-festival-awards24\/cultura\/11\/00\/\" \/>\n<meta property=\"og:site_name\" content=\"Algarve 7\" \/>\n<meta property=\"article:publisher\" content=\"https:\/\/www.facebook.com\/algarve7\" \/>\n<meta property=\"article:author\" content=\"https:\/\/www.facebook.com\/algarve7\" \/>\n<meta property=\"article:published_time\" content=\"2023-12-14T11:00:00+00:00\" \/>\n<meta property=\"og:image\" content=\"https:\/\/algarve7.pt\/wp-content\/uploads\/2023\/12\/Iberian-24.jpg\" \/>\n\t<meta property=\"og:image:width\" content=\"850\" \/>\n\t<meta property=\"og:image:height\" content=\"850\" \/>\n\t<meta property=\"og:image:type\" content=\"image\/jpeg\" \/>\n<meta name=\"author\" content=\"Algarve 7\" \/>\n<meta name=\"twitter:card\" content=\"summary_large_image\" \/>\n<meta name=\"twitter:creator\" content=\"@Algarvesete\" \/>\n<meta name=\"twitter:site\" content=\"@Algarvesete\" \/>\n<meta name=\"twitter:label1\" content=\"Escrito por\" \/>\n\t<meta name=\"twitter:data1\" content=\"Algarve 7\" \/>\n\t<meta name=\"twitter:label2\" content=\"Tempo estimado de leitura\" \/>\n\t<meta name=\"twitter:data2\" content=\"7 minutos\" \/>\n<script type=\"application\/ld+json\" class=\"yoast-schema-graph\">{\"@context\":\"https:\\\/\\\/schema.org\",\"@graph\":[{\"@type\":\"Article\",\"@id\":\"https:\\\/\\\/algarve7.pt\\\/index.php\\\/2023\\\/12\\\/quatro-eventos-dao-a-loule-nomeacoes-para-os-iberian-festival-awards24\\\/cultura\\\/11\\\/00\\\/#article\",\"isPartOf\":{\"@id\":\"https:\\\/\\\/algarve7.pt\\\/index.php\\\/2023\\\/12\\\/quatro-eventos-dao-a-loule-nomeacoes-para-os-iberian-festival-awards24\\\/cultura\\\/11\\\/00\\\/\"},\"author\":{\"name\":\"Algarve 7\",\"@id\":\"https:\\\/\\\/algarve7.pt\\\/#\\\/schema\\\/person\\\/23fa70681308e7b319a3204bcea45e0c\"},\"headline\":\"Quatro eventos d\u00e3o a Loul\u00e9 nomea\u00e7\u00f5es para os Iberian Festival Awards\u201924\",\"datePublished\":\"2023-12-14T11:00:00+00:00\",\"mainEntityOfPage\":{\"@id\":\"https:\\\/\\\/algarve7.pt\\\/index.php\\\/2023\\\/12\\\/quatro-eventos-dao-a-loule-nomeacoes-para-os-iberian-festival-awards24\\\/cultura\\\/11\\\/00\\\/\"},\"wordCount\":1245,\"publisher\":{\"@id\":\"https:\\\/\\\/algarve7.pt\\\/#organization\"},\"image\":{\"@id\":\"https:\\\/\\\/algarve7.pt\\\/index.php\\\/2023\\\/12\\\/quatro-eventos-dao-a-loule-nomeacoes-para-os-iberian-festival-awards24\\\/cultura\\\/11\\\/00\\\/#primaryimage\"},\"thumbnailUrl\":\"https:\\\/\\\/algarve7.pt\\\/wp-content\\\/uploads\\\/2023\\\/12\\\/Iberian-24.jpg\",\"keywords\":[\"Algarve\",\"Cultura\",\"Loul\u00e9\"],\"articleSection\":[\"Cultura\"],\"inLanguage\":\"pt-PT\"},{\"@type\":\"WebPage\",\"@id\":\"https:\\\/\\\/algarve7.pt\\\/index.php\\\/2023\\\/12\\\/quatro-eventos-dao-a-loule-nomeacoes-para-os-iberian-festival-awards24\\\/cultura\\\/11\\\/00\\\/\",\"url\":\"https:\\\/\\\/algarve7.pt\\\/index.php\\\/2023\\\/12\\\/quatro-eventos-dao-a-loule-nomeacoes-para-os-iberian-festival-awards24\\\/cultura\\\/11\\\/00\\\/\",\"name\":\"Quatro eventos d\u00e3o a Loul\u00e9 nomea\u00e7\u00f5es para os Iberian Festival Awards\u201924 - Algarve 7\",\"isPartOf\":{\"@id\":\"https:\\\/\\\/algarve7.pt\\\/#website\"},\"primaryImageOfPage\":{\"@id\":\"https:\\\/\\\/algarve7.pt\\\/index.php\\\/2023\\\/12\\\/quatro-eventos-dao-a-loule-nomeacoes-para-os-iberian-festival-awards24\\\/cultura\\\/11\\\/00\\\/#primaryimage\"},\"image\":{\"@id\":\"https:\\\/\\\/algarve7.pt\\\/index.php\\\/2023\\\/12\\\/quatro-eventos-dao-a-loule-nomeacoes-para-os-iberian-festival-awards24\\\/cultura\\\/11\\\/00\\\/#primaryimage\"},\"thumbnailUrl\":\"https:\\\/\\\/algarve7.pt\\\/wp-content\\\/uploads\\\/2023\\\/12\\\/Iberian-24.jpg\",\"datePublished\":\"2023-12-14T11:00:00+00:00\",\"description\":\"Quatro eventos d\u00e3o a Loul\u00e9 nomea\u00e7\u00f5es para os Iberian Festival Awards\u201924 Cultura\",\"breadcrumb\":{\"@id\":\"https:\\\/\\\/algarve7.pt\\\/index.php\\\/2023\\\/12\\\/quatro-eventos-dao-a-loule-nomeacoes-para-os-iberian-festival-awards24\\\/cultura\\\/11\\\/00\\\/#breadcrumb\"},\"inLanguage\":\"pt-PT\",\"potentialAction\":[{\"@type\":\"ReadAction\",\"target\":[\"https:\\\/\\\/algarve7.pt\\\/index.php\\\/2023\\\/12\\\/quatro-eventos-dao-a-loule-nomeacoes-para-os-iberian-festival-awards24\\\/cultura\\\/11\\\/00\\\/\"]}]},{\"@type\":\"ImageObject\",\"inLanguage\":\"pt-PT\",\"@id\":\"https:\\\/\\\/algarve7.pt\\\/index.php\\\/2023\\\/12\\\/quatro-eventos-dao-a-loule-nomeacoes-para-os-iberian-festival-awards24\\\/cultura\\\/11\\\/00\\\/#primaryimage\",\"url\":\"https:\\\/\\\/algarve7.pt\\\/wp-content\\\/uploads\\\/2023\\\/12\\\/Iberian-24.jpg\",\"contentUrl\":\"https:\\\/\\\/algarve7.pt\\\/wp-content\\\/uploads\\\/2023\\\/12\\\/Iberian-24.jpg\",\"width\":850,\"height\":850},{\"@type\":\"BreadcrumbList\",\"@id\":\"https:\\\/\\\/algarve7.pt\\\/index.php\\\/2023\\\/12\\\/quatro-eventos-dao-a-loule-nomeacoes-para-os-iberian-festival-awards24\\\/cultura\\\/11\\\/00\\\/#breadcrumb\",\"itemListElement\":[{\"@type\":\"ListItem\",\"position\":1,\"name\":\"In\u00edcio\",\"item\":\"https:\\\/\\\/algarve7.pt\\\/\"},{\"@type\":\"ListItem\",\"position\":2,\"name\":\"Quatro eventos d\u00e3o a Loul\u00e9 nomea\u00e7\u00f5es para os Iberian Festival Awards\u201924\"}]},{\"@type\":\"WebSite\",\"@id\":\"https:\\\/\\\/algarve7.pt\\\/#website\",\"url\":\"https:\\\/\\\/algarve7.pt\\\/\",\"name\":\"Algarve 7\",\"description\":\"Informa\u00e7\u00e3o sobre o Algarve\",\"publisher\":{\"@id\":\"https:\\\/\\\/algarve7.pt\\\/#organization\"},\"potentialAction\":[{\"@type\":\"SearchAction\",\"target\":{\"@type\":\"EntryPoint\",\"urlTemplate\":\"https:\\\/\\\/algarve7.pt\\\/?s={search_term_string}\"},\"query-input\":{\"@type\":\"PropertyValueSpecification\",\"valueRequired\":true,\"valueName\":\"search_term_string\"}}],\"inLanguage\":\"pt-PT\"},{\"@type\":\"Organization\",\"@id\":\"https:\\\/\\\/algarve7.pt\\\/#organization\",\"name\":\"Algarve 7\",\"url\":\"https:\\\/\\\/algarve7.pt\\\/\",\"logo\":{\"@type\":\"ImageObject\",\"inLanguage\":\"pt-PT\",\"@id\":\"https:\\\/\\\/algarve7.pt\\\/#\\\/schema\\\/logo\\\/image\\\/\",\"url\":\"https:\\\/\\\/algarve7.pt\\\/wp-content\\\/uploads\\\/2020\\\/10\\\/Logo-8.jpg\",\"contentUrl\":\"https:\\\/\\\/algarve7.pt\\\/wp-content\\\/uploads\\\/2020\\\/10\\\/Logo-8.jpg\",\"width\":1680,\"height\":1186,\"caption\":\"Algarve 7\"},\"image\":{\"@id\":\"https:\\\/\\\/algarve7.pt\\\/#\\\/schema\\\/logo\\\/image\\\/\"},\"sameAs\":[\"https:\\\/\\\/www.facebook.com\\\/algarve7\",\"https:\\\/\\\/x.com\\\/Algarvesete\",\"https:\\\/\\\/www.instagram.com\\\/jornalalgarve7\\\/\",\"https:\\\/\\\/www.linkedin.com\\\/company\\\/algarve7\",\"https:\\\/\\\/www.pinterest.pt\\\/geral0939\\\/_created\\\/\"]},{\"@type\":\"Person\",\"@id\":\"https:\\\/\\\/algarve7.pt\\\/#\\\/schema\\\/person\\\/23fa70681308e7b319a3204bcea45e0c\",\"name\":\"Algarve 7\",\"sameAs\":[\"https:\\\/\\\/algarve7.pt\",\"https:\\\/\\\/www.facebook.com\\\/algarve7\"],\"url\":\"https:\\\/\\\/algarve7.pt\\\/index.php\\\/author\\\/geralalgarve7-pt\\\/\"}]}<\/script>\n<!-- \/ Yoast SEO plugin. -->","yoast_head_json":{"title":"Quatro eventos d\u00e3o a Loul\u00e9 nomea\u00e7\u00f5es para os Iberian Festival Awards\u201924 - Algarve 7","description":"Quatro eventos d\u00e3o a Loul\u00e9 nomea\u00e7\u00f5es para os Iberian Festival Awards\u201924 Cultura","robots":{"index":"index","follow":"follow","max-snippet":"max-snippet:-1","max-image-preview":"max-image-preview:large","max-video-preview":"max-video-preview:-1"},"canonical":"https:\/\/algarve7.pt\/index.php\/2023\/12\/quatro-eventos-dao-a-loule-nomeacoes-para-os-iberian-festival-awards24\/cultura\/11\/00\/","og_locale":"pt_PT","og_type":"article","og_title":"Quatro eventos d\u00e3o a Loul\u00e9 nomea\u00e7\u00f5es para os Iberian Festival Awards\u201924 - Algarve 7","og_description":"Quatro eventos d\u00e3o a Loul\u00e9 nomea\u00e7\u00f5es para os Iberian Festival Awards\u201924 Cultura","og_url":"https:\/\/algarve7.pt\/index.php\/2023\/12\/quatro-eventos-dao-a-loule-nomeacoes-para-os-iberian-festival-awards24\/cultura\/11\/00\/","og_site_name":"Algarve 7","article_publisher":"https:\/\/www.facebook.com\/algarve7","article_author":"https:\/\/www.facebook.com\/algarve7","article_published_time":"2023-12-14T11:00:00+00:00","og_image":[{"width":850,"height":850,"url":"https:\/\/algarve7.pt\/wp-content\/uploads\/2023\/12\/Iberian-24.jpg","type":"image\/jpeg"}],"author":"Algarve 7","twitter_card":"summary_large_image","twitter_creator":"@Algarvesete","twitter_site":"@Algarvesete","twitter_misc":{"Escrito por":"Algarve 7","Tempo estimado de leitura":"7 minutos"},"schema":{"@context":"https:\/\/schema.org","@graph":[{"@type":"Article","@id":"https:\/\/algarve7.pt\/index.php\/2023\/12\/quatro-eventos-dao-a-loule-nomeacoes-para-os-iberian-festival-awards24\/cultura\/11\/00\/#article","isPartOf":{"@id":"https:\/\/algarve7.pt\/index.php\/2023\/12\/quatro-eventos-dao-a-loule-nomeacoes-para-os-iberian-festival-awards24\/cultura\/11\/00\/"},"author":{"name":"Algarve 7","@id":"https:\/\/algarve7.pt\/#\/schema\/person\/23fa70681308e7b319a3204bcea45e0c"},"headline":"Quatro eventos d\u00e3o a Loul\u00e9 nomea\u00e7\u00f5es para os Iberian Festival Awards\u201924","datePublished":"2023-12-14T11:00:00+00:00","mainEntityOfPage":{"@id":"https:\/\/algarve7.pt\/index.php\/2023\/12\/quatro-eventos-dao-a-loule-nomeacoes-para-os-iberian-festival-awards24\/cultura\/11\/00\/"},"wordCount":1245,"publisher":{"@id":"https:\/\/algarve7.pt\/#organization"},"image":{"@id":"https:\/\/algarve7.pt\/index.php\/2023\/12\/quatro-eventos-dao-a-loule-nomeacoes-para-os-iberian-festival-awards24\/cultura\/11\/00\/#primaryimage"},"thumbnailUrl":"https:\/\/algarve7.pt\/wp-content\/uploads\/2023\/12\/Iberian-24.jpg","keywords":["Algarve","Cultura","Loul\u00e9"],"articleSection":["Cultura"],"inLanguage":"pt-PT"},{"@type":"WebPage","@id":"https:\/\/algarve7.pt\/index.php\/2023\/12\/quatro-eventos-dao-a-loule-nomeacoes-para-os-iberian-festival-awards24\/cultura\/11\/00\/","url":"https:\/\/algarve7.pt\/index.php\/2023\/12\/quatro-eventos-dao-a-loule-nomeacoes-para-os-iberian-festival-awards24\/cultura\/11\/00\/","name":"Quatro eventos d\u00e3o a Loul\u00e9 nomea\u00e7\u00f5es para os Iberian Festival Awards\u201924 - Algarve 7","isPartOf":{"@id":"https:\/\/algarve7.pt\/#website"},"primaryImageOfPage":{"@id":"https:\/\/algarve7.pt\/index.php\/2023\/12\/quatro-eventos-dao-a-loule-nomeacoes-para-os-iberian-festival-awards24\/cultura\/11\/00\/#primaryimage"},"image":{"@id":"https:\/\/algarve7.pt\/index.php\/2023\/12\/quatro-eventos-dao-a-loule-nomeacoes-para-os-iberian-festival-awards24\/cultura\/11\/00\/#primaryimage"},"thumbnailUrl":"https:\/\/algarve7.pt\/wp-content\/uploads\/2023\/12\/Iberian-24.jpg","datePublished":"2023-12-14T11:00:00+00:00","description":"Quatro eventos d\u00e3o a Loul\u00e9 nomea\u00e7\u00f5es para os Iberian Festival Awards\u201924 Cultura","breadcrumb":{"@id":"https:\/\/algarve7.pt\/index.php\/2023\/12\/quatro-eventos-dao-a-loule-nomeacoes-para-os-iberian-festival-awards24\/cultura\/11\/00\/#breadcrumb"},"inLanguage":"pt-PT","potentialAction":[{"@type":"ReadAction","target":["https:\/\/algarve7.pt\/index.php\/2023\/12\/quatro-eventos-dao-a-loule-nomeacoes-para-os-iberian-festival-awards24\/cultura\/11\/00\/"]}]},{"@type":"ImageObject","inLanguage":"pt-PT","@id":"https:\/\/algarve7.pt\/index.php\/2023\/12\/quatro-eventos-dao-a-loule-nomeacoes-para-os-iberian-festival-awards24\/cultura\/11\/00\/#primaryimage","url":"https:\/\/algarve7.pt\/wp-content\/uploads\/2023\/12\/Iberian-24.jpg","contentUrl":"https:\/\/algarve7.pt\/wp-content\/uploads\/2023\/12\/Iberian-24.jpg","width":850,"height":850},{"@type":"BreadcrumbList","@id":"https:\/\/algarve7.pt\/index.php\/2023\/12\/quatro-eventos-dao-a-loule-nomeacoes-para-os-iberian-festival-awards24\/cultura\/11\/00\/#breadcrumb","itemListElement":[{"@type":"ListItem","position":1,"name":"In\u00edcio","item":"https:\/\/algarve7.pt\/"},{"@type":"ListItem","position":2,"name":"Quatro eventos d\u00e3o a Loul\u00e9 nomea\u00e7\u00f5es para os Iberian Festival Awards\u201924"}]},{"@type":"WebSite","@id":"https:\/\/algarve7.pt\/#website","url":"https:\/\/algarve7.pt\/","name":"Algarve 7","description":"Informa\u00e7\u00e3o sobre o Algarve","publisher":{"@id":"https:\/\/algarve7.pt\/#organization"},"potentialAction":[{"@type":"SearchAction","target":{"@type":"EntryPoint","urlTemplate":"https:\/\/algarve7.pt\/?s={search_term_string}"},"query-input":{"@type":"PropertyValueSpecification","valueRequired":true,"valueName":"search_term_string"}}],"inLanguage":"pt-PT"},{"@type":"Organization","@id":"https:\/\/algarve7.pt\/#organization","name":"Algarve 7","url":"https:\/\/algarve7.pt\/","logo":{"@type":"ImageObject","inLanguage":"pt-PT","@id":"https:\/\/algarve7.pt\/#\/schema\/logo\/image\/","url":"https:\/\/algarve7.pt\/wp-content\/uploads\/2020\/10\/Logo-8.jpg","contentUrl":"https:\/\/algarve7.pt\/wp-content\/uploads\/2020\/10\/Logo-8.jpg","width":1680,"height":1186,"caption":"Algarve 7"},"image":{"@id":"https:\/\/algarve7.pt\/#\/schema\/logo\/image\/"},"sameAs":["https:\/\/www.facebook.com\/algarve7","https:\/\/x.com\/Algarvesete","https:\/\/www.instagram.com\/jornalalgarve7\/","https:\/\/www.linkedin.com\/company\/algarve7","https:\/\/www.pinterest.pt\/geral0939\/_created\/"]},{"@type":"Person","@id":"https:\/\/algarve7.pt\/#\/schema\/person\/23fa70681308e7b319a3204bcea45e0c","name":"Algarve 7","sameAs":["https:\/\/algarve7.pt","https:\/\/www.facebook.com\/algarve7"],"url":"https:\/\/algarve7.pt\/index.php\/author\/geralalgarve7-pt\/"}]}},"jetpack_publicize_connections":[],"jetpack_featured_media_url":"https:\/\/algarve7.pt\/wp-content\/uploads\/2023\/12\/Iberian-24.jpg","jetpack_shortlink":"https:\/\/wp.me\/pcezmW-8Pu","jetpack_sharing_enabled":true,"_links":{"self":[{"href":"https:\/\/algarve7.pt\/index.php\/wp-json\/wp\/v2\/posts\/33944","targetHints":{"allow":["GET"]}}],"collection":[{"href":"https:\/\/algarve7.pt\/index.php\/wp-json\/wp\/v2\/posts"}],"about":[{"href":"https:\/\/algarve7.pt\/index.php\/wp-json\/wp\/v2\/types\/post"}],"author":[{"embeddable":true,"href":"https:\/\/algarve7.pt\/index.php\/wp-json\/wp\/v2\/users\/1"}],"replies":[{"embeddable":true,"href":"https:\/\/algarve7.pt\/index.php\/wp-json\/wp\/v2\/comments?post=33944"}],"version-history":[{"count":0,"href":"https:\/\/algarve7.pt\/index.php\/wp-json\/wp\/v2\/posts\/33944\/revisions"}],"wp:featuredmedia":[{"embeddable":true,"href":"https:\/\/algarve7.pt\/index.php\/wp-json\/wp\/v2\/media\/33945"}],"wp:attachment":[{"href":"https:\/\/algarve7.pt\/index.php\/wp-json\/wp\/v2\/media?parent=33944"}],"wp:term":[{"taxonomy":"category","embeddable":true,"href":"https:\/\/algarve7.pt\/index.php\/wp-json\/wp\/v2\/categories?post=33944"},{"taxonomy":"post_tag","embeddable":true,"href":"https:\/\/algarve7.pt\/index.php\/wp-json\/wp\/v2\/tags?post=33944"}],"curies":[{"name":"wp","href":"https:\/\/api.w.org\/{rel}","templated":true}]}}