{"id":33891,"date":"2023-12-12T19:32:14","date_gmt":"2023-12-12T19:32:14","guid":{"rendered":"https:\/\/algarve7.pt\/index.php\/2023\/12\/12\/universidade-do-algarve-lanca-livro-dedicado-a-historia-dos-alimentos\/19\/32\/cultura"},"modified":"2023-12-12T19:32:14","modified_gmt":"2023-12-12T19:32:14","slug":"universidade-do-algarve-lanca-livro-dedicado-a-historia-dos-alimentos","status":"publish","type":"post","link":"https:\/\/algarve7.pt\/index.php\/2023\/12\/universidade-do-algarve-lanca-livro-dedicado-a-historia-dos-alimentos\/cultura\/19\/32\/","title":{"rendered":"Universidade do Algarve lan\u00e7a livro dedicado \u00e0 hist\u00f3ria dos alimentos"},"content":{"rendered":"\n<p><strong>No \u00e2mbito da Comemora\u00e7\u00e3o dos 10 anos do reconhecimento da Dieta Mediterr\u00e2nica como Patrim\u00f3nio Cultural Imaterial da Humanidade, a Universidade do Algarve, em parceria com a CCDR Algarve, lan\u00e7a o livro \u00abAlimentos com hist\u00f3ria: Hist\u00f3rias de alimentos\u00bb.<\/strong><\/p>\n\n\n\n<p>Este livro \u00e9 gratuito e tem como principal objetivo transmitir os principais conhecimentos, compet\u00eancias e valores fundamentais \u00e0 preserva\u00e7\u00e3o da Dieta Mediterr\u00e2nica, abordando a hist\u00f3ria de alguns dos principais alimentos do mediterr\u00e2neo, como:&nbsp; azeite, azeitonas, uvas, queijo fresco, enchidos, pescado, garum, ervas arom\u00e1ticas e as bebidas destiladas.&nbsp;<\/p>\n\n\n\n<p>Elaborado por diferentes autores (Ana L\u00facia Cruz, C\u00e9lia Quintas, Eduardo Esteves, Gil Fraqueza, Isabel Rat\u00e3o, Jaime An\u00edbal, Jessie Melo, Jorge Pereira, Jos\u00e9 Jesus, Ludovina Galego, Lu\u00eds Patarata, Margarida Vieira, Patr\u00edcia Nunes, Paula Pires-Cabral, Rui Cruz e Teresa Mato), \u00e9 poss\u00edvel revisitar diferentes pr\u00e1ticas ancestrais, assim como a evolu\u00e7\u00e3o das t\u00e9cnicas do processamento destes alimentos, desde a sua transforma\u00e7\u00e3o \u00e0 conserva\u00e7\u00e3o e armazenamento.<\/p>\n\n\n\n<p>Este livro foi cofinanciado com o projeto \u00abO Algarve na Dieta Mediterr\u00e2nica\u00bb, uma opera\u00e7\u00e3o enquadrada no Aviso de Abertura do Concurso ALG-14-2016-08 do Programa Operacional Regional do Algarve 2014-2020 (CRESC ALGARVE 2020), na Tipologia de Interven\u00e7\u00e3o 6.14 \u2013 Patrim\u00f3nio natural e cultural.<\/p>\n","protected":false},"excerpt":{"rendered":"<p>No \u00e2mbito da Comemora\u00e7\u00e3o dos 10 anos do reconhecimento da Dieta Mediterr\u00e2nica como Patrim\u00f3nio Cultural Imaterial da Humanidade, a Universidade<\/p>\n","protected":false},"author":1,"featured_media":33890,"comment_status":"open","ping_status":"open","sticky":false,"template":"","format":"standard","meta":{"colormag_page_container_layout":"default_layout","colormag_page_sidebar_layout":"default_layout","_monsterinsights_skip_tracking":false,"_monsterinsights_sitenote_active":false,"_monsterinsights_sitenote_note":"","_monsterinsights_sitenote_category":0,"jetpack_post_was_ever_published":false,"_jetpack_newsletter_access":"","_jetpack_dont_email_post_to_subs":false,"_jetpack_newsletter_tier_id":0,"_jetpack_memberships_contains_paywalled_content":false,"_jetpack_memberships_contains_paid_content":false,"footnotes":"","jetpack_publicize_message":"","jetpack_publicize_feature_enabled":true,"jetpack_social_post_already_shared":true,"jetpack_social_options":{"image_generator_settings":{"template":"highway","default_image_id":0,"font":"","enabled":false},"version":2}},"categories":[14],"tags":[36,35,182],"class_list":["post-33891","post","type-post","status-publish","format-standard","has-post-thumbnail","hentry","category-cultura","tag-algarve","tag-cultura","tag-ualg"],"yoast_head":"<!-- This site is optimized with the Yoast SEO plugin v27.5 - https:\/\/yoast.com\/product\/yoast-seo-wordpress\/ -->\n<title>Universidade do Algarve lan\u00e7a livro dedicado \u00e0 hist\u00f3ria dos alimentos - Algarve 7<\/title>\n<meta name=\"description\" content=\"Universidade do Algarve lan\u00e7a livro dedicado \u00e0 hist\u00f3ria dos alimentos\" \/>\n<meta name=\"robots\" content=\"index, follow, max-snippet:-1, max-image-preview:large, max-video-preview:-1\" \/>\n<link rel=\"canonical\" href=\"https:\/\/algarve7.pt\/index.php\/2023\/12\/universidade-do-algarve-lanca-livro-dedicado-a-historia-dos-alimentos\/cultura\/19\/32\/\" \/>\n<meta property=\"og:locale\" content=\"pt_PT\" \/>\n<meta property=\"og:type\" content=\"article\" \/>\n<meta property=\"og:title\" content=\"Universidade do Algarve lan\u00e7a livro dedicado \u00e0 hist\u00f3ria dos alimentos - Algarve 7\" \/>\n<meta property=\"og:description\" content=\"Universidade do Algarve lan\u00e7a livro dedicado \u00e0 hist\u00f3ria dos alimentos\" \/>\n<meta property=\"og:url\" content=\"https:\/\/algarve7.pt\/index.php\/2023\/12\/universidade-do-algarve-lanca-livro-dedicado-a-historia-dos-alimentos\/cultura\/19\/32\/\" \/>\n<meta property=\"og:site_name\" content=\"Algarve 7\" \/>\n<meta property=\"article:publisher\" content=\"https:\/\/www.facebook.com\/algarve7\" \/>\n<meta property=\"article:author\" content=\"https:\/\/www.facebook.com\/algarve7\" \/>\n<meta property=\"article:published_time\" content=\"2023-12-12T19:32:14+00:00\" \/>\n<meta property=\"og:image\" content=\"https:\/\/algarve7.pt\/wp-content\/uploads\/2023\/12\/primage_71503-1.png\" \/>\n\t<meta property=\"og:image:width\" content=\"1238\" \/>\n\t<meta property=\"og:image:height\" content=\"832\" \/>\n\t<meta property=\"og:image:type\" content=\"image\/png\" \/>\n<meta name=\"author\" content=\"Algarve 7\" \/>\n<meta name=\"twitter:card\" content=\"summary_large_image\" \/>\n<meta name=\"twitter:creator\" content=\"@Algarvesete\" \/>\n<meta name=\"twitter:site\" content=\"@Algarvesete\" \/>\n<meta name=\"twitter:label1\" content=\"Escrito por\" \/>\n\t<meta name=\"twitter:data1\" content=\"Algarve 7\" \/>\n\t<meta name=\"twitter:label2\" content=\"Tempo estimado de leitura\" \/>\n\t<meta name=\"twitter:data2\" content=\"1 minuto\" \/>\n<script type=\"application\/ld+json\" class=\"yoast-schema-graph\">{\"@context\":\"https:\\\/\\\/schema.org\",\"@graph\":[{\"@type\":\"Article\",\"@id\":\"https:\\\/\\\/algarve7.pt\\\/index.php\\\/2023\\\/12\\\/universidade-do-algarve-lanca-livro-dedicado-a-historia-dos-alimentos\\\/cultura\\\/19\\\/32\\\/#article\",\"isPartOf\":{\"@id\":\"https:\\\/\\\/algarve7.pt\\\/index.php\\\/2023\\\/12\\\/universidade-do-algarve-lanca-livro-dedicado-a-historia-dos-alimentos\\\/cultura\\\/19\\\/32\\\/\"},\"author\":{\"name\":\"Algarve 7\",\"@id\":\"https:\\\/\\\/algarve7.pt\\\/#\\\/schema\\\/person\\\/23fa70681308e7b319a3204bcea45e0c\"},\"headline\":\"Universidade do Algarve lan\u00e7a livro dedicado \u00e0 hist\u00f3ria dos alimentos\",\"datePublished\":\"2023-12-12T19:32:14+00:00\",\"mainEntityOfPage\":{\"@id\":\"https:\\\/\\\/algarve7.pt\\\/index.php\\\/2023\\\/12\\\/universidade-do-algarve-lanca-livro-dedicado-a-historia-dos-alimentos\\\/cultura\\\/19\\\/32\\\/\"},\"wordCount\":223,\"commentCount\":0,\"publisher\":{\"@id\":\"https:\\\/\\\/algarve7.pt\\\/#organization\"},\"image\":{\"@id\":\"https:\\\/\\\/algarve7.pt\\\/index.php\\\/2023\\\/12\\\/universidade-do-algarve-lanca-livro-dedicado-a-historia-dos-alimentos\\\/cultura\\\/19\\\/32\\\/#primaryimage\"},\"thumbnailUrl\":\"https:\\\/\\\/algarve7.pt\\\/wp-content\\\/uploads\\\/2023\\\/12\\\/primage_71503-1.png\",\"keywords\":[\"Algarve\",\"Cultura\",\"UALG\"],\"articleSection\":[\"Cultura\"],\"inLanguage\":\"pt-PT\",\"potentialAction\":[{\"@type\":\"CommentAction\",\"name\":\"Comment\",\"target\":[\"https:\\\/\\\/algarve7.pt\\\/index.php\\\/2023\\\/12\\\/universidade-do-algarve-lanca-livro-dedicado-a-historia-dos-alimentos\\\/cultura\\\/19\\\/32\\\/#respond\"]}]},{\"@type\":\"WebPage\",\"@id\":\"https:\\\/\\\/algarve7.pt\\\/index.php\\\/2023\\\/12\\\/universidade-do-algarve-lanca-livro-dedicado-a-historia-dos-alimentos\\\/cultura\\\/19\\\/32\\\/\",\"url\":\"https:\\\/\\\/algarve7.pt\\\/index.php\\\/2023\\\/12\\\/universidade-do-algarve-lanca-livro-dedicado-a-historia-dos-alimentos\\\/cultura\\\/19\\\/32\\\/\",\"name\":\"Universidade do Algarve lan\u00e7a livro dedicado \u00e0 hist\u00f3ria dos alimentos - Algarve 7\",\"isPartOf\":{\"@id\":\"https:\\\/\\\/algarve7.pt\\\/#website\"},\"primaryImageOfPage\":{\"@id\":\"https:\\\/\\\/algarve7.pt\\\/index.php\\\/2023\\\/12\\\/universidade-do-algarve-lanca-livro-dedicado-a-historia-dos-alimentos\\\/cultura\\\/19\\\/32\\\/#primaryimage\"},\"image\":{\"@id\":\"https:\\\/\\\/algarve7.pt\\\/index.php\\\/2023\\\/12\\\/universidade-do-algarve-lanca-livro-dedicado-a-historia-dos-alimentos\\\/cultura\\\/19\\\/32\\\/#primaryimage\"},\"thumbnailUrl\":\"https:\\\/\\\/algarve7.pt\\\/wp-content\\\/uploads\\\/2023\\\/12\\\/primage_71503-1.png\",\"datePublished\":\"2023-12-12T19:32:14+00:00\",\"description\":\"Universidade do Algarve lan\u00e7a livro dedicado \u00e0 hist\u00f3ria dos alimentos\",\"breadcrumb\":{\"@id\":\"https:\\\/\\\/algarve7.pt\\\/index.php\\\/2023\\\/12\\\/universidade-do-algarve-lanca-livro-dedicado-a-historia-dos-alimentos\\\/cultura\\\/19\\\/32\\\/#breadcrumb\"},\"inLanguage\":\"pt-PT\",\"potentialAction\":[{\"@type\":\"ReadAction\",\"target\":[\"https:\\\/\\\/algarve7.pt\\\/index.php\\\/2023\\\/12\\\/universidade-do-algarve-lanca-livro-dedicado-a-historia-dos-alimentos\\\/cultura\\\/19\\\/32\\\/\"]}]},{\"@type\":\"ImageObject\",\"inLanguage\":\"pt-PT\",\"@id\":\"https:\\\/\\\/algarve7.pt\\\/index.php\\\/2023\\\/12\\\/universidade-do-algarve-lanca-livro-dedicado-a-historia-dos-alimentos\\\/cultura\\\/19\\\/32\\\/#primaryimage\",\"url\":\"https:\\\/\\\/algarve7.pt\\\/wp-content\\\/uploads\\\/2023\\\/12\\\/primage_71503-1.png\",\"contentUrl\":\"https:\\\/\\\/algarve7.pt\\\/wp-content\\\/uploads\\\/2023\\\/12\\\/primage_71503-1.png\",\"width\":1238,\"height\":832},{\"@type\":\"BreadcrumbList\",\"@id\":\"https:\\\/\\\/algarve7.pt\\\/index.php\\\/2023\\\/12\\\/universidade-do-algarve-lanca-livro-dedicado-a-historia-dos-alimentos\\\/cultura\\\/19\\\/32\\\/#breadcrumb\",\"itemListElement\":[{\"@type\":\"ListItem\",\"position\":1,\"name\":\"In\u00edcio\",\"item\":\"https:\\\/\\\/algarve7.pt\\\/\"},{\"@type\":\"ListItem\",\"position\":2,\"name\":\"Universidade do Algarve lan\u00e7a livro dedicado \u00e0 hist\u00f3ria dos alimentos\"}]},{\"@type\":\"WebSite\",\"@id\":\"https:\\\/\\\/algarve7.pt\\\/#website\",\"url\":\"https:\\\/\\\/algarve7.pt\\\/\",\"name\":\"Algarve 7\",\"description\":\"Informa\u00e7\u00e3o sobre o Algarve\",\"publisher\":{\"@id\":\"https:\\\/\\\/algarve7.pt\\\/#organization\"},\"potentialAction\":[{\"@type\":\"SearchAction\",\"target\":{\"@type\":\"EntryPoint\",\"urlTemplate\":\"https:\\\/\\\/algarve7.pt\\\/?s={search_term_string}\"},\"query-input\":{\"@type\":\"PropertyValueSpecification\",\"valueRequired\":true,\"valueName\":\"search_term_string\"}}],\"inLanguage\":\"pt-PT\"},{\"@type\":\"Organization\",\"@id\":\"https:\\\/\\\/algarve7.pt\\\/#organization\",\"name\":\"Algarve 7\",\"url\":\"https:\\\/\\\/algarve7.pt\\\/\",\"logo\":{\"@type\":\"ImageObject\",\"inLanguage\":\"pt-PT\",\"@id\":\"https:\\\/\\\/algarve7.pt\\\/#\\\/schema\\\/logo\\\/image\\\/\",\"url\":\"https:\\\/\\\/algarve7.pt\\\/wp-content\\\/uploads\\\/2020\\\/10\\\/Logo-8.jpg\",\"contentUrl\":\"https:\\\/\\\/algarve7.pt\\\/wp-content\\\/uploads\\\/2020\\\/10\\\/Logo-8.jpg\",\"width\":1680,\"height\":1186,\"caption\":\"Algarve 7\"},\"image\":{\"@id\":\"https:\\\/\\\/algarve7.pt\\\/#\\\/schema\\\/logo\\\/image\\\/\"},\"sameAs\":[\"https:\\\/\\\/www.facebook.com\\\/algarve7\",\"https:\\\/\\\/x.com\\\/Algarvesete\",\"https:\\\/\\\/www.instagram.com\\\/jornalalgarve7\\\/\",\"https:\\\/\\\/www.linkedin.com\\\/company\\\/algarve7\",\"https:\\\/\\\/www.pinterest.pt\\\/geral0939\\\/_created\\\/\"]},{\"@type\":\"Person\",\"@id\":\"https:\\\/\\\/algarve7.pt\\\/#\\\/schema\\\/person\\\/23fa70681308e7b319a3204bcea45e0c\",\"name\":\"Algarve 7\",\"sameAs\":[\"https:\\\/\\\/algarve7.pt\",\"https:\\\/\\\/www.facebook.com\\\/algarve7\"],\"url\":\"https:\\\/\\\/algarve7.pt\\\/index.php\\\/author\\\/geralalgarve7-pt\\\/\"}]}<\/script>\n<!-- \/ Yoast SEO plugin. -->","yoast_head_json":{"title":"Universidade do Algarve lan\u00e7a livro dedicado \u00e0 hist\u00f3ria dos alimentos - Algarve 7","description":"Universidade do Algarve lan\u00e7a livro dedicado \u00e0 hist\u00f3ria dos alimentos","robots":{"index":"index","follow":"follow","max-snippet":"max-snippet:-1","max-image-preview":"max-image-preview:large","max-video-preview":"max-video-preview:-1"},"canonical":"https:\/\/algarve7.pt\/index.php\/2023\/12\/universidade-do-algarve-lanca-livro-dedicado-a-historia-dos-alimentos\/cultura\/19\/32\/","og_locale":"pt_PT","og_type":"article","og_title":"Universidade do Algarve lan\u00e7a livro dedicado \u00e0 hist\u00f3ria dos alimentos - Algarve 7","og_description":"Universidade do Algarve lan\u00e7a livro dedicado \u00e0 hist\u00f3ria dos alimentos","og_url":"https:\/\/algarve7.pt\/index.php\/2023\/12\/universidade-do-algarve-lanca-livro-dedicado-a-historia-dos-alimentos\/cultura\/19\/32\/","og_site_name":"Algarve 7","article_publisher":"https:\/\/www.facebook.com\/algarve7","article_author":"https:\/\/www.facebook.com\/algarve7","article_published_time":"2023-12-12T19:32:14+00:00","og_image":[{"width":1238,"height":832,"url":"https:\/\/algarve7.pt\/wp-content\/uploads\/2023\/12\/primage_71503-1.png","type":"image\/png"}],"author":"Algarve 7","twitter_card":"summary_large_image","twitter_creator":"@Algarvesete","twitter_site":"@Algarvesete","twitter_misc":{"Escrito por":"Algarve 7","Tempo estimado de leitura":"1 minuto"},"schema":{"@context":"https:\/\/schema.org","@graph":[{"@type":"Article","@id":"https:\/\/algarve7.pt\/index.php\/2023\/12\/universidade-do-algarve-lanca-livro-dedicado-a-historia-dos-alimentos\/cultura\/19\/32\/#article","isPartOf":{"@id":"https:\/\/algarve7.pt\/index.php\/2023\/12\/universidade-do-algarve-lanca-livro-dedicado-a-historia-dos-alimentos\/cultura\/19\/32\/"},"author":{"name":"Algarve 7","@id":"https:\/\/algarve7.pt\/#\/schema\/person\/23fa70681308e7b319a3204bcea45e0c"},"headline":"Universidade do Algarve lan\u00e7a livro dedicado \u00e0 hist\u00f3ria dos alimentos","datePublished":"2023-12-12T19:32:14+00:00","mainEntityOfPage":{"@id":"https:\/\/algarve7.pt\/index.php\/2023\/12\/universidade-do-algarve-lanca-livro-dedicado-a-historia-dos-alimentos\/cultura\/19\/32\/"},"wordCount":223,"commentCount":0,"publisher":{"@id":"https:\/\/algarve7.pt\/#organization"},"image":{"@id":"https:\/\/algarve7.pt\/index.php\/2023\/12\/universidade-do-algarve-lanca-livro-dedicado-a-historia-dos-alimentos\/cultura\/19\/32\/#primaryimage"},"thumbnailUrl":"https:\/\/algarve7.pt\/wp-content\/uploads\/2023\/12\/primage_71503-1.png","keywords":["Algarve","Cultura","UALG"],"articleSection":["Cultura"],"inLanguage":"pt-PT","potentialAction":[{"@type":"CommentAction","name":"Comment","target":["https:\/\/algarve7.pt\/index.php\/2023\/12\/universidade-do-algarve-lanca-livro-dedicado-a-historia-dos-alimentos\/cultura\/19\/32\/#respond"]}]},{"@type":"WebPage","@id":"https:\/\/algarve7.pt\/index.php\/2023\/12\/universidade-do-algarve-lanca-livro-dedicado-a-historia-dos-alimentos\/cultura\/19\/32\/","url":"https:\/\/algarve7.pt\/index.php\/2023\/12\/universidade-do-algarve-lanca-livro-dedicado-a-historia-dos-alimentos\/cultura\/19\/32\/","name":"Universidade do Algarve lan\u00e7a livro dedicado \u00e0 hist\u00f3ria dos alimentos - Algarve 7","isPartOf":{"@id":"https:\/\/algarve7.pt\/#website"},"primaryImageOfPage":{"@id":"https:\/\/algarve7.pt\/index.php\/2023\/12\/universidade-do-algarve-lanca-livro-dedicado-a-historia-dos-alimentos\/cultura\/19\/32\/#primaryimage"},"image":{"@id":"https:\/\/algarve7.pt\/index.php\/2023\/12\/universidade-do-algarve-lanca-livro-dedicado-a-historia-dos-alimentos\/cultura\/19\/32\/#primaryimage"},"thumbnailUrl":"https:\/\/algarve7.pt\/wp-content\/uploads\/2023\/12\/primage_71503-1.png","datePublished":"2023-12-12T19:32:14+00:00","description":"Universidade do Algarve lan\u00e7a livro dedicado \u00e0 hist\u00f3ria dos alimentos","breadcrumb":{"@id":"https:\/\/algarve7.pt\/index.php\/2023\/12\/universidade-do-algarve-lanca-livro-dedicado-a-historia-dos-alimentos\/cultura\/19\/32\/#breadcrumb"},"inLanguage":"pt-PT","potentialAction":[{"@type":"ReadAction","target":["https:\/\/algarve7.pt\/index.php\/2023\/12\/universidade-do-algarve-lanca-livro-dedicado-a-historia-dos-alimentos\/cultura\/19\/32\/"]}]},{"@type":"ImageObject","inLanguage":"pt-PT","@id":"https:\/\/algarve7.pt\/index.php\/2023\/12\/universidade-do-algarve-lanca-livro-dedicado-a-historia-dos-alimentos\/cultura\/19\/32\/#primaryimage","url":"https:\/\/algarve7.pt\/wp-content\/uploads\/2023\/12\/primage_71503-1.png","contentUrl":"https:\/\/algarve7.pt\/wp-content\/uploads\/2023\/12\/primage_71503-1.png","width":1238,"height":832},{"@type":"BreadcrumbList","@id":"https:\/\/algarve7.pt\/index.php\/2023\/12\/universidade-do-algarve-lanca-livro-dedicado-a-historia-dos-alimentos\/cultura\/19\/32\/#breadcrumb","itemListElement":[{"@type":"ListItem","position":1,"name":"In\u00edcio","item":"https:\/\/algarve7.pt\/"},{"@type":"ListItem","position":2,"name":"Universidade do Algarve lan\u00e7a livro dedicado \u00e0 hist\u00f3ria dos alimentos"}]},{"@type":"WebSite","@id":"https:\/\/algarve7.pt\/#website","url":"https:\/\/algarve7.pt\/","name":"Algarve 7","description":"Informa\u00e7\u00e3o sobre o Algarve","publisher":{"@id":"https:\/\/algarve7.pt\/#organization"},"potentialAction":[{"@type":"SearchAction","target":{"@type":"EntryPoint","urlTemplate":"https:\/\/algarve7.pt\/?s={search_term_string}"},"query-input":{"@type":"PropertyValueSpecification","valueRequired":true,"valueName":"search_term_string"}}],"inLanguage":"pt-PT"},{"@type":"Organization","@id":"https:\/\/algarve7.pt\/#organization","name":"Algarve 7","url":"https:\/\/algarve7.pt\/","logo":{"@type":"ImageObject","inLanguage":"pt-PT","@id":"https:\/\/algarve7.pt\/#\/schema\/logo\/image\/","url":"https:\/\/algarve7.pt\/wp-content\/uploads\/2020\/10\/Logo-8.jpg","contentUrl":"https:\/\/algarve7.pt\/wp-content\/uploads\/2020\/10\/Logo-8.jpg","width":1680,"height":1186,"caption":"Algarve 7"},"image":{"@id":"https:\/\/algarve7.pt\/#\/schema\/logo\/image\/"},"sameAs":["https:\/\/www.facebook.com\/algarve7","https:\/\/x.com\/Algarvesete","https:\/\/www.instagram.com\/jornalalgarve7\/","https:\/\/www.linkedin.com\/company\/algarve7","https:\/\/www.pinterest.pt\/geral0939\/_created\/"]},{"@type":"Person","@id":"https:\/\/algarve7.pt\/#\/schema\/person\/23fa70681308e7b319a3204bcea45e0c","name":"Algarve 7","sameAs":["https:\/\/algarve7.pt","https:\/\/www.facebook.com\/algarve7"],"url":"https:\/\/algarve7.pt\/index.php\/author\/geralalgarve7-pt\/"}]}},"jetpack_publicize_connections":[],"jetpack_featured_media_url":"https:\/\/algarve7.pt\/wp-content\/uploads\/2023\/12\/primage_71503-1.png","jetpack_shortlink":"https:\/\/wp.me\/pcezmW-8OD","jetpack_sharing_enabled":true,"_links":{"self":[{"href":"https:\/\/algarve7.pt\/index.php\/wp-json\/wp\/v2\/posts\/33891","targetHints":{"allow":["GET"]}}],"collection":[{"href":"https:\/\/algarve7.pt\/index.php\/wp-json\/wp\/v2\/posts"}],"about":[{"href":"https:\/\/algarve7.pt\/index.php\/wp-json\/wp\/v2\/types\/post"}],"author":[{"embeddable":true,"href":"https:\/\/algarve7.pt\/index.php\/wp-json\/wp\/v2\/users\/1"}],"replies":[{"embeddable":true,"href":"https:\/\/algarve7.pt\/index.php\/wp-json\/wp\/v2\/comments?post=33891"}],"version-history":[{"count":0,"href":"https:\/\/algarve7.pt\/index.php\/wp-json\/wp\/v2\/posts\/33891\/revisions"}],"wp:featuredmedia":[{"embeddable":true,"href":"https:\/\/algarve7.pt\/index.php\/wp-json\/wp\/v2\/media\/33890"}],"wp:attachment":[{"href":"https:\/\/algarve7.pt\/index.php\/wp-json\/wp\/v2\/media?parent=33891"}],"wp:term":[{"taxonomy":"category","embeddable":true,"href":"https:\/\/algarve7.pt\/index.php\/wp-json\/wp\/v2\/categories?post=33891"},{"taxonomy":"post_tag","embeddable":true,"href":"https:\/\/algarve7.pt\/index.php\/wp-json\/wp\/v2\/tags?post=33891"}],"curies":[{"name":"wp","href":"https:\/\/api.w.org\/{rel}","templated":true}]}}