{"id":33884,"date":"2023-12-12T14:10:00","date_gmt":"2023-12-12T14:10:00","guid":{"rendered":"https:\/\/algarve7.pt\/?p=33884"},"modified":"2023-12-12T07:39:18","modified_gmt":"2023-12-12T07:39:18","slug":"camara-municipal-de-aljezur-da-continuidade-ao-plano-de-pormenor-de-vale-da-telha","status":"publish","type":"post","link":"https:\/\/algarve7.pt\/index.php\/2023\/12\/camara-municipal-de-aljezur-da-continuidade-ao-plano-de-pormenor-de-vale-da-telha\/atualidade\/14\/10\/","title":{"rendered":"C\u00e2mara municipal de Aljezur d\u00e1 continuidade ao plano de pormenor de vale da telha"},"content":{"rendered":"\n<p>A C\u00e2mara Municipal de Aljezur deliberou renovar o procedimento de elabora\u00e7\u00e3o do Plano de Pormenor de Vale da Telha (PPVT). A decis\u00e3o foi tomada por unanimidade dos membros do \u00f3rg\u00e3o executivo municipal na reuni\u00e3o ordin\u00e1ria realizada em 7 de dezembro de 2023. A delibera\u00e7\u00e3o teve por fundamento<br>a proximidade do fim do prazo administrativo para a elabora\u00e7\u00e3o daquele plano territorial municipal e a necessidade de dar continuidade ao procedimento com vista \u00e0 conclus\u00e3o dos trabalhos, a qual s\u00f3 ocorre com a delibera\u00e7\u00e3o final da assembleia municipal.<\/p>\n\n\n\n<p><br>O per\u00edodo pand\u00e9mico e a elevada complexidade t\u00e9cnica inerente ao trabalho em curso, nos termos do qual se procura estabelecer o reordenamento de uma \u00e1rea de quase 550 hectares (equivalente a algumas das maiores cidades algarvias) ap\u00f3s a invalida\u00e7\u00e3o judicial das primitivas opera\u00e7\u00f5es de loteamento e de acordo com os reconhecidos valores ambientais, sociais e econ\u00f3micos em presen\u00e7a, justificam o facto de n\u00e3o se ter revelado poss\u00edvel concluir a elabora\u00e7\u00e3o do PPVT no presente ano.<\/p>\n\n\n\n<p><br>De acordo com o regime jur\u00eddico dos instrumentos de gest\u00e3o territorial, a elabora\u00e7\u00e3o de qualquer plano territorial implica o estabelecimento de um prazo m\u00e1ximo o qual apenas pode ser prorrogado por um  vez, findo o qual a c\u00e2mara municipal pode deliberar um novo prazo com o aproveitamento dos atos e formalidades entretanto praticadas. O estabelecimento de um novo prazo m\u00e1ximo de dois anos para a elabora\u00e7\u00e3o do PPVT acontece poucas semanas ap\u00f3s a realiza\u00e7\u00e3o na Comiss\u00e3o de Coordena\u00e7\u00e3o e Desenvolvimento Regional do Algarve de uma reuni\u00e3o de acompanhamento solicitada pelo munic\u00edpio na qual se esclareceram alguns aspetos necess\u00e1rios para tornar a proposta consent\u00e2nea com a pron\u00fancia daquela entidade emitida na \u00faltima confer\u00eancia de servi\u00e7os.<\/p>\n\n\n\n<p><br>Ap\u00f3s a realiza\u00e7\u00e3o da referida reuni\u00e3o de acompanhamento, a proposta foi, entretanto, alvo de revis\u00e3o pela equipa t\u00e9cnica respons\u00e1vel pelo PPVT, facto que, associado ao seu adiantado estado de desenvolvimento, permitir\u00e1 ao Munic\u00edpio submet\u00ea-la a nova confer\u00eancia procedimental durante o primeiro trimestre do ano de 2024.<\/p>\n","protected":false},"excerpt":{"rendered":"<p>A C\u00e2mara Municipal de Aljezur deliberou renovar o procedimento de elabora\u00e7\u00e3o do Plano de Pormenor de Vale da Telha (PPVT).<\/p>\n","protected":false},"author":1,"featured_media":33885,"comment_status":"closed","ping_status":"open","sticky":false,"template":"","format":"standard","meta":{"colormag_page_container_layout":"default_layout","colormag_page_sidebar_layout":"default_layout","_monsterinsights_skip_tracking":false,"_monsterinsights_sitenote_active":false,"_monsterinsights_sitenote_note":"","_monsterinsights_sitenote_category":0,"jetpack_post_was_ever_published":false,"_jetpack_newsletter_access":"","_jetpack_dont_email_post_to_subs":false,"_jetpack_newsletter_tier_id":0,"_jetpack_memberships_contains_paywalled_content":false,"_jetpack_memberships_contains_paid_content":false,"footnotes":"","jetpack_publicize_message":"","jetpack_publicize_feature_enabled":true,"jetpack_social_post_already_shared":true,"jetpack_social_options":{"image_generator_settings":{"template":"highway","default_image_id":0,"font":"","enabled":false},"version":2}},"categories":[11],"tags":[36,73,62],"class_list":["post-33884","post","type-post","status-publish","format-standard","has-post-thumbnail","hentry","category-atualidade","tag-algarve","tag-aljezur","tag-atualidade"],"yoast_head":"<!-- This site is optimized with the Yoast SEO plugin v27.5 - https:\/\/yoast.com\/product\/yoast-seo-wordpress\/ -->\n<title>C\u00e2mara municipal de Aljezur d\u00e1 continuidade ao plano de pormenor de vale da telha - Algarve 7<\/title>\n<meta name=\"description\" content=\"C\u00e2mara municipal de Aljezur d\u00e1 continuidade ao plano de pormenor de vale da telha Atualidade\" \/>\n<meta name=\"robots\" content=\"index, follow, max-snippet:-1, max-image-preview:large, max-video-preview:-1\" \/>\n<link rel=\"canonical\" href=\"https:\/\/algarve7.pt\/index.php\/2023\/12\/camara-municipal-de-aljezur-da-continuidade-ao-plano-de-pormenor-de-vale-da-telha\/atualidade\/14\/10\/\" \/>\n<meta property=\"og:locale\" content=\"pt_PT\" \/>\n<meta property=\"og:type\" content=\"article\" \/>\n<meta property=\"og:title\" content=\"C\u00e2mara municipal de Aljezur d\u00e1 continuidade ao plano de pormenor de vale da telha - Algarve 7\" \/>\n<meta property=\"og:description\" content=\"C\u00e2mara municipal de Aljezur d\u00e1 continuidade ao plano de pormenor de vale da telha Atualidade\" \/>\n<meta property=\"og:url\" content=\"https:\/\/algarve7.pt\/index.php\/2023\/12\/camara-municipal-de-aljezur-da-continuidade-ao-plano-de-pormenor-de-vale-da-telha\/atualidade\/14\/10\/\" \/>\n<meta property=\"og:site_name\" content=\"Algarve 7\" \/>\n<meta property=\"article:publisher\" content=\"https:\/\/www.facebook.com\/algarve7\" \/>\n<meta property=\"article:author\" content=\"https:\/\/www.facebook.com\/algarve7\" \/>\n<meta property=\"article:published_time\" content=\"2023-12-12T14:10:00+00:00\" \/>\n<meta property=\"og:image\" content=\"https:\/\/algarve7.pt\/wp-content\/uploads\/2023\/12\/Vale-da-Telha_fb.jpg\" \/>\n\t<meta property=\"og:image:width\" content=\"1000\" \/>\n\t<meta property=\"og:image:height\" content=\"541\" \/>\n\t<meta property=\"og:image:type\" content=\"image\/jpeg\" \/>\n<meta name=\"author\" content=\"Algarve 7\" \/>\n<meta name=\"twitter:card\" content=\"summary_large_image\" \/>\n<meta name=\"twitter:creator\" content=\"@Algarvesete\" \/>\n<meta name=\"twitter:site\" content=\"@Algarvesete\" \/>\n<meta name=\"twitter:label1\" content=\"Escrito por\" \/>\n\t<meta name=\"twitter:data1\" content=\"Algarve 7\" \/>\n\t<meta name=\"twitter:label2\" content=\"Tempo estimado de leitura\" \/>\n\t<meta name=\"twitter:data2\" content=\"2 minutos\" \/>\n<script type=\"application\/ld+json\" class=\"yoast-schema-graph\">{\"@context\":\"https:\\\/\\\/schema.org\",\"@graph\":[{\"@type\":\"Article\",\"@id\":\"https:\\\/\\\/algarve7.pt\\\/index.php\\\/2023\\\/12\\\/camara-municipal-de-aljezur-da-continuidade-ao-plano-de-pormenor-de-vale-da-telha\\\/atualidade\\\/14\\\/10\\\/#article\",\"isPartOf\":{\"@id\":\"https:\\\/\\\/algarve7.pt\\\/index.php\\\/2023\\\/12\\\/camara-municipal-de-aljezur-da-continuidade-ao-plano-de-pormenor-de-vale-da-telha\\\/atualidade\\\/14\\\/10\\\/\"},\"author\":{\"name\":\"Algarve 7\",\"@id\":\"https:\\\/\\\/algarve7.pt\\\/#\\\/schema\\\/person\\\/23fa70681308e7b319a3204bcea45e0c\"},\"headline\":\"C\u00e2mara municipal de Aljezur d\u00e1 continuidade ao plano de pormenor de vale da telha\",\"datePublished\":\"2023-12-12T14:10:00+00:00\",\"mainEntityOfPage\":{\"@id\":\"https:\\\/\\\/algarve7.pt\\\/index.php\\\/2023\\\/12\\\/camara-municipal-de-aljezur-da-continuidade-ao-plano-de-pormenor-de-vale-da-telha\\\/atualidade\\\/14\\\/10\\\/\"},\"wordCount\":378,\"publisher\":{\"@id\":\"https:\\\/\\\/algarve7.pt\\\/#organization\"},\"image\":{\"@id\":\"https:\\\/\\\/algarve7.pt\\\/index.php\\\/2023\\\/12\\\/camara-municipal-de-aljezur-da-continuidade-ao-plano-de-pormenor-de-vale-da-telha\\\/atualidade\\\/14\\\/10\\\/#primaryimage\"},\"thumbnailUrl\":\"https:\\\/\\\/algarve7.pt\\\/wp-content\\\/uploads\\\/2023\\\/12\\\/Vale-da-Telha_fb.jpg\",\"keywords\":[\"Algarve\",\"Aljezur\",\"Atualidade\"],\"articleSection\":[\"Atualidade\"],\"inLanguage\":\"pt-PT\"},{\"@type\":\"WebPage\",\"@id\":\"https:\\\/\\\/algarve7.pt\\\/index.php\\\/2023\\\/12\\\/camara-municipal-de-aljezur-da-continuidade-ao-plano-de-pormenor-de-vale-da-telha\\\/atualidade\\\/14\\\/10\\\/\",\"url\":\"https:\\\/\\\/algarve7.pt\\\/index.php\\\/2023\\\/12\\\/camara-municipal-de-aljezur-da-continuidade-ao-plano-de-pormenor-de-vale-da-telha\\\/atualidade\\\/14\\\/10\\\/\",\"name\":\"C\u00e2mara municipal de Aljezur d\u00e1 continuidade ao plano de pormenor de vale da telha - Algarve 7\",\"isPartOf\":{\"@id\":\"https:\\\/\\\/algarve7.pt\\\/#website\"},\"primaryImageOfPage\":{\"@id\":\"https:\\\/\\\/algarve7.pt\\\/index.php\\\/2023\\\/12\\\/camara-municipal-de-aljezur-da-continuidade-ao-plano-de-pormenor-de-vale-da-telha\\\/atualidade\\\/14\\\/10\\\/#primaryimage\"},\"image\":{\"@id\":\"https:\\\/\\\/algarve7.pt\\\/index.php\\\/2023\\\/12\\\/camara-municipal-de-aljezur-da-continuidade-ao-plano-de-pormenor-de-vale-da-telha\\\/atualidade\\\/14\\\/10\\\/#primaryimage\"},\"thumbnailUrl\":\"https:\\\/\\\/algarve7.pt\\\/wp-content\\\/uploads\\\/2023\\\/12\\\/Vale-da-Telha_fb.jpg\",\"datePublished\":\"2023-12-12T14:10:00+00:00\",\"description\":\"C\u00e2mara municipal de Aljezur d\u00e1 continuidade ao plano de pormenor de vale da telha Atualidade\",\"breadcrumb\":{\"@id\":\"https:\\\/\\\/algarve7.pt\\\/index.php\\\/2023\\\/12\\\/camara-municipal-de-aljezur-da-continuidade-ao-plano-de-pormenor-de-vale-da-telha\\\/atualidade\\\/14\\\/10\\\/#breadcrumb\"},\"inLanguage\":\"pt-PT\",\"potentialAction\":[{\"@type\":\"ReadAction\",\"target\":[\"https:\\\/\\\/algarve7.pt\\\/index.php\\\/2023\\\/12\\\/camara-municipal-de-aljezur-da-continuidade-ao-plano-de-pormenor-de-vale-da-telha\\\/atualidade\\\/14\\\/10\\\/\"]}]},{\"@type\":\"ImageObject\",\"inLanguage\":\"pt-PT\",\"@id\":\"https:\\\/\\\/algarve7.pt\\\/index.php\\\/2023\\\/12\\\/camara-municipal-de-aljezur-da-continuidade-ao-plano-de-pormenor-de-vale-da-telha\\\/atualidade\\\/14\\\/10\\\/#primaryimage\",\"url\":\"https:\\\/\\\/algarve7.pt\\\/wp-content\\\/uploads\\\/2023\\\/12\\\/Vale-da-Telha_fb.jpg\",\"contentUrl\":\"https:\\\/\\\/algarve7.pt\\\/wp-content\\\/uploads\\\/2023\\\/12\\\/Vale-da-Telha_fb.jpg\",\"width\":1000,\"height\":541},{\"@type\":\"BreadcrumbList\",\"@id\":\"https:\\\/\\\/algarve7.pt\\\/index.php\\\/2023\\\/12\\\/camara-municipal-de-aljezur-da-continuidade-ao-plano-de-pormenor-de-vale-da-telha\\\/atualidade\\\/14\\\/10\\\/#breadcrumb\",\"itemListElement\":[{\"@type\":\"ListItem\",\"position\":1,\"name\":\"In\u00edcio\",\"item\":\"https:\\\/\\\/algarve7.pt\\\/\"},{\"@type\":\"ListItem\",\"position\":2,\"name\":\"C\u00e2mara municipal de Aljezur d\u00e1 continuidade ao plano de pormenor de vale da telha\"}]},{\"@type\":\"WebSite\",\"@id\":\"https:\\\/\\\/algarve7.pt\\\/#website\",\"url\":\"https:\\\/\\\/algarve7.pt\\\/\",\"name\":\"Algarve 7\",\"description\":\"Informa\u00e7\u00e3o sobre o Algarve\",\"publisher\":{\"@id\":\"https:\\\/\\\/algarve7.pt\\\/#organization\"},\"potentialAction\":[{\"@type\":\"SearchAction\",\"target\":{\"@type\":\"EntryPoint\",\"urlTemplate\":\"https:\\\/\\\/algarve7.pt\\\/?s={search_term_string}\"},\"query-input\":{\"@type\":\"PropertyValueSpecification\",\"valueRequired\":true,\"valueName\":\"search_term_string\"}}],\"inLanguage\":\"pt-PT\"},{\"@type\":\"Organization\",\"@id\":\"https:\\\/\\\/algarve7.pt\\\/#organization\",\"name\":\"Algarve 7\",\"url\":\"https:\\\/\\\/algarve7.pt\\\/\",\"logo\":{\"@type\":\"ImageObject\",\"inLanguage\":\"pt-PT\",\"@id\":\"https:\\\/\\\/algarve7.pt\\\/#\\\/schema\\\/logo\\\/image\\\/\",\"url\":\"https:\\\/\\\/algarve7.pt\\\/wp-content\\\/uploads\\\/2020\\\/10\\\/Logo-8.jpg\",\"contentUrl\":\"https:\\\/\\\/algarve7.pt\\\/wp-content\\\/uploads\\\/2020\\\/10\\\/Logo-8.jpg\",\"width\":1680,\"height\":1186,\"caption\":\"Algarve 7\"},\"image\":{\"@id\":\"https:\\\/\\\/algarve7.pt\\\/#\\\/schema\\\/logo\\\/image\\\/\"},\"sameAs\":[\"https:\\\/\\\/www.facebook.com\\\/algarve7\",\"https:\\\/\\\/x.com\\\/Algarvesete\",\"https:\\\/\\\/www.instagram.com\\\/jornalalgarve7\\\/\",\"https:\\\/\\\/www.linkedin.com\\\/company\\\/algarve7\",\"https:\\\/\\\/www.pinterest.pt\\\/geral0939\\\/_created\\\/\"]},{\"@type\":\"Person\",\"@id\":\"https:\\\/\\\/algarve7.pt\\\/#\\\/schema\\\/person\\\/23fa70681308e7b319a3204bcea45e0c\",\"name\":\"Algarve 7\",\"sameAs\":[\"https:\\\/\\\/algarve7.pt\",\"https:\\\/\\\/www.facebook.com\\\/algarve7\"],\"url\":\"https:\\\/\\\/algarve7.pt\\\/index.php\\\/author\\\/geralalgarve7-pt\\\/\"}]}<\/script>\n<!-- \/ Yoast SEO plugin. -->","yoast_head_json":{"title":"C\u00e2mara municipal de Aljezur d\u00e1 continuidade ao plano de pormenor de vale da telha - Algarve 7","description":"C\u00e2mara municipal de Aljezur d\u00e1 continuidade ao plano de pormenor de vale da telha Atualidade","robots":{"index":"index","follow":"follow","max-snippet":"max-snippet:-1","max-image-preview":"max-image-preview:large","max-video-preview":"max-video-preview:-1"},"canonical":"https:\/\/algarve7.pt\/index.php\/2023\/12\/camara-municipal-de-aljezur-da-continuidade-ao-plano-de-pormenor-de-vale-da-telha\/atualidade\/14\/10\/","og_locale":"pt_PT","og_type":"article","og_title":"C\u00e2mara municipal de Aljezur d\u00e1 continuidade ao plano de pormenor de vale da telha - Algarve 7","og_description":"C\u00e2mara municipal de Aljezur d\u00e1 continuidade ao plano de pormenor de vale da telha Atualidade","og_url":"https:\/\/algarve7.pt\/index.php\/2023\/12\/camara-municipal-de-aljezur-da-continuidade-ao-plano-de-pormenor-de-vale-da-telha\/atualidade\/14\/10\/","og_site_name":"Algarve 7","article_publisher":"https:\/\/www.facebook.com\/algarve7","article_author":"https:\/\/www.facebook.com\/algarve7","article_published_time":"2023-12-12T14:10:00+00:00","og_image":[{"width":1000,"height":541,"url":"https:\/\/algarve7.pt\/wp-content\/uploads\/2023\/12\/Vale-da-Telha_fb.jpg","type":"image\/jpeg"}],"author":"Algarve 7","twitter_card":"summary_large_image","twitter_creator":"@Algarvesete","twitter_site":"@Algarvesete","twitter_misc":{"Escrito por":"Algarve 7","Tempo estimado de leitura":"2 minutos"},"schema":{"@context":"https:\/\/schema.org","@graph":[{"@type":"Article","@id":"https:\/\/algarve7.pt\/index.php\/2023\/12\/camara-municipal-de-aljezur-da-continuidade-ao-plano-de-pormenor-de-vale-da-telha\/atualidade\/14\/10\/#article","isPartOf":{"@id":"https:\/\/algarve7.pt\/index.php\/2023\/12\/camara-municipal-de-aljezur-da-continuidade-ao-plano-de-pormenor-de-vale-da-telha\/atualidade\/14\/10\/"},"author":{"name":"Algarve 7","@id":"https:\/\/algarve7.pt\/#\/schema\/person\/23fa70681308e7b319a3204bcea45e0c"},"headline":"C\u00e2mara municipal de Aljezur d\u00e1 continuidade ao plano de pormenor de vale da telha","datePublished":"2023-12-12T14:10:00+00:00","mainEntityOfPage":{"@id":"https:\/\/algarve7.pt\/index.php\/2023\/12\/camara-municipal-de-aljezur-da-continuidade-ao-plano-de-pormenor-de-vale-da-telha\/atualidade\/14\/10\/"},"wordCount":378,"publisher":{"@id":"https:\/\/algarve7.pt\/#organization"},"image":{"@id":"https:\/\/algarve7.pt\/index.php\/2023\/12\/camara-municipal-de-aljezur-da-continuidade-ao-plano-de-pormenor-de-vale-da-telha\/atualidade\/14\/10\/#primaryimage"},"thumbnailUrl":"https:\/\/algarve7.pt\/wp-content\/uploads\/2023\/12\/Vale-da-Telha_fb.jpg","keywords":["Algarve","Aljezur","Atualidade"],"articleSection":["Atualidade"],"inLanguage":"pt-PT"},{"@type":"WebPage","@id":"https:\/\/algarve7.pt\/index.php\/2023\/12\/camara-municipal-de-aljezur-da-continuidade-ao-plano-de-pormenor-de-vale-da-telha\/atualidade\/14\/10\/","url":"https:\/\/algarve7.pt\/index.php\/2023\/12\/camara-municipal-de-aljezur-da-continuidade-ao-plano-de-pormenor-de-vale-da-telha\/atualidade\/14\/10\/","name":"C\u00e2mara municipal de Aljezur d\u00e1 continuidade ao plano de pormenor de vale da telha - Algarve 7","isPartOf":{"@id":"https:\/\/algarve7.pt\/#website"},"primaryImageOfPage":{"@id":"https:\/\/algarve7.pt\/index.php\/2023\/12\/camara-municipal-de-aljezur-da-continuidade-ao-plano-de-pormenor-de-vale-da-telha\/atualidade\/14\/10\/#primaryimage"},"image":{"@id":"https:\/\/algarve7.pt\/index.php\/2023\/12\/camara-municipal-de-aljezur-da-continuidade-ao-plano-de-pormenor-de-vale-da-telha\/atualidade\/14\/10\/#primaryimage"},"thumbnailUrl":"https:\/\/algarve7.pt\/wp-content\/uploads\/2023\/12\/Vale-da-Telha_fb.jpg","datePublished":"2023-12-12T14:10:00+00:00","description":"C\u00e2mara municipal de Aljezur d\u00e1 continuidade ao plano de pormenor de vale da telha Atualidade","breadcrumb":{"@id":"https:\/\/algarve7.pt\/index.php\/2023\/12\/camara-municipal-de-aljezur-da-continuidade-ao-plano-de-pormenor-de-vale-da-telha\/atualidade\/14\/10\/#breadcrumb"},"inLanguage":"pt-PT","potentialAction":[{"@type":"ReadAction","target":["https:\/\/algarve7.pt\/index.php\/2023\/12\/camara-municipal-de-aljezur-da-continuidade-ao-plano-de-pormenor-de-vale-da-telha\/atualidade\/14\/10\/"]}]},{"@type":"ImageObject","inLanguage":"pt-PT","@id":"https:\/\/algarve7.pt\/index.php\/2023\/12\/camara-municipal-de-aljezur-da-continuidade-ao-plano-de-pormenor-de-vale-da-telha\/atualidade\/14\/10\/#primaryimage","url":"https:\/\/algarve7.pt\/wp-content\/uploads\/2023\/12\/Vale-da-Telha_fb.jpg","contentUrl":"https:\/\/algarve7.pt\/wp-content\/uploads\/2023\/12\/Vale-da-Telha_fb.jpg","width":1000,"height":541},{"@type":"BreadcrumbList","@id":"https:\/\/algarve7.pt\/index.php\/2023\/12\/camara-municipal-de-aljezur-da-continuidade-ao-plano-de-pormenor-de-vale-da-telha\/atualidade\/14\/10\/#breadcrumb","itemListElement":[{"@type":"ListItem","position":1,"name":"In\u00edcio","item":"https:\/\/algarve7.pt\/"},{"@type":"ListItem","position":2,"name":"C\u00e2mara municipal de Aljezur d\u00e1 continuidade ao plano de pormenor de vale da telha"}]},{"@type":"WebSite","@id":"https:\/\/algarve7.pt\/#website","url":"https:\/\/algarve7.pt\/","name":"Algarve 7","description":"Informa\u00e7\u00e3o sobre o Algarve","publisher":{"@id":"https:\/\/algarve7.pt\/#organization"},"potentialAction":[{"@type":"SearchAction","target":{"@type":"EntryPoint","urlTemplate":"https:\/\/algarve7.pt\/?s={search_term_string}"},"query-input":{"@type":"PropertyValueSpecification","valueRequired":true,"valueName":"search_term_string"}}],"inLanguage":"pt-PT"},{"@type":"Organization","@id":"https:\/\/algarve7.pt\/#organization","name":"Algarve 7","url":"https:\/\/algarve7.pt\/","logo":{"@type":"ImageObject","inLanguage":"pt-PT","@id":"https:\/\/algarve7.pt\/#\/schema\/logo\/image\/","url":"https:\/\/algarve7.pt\/wp-content\/uploads\/2020\/10\/Logo-8.jpg","contentUrl":"https:\/\/algarve7.pt\/wp-content\/uploads\/2020\/10\/Logo-8.jpg","width":1680,"height":1186,"caption":"Algarve 7"},"image":{"@id":"https:\/\/algarve7.pt\/#\/schema\/logo\/image\/"},"sameAs":["https:\/\/www.facebook.com\/algarve7","https:\/\/x.com\/Algarvesete","https:\/\/www.instagram.com\/jornalalgarve7\/","https:\/\/www.linkedin.com\/company\/algarve7","https:\/\/www.pinterest.pt\/geral0939\/_created\/"]},{"@type":"Person","@id":"https:\/\/algarve7.pt\/#\/schema\/person\/23fa70681308e7b319a3204bcea45e0c","name":"Algarve 7","sameAs":["https:\/\/algarve7.pt","https:\/\/www.facebook.com\/algarve7"],"url":"https:\/\/algarve7.pt\/index.php\/author\/geralalgarve7-pt\/"}]}},"jetpack_publicize_connections":[],"jetpack_featured_media_url":"https:\/\/algarve7.pt\/wp-content\/uploads\/2023\/12\/Vale-da-Telha_fb.jpg","jetpack_shortlink":"https:\/\/wp.me\/pcezmW-8Ow","jetpack_sharing_enabled":true,"_links":{"self":[{"href":"https:\/\/algarve7.pt\/index.php\/wp-json\/wp\/v2\/posts\/33884","targetHints":{"allow":["GET"]}}],"collection":[{"href":"https:\/\/algarve7.pt\/index.php\/wp-json\/wp\/v2\/posts"}],"about":[{"href":"https:\/\/algarve7.pt\/index.php\/wp-json\/wp\/v2\/types\/post"}],"author":[{"embeddable":true,"href":"https:\/\/algarve7.pt\/index.php\/wp-json\/wp\/v2\/users\/1"}],"replies":[{"embeddable":true,"href":"https:\/\/algarve7.pt\/index.php\/wp-json\/wp\/v2\/comments?post=33884"}],"version-history":[{"count":0,"href":"https:\/\/algarve7.pt\/index.php\/wp-json\/wp\/v2\/posts\/33884\/revisions"}],"wp:featuredmedia":[{"embeddable":true,"href":"https:\/\/algarve7.pt\/index.php\/wp-json\/wp\/v2\/media\/33885"}],"wp:attachment":[{"href":"https:\/\/algarve7.pt\/index.php\/wp-json\/wp\/v2\/media?parent=33884"}],"wp:term":[{"taxonomy":"category","embeddable":true,"href":"https:\/\/algarve7.pt\/index.php\/wp-json\/wp\/v2\/categories?post=33884"},{"taxonomy":"post_tag","embeddable":true,"href":"https:\/\/algarve7.pt\/index.php\/wp-json\/wp\/v2\/tags?post=33884"}],"curies":[{"name":"wp","href":"https:\/\/api.w.org\/{rel}","templated":true}]}}