{"id":33869,"date":"2023-12-12T11:35:00","date_gmt":"2023-12-12T11:35:00","guid":{"rendered":"https:\/\/algarve7.pt\/?p=33869"},"modified":"2023-12-11T22:48:17","modified_gmt":"2023-12-11T22:48:17","slug":"i-jornadas-de-saude-mental-no-chua-reunem-especialistas-e-destacam-desafios-futuros","status":"publish","type":"post","link":"https:\/\/algarve7.pt\/index.php\/2023\/12\/i-jornadas-de-saude-mental-no-chua-reunem-especialistas-e-destacam-desafios-futuros\/saude\/11\/35\/","title":{"rendered":"I Jornadas de Sa\u00fade Mental no CHUA re\u00fanem especialistas e destacam desafios futuros"},"content":{"rendered":"\n<figure class=\"wp-block-table alignleft\"><table><tbody><tr><td>Mais de uma centena e meia de participantes estiveram presentes nas I Jornadas de Sa\u00fade Mental do Centro Hospitalar Universit\u00e1rio do Algarve (CHUA), que decorreram nos dias 6 e 7 de dezembro, no audit\u00f3rio da Unidade Hospitalar de Faro.\u00a0<br><br>Organizadas pelo Departamento de Psiquiatria e Sa\u00fade Mental, estas jornadas tiveram como objetivo proporcionar \u201cum espa\u00e7o de reflex\u00e3o sobre v\u00e1rias tem\u00e1ticas, com especial destaque para as interven\u00e7\u00f5es no doente agudo, na comunidade, na idade geri\u00e1trica, bem como a sa\u00fade mental nos profissionais de sa\u00fade, a articula\u00e7\u00e3o com os cuidados de sa\u00fade prim\u00e1rios, as pol\u00edticas de Sa\u00fade Mental e os desafios para o futuro\u201d, explicou a organiza\u00e7\u00e3o.\u00a0<br><br>Na sess\u00e3o de abertura, Ana Cristina Trindade, diretora do Departamento de Psiquiatria e Sa\u00fade Mental do CHUA real\u00e7ou a import\u00e2ncia da realiza\u00e7\u00e3o destas jornadas como \u201cespa\u00e7o de reflex\u00e3o sobre o passado, presente e futuro, que contribuir\u00e1 para o enriquecimento pessoal de todos os participantes\u201d, agradecendo \u00e0 enfermeira diretora Mariana Santos por ter lan\u00e7ado este desafio.\u00a0<br><br>J\u00e1 Mariana Santos, enfermeira diretora do CHUA, considerou o programa das jornadas muito promissor e destacou a import\u00e2ncia de apostar, cada vez mais, na \u201cpromo\u00e7\u00e3o da Sa\u00fade Mental\u201d.\u00a0<br><br>Tamb\u00e9m Sofia Am\u00e1lio, vogal da Ordem dos M\u00e9dicos da Sub-regi\u00e3o de Faro, em representa\u00e7\u00e3o da presidente Catarina Mendon\u00e7a, sublinhou a \u201cpreponder\u00e2ncia da tem\u00e1tica da Sa\u00fade Mental no seio dos profissionais de sa\u00fade\u201d, relembrando a import\u00e2ncia de estar alerta para os sinais.\u00a0<br><br>Paulo Morgado, presidente da ARS-Algarve, salientou a necessidade de \u201cinvestirmos todos mais nesta \u00e1rea\u201d, alertando ainda para os \u00faltimos dados da Organiza\u00e7\u00e3o Mundial de Sa\u00fade (OMS) que indicam \u201co suic\u00eddio como a segunda causa de morte em adultos jovens\u201d, sendo que o \u201cimpacto que estes problemas de sa\u00fade mental t\u00eam na sociedade, s\u00e3o a principal causa de incapacidade para o trabalho em todo o mundo\u201d. Nesse sentido, deixou o desafio de \u201cinvestir mais na preven\u00e7\u00e3o dentro das organiza\u00e7\u00f5es e dar maior acesso aos cuidados de sa\u00fade mental \u00e0 popula\u00e7\u00e3o\u201d.\u00a0<br><br>Durante os dois dias de evento, v\u00e1rios profissionais das equipas multidisciplinares e oradores convidados abordaram os seguintes temas: Pol\u00edticas de Sa\u00fade Mental, Interven\u00e7\u00e3o no Doente Agudo (Urg\u00eancia e Internamento), Interven\u00e7\u00e3o Comunit\u00e1ria (Ambulat\u00f3rio), Idade Geri\u00e1trica \u2013 interface de especialidades, Sa\u00fade Mental no Profissional, Articula\u00e7\u00e3o com os cuidados de sa\u00fade prim\u00e1rios e delegados e Desafios para o futuro. Para al\u00e9m das mesas de debate, o programa contemplou ainda uma vertente pr\u00e1tica com workshops de \u00abRelaxamento\u00bb e de \u00abComunica\u00e7\u00e3o em Sa\u00fade\u00bb.\u00a0<br><br>Na sess\u00e3o de encerramento, Maria do Carmo Cruz, coordenadora Regional de sa\u00fade Mental, e Ana Cristina Trindade, diretora do Servi\u00e7o de Psiquiatria e Sa\u00fade Mental de Faro, sublinharam a qualidade dos trabalhos apresentados nas jornadas e destacaram ainda o excelente trabalho e capacidade de resposta cl\u00ednica em contexto de urg\u00eancia, internamento ou na comunidade, bem como a articula\u00e7\u00e3o com diversas entidades e equipas multidisciplinares, terminando com um agradecimento a todos os profissionais.\u00a0<br><br>Em g\u00e9nero de conclus\u00e3o foi destacada, de forma un\u00e2nime, a qualidade das comunica\u00e7\u00f5es apresentadas e o contributo destas jornadas para dar a conhecer o excelente trabalho efetuado pelo CHUA na \u00e1rea da Sa\u00fade Mental, tendo a Enfermeira Diretora, Mariana Santos, demonstrado todo o apoio e empenho para a realiza\u00e7\u00e3o da segunda edi\u00e7\u00e3o em 2024.\u00a0<br><br><strong>Lan\u00e7ada a concurso obra para a moderniza\u00e7\u00e3o e capacita\u00e7\u00e3o do Departamento de Psiquiatria<\/strong>\u00a0Durante a sess\u00e3o de abertura do evento, que se realizou a 6 de dezembro, foi ainda anunciada pelo vogal executivo do CHUA, Paulo Neves, a publica\u00e7\u00e3o em Di\u00e1rio da Rep\u00fablica da abertura de concurso para a \u00abEmpreitada para moderniza\u00e7\u00e3o e capacita\u00e7\u00e3o do Departamento de Psiquiatria e Sa\u00fade Mental &#8211; Unidades de Faro e Portim\u00e3o &#8211; Conce\u00e7\u00e3o Projeto e Realiza\u00e7\u00e3o de Obra\u00bb.\u00a0Esta obra, que tem um prazo de execu\u00e7\u00e3o de 250 dias e representa um investimento base de 2,5 milh\u00f5es de euros, visa dar melhores condi\u00e7\u00f5es de trabalho aos profissionais de sa\u00fade e melhorar o acesso dos utentes.<\/td><\/tr><\/tbody><\/table><\/figure>\n","protected":false},"excerpt":{"rendered":"<p>Mais de uma centena e meia de participantes estiveram presentes nas I Jornadas de Sa\u00fade Mental do Centro Hospitalar Universit\u00e1rio<\/p>\n","protected":false},"author":1,"featured_media":33870,"comment_status":"closed","ping_status":"open","sticky":false,"template":"","format":"standard","meta":{"colormag_page_container_layout":"default_layout","colormag_page_sidebar_layout":"default_layout","_monsterinsights_skip_tracking":false,"_monsterinsights_sitenote_active":false,"_monsterinsights_sitenote_note":"","_monsterinsights_sitenote_category":0,"jetpack_post_was_ever_published":false,"_jetpack_newsletter_access":"","_jetpack_dont_email_post_to_subs":false,"_jetpack_newsletter_tier_id":0,"_jetpack_memberships_contains_paywalled_content":false,"_jetpack_memberships_contains_paid_content":false,"footnotes":"","jetpack_publicize_message":"","jetpack_publicize_feature_enabled":true,"jetpack_social_post_already_shared":true,"jetpack_social_options":{"image_generator_settings":{"template":"highway","default_image_id":0,"font":"","enabled":false},"version":2}},"categories":[59],"tags":[36,181,58],"class_list":["post-33869","post","type-post","status-publish","format-standard","has-post-thumbnail","hentry","category-saude","tag-algarve","tag-chua","tag-saude"],"yoast_head":"<!-- This site is optimized with the Yoast SEO plugin v27.5 - https:\/\/yoast.com\/product\/yoast-seo-wordpress\/ -->\n<title>I Jornadas de Sa\u00fade Mental no CHUA re\u00fanem especialistas e destacam desafios futuros - Algarve 7<\/title>\n<meta name=\"description\" content=\"I Jornadas de Sa\u00fade Mental no CHUA re\u00fanem especialistas e destacam desafios futuros Sa\u00fade\" \/>\n<meta name=\"robots\" content=\"index, follow, max-snippet:-1, max-image-preview:large, max-video-preview:-1\" \/>\n<link rel=\"canonical\" href=\"https:\/\/algarve7.pt\/index.php\/2023\/12\/i-jornadas-de-saude-mental-no-chua-reunem-especialistas-e-destacam-desafios-futuros\/saude\/11\/35\/\" \/>\n<meta property=\"og:locale\" content=\"pt_PT\" \/>\n<meta property=\"og:type\" content=\"article\" \/>\n<meta property=\"og:title\" content=\"I Jornadas de Sa\u00fade Mental no CHUA re\u00fanem especialistas e destacam desafios futuros - Algarve 7\" \/>\n<meta property=\"og:description\" content=\"I Jornadas de Sa\u00fade Mental no CHUA re\u00fanem especialistas e destacam desafios futuros Sa\u00fade\" \/>\n<meta property=\"og:url\" content=\"https:\/\/algarve7.pt\/index.php\/2023\/12\/i-jornadas-de-saude-mental-no-chua-reunem-especialistas-e-destacam-desafios-futuros\/saude\/11\/35\/\" \/>\n<meta property=\"og:site_name\" content=\"Algarve 7\" \/>\n<meta property=\"article:publisher\" content=\"https:\/\/www.facebook.com\/algarve7\" \/>\n<meta property=\"article:author\" content=\"https:\/\/www.facebook.com\/algarve7\" \/>\n<meta property=\"article:published_time\" content=\"2023-12-12T11:35:00+00:00\" \/>\n<meta property=\"og:image\" content=\"https:\/\/algarve7.pt\/wp-content\/uploads\/2023\/12\/I-Jornadas-de-Saude-Mental-CHUA-3.jpg\" \/>\n\t<meta property=\"og:image:width\" content=\"1000\" \/>\n\t<meta property=\"og:image:height\" content=\"667\" \/>\n\t<meta property=\"og:image:type\" content=\"image\/jpeg\" \/>\n<meta name=\"author\" content=\"Algarve 7\" \/>\n<meta name=\"twitter:card\" content=\"summary_large_image\" \/>\n<meta name=\"twitter:creator\" content=\"@Algarvesete\" \/>\n<meta name=\"twitter:site\" content=\"@Algarvesete\" \/>\n<meta name=\"twitter:label1\" content=\"Escrito por\" \/>\n\t<meta name=\"twitter:data1\" content=\"Algarve 7\" \/>\n\t<meta name=\"twitter:label2\" content=\"Tempo estimado de leitura\" \/>\n\t<meta name=\"twitter:data2\" content=\"4 minutos\" \/>\n<script type=\"application\/ld+json\" class=\"yoast-schema-graph\">{\"@context\":\"https:\\\/\\\/schema.org\",\"@graph\":[{\"@type\":\"Article\",\"@id\":\"https:\\\/\\\/algarve7.pt\\\/index.php\\\/2023\\\/12\\\/i-jornadas-de-saude-mental-no-chua-reunem-especialistas-e-destacam-desafios-futuros\\\/saude\\\/11\\\/35\\\/#article\",\"isPartOf\":{\"@id\":\"https:\\\/\\\/algarve7.pt\\\/index.php\\\/2023\\\/12\\\/i-jornadas-de-saude-mental-no-chua-reunem-especialistas-e-destacam-desafios-futuros\\\/saude\\\/11\\\/35\\\/\"},\"author\":{\"name\":\"Algarve 7\",\"@id\":\"https:\\\/\\\/algarve7.pt\\\/#\\\/schema\\\/person\\\/23fa70681308e7b319a3204bcea45e0c\"},\"headline\":\"I Jornadas de Sa\u00fade Mental no CHUA re\u00fanem especialistas e destacam desafios futuros\",\"datePublished\":\"2023-12-12T11:35:00+00:00\",\"mainEntityOfPage\":{\"@id\":\"https:\\\/\\\/algarve7.pt\\\/index.php\\\/2023\\\/12\\\/i-jornadas-de-saude-mental-no-chua-reunem-especialistas-e-destacam-desafios-futuros\\\/saude\\\/11\\\/35\\\/\"},\"wordCount\":737,\"publisher\":{\"@id\":\"https:\\\/\\\/algarve7.pt\\\/#organization\"},\"image\":{\"@id\":\"https:\\\/\\\/algarve7.pt\\\/index.php\\\/2023\\\/12\\\/i-jornadas-de-saude-mental-no-chua-reunem-especialistas-e-destacam-desafios-futuros\\\/saude\\\/11\\\/35\\\/#primaryimage\"},\"thumbnailUrl\":\"https:\\\/\\\/algarve7.pt\\\/wp-content\\\/uploads\\\/2023\\\/12\\\/I-Jornadas-de-Saude-Mental-CHUA-3.jpg\",\"keywords\":[\"Algarve\",\"CHUA\",\"Sa\u00fade\"],\"articleSection\":[\"Sa\u00fade\"],\"inLanguage\":\"pt-PT\"},{\"@type\":\"WebPage\",\"@id\":\"https:\\\/\\\/algarve7.pt\\\/index.php\\\/2023\\\/12\\\/i-jornadas-de-saude-mental-no-chua-reunem-especialistas-e-destacam-desafios-futuros\\\/saude\\\/11\\\/35\\\/\",\"url\":\"https:\\\/\\\/algarve7.pt\\\/index.php\\\/2023\\\/12\\\/i-jornadas-de-saude-mental-no-chua-reunem-especialistas-e-destacam-desafios-futuros\\\/saude\\\/11\\\/35\\\/\",\"name\":\"I Jornadas de Sa\u00fade Mental no CHUA re\u00fanem especialistas e destacam desafios futuros - Algarve 7\",\"isPartOf\":{\"@id\":\"https:\\\/\\\/algarve7.pt\\\/#website\"},\"primaryImageOfPage\":{\"@id\":\"https:\\\/\\\/algarve7.pt\\\/index.php\\\/2023\\\/12\\\/i-jornadas-de-saude-mental-no-chua-reunem-especialistas-e-destacam-desafios-futuros\\\/saude\\\/11\\\/35\\\/#primaryimage\"},\"image\":{\"@id\":\"https:\\\/\\\/algarve7.pt\\\/index.php\\\/2023\\\/12\\\/i-jornadas-de-saude-mental-no-chua-reunem-especialistas-e-destacam-desafios-futuros\\\/saude\\\/11\\\/35\\\/#primaryimage\"},\"thumbnailUrl\":\"https:\\\/\\\/algarve7.pt\\\/wp-content\\\/uploads\\\/2023\\\/12\\\/I-Jornadas-de-Saude-Mental-CHUA-3.jpg\",\"datePublished\":\"2023-12-12T11:35:00+00:00\",\"description\":\"I Jornadas de Sa\u00fade Mental no CHUA re\u00fanem especialistas e destacam desafios futuros Sa\u00fade\",\"breadcrumb\":{\"@id\":\"https:\\\/\\\/algarve7.pt\\\/index.php\\\/2023\\\/12\\\/i-jornadas-de-saude-mental-no-chua-reunem-especialistas-e-destacam-desafios-futuros\\\/saude\\\/11\\\/35\\\/#breadcrumb\"},\"inLanguage\":\"pt-PT\",\"potentialAction\":[{\"@type\":\"ReadAction\",\"target\":[\"https:\\\/\\\/algarve7.pt\\\/index.php\\\/2023\\\/12\\\/i-jornadas-de-saude-mental-no-chua-reunem-especialistas-e-destacam-desafios-futuros\\\/saude\\\/11\\\/35\\\/\"]}]},{\"@type\":\"ImageObject\",\"inLanguage\":\"pt-PT\",\"@id\":\"https:\\\/\\\/algarve7.pt\\\/index.php\\\/2023\\\/12\\\/i-jornadas-de-saude-mental-no-chua-reunem-especialistas-e-destacam-desafios-futuros\\\/saude\\\/11\\\/35\\\/#primaryimage\",\"url\":\"https:\\\/\\\/algarve7.pt\\\/wp-content\\\/uploads\\\/2023\\\/12\\\/I-Jornadas-de-Saude-Mental-CHUA-3.jpg\",\"contentUrl\":\"https:\\\/\\\/algarve7.pt\\\/wp-content\\\/uploads\\\/2023\\\/12\\\/I-Jornadas-de-Saude-Mental-CHUA-3.jpg\",\"width\":1000,\"height\":667},{\"@type\":\"BreadcrumbList\",\"@id\":\"https:\\\/\\\/algarve7.pt\\\/index.php\\\/2023\\\/12\\\/i-jornadas-de-saude-mental-no-chua-reunem-especialistas-e-destacam-desafios-futuros\\\/saude\\\/11\\\/35\\\/#breadcrumb\",\"itemListElement\":[{\"@type\":\"ListItem\",\"position\":1,\"name\":\"In\u00edcio\",\"item\":\"https:\\\/\\\/algarve7.pt\\\/\"},{\"@type\":\"ListItem\",\"position\":2,\"name\":\"I Jornadas de Sa\u00fade Mental no CHUA re\u00fanem especialistas e destacam desafios futuros\"}]},{\"@type\":\"WebSite\",\"@id\":\"https:\\\/\\\/algarve7.pt\\\/#website\",\"url\":\"https:\\\/\\\/algarve7.pt\\\/\",\"name\":\"Algarve 7\",\"description\":\"Informa\u00e7\u00e3o sobre o Algarve\",\"publisher\":{\"@id\":\"https:\\\/\\\/algarve7.pt\\\/#organization\"},\"potentialAction\":[{\"@type\":\"SearchAction\",\"target\":{\"@type\":\"EntryPoint\",\"urlTemplate\":\"https:\\\/\\\/algarve7.pt\\\/?s={search_term_string}\"},\"query-input\":{\"@type\":\"PropertyValueSpecification\",\"valueRequired\":true,\"valueName\":\"search_term_string\"}}],\"inLanguage\":\"pt-PT\"},{\"@type\":\"Organization\",\"@id\":\"https:\\\/\\\/algarve7.pt\\\/#organization\",\"name\":\"Algarve 7\",\"url\":\"https:\\\/\\\/algarve7.pt\\\/\",\"logo\":{\"@type\":\"ImageObject\",\"inLanguage\":\"pt-PT\",\"@id\":\"https:\\\/\\\/algarve7.pt\\\/#\\\/schema\\\/logo\\\/image\\\/\",\"url\":\"https:\\\/\\\/algarve7.pt\\\/wp-content\\\/uploads\\\/2020\\\/10\\\/Logo-8.jpg\",\"contentUrl\":\"https:\\\/\\\/algarve7.pt\\\/wp-content\\\/uploads\\\/2020\\\/10\\\/Logo-8.jpg\",\"width\":1680,\"height\":1186,\"caption\":\"Algarve 7\"},\"image\":{\"@id\":\"https:\\\/\\\/algarve7.pt\\\/#\\\/schema\\\/logo\\\/image\\\/\"},\"sameAs\":[\"https:\\\/\\\/www.facebook.com\\\/algarve7\",\"https:\\\/\\\/x.com\\\/Algarvesete\",\"https:\\\/\\\/www.instagram.com\\\/jornalalgarve7\\\/\",\"https:\\\/\\\/www.linkedin.com\\\/company\\\/algarve7\",\"https:\\\/\\\/www.pinterest.pt\\\/geral0939\\\/_created\\\/\"]},{\"@type\":\"Person\",\"@id\":\"https:\\\/\\\/algarve7.pt\\\/#\\\/schema\\\/person\\\/23fa70681308e7b319a3204bcea45e0c\",\"name\":\"Algarve 7\",\"sameAs\":[\"https:\\\/\\\/algarve7.pt\",\"https:\\\/\\\/www.facebook.com\\\/algarve7\"],\"url\":\"https:\\\/\\\/algarve7.pt\\\/index.php\\\/author\\\/geralalgarve7-pt\\\/\"}]}<\/script>\n<!-- \/ Yoast SEO plugin. -->","yoast_head_json":{"title":"I Jornadas de Sa\u00fade Mental no CHUA re\u00fanem especialistas e destacam desafios futuros - Algarve 7","description":"I Jornadas de Sa\u00fade Mental no CHUA re\u00fanem especialistas e destacam desafios futuros Sa\u00fade","robots":{"index":"index","follow":"follow","max-snippet":"max-snippet:-1","max-image-preview":"max-image-preview:large","max-video-preview":"max-video-preview:-1"},"canonical":"https:\/\/algarve7.pt\/index.php\/2023\/12\/i-jornadas-de-saude-mental-no-chua-reunem-especialistas-e-destacam-desafios-futuros\/saude\/11\/35\/","og_locale":"pt_PT","og_type":"article","og_title":"I Jornadas de Sa\u00fade Mental no CHUA re\u00fanem especialistas e destacam desafios futuros - Algarve 7","og_description":"I Jornadas de Sa\u00fade Mental no CHUA re\u00fanem especialistas e destacam desafios futuros Sa\u00fade","og_url":"https:\/\/algarve7.pt\/index.php\/2023\/12\/i-jornadas-de-saude-mental-no-chua-reunem-especialistas-e-destacam-desafios-futuros\/saude\/11\/35\/","og_site_name":"Algarve 7","article_publisher":"https:\/\/www.facebook.com\/algarve7","article_author":"https:\/\/www.facebook.com\/algarve7","article_published_time":"2023-12-12T11:35:00+00:00","og_image":[{"width":1000,"height":667,"url":"https:\/\/algarve7.pt\/wp-content\/uploads\/2023\/12\/I-Jornadas-de-Saude-Mental-CHUA-3.jpg","type":"image\/jpeg"}],"author":"Algarve 7","twitter_card":"summary_large_image","twitter_creator":"@Algarvesete","twitter_site":"@Algarvesete","twitter_misc":{"Escrito por":"Algarve 7","Tempo estimado de leitura":"4 minutos"},"schema":{"@context":"https:\/\/schema.org","@graph":[{"@type":"Article","@id":"https:\/\/algarve7.pt\/index.php\/2023\/12\/i-jornadas-de-saude-mental-no-chua-reunem-especialistas-e-destacam-desafios-futuros\/saude\/11\/35\/#article","isPartOf":{"@id":"https:\/\/algarve7.pt\/index.php\/2023\/12\/i-jornadas-de-saude-mental-no-chua-reunem-especialistas-e-destacam-desafios-futuros\/saude\/11\/35\/"},"author":{"name":"Algarve 7","@id":"https:\/\/algarve7.pt\/#\/schema\/person\/23fa70681308e7b319a3204bcea45e0c"},"headline":"I Jornadas de Sa\u00fade Mental no CHUA re\u00fanem especialistas e destacam desafios futuros","datePublished":"2023-12-12T11:35:00+00:00","mainEntityOfPage":{"@id":"https:\/\/algarve7.pt\/index.php\/2023\/12\/i-jornadas-de-saude-mental-no-chua-reunem-especialistas-e-destacam-desafios-futuros\/saude\/11\/35\/"},"wordCount":737,"publisher":{"@id":"https:\/\/algarve7.pt\/#organization"},"image":{"@id":"https:\/\/algarve7.pt\/index.php\/2023\/12\/i-jornadas-de-saude-mental-no-chua-reunem-especialistas-e-destacam-desafios-futuros\/saude\/11\/35\/#primaryimage"},"thumbnailUrl":"https:\/\/algarve7.pt\/wp-content\/uploads\/2023\/12\/I-Jornadas-de-Saude-Mental-CHUA-3.jpg","keywords":["Algarve","CHUA","Sa\u00fade"],"articleSection":["Sa\u00fade"],"inLanguage":"pt-PT"},{"@type":"WebPage","@id":"https:\/\/algarve7.pt\/index.php\/2023\/12\/i-jornadas-de-saude-mental-no-chua-reunem-especialistas-e-destacam-desafios-futuros\/saude\/11\/35\/","url":"https:\/\/algarve7.pt\/index.php\/2023\/12\/i-jornadas-de-saude-mental-no-chua-reunem-especialistas-e-destacam-desafios-futuros\/saude\/11\/35\/","name":"I Jornadas de Sa\u00fade Mental no CHUA re\u00fanem especialistas e destacam desafios futuros - Algarve 7","isPartOf":{"@id":"https:\/\/algarve7.pt\/#website"},"primaryImageOfPage":{"@id":"https:\/\/algarve7.pt\/index.php\/2023\/12\/i-jornadas-de-saude-mental-no-chua-reunem-especialistas-e-destacam-desafios-futuros\/saude\/11\/35\/#primaryimage"},"image":{"@id":"https:\/\/algarve7.pt\/index.php\/2023\/12\/i-jornadas-de-saude-mental-no-chua-reunem-especialistas-e-destacam-desafios-futuros\/saude\/11\/35\/#primaryimage"},"thumbnailUrl":"https:\/\/algarve7.pt\/wp-content\/uploads\/2023\/12\/I-Jornadas-de-Saude-Mental-CHUA-3.jpg","datePublished":"2023-12-12T11:35:00+00:00","description":"I Jornadas de Sa\u00fade Mental no CHUA re\u00fanem especialistas e destacam desafios futuros Sa\u00fade","breadcrumb":{"@id":"https:\/\/algarve7.pt\/index.php\/2023\/12\/i-jornadas-de-saude-mental-no-chua-reunem-especialistas-e-destacam-desafios-futuros\/saude\/11\/35\/#breadcrumb"},"inLanguage":"pt-PT","potentialAction":[{"@type":"ReadAction","target":["https:\/\/algarve7.pt\/index.php\/2023\/12\/i-jornadas-de-saude-mental-no-chua-reunem-especialistas-e-destacam-desafios-futuros\/saude\/11\/35\/"]}]},{"@type":"ImageObject","inLanguage":"pt-PT","@id":"https:\/\/algarve7.pt\/index.php\/2023\/12\/i-jornadas-de-saude-mental-no-chua-reunem-especialistas-e-destacam-desafios-futuros\/saude\/11\/35\/#primaryimage","url":"https:\/\/algarve7.pt\/wp-content\/uploads\/2023\/12\/I-Jornadas-de-Saude-Mental-CHUA-3.jpg","contentUrl":"https:\/\/algarve7.pt\/wp-content\/uploads\/2023\/12\/I-Jornadas-de-Saude-Mental-CHUA-3.jpg","width":1000,"height":667},{"@type":"BreadcrumbList","@id":"https:\/\/algarve7.pt\/index.php\/2023\/12\/i-jornadas-de-saude-mental-no-chua-reunem-especialistas-e-destacam-desafios-futuros\/saude\/11\/35\/#breadcrumb","itemListElement":[{"@type":"ListItem","position":1,"name":"In\u00edcio","item":"https:\/\/algarve7.pt\/"},{"@type":"ListItem","position":2,"name":"I Jornadas de Sa\u00fade Mental no CHUA re\u00fanem especialistas e destacam desafios futuros"}]},{"@type":"WebSite","@id":"https:\/\/algarve7.pt\/#website","url":"https:\/\/algarve7.pt\/","name":"Algarve 7","description":"Informa\u00e7\u00e3o sobre o Algarve","publisher":{"@id":"https:\/\/algarve7.pt\/#organization"},"potentialAction":[{"@type":"SearchAction","target":{"@type":"EntryPoint","urlTemplate":"https:\/\/algarve7.pt\/?s={search_term_string}"},"query-input":{"@type":"PropertyValueSpecification","valueRequired":true,"valueName":"search_term_string"}}],"inLanguage":"pt-PT"},{"@type":"Organization","@id":"https:\/\/algarve7.pt\/#organization","name":"Algarve 7","url":"https:\/\/algarve7.pt\/","logo":{"@type":"ImageObject","inLanguage":"pt-PT","@id":"https:\/\/algarve7.pt\/#\/schema\/logo\/image\/","url":"https:\/\/algarve7.pt\/wp-content\/uploads\/2020\/10\/Logo-8.jpg","contentUrl":"https:\/\/algarve7.pt\/wp-content\/uploads\/2020\/10\/Logo-8.jpg","width":1680,"height":1186,"caption":"Algarve 7"},"image":{"@id":"https:\/\/algarve7.pt\/#\/schema\/logo\/image\/"},"sameAs":["https:\/\/www.facebook.com\/algarve7","https:\/\/x.com\/Algarvesete","https:\/\/www.instagram.com\/jornalalgarve7\/","https:\/\/www.linkedin.com\/company\/algarve7","https:\/\/www.pinterest.pt\/geral0939\/_created\/"]},{"@type":"Person","@id":"https:\/\/algarve7.pt\/#\/schema\/person\/23fa70681308e7b319a3204bcea45e0c","name":"Algarve 7","sameAs":["https:\/\/algarve7.pt","https:\/\/www.facebook.com\/algarve7"],"url":"https:\/\/algarve7.pt\/index.php\/author\/geralalgarve7-pt\/"}]}},"jetpack_publicize_connections":[],"jetpack_featured_media_url":"https:\/\/algarve7.pt\/wp-content\/uploads\/2023\/12\/I-Jornadas-de-Saude-Mental-CHUA-3.jpg","jetpack_shortlink":"https:\/\/wp.me\/pcezmW-8Oh","jetpack_sharing_enabled":true,"_links":{"self":[{"href":"https:\/\/algarve7.pt\/index.php\/wp-json\/wp\/v2\/posts\/33869","targetHints":{"allow":["GET"]}}],"collection":[{"href":"https:\/\/algarve7.pt\/index.php\/wp-json\/wp\/v2\/posts"}],"about":[{"href":"https:\/\/algarve7.pt\/index.php\/wp-json\/wp\/v2\/types\/post"}],"author":[{"embeddable":true,"href":"https:\/\/algarve7.pt\/index.php\/wp-json\/wp\/v2\/users\/1"}],"replies":[{"embeddable":true,"href":"https:\/\/algarve7.pt\/index.php\/wp-json\/wp\/v2\/comments?post=33869"}],"version-history":[{"count":0,"href":"https:\/\/algarve7.pt\/index.php\/wp-json\/wp\/v2\/posts\/33869\/revisions"}],"wp:featuredmedia":[{"embeddable":true,"href":"https:\/\/algarve7.pt\/index.php\/wp-json\/wp\/v2\/media\/33870"}],"wp:attachment":[{"href":"https:\/\/algarve7.pt\/index.php\/wp-json\/wp\/v2\/media?parent=33869"}],"wp:term":[{"taxonomy":"category","embeddable":true,"href":"https:\/\/algarve7.pt\/index.php\/wp-json\/wp\/v2\/categories?post=33869"},{"taxonomy":"post_tag","embeddable":true,"href":"https:\/\/algarve7.pt\/index.php\/wp-json\/wp\/v2\/tags?post=33869"}],"curies":[{"name":"wp","href":"https:\/\/api.w.org\/{rel}","templated":true}]}}