{"id":33862,"date":"2023-12-12T10:32:00","date_gmt":"2023-12-12T10:32:00","guid":{"rendered":"https:\/\/algarve7.pt\/?p=33862"},"modified":"2023-12-11T22:32:59","modified_gmt":"2023-12-11T22:32:59","slug":"docente-da-ualg-nomeado-officier-de-lordre-des-arts-et-des-lettres-pelo-governo-da-republica-francesa","status":"publish","type":"post","link":"https:\/\/algarve7.pt\/index.php\/2023\/12\/docente-da-ualg-nomeado-officier-de-lordre-des-arts-et-des-lettres-pelo-governo-da-republica-francesa\/cultura\/10\/32\/","title":{"rendered":"Docente da UAlg nomeado &#8220;Officier de l\u2019Ordre des Arts et des Lettres&#8221; pelo Governo da Rep\u00fablica Francesa"},"content":{"rendered":"\n<figure class=\"wp-block-table\"><table><tbody><tr><td><strong>O Governo da Rep\u00fablica Francesa, por despacho da ministra da Cultura, Rima Abdul Malak, nomeou Manuel C\u00e9lio Concei\u00e7\u00e3o, docente da Universidade do Algarve, &#8220;Officier de l\u2019Ordre des Arts et des Lettres&#8221;.\u00a0<\/strong>A atribui\u00e7\u00e3o desta distin\u00e7\u00e3o \u00e9 atribu\u00edda, segundo o mesmo despacho, a personalidades que se distinguem pela sua atividade nos dom\u00ednios da cultura e da comunica\u00e7\u00e3o e pela contribui\u00e7\u00e3o para a promo\u00e7\u00e3o das Artes e das Letras em Fran\u00e7a e no mundo.\u00a0<br>A atividade de Manuel C\u00e9lio Concei\u00e7\u00e3o, com grande proje\u00e7\u00e3o internacional na investiga\u00e7\u00e3o, na forma\u00e7\u00e3o e na transfer\u00eancia de conhecimento, centra-se na \u00e1rea das ci\u00eancias da linguagem, em particular nos dom\u00ednios da diversidade lingu\u00edstica e cultural, do multilinguismo e das pol\u00edticas lingu\u00edsticas e da comunica\u00e7\u00e3o de ci\u00eancia, \u00e1rea em que coordena uma tarefa espec\u00edfica na Alian\u00e7a da Universidade Europeia dos Mares (EA-EU), um cons\u00f3rcio formado por\u00a0nove universidades.<br>Recorde-se que Manuel C\u00e9lio Concei\u00e7\u00e3o j\u00e1 tinha sido distinguido com o grau inferior desta Ordem Honor\u00edfica (Chevalier) em 2013.\u00a0\u00a0A cerim\u00f3nia de aposi\u00e7\u00e3o das ins\u00edgnias ocorrer\u00e1 no in\u00edcio de 2024.\u00a0<\/td><\/tr><\/tbody><\/table><\/figure>\n","protected":false},"excerpt":{"rendered":"<p>O Governo da Rep\u00fablica Francesa, por despacho da ministra da Cultura, Rima Abdul Malak, nomeou Manuel C\u00e9lio Concei\u00e7\u00e3o, docente da<\/p>\n","protected":false},"author":1,"featured_media":33863,"comment_status":"closed","ping_status":"open","sticky":false,"template":"","format":"standard","meta":{"colormag_page_container_layout":"default_layout","colormag_page_sidebar_layout":"default_layout","_monsterinsights_skip_tracking":false,"_monsterinsights_sitenote_active":false,"_monsterinsights_sitenote_note":"","_monsterinsights_sitenote_category":0,"jetpack_post_was_ever_published":false,"_jetpack_newsletter_access":"","_jetpack_dont_email_post_to_subs":false,"_jetpack_newsletter_tier_id":0,"_jetpack_memberships_contains_paywalled_content":false,"_jetpack_memberships_contains_paid_content":false,"footnotes":"","jetpack_publicize_message":"","jetpack_publicize_feature_enabled":true,"jetpack_social_post_already_shared":true,"jetpack_social_options":{"image_generator_settings":{"template":"highway","default_image_id":0,"font":"","enabled":false},"version":2}},"categories":[14],"tags":[36,35,182],"class_list":["post-33862","post","type-post","status-publish","format-standard","has-post-thumbnail","hentry","category-cultura","tag-algarve","tag-cultura","tag-ualg"],"yoast_head":"<!-- This site is optimized with the Yoast SEO plugin v27.5 - https:\/\/yoast.com\/product\/yoast-seo-wordpress\/ -->\n<title>Docente da UAlg nomeado &quot;Officier de l\u2019Ordre des Arts et des Lettres&quot; pelo Governo da Rep\u00fablica Francesa - Algarve 7<\/title>\n<meta name=\"description\" content=\"Docente da UAlg nomeado &quot;Officier de l\u2019Ordre des Arts et des Lettres&quot; pelo Governo da Rep\u00fablica Francesa Cultura\" \/>\n<meta name=\"robots\" content=\"index, follow, max-snippet:-1, max-image-preview:large, max-video-preview:-1\" \/>\n<link rel=\"canonical\" href=\"https:\/\/algarve7.pt\/index.php\/2023\/12\/docente-da-ualg-nomeado-officier-de-lordre-des-arts-et-des-lettres-pelo-governo-da-republica-francesa\/cultura\/10\/32\/\" \/>\n<meta property=\"og:locale\" content=\"pt_PT\" \/>\n<meta property=\"og:type\" content=\"article\" \/>\n<meta property=\"og:title\" content=\"Docente da UAlg nomeado &quot;Officier de l\u2019Ordre des Arts et des Lettres&quot; pelo Governo da Rep\u00fablica Francesa - Algarve 7\" \/>\n<meta property=\"og:description\" content=\"Docente da UAlg nomeado &quot;Officier de l\u2019Ordre des Arts et des Lettres&quot; pelo Governo da Rep\u00fablica Francesa Cultura\" \/>\n<meta property=\"og:url\" content=\"https:\/\/algarve7.pt\/index.php\/2023\/12\/docente-da-ualg-nomeado-officier-de-lordre-des-arts-et-des-lettres-pelo-governo-da-republica-francesa\/cultura\/10\/32\/\" \/>\n<meta property=\"og:site_name\" content=\"Algarve 7\" \/>\n<meta property=\"article:publisher\" content=\"https:\/\/www.facebook.com\/algarve7\" \/>\n<meta property=\"article:author\" content=\"https:\/\/www.facebook.com\/algarve7\" \/>\n<meta property=\"article:published_time\" content=\"2023-12-12T10:32:00+00:00\" \/>\n<meta property=\"og:image\" content=\"https:\/\/algarve7.pt\/wp-content\/uploads\/2023\/12\/primage_71473.jpeg\" \/>\n\t<meta property=\"og:image:width\" content=\"1000\" \/>\n\t<meta property=\"og:image:height\" content=\"676\" \/>\n\t<meta property=\"og:image:type\" content=\"image\/jpeg\" \/>\n<meta name=\"author\" content=\"Algarve 7\" \/>\n<meta name=\"twitter:card\" content=\"summary_large_image\" \/>\n<meta name=\"twitter:creator\" content=\"@Algarvesete\" \/>\n<meta name=\"twitter:site\" content=\"@Algarvesete\" \/>\n<meta name=\"twitter:label1\" content=\"Escrito por\" \/>\n\t<meta name=\"twitter:data1\" content=\"Algarve 7\" \/>\n\t<meta name=\"twitter:label2\" content=\"Tempo estimado de leitura\" \/>\n\t<meta name=\"twitter:data2\" content=\"1 minuto\" \/>\n<script type=\"application\/ld+json\" class=\"yoast-schema-graph\">{\"@context\":\"https:\\\/\\\/schema.org\",\"@graph\":[{\"@type\":\"Article\",\"@id\":\"https:\\\/\\\/algarve7.pt\\\/index.php\\\/2023\\\/12\\\/docente-da-ualg-nomeado-officier-de-lordre-des-arts-et-des-lettres-pelo-governo-da-republica-francesa\\\/cultura\\\/10\\\/32\\\/#article\",\"isPartOf\":{\"@id\":\"https:\\\/\\\/algarve7.pt\\\/index.php\\\/2023\\\/12\\\/docente-da-ualg-nomeado-officier-de-lordre-des-arts-et-des-lettres-pelo-governo-da-republica-francesa\\\/cultura\\\/10\\\/32\\\/\"},\"author\":{\"name\":\"Algarve 7\",\"@id\":\"https:\\\/\\\/algarve7.pt\\\/#\\\/schema\\\/person\\\/23fa70681308e7b319a3204bcea45e0c\"},\"headline\":\"Docente da UAlg nomeado &#8220;Officier de l\u2019Ordre des Arts et des Lettres&#8221; pelo Governo da Rep\u00fablica Francesa\",\"datePublished\":\"2023-12-12T10:32:00+00:00\",\"mainEntityOfPage\":{\"@id\":\"https:\\\/\\\/algarve7.pt\\\/index.php\\\/2023\\\/12\\\/docente-da-ualg-nomeado-officier-de-lordre-des-arts-et-des-lettres-pelo-governo-da-republica-francesa\\\/cultura\\\/10\\\/32\\\/\"},\"wordCount\":220,\"publisher\":{\"@id\":\"https:\\\/\\\/algarve7.pt\\\/#organization\"},\"image\":{\"@id\":\"https:\\\/\\\/algarve7.pt\\\/index.php\\\/2023\\\/12\\\/docente-da-ualg-nomeado-officier-de-lordre-des-arts-et-des-lettres-pelo-governo-da-republica-francesa\\\/cultura\\\/10\\\/32\\\/#primaryimage\"},\"thumbnailUrl\":\"https:\\\/\\\/algarve7.pt\\\/wp-content\\\/uploads\\\/2023\\\/12\\\/primage_71473.jpeg\",\"keywords\":[\"Algarve\",\"Cultura\",\"UALG\"],\"articleSection\":[\"Cultura\"],\"inLanguage\":\"pt-PT\"},{\"@type\":\"WebPage\",\"@id\":\"https:\\\/\\\/algarve7.pt\\\/index.php\\\/2023\\\/12\\\/docente-da-ualg-nomeado-officier-de-lordre-des-arts-et-des-lettres-pelo-governo-da-republica-francesa\\\/cultura\\\/10\\\/32\\\/\",\"url\":\"https:\\\/\\\/algarve7.pt\\\/index.php\\\/2023\\\/12\\\/docente-da-ualg-nomeado-officier-de-lordre-des-arts-et-des-lettres-pelo-governo-da-republica-francesa\\\/cultura\\\/10\\\/32\\\/\",\"name\":\"Docente da UAlg nomeado \\\"Officier de l\u2019Ordre des Arts et des Lettres\\\" pelo Governo da Rep\u00fablica Francesa - Algarve 7\",\"isPartOf\":{\"@id\":\"https:\\\/\\\/algarve7.pt\\\/#website\"},\"primaryImageOfPage\":{\"@id\":\"https:\\\/\\\/algarve7.pt\\\/index.php\\\/2023\\\/12\\\/docente-da-ualg-nomeado-officier-de-lordre-des-arts-et-des-lettres-pelo-governo-da-republica-francesa\\\/cultura\\\/10\\\/32\\\/#primaryimage\"},\"image\":{\"@id\":\"https:\\\/\\\/algarve7.pt\\\/index.php\\\/2023\\\/12\\\/docente-da-ualg-nomeado-officier-de-lordre-des-arts-et-des-lettres-pelo-governo-da-republica-francesa\\\/cultura\\\/10\\\/32\\\/#primaryimage\"},\"thumbnailUrl\":\"https:\\\/\\\/algarve7.pt\\\/wp-content\\\/uploads\\\/2023\\\/12\\\/primage_71473.jpeg\",\"datePublished\":\"2023-12-12T10:32:00+00:00\",\"description\":\"Docente da UAlg nomeado \\\"Officier de l\u2019Ordre des Arts et des Lettres\\\" pelo Governo da Rep\u00fablica Francesa Cultura\",\"breadcrumb\":{\"@id\":\"https:\\\/\\\/algarve7.pt\\\/index.php\\\/2023\\\/12\\\/docente-da-ualg-nomeado-officier-de-lordre-des-arts-et-des-lettres-pelo-governo-da-republica-francesa\\\/cultura\\\/10\\\/32\\\/#breadcrumb\"},\"inLanguage\":\"pt-PT\",\"potentialAction\":[{\"@type\":\"ReadAction\",\"target\":[\"https:\\\/\\\/algarve7.pt\\\/index.php\\\/2023\\\/12\\\/docente-da-ualg-nomeado-officier-de-lordre-des-arts-et-des-lettres-pelo-governo-da-republica-francesa\\\/cultura\\\/10\\\/32\\\/\"]}]},{\"@type\":\"ImageObject\",\"inLanguage\":\"pt-PT\",\"@id\":\"https:\\\/\\\/algarve7.pt\\\/index.php\\\/2023\\\/12\\\/docente-da-ualg-nomeado-officier-de-lordre-des-arts-et-des-lettres-pelo-governo-da-republica-francesa\\\/cultura\\\/10\\\/32\\\/#primaryimage\",\"url\":\"https:\\\/\\\/algarve7.pt\\\/wp-content\\\/uploads\\\/2023\\\/12\\\/primage_71473.jpeg\",\"contentUrl\":\"https:\\\/\\\/algarve7.pt\\\/wp-content\\\/uploads\\\/2023\\\/12\\\/primage_71473.jpeg\",\"width\":1000,\"height\":676},{\"@type\":\"BreadcrumbList\",\"@id\":\"https:\\\/\\\/algarve7.pt\\\/index.php\\\/2023\\\/12\\\/docente-da-ualg-nomeado-officier-de-lordre-des-arts-et-des-lettres-pelo-governo-da-republica-francesa\\\/cultura\\\/10\\\/32\\\/#breadcrumb\",\"itemListElement\":[{\"@type\":\"ListItem\",\"position\":1,\"name\":\"In\u00edcio\",\"item\":\"https:\\\/\\\/algarve7.pt\\\/\"},{\"@type\":\"ListItem\",\"position\":2,\"name\":\"Docente da UAlg nomeado &#8220;Officier de l\u2019Ordre des Arts et des Lettres&#8221; pelo Governo da Rep\u00fablica Francesa\"}]},{\"@type\":\"WebSite\",\"@id\":\"https:\\\/\\\/algarve7.pt\\\/#website\",\"url\":\"https:\\\/\\\/algarve7.pt\\\/\",\"name\":\"Algarve 7\",\"description\":\"Informa\u00e7\u00e3o sobre o Algarve\",\"publisher\":{\"@id\":\"https:\\\/\\\/algarve7.pt\\\/#organization\"},\"potentialAction\":[{\"@type\":\"SearchAction\",\"target\":{\"@type\":\"EntryPoint\",\"urlTemplate\":\"https:\\\/\\\/algarve7.pt\\\/?s={search_term_string}\"},\"query-input\":{\"@type\":\"PropertyValueSpecification\",\"valueRequired\":true,\"valueName\":\"search_term_string\"}}],\"inLanguage\":\"pt-PT\"},{\"@type\":\"Organization\",\"@id\":\"https:\\\/\\\/algarve7.pt\\\/#organization\",\"name\":\"Algarve 7\",\"url\":\"https:\\\/\\\/algarve7.pt\\\/\",\"logo\":{\"@type\":\"ImageObject\",\"inLanguage\":\"pt-PT\",\"@id\":\"https:\\\/\\\/algarve7.pt\\\/#\\\/schema\\\/logo\\\/image\\\/\",\"url\":\"https:\\\/\\\/algarve7.pt\\\/wp-content\\\/uploads\\\/2020\\\/10\\\/Logo-8.jpg\",\"contentUrl\":\"https:\\\/\\\/algarve7.pt\\\/wp-content\\\/uploads\\\/2020\\\/10\\\/Logo-8.jpg\",\"width\":1680,\"height\":1186,\"caption\":\"Algarve 7\"},\"image\":{\"@id\":\"https:\\\/\\\/algarve7.pt\\\/#\\\/schema\\\/logo\\\/image\\\/\"},\"sameAs\":[\"https:\\\/\\\/www.facebook.com\\\/algarve7\",\"https:\\\/\\\/x.com\\\/Algarvesete\",\"https:\\\/\\\/www.instagram.com\\\/jornalalgarve7\\\/\",\"https:\\\/\\\/www.linkedin.com\\\/company\\\/algarve7\",\"https:\\\/\\\/www.pinterest.pt\\\/geral0939\\\/_created\\\/\"]},{\"@type\":\"Person\",\"@id\":\"https:\\\/\\\/algarve7.pt\\\/#\\\/schema\\\/person\\\/23fa70681308e7b319a3204bcea45e0c\",\"name\":\"Algarve 7\",\"sameAs\":[\"https:\\\/\\\/algarve7.pt\",\"https:\\\/\\\/www.facebook.com\\\/algarve7\"],\"url\":\"https:\\\/\\\/algarve7.pt\\\/index.php\\\/author\\\/geralalgarve7-pt\\\/\"}]}<\/script>\n<!-- \/ Yoast SEO plugin. -->","yoast_head_json":{"title":"Docente da UAlg nomeado \"Officier de l\u2019Ordre des Arts et des Lettres\" pelo Governo da Rep\u00fablica Francesa - Algarve 7","description":"Docente da UAlg nomeado \"Officier de l\u2019Ordre des Arts et des Lettres\" pelo Governo da Rep\u00fablica Francesa Cultura","robots":{"index":"index","follow":"follow","max-snippet":"max-snippet:-1","max-image-preview":"max-image-preview:large","max-video-preview":"max-video-preview:-1"},"canonical":"https:\/\/algarve7.pt\/index.php\/2023\/12\/docente-da-ualg-nomeado-officier-de-lordre-des-arts-et-des-lettres-pelo-governo-da-republica-francesa\/cultura\/10\/32\/","og_locale":"pt_PT","og_type":"article","og_title":"Docente da UAlg nomeado \"Officier de l\u2019Ordre des Arts et des Lettres\" pelo Governo da Rep\u00fablica Francesa - Algarve 7","og_description":"Docente da UAlg nomeado \"Officier de l\u2019Ordre des Arts et des Lettres\" pelo Governo da Rep\u00fablica Francesa Cultura","og_url":"https:\/\/algarve7.pt\/index.php\/2023\/12\/docente-da-ualg-nomeado-officier-de-lordre-des-arts-et-des-lettres-pelo-governo-da-republica-francesa\/cultura\/10\/32\/","og_site_name":"Algarve 7","article_publisher":"https:\/\/www.facebook.com\/algarve7","article_author":"https:\/\/www.facebook.com\/algarve7","article_published_time":"2023-12-12T10:32:00+00:00","og_image":[{"width":1000,"height":676,"url":"https:\/\/algarve7.pt\/wp-content\/uploads\/2023\/12\/primage_71473.jpeg","type":"image\/jpeg"}],"author":"Algarve 7","twitter_card":"summary_large_image","twitter_creator":"@Algarvesete","twitter_site":"@Algarvesete","twitter_misc":{"Escrito por":"Algarve 7","Tempo estimado de leitura":"1 minuto"},"schema":{"@context":"https:\/\/schema.org","@graph":[{"@type":"Article","@id":"https:\/\/algarve7.pt\/index.php\/2023\/12\/docente-da-ualg-nomeado-officier-de-lordre-des-arts-et-des-lettres-pelo-governo-da-republica-francesa\/cultura\/10\/32\/#article","isPartOf":{"@id":"https:\/\/algarve7.pt\/index.php\/2023\/12\/docente-da-ualg-nomeado-officier-de-lordre-des-arts-et-des-lettres-pelo-governo-da-republica-francesa\/cultura\/10\/32\/"},"author":{"name":"Algarve 7","@id":"https:\/\/algarve7.pt\/#\/schema\/person\/23fa70681308e7b319a3204bcea45e0c"},"headline":"Docente da UAlg nomeado &#8220;Officier de l\u2019Ordre des Arts et des Lettres&#8221; pelo Governo da Rep\u00fablica Francesa","datePublished":"2023-12-12T10:32:00+00:00","mainEntityOfPage":{"@id":"https:\/\/algarve7.pt\/index.php\/2023\/12\/docente-da-ualg-nomeado-officier-de-lordre-des-arts-et-des-lettres-pelo-governo-da-republica-francesa\/cultura\/10\/32\/"},"wordCount":220,"publisher":{"@id":"https:\/\/algarve7.pt\/#organization"},"image":{"@id":"https:\/\/algarve7.pt\/index.php\/2023\/12\/docente-da-ualg-nomeado-officier-de-lordre-des-arts-et-des-lettres-pelo-governo-da-republica-francesa\/cultura\/10\/32\/#primaryimage"},"thumbnailUrl":"https:\/\/algarve7.pt\/wp-content\/uploads\/2023\/12\/primage_71473.jpeg","keywords":["Algarve","Cultura","UALG"],"articleSection":["Cultura"],"inLanguage":"pt-PT"},{"@type":"WebPage","@id":"https:\/\/algarve7.pt\/index.php\/2023\/12\/docente-da-ualg-nomeado-officier-de-lordre-des-arts-et-des-lettres-pelo-governo-da-republica-francesa\/cultura\/10\/32\/","url":"https:\/\/algarve7.pt\/index.php\/2023\/12\/docente-da-ualg-nomeado-officier-de-lordre-des-arts-et-des-lettres-pelo-governo-da-republica-francesa\/cultura\/10\/32\/","name":"Docente da UAlg nomeado \"Officier de l\u2019Ordre des Arts et des Lettres\" pelo Governo da Rep\u00fablica Francesa - Algarve 7","isPartOf":{"@id":"https:\/\/algarve7.pt\/#website"},"primaryImageOfPage":{"@id":"https:\/\/algarve7.pt\/index.php\/2023\/12\/docente-da-ualg-nomeado-officier-de-lordre-des-arts-et-des-lettres-pelo-governo-da-republica-francesa\/cultura\/10\/32\/#primaryimage"},"image":{"@id":"https:\/\/algarve7.pt\/index.php\/2023\/12\/docente-da-ualg-nomeado-officier-de-lordre-des-arts-et-des-lettres-pelo-governo-da-republica-francesa\/cultura\/10\/32\/#primaryimage"},"thumbnailUrl":"https:\/\/algarve7.pt\/wp-content\/uploads\/2023\/12\/primage_71473.jpeg","datePublished":"2023-12-12T10:32:00+00:00","description":"Docente da UAlg nomeado \"Officier de l\u2019Ordre des Arts et des Lettres\" pelo Governo da Rep\u00fablica Francesa Cultura","breadcrumb":{"@id":"https:\/\/algarve7.pt\/index.php\/2023\/12\/docente-da-ualg-nomeado-officier-de-lordre-des-arts-et-des-lettres-pelo-governo-da-republica-francesa\/cultura\/10\/32\/#breadcrumb"},"inLanguage":"pt-PT","potentialAction":[{"@type":"ReadAction","target":["https:\/\/algarve7.pt\/index.php\/2023\/12\/docente-da-ualg-nomeado-officier-de-lordre-des-arts-et-des-lettres-pelo-governo-da-republica-francesa\/cultura\/10\/32\/"]}]},{"@type":"ImageObject","inLanguage":"pt-PT","@id":"https:\/\/algarve7.pt\/index.php\/2023\/12\/docente-da-ualg-nomeado-officier-de-lordre-des-arts-et-des-lettres-pelo-governo-da-republica-francesa\/cultura\/10\/32\/#primaryimage","url":"https:\/\/algarve7.pt\/wp-content\/uploads\/2023\/12\/primage_71473.jpeg","contentUrl":"https:\/\/algarve7.pt\/wp-content\/uploads\/2023\/12\/primage_71473.jpeg","width":1000,"height":676},{"@type":"BreadcrumbList","@id":"https:\/\/algarve7.pt\/index.php\/2023\/12\/docente-da-ualg-nomeado-officier-de-lordre-des-arts-et-des-lettres-pelo-governo-da-republica-francesa\/cultura\/10\/32\/#breadcrumb","itemListElement":[{"@type":"ListItem","position":1,"name":"In\u00edcio","item":"https:\/\/algarve7.pt\/"},{"@type":"ListItem","position":2,"name":"Docente da UAlg nomeado &#8220;Officier de l\u2019Ordre des Arts et des Lettres&#8221; pelo Governo da Rep\u00fablica Francesa"}]},{"@type":"WebSite","@id":"https:\/\/algarve7.pt\/#website","url":"https:\/\/algarve7.pt\/","name":"Algarve 7","description":"Informa\u00e7\u00e3o sobre o Algarve","publisher":{"@id":"https:\/\/algarve7.pt\/#organization"},"potentialAction":[{"@type":"SearchAction","target":{"@type":"EntryPoint","urlTemplate":"https:\/\/algarve7.pt\/?s={search_term_string}"},"query-input":{"@type":"PropertyValueSpecification","valueRequired":true,"valueName":"search_term_string"}}],"inLanguage":"pt-PT"},{"@type":"Organization","@id":"https:\/\/algarve7.pt\/#organization","name":"Algarve 7","url":"https:\/\/algarve7.pt\/","logo":{"@type":"ImageObject","inLanguage":"pt-PT","@id":"https:\/\/algarve7.pt\/#\/schema\/logo\/image\/","url":"https:\/\/algarve7.pt\/wp-content\/uploads\/2020\/10\/Logo-8.jpg","contentUrl":"https:\/\/algarve7.pt\/wp-content\/uploads\/2020\/10\/Logo-8.jpg","width":1680,"height":1186,"caption":"Algarve 7"},"image":{"@id":"https:\/\/algarve7.pt\/#\/schema\/logo\/image\/"},"sameAs":["https:\/\/www.facebook.com\/algarve7","https:\/\/x.com\/Algarvesete","https:\/\/www.instagram.com\/jornalalgarve7\/","https:\/\/www.linkedin.com\/company\/algarve7","https:\/\/www.pinterest.pt\/geral0939\/_created\/"]},{"@type":"Person","@id":"https:\/\/algarve7.pt\/#\/schema\/person\/23fa70681308e7b319a3204bcea45e0c","name":"Algarve 7","sameAs":["https:\/\/algarve7.pt","https:\/\/www.facebook.com\/algarve7"],"url":"https:\/\/algarve7.pt\/index.php\/author\/geralalgarve7-pt\/"}]}},"jetpack_publicize_connections":[],"jetpack_featured_media_url":"https:\/\/algarve7.pt\/wp-content\/uploads\/2023\/12\/primage_71473.jpeg","jetpack_shortlink":"https:\/\/wp.me\/pcezmW-8Oa","jetpack_sharing_enabled":true,"_links":{"self":[{"href":"https:\/\/algarve7.pt\/index.php\/wp-json\/wp\/v2\/posts\/33862","targetHints":{"allow":["GET"]}}],"collection":[{"href":"https:\/\/algarve7.pt\/index.php\/wp-json\/wp\/v2\/posts"}],"about":[{"href":"https:\/\/algarve7.pt\/index.php\/wp-json\/wp\/v2\/types\/post"}],"author":[{"embeddable":true,"href":"https:\/\/algarve7.pt\/index.php\/wp-json\/wp\/v2\/users\/1"}],"replies":[{"embeddable":true,"href":"https:\/\/algarve7.pt\/index.php\/wp-json\/wp\/v2\/comments?post=33862"}],"version-history":[{"count":0,"href":"https:\/\/algarve7.pt\/index.php\/wp-json\/wp\/v2\/posts\/33862\/revisions"}],"wp:featuredmedia":[{"embeddable":true,"href":"https:\/\/algarve7.pt\/index.php\/wp-json\/wp\/v2\/media\/33863"}],"wp:attachment":[{"href":"https:\/\/algarve7.pt\/index.php\/wp-json\/wp\/v2\/media?parent=33862"}],"wp:term":[{"taxonomy":"category","embeddable":true,"href":"https:\/\/algarve7.pt\/index.php\/wp-json\/wp\/v2\/categories?post=33862"},{"taxonomy":"post_tag","embeddable":true,"href":"https:\/\/algarve7.pt\/index.php\/wp-json\/wp\/v2\/tags?post=33862"}],"curies":[{"name":"wp","href":"https:\/\/api.w.org\/{rel}","templated":true}]}}