{"id":33860,"date":"2023-12-12T10:00:00","date_gmt":"2023-12-12T10:00:00","guid":{"rendered":"https:\/\/algarve7.pt\/?p=33860"},"modified":"2023-12-11T22:29:17","modified_gmt":"2023-12-11T22:29:17","slug":"municipio-de-lagoa-investiu-mais-de-800-mil-euros-em-iluminacao-publica-led-em-2023","status":"publish","type":"post","link":"https:\/\/algarve7.pt\/index.php\/2023\/12\/municipio-de-lagoa-investiu-mais-de-800-mil-euros-em-iluminacao-publica-led-em-2023\/atualidade\/10\/00\/","title":{"rendered":"Munic\u00edpio de Lagoa investiu mais de 800 mil euros em ilumina\u00e7\u00e3o p\u00fablica LED em 2023"},"content":{"rendered":"\n<p>O Munic\u00edpio de Lagoa voltou a investir, durante o ano de 2023, na substitui\u00e7\u00e3o das tradicionais lumin\u00e1rias de vapor de merc\u00fario, vapor de s\u00f3dio e iodetos met\u00e1licos por tecnologia LED, com o grande objetivo de reduzir o consumo e assim contribuir para um concelho cada vez mais sustent\u00e1vel, economicamente e ambientalmente. \u00a0<\/p>\n\n\n\n<p>Lagoa tem vindo a realizar, ao longo dos \u00faltimos anos, um grande investimento na reabilita\u00e7\u00e3o da ilumina\u00e7\u00e3o p\u00fablica e o ano de 2023 n\u00e3o foi exce\u00e7\u00e3o, tendo o Munic\u00edpio de Lagoa investido mais de 800 mil euros, em diferentes zonas do concelho.<\/p>\n\n\n\n<p>Durante o ano de 2023 foram realizadas a Fase III de Ferragudo, Fase III de Est\u00f4mbar e a Fase III de Porches, tendo o territ\u00f3rio do concelho de Lagoa, com estas interven\u00e7\u00f5es, ficado com mais de 30% coberto por tecnologia LED, permitindo, entre v\u00e1rios benef\u00edcios ambientais, aumentar a poupan\u00e7a em ilumina\u00e7\u00e3o p\u00fablica.<\/p>\n\n\n\n<p>Para al\u00e9m da substitui\u00e7\u00e3o das tradicionais lumin\u00e1rias de vapor de merc\u00fario, vapor de s\u00f3dio e iodetos met\u00e1licos por tecnologia LED, as novas lumin\u00e1rias est\u00e3o equipadas com um regime de regula\u00e7\u00e3o que permite que a ilumina\u00e7\u00e3o p\u00fablica diminua durante o per\u00edodo da noite, atrav\u00e9s da redu\u00e7\u00e3o da pot\u00eancia, reduzindo, tamb\u00e9m, o consumo.<\/p>\n\n\n\n<p>Neste momento j\u00e1 se encontram em concurso p\u00fablico os procedimentos que ir\u00e3o permitir ao Munic\u00edpio de Lagoa continuar a investir na requalifica\u00e7\u00e3o da rede de ilumina\u00e7\u00e3o p\u00fablica, durante o ano de 2024, estando previsto um investimento de mais de 800 mil euros. Assim, o Munic\u00edpio de Lagoa encontra-se preparado para executar a requalifica\u00e7\u00e3o da rede de ilumina\u00e7\u00e3o p\u00fablica em mais tr\u00eas zonas do concelho, denominadas por Ferragudo Fase IV, Est\u00f4mbar Fase IV e Lagoa Fase V.<\/p>\n\n\n\n<p>\u00c9, atrav\u00e9s destes e de outros projetos estrat\u00e9gicos, que o Munic\u00edpio de Lagoa se encontra alinhado com a estrat\u00e9gica de implementa\u00e7\u00e3o dos Objetivos para o Desenvolvimento Sustent\u00e1vel da ONU (ODS), nomeadamente com o 7\u00ba e o 12\u00ba ODS que prop\u00f5em \u201cGarantir o acesso a fontes de energia fi\u00e1veis, sustent\u00e1veis e modernas para todos\u201d, bem como \u201cGarantir padr\u00f5es de consumo e de produ\u00e7\u00e3o sustent\u00e1veis\u201d.<\/p>\n\n\n\n<p>\u201cEste \u00e9 um investimento fundamental para contribuirmos para um planeta cada vez mais sustent\u00e1vel. Sabemos que \u00e9 um investimento com pouca visibilidade, mas \u00e9 de extrema import\u00e2ncia. S\u00f3 iremos ficar satisfeitos quando o concelho estiver totalmente coberto com tecnologia amiga do ambiente\u201d, afirmou Lu\u00eds Encarna\u00e7\u00e3o, Presidente da C\u00e2mara Municipal de Lagoa.<\/p>\n","protected":false},"excerpt":{"rendered":"<p>O Munic\u00edpio de Lagoa voltou a investir, durante o ano de 2023, na substitui\u00e7\u00e3o das tradicionais lumin\u00e1rias de vapor de<\/p>\n","protected":false},"author":1,"featured_media":0,"comment_status":"open","ping_status":"open","sticky":false,"template":"","format":"standard","meta":{"colormag_page_container_layout":"default_layout","colormag_page_sidebar_layout":"default_layout","_monsterinsights_skip_tracking":false,"_monsterinsights_sitenote_active":false,"_monsterinsights_sitenote_note":"","_monsterinsights_sitenote_category":0,"jetpack_post_was_ever_published":false,"_jetpack_newsletter_access":"","_jetpack_dont_email_post_to_subs":false,"_jetpack_newsletter_tier_id":0,"_jetpack_memberships_contains_paywalled_content":false,"_jetpack_memberships_contains_paid_content":false,"footnotes":"","jetpack_publicize_message":"","jetpack_publicize_feature_enabled":true,"jetpack_social_post_already_shared":true,"jetpack_social_options":{"image_generator_settings":{"template":"highway","default_image_id":0,"font":"","enabled":false},"version":2}},"categories":[11],"tags":[36,62,48],"class_list":["post-33860","post","type-post","status-publish","format-standard","hentry","category-atualidade","tag-algarve","tag-atualidade","tag-lagoa"],"yoast_head":"<!-- This site is optimized with the Yoast SEO plugin v27.5 - https:\/\/yoast.com\/product\/yoast-seo-wordpress\/ -->\n<title>Munic\u00edpio de Lagoa investiu mais de 800 mil euros em ilumina\u00e7\u00e3o p\u00fablica LED em 2023 - Algarve 7<\/title>\n<meta name=\"description\" content=\"Munic\u00edpio de Lagoa investiu mais de 800 mil euros em ilumina\u00e7\u00e3o p\u00fablica LED em 2023 Atualidade\" \/>\n<meta name=\"robots\" content=\"index, follow, max-snippet:-1, max-image-preview:large, max-video-preview:-1\" \/>\n<link rel=\"canonical\" href=\"https:\/\/algarve7.pt\/index.php\/2023\/12\/municipio-de-lagoa-investiu-mais-de-800-mil-euros-em-iluminacao-publica-led-em-2023\/atualidade\/10\/00\/\" \/>\n<meta property=\"og:locale\" content=\"pt_PT\" \/>\n<meta property=\"og:type\" content=\"article\" \/>\n<meta property=\"og:title\" content=\"Munic\u00edpio de Lagoa investiu mais de 800 mil euros em ilumina\u00e7\u00e3o p\u00fablica LED em 2023 - Algarve 7\" \/>\n<meta property=\"og:description\" content=\"Munic\u00edpio de Lagoa investiu mais de 800 mil euros em ilumina\u00e7\u00e3o p\u00fablica LED em 2023 Atualidade\" \/>\n<meta property=\"og:url\" content=\"https:\/\/algarve7.pt\/index.php\/2023\/12\/municipio-de-lagoa-investiu-mais-de-800-mil-euros-em-iluminacao-publica-led-em-2023\/atualidade\/10\/00\/\" \/>\n<meta property=\"og:site_name\" content=\"Algarve 7\" \/>\n<meta property=\"article:publisher\" content=\"https:\/\/www.facebook.com\/algarve7\" \/>\n<meta property=\"article:author\" content=\"https:\/\/www.facebook.com\/algarve7\" \/>\n<meta property=\"article:published_time\" content=\"2023-12-12T10:00:00+00:00\" \/>\n<meta property=\"og:image\" content=\"https:\/\/algarve7.pt\/wp-content\/uploads\/2020\/10\/Logo-8.jpg\" \/>\n\t<meta property=\"og:image:width\" content=\"1680\" \/>\n\t<meta property=\"og:image:height\" content=\"1186\" \/>\n\t<meta property=\"og:image:type\" content=\"image\/jpeg\" \/>\n<meta name=\"author\" content=\"Algarve 7\" \/>\n<meta name=\"twitter:card\" content=\"summary_large_image\" \/>\n<meta name=\"twitter:creator\" content=\"@Algarvesete\" \/>\n<meta name=\"twitter:site\" content=\"@Algarvesete\" \/>\n<meta name=\"twitter:label1\" content=\"Escrito por\" \/>\n\t<meta name=\"twitter:data1\" content=\"Algarve 7\" \/>\n\t<meta name=\"twitter:label2\" content=\"Tempo estimado de leitura\" \/>\n\t<meta name=\"twitter:data2\" content=\"3 minutos\" \/>\n<script type=\"application\/ld+json\" class=\"yoast-schema-graph\">{\"@context\":\"https:\\\/\\\/schema.org\",\"@graph\":[{\"@type\":\"Article\",\"@id\":\"https:\\\/\\\/algarve7.pt\\\/index.php\\\/2023\\\/12\\\/municipio-de-lagoa-investiu-mais-de-800-mil-euros-em-iluminacao-publica-led-em-2023\\\/atualidade\\\/10\\\/00\\\/#article\",\"isPartOf\":{\"@id\":\"https:\\\/\\\/algarve7.pt\\\/index.php\\\/2023\\\/12\\\/municipio-de-lagoa-investiu-mais-de-800-mil-euros-em-iluminacao-publica-led-em-2023\\\/atualidade\\\/10\\\/00\\\/\"},\"author\":{\"name\":\"Algarve 7\",\"@id\":\"https:\\\/\\\/algarve7.pt\\\/#\\\/schema\\\/person\\\/23fa70681308e7b319a3204bcea45e0c\"},\"headline\":\"Munic\u00edpio de Lagoa investiu mais de 800 mil euros em ilumina\u00e7\u00e3o p\u00fablica LED em 2023\",\"datePublished\":\"2023-12-12T10:00:00+00:00\",\"mainEntityOfPage\":{\"@id\":\"https:\\\/\\\/algarve7.pt\\\/index.php\\\/2023\\\/12\\\/municipio-de-lagoa-investiu-mais-de-800-mil-euros-em-iluminacao-publica-led-em-2023\\\/atualidade\\\/10\\\/00\\\/\"},\"wordCount\":455,\"commentCount\":0,\"publisher\":{\"@id\":\"https:\\\/\\\/algarve7.pt\\\/#organization\"},\"keywords\":[\"Algarve\",\"Atualidade\",\"Lagoa\"],\"articleSection\":[\"Atualidade\"],\"inLanguage\":\"pt-PT\",\"potentialAction\":[{\"@type\":\"CommentAction\",\"name\":\"Comment\",\"target\":[\"https:\\\/\\\/algarve7.pt\\\/index.php\\\/2023\\\/12\\\/municipio-de-lagoa-investiu-mais-de-800-mil-euros-em-iluminacao-publica-led-em-2023\\\/atualidade\\\/10\\\/00\\\/#respond\"]}]},{\"@type\":\"WebPage\",\"@id\":\"https:\\\/\\\/algarve7.pt\\\/index.php\\\/2023\\\/12\\\/municipio-de-lagoa-investiu-mais-de-800-mil-euros-em-iluminacao-publica-led-em-2023\\\/atualidade\\\/10\\\/00\\\/\",\"url\":\"https:\\\/\\\/algarve7.pt\\\/index.php\\\/2023\\\/12\\\/municipio-de-lagoa-investiu-mais-de-800-mil-euros-em-iluminacao-publica-led-em-2023\\\/atualidade\\\/10\\\/00\\\/\",\"name\":\"Munic\u00edpio de Lagoa investiu mais de 800 mil euros em ilumina\u00e7\u00e3o p\u00fablica LED em 2023 - Algarve 7\",\"isPartOf\":{\"@id\":\"https:\\\/\\\/algarve7.pt\\\/#website\"},\"datePublished\":\"2023-12-12T10:00:00+00:00\",\"description\":\"Munic\u00edpio de Lagoa investiu mais de 800 mil euros em ilumina\u00e7\u00e3o p\u00fablica LED em 2023 Atualidade\",\"breadcrumb\":{\"@id\":\"https:\\\/\\\/algarve7.pt\\\/index.php\\\/2023\\\/12\\\/municipio-de-lagoa-investiu-mais-de-800-mil-euros-em-iluminacao-publica-led-em-2023\\\/atualidade\\\/10\\\/00\\\/#breadcrumb\"},\"inLanguage\":\"pt-PT\",\"potentialAction\":[{\"@type\":\"ReadAction\",\"target\":[\"https:\\\/\\\/algarve7.pt\\\/index.php\\\/2023\\\/12\\\/municipio-de-lagoa-investiu-mais-de-800-mil-euros-em-iluminacao-publica-led-em-2023\\\/atualidade\\\/10\\\/00\\\/\"]}]},{\"@type\":\"BreadcrumbList\",\"@id\":\"https:\\\/\\\/algarve7.pt\\\/index.php\\\/2023\\\/12\\\/municipio-de-lagoa-investiu-mais-de-800-mil-euros-em-iluminacao-publica-led-em-2023\\\/atualidade\\\/10\\\/00\\\/#breadcrumb\",\"itemListElement\":[{\"@type\":\"ListItem\",\"position\":1,\"name\":\"In\u00edcio\",\"item\":\"https:\\\/\\\/algarve7.pt\\\/\"},{\"@type\":\"ListItem\",\"position\":2,\"name\":\"Munic\u00edpio de Lagoa investiu mais de 800 mil euros em ilumina\u00e7\u00e3o p\u00fablica LED em 2023\"}]},{\"@type\":\"WebSite\",\"@id\":\"https:\\\/\\\/algarve7.pt\\\/#website\",\"url\":\"https:\\\/\\\/algarve7.pt\\\/\",\"name\":\"Algarve 7\",\"description\":\"Informa\u00e7\u00e3o sobre o Algarve\",\"publisher\":{\"@id\":\"https:\\\/\\\/algarve7.pt\\\/#organization\"},\"potentialAction\":[{\"@type\":\"SearchAction\",\"target\":{\"@type\":\"EntryPoint\",\"urlTemplate\":\"https:\\\/\\\/algarve7.pt\\\/?s={search_term_string}\"},\"query-input\":{\"@type\":\"PropertyValueSpecification\",\"valueRequired\":true,\"valueName\":\"search_term_string\"}}],\"inLanguage\":\"pt-PT\"},{\"@type\":\"Organization\",\"@id\":\"https:\\\/\\\/algarve7.pt\\\/#organization\",\"name\":\"Algarve 7\",\"url\":\"https:\\\/\\\/algarve7.pt\\\/\",\"logo\":{\"@type\":\"ImageObject\",\"inLanguage\":\"pt-PT\",\"@id\":\"https:\\\/\\\/algarve7.pt\\\/#\\\/schema\\\/logo\\\/image\\\/\",\"url\":\"https:\\\/\\\/algarve7.pt\\\/wp-content\\\/uploads\\\/2020\\\/10\\\/Logo-8.jpg\",\"contentUrl\":\"https:\\\/\\\/algarve7.pt\\\/wp-content\\\/uploads\\\/2020\\\/10\\\/Logo-8.jpg\",\"width\":1680,\"height\":1186,\"caption\":\"Algarve 7\"},\"image\":{\"@id\":\"https:\\\/\\\/algarve7.pt\\\/#\\\/schema\\\/logo\\\/image\\\/\"},\"sameAs\":[\"https:\\\/\\\/www.facebook.com\\\/algarve7\",\"https:\\\/\\\/x.com\\\/Algarvesete\",\"https:\\\/\\\/www.instagram.com\\\/jornalalgarve7\\\/\",\"https:\\\/\\\/www.linkedin.com\\\/company\\\/algarve7\",\"https:\\\/\\\/www.pinterest.pt\\\/geral0939\\\/_created\\\/\"]},{\"@type\":\"Person\",\"@id\":\"https:\\\/\\\/algarve7.pt\\\/#\\\/schema\\\/person\\\/23fa70681308e7b319a3204bcea45e0c\",\"name\":\"Algarve 7\",\"sameAs\":[\"https:\\\/\\\/algarve7.pt\",\"https:\\\/\\\/www.facebook.com\\\/algarve7\"],\"url\":\"https:\\\/\\\/algarve7.pt\\\/index.php\\\/author\\\/geralalgarve7-pt\\\/\"}]}<\/script>\n<!-- \/ Yoast SEO plugin. -->","yoast_head_json":{"title":"Munic\u00edpio de Lagoa investiu mais de 800 mil euros em ilumina\u00e7\u00e3o p\u00fablica LED em 2023 - Algarve 7","description":"Munic\u00edpio de Lagoa investiu mais de 800 mil euros em ilumina\u00e7\u00e3o p\u00fablica LED em 2023 Atualidade","robots":{"index":"index","follow":"follow","max-snippet":"max-snippet:-1","max-image-preview":"max-image-preview:large","max-video-preview":"max-video-preview:-1"},"canonical":"https:\/\/algarve7.pt\/index.php\/2023\/12\/municipio-de-lagoa-investiu-mais-de-800-mil-euros-em-iluminacao-publica-led-em-2023\/atualidade\/10\/00\/","og_locale":"pt_PT","og_type":"article","og_title":"Munic\u00edpio de Lagoa investiu mais de 800 mil euros em ilumina\u00e7\u00e3o p\u00fablica LED em 2023 - Algarve 7","og_description":"Munic\u00edpio de Lagoa investiu mais de 800 mil euros em ilumina\u00e7\u00e3o p\u00fablica LED em 2023 Atualidade","og_url":"https:\/\/algarve7.pt\/index.php\/2023\/12\/municipio-de-lagoa-investiu-mais-de-800-mil-euros-em-iluminacao-publica-led-em-2023\/atualidade\/10\/00\/","og_site_name":"Algarve 7","article_publisher":"https:\/\/www.facebook.com\/algarve7","article_author":"https:\/\/www.facebook.com\/algarve7","article_published_time":"2023-12-12T10:00:00+00:00","og_image":[{"width":1680,"height":1186,"url":"https:\/\/algarve7.pt\/wp-content\/uploads\/2020\/10\/Logo-8.jpg","type":"image\/jpeg"}],"author":"Algarve 7","twitter_card":"summary_large_image","twitter_creator":"@Algarvesete","twitter_site":"@Algarvesete","twitter_misc":{"Escrito por":"Algarve 7","Tempo estimado de leitura":"3 minutos"},"schema":{"@context":"https:\/\/schema.org","@graph":[{"@type":"Article","@id":"https:\/\/algarve7.pt\/index.php\/2023\/12\/municipio-de-lagoa-investiu-mais-de-800-mil-euros-em-iluminacao-publica-led-em-2023\/atualidade\/10\/00\/#article","isPartOf":{"@id":"https:\/\/algarve7.pt\/index.php\/2023\/12\/municipio-de-lagoa-investiu-mais-de-800-mil-euros-em-iluminacao-publica-led-em-2023\/atualidade\/10\/00\/"},"author":{"name":"Algarve 7","@id":"https:\/\/algarve7.pt\/#\/schema\/person\/23fa70681308e7b319a3204bcea45e0c"},"headline":"Munic\u00edpio de Lagoa investiu mais de 800 mil euros em ilumina\u00e7\u00e3o p\u00fablica LED em 2023","datePublished":"2023-12-12T10:00:00+00:00","mainEntityOfPage":{"@id":"https:\/\/algarve7.pt\/index.php\/2023\/12\/municipio-de-lagoa-investiu-mais-de-800-mil-euros-em-iluminacao-publica-led-em-2023\/atualidade\/10\/00\/"},"wordCount":455,"commentCount":0,"publisher":{"@id":"https:\/\/algarve7.pt\/#organization"},"keywords":["Algarve","Atualidade","Lagoa"],"articleSection":["Atualidade"],"inLanguage":"pt-PT","potentialAction":[{"@type":"CommentAction","name":"Comment","target":["https:\/\/algarve7.pt\/index.php\/2023\/12\/municipio-de-lagoa-investiu-mais-de-800-mil-euros-em-iluminacao-publica-led-em-2023\/atualidade\/10\/00\/#respond"]}]},{"@type":"WebPage","@id":"https:\/\/algarve7.pt\/index.php\/2023\/12\/municipio-de-lagoa-investiu-mais-de-800-mil-euros-em-iluminacao-publica-led-em-2023\/atualidade\/10\/00\/","url":"https:\/\/algarve7.pt\/index.php\/2023\/12\/municipio-de-lagoa-investiu-mais-de-800-mil-euros-em-iluminacao-publica-led-em-2023\/atualidade\/10\/00\/","name":"Munic\u00edpio de Lagoa investiu mais de 800 mil euros em ilumina\u00e7\u00e3o p\u00fablica LED em 2023 - Algarve 7","isPartOf":{"@id":"https:\/\/algarve7.pt\/#website"},"datePublished":"2023-12-12T10:00:00+00:00","description":"Munic\u00edpio de Lagoa investiu mais de 800 mil euros em ilumina\u00e7\u00e3o p\u00fablica LED em 2023 Atualidade","breadcrumb":{"@id":"https:\/\/algarve7.pt\/index.php\/2023\/12\/municipio-de-lagoa-investiu-mais-de-800-mil-euros-em-iluminacao-publica-led-em-2023\/atualidade\/10\/00\/#breadcrumb"},"inLanguage":"pt-PT","potentialAction":[{"@type":"ReadAction","target":["https:\/\/algarve7.pt\/index.php\/2023\/12\/municipio-de-lagoa-investiu-mais-de-800-mil-euros-em-iluminacao-publica-led-em-2023\/atualidade\/10\/00\/"]}]},{"@type":"BreadcrumbList","@id":"https:\/\/algarve7.pt\/index.php\/2023\/12\/municipio-de-lagoa-investiu-mais-de-800-mil-euros-em-iluminacao-publica-led-em-2023\/atualidade\/10\/00\/#breadcrumb","itemListElement":[{"@type":"ListItem","position":1,"name":"In\u00edcio","item":"https:\/\/algarve7.pt\/"},{"@type":"ListItem","position":2,"name":"Munic\u00edpio de Lagoa investiu mais de 800 mil euros em ilumina\u00e7\u00e3o p\u00fablica LED em 2023"}]},{"@type":"WebSite","@id":"https:\/\/algarve7.pt\/#website","url":"https:\/\/algarve7.pt\/","name":"Algarve 7","description":"Informa\u00e7\u00e3o sobre o Algarve","publisher":{"@id":"https:\/\/algarve7.pt\/#organization"},"potentialAction":[{"@type":"SearchAction","target":{"@type":"EntryPoint","urlTemplate":"https:\/\/algarve7.pt\/?s={search_term_string}"},"query-input":{"@type":"PropertyValueSpecification","valueRequired":true,"valueName":"search_term_string"}}],"inLanguage":"pt-PT"},{"@type":"Organization","@id":"https:\/\/algarve7.pt\/#organization","name":"Algarve 7","url":"https:\/\/algarve7.pt\/","logo":{"@type":"ImageObject","inLanguage":"pt-PT","@id":"https:\/\/algarve7.pt\/#\/schema\/logo\/image\/","url":"https:\/\/algarve7.pt\/wp-content\/uploads\/2020\/10\/Logo-8.jpg","contentUrl":"https:\/\/algarve7.pt\/wp-content\/uploads\/2020\/10\/Logo-8.jpg","width":1680,"height":1186,"caption":"Algarve 7"},"image":{"@id":"https:\/\/algarve7.pt\/#\/schema\/logo\/image\/"},"sameAs":["https:\/\/www.facebook.com\/algarve7","https:\/\/x.com\/Algarvesete","https:\/\/www.instagram.com\/jornalalgarve7\/","https:\/\/www.linkedin.com\/company\/algarve7","https:\/\/www.pinterest.pt\/geral0939\/_created\/"]},{"@type":"Person","@id":"https:\/\/algarve7.pt\/#\/schema\/person\/23fa70681308e7b319a3204bcea45e0c","name":"Algarve 7","sameAs":["https:\/\/algarve7.pt","https:\/\/www.facebook.com\/algarve7"],"url":"https:\/\/algarve7.pt\/index.php\/author\/geralalgarve7-pt\/"}]}},"jetpack_publicize_connections":[],"jetpack_featured_media_url":"","jetpack_shortlink":"https:\/\/wp.me\/pcezmW-8O8","jetpack_sharing_enabled":true,"_links":{"self":[{"href":"https:\/\/algarve7.pt\/index.php\/wp-json\/wp\/v2\/posts\/33860","targetHints":{"allow":["GET"]}}],"collection":[{"href":"https:\/\/algarve7.pt\/index.php\/wp-json\/wp\/v2\/posts"}],"about":[{"href":"https:\/\/algarve7.pt\/index.php\/wp-json\/wp\/v2\/types\/post"}],"author":[{"embeddable":true,"href":"https:\/\/algarve7.pt\/index.php\/wp-json\/wp\/v2\/users\/1"}],"replies":[{"embeddable":true,"href":"https:\/\/algarve7.pt\/index.php\/wp-json\/wp\/v2\/comments?post=33860"}],"version-history":[{"count":0,"href":"https:\/\/algarve7.pt\/index.php\/wp-json\/wp\/v2\/posts\/33860\/revisions"}],"wp:attachment":[{"href":"https:\/\/algarve7.pt\/index.php\/wp-json\/wp\/v2\/media?parent=33860"}],"wp:term":[{"taxonomy":"category","embeddable":true,"href":"https:\/\/algarve7.pt\/index.php\/wp-json\/wp\/v2\/categories?post=33860"},{"taxonomy":"post_tag","embeddable":true,"href":"https:\/\/algarve7.pt\/index.php\/wp-json\/wp\/v2\/tags?post=33860"}],"curies":[{"name":"wp","href":"https:\/\/api.w.org\/{rel}","templated":true}]}}