{"id":33777,"date":"2023-12-08T10:45:00","date_gmt":"2023-12-08T10:45:00","guid":{"rendered":"https:\/\/algarve7.pt\/?p=33777"},"modified":"2023-12-07T21:57:09","modified_gmt":"2023-12-07T21:57:09","slug":"a-fundacao-do-futebol-liga-portugal-estara-este-sabado-no-algarve","status":"publish","type":"post","link":"https:\/\/algarve7.pt\/index.php\/2023\/12\/a-fundacao-do-futebol-liga-portugal-estara-este-sabado-no-algarve\/desporto\/10\/45\/","title":{"rendered":"A Funda\u00e7\u00e3o do Futebol \u2013 Liga Portugal estar\u00e1, este s\u00e1bado, no Algarve"},"content":{"rendered":"\n<p>A Funda\u00e7\u00e3o do Futebol &#8211; Liga Portugal est\u00e1 na estrada para celebrar junto das Associa\u00e7\u00f5es Distritais e Regionais de Futebol as ra\u00edzes do Talento que nos une, num roteiro que conta com o apoio institucional da Miss\u00e3o Continente. \u00c9 nas Associa\u00e7\u00f5es que tudo come\u00e7a, s\u00e3o elas a base da nossa ind\u00fastria e \u00e9 ao encontro delas que vai o projeto LIGA-NOS O TALENTO, que est\u00e1 a percorrer o Pa\u00eds para entregar bolas oficiais a cada uma das vinte e duas Associa\u00e7\u00f5es Distritais e Regionais, bem como um cheque de dois mil euros em Cart\u00e3o D\u00e1, para apoiar a pr\u00e1tica desportiva dos jovens, os craques de amanh\u00e3.<\/p>\n\n\n\n<p>No&nbsp;<strong>s\u00e1bado, 9 de dezembro<\/strong>, estaremos com a Associa\u00e7\u00e3o de Futebol do Algarve. A iniciativa contar\u00e1 com a presen\u00e7a de Beto Pimparel, Embaixador da Liga Portugal e vogal do Conselho de Administra\u00e7\u00e3o da Funda\u00e7\u00e3o do Futebol \u2013 Liga Portugal, elementos da Funda\u00e7\u00e3o do Futebol \u2013 Liga Portugal, da Dire\u00e7\u00e3o Executiva da Liga Portugal, Jos\u00e9 Carlos Rolo, presidente da C\u00e2mara Municipal de Albufeira e representantes da Miss\u00e3o Continente, que estar\u00e3o dispon\u00edveis para a Comunica\u00e7\u00e3o Social.<\/p>\n\n\n\n<p>Em&nbsp;<strong>Albufeira<\/strong>, o projeto Liga-nos o Talento tem encontro marcado para as&nbsp;<strong>11h00, na loja<\/strong>&nbsp;<strong>Continente Modelo Albufeira (Rua do Munic\u00edpio 32, 8200-161 Albufeira)<\/strong>, onde&nbsp;<strong>Beto Pimparel<\/strong>&nbsp;far\u00e1 a entrega do material e do cheque a Reinaldo Teixeira, presidente da Associa\u00e7\u00e3o de Futebol do Algarve.<\/p>\n","protected":false},"excerpt":{"rendered":"<p>A Funda\u00e7\u00e3o do Futebol &#8211; Liga Portugal est\u00e1 na estrada para celebrar junto das Associa\u00e7\u00f5es Distritais e Regionais de Futebol<\/p>\n","protected":false},"author":1,"featured_media":33778,"comment_status":"closed","ping_status":"open","sticky":false,"template":"","format":"standard","meta":{"colormag_page_container_layout":"default_layout","colormag_page_sidebar_layout":"default_layout","_monsterinsights_skip_tracking":false,"_monsterinsights_sitenote_active":false,"_monsterinsights_sitenote_note":"","_monsterinsights_sitenote_category":0,"jetpack_post_was_ever_published":false,"_jetpack_newsletter_access":"","_jetpack_dont_email_post_to_subs":false,"_jetpack_newsletter_tier_id":0,"_jetpack_memberships_contains_paywalled_content":false,"_jetpack_memberships_contains_paid_content":false,"footnotes":"","jetpack_publicize_message":"","jetpack_publicize_feature_enabled":true,"jetpack_social_post_already_shared":true,"jetpack_social_options":{"image_generator_settings":{"template":"highway","default_image_id":0,"font":"","enabled":false},"version":2}},"categories":[15],"tags":[40],"class_list":["post-33777","post","type-post","status-publish","format-standard","has-post-thumbnail","hentry","category-desporto","tag-desporto"],"yoast_head":"<!-- This site is optimized with the Yoast SEO plugin v27.5 - https:\/\/yoast.com\/product\/yoast-seo-wordpress\/ -->\n<title>A Funda\u00e7\u00e3o do Futebol \u2013 Liga Portugal estar\u00e1, este s\u00e1bado, no Algarve - Algarve 7<\/title>\n<meta name=\"description\" content=\"A Funda\u00e7\u00e3o do Futebol \u2013 Liga Portugal estar\u00e1, este s\u00e1bado, no Algarve Desporto\" \/>\n<meta name=\"robots\" content=\"index, follow, max-snippet:-1, max-image-preview:large, max-video-preview:-1\" \/>\n<link rel=\"canonical\" href=\"https:\/\/algarve7.pt\/index.php\/2023\/12\/a-fundacao-do-futebol-liga-portugal-estara-este-sabado-no-algarve\/desporto\/10\/45\/\" \/>\n<meta property=\"og:locale\" content=\"pt_PT\" \/>\n<meta property=\"og:type\" content=\"article\" \/>\n<meta property=\"og:title\" content=\"A Funda\u00e7\u00e3o do Futebol \u2013 Liga Portugal estar\u00e1, este s\u00e1bado, no Algarve - Algarve 7\" \/>\n<meta property=\"og:description\" content=\"A Funda\u00e7\u00e3o do Futebol \u2013 Liga Portugal estar\u00e1, este s\u00e1bado, no Algarve Desporto\" \/>\n<meta property=\"og:url\" content=\"https:\/\/algarve7.pt\/index.php\/2023\/12\/a-fundacao-do-futebol-liga-portugal-estara-este-sabado-no-algarve\/desporto\/10\/45\/\" \/>\n<meta property=\"og:site_name\" content=\"Algarve 7\" \/>\n<meta property=\"article:publisher\" content=\"https:\/\/www.facebook.com\/algarve7\" \/>\n<meta property=\"article:author\" content=\"https:\/\/www.facebook.com\/algarve7\" \/>\n<meta property=\"article:published_time\" content=\"2023-12-08T10:45:00+00:00\" \/>\n<meta property=\"og:image\" content=\"https:\/\/algarve7.pt\/wp-content\/uploads\/2023\/12\/Captura-de-ecra-2023-12-07-as-21.46.58.png\" \/>\n\t<meta property=\"og:image:width\" content=\"1024\" \/>\n\t<meta property=\"og:image:height\" content=\"684\" \/>\n\t<meta property=\"og:image:type\" content=\"image\/png\" \/>\n<meta name=\"author\" content=\"Algarve 7\" \/>\n<meta name=\"twitter:card\" content=\"summary_large_image\" \/>\n<meta name=\"twitter:creator\" content=\"@Algarvesete\" \/>\n<meta name=\"twitter:site\" content=\"@Algarvesete\" \/>\n<meta name=\"twitter:label1\" content=\"Escrito por\" \/>\n\t<meta name=\"twitter:data1\" content=\"Algarve 7\" \/>\n\t<meta name=\"twitter:label2\" content=\"Tempo estimado de leitura\" \/>\n\t<meta name=\"twitter:data2\" content=\"2 minutos\" \/>\n<script type=\"application\/ld+json\" class=\"yoast-schema-graph\">{\"@context\":\"https:\\\/\\\/schema.org\",\"@graph\":[{\"@type\":\"Article\",\"@id\":\"https:\\\/\\\/algarve7.pt\\\/index.php\\\/2023\\\/12\\\/a-fundacao-do-futebol-liga-portugal-estara-este-sabado-no-algarve\\\/desporto\\\/10\\\/45\\\/#article\",\"isPartOf\":{\"@id\":\"https:\\\/\\\/algarve7.pt\\\/index.php\\\/2023\\\/12\\\/a-fundacao-do-futebol-liga-portugal-estara-este-sabado-no-algarve\\\/desporto\\\/10\\\/45\\\/\"},\"author\":{\"name\":\"Algarve 7\",\"@id\":\"https:\\\/\\\/algarve7.pt\\\/#\\\/schema\\\/person\\\/23fa70681308e7b319a3204bcea45e0c\"},\"headline\":\"A Funda\u00e7\u00e3o do Futebol \u2013 Liga Portugal estar\u00e1, este s\u00e1bado, no Algarve\",\"datePublished\":\"2023-12-08T10:45:00+00:00\",\"mainEntityOfPage\":{\"@id\":\"https:\\\/\\\/algarve7.pt\\\/index.php\\\/2023\\\/12\\\/a-fundacao-do-futebol-liga-portugal-estara-este-sabado-no-algarve\\\/desporto\\\/10\\\/45\\\/\"},\"wordCount\":264,\"publisher\":{\"@id\":\"https:\\\/\\\/algarve7.pt\\\/#organization\"},\"image\":{\"@id\":\"https:\\\/\\\/algarve7.pt\\\/index.php\\\/2023\\\/12\\\/a-fundacao-do-futebol-liga-portugal-estara-este-sabado-no-algarve\\\/desporto\\\/10\\\/45\\\/#primaryimage\"},\"thumbnailUrl\":\"https:\\\/\\\/algarve7.pt\\\/wp-content\\\/uploads\\\/2023\\\/12\\\/Captura-de-ecra-2023-12-07-as-21.46.58.png\",\"keywords\":[\"Desporto\"],\"articleSection\":[\"Desporto\"],\"inLanguage\":\"pt-PT\"},{\"@type\":\"WebPage\",\"@id\":\"https:\\\/\\\/algarve7.pt\\\/index.php\\\/2023\\\/12\\\/a-fundacao-do-futebol-liga-portugal-estara-este-sabado-no-algarve\\\/desporto\\\/10\\\/45\\\/\",\"url\":\"https:\\\/\\\/algarve7.pt\\\/index.php\\\/2023\\\/12\\\/a-fundacao-do-futebol-liga-portugal-estara-este-sabado-no-algarve\\\/desporto\\\/10\\\/45\\\/\",\"name\":\"A Funda\u00e7\u00e3o do Futebol \u2013 Liga Portugal estar\u00e1, este s\u00e1bado, no Algarve - Algarve 7\",\"isPartOf\":{\"@id\":\"https:\\\/\\\/algarve7.pt\\\/#website\"},\"primaryImageOfPage\":{\"@id\":\"https:\\\/\\\/algarve7.pt\\\/index.php\\\/2023\\\/12\\\/a-fundacao-do-futebol-liga-portugal-estara-este-sabado-no-algarve\\\/desporto\\\/10\\\/45\\\/#primaryimage\"},\"image\":{\"@id\":\"https:\\\/\\\/algarve7.pt\\\/index.php\\\/2023\\\/12\\\/a-fundacao-do-futebol-liga-portugal-estara-este-sabado-no-algarve\\\/desporto\\\/10\\\/45\\\/#primaryimage\"},\"thumbnailUrl\":\"https:\\\/\\\/algarve7.pt\\\/wp-content\\\/uploads\\\/2023\\\/12\\\/Captura-de-ecra-2023-12-07-as-21.46.58.png\",\"datePublished\":\"2023-12-08T10:45:00+00:00\",\"description\":\"A Funda\u00e7\u00e3o do Futebol \u2013 Liga Portugal estar\u00e1, este s\u00e1bado, no Algarve Desporto\",\"breadcrumb\":{\"@id\":\"https:\\\/\\\/algarve7.pt\\\/index.php\\\/2023\\\/12\\\/a-fundacao-do-futebol-liga-portugal-estara-este-sabado-no-algarve\\\/desporto\\\/10\\\/45\\\/#breadcrumb\"},\"inLanguage\":\"pt-PT\",\"potentialAction\":[{\"@type\":\"ReadAction\",\"target\":[\"https:\\\/\\\/algarve7.pt\\\/index.php\\\/2023\\\/12\\\/a-fundacao-do-futebol-liga-portugal-estara-este-sabado-no-algarve\\\/desporto\\\/10\\\/45\\\/\"]}]},{\"@type\":\"ImageObject\",\"inLanguage\":\"pt-PT\",\"@id\":\"https:\\\/\\\/algarve7.pt\\\/index.php\\\/2023\\\/12\\\/a-fundacao-do-futebol-liga-portugal-estara-este-sabado-no-algarve\\\/desporto\\\/10\\\/45\\\/#primaryimage\",\"url\":\"https:\\\/\\\/algarve7.pt\\\/wp-content\\\/uploads\\\/2023\\\/12\\\/Captura-de-ecra-2023-12-07-as-21.46.58.png\",\"contentUrl\":\"https:\\\/\\\/algarve7.pt\\\/wp-content\\\/uploads\\\/2023\\\/12\\\/Captura-de-ecra-2023-12-07-as-21.46.58.png\",\"width\":1024,\"height\":684},{\"@type\":\"BreadcrumbList\",\"@id\":\"https:\\\/\\\/algarve7.pt\\\/index.php\\\/2023\\\/12\\\/a-fundacao-do-futebol-liga-portugal-estara-este-sabado-no-algarve\\\/desporto\\\/10\\\/45\\\/#breadcrumb\",\"itemListElement\":[{\"@type\":\"ListItem\",\"position\":1,\"name\":\"In\u00edcio\",\"item\":\"https:\\\/\\\/algarve7.pt\\\/\"},{\"@type\":\"ListItem\",\"position\":2,\"name\":\"A Funda\u00e7\u00e3o do Futebol \u2013 Liga Portugal estar\u00e1, este s\u00e1bado, no Algarve\"}]},{\"@type\":\"WebSite\",\"@id\":\"https:\\\/\\\/algarve7.pt\\\/#website\",\"url\":\"https:\\\/\\\/algarve7.pt\\\/\",\"name\":\"Algarve 7\",\"description\":\"Informa\u00e7\u00e3o sobre o Algarve\",\"publisher\":{\"@id\":\"https:\\\/\\\/algarve7.pt\\\/#organization\"},\"potentialAction\":[{\"@type\":\"SearchAction\",\"target\":{\"@type\":\"EntryPoint\",\"urlTemplate\":\"https:\\\/\\\/algarve7.pt\\\/?s={search_term_string}\"},\"query-input\":{\"@type\":\"PropertyValueSpecification\",\"valueRequired\":true,\"valueName\":\"search_term_string\"}}],\"inLanguage\":\"pt-PT\"},{\"@type\":\"Organization\",\"@id\":\"https:\\\/\\\/algarve7.pt\\\/#organization\",\"name\":\"Algarve 7\",\"url\":\"https:\\\/\\\/algarve7.pt\\\/\",\"logo\":{\"@type\":\"ImageObject\",\"inLanguage\":\"pt-PT\",\"@id\":\"https:\\\/\\\/algarve7.pt\\\/#\\\/schema\\\/logo\\\/image\\\/\",\"url\":\"https:\\\/\\\/algarve7.pt\\\/wp-content\\\/uploads\\\/2020\\\/10\\\/Logo-8.jpg\",\"contentUrl\":\"https:\\\/\\\/algarve7.pt\\\/wp-content\\\/uploads\\\/2020\\\/10\\\/Logo-8.jpg\",\"width\":1680,\"height\":1186,\"caption\":\"Algarve 7\"},\"image\":{\"@id\":\"https:\\\/\\\/algarve7.pt\\\/#\\\/schema\\\/logo\\\/image\\\/\"},\"sameAs\":[\"https:\\\/\\\/www.facebook.com\\\/algarve7\",\"https:\\\/\\\/x.com\\\/Algarvesete\",\"https:\\\/\\\/www.instagram.com\\\/jornalalgarve7\\\/\",\"https:\\\/\\\/www.linkedin.com\\\/company\\\/algarve7\",\"https:\\\/\\\/www.pinterest.pt\\\/geral0939\\\/_created\\\/\"]},{\"@type\":\"Person\",\"@id\":\"https:\\\/\\\/algarve7.pt\\\/#\\\/schema\\\/person\\\/23fa70681308e7b319a3204bcea45e0c\",\"name\":\"Algarve 7\",\"sameAs\":[\"https:\\\/\\\/algarve7.pt\",\"https:\\\/\\\/www.facebook.com\\\/algarve7\"],\"url\":\"https:\\\/\\\/algarve7.pt\\\/index.php\\\/author\\\/geralalgarve7-pt\\\/\"}]}<\/script>\n<!-- \/ Yoast SEO plugin. -->","yoast_head_json":{"title":"A Funda\u00e7\u00e3o do Futebol \u2013 Liga Portugal estar\u00e1, este s\u00e1bado, no Algarve - Algarve 7","description":"A Funda\u00e7\u00e3o do Futebol \u2013 Liga Portugal estar\u00e1, este s\u00e1bado, no Algarve Desporto","robots":{"index":"index","follow":"follow","max-snippet":"max-snippet:-1","max-image-preview":"max-image-preview:large","max-video-preview":"max-video-preview:-1"},"canonical":"https:\/\/algarve7.pt\/index.php\/2023\/12\/a-fundacao-do-futebol-liga-portugal-estara-este-sabado-no-algarve\/desporto\/10\/45\/","og_locale":"pt_PT","og_type":"article","og_title":"A Funda\u00e7\u00e3o do Futebol \u2013 Liga Portugal estar\u00e1, este s\u00e1bado, no Algarve - Algarve 7","og_description":"A Funda\u00e7\u00e3o do Futebol \u2013 Liga Portugal estar\u00e1, este s\u00e1bado, no Algarve Desporto","og_url":"https:\/\/algarve7.pt\/index.php\/2023\/12\/a-fundacao-do-futebol-liga-portugal-estara-este-sabado-no-algarve\/desporto\/10\/45\/","og_site_name":"Algarve 7","article_publisher":"https:\/\/www.facebook.com\/algarve7","article_author":"https:\/\/www.facebook.com\/algarve7","article_published_time":"2023-12-08T10:45:00+00:00","og_image":[{"width":1024,"height":684,"url":"https:\/\/algarve7.pt\/wp-content\/uploads\/2023\/12\/Captura-de-ecra-2023-12-07-as-21.46.58.png","type":"image\/png"}],"author":"Algarve 7","twitter_card":"summary_large_image","twitter_creator":"@Algarvesete","twitter_site":"@Algarvesete","twitter_misc":{"Escrito por":"Algarve 7","Tempo estimado de leitura":"2 minutos"},"schema":{"@context":"https:\/\/schema.org","@graph":[{"@type":"Article","@id":"https:\/\/algarve7.pt\/index.php\/2023\/12\/a-fundacao-do-futebol-liga-portugal-estara-este-sabado-no-algarve\/desporto\/10\/45\/#article","isPartOf":{"@id":"https:\/\/algarve7.pt\/index.php\/2023\/12\/a-fundacao-do-futebol-liga-portugal-estara-este-sabado-no-algarve\/desporto\/10\/45\/"},"author":{"name":"Algarve 7","@id":"https:\/\/algarve7.pt\/#\/schema\/person\/23fa70681308e7b319a3204bcea45e0c"},"headline":"A Funda\u00e7\u00e3o do Futebol \u2013 Liga Portugal estar\u00e1, este s\u00e1bado, no Algarve","datePublished":"2023-12-08T10:45:00+00:00","mainEntityOfPage":{"@id":"https:\/\/algarve7.pt\/index.php\/2023\/12\/a-fundacao-do-futebol-liga-portugal-estara-este-sabado-no-algarve\/desporto\/10\/45\/"},"wordCount":264,"publisher":{"@id":"https:\/\/algarve7.pt\/#organization"},"image":{"@id":"https:\/\/algarve7.pt\/index.php\/2023\/12\/a-fundacao-do-futebol-liga-portugal-estara-este-sabado-no-algarve\/desporto\/10\/45\/#primaryimage"},"thumbnailUrl":"https:\/\/algarve7.pt\/wp-content\/uploads\/2023\/12\/Captura-de-ecra-2023-12-07-as-21.46.58.png","keywords":["Desporto"],"articleSection":["Desporto"],"inLanguage":"pt-PT"},{"@type":"WebPage","@id":"https:\/\/algarve7.pt\/index.php\/2023\/12\/a-fundacao-do-futebol-liga-portugal-estara-este-sabado-no-algarve\/desporto\/10\/45\/","url":"https:\/\/algarve7.pt\/index.php\/2023\/12\/a-fundacao-do-futebol-liga-portugal-estara-este-sabado-no-algarve\/desporto\/10\/45\/","name":"A Funda\u00e7\u00e3o do Futebol \u2013 Liga Portugal estar\u00e1, este s\u00e1bado, no Algarve - Algarve 7","isPartOf":{"@id":"https:\/\/algarve7.pt\/#website"},"primaryImageOfPage":{"@id":"https:\/\/algarve7.pt\/index.php\/2023\/12\/a-fundacao-do-futebol-liga-portugal-estara-este-sabado-no-algarve\/desporto\/10\/45\/#primaryimage"},"image":{"@id":"https:\/\/algarve7.pt\/index.php\/2023\/12\/a-fundacao-do-futebol-liga-portugal-estara-este-sabado-no-algarve\/desporto\/10\/45\/#primaryimage"},"thumbnailUrl":"https:\/\/algarve7.pt\/wp-content\/uploads\/2023\/12\/Captura-de-ecra-2023-12-07-as-21.46.58.png","datePublished":"2023-12-08T10:45:00+00:00","description":"A Funda\u00e7\u00e3o do Futebol \u2013 Liga Portugal estar\u00e1, este s\u00e1bado, no Algarve Desporto","breadcrumb":{"@id":"https:\/\/algarve7.pt\/index.php\/2023\/12\/a-fundacao-do-futebol-liga-portugal-estara-este-sabado-no-algarve\/desporto\/10\/45\/#breadcrumb"},"inLanguage":"pt-PT","potentialAction":[{"@type":"ReadAction","target":["https:\/\/algarve7.pt\/index.php\/2023\/12\/a-fundacao-do-futebol-liga-portugal-estara-este-sabado-no-algarve\/desporto\/10\/45\/"]}]},{"@type":"ImageObject","inLanguage":"pt-PT","@id":"https:\/\/algarve7.pt\/index.php\/2023\/12\/a-fundacao-do-futebol-liga-portugal-estara-este-sabado-no-algarve\/desporto\/10\/45\/#primaryimage","url":"https:\/\/algarve7.pt\/wp-content\/uploads\/2023\/12\/Captura-de-ecra-2023-12-07-as-21.46.58.png","contentUrl":"https:\/\/algarve7.pt\/wp-content\/uploads\/2023\/12\/Captura-de-ecra-2023-12-07-as-21.46.58.png","width":1024,"height":684},{"@type":"BreadcrumbList","@id":"https:\/\/algarve7.pt\/index.php\/2023\/12\/a-fundacao-do-futebol-liga-portugal-estara-este-sabado-no-algarve\/desporto\/10\/45\/#breadcrumb","itemListElement":[{"@type":"ListItem","position":1,"name":"In\u00edcio","item":"https:\/\/algarve7.pt\/"},{"@type":"ListItem","position":2,"name":"A Funda\u00e7\u00e3o do Futebol \u2013 Liga Portugal estar\u00e1, este s\u00e1bado, no Algarve"}]},{"@type":"WebSite","@id":"https:\/\/algarve7.pt\/#website","url":"https:\/\/algarve7.pt\/","name":"Algarve 7","description":"Informa\u00e7\u00e3o sobre o Algarve","publisher":{"@id":"https:\/\/algarve7.pt\/#organization"},"potentialAction":[{"@type":"SearchAction","target":{"@type":"EntryPoint","urlTemplate":"https:\/\/algarve7.pt\/?s={search_term_string}"},"query-input":{"@type":"PropertyValueSpecification","valueRequired":true,"valueName":"search_term_string"}}],"inLanguage":"pt-PT"},{"@type":"Organization","@id":"https:\/\/algarve7.pt\/#organization","name":"Algarve 7","url":"https:\/\/algarve7.pt\/","logo":{"@type":"ImageObject","inLanguage":"pt-PT","@id":"https:\/\/algarve7.pt\/#\/schema\/logo\/image\/","url":"https:\/\/algarve7.pt\/wp-content\/uploads\/2020\/10\/Logo-8.jpg","contentUrl":"https:\/\/algarve7.pt\/wp-content\/uploads\/2020\/10\/Logo-8.jpg","width":1680,"height":1186,"caption":"Algarve 7"},"image":{"@id":"https:\/\/algarve7.pt\/#\/schema\/logo\/image\/"},"sameAs":["https:\/\/www.facebook.com\/algarve7","https:\/\/x.com\/Algarvesete","https:\/\/www.instagram.com\/jornalalgarve7\/","https:\/\/www.linkedin.com\/company\/algarve7","https:\/\/www.pinterest.pt\/geral0939\/_created\/"]},{"@type":"Person","@id":"https:\/\/algarve7.pt\/#\/schema\/person\/23fa70681308e7b319a3204bcea45e0c","name":"Algarve 7","sameAs":["https:\/\/algarve7.pt","https:\/\/www.facebook.com\/algarve7"],"url":"https:\/\/algarve7.pt\/index.php\/author\/geralalgarve7-pt\/"}]}},"jetpack_publicize_connections":[],"jetpack_featured_media_url":"https:\/\/algarve7.pt\/wp-content\/uploads\/2023\/12\/Captura-de-ecra-2023-12-07-as-21.46.58.png","jetpack_shortlink":"https:\/\/wp.me\/pcezmW-8MN","jetpack_sharing_enabled":true,"_links":{"self":[{"href":"https:\/\/algarve7.pt\/index.php\/wp-json\/wp\/v2\/posts\/33777","targetHints":{"allow":["GET"]}}],"collection":[{"href":"https:\/\/algarve7.pt\/index.php\/wp-json\/wp\/v2\/posts"}],"about":[{"href":"https:\/\/algarve7.pt\/index.php\/wp-json\/wp\/v2\/types\/post"}],"author":[{"embeddable":true,"href":"https:\/\/algarve7.pt\/index.php\/wp-json\/wp\/v2\/users\/1"}],"replies":[{"embeddable":true,"href":"https:\/\/algarve7.pt\/index.php\/wp-json\/wp\/v2\/comments?post=33777"}],"version-history":[{"count":0,"href":"https:\/\/algarve7.pt\/index.php\/wp-json\/wp\/v2\/posts\/33777\/revisions"}],"wp:featuredmedia":[{"embeddable":true,"href":"https:\/\/algarve7.pt\/index.php\/wp-json\/wp\/v2\/media\/33778"}],"wp:attachment":[{"href":"https:\/\/algarve7.pt\/index.php\/wp-json\/wp\/v2\/media?parent=33777"}],"wp:term":[{"taxonomy":"category","embeddable":true,"href":"https:\/\/algarve7.pt\/index.php\/wp-json\/wp\/v2\/categories?post=33777"},{"taxonomy":"post_tag","embeddable":true,"href":"https:\/\/algarve7.pt\/index.php\/wp-json\/wp\/v2\/tags?post=33777"}],"curies":[{"name":"wp","href":"https:\/\/api.w.org\/{rel}","templated":true}]}}