{"id":33738,"date":"2023-12-06T16:02:26","date_gmt":"2023-12-06T16:02:26","guid":{"rendered":"https:\/\/algarve7.pt\/index.php\/2023\/12\/06\/investigador-da-ualg-lidera-equipa-internacional-que-estudou-morfologia-das-mandibulas-humanas\/16\/02\/atualidade"},"modified":"2023-12-06T16:02:26","modified_gmt":"2023-12-06T16:02:26","slug":"investigador-da-ualg-lidera-equipa-internacional-que-estudou-morfologia-das-mandibulas-humanas","status":"publish","type":"post","link":"https:\/\/algarve7.pt\/index.php\/2023\/12\/investigador-da-ualg-lidera-equipa-internacional-que-estudou-morfologia-das-mandibulas-humanas\/atualidade\/16\/02\/","title":{"rendered":"Investigador da UAlg lidera equipa internacional que estudou morfologia das mand\u00edbulas humanas"},"content":{"rendered":"\n<p><strong>Para conhecer melhor o efeito da introdu\u00e7\u00e3o da agricultura na Pen\u00ednsula Ib\u00e9rica, Ricardo Miguel Godinho, investigador do Centro Interdisciplinar de Arqueologia e Evolu\u00e7\u00e3o do Comportamento Humano (ICArEHB) da Universidade do Algarve, liderou uma equipa internacional de investigadores de Portugal e Israel que estudaram as mand\u00edbulas das pessoas que viveram entre o per\u00edodo Mesol\u00edtico e Calcol\u00edtico, incluindo, portanto, o per\u00edodo em que a agricultura foi introduzida, nos atuais territ\u00f3rios de Portugal e Israel.<\/strong><\/p>\n\n\n\n<p>H\u00e1 um velho ad\u00e1gio que diz que \u201cn\u00f3s somos aquilo que comemos\u201d. Os investigadores que estudam a inven\u00e7\u00e3o e difus\u00e3o da agricultura h\u00e1 muito tempo, analisam a influ\u00eancia que o consumo de cereais e alimentos mais processados teve na forma das nossas faces, assim como em muitos outros problemas de que sofremos atualmente. Por exemplo, o consumo de comidas mais moles e com muitos hidratos de carbono aparenta resultar em dentes apinhados e na forma\u00e7\u00e3o de c\u00e1ries. Por\u00e9m, um estudo recente, publicado na Nature Scientific Reports, sugere que o que as pessoas comiam \u00e9 menos importante para a forma das suas faces do que a sua ancestralidade.<\/p>\n\n\n\n<p>Durante grande parte da nossa hist\u00f3ria evolutiva fomos ca\u00e7adores e recolectores. A inven\u00e7\u00e3o da agricultura e pastor\u00edcia no pr\u00f3ximo oriente, h\u00e1 aproximadamente 10000 anos&nbsp;antes da nossa Era, proporcionou uma nova forma de subsist\u00eancia e novos alimentos para consumo. Os investigadores podem detetar estas mudan\u00e7as na dieta, estudando, por exemplo, o desgaste dent\u00e1rio, an\u00e1lises qu\u00edmicas de is\u00f3topos relacionados com a dieta, e an\u00e1lises metagen\u00f3micas do t\u00e1rtaro dent\u00e1rio. A mudan\u00e7a para uma dieta maioritariamente agr\u00edcola tamb\u00e9m teve impacto na forma de ossos do nosso aparelho mastigat\u00f3rio (as mandibulas). O osso \u00e9 um tecido din\u00e2mico e pl\u00e1stico que se adapta \u00e0s cargas mec\u00e2nicas,&nbsp;e com a introdu\u00e7\u00e3o de alimentos mais processados as mand\u00edbulas tornaram-se mais pequenas e gr\u00e1ceis.<\/p>\n\n\n\n<p>Os estudos de gen\u00e9tica demonstram que as popula\u00e7\u00f5es migrat\u00f3rias que difundiram a agricultura pela Europa substitu\u00edram e tamb\u00e9m se misturaram com as popula\u00e7\u00f5es locais ca\u00e7adoras-recolectoras pr\u00e9-existentes, tendo tido descend\u00eancia em comum. Em cerca de 5500 antes da nossa Era, popula\u00e7\u00f5es agro-pastoris chegaram \u00e0 Pen\u00ednsula Ib\u00e9ria, mas, refere Ricardo Miguel Godinho, cocoordenador do laborat\u00f3rio de Osteoarqueologia do ICArEHB&nbsp;e autor principal do artigo: \u201cApesar de muitos estudos anteriores, ainda h\u00e1 muito que desconhecemos,&nbsp;como esta grande transi\u00e7\u00e3o populacional e o estilo de vida impactou a popula\u00e7\u00e3o Ib\u00e9rica, incluindo a forma das suas faces\u201d.<\/p>\n\n\n\n<p>Para al\u00e9m de abordagens convencionais para examinar, por exemplo, o desgaste dent\u00e1rio, a equipa tamb\u00e9m usou t\u00e9cnicas digitais para estudar a morfologia mandibular. Estas t\u00e9cnicas s\u00e3o fundamentais porque permitem a reconstru\u00e7\u00e3o objetiva dos esp\u00e9cimes arqueol\u00f3gicos (que est\u00e3o frequentemente fragmentados e distorcidos), assim como uma an\u00e1lise muito mais detalhada das diferen\u00e7as de forma. Estas t\u00e9cnicas inclu\u00edram a digitaliza\u00e7\u00e3o dos esp\u00e9cimes atrav\u00e9s de TAC e digitaliza\u00e7\u00e3o de superf\u00edcie, e a utiliza\u00e7\u00e3o de programas de computador para visualiza\u00e7\u00e3o 3D e recolha e an\u00e1lise de dados. Esta abordagem permitiu analisar se efetivamente existem diferen\u00e7as na morfologia mandibular entre popula\u00e7\u00f5es e o que poder\u00e1 explicar tais hipot\u00e9ticas diferen\u00e7as.<\/p>\n\n\n\n<p>Os resultados deste estudo de v\u00e1rios anos demonstram que as diferen\u00e7as de forma que existem entre estas popula\u00e7\u00f5es Mesol\u00edticas, Neol\u00edticas e Calcol\u00edticas resultam, maioritariamente, de diferen\u00e7as na hist\u00f3ria populacional.<\/p>\n\n\n\n<p>\u201cOs nossos resultados s\u00e3o consistentes com estudos anteriores de ADN antigo que mostram diferen\u00e7as entre as popula\u00e7\u00f5es Mesol\u00edticas Ib\u00e9ricas e as origin\u00e1rias do sul do Levante. Mas, mais importante, os nossos resultados mostram que a forma das mand\u00edbulas dessas pessoas que viveram na transi\u00e7\u00e3o do Mesol\u00edtico para o Neol\u00edtico na Pen\u00ednsula Ib\u00e9rica se deve maioritariamente \u00e0 hist\u00f3ria populacional e \u00e0 ancestralidade. A dieta tem certamente impacto, mas muito mais reduzido que a estrutura populacional\u201d, diz Patricia Smith da Universidade de Jerusal\u00e9m e autora s\u00e9nior do artigo.<\/p>\n\n\n\n<p>Este estudo, dispon\u00edvel <a href=\"https:\/\/www.nature.com\/articles\/s41598-023-42846-z\">aqui<\/a> em acesso livre e financiado pela Funda\u00e7\u00e3o para a Ci\u00eancia e Tecnologia e pela Universidade de Jerusal\u00e9m (atrav\u00e9s do programa Synthesys+), continuar\u00e1 a analisar o impacto da transi\u00e7\u00e3o do modo de subsist\u00eancia ca\u00e7ador-recolector Mesol\u00edtico para o agro-pastoralismo Neol\u00edtico, incluindo mais cole\u00e7\u00f5es de outras regi\u00f5es.<\/p>\n","protected":false},"excerpt":{"rendered":"<p>Para conhecer melhor o efeito da introdu\u00e7\u00e3o da agricultura na Pen\u00ednsula Ib\u00e9rica, Ricardo Miguel Godinho, investigador do Centro Interdisciplinar de<\/p>\n","protected":false},"author":1,"featured_media":33737,"comment_status":"open","ping_status":"open","sticky":false,"template":"","format":"standard","meta":{"colormag_page_container_layout":"default_layout","colormag_page_sidebar_layout":"default_layout","_monsterinsights_skip_tracking":false,"_monsterinsights_sitenote_active":false,"_monsterinsights_sitenote_note":"","_monsterinsights_sitenote_category":0,"jetpack_post_was_ever_published":false,"_jetpack_newsletter_access":"","_jetpack_dont_email_post_to_subs":false,"_jetpack_newsletter_tier_id":0,"_jetpack_memberships_contains_paywalled_content":false,"_jetpack_memberships_contains_paid_content":false,"footnotes":"","jetpack_publicize_message":"","jetpack_publicize_feature_enabled":true,"jetpack_social_post_already_shared":true,"jetpack_social_options":{"image_generator_settings":{"template":"highway","default_image_id":0,"font":"","enabled":false},"version":2}},"categories":[11],"tags":[36,62,182],"class_list":["post-33738","post","type-post","status-publish","format-standard","has-post-thumbnail","hentry","category-atualidade","tag-algarve","tag-atualidade","tag-ualg"],"yoast_head":"<!-- This site is optimized with the Yoast SEO plugin v27.5 - https:\/\/yoast.com\/product\/yoast-seo-wordpress\/ -->\n<title>Investigador da UAlg lidera equipa internacional que estudou morfologia das mand\u00edbulas humanas - Algarve 7<\/title>\n<meta name=\"description\" content=\"Investigador da UAlg lidera equipa internacional que estudou morfologia das mand\u00edbulas humanas\" \/>\n<meta name=\"robots\" content=\"index, follow, max-snippet:-1, max-image-preview:large, max-video-preview:-1\" \/>\n<link rel=\"canonical\" href=\"https:\/\/algarve7.pt\/index.php\/2023\/12\/investigador-da-ualg-lidera-equipa-internacional-que-estudou-morfologia-das-mandibulas-humanas\/atualidade\/16\/02\/\" \/>\n<meta property=\"og:locale\" content=\"pt_PT\" \/>\n<meta property=\"og:type\" content=\"article\" \/>\n<meta property=\"og:title\" content=\"Investigador da UAlg lidera equipa internacional que estudou morfologia das mand\u00edbulas humanas - Algarve 7\" \/>\n<meta property=\"og:description\" content=\"Investigador da UAlg lidera equipa internacional que estudou morfologia das mand\u00edbulas humanas\" \/>\n<meta property=\"og:url\" content=\"https:\/\/algarve7.pt\/index.php\/2023\/12\/investigador-da-ualg-lidera-equipa-internacional-que-estudou-morfologia-das-mandibulas-humanas\/atualidade\/16\/02\/\" \/>\n<meta property=\"og:site_name\" content=\"Algarve 7\" \/>\n<meta property=\"article:publisher\" content=\"https:\/\/www.facebook.com\/algarve7\" \/>\n<meta property=\"article:author\" content=\"https:\/\/www.facebook.com\/algarve7\" \/>\n<meta property=\"article:published_time\" content=\"2023-12-06T16:02:26+00:00\" \/>\n<meta property=\"og:image\" content=\"https:\/\/algarve7.pt\/wp-content\/uploads\/2023\/12\/primage_71393.jpg\" \/>\n\t<meta property=\"og:image:width\" content=\"1287\" \/>\n\t<meta property=\"og:image:height\" content=\"724\" \/>\n\t<meta property=\"og:image:type\" content=\"image\/jpeg\" \/>\n<meta name=\"author\" content=\"Algarve 7\" \/>\n<meta name=\"twitter:card\" content=\"summary_large_image\" \/>\n<meta name=\"twitter:creator\" content=\"@Algarvesete\" \/>\n<meta name=\"twitter:site\" content=\"@Algarvesete\" \/>\n<meta name=\"twitter:label1\" content=\"Escrito por\" \/>\n\t<meta name=\"twitter:data1\" content=\"Algarve 7\" \/>\n\t<meta name=\"twitter:label2\" content=\"Tempo estimado de leitura\" \/>\n\t<meta name=\"twitter:data2\" content=\"4 minutos\" \/>\n<script type=\"application\/ld+json\" class=\"yoast-schema-graph\">{\"@context\":\"https:\\\/\\\/schema.org\",\"@graph\":[{\"@type\":\"Article\",\"@id\":\"https:\\\/\\\/algarve7.pt\\\/index.php\\\/2023\\\/12\\\/investigador-da-ualg-lidera-equipa-internacional-que-estudou-morfologia-das-mandibulas-humanas\\\/atualidade\\\/16\\\/02\\\/#article\",\"isPartOf\":{\"@id\":\"https:\\\/\\\/algarve7.pt\\\/index.php\\\/2023\\\/12\\\/investigador-da-ualg-lidera-equipa-internacional-que-estudou-morfologia-das-mandibulas-humanas\\\/atualidade\\\/16\\\/02\\\/\"},\"author\":{\"name\":\"Algarve 7\",\"@id\":\"https:\\\/\\\/algarve7.pt\\\/#\\\/schema\\\/person\\\/23fa70681308e7b319a3204bcea45e0c\"},\"headline\":\"Investigador da UAlg lidera equipa internacional que estudou morfologia das mand\u00edbulas humanas\",\"datePublished\":\"2023-12-06T16:02:26+00:00\",\"mainEntityOfPage\":{\"@id\":\"https:\\\/\\\/algarve7.pt\\\/index.php\\\/2023\\\/12\\\/investigador-da-ualg-lidera-equipa-internacional-que-estudou-morfologia-das-mandibulas-humanas\\\/atualidade\\\/16\\\/02\\\/\"},\"wordCount\":783,\"commentCount\":0,\"publisher\":{\"@id\":\"https:\\\/\\\/algarve7.pt\\\/#organization\"},\"image\":{\"@id\":\"https:\\\/\\\/algarve7.pt\\\/index.php\\\/2023\\\/12\\\/investigador-da-ualg-lidera-equipa-internacional-que-estudou-morfologia-das-mandibulas-humanas\\\/atualidade\\\/16\\\/02\\\/#primaryimage\"},\"thumbnailUrl\":\"https:\\\/\\\/algarve7.pt\\\/wp-content\\\/uploads\\\/2023\\\/12\\\/primage_71393.jpg\",\"keywords\":[\"Algarve\",\"Atualidade\",\"UALG\"],\"articleSection\":[\"Atualidade\"],\"inLanguage\":\"pt-PT\",\"potentialAction\":[{\"@type\":\"CommentAction\",\"name\":\"Comment\",\"target\":[\"https:\\\/\\\/algarve7.pt\\\/index.php\\\/2023\\\/12\\\/investigador-da-ualg-lidera-equipa-internacional-que-estudou-morfologia-das-mandibulas-humanas\\\/atualidade\\\/16\\\/02\\\/#respond\"]}]},{\"@type\":\"WebPage\",\"@id\":\"https:\\\/\\\/algarve7.pt\\\/index.php\\\/2023\\\/12\\\/investigador-da-ualg-lidera-equipa-internacional-que-estudou-morfologia-das-mandibulas-humanas\\\/atualidade\\\/16\\\/02\\\/\",\"url\":\"https:\\\/\\\/algarve7.pt\\\/index.php\\\/2023\\\/12\\\/investigador-da-ualg-lidera-equipa-internacional-que-estudou-morfologia-das-mandibulas-humanas\\\/atualidade\\\/16\\\/02\\\/\",\"name\":\"Investigador da UAlg lidera equipa internacional que estudou morfologia das mand\u00edbulas humanas - Algarve 7\",\"isPartOf\":{\"@id\":\"https:\\\/\\\/algarve7.pt\\\/#website\"},\"primaryImageOfPage\":{\"@id\":\"https:\\\/\\\/algarve7.pt\\\/index.php\\\/2023\\\/12\\\/investigador-da-ualg-lidera-equipa-internacional-que-estudou-morfologia-das-mandibulas-humanas\\\/atualidade\\\/16\\\/02\\\/#primaryimage\"},\"image\":{\"@id\":\"https:\\\/\\\/algarve7.pt\\\/index.php\\\/2023\\\/12\\\/investigador-da-ualg-lidera-equipa-internacional-que-estudou-morfologia-das-mandibulas-humanas\\\/atualidade\\\/16\\\/02\\\/#primaryimage\"},\"thumbnailUrl\":\"https:\\\/\\\/algarve7.pt\\\/wp-content\\\/uploads\\\/2023\\\/12\\\/primage_71393.jpg\",\"datePublished\":\"2023-12-06T16:02:26+00:00\",\"description\":\"Investigador da UAlg lidera equipa internacional que estudou morfologia das mand\u00edbulas humanas\",\"breadcrumb\":{\"@id\":\"https:\\\/\\\/algarve7.pt\\\/index.php\\\/2023\\\/12\\\/investigador-da-ualg-lidera-equipa-internacional-que-estudou-morfologia-das-mandibulas-humanas\\\/atualidade\\\/16\\\/02\\\/#breadcrumb\"},\"inLanguage\":\"pt-PT\",\"potentialAction\":[{\"@type\":\"ReadAction\",\"target\":[\"https:\\\/\\\/algarve7.pt\\\/index.php\\\/2023\\\/12\\\/investigador-da-ualg-lidera-equipa-internacional-que-estudou-morfologia-das-mandibulas-humanas\\\/atualidade\\\/16\\\/02\\\/\"]}]},{\"@type\":\"ImageObject\",\"inLanguage\":\"pt-PT\",\"@id\":\"https:\\\/\\\/algarve7.pt\\\/index.php\\\/2023\\\/12\\\/investigador-da-ualg-lidera-equipa-internacional-que-estudou-morfologia-das-mandibulas-humanas\\\/atualidade\\\/16\\\/02\\\/#primaryimage\",\"url\":\"https:\\\/\\\/algarve7.pt\\\/wp-content\\\/uploads\\\/2023\\\/12\\\/primage_71393.jpg\",\"contentUrl\":\"https:\\\/\\\/algarve7.pt\\\/wp-content\\\/uploads\\\/2023\\\/12\\\/primage_71393.jpg\",\"width\":1287,\"height\":724},{\"@type\":\"BreadcrumbList\",\"@id\":\"https:\\\/\\\/algarve7.pt\\\/index.php\\\/2023\\\/12\\\/investigador-da-ualg-lidera-equipa-internacional-que-estudou-morfologia-das-mandibulas-humanas\\\/atualidade\\\/16\\\/02\\\/#breadcrumb\",\"itemListElement\":[{\"@type\":\"ListItem\",\"position\":1,\"name\":\"In\u00edcio\",\"item\":\"https:\\\/\\\/algarve7.pt\\\/\"},{\"@type\":\"ListItem\",\"position\":2,\"name\":\"Investigador da UAlg lidera equipa internacional que estudou morfologia das mand\u00edbulas humanas\"}]},{\"@type\":\"WebSite\",\"@id\":\"https:\\\/\\\/algarve7.pt\\\/#website\",\"url\":\"https:\\\/\\\/algarve7.pt\\\/\",\"name\":\"Algarve 7\",\"description\":\"Informa\u00e7\u00e3o sobre o Algarve\",\"publisher\":{\"@id\":\"https:\\\/\\\/algarve7.pt\\\/#organization\"},\"potentialAction\":[{\"@type\":\"SearchAction\",\"target\":{\"@type\":\"EntryPoint\",\"urlTemplate\":\"https:\\\/\\\/algarve7.pt\\\/?s={search_term_string}\"},\"query-input\":{\"@type\":\"PropertyValueSpecification\",\"valueRequired\":true,\"valueName\":\"search_term_string\"}}],\"inLanguage\":\"pt-PT\"},{\"@type\":\"Organization\",\"@id\":\"https:\\\/\\\/algarve7.pt\\\/#organization\",\"name\":\"Algarve 7\",\"url\":\"https:\\\/\\\/algarve7.pt\\\/\",\"logo\":{\"@type\":\"ImageObject\",\"inLanguage\":\"pt-PT\",\"@id\":\"https:\\\/\\\/algarve7.pt\\\/#\\\/schema\\\/logo\\\/image\\\/\",\"url\":\"https:\\\/\\\/algarve7.pt\\\/wp-content\\\/uploads\\\/2020\\\/10\\\/Logo-8.jpg\",\"contentUrl\":\"https:\\\/\\\/algarve7.pt\\\/wp-content\\\/uploads\\\/2020\\\/10\\\/Logo-8.jpg\",\"width\":1680,\"height\":1186,\"caption\":\"Algarve 7\"},\"image\":{\"@id\":\"https:\\\/\\\/algarve7.pt\\\/#\\\/schema\\\/logo\\\/image\\\/\"},\"sameAs\":[\"https:\\\/\\\/www.facebook.com\\\/algarve7\",\"https:\\\/\\\/x.com\\\/Algarvesete\",\"https:\\\/\\\/www.instagram.com\\\/jornalalgarve7\\\/\",\"https:\\\/\\\/www.linkedin.com\\\/company\\\/algarve7\",\"https:\\\/\\\/www.pinterest.pt\\\/geral0939\\\/_created\\\/\"]},{\"@type\":\"Person\",\"@id\":\"https:\\\/\\\/algarve7.pt\\\/#\\\/schema\\\/person\\\/23fa70681308e7b319a3204bcea45e0c\",\"name\":\"Algarve 7\",\"sameAs\":[\"https:\\\/\\\/algarve7.pt\",\"https:\\\/\\\/www.facebook.com\\\/algarve7\"],\"url\":\"https:\\\/\\\/algarve7.pt\\\/index.php\\\/author\\\/geralalgarve7-pt\\\/\"}]}<\/script>\n<!-- \/ Yoast SEO plugin. -->","yoast_head_json":{"title":"Investigador da UAlg lidera equipa internacional que estudou morfologia das mand\u00edbulas humanas - Algarve 7","description":"Investigador da UAlg lidera equipa internacional que estudou morfologia das mand\u00edbulas humanas","robots":{"index":"index","follow":"follow","max-snippet":"max-snippet:-1","max-image-preview":"max-image-preview:large","max-video-preview":"max-video-preview:-1"},"canonical":"https:\/\/algarve7.pt\/index.php\/2023\/12\/investigador-da-ualg-lidera-equipa-internacional-que-estudou-morfologia-das-mandibulas-humanas\/atualidade\/16\/02\/","og_locale":"pt_PT","og_type":"article","og_title":"Investigador da UAlg lidera equipa internacional que estudou morfologia das mand\u00edbulas humanas - Algarve 7","og_description":"Investigador da UAlg lidera equipa internacional que estudou morfologia das mand\u00edbulas humanas","og_url":"https:\/\/algarve7.pt\/index.php\/2023\/12\/investigador-da-ualg-lidera-equipa-internacional-que-estudou-morfologia-das-mandibulas-humanas\/atualidade\/16\/02\/","og_site_name":"Algarve 7","article_publisher":"https:\/\/www.facebook.com\/algarve7","article_author":"https:\/\/www.facebook.com\/algarve7","article_published_time":"2023-12-06T16:02:26+00:00","og_image":[{"width":1287,"height":724,"url":"https:\/\/algarve7.pt\/wp-content\/uploads\/2023\/12\/primage_71393.jpg","type":"image\/jpeg"}],"author":"Algarve 7","twitter_card":"summary_large_image","twitter_creator":"@Algarvesete","twitter_site":"@Algarvesete","twitter_misc":{"Escrito por":"Algarve 7","Tempo estimado de leitura":"4 minutos"},"schema":{"@context":"https:\/\/schema.org","@graph":[{"@type":"Article","@id":"https:\/\/algarve7.pt\/index.php\/2023\/12\/investigador-da-ualg-lidera-equipa-internacional-que-estudou-morfologia-das-mandibulas-humanas\/atualidade\/16\/02\/#article","isPartOf":{"@id":"https:\/\/algarve7.pt\/index.php\/2023\/12\/investigador-da-ualg-lidera-equipa-internacional-que-estudou-morfologia-das-mandibulas-humanas\/atualidade\/16\/02\/"},"author":{"name":"Algarve 7","@id":"https:\/\/algarve7.pt\/#\/schema\/person\/23fa70681308e7b319a3204bcea45e0c"},"headline":"Investigador da UAlg lidera equipa internacional que estudou morfologia das mand\u00edbulas humanas","datePublished":"2023-12-06T16:02:26+00:00","mainEntityOfPage":{"@id":"https:\/\/algarve7.pt\/index.php\/2023\/12\/investigador-da-ualg-lidera-equipa-internacional-que-estudou-morfologia-das-mandibulas-humanas\/atualidade\/16\/02\/"},"wordCount":783,"commentCount":0,"publisher":{"@id":"https:\/\/algarve7.pt\/#organization"},"image":{"@id":"https:\/\/algarve7.pt\/index.php\/2023\/12\/investigador-da-ualg-lidera-equipa-internacional-que-estudou-morfologia-das-mandibulas-humanas\/atualidade\/16\/02\/#primaryimage"},"thumbnailUrl":"https:\/\/algarve7.pt\/wp-content\/uploads\/2023\/12\/primage_71393.jpg","keywords":["Algarve","Atualidade","UALG"],"articleSection":["Atualidade"],"inLanguage":"pt-PT","potentialAction":[{"@type":"CommentAction","name":"Comment","target":["https:\/\/algarve7.pt\/index.php\/2023\/12\/investigador-da-ualg-lidera-equipa-internacional-que-estudou-morfologia-das-mandibulas-humanas\/atualidade\/16\/02\/#respond"]}]},{"@type":"WebPage","@id":"https:\/\/algarve7.pt\/index.php\/2023\/12\/investigador-da-ualg-lidera-equipa-internacional-que-estudou-morfologia-das-mandibulas-humanas\/atualidade\/16\/02\/","url":"https:\/\/algarve7.pt\/index.php\/2023\/12\/investigador-da-ualg-lidera-equipa-internacional-que-estudou-morfologia-das-mandibulas-humanas\/atualidade\/16\/02\/","name":"Investigador da UAlg lidera equipa internacional que estudou morfologia das mand\u00edbulas humanas - Algarve 7","isPartOf":{"@id":"https:\/\/algarve7.pt\/#website"},"primaryImageOfPage":{"@id":"https:\/\/algarve7.pt\/index.php\/2023\/12\/investigador-da-ualg-lidera-equipa-internacional-que-estudou-morfologia-das-mandibulas-humanas\/atualidade\/16\/02\/#primaryimage"},"image":{"@id":"https:\/\/algarve7.pt\/index.php\/2023\/12\/investigador-da-ualg-lidera-equipa-internacional-que-estudou-morfologia-das-mandibulas-humanas\/atualidade\/16\/02\/#primaryimage"},"thumbnailUrl":"https:\/\/algarve7.pt\/wp-content\/uploads\/2023\/12\/primage_71393.jpg","datePublished":"2023-12-06T16:02:26+00:00","description":"Investigador da UAlg lidera equipa internacional que estudou morfologia das mand\u00edbulas humanas","breadcrumb":{"@id":"https:\/\/algarve7.pt\/index.php\/2023\/12\/investigador-da-ualg-lidera-equipa-internacional-que-estudou-morfologia-das-mandibulas-humanas\/atualidade\/16\/02\/#breadcrumb"},"inLanguage":"pt-PT","potentialAction":[{"@type":"ReadAction","target":["https:\/\/algarve7.pt\/index.php\/2023\/12\/investigador-da-ualg-lidera-equipa-internacional-que-estudou-morfologia-das-mandibulas-humanas\/atualidade\/16\/02\/"]}]},{"@type":"ImageObject","inLanguage":"pt-PT","@id":"https:\/\/algarve7.pt\/index.php\/2023\/12\/investigador-da-ualg-lidera-equipa-internacional-que-estudou-morfologia-das-mandibulas-humanas\/atualidade\/16\/02\/#primaryimage","url":"https:\/\/algarve7.pt\/wp-content\/uploads\/2023\/12\/primage_71393.jpg","contentUrl":"https:\/\/algarve7.pt\/wp-content\/uploads\/2023\/12\/primage_71393.jpg","width":1287,"height":724},{"@type":"BreadcrumbList","@id":"https:\/\/algarve7.pt\/index.php\/2023\/12\/investigador-da-ualg-lidera-equipa-internacional-que-estudou-morfologia-das-mandibulas-humanas\/atualidade\/16\/02\/#breadcrumb","itemListElement":[{"@type":"ListItem","position":1,"name":"In\u00edcio","item":"https:\/\/algarve7.pt\/"},{"@type":"ListItem","position":2,"name":"Investigador da UAlg lidera equipa internacional que estudou morfologia das mand\u00edbulas humanas"}]},{"@type":"WebSite","@id":"https:\/\/algarve7.pt\/#website","url":"https:\/\/algarve7.pt\/","name":"Algarve 7","description":"Informa\u00e7\u00e3o sobre o Algarve","publisher":{"@id":"https:\/\/algarve7.pt\/#organization"},"potentialAction":[{"@type":"SearchAction","target":{"@type":"EntryPoint","urlTemplate":"https:\/\/algarve7.pt\/?s={search_term_string}"},"query-input":{"@type":"PropertyValueSpecification","valueRequired":true,"valueName":"search_term_string"}}],"inLanguage":"pt-PT"},{"@type":"Organization","@id":"https:\/\/algarve7.pt\/#organization","name":"Algarve 7","url":"https:\/\/algarve7.pt\/","logo":{"@type":"ImageObject","inLanguage":"pt-PT","@id":"https:\/\/algarve7.pt\/#\/schema\/logo\/image\/","url":"https:\/\/algarve7.pt\/wp-content\/uploads\/2020\/10\/Logo-8.jpg","contentUrl":"https:\/\/algarve7.pt\/wp-content\/uploads\/2020\/10\/Logo-8.jpg","width":1680,"height":1186,"caption":"Algarve 7"},"image":{"@id":"https:\/\/algarve7.pt\/#\/schema\/logo\/image\/"},"sameAs":["https:\/\/www.facebook.com\/algarve7","https:\/\/x.com\/Algarvesete","https:\/\/www.instagram.com\/jornalalgarve7\/","https:\/\/www.linkedin.com\/company\/algarve7","https:\/\/www.pinterest.pt\/geral0939\/_created\/"]},{"@type":"Person","@id":"https:\/\/algarve7.pt\/#\/schema\/person\/23fa70681308e7b319a3204bcea45e0c","name":"Algarve 7","sameAs":["https:\/\/algarve7.pt","https:\/\/www.facebook.com\/algarve7"],"url":"https:\/\/algarve7.pt\/index.php\/author\/geralalgarve7-pt\/"}]}},"jetpack_publicize_connections":[],"jetpack_featured_media_url":"https:\/\/algarve7.pt\/wp-content\/uploads\/2023\/12\/primage_71393.jpg","jetpack_shortlink":"https:\/\/wp.me\/pcezmW-8Ma","jetpack_sharing_enabled":true,"_links":{"self":[{"href":"https:\/\/algarve7.pt\/index.php\/wp-json\/wp\/v2\/posts\/33738","targetHints":{"allow":["GET"]}}],"collection":[{"href":"https:\/\/algarve7.pt\/index.php\/wp-json\/wp\/v2\/posts"}],"about":[{"href":"https:\/\/algarve7.pt\/index.php\/wp-json\/wp\/v2\/types\/post"}],"author":[{"embeddable":true,"href":"https:\/\/algarve7.pt\/index.php\/wp-json\/wp\/v2\/users\/1"}],"replies":[{"embeddable":true,"href":"https:\/\/algarve7.pt\/index.php\/wp-json\/wp\/v2\/comments?post=33738"}],"version-history":[{"count":0,"href":"https:\/\/algarve7.pt\/index.php\/wp-json\/wp\/v2\/posts\/33738\/revisions"}],"wp:featuredmedia":[{"embeddable":true,"href":"https:\/\/algarve7.pt\/index.php\/wp-json\/wp\/v2\/media\/33737"}],"wp:attachment":[{"href":"https:\/\/algarve7.pt\/index.php\/wp-json\/wp\/v2\/media?parent=33738"}],"wp:term":[{"taxonomy":"category","embeddable":true,"href":"https:\/\/algarve7.pt\/index.php\/wp-json\/wp\/v2\/categories?post=33738"},{"taxonomy":"post_tag","embeddable":true,"href":"https:\/\/algarve7.pt\/index.php\/wp-json\/wp\/v2\/tags?post=33738"}],"curies":[{"name":"wp","href":"https:\/\/api.w.org\/{rel}","templated":true}]}}