{"id":33641,"date":"2023-12-04T11:56:39","date_gmt":"2023-12-04T11:56:39","guid":{"rendered":"https:\/\/algarve7.pt\/?p=33641"},"modified":"2023-12-04T11:56:41","modified_gmt":"2023-12-04T11:56:41","slug":"melhores-trabalhos-da-23a-corrida-fotografica-vao-ser-expostos-no-museu-de-portimao","status":"publish","type":"post","link":"https:\/\/algarve7.pt\/index.php\/2023\/12\/melhores-trabalhos-da-23a-corrida-fotografica-vao-ser-expostos-no-museu-de-portimao\/cultura\/11\/56\/","title":{"rendered":"Melhores trabalhos da 23\u00aa Corrida fotogr\u00e1fica v\u00e3o ser expostos no museu de Portim\u00e3o"},"content":{"rendered":"\n<p>A exposi\u00e7\u00e3o dos trabalhos premiados e a entrega dos pr\u00e9mios aos vencedores da 23.\u00aa Corrida Fotogr\u00e1fica de Portim\u00e3o, realizada este ano nas modalidades presencial e&nbsp;online<em>,&nbsp;<\/em>est\u00e1 marcada para o dia 9 de dezembro, a partir das 17h00, no Museu de Portim\u00e3o.<\/p>\n\n\n\n<p>Esta iniciativa, integrada nas comemora\u00e7\u00f5es do Dia da Cidade, registou nas duas modalidades contempladas a inscri\u00e7\u00e3o de 157 amantes da fotografia, n\u00e3o apenas do Algarve, mas de v\u00e1rios pontos do pa\u00eds e de dez nacionalidades, conferindo uma forte dimens\u00e3o internacional ao certame.<\/p>\n\n\n\n<p>No decorrer da prova presencial, que decorreu no Munic\u00edpio de Portim\u00e3o em 20 de maio passado, os participantes tiveram oportunidade de registar de forma criativa tr\u00eas fotografias sobre cada um dos oito temas propostos e entregues ao longo do dia, sobre patrim\u00f3nio cultural e natural, viv\u00eancias, gentes, ambientes sociais de trabalho e lazer.<\/p>\n\n\n\n<p>Para al\u00e9m do formato presencial, incentivando os participantes a percorrer e descobrir o territ\u00f3rio do concelho de Portim\u00e3o, este ano a organiza\u00e7\u00e3o pretendeu igualmente dar continuidade \u00e0 participa\u00e7\u00e3o&nbsp;online.<\/p>\n\n\n\n<p>Neste caso, os inscritos na modalidade digital \u00e0 dist\u00e2ncia<em>&nbsp;<\/em>puderam enviar as suas 12 fotos de qualquer local, numa edi\u00e7\u00e3o especial sobre o tema \u201cLiberdade\u201d, tendo como base os seguintes quatro subtemas: 1\u00ba \u2013 Sinais de liberdade; 2\u00ba \u2013 Ruas da liberdade; 3\u00ba \u2013 Ser\u00e1 isto liberdade? e 4\u00ba \u2013 Livres como o Vento.&nbsp;<\/p>\n\n\n\n<p>Al\u00e9m das imagens vencedoras dos tr\u00eas pr\u00e9mios de cada modalidade, a mostra integrar\u00e1 igualmente o Pr\u00e9mio Especial do J\u00fari e o Pr\u00e9mio Jovem.<\/p>\n\n\n\n<p>A mostra pode ser visitada at\u00e9 30 de mar\u00e7o de 2024, no seguinte hor\u00e1rio: ter\u00e7a-feira, das 14h30 \u00e0s 18h00, e de quarta-feira a domingo, entre as 10h00 e as 18h00.<\/p>\n","protected":false},"excerpt":{"rendered":"<p>A exposi\u00e7\u00e3o dos trabalhos premiados e a entrega dos pr\u00e9mios aos vencedores da 23.\u00aa Corrida Fotogr\u00e1fica de Portim\u00e3o, realizada este<\/p>\n","protected":false},"author":1,"featured_media":33642,"comment_status":"closed","ping_status":"open","sticky":false,"template":"","format":"standard","meta":{"colormag_page_container_layout":"default_layout","colormag_page_sidebar_layout":"default_layout","_monsterinsights_skip_tracking":false,"_monsterinsights_sitenote_active":false,"_monsterinsights_sitenote_note":"","_monsterinsights_sitenote_category":0,"jetpack_post_was_ever_published":false,"_jetpack_newsletter_access":"","_jetpack_dont_email_post_to_subs":false,"_jetpack_newsletter_tier_id":0,"_jetpack_memberships_contains_paywalled_content":false,"_jetpack_memberships_contains_paid_content":false,"footnotes":"","jetpack_publicize_message":"","jetpack_publicize_feature_enabled":true,"jetpack_social_post_already_shared":true,"jetpack_social_options":{"image_generator_settings":{"template":"highway","default_image_id":0,"font":"","enabled":false},"version":2}},"categories":[14],"tags":[36,35,72],"class_list":["post-33641","post","type-post","status-publish","format-standard","has-post-thumbnail","hentry","category-cultura","tag-algarve","tag-cultura","tag-portimao"],"yoast_head":"<!-- This site is optimized with the Yoast SEO plugin v27.5 - https:\/\/yoast.com\/product\/yoast-seo-wordpress\/ -->\n<title>Melhores trabalhos da 23\u00aa Corrida fotogr\u00e1fica v\u00e3o ser expostos no museu de Portim\u00e3o - Algarve 7<\/title>\n<meta name=\"description\" content=\"Melhores trabalhos da 23\u00aa Corrida fotogr\u00e1fica v\u00e3o ser expostos no museu de Portim\u00e3o Cultura\" \/>\n<meta name=\"robots\" content=\"index, follow, max-snippet:-1, max-image-preview:large, max-video-preview:-1\" \/>\n<link rel=\"canonical\" href=\"https:\/\/algarve7.pt\/index.php\/2023\/12\/melhores-trabalhos-da-23a-corrida-fotografica-vao-ser-expostos-no-museu-de-portimao\/cultura\/11\/56\/\" \/>\n<meta property=\"og:locale\" content=\"pt_PT\" \/>\n<meta property=\"og:type\" content=\"article\" \/>\n<meta property=\"og:title\" content=\"Melhores trabalhos da 23\u00aa Corrida fotogr\u00e1fica v\u00e3o ser expostos no museu de Portim\u00e3o - Algarve 7\" \/>\n<meta property=\"og:description\" content=\"Melhores trabalhos da 23\u00aa Corrida fotogr\u00e1fica v\u00e3o ser expostos no museu de Portim\u00e3o Cultura\" \/>\n<meta property=\"og:url\" content=\"https:\/\/algarve7.pt\/index.php\/2023\/12\/melhores-trabalhos-da-23a-corrida-fotografica-vao-ser-expostos-no-museu-de-portimao\/cultura\/11\/56\/\" \/>\n<meta property=\"og:site_name\" content=\"Algarve 7\" \/>\n<meta property=\"article:publisher\" content=\"https:\/\/www.facebook.com\/algarve7\" \/>\n<meta property=\"article:author\" content=\"https:\/\/www.facebook.com\/algarve7\" \/>\n<meta property=\"article:published_time\" content=\"2023-12-04T11:56:39+00:00\" \/>\n<meta property=\"article:modified_time\" content=\"2023-12-04T11:56:41+00:00\" \/>\n<meta property=\"og:image\" content=\"https:\/\/algarve7.pt\/wp-content\/uploads\/2023\/12\/D5E6CA2E-4A1E-4DDF-97DE-D94FFAB4CCA5.jpeg\" \/>\n\t<meta property=\"og:image:width\" content=\"1500\" \/>\n\t<meta property=\"og:image:height\" content=\"1000\" \/>\n\t<meta property=\"og:image:type\" content=\"image\/jpeg\" \/>\n<meta name=\"author\" content=\"Algarve 7\" \/>\n<meta name=\"twitter:card\" content=\"summary_large_image\" \/>\n<meta name=\"twitter:creator\" content=\"@Algarvesete\" \/>\n<meta name=\"twitter:site\" content=\"@Algarvesete\" \/>\n<meta name=\"twitter:label1\" content=\"Escrito por\" \/>\n\t<meta name=\"twitter:data1\" content=\"Algarve 7\" \/>\n\t<meta name=\"twitter:label2\" content=\"Tempo estimado de leitura\" \/>\n\t<meta name=\"twitter:data2\" content=\"2 minutos\" \/>\n<script type=\"application\/ld+json\" class=\"yoast-schema-graph\">{\"@context\":\"https:\\\/\\\/schema.org\",\"@graph\":[{\"@type\":\"Article\",\"@id\":\"https:\\\/\\\/algarve7.pt\\\/index.php\\\/2023\\\/12\\\/melhores-trabalhos-da-23a-corrida-fotografica-vao-ser-expostos-no-museu-de-portimao\\\/cultura\\\/11\\\/56\\\/#article\",\"isPartOf\":{\"@id\":\"https:\\\/\\\/algarve7.pt\\\/index.php\\\/2023\\\/12\\\/melhores-trabalhos-da-23a-corrida-fotografica-vao-ser-expostos-no-museu-de-portimao\\\/cultura\\\/11\\\/56\\\/\"},\"author\":{\"name\":\"Algarve 7\",\"@id\":\"https:\\\/\\\/algarve7.pt\\\/#\\\/schema\\\/person\\\/23fa70681308e7b319a3204bcea45e0c\"},\"headline\":\"Melhores trabalhos da 23\u00aa Corrida fotogr\u00e1fica v\u00e3o ser expostos no museu de Portim\u00e3o\",\"datePublished\":\"2023-12-04T11:56:39+00:00\",\"dateModified\":\"2023-12-04T11:56:41+00:00\",\"mainEntityOfPage\":{\"@id\":\"https:\\\/\\\/algarve7.pt\\\/index.php\\\/2023\\\/12\\\/melhores-trabalhos-da-23a-corrida-fotografica-vao-ser-expostos-no-museu-de-portimao\\\/cultura\\\/11\\\/56\\\/\"},\"wordCount\":308,\"publisher\":{\"@id\":\"https:\\\/\\\/algarve7.pt\\\/#organization\"},\"image\":{\"@id\":\"https:\\\/\\\/algarve7.pt\\\/index.php\\\/2023\\\/12\\\/melhores-trabalhos-da-23a-corrida-fotografica-vao-ser-expostos-no-museu-de-portimao\\\/cultura\\\/11\\\/56\\\/#primaryimage\"},\"thumbnailUrl\":\"https:\\\/\\\/algarve7.pt\\\/wp-content\\\/uploads\\\/2023\\\/12\\\/D5E6CA2E-4A1E-4DDF-97DE-D94FFAB4CCA5.jpeg\",\"keywords\":[\"Algarve\",\"Cultura\",\"Portim\u00e3o\"],\"articleSection\":[\"Cultura\"],\"inLanguage\":\"pt-PT\"},{\"@type\":\"WebPage\",\"@id\":\"https:\\\/\\\/algarve7.pt\\\/index.php\\\/2023\\\/12\\\/melhores-trabalhos-da-23a-corrida-fotografica-vao-ser-expostos-no-museu-de-portimao\\\/cultura\\\/11\\\/56\\\/\",\"url\":\"https:\\\/\\\/algarve7.pt\\\/index.php\\\/2023\\\/12\\\/melhores-trabalhos-da-23a-corrida-fotografica-vao-ser-expostos-no-museu-de-portimao\\\/cultura\\\/11\\\/56\\\/\",\"name\":\"Melhores trabalhos da 23\u00aa Corrida fotogr\u00e1fica v\u00e3o ser expostos no museu de Portim\u00e3o - Algarve 7\",\"isPartOf\":{\"@id\":\"https:\\\/\\\/algarve7.pt\\\/#website\"},\"primaryImageOfPage\":{\"@id\":\"https:\\\/\\\/algarve7.pt\\\/index.php\\\/2023\\\/12\\\/melhores-trabalhos-da-23a-corrida-fotografica-vao-ser-expostos-no-museu-de-portimao\\\/cultura\\\/11\\\/56\\\/#primaryimage\"},\"image\":{\"@id\":\"https:\\\/\\\/algarve7.pt\\\/index.php\\\/2023\\\/12\\\/melhores-trabalhos-da-23a-corrida-fotografica-vao-ser-expostos-no-museu-de-portimao\\\/cultura\\\/11\\\/56\\\/#primaryimage\"},\"thumbnailUrl\":\"https:\\\/\\\/algarve7.pt\\\/wp-content\\\/uploads\\\/2023\\\/12\\\/D5E6CA2E-4A1E-4DDF-97DE-D94FFAB4CCA5.jpeg\",\"datePublished\":\"2023-12-04T11:56:39+00:00\",\"dateModified\":\"2023-12-04T11:56:41+00:00\",\"description\":\"Melhores trabalhos da 23\u00aa Corrida fotogr\u00e1fica v\u00e3o ser expostos no museu de Portim\u00e3o Cultura\",\"breadcrumb\":{\"@id\":\"https:\\\/\\\/algarve7.pt\\\/index.php\\\/2023\\\/12\\\/melhores-trabalhos-da-23a-corrida-fotografica-vao-ser-expostos-no-museu-de-portimao\\\/cultura\\\/11\\\/56\\\/#breadcrumb\"},\"inLanguage\":\"pt-PT\",\"potentialAction\":[{\"@type\":\"ReadAction\",\"target\":[\"https:\\\/\\\/algarve7.pt\\\/index.php\\\/2023\\\/12\\\/melhores-trabalhos-da-23a-corrida-fotografica-vao-ser-expostos-no-museu-de-portimao\\\/cultura\\\/11\\\/56\\\/\"]}]},{\"@type\":\"ImageObject\",\"inLanguage\":\"pt-PT\",\"@id\":\"https:\\\/\\\/algarve7.pt\\\/index.php\\\/2023\\\/12\\\/melhores-trabalhos-da-23a-corrida-fotografica-vao-ser-expostos-no-museu-de-portimao\\\/cultura\\\/11\\\/56\\\/#primaryimage\",\"url\":\"https:\\\/\\\/algarve7.pt\\\/wp-content\\\/uploads\\\/2023\\\/12\\\/D5E6CA2E-4A1E-4DDF-97DE-D94FFAB4CCA5.jpeg\",\"contentUrl\":\"https:\\\/\\\/algarve7.pt\\\/wp-content\\\/uploads\\\/2023\\\/12\\\/D5E6CA2E-4A1E-4DDF-97DE-D94FFAB4CCA5.jpeg\",\"width\":1500,\"height\":1000},{\"@type\":\"BreadcrumbList\",\"@id\":\"https:\\\/\\\/algarve7.pt\\\/index.php\\\/2023\\\/12\\\/melhores-trabalhos-da-23a-corrida-fotografica-vao-ser-expostos-no-museu-de-portimao\\\/cultura\\\/11\\\/56\\\/#breadcrumb\",\"itemListElement\":[{\"@type\":\"ListItem\",\"position\":1,\"name\":\"In\u00edcio\",\"item\":\"https:\\\/\\\/algarve7.pt\\\/\"},{\"@type\":\"ListItem\",\"position\":2,\"name\":\"Melhores trabalhos da 23\u00aa Corrida fotogr\u00e1fica v\u00e3o ser expostos no museu de Portim\u00e3o\"}]},{\"@type\":\"WebSite\",\"@id\":\"https:\\\/\\\/algarve7.pt\\\/#website\",\"url\":\"https:\\\/\\\/algarve7.pt\\\/\",\"name\":\"Algarve 7\",\"description\":\"Informa\u00e7\u00e3o sobre o Algarve\",\"publisher\":{\"@id\":\"https:\\\/\\\/algarve7.pt\\\/#organization\"},\"potentialAction\":[{\"@type\":\"SearchAction\",\"target\":{\"@type\":\"EntryPoint\",\"urlTemplate\":\"https:\\\/\\\/algarve7.pt\\\/?s={search_term_string}\"},\"query-input\":{\"@type\":\"PropertyValueSpecification\",\"valueRequired\":true,\"valueName\":\"search_term_string\"}}],\"inLanguage\":\"pt-PT\"},{\"@type\":\"Organization\",\"@id\":\"https:\\\/\\\/algarve7.pt\\\/#organization\",\"name\":\"Algarve 7\",\"url\":\"https:\\\/\\\/algarve7.pt\\\/\",\"logo\":{\"@type\":\"ImageObject\",\"inLanguage\":\"pt-PT\",\"@id\":\"https:\\\/\\\/algarve7.pt\\\/#\\\/schema\\\/logo\\\/image\\\/\",\"url\":\"https:\\\/\\\/algarve7.pt\\\/wp-content\\\/uploads\\\/2020\\\/10\\\/Logo-8.jpg\",\"contentUrl\":\"https:\\\/\\\/algarve7.pt\\\/wp-content\\\/uploads\\\/2020\\\/10\\\/Logo-8.jpg\",\"width\":1680,\"height\":1186,\"caption\":\"Algarve 7\"},\"image\":{\"@id\":\"https:\\\/\\\/algarve7.pt\\\/#\\\/schema\\\/logo\\\/image\\\/\"},\"sameAs\":[\"https:\\\/\\\/www.facebook.com\\\/algarve7\",\"https:\\\/\\\/x.com\\\/Algarvesete\",\"https:\\\/\\\/www.instagram.com\\\/jornalalgarve7\\\/\",\"https:\\\/\\\/www.linkedin.com\\\/company\\\/algarve7\",\"https:\\\/\\\/www.pinterest.pt\\\/geral0939\\\/_created\\\/\"]},{\"@type\":\"Person\",\"@id\":\"https:\\\/\\\/algarve7.pt\\\/#\\\/schema\\\/person\\\/23fa70681308e7b319a3204bcea45e0c\",\"name\":\"Algarve 7\",\"sameAs\":[\"https:\\\/\\\/algarve7.pt\",\"https:\\\/\\\/www.facebook.com\\\/algarve7\"],\"url\":\"https:\\\/\\\/algarve7.pt\\\/index.php\\\/author\\\/geralalgarve7-pt\\\/\"}]}<\/script>\n<!-- \/ Yoast SEO plugin. -->","yoast_head_json":{"title":"Melhores trabalhos da 23\u00aa Corrida fotogr\u00e1fica v\u00e3o ser expostos no museu de Portim\u00e3o - Algarve 7","description":"Melhores trabalhos da 23\u00aa Corrida fotogr\u00e1fica v\u00e3o ser expostos no museu de Portim\u00e3o Cultura","robots":{"index":"index","follow":"follow","max-snippet":"max-snippet:-1","max-image-preview":"max-image-preview:large","max-video-preview":"max-video-preview:-1"},"canonical":"https:\/\/algarve7.pt\/index.php\/2023\/12\/melhores-trabalhos-da-23a-corrida-fotografica-vao-ser-expostos-no-museu-de-portimao\/cultura\/11\/56\/","og_locale":"pt_PT","og_type":"article","og_title":"Melhores trabalhos da 23\u00aa Corrida fotogr\u00e1fica v\u00e3o ser expostos no museu de Portim\u00e3o - Algarve 7","og_description":"Melhores trabalhos da 23\u00aa Corrida fotogr\u00e1fica v\u00e3o ser expostos no museu de Portim\u00e3o Cultura","og_url":"https:\/\/algarve7.pt\/index.php\/2023\/12\/melhores-trabalhos-da-23a-corrida-fotografica-vao-ser-expostos-no-museu-de-portimao\/cultura\/11\/56\/","og_site_name":"Algarve 7","article_publisher":"https:\/\/www.facebook.com\/algarve7","article_author":"https:\/\/www.facebook.com\/algarve7","article_published_time":"2023-12-04T11:56:39+00:00","article_modified_time":"2023-12-04T11:56:41+00:00","og_image":[{"width":1500,"height":1000,"url":"https:\/\/algarve7.pt\/wp-content\/uploads\/2023\/12\/D5E6CA2E-4A1E-4DDF-97DE-D94FFAB4CCA5.jpeg","type":"image\/jpeg"}],"author":"Algarve 7","twitter_card":"summary_large_image","twitter_creator":"@Algarvesete","twitter_site":"@Algarvesete","twitter_misc":{"Escrito por":"Algarve 7","Tempo estimado de leitura":"2 minutos"},"schema":{"@context":"https:\/\/schema.org","@graph":[{"@type":"Article","@id":"https:\/\/algarve7.pt\/index.php\/2023\/12\/melhores-trabalhos-da-23a-corrida-fotografica-vao-ser-expostos-no-museu-de-portimao\/cultura\/11\/56\/#article","isPartOf":{"@id":"https:\/\/algarve7.pt\/index.php\/2023\/12\/melhores-trabalhos-da-23a-corrida-fotografica-vao-ser-expostos-no-museu-de-portimao\/cultura\/11\/56\/"},"author":{"name":"Algarve 7","@id":"https:\/\/algarve7.pt\/#\/schema\/person\/23fa70681308e7b319a3204bcea45e0c"},"headline":"Melhores trabalhos da 23\u00aa Corrida fotogr\u00e1fica v\u00e3o ser expostos no museu de Portim\u00e3o","datePublished":"2023-12-04T11:56:39+00:00","dateModified":"2023-12-04T11:56:41+00:00","mainEntityOfPage":{"@id":"https:\/\/algarve7.pt\/index.php\/2023\/12\/melhores-trabalhos-da-23a-corrida-fotografica-vao-ser-expostos-no-museu-de-portimao\/cultura\/11\/56\/"},"wordCount":308,"publisher":{"@id":"https:\/\/algarve7.pt\/#organization"},"image":{"@id":"https:\/\/algarve7.pt\/index.php\/2023\/12\/melhores-trabalhos-da-23a-corrida-fotografica-vao-ser-expostos-no-museu-de-portimao\/cultura\/11\/56\/#primaryimage"},"thumbnailUrl":"https:\/\/algarve7.pt\/wp-content\/uploads\/2023\/12\/D5E6CA2E-4A1E-4DDF-97DE-D94FFAB4CCA5.jpeg","keywords":["Algarve","Cultura","Portim\u00e3o"],"articleSection":["Cultura"],"inLanguage":"pt-PT"},{"@type":"WebPage","@id":"https:\/\/algarve7.pt\/index.php\/2023\/12\/melhores-trabalhos-da-23a-corrida-fotografica-vao-ser-expostos-no-museu-de-portimao\/cultura\/11\/56\/","url":"https:\/\/algarve7.pt\/index.php\/2023\/12\/melhores-trabalhos-da-23a-corrida-fotografica-vao-ser-expostos-no-museu-de-portimao\/cultura\/11\/56\/","name":"Melhores trabalhos da 23\u00aa Corrida fotogr\u00e1fica v\u00e3o ser expostos no museu de Portim\u00e3o - Algarve 7","isPartOf":{"@id":"https:\/\/algarve7.pt\/#website"},"primaryImageOfPage":{"@id":"https:\/\/algarve7.pt\/index.php\/2023\/12\/melhores-trabalhos-da-23a-corrida-fotografica-vao-ser-expostos-no-museu-de-portimao\/cultura\/11\/56\/#primaryimage"},"image":{"@id":"https:\/\/algarve7.pt\/index.php\/2023\/12\/melhores-trabalhos-da-23a-corrida-fotografica-vao-ser-expostos-no-museu-de-portimao\/cultura\/11\/56\/#primaryimage"},"thumbnailUrl":"https:\/\/algarve7.pt\/wp-content\/uploads\/2023\/12\/D5E6CA2E-4A1E-4DDF-97DE-D94FFAB4CCA5.jpeg","datePublished":"2023-12-04T11:56:39+00:00","dateModified":"2023-12-04T11:56:41+00:00","description":"Melhores trabalhos da 23\u00aa Corrida fotogr\u00e1fica v\u00e3o ser expostos no museu de Portim\u00e3o Cultura","breadcrumb":{"@id":"https:\/\/algarve7.pt\/index.php\/2023\/12\/melhores-trabalhos-da-23a-corrida-fotografica-vao-ser-expostos-no-museu-de-portimao\/cultura\/11\/56\/#breadcrumb"},"inLanguage":"pt-PT","potentialAction":[{"@type":"ReadAction","target":["https:\/\/algarve7.pt\/index.php\/2023\/12\/melhores-trabalhos-da-23a-corrida-fotografica-vao-ser-expostos-no-museu-de-portimao\/cultura\/11\/56\/"]}]},{"@type":"ImageObject","inLanguage":"pt-PT","@id":"https:\/\/algarve7.pt\/index.php\/2023\/12\/melhores-trabalhos-da-23a-corrida-fotografica-vao-ser-expostos-no-museu-de-portimao\/cultura\/11\/56\/#primaryimage","url":"https:\/\/algarve7.pt\/wp-content\/uploads\/2023\/12\/D5E6CA2E-4A1E-4DDF-97DE-D94FFAB4CCA5.jpeg","contentUrl":"https:\/\/algarve7.pt\/wp-content\/uploads\/2023\/12\/D5E6CA2E-4A1E-4DDF-97DE-D94FFAB4CCA5.jpeg","width":1500,"height":1000},{"@type":"BreadcrumbList","@id":"https:\/\/algarve7.pt\/index.php\/2023\/12\/melhores-trabalhos-da-23a-corrida-fotografica-vao-ser-expostos-no-museu-de-portimao\/cultura\/11\/56\/#breadcrumb","itemListElement":[{"@type":"ListItem","position":1,"name":"In\u00edcio","item":"https:\/\/algarve7.pt\/"},{"@type":"ListItem","position":2,"name":"Melhores trabalhos da 23\u00aa Corrida fotogr\u00e1fica v\u00e3o ser expostos no museu de Portim\u00e3o"}]},{"@type":"WebSite","@id":"https:\/\/algarve7.pt\/#website","url":"https:\/\/algarve7.pt\/","name":"Algarve 7","description":"Informa\u00e7\u00e3o sobre o Algarve","publisher":{"@id":"https:\/\/algarve7.pt\/#organization"},"potentialAction":[{"@type":"SearchAction","target":{"@type":"EntryPoint","urlTemplate":"https:\/\/algarve7.pt\/?s={search_term_string}"},"query-input":{"@type":"PropertyValueSpecification","valueRequired":true,"valueName":"search_term_string"}}],"inLanguage":"pt-PT"},{"@type":"Organization","@id":"https:\/\/algarve7.pt\/#organization","name":"Algarve 7","url":"https:\/\/algarve7.pt\/","logo":{"@type":"ImageObject","inLanguage":"pt-PT","@id":"https:\/\/algarve7.pt\/#\/schema\/logo\/image\/","url":"https:\/\/algarve7.pt\/wp-content\/uploads\/2020\/10\/Logo-8.jpg","contentUrl":"https:\/\/algarve7.pt\/wp-content\/uploads\/2020\/10\/Logo-8.jpg","width":1680,"height":1186,"caption":"Algarve 7"},"image":{"@id":"https:\/\/algarve7.pt\/#\/schema\/logo\/image\/"},"sameAs":["https:\/\/www.facebook.com\/algarve7","https:\/\/x.com\/Algarvesete","https:\/\/www.instagram.com\/jornalalgarve7\/","https:\/\/www.linkedin.com\/company\/algarve7","https:\/\/www.pinterest.pt\/geral0939\/_created\/"]},{"@type":"Person","@id":"https:\/\/algarve7.pt\/#\/schema\/person\/23fa70681308e7b319a3204bcea45e0c","name":"Algarve 7","sameAs":["https:\/\/algarve7.pt","https:\/\/www.facebook.com\/algarve7"],"url":"https:\/\/algarve7.pt\/index.php\/author\/geralalgarve7-pt\/"}]}},"jetpack_publicize_connections":[],"jetpack_featured_media_url":"https:\/\/algarve7.pt\/wp-content\/uploads\/2023\/12\/D5E6CA2E-4A1E-4DDF-97DE-D94FFAB4CCA5.jpeg","jetpack_shortlink":"https:\/\/wp.me\/pcezmW-8KB","jetpack_sharing_enabled":true,"_links":{"self":[{"href":"https:\/\/algarve7.pt\/index.php\/wp-json\/wp\/v2\/posts\/33641","targetHints":{"allow":["GET"]}}],"collection":[{"href":"https:\/\/algarve7.pt\/index.php\/wp-json\/wp\/v2\/posts"}],"about":[{"href":"https:\/\/algarve7.pt\/index.php\/wp-json\/wp\/v2\/types\/post"}],"author":[{"embeddable":true,"href":"https:\/\/algarve7.pt\/index.php\/wp-json\/wp\/v2\/users\/1"}],"replies":[{"embeddable":true,"href":"https:\/\/algarve7.pt\/index.php\/wp-json\/wp\/v2\/comments?post=33641"}],"version-history":[{"count":0,"href":"https:\/\/algarve7.pt\/index.php\/wp-json\/wp\/v2\/posts\/33641\/revisions"}],"wp:featuredmedia":[{"embeddable":true,"href":"https:\/\/algarve7.pt\/index.php\/wp-json\/wp\/v2\/media\/33642"}],"wp:attachment":[{"href":"https:\/\/algarve7.pt\/index.php\/wp-json\/wp\/v2\/media?parent=33641"}],"wp:term":[{"taxonomy":"category","embeddable":true,"href":"https:\/\/algarve7.pt\/index.php\/wp-json\/wp\/v2\/categories?post=33641"},{"taxonomy":"post_tag","embeddable":true,"href":"https:\/\/algarve7.pt\/index.php\/wp-json\/wp\/v2\/tags?post=33641"}],"curies":[{"name":"wp","href":"https:\/\/api.w.org\/{rel}","templated":true}]}}