{"id":33577,"date":"2023-12-01T10:20:00","date_gmt":"2023-12-01T10:20:00","guid":{"rendered":"https:\/\/algarve7.pt\/?p=33577"},"modified":"2023-12-01T08:40:22","modified_gmt":"2023-12-01T08:40:22","slug":"tavira-10-anos-de-dieta-mediterranica-como-patrimonio-cultural-imaterial-da-unesco","status":"publish","type":"post","link":"https:\/\/algarve7.pt\/index.php\/2023\/12\/tavira-10-anos-de-dieta-mediterranica-como-patrimonio-cultural-imaterial-da-unesco\/cultura\/10\/20\/","title":{"rendered":"Tavira: 10 Anos de Dieta Mediterr\u00e2nica como Patrim\u00f3nio Cultural Imaterial da UNESCO"},"content":{"rendered":"\n<p>De 01 a 04 de dezembro, Tavira, na qualidade de comunidade representativa de Portugal, comemora o 10\u00ba anivers\u00e1rio da inscri\u00e7\u00e3o portuguesa da Dieta Mediterr\u00e2nica na lista do Patrim\u00f3nio Cultural Imaterial da Humanidade da UNESCO.<br><br>O reconhecimento da Dieta Mediterr\u00e2nica em Portugal, Espanha, Marrocos, It\u00e1lia, Gr\u00e9cia, Chipre e Cro\u00e1cia deu-se, a 04 de dezembro de 2013, em Baku, no Azerbaij\u00e3o.&nbsp;<br><br>De modo a assinalar esta data, a autarquia, em colabora\u00e7\u00e3o com diversos parceiros, preparou um programa que integra mostras de artesanato, demonstra\u00e7\u00f5es gastron\u00f3micas, concertos, uma marcha-passeio e uma mesa redonda subordinada ao tema \u201cUma d\u00e9cada de Dieta Mediterr\u00e2nica, e agora?\u201d.&nbsp;<br><br>Programa:<br><br>Dia 01<br>10h00 \u2013 18h00: Mostra de artesanato (ASTA \u2013 Associa\u00e7\u00e3o de Artes e Sabores de Tavira)<br>Antiga lota<br>16h00: Grupo de Cantares \u201cLado a Lado\u201d<br>Mercado da Ribeira<br><br>Dia 02<br>10h00 \u2013 18h00: Mostra de artesanato (Albacora)<br>10h30: Demonstra\u00e7\u00e3o gastron\u00f3mica \u201cA Dieta Mediterr\u00e2nica \u00e0 Mesa\u201d com o Chef Arnaldo Correia, a Chef de Pastelaria Teresa Chagas e o Escan\u00e7\u00e3o Jo\u00e3o Arcanjo<br>Mercado Municipal<br>12h00: Rancho Folcl\u00f3rico de Santo Est\u00eav\u00e3o<br>Mercado Municipal<br>16h00: P\u00e9rolas do Gil\u00e3o da Sociedade Orfe\u00f3nica<br>Mercado da Ribeira<br><br>Dia 03<br>10h00: Todos a caminhar<br>Ponto de encontro: Largo da Rep\u00fablica, Luz de Tavira<br>10h00 \u2013 18h00: Mostra de artesanato (Almadrava)<br>Antiga lota<br>16h00: Grupo de Cantares de Cachopo \u201cSearas de Outono\u201d<br>Mercado da Ribeira<br><br>Dia 04<br>14h00 \u2013 17h00: Mesa redonda \u201cUma d\u00e9cada de Dieta Mediterr\u00e2nica, e agora?\u201d<br>Biblioteca Municipal \u00c1lvaro de Campos<br>Moderador: Jorge Queiroz<br><br>Conversa em torno dos 10 anos da inscri\u00e7\u00e3o portuguesa da Dieta Mediterr\u00e2nica como Patrim\u00f3nio Cultural Imaterial da Humanidade da UNESCO: os desafios passados e o futuro.&nbsp;<br><br>14h00: \u201cUma d\u00e9cada de Dieta Mediterr\u00e2nica, e agora?<br>Munic\u00edpio de Tavira, Associa\u00e7\u00e3o In Loco, CCDR Algarve, DRAP Algarve, DRC Algarve, Escola de Hotelaria e Turismo do Algarve, Escola de Hotelaria e Turismo de Vila Real de Santo Ant\u00f3nio, Regi\u00e3o de Turismo do Algarve e Universidade do Algarve<br><br>15h30: Pausa&nbsp;<br><br>16h00: Apresenta\u00e7\u00e3o do resultado do plano de atividades para a salvaguarda da Dieta Mediterr\u00e2nica 2018-2021 | Associa\u00e7\u00e3o In Loco<br><br>Apresenta\u00e7\u00e3o do plano de atividades para a salvaguarda da Dieta Mediterr\u00e2nica 2023 \u2013 2027 | Universidade do Algarve<br><br>17h00: Encerramento com degusta\u00e7\u00e3o de bolo regional<br><br>Inscri\u00e7\u00f5es:&nbsp;<a href=\"https:\/\/l.facebook.com\/l.php?u=https%253A%252F%252Fforms.gle%252Fe8vyfeRmF57gGr2C8%253Ffbclid%253DIwAR1f1FN3xKGlEveCOCcYxzWJ0YUmL07ZXjva_qRyBXjIv6Aj5mhOuhc0nZA&amp;h=AT1BiH3K0Z0X-GNxMqMGxF0G5gMd44vfGGcR49WkMJStN0bJJgcWK5Perc1yMQG9wczG9LvNC1OEMQOkhnCX0W0AQ-sj3UEPbDOoUCFe1cKBDvIjWAGccRWpbsjZCz-xEbeHWA8&amp;__tn__=-UK*F&amp;c%5B0%5D=AT39T-CKMMtpslc6OmZCdRe-WxClSuw28gWMirhW5mWVcLqz-q_eOrOizxpL2bdWhNwnYnqvGy8YrCb-wFbDY8NnaEbmViZevKROHbVPBT_Vpj4yPtjelyu3i7QFZDBGJlbTjYtcNgICrkFcdpCy0hFRLClIgBzxV6LyAmYYEpQ9iRdDdfKKZPTKw2dxcZCx0WogLIduefjn7VOs9PYb70yTh7utmq0nY7ZsPTZh-Oij6NJGuQ\" target=\"_blank\" rel=\"noreferrer noopener\">https:\/\/forms.gle\/e8vyfeRmF57gGr2C8<\/a><br>+ Info: dietamediterranica@gmail.com<br><br>18h00: Concerto comemorativo da Dieta Mediterr\u00e2nica com Filipa Cardoso (fadista), Ricardo Silva (guitarra portuguesa), Pedro J\u00f3ia (guitarra cl\u00e1ssica e flamenca), Carlos Lopes (acorde\u00e3o) e Baltazar Molina (percuss\u00f5es do Norte de \u00c1frica)<br><br>A distin\u00e7\u00e3o da Dieta Mediterr\u00e2nica como patrim\u00f3nio cultural imaterial da Dieta Mediterr\u00e2nica refor\u00e7a, juntamente com as evid\u00eancias cient\u00edficas, a necessidade de preservar e promover este estilo de vida com base numa forte heran\u00e7a cultural, hist\u00f3rica e de sa\u00fade<\/p>\n","protected":false},"excerpt":{"rendered":"<p>De 01 a 04 de dezembro, Tavira, na qualidade de comunidade representativa de Portugal, comemora o 10\u00ba anivers\u00e1rio da inscri\u00e7\u00e3o<\/p>\n","protected":false},"author":1,"featured_media":33578,"comment_status":"open","ping_status":"open","sticky":false,"template":"","format":"standard","meta":{"colormag_page_container_layout":"default_layout","colormag_page_sidebar_layout":"default_layout","_monsterinsights_skip_tracking":false,"_monsterinsights_sitenote_active":false,"_monsterinsights_sitenote_note":"","_monsterinsights_sitenote_category":0,"jetpack_post_was_ever_published":false,"_jetpack_newsletter_access":"","_jetpack_dont_email_post_to_subs":false,"_jetpack_newsletter_tier_id":0,"_jetpack_memberships_contains_paywalled_content":false,"_jetpack_memberships_contains_paid_content":false,"footnotes":"","jetpack_publicize_message":"","jetpack_publicize_feature_enabled":true,"jetpack_social_post_already_shared":true,"jetpack_social_options":{"image_generator_settings":{"template":"highway","default_image_id":0,"font":"","enabled":false},"version":2}},"categories":[14],"tags":[36,35,406,54],"class_list":["post-33577","post","type-post","status-publish","format-standard","has-post-thumbnail","hentry","category-cultura","tag-algarve","tag-cultura","tag-dieta-mediterranica","tag-tavira"],"yoast_head":"<!-- This site is optimized with the Yoast SEO plugin v27.5 - https:\/\/yoast.com\/product\/yoast-seo-wordpress\/ -->\n<title>Tavira: 10 Anos de Dieta Mediterr\u00e2nica como Patrim\u00f3nio Cultural Imaterial da UNESCO - Algarve 7<\/title>\n<meta name=\"description\" content=\"Tavira: 10 Anos de Dieta Mediterr\u00e2nica como Patrim\u00f3nio Cultural Imaterial da UNESCO Cultura\" \/>\n<meta name=\"robots\" content=\"index, follow, max-snippet:-1, max-image-preview:large, max-video-preview:-1\" \/>\n<link rel=\"canonical\" href=\"https:\/\/algarve7.pt\/index.php\/2023\/12\/tavira-10-anos-de-dieta-mediterranica-como-patrimonio-cultural-imaterial-da-unesco\/cultura\/10\/20\/\" \/>\n<meta property=\"og:locale\" content=\"pt_PT\" \/>\n<meta property=\"og:type\" content=\"article\" \/>\n<meta property=\"og:title\" content=\"Tavira: 10 Anos de Dieta Mediterr\u00e2nica como Patrim\u00f3nio Cultural Imaterial da UNESCO - Algarve 7\" \/>\n<meta property=\"og:description\" content=\"Tavira: 10 Anos de Dieta Mediterr\u00e2nica como Patrim\u00f3nio Cultural Imaterial da UNESCO Cultura\" \/>\n<meta property=\"og:url\" content=\"https:\/\/algarve7.pt\/index.php\/2023\/12\/tavira-10-anos-de-dieta-mediterranica-como-patrimonio-cultural-imaterial-da-unesco\/cultura\/10\/20\/\" \/>\n<meta property=\"og:site_name\" content=\"Algarve 7\" \/>\n<meta property=\"article:publisher\" content=\"https:\/\/www.facebook.com\/algarve7\" \/>\n<meta property=\"article:author\" content=\"https:\/\/www.facebook.com\/algarve7\" \/>\n<meta property=\"article:published_time\" content=\"2023-12-01T10:20:00+00:00\" \/>\n<meta property=\"og:image\" content=\"https:\/\/algarve7.pt\/wp-content\/uploads\/2023\/12\/406235466_766347795536741_5843975080936852845_n.jpg\" \/>\n\t<meta property=\"og:image:width\" content=\"850\" \/>\n\t<meta property=\"og:image:height\" content=\"852\" \/>\n\t<meta property=\"og:image:type\" content=\"image\/jpeg\" \/>\n<meta name=\"author\" content=\"Algarve 7\" \/>\n<meta name=\"twitter:card\" content=\"summary_large_image\" \/>\n<meta name=\"twitter:creator\" content=\"@Algarvesete\" \/>\n<meta name=\"twitter:site\" content=\"@Algarvesete\" \/>\n<meta name=\"twitter:label1\" content=\"Escrito por\" \/>\n\t<meta name=\"twitter:data1\" content=\"Algarve 7\" \/>\n\t<meta name=\"twitter:label2\" content=\"Tempo estimado de leitura\" \/>\n\t<meta name=\"twitter:data2\" content=\"3 minutos\" \/>\n<script type=\"application\/ld+json\" class=\"yoast-schema-graph\">{\"@context\":\"https:\\\/\\\/schema.org\",\"@graph\":[{\"@type\":\"Article\",\"@id\":\"https:\\\/\\\/algarve7.pt\\\/index.php\\\/2023\\\/12\\\/tavira-10-anos-de-dieta-mediterranica-como-patrimonio-cultural-imaterial-da-unesco\\\/cultura\\\/10\\\/20\\\/#article\",\"isPartOf\":{\"@id\":\"https:\\\/\\\/algarve7.pt\\\/index.php\\\/2023\\\/12\\\/tavira-10-anos-de-dieta-mediterranica-como-patrimonio-cultural-imaterial-da-unesco\\\/cultura\\\/10\\\/20\\\/\"},\"author\":{\"name\":\"Algarve 7\",\"@id\":\"https:\\\/\\\/algarve7.pt\\\/#\\\/schema\\\/person\\\/23fa70681308e7b319a3204bcea45e0c\"},\"headline\":\"Tavira: 10 Anos de Dieta Mediterr\u00e2nica como Patrim\u00f3nio Cultural Imaterial da UNESCO\",\"datePublished\":\"2023-12-01T10:20:00+00:00\",\"mainEntityOfPage\":{\"@id\":\"https:\\\/\\\/algarve7.pt\\\/index.php\\\/2023\\\/12\\\/tavira-10-anos-de-dieta-mediterranica-como-patrimonio-cultural-imaterial-da-unesco\\\/cultura\\\/10\\\/20\\\/\"},\"wordCount\":492,\"commentCount\":0,\"publisher\":{\"@id\":\"https:\\\/\\\/algarve7.pt\\\/#organization\"},\"image\":{\"@id\":\"https:\\\/\\\/algarve7.pt\\\/index.php\\\/2023\\\/12\\\/tavira-10-anos-de-dieta-mediterranica-como-patrimonio-cultural-imaterial-da-unesco\\\/cultura\\\/10\\\/20\\\/#primaryimage\"},\"thumbnailUrl\":\"https:\\\/\\\/algarve7.pt\\\/wp-content\\\/uploads\\\/2023\\\/12\\\/406235466_766347795536741_5843975080936852845_n.jpg\",\"keywords\":[\"Algarve\",\"Cultura\",\"Dieta Mediterr\u00e2nica\",\"Tavira\"],\"articleSection\":[\"Cultura\"],\"inLanguage\":\"pt-PT\",\"potentialAction\":[{\"@type\":\"CommentAction\",\"name\":\"Comment\",\"target\":[\"https:\\\/\\\/algarve7.pt\\\/index.php\\\/2023\\\/12\\\/tavira-10-anos-de-dieta-mediterranica-como-patrimonio-cultural-imaterial-da-unesco\\\/cultura\\\/10\\\/20\\\/#respond\"]}]},{\"@type\":\"WebPage\",\"@id\":\"https:\\\/\\\/algarve7.pt\\\/index.php\\\/2023\\\/12\\\/tavira-10-anos-de-dieta-mediterranica-como-patrimonio-cultural-imaterial-da-unesco\\\/cultura\\\/10\\\/20\\\/\",\"url\":\"https:\\\/\\\/algarve7.pt\\\/index.php\\\/2023\\\/12\\\/tavira-10-anos-de-dieta-mediterranica-como-patrimonio-cultural-imaterial-da-unesco\\\/cultura\\\/10\\\/20\\\/\",\"name\":\"Tavira: 10 Anos de Dieta Mediterr\u00e2nica como Patrim\u00f3nio Cultural Imaterial da UNESCO - Algarve 7\",\"isPartOf\":{\"@id\":\"https:\\\/\\\/algarve7.pt\\\/#website\"},\"primaryImageOfPage\":{\"@id\":\"https:\\\/\\\/algarve7.pt\\\/index.php\\\/2023\\\/12\\\/tavira-10-anos-de-dieta-mediterranica-como-patrimonio-cultural-imaterial-da-unesco\\\/cultura\\\/10\\\/20\\\/#primaryimage\"},\"image\":{\"@id\":\"https:\\\/\\\/algarve7.pt\\\/index.php\\\/2023\\\/12\\\/tavira-10-anos-de-dieta-mediterranica-como-patrimonio-cultural-imaterial-da-unesco\\\/cultura\\\/10\\\/20\\\/#primaryimage\"},\"thumbnailUrl\":\"https:\\\/\\\/algarve7.pt\\\/wp-content\\\/uploads\\\/2023\\\/12\\\/406235466_766347795536741_5843975080936852845_n.jpg\",\"datePublished\":\"2023-12-01T10:20:00+00:00\",\"description\":\"Tavira: 10 Anos de Dieta Mediterr\u00e2nica como Patrim\u00f3nio Cultural Imaterial da UNESCO Cultura\",\"breadcrumb\":{\"@id\":\"https:\\\/\\\/algarve7.pt\\\/index.php\\\/2023\\\/12\\\/tavira-10-anos-de-dieta-mediterranica-como-patrimonio-cultural-imaterial-da-unesco\\\/cultura\\\/10\\\/20\\\/#breadcrumb\"},\"inLanguage\":\"pt-PT\",\"potentialAction\":[{\"@type\":\"ReadAction\",\"target\":[\"https:\\\/\\\/algarve7.pt\\\/index.php\\\/2023\\\/12\\\/tavira-10-anos-de-dieta-mediterranica-como-patrimonio-cultural-imaterial-da-unesco\\\/cultura\\\/10\\\/20\\\/\"]}]},{\"@type\":\"ImageObject\",\"inLanguage\":\"pt-PT\",\"@id\":\"https:\\\/\\\/algarve7.pt\\\/index.php\\\/2023\\\/12\\\/tavira-10-anos-de-dieta-mediterranica-como-patrimonio-cultural-imaterial-da-unesco\\\/cultura\\\/10\\\/20\\\/#primaryimage\",\"url\":\"https:\\\/\\\/algarve7.pt\\\/wp-content\\\/uploads\\\/2023\\\/12\\\/406235466_766347795536741_5843975080936852845_n.jpg\",\"contentUrl\":\"https:\\\/\\\/algarve7.pt\\\/wp-content\\\/uploads\\\/2023\\\/12\\\/406235466_766347795536741_5843975080936852845_n.jpg\",\"width\":850,\"height\":852},{\"@type\":\"BreadcrumbList\",\"@id\":\"https:\\\/\\\/algarve7.pt\\\/index.php\\\/2023\\\/12\\\/tavira-10-anos-de-dieta-mediterranica-como-patrimonio-cultural-imaterial-da-unesco\\\/cultura\\\/10\\\/20\\\/#breadcrumb\",\"itemListElement\":[{\"@type\":\"ListItem\",\"position\":1,\"name\":\"In\u00edcio\",\"item\":\"https:\\\/\\\/algarve7.pt\\\/\"},{\"@type\":\"ListItem\",\"position\":2,\"name\":\"Tavira: 10 Anos de Dieta Mediterr\u00e2nica como Patrim\u00f3nio Cultural Imaterial da UNESCO\"}]},{\"@type\":\"WebSite\",\"@id\":\"https:\\\/\\\/algarve7.pt\\\/#website\",\"url\":\"https:\\\/\\\/algarve7.pt\\\/\",\"name\":\"Algarve 7\",\"description\":\"Informa\u00e7\u00e3o sobre o Algarve\",\"publisher\":{\"@id\":\"https:\\\/\\\/algarve7.pt\\\/#organization\"},\"potentialAction\":[{\"@type\":\"SearchAction\",\"target\":{\"@type\":\"EntryPoint\",\"urlTemplate\":\"https:\\\/\\\/algarve7.pt\\\/?s={search_term_string}\"},\"query-input\":{\"@type\":\"PropertyValueSpecification\",\"valueRequired\":true,\"valueName\":\"search_term_string\"}}],\"inLanguage\":\"pt-PT\"},{\"@type\":\"Organization\",\"@id\":\"https:\\\/\\\/algarve7.pt\\\/#organization\",\"name\":\"Algarve 7\",\"url\":\"https:\\\/\\\/algarve7.pt\\\/\",\"logo\":{\"@type\":\"ImageObject\",\"inLanguage\":\"pt-PT\",\"@id\":\"https:\\\/\\\/algarve7.pt\\\/#\\\/schema\\\/logo\\\/image\\\/\",\"url\":\"https:\\\/\\\/algarve7.pt\\\/wp-content\\\/uploads\\\/2020\\\/10\\\/Logo-8.jpg\",\"contentUrl\":\"https:\\\/\\\/algarve7.pt\\\/wp-content\\\/uploads\\\/2020\\\/10\\\/Logo-8.jpg\",\"width\":1680,\"height\":1186,\"caption\":\"Algarve 7\"},\"image\":{\"@id\":\"https:\\\/\\\/algarve7.pt\\\/#\\\/schema\\\/logo\\\/image\\\/\"},\"sameAs\":[\"https:\\\/\\\/www.facebook.com\\\/algarve7\",\"https:\\\/\\\/x.com\\\/Algarvesete\",\"https:\\\/\\\/www.instagram.com\\\/jornalalgarve7\\\/\",\"https:\\\/\\\/www.linkedin.com\\\/company\\\/algarve7\",\"https:\\\/\\\/www.pinterest.pt\\\/geral0939\\\/_created\\\/\"]},{\"@type\":\"Person\",\"@id\":\"https:\\\/\\\/algarve7.pt\\\/#\\\/schema\\\/person\\\/23fa70681308e7b319a3204bcea45e0c\",\"name\":\"Algarve 7\",\"sameAs\":[\"https:\\\/\\\/algarve7.pt\",\"https:\\\/\\\/www.facebook.com\\\/algarve7\"],\"url\":\"https:\\\/\\\/algarve7.pt\\\/index.php\\\/author\\\/geralalgarve7-pt\\\/\"}]}<\/script>\n<!-- \/ Yoast SEO plugin. -->","yoast_head_json":{"title":"Tavira: 10 Anos de Dieta Mediterr\u00e2nica como Patrim\u00f3nio Cultural Imaterial da UNESCO - Algarve 7","description":"Tavira: 10 Anos de Dieta Mediterr\u00e2nica como Patrim\u00f3nio Cultural Imaterial da UNESCO Cultura","robots":{"index":"index","follow":"follow","max-snippet":"max-snippet:-1","max-image-preview":"max-image-preview:large","max-video-preview":"max-video-preview:-1"},"canonical":"https:\/\/algarve7.pt\/index.php\/2023\/12\/tavira-10-anos-de-dieta-mediterranica-como-patrimonio-cultural-imaterial-da-unesco\/cultura\/10\/20\/","og_locale":"pt_PT","og_type":"article","og_title":"Tavira: 10 Anos de Dieta Mediterr\u00e2nica como Patrim\u00f3nio Cultural Imaterial da UNESCO - Algarve 7","og_description":"Tavira: 10 Anos de Dieta Mediterr\u00e2nica como Patrim\u00f3nio Cultural Imaterial da UNESCO Cultura","og_url":"https:\/\/algarve7.pt\/index.php\/2023\/12\/tavira-10-anos-de-dieta-mediterranica-como-patrimonio-cultural-imaterial-da-unesco\/cultura\/10\/20\/","og_site_name":"Algarve 7","article_publisher":"https:\/\/www.facebook.com\/algarve7","article_author":"https:\/\/www.facebook.com\/algarve7","article_published_time":"2023-12-01T10:20:00+00:00","og_image":[{"width":850,"height":852,"url":"https:\/\/algarve7.pt\/wp-content\/uploads\/2023\/12\/406235466_766347795536741_5843975080936852845_n.jpg","type":"image\/jpeg"}],"author":"Algarve 7","twitter_card":"summary_large_image","twitter_creator":"@Algarvesete","twitter_site":"@Algarvesete","twitter_misc":{"Escrito por":"Algarve 7","Tempo estimado de leitura":"3 minutos"},"schema":{"@context":"https:\/\/schema.org","@graph":[{"@type":"Article","@id":"https:\/\/algarve7.pt\/index.php\/2023\/12\/tavira-10-anos-de-dieta-mediterranica-como-patrimonio-cultural-imaterial-da-unesco\/cultura\/10\/20\/#article","isPartOf":{"@id":"https:\/\/algarve7.pt\/index.php\/2023\/12\/tavira-10-anos-de-dieta-mediterranica-como-patrimonio-cultural-imaterial-da-unesco\/cultura\/10\/20\/"},"author":{"name":"Algarve 7","@id":"https:\/\/algarve7.pt\/#\/schema\/person\/23fa70681308e7b319a3204bcea45e0c"},"headline":"Tavira: 10 Anos de Dieta Mediterr\u00e2nica como Patrim\u00f3nio Cultural Imaterial da UNESCO","datePublished":"2023-12-01T10:20:00+00:00","mainEntityOfPage":{"@id":"https:\/\/algarve7.pt\/index.php\/2023\/12\/tavira-10-anos-de-dieta-mediterranica-como-patrimonio-cultural-imaterial-da-unesco\/cultura\/10\/20\/"},"wordCount":492,"commentCount":0,"publisher":{"@id":"https:\/\/algarve7.pt\/#organization"},"image":{"@id":"https:\/\/algarve7.pt\/index.php\/2023\/12\/tavira-10-anos-de-dieta-mediterranica-como-patrimonio-cultural-imaterial-da-unesco\/cultura\/10\/20\/#primaryimage"},"thumbnailUrl":"https:\/\/algarve7.pt\/wp-content\/uploads\/2023\/12\/406235466_766347795536741_5843975080936852845_n.jpg","keywords":["Algarve","Cultura","Dieta Mediterr\u00e2nica","Tavira"],"articleSection":["Cultura"],"inLanguage":"pt-PT","potentialAction":[{"@type":"CommentAction","name":"Comment","target":["https:\/\/algarve7.pt\/index.php\/2023\/12\/tavira-10-anos-de-dieta-mediterranica-como-patrimonio-cultural-imaterial-da-unesco\/cultura\/10\/20\/#respond"]}]},{"@type":"WebPage","@id":"https:\/\/algarve7.pt\/index.php\/2023\/12\/tavira-10-anos-de-dieta-mediterranica-como-patrimonio-cultural-imaterial-da-unesco\/cultura\/10\/20\/","url":"https:\/\/algarve7.pt\/index.php\/2023\/12\/tavira-10-anos-de-dieta-mediterranica-como-patrimonio-cultural-imaterial-da-unesco\/cultura\/10\/20\/","name":"Tavira: 10 Anos de Dieta Mediterr\u00e2nica como Patrim\u00f3nio Cultural Imaterial da UNESCO - Algarve 7","isPartOf":{"@id":"https:\/\/algarve7.pt\/#website"},"primaryImageOfPage":{"@id":"https:\/\/algarve7.pt\/index.php\/2023\/12\/tavira-10-anos-de-dieta-mediterranica-como-patrimonio-cultural-imaterial-da-unesco\/cultura\/10\/20\/#primaryimage"},"image":{"@id":"https:\/\/algarve7.pt\/index.php\/2023\/12\/tavira-10-anos-de-dieta-mediterranica-como-patrimonio-cultural-imaterial-da-unesco\/cultura\/10\/20\/#primaryimage"},"thumbnailUrl":"https:\/\/algarve7.pt\/wp-content\/uploads\/2023\/12\/406235466_766347795536741_5843975080936852845_n.jpg","datePublished":"2023-12-01T10:20:00+00:00","description":"Tavira: 10 Anos de Dieta Mediterr\u00e2nica como Patrim\u00f3nio Cultural Imaterial da UNESCO Cultura","breadcrumb":{"@id":"https:\/\/algarve7.pt\/index.php\/2023\/12\/tavira-10-anos-de-dieta-mediterranica-como-patrimonio-cultural-imaterial-da-unesco\/cultura\/10\/20\/#breadcrumb"},"inLanguage":"pt-PT","potentialAction":[{"@type":"ReadAction","target":["https:\/\/algarve7.pt\/index.php\/2023\/12\/tavira-10-anos-de-dieta-mediterranica-como-patrimonio-cultural-imaterial-da-unesco\/cultura\/10\/20\/"]}]},{"@type":"ImageObject","inLanguage":"pt-PT","@id":"https:\/\/algarve7.pt\/index.php\/2023\/12\/tavira-10-anos-de-dieta-mediterranica-como-patrimonio-cultural-imaterial-da-unesco\/cultura\/10\/20\/#primaryimage","url":"https:\/\/algarve7.pt\/wp-content\/uploads\/2023\/12\/406235466_766347795536741_5843975080936852845_n.jpg","contentUrl":"https:\/\/algarve7.pt\/wp-content\/uploads\/2023\/12\/406235466_766347795536741_5843975080936852845_n.jpg","width":850,"height":852},{"@type":"BreadcrumbList","@id":"https:\/\/algarve7.pt\/index.php\/2023\/12\/tavira-10-anos-de-dieta-mediterranica-como-patrimonio-cultural-imaterial-da-unesco\/cultura\/10\/20\/#breadcrumb","itemListElement":[{"@type":"ListItem","position":1,"name":"In\u00edcio","item":"https:\/\/algarve7.pt\/"},{"@type":"ListItem","position":2,"name":"Tavira: 10 Anos de Dieta Mediterr\u00e2nica como Patrim\u00f3nio Cultural Imaterial da UNESCO"}]},{"@type":"WebSite","@id":"https:\/\/algarve7.pt\/#website","url":"https:\/\/algarve7.pt\/","name":"Algarve 7","description":"Informa\u00e7\u00e3o sobre o Algarve","publisher":{"@id":"https:\/\/algarve7.pt\/#organization"},"potentialAction":[{"@type":"SearchAction","target":{"@type":"EntryPoint","urlTemplate":"https:\/\/algarve7.pt\/?s={search_term_string}"},"query-input":{"@type":"PropertyValueSpecification","valueRequired":true,"valueName":"search_term_string"}}],"inLanguage":"pt-PT"},{"@type":"Organization","@id":"https:\/\/algarve7.pt\/#organization","name":"Algarve 7","url":"https:\/\/algarve7.pt\/","logo":{"@type":"ImageObject","inLanguage":"pt-PT","@id":"https:\/\/algarve7.pt\/#\/schema\/logo\/image\/","url":"https:\/\/algarve7.pt\/wp-content\/uploads\/2020\/10\/Logo-8.jpg","contentUrl":"https:\/\/algarve7.pt\/wp-content\/uploads\/2020\/10\/Logo-8.jpg","width":1680,"height":1186,"caption":"Algarve 7"},"image":{"@id":"https:\/\/algarve7.pt\/#\/schema\/logo\/image\/"},"sameAs":["https:\/\/www.facebook.com\/algarve7","https:\/\/x.com\/Algarvesete","https:\/\/www.instagram.com\/jornalalgarve7\/","https:\/\/www.linkedin.com\/company\/algarve7","https:\/\/www.pinterest.pt\/geral0939\/_created\/"]},{"@type":"Person","@id":"https:\/\/algarve7.pt\/#\/schema\/person\/23fa70681308e7b319a3204bcea45e0c","name":"Algarve 7","sameAs":["https:\/\/algarve7.pt","https:\/\/www.facebook.com\/algarve7"],"url":"https:\/\/algarve7.pt\/index.php\/author\/geralalgarve7-pt\/"}]}},"jetpack_publicize_connections":[],"jetpack_featured_media_url":"https:\/\/algarve7.pt\/wp-content\/uploads\/2023\/12\/406235466_766347795536741_5843975080936852845_n.jpg","jetpack_shortlink":"https:\/\/wp.me\/pcezmW-8Jz","jetpack_sharing_enabled":true,"_links":{"self":[{"href":"https:\/\/algarve7.pt\/index.php\/wp-json\/wp\/v2\/posts\/33577","targetHints":{"allow":["GET"]}}],"collection":[{"href":"https:\/\/algarve7.pt\/index.php\/wp-json\/wp\/v2\/posts"}],"about":[{"href":"https:\/\/algarve7.pt\/index.php\/wp-json\/wp\/v2\/types\/post"}],"author":[{"embeddable":true,"href":"https:\/\/algarve7.pt\/index.php\/wp-json\/wp\/v2\/users\/1"}],"replies":[{"embeddable":true,"href":"https:\/\/algarve7.pt\/index.php\/wp-json\/wp\/v2\/comments?post=33577"}],"version-history":[{"count":0,"href":"https:\/\/algarve7.pt\/index.php\/wp-json\/wp\/v2\/posts\/33577\/revisions"}],"wp:featuredmedia":[{"embeddable":true,"href":"https:\/\/algarve7.pt\/index.php\/wp-json\/wp\/v2\/media\/33578"}],"wp:attachment":[{"href":"https:\/\/algarve7.pt\/index.php\/wp-json\/wp\/v2\/media?parent=33577"}],"wp:term":[{"taxonomy":"category","embeddable":true,"href":"https:\/\/algarve7.pt\/index.php\/wp-json\/wp\/v2\/categories?post=33577"},{"taxonomy":"post_tag","embeddable":true,"href":"https:\/\/algarve7.pt\/index.php\/wp-json\/wp\/v2\/tags?post=33577"}],"curies":[{"name":"wp","href":"https:\/\/api.w.org\/{rel}","templated":true}]}}