{"id":3356,"date":"2020-11-04T15:48:10","date_gmt":"2020-11-04T15:48:10","guid":{"rendered":"https:\/\/algarve7.pt\/?p=3356"},"modified":"2020-11-04T15:48:11","modified_gmt":"2020-11-04T15:48:11","slug":"detetadas-96-infracoes-em-fiscalizacao-ao-caravanismo-ilegal-no-concelho-de-vila-do-bispo","status":"publish","type":"post","link":"https:\/\/algarve7.pt\/index.php\/2020\/11\/detetadas-96-infracoes-em-fiscalizacao-ao-caravanismo-ilegal-no-concelho-de-vila-do-bispo\/atualidade\/15\/48\/","title":{"rendered":"Detetadas 96 infra\u00e7\u00f5es em fiscaliza\u00e7\u00e3o ao caravanismo ilegal no Concelho de Vila do Bispo"},"content":{"rendered":"\n<p>O Comando Territorial de Faro, atrav\u00e9s do Destacamento Territorial de Portim\u00e3o, ontem, dia 3 de novembro, realizou v\u00e1rias a\u00e7\u00f5es de fiscaliza\u00e7\u00e3o de combate ao caravanismo ilegal e campismo selvagem, no concelho de Vila do Bispo, com especial incid\u00eancia no Parque Natural do Sudoeste Alentejo e Costa Vicentina.<\/p>\n\n\n\n<p>Das a\u00e7\u00f5es de fiscaliza\u00e7\u00e3o,&nbsp;foram detetadas&nbsp;<strong>96 infra\u00e7\u00f5es<\/strong>&nbsp;por campismo selvagem bem como autocaravanismo e estacionamento ilegal em locais n\u00e3o permitidos.<\/p>\n\n\n\n<p>Com o intuito de mitigar atividades de campismo selvagem e caravanismo ilegal no per\u00edodo noturno, estas a\u00e7\u00f5es foram realizadas com o refor\u00e7o do Destacamento de Interven\u00e7\u00e3o (DI) de Faro e do Destacamento de Controlo Costeiro (DCC) de Portim\u00e3o, em colabora\u00e7\u00e3o com a Dire\u00e7\u00e3o Regional da Conserva\u00e7\u00e3o da Natureza e das Florestas do Algarve e com a Pol\u00edcia Mar\u00edtima de Lagos, contando ainda com o apoio dos Bombeiros Volunt\u00e1rios da Vila do Bispo.<\/p>\n\n\n\n<p>O campismo e caravanismo selvagem \u00e9 um problema identificado e que leva a uma ocupa\u00e7\u00e3o excessiva e desordenada de espa\u00e7os p\u00fablicos, zonas costeiras e \u00e1reas classificadas por autocaravanas e similares, com consequ\u00eancias negativas na paisagem, no ambiente, no ordenamento do territ\u00f3rio e na sa\u00fade p\u00fablica.<\/p>\n","protected":false},"excerpt":{"rendered":"<p>O Comando Territorial de Faro, atrav\u00e9s do Destacamento Territorial de Portim\u00e3o, ontem, dia 3 de novembro, realizou v\u00e1rias a\u00e7\u00f5es de<\/p>\n","protected":false},"author":1,"featured_media":3357,"comment_status":"closed","ping_status":"open","sticky":false,"template":"","format":"standard","meta":{"colormag_page_container_layout":"default_layout","colormag_page_sidebar_layout":"default_layout","_monsterinsights_skip_tracking":false,"_monsterinsights_sitenote_active":false,"_monsterinsights_sitenote_note":"","_monsterinsights_sitenote_category":0,"jetpack_post_was_ever_published":false,"_jetpack_newsletter_access":"","_jetpack_dont_email_post_to_subs":false,"_jetpack_newsletter_tier_id":0,"_jetpack_memberships_contains_paywalled_content":false,"_jetpack_memberships_contains_paid_content":false,"footnotes":"","jetpack_publicize_message":"","jetpack_publicize_feature_enabled":true,"jetpack_social_post_already_shared":true,"jetpack_social_options":{"image_generator_settings":{"template":"highway","default_image_id":0,"font":"","enabled":false},"version":2}},"categories":[11],"tags":[62,238,84],"class_list":["post-3356","post","type-post","status-publish","format-standard","has-post-thumbnail","hentry","category-atualidade","tag-atualidade","tag-costa-vicentina","tag-vila-do-bispo"],"yoast_head":"<!-- This site is optimized with the Yoast SEO plugin v27.4 - https:\/\/yoast.com\/product\/yoast-seo-wordpress\/ -->\n<title>Detetadas 96 infra\u00e7\u00f5es em fiscaliza\u00e7\u00e3o ao caravanismo ilegal no Concelho de Vila do Bispo - Algarve 7<\/title>\n<meta name=\"description\" content=\"Detetadas 96 infra\u00e7\u00f5es em fiscaliza\u00e7\u00e3o ao caravanismo ilegal no Concelho de Vila do Bispo Atualidade\" \/>\n<meta name=\"robots\" content=\"index, follow, max-snippet:-1, max-image-preview:large, max-video-preview:-1\" \/>\n<link rel=\"canonical\" href=\"https:\/\/algarve7.pt\/index.php\/2020\/11\/detetadas-96-infracoes-em-fiscalizacao-ao-caravanismo-ilegal-no-concelho-de-vila-do-bispo\/atualidade\/15\/48\/\" \/>\n<meta property=\"og:locale\" content=\"pt_PT\" \/>\n<meta property=\"og:type\" content=\"article\" \/>\n<meta property=\"og:title\" content=\"Detetadas 96 infra\u00e7\u00f5es em fiscaliza\u00e7\u00e3o ao caravanismo ilegal no Concelho de Vila do Bispo - Algarve 7\" \/>\n<meta property=\"og:description\" content=\"Detetadas 96 infra\u00e7\u00f5es em fiscaliza\u00e7\u00e3o ao caravanismo ilegal no Concelho de Vila do Bispo Atualidade\" \/>\n<meta property=\"og:url\" content=\"https:\/\/algarve7.pt\/index.php\/2020\/11\/detetadas-96-infracoes-em-fiscalizacao-ao-caravanismo-ilegal-no-concelho-de-vila-do-bispo\/atualidade\/15\/48\/\" \/>\n<meta property=\"og:site_name\" content=\"Algarve 7\" \/>\n<meta property=\"article:publisher\" content=\"https:\/\/www.facebook.com\/algarve7\" \/>\n<meta property=\"article:author\" content=\"https:\/\/www.facebook.com\/algarve7\" \/>\n<meta property=\"article:published_time\" content=\"2020-11-04T15:48:10+00:00\" \/>\n<meta property=\"article:modified_time\" content=\"2020-11-04T15:48:11+00:00\" \/>\n<meta property=\"og:image\" content=\"https:\/\/algarve7.pt\/wp-content\/uploads\/2020\/11\/GNR-Faro-Autocaravanismo-e1604504856865.jpg\" \/>\n\t<meta property=\"og:image:width\" content=\"844\" \/>\n\t<meta property=\"og:image:height\" content=\"533\" \/>\n\t<meta property=\"og:image:type\" content=\"image\/jpeg\" \/>\n<meta name=\"author\" content=\"Algarve 7\" \/>\n<meta name=\"twitter:card\" content=\"summary_large_image\" \/>\n<meta name=\"twitter:creator\" content=\"@Algarvesete\" \/>\n<meta name=\"twitter:site\" content=\"@Algarvesete\" \/>\n<meta name=\"twitter:label1\" content=\"Escrito por\" \/>\n\t<meta name=\"twitter:data1\" content=\"Algarve 7\" \/>\n\t<meta name=\"twitter:label2\" content=\"Tempo estimado de leitura\" \/>\n\t<meta name=\"twitter:data2\" content=\"1 minuto\" \/>\n<script type=\"application\/ld+json\" class=\"yoast-schema-graph\">{\"@context\":\"https:\\\/\\\/schema.org\",\"@graph\":[{\"@type\":\"Article\",\"@id\":\"https:\\\/\\\/algarve7.pt\\\/index.php\\\/2020\\\/11\\\/detetadas-96-infracoes-em-fiscalizacao-ao-caravanismo-ilegal-no-concelho-de-vila-do-bispo\\\/atualidade\\\/15\\\/48\\\/#article\",\"isPartOf\":{\"@id\":\"https:\\\/\\\/algarve7.pt\\\/index.php\\\/2020\\\/11\\\/detetadas-96-infracoes-em-fiscalizacao-ao-caravanismo-ilegal-no-concelho-de-vila-do-bispo\\\/atualidade\\\/15\\\/48\\\/\"},\"author\":{\"name\":\"Algarve 7\",\"@id\":\"https:\\\/\\\/algarve7.pt\\\/#\\\/schema\\\/person\\\/23fa70681308e7b319a3204bcea45e0c\"},\"headline\":\"Detetadas 96 infra\u00e7\u00f5es em fiscaliza\u00e7\u00e3o ao caravanismo ilegal no Concelho de Vila do Bispo\",\"datePublished\":\"2020-11-04T15:48:10+00:00\",\"dateModified\":\"2020-11-04T15:48:11+00:00\",\"mainEntityOfPage\":{\"@id\":\"https:\\\/\\\/algarve7.pt\\\/index.php\\\/2020\\\/11\\\/detetadas-96-infracoes-em-fiscalizacao-ao-caravanismo-ilegal-no-concelho-de-vila-do-bispo\\\/atualidade\\\/15\\\/48\\\/\"},\"wordCount\":228,\"publisher\":{\"@id\":\"https:\\\/\\\/algarve7.pt\\\/#organization\"},\"image\":{\"@id\":\"https:\\\/\\\/algarve7.pt\\\/index.php\\\/2020\\\/11\\\/detetadas-96-infracoes-em-fiscalizacao-ao-caravanismo-ilegal-no-concelho-de-vila-do-bispo\\\/atualidade\\\/15\\\/48\\\/#primaryimage\"},\"thumbnailUrl\":\"https:\\\/\\\/algarve7.pt\\\/wp-content\\\/uploads\\\/2020\\\/11\\\/GNR-Faro-Autocaravanismo-e1604504856865.jpg\",\"keywords\":[\"Atualidade\",\"Costa Vicentina\",\"Vila do Bispo\"],\"articleSection\":[\"Atualidade\"],\"inLanguage\":\"pt-PT\"},{\"@type\":\"WebPage\",\"@id\":\"https:\\\/\\\/algarve7.pt\\\/index.php\\\/2020\\\/11\\\/detetadas-96-infracoes-em-fiscalizacao-ao-caravanismo-ilegal-no-concelho-de-vila-do-bispo\\\/atualidade\\\/15\\\/48\\\/\",\"url\":\"https:\\\/\\\/algarve7.pt\\\/index.php\\\/2020\\\/11\\\/detetadas-96-infracoes-em-fiscalizacao-ao-caravanismo-ilegal-no-concelho-de-vila-do-bispo\\\/atualidade\\\/15\\\/48\\\/\",\"name\":\"Detetadas 96 infra\u00e7\u00f5es em fiscaliza\u00e7\u00e3o ao caravanismo ilegal no Concelho de Vila do Bispo - Algarve 7\",\"isPartOf\":{\"@id\":\"https:\\\/\\\/algarve7.pt\\\/#website\"},\"primaryImageOfPage\":{\"@id\":\"https:\\\/\\\/algarve7.pt\\\/index.php\\\/2020\\\/11\\\/detetadas-96-infracoes-em-fiscalizacao-ao-caravanismo-ilegal-no-concelho-de-vila-do-bispo\\\/atualidade\\\/15\\\/48\\\/#primaryimage\"},\"image\":{\"@id\":\"https:\\\/\\\/algarve7.pt\\\/index.php\\\/2020\\\/11\\\/detetadas-96-infracoes-em-fiscalizacao-ao-caravanismo-ilegal-no-concelho-de-vila-do-bispo\\\/atualidade\\\/15\\\/48\\\/#primaryimage\"},\"thumbnailUrl\":\"https:\\\/\\\/algarve7.pt\\\/wp-content\\\/uploads\\\/2020\\\/11\\\/GNR-Faro-Autocaravanismo-e1604504856865.jpg\",\"datePublished\":\"2020-11-04T15:48:10+00:00\",\"dateModified\":\"2020-11-04T15:48:11+00:00\",\"description\":\"Detetadas 96 infra\u00e7\u00f5es em fiscaliza\u00e7\u00e3o ao caravanismo ilegal no Concelho de Vila do Bispo Atualidade\",\"breadcrumb\":{\"@id\":\"https:\\\/\\\/algarve7.pt\\\/index.php\\\/2020\\\/11\\\/detetadas-96-infracoes-em-fiscalizacao-ao-caravanismo-ilegal-no-concelho-de-vila-do-bispo\\\/atualidade\\\/15\\\/48\\\/#breadcrumb\"},\"inLanguage\":\"pt-PT\",\"potentialAction\":[{\"@type\":\"ReadAction\",\"target\":[\"https:\\\/\\\/algarve7.pt\\\/index.php\\\/2020\\\/11\\\/detetadas-96-infracoes-em-fiscalizacao-ao-caravanismo-ilegal-no-concelho-de-vila-do-bispo\\\/atualidade\\\/15\\\/48\\\/\"]}]},{\"@type\":\"ImageObject\",\"inLanguage\":\"pt-PT\",\"@id\":\"https:\\\/\\\/algarve7.pt\\\/index.php\\\/2020\\\/11\\\/detetadas-96-infracoes-em-fiscalizacao-ao-caravanismo-ilegal-no-concelho-de-vila-do-bispo\\\/atualidade\\\/15\\\/48\\\/#primaryimage\",\"url\":\"https:\\\/\\\/algarve7.pt\\\/wp-content\\\/uploads\\\/2020\\\/11\\\/GNR-Faro-Autocaravanismo-e1604504856865.jpg\",\"contentUrl\":\"https:\\\/\\\/algarve7.pt\\\/wp-content\\\/uploads\\\/2020\\\/11\\\/GNR-Faro-Autocaravanismo-e1604504856865.jpg\",\"width\":844,\"height\":533},{\"@type\":\"BreadcrumbList\",\"@id\":\"https:\\\/\\\/algarve7.pt\\\/index.php\\\/2020\\\/11\\\/detetadas-96-infracoes-em-fiscalizacao-ao-caravanismo-ilegal-no-concelho-de-vila-do-bispo\\\/atualidade\\\/15\\\/48\\\/#breadcrumb\",\"itemListElement\":[{\"@type\":\"ListItem\",\"position\":1,\"name\":\"In\u00edcio\",\"item\":\"https:\\\/\\\/algarve7.pt\\\/\"},{\"@type\":\"ListItem\",\"position\":2,\"name\":\"Detetadas 96 infra\u00e7\u00f5es em fiscaliza\u00e7\u00e3o ao caravanismo ilegal no Concelho de Vila do Bispo\"}]},{\"@type\":\"WebSite\",\"@id\":\"https:\\\/\\\/algarve7.pt\\\/#website\",\"url\":\"https:\\\/\\\/algarve7.pt\\\/\",\"name\":\"Algarve 7\",\"description\":\"Informa\u00e7\u00e3o sobre o Algarve\",\"publisher\":{\"@id\":\"https:\\\/\\\/algarve7.pt\\\/#organization\"},\"potentialAction\":[{\"@type\":\"SearchAction\",\"target\":{\"@type\":\"EntryPoint\",\"urlTemplate\":\"https:\\\/\\\/algarve7.pt\\\/?s={search_term_string}\"},\"query-input\":{\"@type\":\"PropertyValueSpecification\",\"valueRequired\":true,\"valueName\":\"search_term_string\"}}],\"inLanguage\":\"pt-PT\"},{\"@type\":\"Organization\",\"@id\":\"https:\\\/\\\/algarve7.pt\\\/#organization\",\"name\":\"Algarve 7\",\"url\":\"https:\\\/\\\/algarve7.pt\\\/\",\"logo\":{\"@type\":\"ImageObject\",\"inLanguage\":\"pt-PT\",\"@id\":\"https:\\\/\\\/algarve7.pt\\\/#\\\/schema\\\/logo\\\/image\\\/\",\"url\":\"https:\\\/\\\/algarve7.pt\\\/wp-content\\\/uploads\\\/2020\\\/10\\\/Logo-8.jpg\",\"contentUrl\":\"https:\\\/\\\/algarve7.pt\\\/wp-content\\\/uploads\\\/2020\\\/10\\\/Logo-8.jpg\",\"width\":1680,\"height\":1186,\"caption\":\"Algarve 7\"},\"image\":{\"@id\":\"https:\\\/\\\/algarve7.pt\\\/#\\\/schema\\\/logo\\\/image\\\/\"},\"sameAs\":[\"https:\\\/\\\/www.facebook.com\\\/algarve7\",\"https:\\\/\\\/x.com\\\/Algarvesete\",\"https:\\\/\\\/www.instagram.com\\\/jornalalgarve7\\\/\",\"https:\\\/\\\/www.linkedin.com\\\/company\\\/algarve7\",\"https:\\\/\\\/www.pinterest.pt\\\/geral0939\\\/_created\\\/\"]},{\"@type\":\"Person\",\"@id\":\"https:\\\/\\\/algarve7.pt\\\/#\\\/schema\\\/person\\\/23fa70681308e7b319a3204bcea45e0c\",\"name\":\"Algarve 7\",\"sameAs\":[\"https:\\\/\\\/algarve7.pt\",\"https:\\\/\\\/www.facebook.com\\\/algarve7\"],\"url\":\"https:\\\/\\\/algarve7.pt\\\/index.php\\\/author\\\/geralalgarve7-pt\\\/\"}]}<\/script>\n<!-- \/ Yoast SEO plugin. -->","yoast_head_json":{"title":"Detetadas 96 infra\u00e7\u00f5es em fiscaliza\u00e7\u00e3o ao caravanismo ilegal no Concelho de Vila do Bispo - Algarve 7","description":"Detetadas 96 infra\u00e7\u00f5es em fiscaliza\u00e7\u00e3o ao caravanismo ilegal no Concelho de Vila do Bispo Atualidade","robots":{"index":"index","follow":"follow","max-snippet":"max-snippet:-1","max-image-preview":"max-image-preview:large","max-video-preview":"max-video-preview:-1"},"canonical":"https:\/\/algarve7.pt\/index.php\/2020\/11\/detetadas-96-infracoes-em-fiscalizacao-ao-caravanismo-ilegal-no-concelho-de-vila-do-bispo\/atualidade\/15\/48\/","og_locale":"pt_PT","og_type":"article","og_title":"Detetadas 96 infra\u00e7\u00f5es em fiscaliza\u00e7\u00e3o ao caravanismo ilegal no Concelho de Vila do Bispo - Algarve 7","og_description":"Detetadas 96 infra\u00e7\u00f5es em fiscaliza\u00e7\u00e3o ao caravanismo ilegal no Concelho de Vila do Bispo Atualidade","og_url":"https:\/\/algarve7.pt\/index.php\/2020\/11\/detetadas-96-infracoes-em-fiscalizacao-ao-caravanismo-ilegal-no-concelho-de-vila-do-bispo\/atualidade\/15\/48\/","og_site_name":"Algarve 7","article_publisher":"https:\/\/www.facebook.com\/algarve7","article_author":"https:\/\/www.facebook.com\/algarve7","article_published_time":"2020-11-04T15:48:10+00:00","article_modified_time":"2020-11-04T15:48:11+00:00","og_image":[{"width":844,"height":533,"url":"https:\/\/algarve7.pt\/wp-content\/uploads\/2020\/11\/GNR-Faro-Autocaravanismo-e1604504856865.jpg","type":"image\/jpeg"}],"author":"Algarve 7","twitter_card":"summary_large_image","twitter_creator":"@Algarvesete","twitter_site":"@Algarvesete","twitter_misc":{"Escrito por":"Algarve 7","Tempo estimado de leitura":"1 minuto"},"schema":{"@context":"https:\/\/schema.org","@graph":[{"@type":"Article","@id":"https:\/\/algarve7.pt\/index.php\/2020\/11\/detetadas-96-infracoes-em-fiscalizacao-ao-caravanismo-ilegal-no-concelho-de-vila-do-bispo\/atualidade\/15\/48\/#article","isPartOf":{"@id":"https:\/\/algarve7.pt\/index.php\/2020\/11\/detetadas-96-infracoes-em-fiscalizacao-ao-caravanismo-ilegal-no-concelho-de-vila-do-bispo\/atualidade\/15\/48\/"},"author":{"name":"Algarve 7","@id":"https:\/\/algarve7.pt\/#\/schema\/person\/23fa70681308e7b319a3204bcea45e0c"},"headline":"Detetadas 96 infra\u00e7\u00f5es em fiscaliza\u00e7\u00e3o ao caravanismo ilegal no Concelho de Vila do Bispo","datePublished":"2020-11-04T15:48:10+00:00","dateModified":"2020-11-04T15:48:11+00:00","mainEntityOfPage":{"@id":"https:\/\/algarve7.pt\/index.php\/2020\/11\/detetadas-96-infracoes-em-fiscalizacao-ao-caravanismo-ilegal-no-concelho-de-vila-do-bispo\/atualidade\/15\/48\/"},"wordCount":228,"publisher":{"@id":"https:\/\/algarve7.pt\/#organization"},"image":{"@id":"https:\/\/algarve7.pt\/index.php\/2020\/11\/detetadas-96-infracoes-em-fiscalizacao-ao-caravanismo-ilegal-no-concelho-de-vila-do-bispo\/atualidade\/15\/48\/#primaryimage"},"thumbnailUrl":"https:\/\/algarve7.pt\/wp-content\/uploads\/2020\/11\/GNR-Faro-Autocaravanismo-e1604504856865.jpg","keywords":["Atualidade","Costa Vicentina","Vila do Bispo"],"articleSection":["Atualidade"],"inLanguage":"pt-PT"},{"@type":"WebPage","@id":"https:\/\/algarve7.pt\/index.php\/2020\/11\/detetadas-96-infracoes-em-fiscalizacao-ao-caravanismo-ilegal-no-concelho-de-vila-do-bispo\/atualidade\/15\/48\/","url":"https:\/\/algarve7.pt\/index.php\/2020\/11\/detetadas-96-infracoes-em-fiscalizacao-ao-caravanismo-ilegal-no-concelho-de-vila-do-bispo\/atualidade\/15\/48\/","name":"Detetadas 96 infra\u00e7\u00f5es em fiscaliza\u00e7\u00e3o ao caravanismo ilegal no Concelho de Vila do Bispo - Algarve 7","isPartOf":{"@id":"https:\/\/algarve7.pt\/#website"},"primaryImageOfPage":{"@id":"https:\/\/algarve7.pt\/index.php\/2020\/11\/detetadas-96-infracoes-em-fiscalizacao-ao-caravanismo-ilegal-no-concelho-de-vila-do-bispo\/atualidade\/15\/48\/#primaryimage"},"image":{"@id":"https:\/\/algarve7.pt\/index.php\/2020\/11\/detetadas-96-infracoes-em-fiscalizacao-ao-caravanismo-ilegal-no-concelho-de-vila-do-bispo\/atualidade\/15\/48\/#primaryimage"},"thumbnailUrl":"https:\/\/algarve7.pt\/wp-content\/uploads\/2020\/11\/GNR-Faro-Autocaravanismo-e1604504856865.jpg","datePublished":"2020-11-04T15:48:10+00:00","dateModified":"2020-11-04T15:48:11+00:00","description":"Detetadas 96 infra\u00e7\u00f5es em fiscaliza\u00e7\u00e3o ao caravanismo ilegal no Concelho de Vila do Bispo Atualidade","breadcrumb":{"@id":"https:\/\/algarve7.pt\/index.php\/2020\/11\/detetadas-96-infracoes-em-fiscalizacao-ao-caravanismo-ilegal-no-concelho-de-vila-do-bispo\/atualidade\/15\/48\/#breadcrumb"},"inLanguage":"pt-PT","potentialAction":[{"@type":"ReadAction","target":["https:\/\/algarve7.pt\/index.php\/2020\/11\/detetadas-96-infracoes-em-fiscalizacao-ao-caravanismo-ilegal-no-concelho-de-vila-do-bispo\/atualidade\/15\/48\/"]}]},{"@type":"ImageObject","inLanguage":"pt-PT","@id":"https:\/\/algarve7.pt\/index.php\/2020\/11\/detetadas-96-infracoes-em-fiscalizacao-ao-caravanismo-ilegal-no-concelho-de-vila-do-bispo\/atualidade\/15\/48\/#primaryimage","url":"https:\/\/algarve7.pt\/wp-content\/uploads\/2020\/11\/GNR-Faro-Autocaravanismo-e1604504856865.jpg","contentUrl":"https:\/\/algarve7.pt\/wp-content\/uploads\/2020\/11\/GNR-Faro-Autocaravanismo-e1604504856865.jpg","width":844,"height":533},{"@type":"BreadcrumbList","@id":"https:\/\/algarve7.pt\/index.php\/2020\/11\/detetadas-96-infracoes-em-fiscalizacao-ao-caravanismo-ilegal-no-concelho-de-vila-do-bispo\/atualidade\/15\/48\/#breadcrumb","itemListElement":[{"@type":"ListItem","position":1,"name":"In\u00edcio","item":"https:\/\/algarve7.pt\/"},{"@type":"ListItem","position":2,"name":"Detetadas 96 infra\u00e7\u00f5es em fiscaliza\u00e7\u00e3o ao caravanismo ilegal no Concelho de Vila do Bispo"}]},{"@type":"WebSite","@id":"https:\/\/algarve7.pt\/#website","url":"https:\/\/algarve7.pt\/","name":"Algarve 7","description":"Informa\u00e7\u00e3o sobre o Algarve","publisher":{"@id":"https:\/\/algarve7.pt\/#organization"},"potentialAction":[{"@type":"SearchAction","target":{"@type":"EntryPoint","urlTemplate":"https:\/\/algarve7.pt\/?s={search_term_string}"},"query-input":{"@type":"PropertyValueSpecification","valueRequired":true,"valueName":"search_term_string"}}],"inLanguage":"pt-PT"},{"@type":"Organization","@id":"https:\/\/algarve7.pt\/#organization","name":"Algarve 7","url":"https:\/\/algarve7.pt\/","logo":{"@type":"ImageObject","inLanguage":"pt-PT","@id":"https:\/\/algarve7.pt\/#\/schema\/logo\/image\/","url":"https:\/\/algarve7.pt\/wp-content\/uploads\/2020\/10\/Logo-8.jpg","contentUrl":"https:\/\/algarve7.pt\/wp-content\/uploads\/2020\/10\/Logo-8.jpg","width":1680,"height":1186,"caption":"Algarve 7"},"image":{"@id":"https:\/\/algarve7.pt\/#\/schema\/logo\/image\/"},"sameAs":["https:\/\/www.facebook.com\/algarve7","https:\/\/x.com\/Algarvesete","https:\/\/www.instagram.com\/jornalalgarve7\/","https:\/\/www.linkedin.com\/company\/algarve7","https:\/\/www.pinterest.pt\/geral0939\/_created\/"]},{"@type":"Person","@id":"https:\/\/algarve7.pt\/#\/schema\/person\/23fa70681308e7b319a3204bcea45e0c","name":"Algarve 7","sameAs":["https:\/\/algarve7.pt","https:\/\/www.facebook.com\/algarve7"],"url":"https:\/\/algarve7.pt\/index.php\/author\/geralalgarve7-pt\/"}]}},"jetpack_publicize_connections":[],"jetpack_featured_media_url":"https:\/\/algarve7.pt\/wp-content\/uploads\/2020\/11\/GNR-Faro-Autocaravanismo-e1604504856865.jpg","jetpack_shortlink":"https:\/\/wp.me\/pcezmW-S8","jetpack_sharing_enabled":true,"_links":{"self":[{"href":"https:\/\/algarve7.pt\/index.php\/wp-json\/wp\/v2\/posts\/3356","targetHints":{"allow":["GET"]}}],"collection":[{"href":"https:\/\/algarve7.pt\/index.php\/wp-json\/wp\/v2\/posts"}],"about":[{"href":"https:\/\/algarve7.pt\/index.php\/wp-json\/wp\/v2\/types\/post"}],"author":[{"embeddable":true,"href":"https:\/\/algarve7.pt\/index.php\/wp-json\/wp\/v2\/users\/1"}],"replies":[{"embeddable":true,"href":"https:\/\/algarve7.pt\/index.php\/wp-json\/wp\/v2\/comments?post=3356"}],"version-history":[{"count":0,"href":"https:\/\/algarve7.pt\/index.php\/wp-json\/wp\/v2\/posts\/3356\/revisions"}],"wp:featuredmedia":[{"embeddable":true,"href":"https:\/\/algarve7.pt\/index.php\/wp-json\/wp\/v2\/media\/3357"}],"wp:attachment":[{"href":"https:\/\/algarve7.pt\/index.php\/wp-json\/wp\/v2\/media?parent=3356"}],"wp:term":[{"taxonomy":"category","embeddable":true,"href":"https:\/\/algarve7.pt\/index.php\/wp-json\/wp\/v2\/categories?post=3356"},{"taxonomy":"post_tag","embeddable":true,"href":"https:\/\/algarve7.pt\/index.php\/wp-json\/wp\/v2\/tags?post=3356"}],"curies":[{"name":"wp","href":"https:\/\/api.w.org\/{rel}","templated":true}]}}