{"id":33255,"date":"2023-11-23T12:05:00","date_gmt":"2023-11-23T12:05:00","guid":{"rendered":"https:\/\/algarve7.pt\/?p=33255"},"modified":"2023-11-22T20:57:57","modified_gmt":"2023-11-22T20:57:57","slug":"ultimos-concertos-do-festival-de-orgao-no-final-da-semana","status":"publish","type":"post","link":"https:\/\/algarve7.pt\/index.php\/2023\/11\/ultimos-concertos-do-festival-de-orgao-no-final-da-semana\/cultura\/12\/05\/","title":{"rendered":"\u00daltimos concertos do Festival de \u00d3rg\u00e3o no final da semana"},"content":{"rendered":"\n<p>Ap\u00f3s mais uma semana de grandes concertos e iniciativas, o Festival est\u00e1 prestes a encerrar.<\/p>\n\n\n\n<p>Na <strong>sexta-feira 24 de novembro<\/strong>, na Igreja de Santiago de Tavira, o jovem Samuel Pinto apresenta um concerto \u00fanico de improvisa\u00e7\u00e3o ao teclado. Temas lit\u00fargicos e temas infantis ser\u00e3o o mote para a sua improvisa\u00e7\u00e3o.<\/p>\n\n\n\n<p>Samuel Pinto frequentou os cursos de M\u00fasica Sacra Cat\u00f3lica e \u00d3rg\u00e3o Pedagogia em Regensburg, Alemanha, onde tamb\u00e9m concluiu o mestrado em \u00d3rg\u00e3o Performance. Posteriormente, concluiu o mestrado em ensino de m\u00fasica \u2013 variante \u00f3rg\u00e3o na Escola Superior de M\u00fasica de Lisboa.<\/p>\n\n\n\n<p>Convidado para fechar a 16.\u00aa edi\u00e7\u00e3o do evento, o organista luxemburgu\u00eas Maurice Clement ir\u00e1 presentear-nos com dois concertos \u00fanicos. No <strong>s\u00e1bado 25 de novembro<\/strong>, a Igreja da S\u00e9 em Faro ser\u00e1 palco de um programa de concerto que inicia com m\u00fasica improvisada e percorre em seguida compositores que fazem jus \u00e0 hist\u00f3rica do Grande \u00d3rg\u00e3o com mais de 300 anos.<\/p>\n\n\n\n<p>Na tarde de <strong>domingo 26 de novembro<\/strong>, na Igreja de Santiago em Tavira, tem lugar o concerto de encerramento. Num programa totalmente diferente e adaptado \u00e0s caracter\u00edsticas do \u00f3rg\u00e3o contru\u00eddo por Joaquim Ant\u00f3nio Peres Fontanes em 1785, Maurice Clement ir\u00e1 destacar a grandiosidade deste instrumento. No final, o Coro Jubilate Deo junta-se ao organista para apresentar o Stabat Mater de Rheinberger.<\/p>\n\n\n\n<p>Maurice Clement demonstra o seu amor pela m\u00fasica cl\u00e1ssica e improvisada na sua atividade como concertista e na sua abordagem educacional. Atualmente organista residente na Filarm\u00f3nica do Luxemburgo, \u00e9 regularmente convidado como solista para festivais internacionais e gravou para as editoras Aeolus, Etcetera, Minuit regards, Perfect Noise.<\/p>\n\n\n\n<p><em>CONCERTOS:<\/em><\/p>\n\n\n\n<p><strong>24 NOV<\/strong> | Igreja de Santiago (Tavira) | 21h \u2013 Samuel Pinto<\/p>\n\n\n\n<p><strong>25 NOV<\/strong> | Igreja da S\u00e9 (Faro) | 21h \u2013 Maurice Clement<\/p>\n\n\n\n<p><strong>26 NOV<\/strong> | Igreja de Santiago (Tavira) | 18h \u2013 Maurice Clement e Coro Jubilate Deo<\/p>\n\n\n\n<p>Os concertos s\u00e3o de entrada livre (gratuita) e n\u00e3o carecem de reserva pr\u00e9via. O Festival de \u00d3rg\u00e3o do Algarve 2023 conta com os apoios da Dire\u00e7\u00e3o Regional de Cultura do Algarve, dos Munic\u00edpios de Faro, Loul\u00e9, Portim\u00e3o e Tavira, da ag\u00eancia luxemburguesa Kultur LX, com o apoio \u00e0 divulga\u00e7\u00e3o da Regi\u00e3o de Turismo do Algarve, com os parceiros de comunica\u00e7\u00e3o Antena 2, Sul Informa\u00e7\u00e3o e Rua FM e com o parceiro de alojamento Hotel Faro. Conta ainda com a parceria da Diocese do Algarve, do Cabido da S\u00e9 de Faro, da Ordem do Carmo de Faro, das Par\u00f3quias de Portim\u00e3o, Boliqueime e Tavira e da Santa Casa da Miseric\u00f3rdia de Tavira.<\/p>\n","protected":false},"excerpt":{"rendered":"<p>Ap\u00f3s mais uma semana de grandes concertos e iniciativas, o Festival est\u00e1 prestes a encerrar. Na sexta-feira 24 de novembro,<\/p>\n","protected":false},"author":1,"featured_media":33256,"comment_status":"closed","ping_status":"open","sticky":false,"template":"","format":"standard","meta":{"colormag_page_container_layout":"default_layout","colormag_page_sidebar_layout":"default_layout","_monsterinsights_skip_tracking":false,"_monsterinsights_sitenote_active":false,"_monsterinsights_sitenote_note":"","_monsterinsights_sitenote_category":0,"jetpack_post_was_ever_published":false,"_jetpack_newsletter_access":"","_jetpack_dont_email_post_to_subs":false,"_jetpack_newsletter_tier_id":0,"_jetpack_memberships_contains_paywalled_content":false,"_jetpack_memberships_contains_paid_content":false,"footnotes":"","jetpack_publicize_message":"","jetpack_publicize_feature_enabled":true,"jetpack_social_post_already_shared":true,"jetpack_social_options":{"image_generator_settings":{"template":"highway","default_image_id":0,"font":"","enabled":false},"version":2}},"categories":[14],"tags":[36,35],"class_list":["post-33255","post","type-post","status-publish","format-standard","has-post-thumbnail","hentry","category-cultura","tag-algarve","tag-cultura"],"yoast_head":"<!-- This site is optimized with the Yoast SEO plugin v27.5 - https:\/\/yoast.com\/product\/yoast-seo-wordpress\/ -->\n<title>\u00daltimos concertos do Festival de \u00d3rg\u00e3o no final da semana - Algarve 7<\/title>\n<meta name=\"description\" content=\"\u00daltimos concertos do Festival de \u00d3rg\u00e3o no final da semana Cultura\" \/>\n<meta name=\"robots\" content=\"index, follow, max-snippet:-1, max-image-preview:large, max-video-preview:-1\" \/>\n<link rel=\"canonical\" href=\"https:\/\/algarve7.pt\/index.php\/2023\/11\/ultimos-concertos-do-festival-de-orgao-no-final-da-semana\/cultura\/12\/05\/\" \/>\n<meta property=\"og:locale\" content=\"pt_PT\" \/>\n<meta property=\"og:type\" content=\"article\" \/>\n<meta property=\"og:title\" content=\"\u00daltimos concertos do Festival de \u00d3rg\u00e3o no final da semana - Algarve 7\" \/>\n<meta property=\"og:description\" content=\"\u00daltimos concertos do Festival de \u00d3rg\u00e3o no final da semana Cultura\" \/>\n<meta property=\"og:url\" content=\"https:\/\/algarve7.pt\/index.php\/2023\/11\/ultimos-concertos-do-festival-de-orgao-no-final-da-semana\/cultura\/12\/05\/\" \/>\n<meta property=\"og:site_name\" content=\"Algarve 7\" \/>\n<meta property=\"article:publisher\" content=\"https:\/\/www.facebook.com\/algarve7\" \/>\n<meta property=\"article:author\" content=\"https:\/\/www.facebook.com\/algarve7\" \/>\n<meta property=\"article:published_time\" content=\"2023-11-23T12:05:00+00:00\" \/>\n<meta property=\"og:image\" content=\"https:\/\/algarve7.pt\/wp-content\/uploads\/2023\/11\/Maurice-Clement-foto1.jpeg\" \/>\n\t<meta property=\"og:image:width\" content=\"1000\" \/>\n\t<meta property=\"og:image:height\" content=\"827\" \/>\n\t<meta property=\"og:image:type\" content=\"image\/jpeg\" \/>\n<meta name=\"author\" content=\"Algarve 7\" \/>\n<meta name=\"twitter:card\" content=\"summary_large_image\" \/>\n<meta name=\"twitter:creator\" content=\"@Algarvesete\" \/>\n<meta name=\"twitter:site\" content=\"@Algarvesete\" \/>\n<meta name=\"twitter:label1\" content=\"Escrito por\" \/>\n\t<meta name=\"twitter:data1\" content=\"Algarve 7\" \/>\n\t<meta name=\"twitter:label2\" content=\"Tempo estimado de leitura\" \/>\n\t<meta name=\"twitter:data2\" content=\"3 minutos\" \/>\n<script type=\"application\/ld+json\" class=\"yoast-schema-graph\">{\"@context\":\"https:\\\/\\\/schema.org\",\"@graph\":[{\"@type\":\"Article\",\"@id\":\"https:\\\/\\\/algarve7.pt\\\/index.php\\\/2023\\\/11\\\/ultimos-concertos-do-festival-de-orgao-no-final-da-semana\\\/cultura\\\/12\\\/05\\\/#article\",\"isPartOf\":{\"@id\":\"https:\\\/\\\/algarve7.pt\\\/index.php\\\/2023\\\/11\\\/ultimos-concertos-do-festival-de-orgao-no-final-da-semana\\\/cultura\\\/12\\\/05\\\/\"},\"author\":{\"name\":\"Algarve 7\",\"@id\":\"https:\\\/\\\/algarve7.pt\\\/#\\\/schema\\\/person\\\/23fa70681308e7b319a3204bcea45e0c\"},\"headline\":\"\u00daltimos concertos do Festival de \u00d3rg\u00e3o no final da semana\",\"datePublished\":\"2023-11-23T12:05:00+00:00\",\"mainEntityOfPage\":{\"@id\":\"https:\\\/\\\/algarve7.pt\\\/index.php\\\/2023\\\/11\\\/ultimos-concertos-do-festival-de-orgao-no-final-da-semana\\\/cultura\\\/12\\\/05\\\/\"},\"wordCount\":439,\"publisher\":{\"@id\":\"https:\\\/\\\/algarve7.pt\\\/#organization\"},\"image\":{\"@id\":\"https:\\\/\\\/algarve7.pt\\\/index.php\\\/2023\\\/11\\\/ultimos-concertos-do-festival-de-orgao-no-final-da-semana\\\/cultura\\\/12\\\/05\\\/#primaryimage\"},\"thumbnailUrl\":\"https:\\\/\\\/algarve7.pt\\\/wp-content\\\/uploads\\\/2023\\\/11\\\/Maurice-Clement-foto1.jpeg\",\"keywords\":[\"Algarve\",\"Cultura\"],\"articleSection\":[\"Cultura\"],\"inLanguage\":\"pt-PT\"},{\"@type\":\"WebPage\",\"@id\":\"https:\\\/\\\/algarve7.pt\\\/index.php\\\/2023\\\/11\\\/ultimos-concertos-do-festival-de-orgao-no-final-da-semana\\\/cultura\\\/12\\\/05\\\/\",\"url\":\"https:\\\/\\\/algarve7.pt\\\/index.php\\\/2023\\\/11\\\/ultimos-concertos-do-festival-de-orgao-no-final-da-semana\\\/cultura\\\/12\\\/05\\\/\",\"name\":\"\u00daltimos concertos do Festival de \u00d3rg\u00e3o no final da semana - Algarve 7\",\"isPartOf\":{\"@id\":\"https:\\\/\\\/algarve7.pt\\\/#website\"},\"primaryImageOfPage\":{\"@id\":\"https:\\\/\\\/algarve7.pt\\\/index.php\\\/2023\\\/11\\\/ultimos-concertos-do-festival-de-orgao-no-final-da-semana\\\/cultura\\\/12\\\/05\\\/#primaryimage\"},\"image\":{\"@id\":\"https:\\\/\\\/algarve7.pt\\\/index.php\\\/2023\\\/11\\\/ultimos-concertos-do-festival-de-orgao-no-final-da-semana\\\/cultura\\\/12\\\/05\\\/#primaryimage\"},\"thumbnailUrl\":\"https:\\\/\\\/algarve7.pt\\\/wp-content\\\/uploads\\\/2023\\\/11\\\/Maurice-Clement-foto1.jpeg\",\"datePublished\":\"2023-11-23T12:05:00+00:00\",\"description\":\"\u00daltimos concertos do Festival de \u00d3rg\u00e3o no final da semana Cultura\",\"breadcrumb\":{\"@id\":\"https:\\\/\\\/algarve7.pt\\\/index.php\\\/2023\\\/11\\\/ultimos-concertos-do-festival-de-orgao-no-final-da-semana\\\/cultura\\\/12\\\/05\\\/#breadcrumb\"},\"inLanguage\":\"pt-PT\",\"potentialAction\":[{\"@type\":\"ReadAction\",\"target\":[\"https:\\\/\\\/algarve7.pt\\\/index.php\\\/2023\\\/11\\\/ultimos-concertos-do-festival-de-orgao-no-final-da-semana\\\/cultura\\\/12\\\/05\\\/\"]}]},{\"@type\":\"ImageObject\",\"inLanguage\":\"pt-PT\",\"@id\":\"https:\\\/\\\/algarve7.pt\\\/index.php\\\/2023\\\/11\\\/ultimos-concertos-do-festival-de-orgao-no-final-da-semana\\\/cultura\\\/12\\\/05\\\/#primaryimage\",\"url\":\"https:\\\/\\\/algarve7.pt\\\/wp-content\\\/uploads\\\/2023\\\/11\\\/Maurice-Clement-foto1.jpeg\",\"contentUrl\":\"https:\\\/\\\/algarve7.pt\\\/wp-content\\\/uploads\\\/2023\\\/11\\\/Maurice-Clement-foto1.jpeg\",\"width\":1000,\"height\":827},{\"@type\":\"BreadcrumbList\",\"@id\":\"https:\\\/\\\/algarve7.pt\\\/index.php\\\/2023\\\/11\\\/ultimos-concertos-do-festival-de-orgao-no-final-da-semana\\\/cultura\\\/12\\\/05\\\/#breadcrumb\",\"itemListElement\":[{\"@type\":\"ListItem\",\"position\":1,\"name\":\"In\u00edcio\",\"item\":\"https:\\\/\\\/algarve7.pt\\\/\"},{\"@type\":\"ListItem\",\"position\":2,\"name\":\"\u00daltimos concertos do Festival de \u00d3rg\u00e3o no final da semana\"}]},{\"@type\":\"WebSite\",\"@id\":\"https:\\\/\\\/algarve7.pt\\\/#website\",\"url\":\"https:\\\/\\\/algarve7.pt\\\/\",\"name\":\"Algarve 7\",\"description\":\"Informa\u00e7\u00e3o sobre o Algarve\",\"publisher\":{\"@id\":\"https:\\\/\\\/algarve7.pt\\\/#organization\"},\"potentialAction\":[{\"@type\":\"SearchAction\",\"target\":{\"@type\":\"EntryPoint\",\"urlTemplate\":\"https:\\\/\\\/algarve7.pt\\\/?s={search_term_string}\"},\"query-input\":{\"@type\":\"PropertyValueSpecification\",\"valueRequired\":true,\"valueName\":\"search_term_string\"}}],\"inLanguage\":\"pt-PT\"},{\"@type\":\"Organization\",\"@id\":\"https:\\\/\\\/algarve7.pt\\\/#organization\",\"name\":\"Algarve 7\",\"url\":\"https:\\\/\\\/algarve7.pt\\\/\",\"logo\":{\"@type\":\"ImageObject\",\"inLanguage\":\"pt-PT\",\"@id\":\"https:\\\/\\\/algarve7.pt\\\/#\\\/schema\\\/logo\\\/image\\\/\",\"url\":\"https:\\\/\\\/algarve7.pt\\\/wp-content\\\/uploads\\\/2020\\\/10\\\/Logo-8.jpg\",\"contentUrl\":\"https:\\\/\\\/algarve7.pt\\\/wp-content\\\/uploads\\\/2020\\\/10\\\/Logo-8.jpg\",\"width\":1680,\"height\":1186,\"caption\":\"Algarve 7\"},\"image\":{\"@id\":\"https:\\\/\\\/algarve7.pt\\\/#\\\/schema\\\/logo\\\/image\\\/\"},\"sameAs\":[\"https:\\\/\\\/www.facebook.com\\\/algarve7\",\"https:\\\/\\\/x.com\\\/Algarvesete\",\"https:\\\/\\\/www.instagram.com\\\/jornalalgarve7\\\/\",\"https:\\\/\\\/www.linkedin.com\\\/company\\\/algarve7\",\"https:\\\/\\\/www.pinterest.pt\\\/geral0939\\\/_created\\\/\"]},{\"@type\":\"Person\",\"@id\":\"https:\\\/\\\/algarve7.pt\\\/#\\\/schema\\\/person\\\/23fa70681308e7b319a3204bcea45e0c\",\"name\":\"Algarve 7\",\"sameAs\":[\"https:\\\/\\\/algarve7.pt\",\"https:\\\/\\\/www.facebook.com\\\/algarve7\"],\"url\":\"https:\\\/\\\/algarve7.pt\\\/index.php\\\/author\\\/geralalgarve7-pt\\\/\"}]}<\/script>\n<!-- \/ Yoast SEO plugin. -->","yoast_head_json":{"title":"\u00daltimos concertos do Festival de \u00d3rg\u00e3o no final da semana - Algarve 7","description":"\u00daltimos concertos do Festival de \u00d3rg\u00e3o no final da semana Cultura","robots":{"index":"index","follow":"follow","max-snippet":"max-snippet:-1","max-image-preview":"max-image-preview:large","max-video-preview":"max-video-preview:-1"},"canonical":"https:\/\/algarve7.pt\/index.php\/2023\/11\/ultimos-concertos-do-festival-de-orgao-no-final-da-semana\/cultura\/12\/05\/","og_locale":"pt_PT","og_type":"article","og_title":"\u00daltimos concertos do Festival de \u00d3rg\u00e3o no final da semana - Algarve 7","og_description":"\u00daltimos concertos do Festival de \u00d3rg\u00e3o no final da semana Cultura","og_url":"https:\/\/algarve7.pt\/index.php\/2023\/11\/ultimos-concertos-do-festival-de-orgao-no-final-da-semana\/cultura\/12\/05\/","og_site_name":"Algarve 7","article_publisher":"https:\/\/www.facebook.com\/algarve7","article_author":"https:\/\/www.facebook.com\/algarve7","article_published_time":"2023-11-23T12:05:00+00:00","og_image":[{"width":1000,"height":827,"url":"https:\/\/algarve7.pt\/wp-content\/uploads\/2023\/11\/Maurice-Clement-foto1.jpeg","type":"image\/jpeg"}],"author":"Algarve 7","twitter_card":"summary_large_image","twitter_creator":"@Algarvesete","twitter_site":"@Algarvesete","twitter_misc":{"Escrito por":"Algarve 7","Tempo estimado de leitura":"3 minutos"},"schema":{"@context":"https:\/\/schema.org","@graph":[{"@type":"Article","@id":"https:\/\/algarve7.pt\/index.php\/2023\/11\/ultimos-concertos-do-festival-de-orgao-no-final-da-semana\/cultura\/12\/05\/#article","isPartOf":{"@id":"https:\/\/algarve7.pt\/index.php\/2023\/11\/ultimos-concertos-do-festival-de-orgao-no-final-da-semana\/cultura\/12\/05\/"},"author":{"name":"Algarve 7","@id":"https:\/\/algarve7.pt\/#\/schema\/person\/23fa70681308e7b319a3204bcea45e0c"},"headline":"\u00daltimos concertos do Festival de \u00d3rg\u00e3o no final da semana","datePublished":"2023-11-23T12:05:00+00:00","mainEntityOfPage":{"@id":"https:\/\/algarve7.pt\/index.php\/2023\/11\/ultimos-concertos-do-festival-de-orgao-no-final-da-semana\/cultura\/12\/05\/"},"wordCount":439,"publisher":{"@id":"https:\/\/algarve7.pt\/#organization"},"image":{"@id":"https:\/\/algarve7.pt\/index.php\/2023\/11\/ultimos-concertos-do-festival-de-orgao-no-final-da-semana\/cultura\/12\/05\/#primaryimage"},"thumbnailUrl":"https:\/\/algarve7.pt\/wp-content\/uploads\/2023\/11\/Maurice-Clement-foto1.jpeg","keywords":["Algarve","Cultura"],"articleSection":["Cultura"],"inLanguage":"pt-PT"},{"@type":"WebPage","@id":"https:\/\/algarve7.pt\/index.php\/2023\/11\/ultimos-concertos-do-festival-de-orgao-no-final-da-semana\/cultura\/12\/05\/","url":"https:\/\/algarve7.pt\/index.php\/2023\/11\/ultimos-concertos-do-festival-de-orgao-no-final-da-semana\/cultura\/12\/05\/","name":"\u00daltimos concertos do Festival de \u00d3rg\u00e3o no final da semana - Algarve 7","isPartOf":{"@id":"https:\/\/algarve7.pt\/#website"},"primaryImageOfPage":{"@id":"https:\/\/algarve7.pt\/index.php\/2023\/11\/ultimos-concertos-do-festival-de-orgao-no-final-da-semana\/cultura\/12\/05\/#primaryimage"},"image":{"@id":"https:\/\/algarve7.pt\/index.php\/2023\/11\/ultimos-concertos-do-festival-de-orgao-no-final-da-semana\/cultura\/12\/05\/#primaryimage"},"thumbnailUrl":"https:\/\/algarve7.pt\/wp-content\/uploads\/2023\/11\/Maurice-Clement-foto1.jpeg","datePublished":"2023-11-23T12:05:00+00:00","description":"\u00daltimos concertos do Festival de \u00d3rg\u00e3o no final da semana Cultura","breadcrumb":{"@id":"https:\/\/algarve7.pt\/index.php\/2023\/11\/ultimos-concertos-do-festival-de-orgao-no-final-da-semana\/cultura\/12\/05\/#breadcrumb"},"inLanguage":"pt-PT","potentialAction":[{"@type":"ReadAction","target":["https:\/\/algarve7.pt\/index.php\/2023\/11\/ultimos-concertos-do-festival-de-orgao-no-final-da-semana\/cultura\/12\/05\/"]}]},{"@type":"ImageObject","inLanguage":"pt-PT","@id":"https:\/\/algarve7.pt\/index.php\/2023\/11\/ultimos-concertos-do-festival-de-orgao-no-final-da-semana\/cultura\/12\/05\/#primaryimage","url":"https:\/\/algarve7.pt\/wp-content\/uploads\/2023\/11\/Maurice-Clement-foto1.jpeg","contentUrl":"https:\/\/algarve7.pt\/wp-content\/uploads\/2023\/11\/Maurice-Clement-foto1.jpeg","width":1000,"height":827},{"@type":"BreadcrumbList","@id":"https:\/\/algarve7.pt\/index.php\/2023\/11\/ultimos-concertos-do-festival-de-orgao-no-final-da-semana\/cultura\/12\/05\/#breadcrumb","itemListElement":[{"@type":"ListItem","position":1,"name":"In\u00edcio","item":"https:\/\/algarve7.pt\/"},{"@type":"ListItem","position":2,"name":"\u00daltimos concertos do Festival de \u00d3rg\u00e3o no final da semana"}]},{"@type":"WebSite","@id":"https:\/\/algarve7.pt\/#website","url":"https:\/\/algarve7.pt\/","name":"Algarve 7","description":"Informa\u00e7\u00e3o sobre o Algarve","publisher":{"@id":"https:\/\/algarve7.pt\/#organization"},"potentialAction":[{"@type":"SearchAction","target":{"@type":"EntryPoint","urlTemplate":"https:\/\/algarve7.pt\/?s={search_term_string}"},"query-input":{"@type":"PropertyValueSpecification","valueRequired":true,"valueName":"search_term_string"}}],"inLanguage":"pt-PT"},{"@type":"Organization","@id":"https:\/\/algarve7.pt\/#organization","name":"Algarve 7","url":"https:\/\/algarve7.pt\/","logo":{"@type":"ImageObject","inLanguage":"pt-PT","@id":"https:\/\/algarve7.pt\/#\/schema\/logo\/image\/","url":"https:\/\/algarve7.pt\/wp-content\/uploads\/2020\/10\/Logo-8.jpg","contentUrl":"https:\/\/algarve7.pt\/wp-content\/uploads\/2020\/10\/Logo-8.jpg","width":1680,"height":1186,"caption":"Algarve 7"},"image":{"@id":"https:\/\/algarve7.pt\/#\/schema\/logo\/image\/"},"sameAs":["https:\/\/www.facebook.com\/algarve7","https:\/\/x.com\/Algarvesete","https:\/\/www.instagram.com\/jornalalgarve7\/","https:\/\/www.linkedin.com\/company\/algarve7","https:\/\/www.pinterest.pt\/geral0939\/_created\/"]},{"@type":"Person","@id":"https:\/\/algarve7.pt\/#\/schema\/person\/23fa70681308e7b319a3204bcea45e0c","name":"Algarve 7","sameAs":["https:\/\/algarve7.pt","https:\/\/www.facebook.com\/algarve7"],"url":"https:\/\/algarve7.pt\/index.php\/author\/geralalgarve7-pt\/"}]}},"jetpack_publicize_connections":[],"jetpack_featured_media_url":"https:\/\/algarve7.pt\/wp-content\/uploads\/2023\/11\/Maurice-Clement-foto1.jpeg","jetpack_shortlink":"https:\/\/wp.me\/pcezmW-8En","jetpack_sharing_enabled":true,"_links":{"self":[{"href":"https:\/\/algarve7.pt\/index.php\/wp-json\/wp\/v2\/posts\/33255","targetHints":{"allow":["GET"]}}],"collection":[{"href":"https:\/\/algarve7.pt\/index.php\/wp-json\/wp\/v2\/posts"}],"about":[{"href":"https:\/\/algarve7.pt\/index.php\/wp-json\/wp\/v2\/types\/post"}],"author":[{"embeddable":true,"href":"https:\/\/algarve7.pt\/index.php\/wp-json\/wp\/v2\/users\/1"}],"replies":[{"embeddable":true,"href":"https:\/\/algarve7.pt\/index.php\/wp-json\/wp\/v2\/comments?post=33255"}],"version-history":[{"count":0,"href":"https:\/\/algarve7.pt\/index.php\/wp-json\/wp\/v2\/posts\/33255\/revisions"}],"wp:featuredmedia":[{"embeddable":true,"href":"https:\/\/algarve7.pt\/index.php\/wp-json\/wp\/v2\/media\/33256"}],"wp:attachment":[{"href":"https:\/\/algarve7.pt\/index.php\/wp-json\/wp\/v2\/media?parent=33255"}],"wp:term":[{"taxonomy":"category","embeddable":true,"href":"https:\/\/algarve7.pt\/index.php\/wp-json\/wp\/v2\/categories?post=33255"},{"taxonomy":"post_tag","embeddable":true,"href":"https:\/\/algarve7.pt\/index.php\/wp-json\/wp\/v2\/tags?post=33255"}],"curies":[{"name":"wp","href":"https:\/\/api.w.org\/{rel}","templated":true}]}}