{"id":33176,"date":"2023-11-21T09:40:00","date_gmt":"2023-11-21T09:40:00","guid":{"rendered":"https:\/\/algarve7.pt\/?p=33176"},"modified":"2023-11-20T17:20:56","modified_gmt":"2023-11-20T17:20:56","slug":"cerca-de-50-cientistas-vao-ocupar-o-espaco-do-centro-ciencia-viva-do-algarve-durante-a-semana-da-ciencia-e-tecnologia-2023","status":"publish","type":"post","link":"https:\/\/algarve7.pt\/index.php\/2023\/11\/cerca-de-50-cientistas-vao-ocupar-o-espaco-do-centro-ciencia-viva-do-algarve-durante-a-semana-da-ciencia-e-tecnologia-2023\/atualidade\/09\/40\/","title":{"rendered":"Cerca de 50 cientistas v\u00e3o ocupar o espa\u00e7o do Centro Ci\u00eancia Viva do Algarve durante a Semana da Ci\u00eancia e Tecnologia 2023"},"content":{"rendered":"\n<p>Nas tardes de 21 a 25 de novembro, v\u00e3o realizar-se mais de 25 atividades gratuitas no Centro Ci\u00eancia Viva do Algarve, em Faro.<\/p>\n\n\n\n<p>A programa\u00e7\u00e3o pensada tanto para o p\u00fablico escolar como para o p\u00fablico em geral permite a participa\u00e7\u00e3o de quem tem curiosidade pela ci\u00eancia que se desenvolve junto dos parceiros do Centro Ci\u00eancia Viva do Algarve. Estar\u00e3o representados cientistas de quatro Centros de investiga\u00e7\u00e3o da Universidade do Algarve que dar\u00e3o a conhecer o seu trabalho atrav\u00e9s de experi\u00eancias, jogos ou palestras interativas:<\/p>\n\n\n\n<p>&#8211; III Feira das Ci\u00eancias Marinhas do Centro de Ci\u00eancia do Mar (CCMAR) e do Centro de Investiga\u00e7\u00e3o Marinha e Ambiental (CIMA)<\/p>\n\n\n\n<p>Nas tardes de 21 e 24 de novembro, turmas ou fam\u00edlias poder\u00e3o assistir e participar em pequenas experi\u00eancias e atividades demonstrativas sobre as diversas formas de estudar o Oceano e quest\u00f5es importantes como as altera\u00e7\u00f5es clim\u00e1ticas, conserva\u00e7\u00e3o, polui\u00e7\u00e3o e recursos marinhos. Desde o 1\u00ba ao 3\u00ba ciclo, temos atividades adequadas para todos os anos.<\/p>\n\n\n\n<p>&#8211; DIA ABC-RI\/ABC do Centro de Investiga\u00e7\u00e3o Biom\u00e9dico do Algarve (ABC)<\/p>\n\n\n\n<p>Nas tardes de 22 e 23 de novembro, cientistas do ABC sai dos laborat\u00f3rios e d\u00e3o a conhecer o seu trabalho transmitindo e difundindo a cultura de investiga\u00e7\u00e3o e desenvolvimento, em que contribuem para formar profissionais altamente qualificados e diferenciados na \u00e1rea da Biomedicina.<\/p>\n\n\n\n<p>&#8211; Tarde de Arqueologia no CCVAlg do Centro Interdisciplinar para a Arqueologia e Evolu\u00e7\u00e3o do Comportamento Humano (ICArEHB)<\/p>\n\n\n\n<p>Na tarde de 25 de novembro, haver\u00e1 conversas com cientistas e atividades m\u00e3os-na-massa para toda a gente.<\/p>\n\n\n\n<p>&#8211; Comemora\u00e7\u00e3o do dia Nacional da Cultural Cient\u00edfica<\/p>\n\n\n\n<p>\u00c0s 17h00 de dia 24 de Novembro, ser\u00e1 lan\u00e7ado o Caderno Ilustrado e Criativo, coproduzido pela Urban Sketcher Algarve e o Centro Ci\u00eancia Viva do Algarve com o Apoio \u00e0 edi\u00e7\u00e3o da Dire\u00e7\u00e3o Regional da Cultura do Algarve.<\/p>\n\n\n\n<p>O programa da Semana C &amp;T 2023 do Centro Ci\u00eancia Viva do Algarve est\u00e1 dispon\u00edvel em <a href=\"https:\/\/reservas.ccvalg.pt\/booking\/9\" target=\"_blank\" rel=\"noreferrer noopener\">https:\/\/reservas.ccvalg.pt\/booking\/9 <\/a>\u00a0Participe entre 21 e 25 de novembro, contamos consigo! Os grupos escolares e n\u00e3o-escolares t\u00eam que\u00a0 se inscrever para assegurar lugar.<\/p>\n","protected":false},"excerpt":{"rendered":"<p>Nas tardes de 21 a 25 de novembro, v\u00e3o realizar-se mais de 25 atividades gratuitas no Centro Ci\u00eancia Viva do<\/p>\n","protected":false},"author":1,"featured_media":33177,"comment_status":"closed","ping_status":"open","sticky":false,"template":"","format":"standard","meta":{"colormag_page_container_layout":"default_layout","colormag_page_sidebar_layout":"default_layout","_monsterinsights_skip_tracking":false,"_monsterinsights_sitenote_active":false,"_monsterinsights_sitenote_note":"","_monsterinsights_sitenote_category":0,"jetpack_post_was_ever_published":false,"_jetpack_newsletter_access":"","_jetpack_dont_email_post_to_subs":false,"_jetpack_newsletter_tier_id":0,"_jetpack_memberships_contains_paywalled_content":false,"_jetpack_memberships_contains_paid_content":false,"footnotes":"","jetpack_publicize_message":"","jetpack_publicize_feature_enabled":true,"jetpack_social_post_already_shared":true,"jetpack_social_options":{"image_generator_settings":{"template":"highway","default_image_id":0,"font":"","enabled":false},"version":2}},"categories":[11],"tags":[36,62,715,57],"class_list":["post-33176","post","type-post","status-publish","format-standard","has-post-thumbnail","hentry","category-atualidade","tag-algarve","tag-atualidade","tag-centro-ciencia-viva-do-algarve","tag-faro"],"yoast_head":"<!-- This site is optimized with the Yoast SEO plugin v27.5 - https:\/\/yoast.com\/product\/yoast-seo-wordpress\/ -->\n<title>Cerca de 50 cientistas v\u00e3o ocupar o espa\u00e7o do Centro Ci\u00eancia Viva do Algarve durante a Semana da Ci\u00eancia e Tecnologia 2023 - Algarve 7<\/title>\n<meta name=\"description\" content=\"Cerca de 50 cientistas v\u00e3o ocupar o espa\u00e7o do Centro Ci\u00eancia Viva do Algarve durante a Semana da Ci\u00eancia e Tecnologia 2023 Atualidade\" \/>\n<meta name=\"robots\" content=\"index, follow, max-snippet:-1, max-image-preview:large, max-video-preview:-1\" \/>\n<link rel=\"canonical\" href=\"https:\/\/algarve7.pt\/index.php\/2023\/11\/cerca-de-50-cientistas-vao-ocupar-o-espaco-do-centro-ciencia-viva-do-algarve-durante-a-semana-da-ciencia-e-tecnologia-2023\/atualidade\/09\/40\/\" \/>\n<meta property=\"og:locale\" content=\"pt_PT\" \/>\n<meta property=\"og:type\" content=\"article\" \/>\n<meta property=\"og:title\" content=\"Cerca de 50 cientistas v\u00e3o ocupar o espa\u00e7o do Centro Ci\u00eancia Viva do Algarve durante a Semana da Ci\u00eancia e Tecnologia 2023 - Algarve 7\" \/>\n<meta property=\"og:description\" content=\"Cerca de 50 cientistas v\u00e3o ocupar o espa\u00e7o do Centro Ci\u00eancia Viva do Algarve durante a Semana da Ci\u00eancia e Tecnologia 2023 Atualidade\" \/>\n<meta property=\"og:url\" content=\"https:\/\/algarve7.pt\/index.php\/2023\/11\/cerca-de-50-cientistas-vao-ocupar-o-espaco-do-centro-ciencia-viva-do-algarve-durante-a-semana-da-ciencia-e-tecnologia-2023\/atualidade\/09\/40\/\" \/>\n<meta property=\"og:site_name\" content=\"Algarve 7\" \/>\n<meta property=\"article:publisher\" content=\"https:\/\/www.facebook.com\/algarve7\" \/>\n<meta property=\"article:author\" content=\"https:\/\/www.facebook.com\/algarve7\" \/>\n<meta property=\"article:published_time\" content=\"2023-11-21T09:40:00+00:00\" \/>\n<meta property=\"og:image\" content=\"https:\/\/algarve7.pt\/wp-content\/uploads\/2023\/11\/Centro-de-Ciencia-Viva-do-Algarve.jpg\" \/>\n\t<meta property=\"og:image:width\" content=\"800\" \/>\n\t<meta property=\"og:image:height\" content=\"600\" \/>\n\t<meta property=\"og:image:type\" content=\"image\/jpeg\" \/>\n<meta name=\"author\" content=\"Algarve 7\" \/>\n<meta name=\"twitter:card\" content=\"summary_large_image\" \/>\n<meta name=\"twitter:creator\" content=\"@Algarvesete\" \/>\n<meta name=\"twitter:site\" content=\"@Algarvesete\" \/>\n<meta name=\"twitter:label1\" content=\"Escrito por\" \/>\n\t<meta name=\"twitter:data1\" content=\"Algarve 7\" \/>\n\t<meta name=\"twitter:label2\" content=\"Tempo estimado de leitura\" \/>\n\t<meta name=\"twitter:data2\" content=\"2 minutos\" \/>\n<script type=\"application\/ld+json\" class=\"yoast-schema-graph\">{\"@context\":\"https:\\\/\\\/schema.org\",\"@graph\":[{\"@type\":\"Article\",\"@id\":\"https:\\\/\\\/algarve7.pt\\\/index.php\\\/2023\\\/11\\\/cerca-de-50-cientistas-vao-ocupar-o-espaco-do-centro-ciencia-viva-do-algarve-durante-a-semana-da-ciencia-e-tecnologia-2023\\\/atualidade\\\/09\\\/40\\\/#article\",\"isPartOf\":{\"@id\":\"https:\\\/\\\/algarve7.pt\\\/index.php\\\/2023\\\/11\\\/cerca-de-50-cientistas-vao-ocupar-o-espaco-do-centro-ciencia-viva-do-algarve-durante-a-semana-da-ciencia-e-tecnologia-2023\\\/atualidade\\\/09\\\/40\\\/\"},\"author\":{\"name\":\"Algarve 7\",\"@id\":\"https:\\\/\\\/algarve7.pt\\\/#\\\/schema\\\/person\\\/23fa70681308e7b319a3204bcea45e0c\"},\"headline\":\"Cerca de 50 cientistas v\u00e3o ocupar o espa\u00e7o do Centro Ci\u00eancia Viva do Algarve durante a Semana da Ci\u00eancia e Tecnologia 2023\",\"datePublished\":\"2023-11-21T09:40:00+00:00\",\"mainEntityOfPage\":{\"@id\":\"https:\\\/\\\/algarve7.pt\\\/index.php\\\/2023\\\/11\\\/cerca-de-50-cientistas-vao-ocupar-o-espaco-do-centro-ciencia-viva-do-algarve-durante-a-semana-da-ciencia-e-tecnologia-2023\\\/atualidade\\\/09\\\/40\\\/\"},\"wordCount\":390,\"publisher\":{\"@id\":\"https:\\\/\\\/algarve7.pt\\\/#organization\"},\"image\":{\"@id\":\"https:\\\/\\\/algarve7.pt\\\/index.php\\\/2023\\\/11\\\/cerca-de-50-cientistas-vao-ocupar-o-espaco-do-centro-ciencia-viva-do-algarve-durante-a-semana-da-ciencia-e-tecnologia-2023\\\/atualidade\\\/09\\\/40\\\/#primaryimage\"},\"thumbnailUrl\":\"https:\\\/\\\/algarve7.pt\\\/wp-content\\\/uploads\\\/2023\\\/11\\\/Centro-de-Ciencia-Viva-do-Algarve.jpg\",\"keywords\":[\"Algarve\",\"Atualidade\",\"Centro Ci\u00eancia Viva do Algarve\",\"Faro\"],\"articleSection\":[\"Atualidade\"],\"inLanguage\":\"pt-PT\"},{\"@type\":\"WebPage\",\"@id\":\"https:\\\/\\\/algarve7.pt\\\/index.php\\\/2023\\\/11\\\/cerca-de-50-cientistas-vao-ocupar-o-espaco-do-centro-ciencia-viva-do-algarve-durante-a-semana-da-ciencia-e-tecnologia-2023\\\/atualidade\\\/09\\\/40\\\/\",\"url\":\"https:\\\/\\\/algarve7.pt\\\/index.php\\\/2023\\\/11\\\/cerca-de-50-cientistas-vao-ocupar-o-espaco-do-centro-ciencia-viva-do-algarve-durante-a-semana-da-ciencia-e-tecnologia-2023\\\/atualidade\\\/09\\\/40\\\/\",\"name\":\"Cerca de 50 cientistas v\u00e3o ocupar o espa\u00e7o do Centro Ci\u00eancia Viva do Algarve durante a Semana da Ci\u00eancia e Tecnologia 2023 - Algarve 7\",\"isPartOf\":{\"@id\":\"https:\\\/\\\/algarve7.pt\\\/#website\"},\"primaryImageOfPage\":{\"@id\":\"https:\\\/\\\/algarve7.pt\\\/index.php\\\/2023\\\/11\\\/cerca-de-50-cientistas-vao-ocupar-o-espaco-do-centro-ciencia-viva-do-algarve-durante-a-semana-da-ciencia-e-tecnologia-2023\\\/atualidade\\\/09\\\/40\\\/#primaryimage\"},\"image\":{\"@id\":\"https:\\\/\\\/algarve7.pt\\\/index.php\\\/2023\\\/11\\\/cerca-de-50-cientistas-vao-ocupar-o-espaco-do-centro-ciencia-viva-do-algarve-durante-a-semana-da-ciencia-e-tecnologia-2023\\\/atualidade\\\/09\\\/40\\\/#primaryimage\"},\"thumbnailUrl\":\"https:\\\/\\\/algarve7.pt\\\/wp-content\\\/uploads\\\/2023\\\/11\\\/Centro-de-Ciencia-Viva-do-Algarve.jpg\",\"datePublished\":\"2023-11-21T09:40:00+00:00\",\"description\":\"Cerca de 50 cientistas v\u00e3o ocupar o espa\u00e7o do Centro Ci\u00eancia Viva do Algarve durante a Semana da Ci\u00eancia e Tecnologia 2023 Atualidade\",\"breadcrumb\":{\"@id\":\"https:\\\/\\\/algarve7.pt\\\/index.php\\\/2023\\\/11\\\/cerca-de-50-cientistas-vao-ocupar-o-espaco-do-centro-ciencia-viva-do-algarve-durante-a-semana-da-ciencia-e-tecnologia-2023\\\/atualidade\\\/09\\\/40\\\/#breadcrumb\"},\"inLanguage\":\"pt-PT\",\"potentialAction\":[{\"@type\":\"ReadAction\",\"target\":[\"https:\\\/\\\/algarve7.pt\\\/index.php\\\/2023\\\/11\\\/cerca-de-50-cientistas-vao-ocupar-o-espaco-do-centro-ciencia-viva-do-algarve-durante-a-semana-da-ciencia-e-tecnologia-2023\\\/atualidade\\\/09\\\/40\\\/\"]}]},{\"@type\":\"ImageObject\",\"inLanguage\":\"pt-PT\",\"@id\":\"https:\\\/\\\/algarve7.pt\\\/index.php\\\/2023\\\/11\\\/cerca-de-50-cientistas-vao-ocupar-o-espaco-do-centro-ciencia-viva-do-algarve-durante-a-semana-da-ciencia-e-tecnologia-2023\\\/atualidade\\\/09\\\/40\\\/#primaryimage\",\"url\":\"https:\\\/\\\/algarve7.pt\\\/wp-content\\\/uploads\\\/2023\\\/11\\\/Centro-de-Ciencia-Viva-do-Algarve.jpg\",\"contentUrl\":\"https:\\\/\\\/algarve7.pt\\\/wp-content\\\/uploads\\\/2023\\\/11\\\/Centro-de-Ciencia-Viva-do-Algarve.jpg\",\"width\":800,\"height\":600},{\"@type\":\"BreadcrumbList\",\"@id\":\"https:\\\/\\\/algarve7.pt\\\/index.php\\\/2023\\\/11\\\/cerca-de-50-cientistas-vao-ocupar-o-espaco-do-centro-ciencia-viva-do-algarve-durante-a-semana-da-ciencia-e-tecnologia-2023\\\/atualidade\\\/09\\\/40\\\/#breadcrumb\",\"itemListElement\":[{\"@type\":\"ListItem\",\"position\":1,\"name\":\"In\u00edcio\",\"item\":\"https:\\\/\\\/algarve7.pt\\\/\"},{\"@type\":\"ListItem\",\"position\":2,\"name\":\"Cerca de 50 cientistas v\u00e3o ocupar o espa\u00e7o do Centro Ci\u00eancia Viva do Algarve durante a Semana da Ci\u00eancia e Tecnologia 2023\"}]},{\"@type\":\"WebSite\",\"@id\":\"https:\\\/\\\/algarve7.pt\\\/#website\",\"url\":\"https:\\\/\\\/algarve7.pt\\\/\",\"name\":\"Algarve 7\",\"description\":\"Informa\u00e7\u00e3o sobre o Algarve\",\"publisher\":{\"@id\":\"https:\\\/\\\/algarve7.pt\\\/#organization\"},\"potentialAction\":[{\"@type\":\"SearchAction\",\"target\":{\"@type\":\"EntryPoint\",\"urlTemplate\":\"https:\\\/\\\/algarve7.pt\\\/?s={search_term_string}\"},\"query-input\":{\"@type\":\"PropertyValueSpecification\",\"valueRequired\":true,\"valueName\":\"search_term_string\"}}],\"inLanguage\":\"pt-PT\"},{\"@type\":\"Organization\",\"@id\":\"https:\\\/\\\/algarve7.pt\\\/#organization\",\"name\":\"Algarve 7\",\"url\":\"https:\\\/\\\/algarve7.pt\\\/\",\"logo\":{\"@type\":\"ImageObject\",\"inLanguage\":\"pt-PT\",\"@id\":\"https:\\\/\\\/algarve7.pt\\\/#\\\/schema\\\/logo\\\/image\\\/\",\"url\":\"https:\\\/\\\/algarve7.pt\\\/wp-content\\\/uploads\\\/2020\\\/10\\\/Logo-8.jpg\",\"contentUrl\":\"https:\\\/\\\/algarve7.pt\\\/wp-content\\\/uploads\\\/2020\\\/10\\\/Logo-8.jpg\",\"width\":1680,\"height\":1186,\"caption\":\"Algarve 7\"},\"image\":{\"@id\":\"https:\\\/\\\/algarve7.pt\\\/#\\\/schema\\\/logo\\\/image\\\/\"},\"sameAs\":[\"https:\\\/\\\/www.facebook.com\\\/algarve7\",\"https:\\\/\\\/x.com\\\/Algarvesete\",\"https:\\\/\\\/www.instagram.com\\\/jornalalgarve7\\\/\",\"https:\\\/\\\/www.linkedin.com\\\/company\\\/algarve7\",\"https:\\\/\\\/www.pinterest.pt\\\/geral0939\\\/_created\\\/\"]},{\"@type\":\"Person\",\"@id\":\"https:\\\/\\\/algarve7.pt\\\/#\\\/schema\\\/person\\\/23fa70681308e7b319a3204bcea45e0c\",\"name\":\"Algarve 7\",\"sameAs\":[\"https:\\\/\\\/algarve7.pt\",\"https:\\\/\\\/www.facebook.com\\\/algarve7\"],\"url\":\"https:\\\/\\\/algarve7.pt\\\/index.php\\\/author\\\/geralalgarve7-pt\\\/\"}]}<\/script>\n<!-- \/ Yoast SEO plugin. -->","yoast_head_json":{"title":"Cerca de 50 cientistas v\u00e3o ocupar o espa\u00e7o do Centro Ci\u00eancia Viva do Algarve durante a Semana da Ci\u00eancia e Tecnologia 2023 - Algarve 7","description":"Cerca de 50 cientistas v\u00e3o ocupar o espa\u00e7o do Centro Ci\u00eancia Viva do Algarve durante a Semana da Ci\u00eancia e Tecnologia 2023 Atualidade","robots":{"index":"index","follow":"follow","max-snippet":"max-snippet:-1","max-image-preview":"max-image-preview:large","max-video-preview":"max-video-preview:-1"},"canonical":"https:\/\/algarve7.pt\/index.php\/2023\/11\/cerca-de-50-cientistas-vao-ocupar-o-espaco-do-centro-ciencia-viva-do-algarve-durante-a-semana-da-ciencia-e-tecnologia-2023\/atualidade\/09\/40\/","og_locale":"pt_PT","og_type":"article","og_title":"Cerca de 50 cientistas v\u00e3o ocupar o espa\u00e7o do Centro Ci\u00eancia Viva do Algarve durante a Semana da Ci\u00eancia e Tecnologia 2023 - Algarve 7","og_description":"Cerca de 50 cientistas v\u00e3o ocupar o espa\u00e7o do Centro Ci\u00eancia Viva do Algarve durante a Semana da Ci\u00eancia e Tecnologia 2023 Atualidade","og_url":"https:\/\/algarve7.pt\/index.php\/2023\/11\/cerca-de-50-cientistas-vao-ocupar-o-espaco-do-centro-ciencia-viva-do-algarve-durante-a-semana-da-ciencia-e-tecnologia-2023\/atualidade\/09\/40\/","og_site_name":"Algarve 7","article_publisher":"https:\/\/www.facebook.com\/algarve7","article_author":"https:\/\/www.facebook.com\/algarve7","article_published_time":"2023-11-21T09:40:00+00:00","og_image":[{"width":800,"height":600,"url":"https:\/\/algarve7.pt\/wp-content\/uploads\/2023\/11\/Centro-de-Ciencia-Viva-do-Algarve.jpg","type":"image\/jpeg"}],"author":"Algarve 7","twitter_card":"summary_large_image","twitter_creator":"@Algarvesete","twitter_site":"@Algarvesete","twitter_misc":{"Escrito por":"Algarve 7","Tempo estimado de leitura":"2 minutos"},"schema":{"@context":"https:\/\/schema.org","@graph":[{"@type":"Article","@id":"https:\/\/algarve7.pt\/index.php\/2023\/11\/cerca-de-50-cientistas-vao-ocupar-o-espaco-do-centro-ciencia-viva-do-algarve-durante-a-semana-da-ciencia-e-tecnologia-2023\/atualidade\/09\/40\/#article","isPartOf":{"@id":"https:\/\/algarve7.pt\/index.php\/2023\/11\/cerca-de-50-cientistas-vao-ocupar-o-espaco-do-centro-ciencia-viva-do-algarve-durante-a-semana-da-ciencia-e-tecnologia-2023\/atualidade\/09\/40\/"},"author":{"name":"Algarve 7","@id":"https:\/\/algarve7.pt\/#\/schema\/person\/23fa70681308e7b319a3204bcea45e0c"},"headline":"Cerca de 50 cientistas v\u00e3o ocupar o espa\u00e7o do Centro Ci\u00eancia Viva do Algarve durante a Semana da Ci\u00eancia e Tecnologia 2023","datePublished":"2023-11-21T09:40:00+00:00","mainEntityOfPage":{"@id":"https:\/\/algarve7.pt\/index.php\/2023\/11\/cerca-de-50-cientistas-vao-ocupar-o-espaco-do-centro-ciencia-viva-do-algarve-durante-a-semana-da-ciencia-e-tecnologia-2023\/atualidade\/09\/40\/"},"wordCount":390,"publisher":{"@id":"https:\/\/algarve7.pt\/#organization"},"image":{"@id":"https:\/\/algarve7.pt\/index.php\/2023\/11\/cerca-de-50-cientistas-vao-ocupar-o-espaco-do-centro-ciencia-viva-do-algarve-durante-a-semana-da-ciencia-e-tecnologia-2023\/atualidade\/09\/40\/#primaryimage"},"thumbnailUrl":"https:\/\/algarve7.pt\/wp-content\/uploads\/2023\/11\/Centro-de-Ciencia-Viva-do-Algarve.jpg","keywords":["Algarve","Atualidade","Centro Ci\u00eancia Viva do Algarve","Faro"],"articleSection":["Atualidade"],"inLanguage":"pt-PT"},{"@type":"WebPage","@id":"https:\/\/algarve7.pt\/index.php\/2023\/11\/cerca-de-50-cientistas-vao-ocupar-o-espaco-do-centro-ciencia-viva-do-algarve-durante-a-semana-da-ciencia-e-tecnologia-2023\/atualidade\/09\/40\/","url":"https:\/\/algarve7.pt\/index.php\/2023\/11\/cerca-de-50-cientistas-vao-ocupar-o-espaco-do-centro-ciencia-viva-do-algarve-durante-a-semana-da-ciencia-e-tecnologia-2023\/atualidade\/09\/40\/","name":"Cerca de 50 cientistas v\u00e3o ocupar o espa\u00e7o do Centro Ci\u00eancia Viva do Algarve durante a Semana da Ci\u00eancia e Tecnologia 2023 - Algarve 7","isPartOf":{"@id":"https:\/\/algarve7.pt\/#website"},"primaryImageOfPage":{"@id":"https:\/\/algarve7.pt\/index.php\/2023\/11\/cerca-de-50-cientistas-vao-ocupar-o-espaco-do-centro-ciencia-viva-do-algarve-durante-a-semana-da-ciencia-e-tecnologia-2023\/atualidade\/09\/40\/#primaryimage"},"image":{"@id":"https:\/\/algarve7.pt\/index.php\/2023\/11\/cerca-de-50-cientistas-vao-ocupar-o-espaco-do-centro-ciencia-viva-do-algarve-durante-a-semana-da-ciencia-e-tecnologia-2023\/atualidade\/09\/40\/#primaryimage"},"thumbnailUrl":"https:\/\/algarve7.pt\/wp-content\/uploads\/2023\/11\/Centro-de-Ciencia-Viva-do-Algarve.jpg","datePublished":"2023-11-21T09:40:00+00:00","description":"Cerca de 50 cientistas v\u00e3o ocupar o espa\u00e7o do Centro Ci\u00eancia Viva do Algarve durante a Semana da Ci\u00eancia e Tecnologia 2023 Atualidade","breadcrumb":{"@id":"https:\/\/algarve7.pt\/index.php\/2023\/11\/cerca-de-50-cientistas-vao-ocupar-o-espaco-do-centro-ciencia-viva-do-algarve-durante-a-semana-da-ciencia-e-tecnologia-2023\/atualidade\/09\/40\/#breadcrumb"},"inLanguage":"pt-PT","potentialAction":[{"@type":"ReadAction","target":["https:\/\/algarve7.pt\/index.php\/2023\/11\/cerca-de-50-cientistas-vao-ocupar-o-espaco-do-centro-ciencia-viva-do-algarve-durante-a-semana-da-ciencia-e-tecnologia-2023\/atualidade\/09\/40\/"]}]},{"@type":"ImageObject","inLanguage":"pt-PT","@id":"https:\/\/algarve7.pt\/index.php\/2023\/11\/cerca-de-50-cientistas-vao-ocupar-o-espaco-do-centro-ciencia-viva-do-algarve-durante-a-semana-da-ciencia-e-tecnologia-2023\/atualidade\/09\/40\/#primaryimage","url":"https:\/\/algarve7.pt\/wp-content\/uploads\/2023\/11\/Centro-de-Ciencia-Viva-do-Algarve.jpg","contentUrl":"https:\/\/algarve7.pt\/wp-content\/uploads\/2023\/11\/Centro-de-Ciencia-Viva-do-Algarve.jpg","width":800,"height":600},{"@type":"BreadcrumbList","@id":"https:\/\/algarve7.pt\/index.php\/2023\/11\/cerca-de-50-cientistas-vao-ocupar-o-espaco-do-centro-ciencia-viva-do-algarve-durante-a-semana-da-ciencia-e-tecnologia-2023\/atualidade\/09\/40\/#breadcrumb","itemListElement":[{"@type":"ListItem","position":1,"name":"In\u00edcio","item":"https:\/\/algarve7.pt\/"},{"@type":"ListItem","position":2,"name":"Cerca de 50 cientistas v\u00e3o ocupar o espa\u00e7o do Centro Ci\u00eancia Viva do Algarve durante a Semana da Ci\u00eancia e Tecnologia 2023"}]},{"@type":"WebSite","@id":"https:\/\/algarve7.pt\/#website","url":"https:\/\/algarve7.pt\/","name":"Algarve 7","description":"Informa\u00e7\u00e3o sobre o Algarve","publisher":{"@id":"https:\/\/algarve7.pt\/#organization"},"potentialAction":[{"@type":"SearchAction","target":{"@type":"EntryPoint","urlTemplate":"https:\/\/algarve7.pt\/?s={search_term_string}"},"query-input":{"@type":"PropertyValueSpecification","valueRequired":true,"valueName":"search_term_string"}}],"inLanguage":"pt-PT"},{"@type":"Organization","@id":"https:\/\/algarve7.pt\/#organization","name":"Algarve 7","url":"https:\/\/algarve7.pt\/","logo":{"@type":"ImageObject","inLanguage":"pt-PT","@id":"https:\/\/algarve7.pt\/#\/schema\/logo\/image\/","url":"https:\/\/algarve7.pt\/wp-content\/uploads\/2020\/10\/Logo-8.jpg","contentUrl":"https:\/\/algarve7.pt\/wp-content\/uploads\/2020\/10\/Logo-8.jpg","width":1680,"height":1186,"caption":"Algarve 7"},"image":{"@id":"https:\/\/algarve7.pt\/#\/schema\/logo\/image\/"},"sameAs":["https:\/\/www.facebook.com\/algarve7","https:\/\/x.com\/Algarvesete","https:\/\/www.instagram.com\/jornalalgarve7\/","https:\/\/www.linkedin.com\/company\/algarve7","https:\/\/www.pinterest.pt\/geral0939\/_created\/"]},{"@type":"Person","@id":"https:\/\/algarve7.pt\/#\/schema\/person\/23fa70681308e7b319a3204bcea45e0c","name":"Algarve 7","sameAs":["https:\/\/algarve7.pt","https:\/\/www.facebook.com\/algarve7"],"url":"https:\/\/algarve7.pt\/index.php\/author\/geralalgarve7-pt\/"}]}},"jetpack_publicize_connections":[],"jetpack_featured_media_url":"https:\/\/algarve7.pt\/wp-content\/uploads\/2023\/11\/Centro-de-Ciencia-Viva-do-Algarve.jpg","jetpack_shortlink":"https:\/\/wp.me\/pcezmW-8D6","jetpack_sharing_enabled":true,"_links":{"self":[{"href":"https:\/\/algarve7.pt\/index.php\/wp-json\/wp\/v2\/posts\/33176","targetHints":{"allow":["GET"]}}],"collection":[{"href":"https:\/\/algarve7.pt\/index.php\/wp-json\/wp\/v2\/posts"}],"about":[{"href":"https:\/\/algarve7.pt\/index.php\/wp-json\/wp\/v2\/types\/post"}],"author":[{"embeddable":true,"href":"https:\/\/algarve7.pt\/index.php\/wp-json\/wp\/v2\/users\/1"}],"replies":[{"embeddable":true,"href":"https:\/\/algarve7.pt\/index.php\/wp-json\/wp\/v2\/comments?post=33176"}],"version-history":[{"count":0,"href":"https:\/\/algarve7.pt\/index.php\/wp-json\/wp\/v2\/posts\/33176\/revisions"}],"wp:featuredmedia":[{"embeddable":true,"href":"https:\/\/algarve7.pt\/index.php\/wp-json\/wp\/v2\/media\/33177"}],"wp:attachment":[{"href":"https:\/\/algarve7.pt\/index.php\/wp-json\/wp\/v2\/media?parent=33176"}],"wp:term":[{"taxonomy":"category","embeddable":true,"href":"https:\/\/algarve7.pt\/index.php\/wp-json\/wp\/v2\/categories?post=33176"},{"taxonomy":"post_tag","embeddable":true,"href":"https:\/\/algarve7.pt\/index.php\/wp-json\/wp\/v2\/tags?post=33176"}],"curies":[{"name":"wp","href":"https:\/\/api.w.org\/{rel}","templated":true}]}}