{"id":33123,"date":"2023-11-17T19:42:55","date_gmt":"2023-11-17T19:42:55","guid":{"rendered":"https:\/\/algarve7.pt\/?p=33123"},"modified":"2023-11-17T19:42:57","modified_gmt":"2023-11-17T19:42:57","slug":"ministra-da-cultura-do-paraguai-visitou-loule-para-conhecer-universo-criativo-local","status":"publish","type":"post","link":"https:\/\/algarve7.pt\/index.php\/2023\/11\/ministra-da-cultura-do-paraguai-visitou-loule-para-conhecer-universo-criativo-local\/cultura\/19\/42\/","title":{"rendered":"Ministra da cultura do Paraguai visitou Loul\u00e9 para conhecer universo criativo local"},"content":{"rendered":"\n<p>Adriana Ortiz Semidei, ministra da Cultura do Paraguai, esteve, no passado dia 13 de novembro, na cidade de Loul\u00e9 para conhecer de perto o \u201cecossistema criativo\u201d que aqui existe e dar um primeiro passo para uma coopera\u00e7\u00e3o mais profunda entre Loul\u00e9 e o Paraguai.<\/p>\n\n\n\n<p>Acompanhada pelo embaixador em Portugal,&nbsp;Julio Van Humbeck, e pelo autarca V\u00edtor Aleixo, a Ministra fez um p\u00e9riplo pelos espa\u00e7os espalhados pela cidade onde funcionam as oficinas do \u201cLoul\u00e9 Criativo\u201d, um projeto que entusiasmou bastante esta respons\u00e1vel, ela pr\u00f3pria designer de forma\u00e7\u00e3o.<\/p>\n\n\n\n<p>No Pal\u00e1cio Gama Lobo, polo dinamizador das atividades, Adriana&nbsp;Ortiz Semidei teve oportunidade de conhecer um pouco mais sobre este projeto que arrancou em 2015, contactar com artes\u00e3os e designers que trabalham em parceria, juntando os conhecimentos e t\u00e9cnicas ancestrais a uma abordagem mais contempor\u00e2nea, e visitar a exposi\u00e7\u00e3o e loja com as cria\u00e7\u00f5es destes artistas aqui incubados.<\/p>\n\n\n\n<p>De seguida a comitiva percorreu a Zona Hist\u00f3rica onde a cada esquina o patrim\u00f3nio humano e arquitet\u00f3nico \u00e9 bem vis\u00edvel, com destaque para os Banhos Isl\u00e2micos, os \u00fanicos \u201ca descoberto\u201d no nosso pa\u00eds, Monumento Nacional que encantou os respons\u00e1veis paraguaios. Ainda antes a ministra visitou as oficinas do \u201cLoul\u00e9 Criativo\u201d do Caldeireiro, Olaria e Casa da Empreita.<\/p>\n\n\n\n<p>No final da visita, a respons\u00e1vel paraguaia com a pasta da Cultura deixou no ar o desejo de uma futura gemina\u00e7\u00e3o com esta cidade algarvia.<\/p>\n\n\n\n<p>\u201cEstou muito feliz por estar em Loul\u00e9, \u00e9 uma cidade linda, que cuida do seu patrim\u00f3nio, que trata dos seus fazedores de cultura, dos seus mestres artes\u00e3os, dos saberes e tradi\u00e7\u00f5es do seu povo\u2026 Motiva-me muito saber que existem estas oficinas de of\u00edcios para perpetuar as t\u00e9cnicas e, oxal\u00e1, possamos tamb\u00e9m firmar algum acordo entre Loul\u00e9 e Assun\u00e7\u00e3o para que possamos fazer um interc\u00e2mbio cultural e tamb\u00e9m algumas resid\u00eancias art\u00edsticas\u201d, adiantou&nbsp;Adriana Ortiz Semidei.&nbsp;<\/p>\n\n\n\n<p>\u00c9 sobretudo a liga\u00e7\u00e3o entre artesanato e design, numa abordagem contempor\u00e2nea, que o governo do Paraguai quer implementar e, nesse sentido, Loul\u00e9 poder\u00e1 ser uma inspira\u00e7\u00e3o pela forma como trabalha essa rela\u00e7\u00e3o, \u201cresgatando t\u00e9cnicas, em que o design \u00e9 o melhor aliado hoje em dia e que em Loul\u00e9 est\u00e1 muito avan\u00e7ado\u201d.&nbsp;<\/p>\n\n\n\n<p>Refira-se que as tradi\u00e7\u00f5es da cer\u00e2mica, a t\u00e9cnica da cestaria com trabalho entran\u00e7ado em fibras naturais, o trabalho em madeira e tamb\u00e9m a ourivesaria s\u00e3o alguns dos pontos em comum entre as realidades dos dois pa\u00edses.<\/p>\n\n\n\n<p>O embaixador Julio Van Humbeck foi o respons\u00e1vel pela organiza\u00e7\u00e3o desta visita, na v\u00e9spera da Ministra da Cultura participar na Cimeira Ibero-Americana dos ministros da cultura, que decorreu em Lisboa. Em rela\u00e7\u00e3o a este momento sublinhou: \u201c\u00c9 uma demonstra\u00e7\u00e3o de interesse para geminarmo-nos, cooperar mutuamente, conhecermo-nos, descobrirmo-nos e para que os nossos povos, atrav\u00e9s das riquezas que t\u00eam as suas identidades culturais, este conhecimento ancestral, o seu artesanato, possam aproximar-se mais. Estamos a construir pontes!\u201d.&nbsp;<\/p>\n\n\n\n<p>Tamb\u00e9m V\u00edtor Aleixo, presidente da C\u00e2mara de Loul\u00e9, manifestou a sua satisfa\u00e7\u00e3o por esta aproxima\u00e7\u00e3o e fortalecimento de la\u00e7os com o Paraguai. \u201cTemos muito em comum com este territ\u00f3rio que n\u00e3o se circunscreve \u00e0 sua geografia, mas tamb\u00e9m aos aspetos culturais e sociais e \u00e9 por isso que, nos \u00faltimos anos, refor\u00e7\u00e1mos esta parceria com a Casa da Am\u00e9rica Latina em Portugal. Enche-nos de orgulho o facto de termos sido o primeiro local do pa\u00eds visitado por um elemento do novo governo do Paraguai. Certamente que esta coopera\u00e7\u00e3o ir\u00e1 materializar-se muito em breve para que possamos aprender uns com os outros, sobretudo nesta \u00e1rea da criatividade\u201d, sublinhou o autarca.<\/p>\n","protected":false},"excerpt":{"rendered":"<p>Adriana Ortiz Semidei, ministra da Cultura do Paraguai, esteve, no passado dia 13 de novembro, na cidade de Loul\u00e9 para<\/p>\n","protected":false},"author":1,"featured_media":33124,"comment_status":"closed","ping_status":"open","sticky":false,"template":"","format":"standard","meta":{"colormag_page_container_layout":"default_layout","colormag_page_sidebar_layout":"default_layout","_monsterinsights_skip_tracking":false,"_monsterinsights_sitenote_active":false,"_monsterinsights_sitenote_note":"","_monsterinsights_sitenote_category":0,"jetpack_post_was_ever_published":false,"_jetpack_newsletter_access":"","_jetpack_dont_email_post_to_subs":false,"_jetpack_newsletter_tier_id":0,"_jetpack_memberships_contains_paywalled_content":false,"_jetpack_memberships_contains_paid_content":false,"footnotes":"","jetpack_publicize_message":"","jetpack_publicize_feature_enabled":true,"jetpack_social_post_already_shared":true,"jetpack_social_options":{"image_generator_settings":{"template":"highway","default_image_id":0,"font":"","enabled":false},"version":2}},"categories":[14],"tags":[36,35,31],"class_list":["post-33123","post","type-post","status-publish","format-standard","has-post-thumbnail","hentry","category-cultura","tag-algarve","tag-cultura","tag-loule"],"yoast_head":"<!-- This site is optimized with the Yoast SEO plugin v27.5 - https:\/\/yoast.com\/product\/yoast-seo-wordpress\/ -->\n<title>Ministra da cultura do Paraguai visitou Loul\u00e9 para conhecer universo criativo local - Algarve 7<\/title>\n<meta name=\"description\" content=\"Ministra da cultura do Paraguai visitou Loul\u00e9 para conhecer universo criativo local Cultura\" \/>\n<meta name=\"robots\" content=\"index, follow, max-snippet:-1, max-image-preview:large, max-video-preview:-1\" \/>\n<link rel=\"canonical\" href=\"https:\/\/algarve7.pt\/index.php\/2023\/11\/ministra-da-cultura-do-paraguai-visitou-loule-para-conhecer-universo-criativo-local\/cultura\/19\/42\/\" \/>\n<meta property=\"og:locale\" content=\"pt_PT\" \/>\n<meta property=\"og:type\" content=\"article\" \/>\n<meta property=\"og:title\" content=\"Ministra da cultura do Paraguai visitou Loul\u00e9 para conhecer universo criativo local - Algarve 7\" \/>\n<meta property=\"og:description\" content=\"Ministra da cultura do Paraguai visitou Loul\u00e9 para conhecer universo criativo local Cultura\" \/>\n<meta property=\"og:url\" content=\"https:\/\/algarve7.pt\/index.php\/2023\/11\/ministra-da-cultura-do-paraguai-visitou-loule-para-conhecer-universo-criativo-local\/cultura\/19\/42\/\" \/>\n<meta property=\"og:site_name\" content=\"Algarve 7\" \/>\n<meta property=\"article:publisher\" content=\"https:\/\/www.facebook.com\/algarve7\" \/>\n<meta property=\"article:author\" content=\"https:\/\/www.facebook.com\/algarve7\" \/>\n<meta property=\"article:published_time\" content=\"2023-11-17T19:42:55+00:00\" \/>\n<meta property=\"article:modified_time\" content=\"2023-11-17T19:42:57+00:00\" \/>\n<meta property=\"og:image\" content=\"https:\/\/algarve7.pt\/wp-content\/uploads\/2023\/11\/Visita-da-Ministra-da-Cultura-do-Paraguai-a-Loule-C.M.Loule-Mira-1.jpg\" \/>\n\t<meta property=\"og:image:width\" content=\"1024\" \/>\n\t<meta property=\"og:image:height\" content=\"659\" \/>\n\t<meta property=\"og:image:type\" content=\"image\/jpeg\" \/>\n<meta name=\"author\" content=\"Algarve 7\" \/>\n<meta name=\"twitter:card\" content=\"summary_large_image\" \/>\n<meta name=\"twitter:creator\" content=\"@Algarvesete\" \/>\n<meta name=\"twitter:site\" content=\"@Algarvesete\" \/>\n<meta name=\"twitter:label1\" content=\"Escrito por\" \/>\n\t<meta name=\"twitter:data1\" content=\"Algarve 7\" \/>\n\t<meta name=\"twitter:label2\" content=\"Tempo estimado de leitura\" \/>\n\t<meta name=\"twitter:data2\" content=\"4 minutos\" \/>\n<script type=\"application\/ld+json\" class=\"yoast-schema-graph\">{\"@context\":\"https:\\\/\\\/schema.org\",\"@graph\":[{\"@type\":\"Article\",\"@id\":\"https:\\\/\\\/algarve7.pt\\\/index.php\\\/2023\\\/11\\\/ministra-da-cultura-do-paraguai-visitou-loule-para-conhecer-universo-criativo-local\\\/cultura\\\/19\\\/42\\\/#article\",\"isPartOf\":{\"@id\":\"https:\\\/\\\/algarve7.pt\\\/index.php\\\/2023\\\/11\\\/ministra-da-cultura-do-paraguai-visitou-loule-para-conhecer-universo-criativo-local\\\/cultura\\\/19\\\/42\\\/\"},\"author\":{\"name\":\"Algarve 7\",\"@id\":\"https:\\\/\\\/algarve7.pt\\\/#\\\/schema\\\/person\\\/23fa70681308e7b319a3204bcea45e0c\"},\"headline\":\"Ministra da cultura do Paraguai visitou Loul\u00e9 para conhecer universo criativo local\",\"datePublished\":\"2023-11-17T19:42:55+00:00\",\"dateModified\":\"2023-11-17T19:42:57+00:00\",\"mainEntityOfPage\":{\"@id\":\"https:\\\/\\\/algarve7.pt\\\/index.php\\\/2023\\\/11\\\/ministra-da-cultura-do-paraguai-visitou-loule-para-conhecer-universo-criativo-local\\\/cultura\\\/19\\\/42\\\/\"},\"wordCount\":647,\"publisher\":{\"@id\":\"https:\\\/\\\/algarve7.pt\\\/#organization\"},\"image\":{\"@id\":\"https:\\\/\\\/algarve7.pt\\\/index.php\\\/2023\\\/11\\\/ministra-da-cultura-do-paraguai-visitou-loule-para-conhecer-universo-criativo-local\\\/cultura\\\/19\\\/42\\\/#primaryimage\"},\"thumbnailUrl\":\"https:\\\/\\\/algarve7.pt\\\/wp-content\\\/uploads\\\/2023\\\/11\\\/Visita-da-Ministra-da-Cultura-do-Paraguai-a-Loule-C.M.Loule-Mira-1.jpg\",\"keywords\":[\"Algarve\",\"Cultura\",\"Loul\u00e9\"],\"articleSection\":[\"Cultura\"],\"inLanguage\":\"pt-PT\"},{\"@type\":\"WebPage\",\"@id\":\"https:\\\/\\\/algarve7.pt\\\/index.php\\\/2023\\\/11\\\/ministra-da-cultura-do-paraguai-visitou-loule-para-conhecer-universo-criativo-local\\\/cultura\\\/19\\\/42\\\/\",\"url\":\"https:\\\/\\\/algarve7.pt\\\/index.php\\\/2023\\\/11\\\/ministra-da-cultura-do-paraguai-visitou-loule-para-conhecer-universo-criativo-local\\\/cultura\\\/19\\\/42\\\/\",\"name\":\"Ministra da cultura do Paraguai visitou Loul\u00e9 para conhecer universo criativo local - Algarve 7\",\"isPartOf\":{\"@id\":\"https:\\\/\\\/algarve7.pt\\\/#website\"},\"primaryImageOfPage\":{\"@id\":\"https:\\\/\\\/algarve7.pt\\\/index.php\\\/2023\\\/11\\\/ministra-da-cultura-do-paraguai-visitou-loule-para-conhecer-universo-criativo-local\\\/cultura\\\/19\\\/42\\\/#primaryimage\"},\"image\":{\"@id\":\"https:\\\/\\\/algarve7.pt\\\/index.php\\\/2023\\\/11\\\/ministra-da-cultura-do-paraguai-visitou-loule-para-conhecer-universo-criativo-local\\\/cultura\\\/19\\\/42\\\/#primaryimage\"},\"thumbnailUrl\":\"https:\\\/\\\/algarve7.pt\\\/wp-content\\\/uploads\\\/2023\\\/11\\\/Visita-da-Ministra-da-Cultura-do-Paraguai-a-Loule-C.M.Loule-Mira-1.jpg\",\"datePublished\":\"2023-11-17T19:42:55+00:00\",\"dateModified\":\"2023-11-17T19:42:57+00:00\",\"description\":\"Ministra da cultura do Paraguai visitou Loul\u00e9 para conhecer universo criativo local Cultura\",\"breadcrumb\":{\"@id\":\"https:\\\/\\\/algarve7.pt\\\/index.php\\\/2023\\\/11\\\/ministra-da-cultura-do-paraguai-visitou-loule-para-conhecer-universo-criativo-local\\\/cultura\\\/19\\\/42\\\/#breadcrumb\"},\"inLanguage\":\"pt-PT\",\"potentialAction\":[{\"@type\":\"ReadAction\",\"target\":[\"https:\\\/\\\/algarve7.pt\\\/index.php\\\/2023\\\/11\\\/ministra-da-cultura-do-paraguai-visitou-loule-para-conhecer-universo-criativo-local\\\/cultura\\\/19\\\/42\\\/\"]}]},{\"@type\":\"ImageObject\",\"inLanguage\":\"pt-PT\",\"@id\":\"https:\\\/\\\/algarve7.pt\\\/index.php\\\/2023\\\/11\\\/ministra-da-cultura-do-paraguai-visitou-loule-para-conhecer-universo-criativo-local\\\/cultura\\\/19\\\/42\\\/#primaryimage\",\"url\":\"https:\\\/\\\/algarve7.pt\\\/wp-content\\\/uploads\\\/2023\\\/11\\\/Visita-da-Ministra-da-Cultura-do-Paraguai-a-Loule-C.M.Loule-Mira-1.jpg\",\"contentUrl\":\"https:\\\/\\\/algarve7.pt\\\/wp-content\\\/uploads\\\/2023\\\/11\\\/Visita-da-Ministra-da-Cultura-do-Paraguai-a-Loule-C.M.Loule-Mira-1.jpg\",\"width\":1024,\"height\":659},{\"@type\":\"BreadcrumbList\",\"@id\":\"https:\\\/\\\/algarve7.pt\\\/index.php\\\/2023\\\/11\\\/ministra-da-cultura-do-paraguai-visitou-loule-para-conhecer-universo-criativo-local\\\/cultura\\\/19\\\/42\\\/#breadcrumb\",\"itemListElement\":[{\"@type\":\"ListItem\",\"position\":1,\"name\":\"In\u00edcio\",\"item\":\"https:\\\/\\\/algarve7.pt\\\/\"},{\"@type\":\"ListItem\",\"position\":2,\"name\":\"Ministra da cultura do Paraguai visitou Loul\u00e9 para conhecer universo criativo local\"}]},{\"@type\":\"WebSite\",\"@id\":\"https:\\\/\\\/algarve7.pt\\\/#website\",\"url\":\"https:\\\/\\\/algarve7.pt\\\/\",\"name\":\"Algarve 7\",\"description\":\"Informa\u00e7\u00e3o sobre o Algarve\",\"publisher\":{\"@id\":\"https:\\\/\\\/algarve7.pt\\\/#organization\"},\"potentialAction\":[{\"@type\":\"SearchAction\",\"target\":{\"@type\":\"EntryPoint\",\"urlTemplate\":\"https:\\\/\\\/algarve7.pt\\\/?s={search_term_string}\"},\"query-input\":{\"@type\":\"PropertyValueSpecification\",\"valueRequired\":true,\"valueName\":\"search_term_string\"}}],\"inLanguage\":\"pt-PT\"},{\"@type\":\"Organization\",\"@id\":\"https:\\\/\\\/algarve7.pt\\\/#organization\",\"name\":\"Algarve 7\",\"url\":\"https:\\\/\\\/algarve7.pt\\\/\",\"logo\":{\"@type\":\"ImageObject\",\"inLanguage\":\"pt-PT\",\"@id\":\"https:\\\/\\\/algarve7.pt\\\/#\\\/schema\\\/logo\\\/image\\\/\",\"url\":\"https:\\\/\\\/algarve7.pt\\\/wp-content\\\/uploads\\\/2020\\\/10\\\/Logo-8.jpg\",\"contentUrl\":\"https:\\\/\\\/algarve7.pt\\\/wp-content\\\/uploads\\\/2020\\\/10\\\/Logo-8.jpg\",\"width\":1680,\"height\":1186,\"caption\":\"Algarve 7\"},\"image\":{\"@id\":\"https:\\\/\\\/algarve7.pt\\\/#\\\/schema\\\/logo\\\/image\\\/\"},\"sameAs\":[\"https:\\\/\\\/www.facebook.com\\\/algarve7\",\"https:\\\/\\\/x.com\\\/Algarvesete\",\"https:\\\/\\\/www.instagram.com\\\/jornalalgarve7\\\/\",\"https:\\\/\\\/www.linkedin.com\\\/company\\\/algarve7\",\"https:\\\/\\\/www.pinterest.pt\\\/geral0939\\\/_created\\\/\"]},{\"@type\":\"Person\",\"@id\":\"https:\\\/\\\/algarve7.pt\\\/#\\\/schema\\\/person\\\/23fa70681308e7b319a3204bcea45e0c\",\"name\":\"Algarve 7\",\"sameAs\":[\"https:\\\/\\\/algarve7.pt\",\"https:\\\/\\\/www.facebook.com\\\/algarve7\"],\"url\":\"https:\\\/\\\/algarve7.pt\\\/index.php\\\/author\\\/geralalgarve7-pt\\\/\"}]}<\/script>\n<!-- \/ Yoast SEO plugin. -->","yoast_head_json":{"title":"Ministra da cultura do Paraguai visitou Loul\u00e9 para conhecer universo criativo local - Algarve 7","description":"Ministra da cultura do Paraguai visitou Loul\u00e9 para conhecer universo criativo local Cultura","robots":{"index":"index","follow":"follow","max-snippet":"max-snippet:-1","max-image-preview":"max-image-preview:large","max-video-preview":"max-video-preview:-1"},"canonical":"https:\/\/algarve7.pt\/index.php\/2023\/11\/ministra-da-cultura-do-paraguai-visitou-loule-para-conhecer-universo-criativo-local\/cultura\/19\/42\/","og_locale":"pt_PT","og_type":"article","og_title":"Ministra da cultura do Paraguai visitou Loul\u00e9 para conhecer universo criativo local - Algarve 7","og_description":"Ministra da cultura do Paraguai visitou Loul\u00e9 para conhecer universo criativo local Cultura","og_url":"https:\/\/algarve7.pt\/index.php\/2023\/11\/ministra-da-cultura-do-paraguai-visitou-loule-para-conhecer-universo-criativo-local\/cultura\/19\/42\/","og_site_name":"Algarve 7","article_publisher":"https:\/\/www.facebook.com\/algarve7","article_author":"https:\/\/www.facebook.com\/algarve7","article_published_time":"2023-11-17T19:42:55+00:00","article_modified_time":"2023-11-17T19:42:57+00:00","og_image":[{"width":1024,"height":659,"url":"https:\/\/algarve7.pt\/wp-content\/uploads\/2023\/11\/Visita-da-Ministra-da-Cultura-do-Paraguai-a-Loule-C.M.Loule-Mira-1.jpg","type":"image\/jpeg"}],"author":"Algarve 7","twitter_card":"summary_large_image","twitter_creator":"@Algarvesete","twitter_site":"@Algarvesete","twitter_misc":{"Escrito por":"Algarve 7","Tempo estimado de leitura":"4 minutos"},"schema":{"@context":"https:\/\/schema.org","@graph":[{"@type":"Article","@id":"https:\/\/algarve7.pt\/index.php\/2023\/11\/ministra-da-cultura-do-paraguai-visitou-loule-para-conhecer-universo-criativo-local\/cultura\/19\/42\/#article","isPartOf":{"@id":"https:\/\/algarve7.pt\/index.php\/2023\/11\/ministra-da-cultura-do-paraguai-visitou-loule-para-conhecer-universo-criativo-local\/cultura\/19\/42\/"},"author":{"name":"Algarve 7","@id":"https:\/\/algarve7.pt\/#\/schema\/person\/23fa70681308e7b319a3204bcea45e0c"},"headline":"Ministra da cultura do Paraguai visitou Loul\u00e9 para conhecer universo criativo local","datePublished":"2023-11-17T19:42:55+00:00","dateModified":"2023-11-17T19:42:57+00:00","mainEntityOfPage":{"@id":"https:\/\/algarve7.pt\/index.php\/2023\/11\/ministra-da-cultura-do-paraguai-visitou-loule-para-conhecer-universo-criativo-local\/cultura\/19\/42\/"},"wordCount":647,"publisher":{"@id":"https:\/\/algarve7.pt\/#organization"},"image":{"@id":"https:\/\/algarve7.pt\/index.php\/2023\/11\/ministra-da-cultura-do-paraguai-visitou-loule-para-conhecer-universo-criativo-local\/cultura\/19\/42\/#primaryimage"},"thumbnailUrl":"https:\/\/algarve7.pt\/wp-content\/uploads\/2023\/11\/Visita-da-Ministra-da-Cultura-do-Paraguai-a-Loule-C.M.Loule-Mira-1.jpg","keywords":["Algarve","Cultura","Loul\u00e9"],"articleSection":["Cultura"],"inLanguage":"pt-PT"},{"@type":"WebPage","@id":"https:\/\/algarve7.pt\/index.php\/2023\/11\/ministra-da-cultura-do-paraguai-visitou-loule-para-conhecer-universo-criativo-local\/cultura\/19\/42\/","url":"https:\/\/algarve7.pt\/index.php\/2023\/11\/ministra-da-cultura-do-paraguai-visitou-loule-para-conhecer-universo-criativo-local\/cultura\/19\/42\/","name":"Ministra da cultura do Paraguai visitou Loul\u00e9 para conhecer universo criativo local - Algarve 7","isPartOf":{"@id":"https:\/\/algarve7.pt\/#website"},"primaryImageOfPage":{"@id":"https:\/\/algarve7.pt\/index.php\/2023\/11\/ministra-da-cultura-do-paraguai-visitou-loule-para-conhecer-universo-criativo-local\/cultura\/19\/42\/#primaryimage"},"image":{"@id":"https:\/\/algarve7.pt\/index.php\/2023\/11\/ministra-da-cultura-do-paraguai-visitou-loule-para-conhecer-universo-criativo-local\/cultura\/19\/42\/#primaryimage"},"thumbnailUrl":"https:\/\/algarve7.pt\/wp-content\/uploads\/2023\/11\/Visita-da-Ministra-da-Cultura-do-Paraguai-a-Loule-C.M.Loule-Mira-1.jpg","datePublished":"2023-11-17T19:42:55+00:00","dateModified":"2023-11-17T19:42:57+00:00","description":"Ministra da cultura do Paraguai visitou Loul\u00e9 para conhecer universo criativo local Cultura","breadcrumb":{"@id":"https:\/\/algarve7.pt\/index.php\/2023\/11\/ministra-da-cultura-do-paraguai-visitou-loule-para-conhecer-universo-criativo-local\/cultura\/19\/42\/#breadcrumb"},"inLanguage":"pt-PT","potentialAction":[{"@type":"ReadAction","target":["https:\/\/algarve7.pt\/index.php\/2023\/11\/ministra-da-cultura-do-paraguai-visitou-loule-para-conhecer-universo-criativo-local\/cultura\/19\/42\/"]}]},{"@type":"ImageObject","inLanguage":"pt-PT","@id":"https:\/\/algarve7.pt\/index.php\/2023\/11\/ministra-da-cultura-do-paraguai-visitou-loule-para-conhecer-universo-criativo-local\/cultura\/19\/42\/#primaryimage","url":"https:\/\/algarve7.pt\/wp-content\/uploads\/2023\/11\/Visita-da-Ministra-da-Cultura-do-Paraguai-a-Loule-C.M.Loule-Mira-1.jpg","contentUrl":"https:\/\/algarve7.pt\/wp-content\/uploads\/2023\/11\/Visita-da-Ministra-da-Cultura-do-Paraguai-a-Loule-C.M.Loule-Mira-1.jpg","width":1024,"height":659},{"@type":"BreadcrumbList","@id":"https:\/\/algarve7.pt\/index.php\/2023\/11\/ministra-da-cultura-do-paraguai-visitou-loule-para-conhecer-universo-criativo-local\/cultura\/19\/42\/#breadcrumb","itemListElement":[{"@type":"ListItem","position":1,"name":"In\u00edcio","item":"https:\/\/algarve7.pt\/"},{"@type":"ListItem","position":2,"name":"Ministra da cultura do Paraguai visitou Loul\u00e9 para conhecer universo criativo local"}]},{"@type":"WebSite","@id":"https:\/\/algarve7.pt\/#website","url":"https:\/\/algarve7.pt\/","name":"Algarve 7","description":"Informa\u00e7\u00e3o sobre o Algarve","publisher":{"@id":"https:\/\/algarve7.pt\/#organization"},"potentialAction":[{"@type":"SearchAction","target":{"@type":"EntryPoint","urlTemplate":"https:\/\/algarve7.pt\/?s={search_term_string}"},"query-input":{"@type":"PropertyValueSpecification","valueRequired":true,"valueName":"search_term_string"}}],"inLanguage":"pt-PT"},{"@type":"Organization","@id":"https:\/\/algarve7.pt\/#organization","name":"Algarve 7","url":"https:\/\/algarve7.pt\/","logo":{"@type":"ImageObject","inLanguage":"pt-PT","@id":"https:\/\/algarve7.pt\/#\/schema\/logo\/image\/","url":"https:\/\/algarve7.pt\/wp-content\/uploads\/2020\/10\/Logo-8.jpg","contentUrl":"https:\/\/algarve7.pt\/wp-content\/uploads\/2020\/10\/Logo-8.jpg","width":1680,"height":1186,"caption":"Algarve 7"},"image":{"@id":"https:\/\/algarve7.pt\/#\/schema\/logo\/image\/"},"sameAs":["https:\/\/www.facebook.com\/algarve7","https:\/\/x.com\/Algarvesete","https:\/\/www.instagram.com\/jornalalgarve7\/","https:\/\/www.linkedin.com\/company\/algarve7","https:\/\/www.pinterest.pt\/geral0939\/_created\/"]},{"@type":"Person","@id":"https:\/\/algarve7.pt\/#\/schema\/person\/23fa70681308e7b319a3204bcea45e0c","name":"Algarve 7","sameAs":["https:\/\/algarve7.pt","https:\/\/www.facebook.com\/algarve7"],"url":"https:\/\/algarve7.pt\/index.php\/author\/geralalgarve7-pt\/"}]}},"jetpack_publicize_connections":[],"jetpack_featured_media_url":"https:\/\/algarve7.pt\/wp-content\/uploads\/2023\/11\/Visita-da-Ministra-da-Cultura-do-Paraguai-a-Loule-C.M.Loule-Mira-1.jpg","jetpack_shortlink":"https:\/\/wp.me\/pcezmW-8Cf","jetpack_sharing_enabled":true,"_links":{"self":[{"href":"https:\/\/algarve7.pt\/index.php\/wp-json\/wp\/v2\/posts\/33123","targetHints":{"allow":["GET"]}}],"collection":[{"href":"https:\/\/algarve7.pt\/index.php\/wp-json\/wp\/v2\/posts"}],"about":[{"href":"https:\/\/algarve7.pt\/index.php\/wp-json\/wp\/v2\/types\/post"}],"author":[{"embeddable":true,"href":"https:\/\/algarve7.pt\/index.php\/wp-json\/wp\/v2\/users\/1"}],"replies":[{"embeddable":true,"href":"https:\/\/algarve7.pt\/index.php\/wp-json\/wp\/v2\/comments?post=33123"}],"version-history":[{"count":0,"href":"https:\/\/algarve7.pt\/index.php\/wp-json\/wp\/v2\/posts\/33123\/revisions"}],"wp:featuredmedia":[{"embeddable":true,"href":"https:\/\/algarve7.pt\/index.php\/wp-json\/wp\/v2\/media\/33124"}],"wp:attachment":[{"href":"https:\/\/algarve7.pt\/index.php\/wp-json\/wp\/v2\/media?parent=33123"}],"wp:term":[{"taxonomy":"category","embeddable":true,"href":"https:\/\/algarve7.pt\/index.php\/wp-json\/wp\/v2\/categories?post=33123"},{"taxonomy":"post_tag","embeddable":true,"href":"https:\/\/algarve7.pt\/index.php\/wp-json\/wp\/v2\/tags?post=33123"}],"curies":[{"name":"wp","href":"https:\/\/api.w.org\/{rel}","templated":true}]}}