{"id":33119,"date":"2023-11-17T19:32:36","date_gmt":"2023-11-17T19:32:36","guid":{"rendered":"https:\/\/algarve7.pt\/?p=33119"},"modified":"2023-11-17T19:32:38","modified_gmt":"2023-11-17T19:32:38","slug":"dia-dos-sistemas-de-informacao-geografica-assinalado-em-loule","status":"publish","type":"post","link":"https:\/\/algarve7.pt\/index.php\/2023\/11\/dia-dos-sistemas-de-informacao-geografica-assinalado-em-loule\/atualidade\/19\/32\/","title":{"rendered":"Dia dos sistemas de informa\u00e7\u00e3o geogr\u00e1fica assinalado em Loul\u00e9"},"content":{"rendered":"\n<p>Comemorou-se na passada quarta-feira, 15 de novembro, o \u201cDia dos SIG\u201d (Sistemas de Informa\u00e7\u00e3o Geogr\u00e1fica), celebrado em todo o mundo e que, em 2023, foi assinalado pela C\u00e2mara Municipal de Loul\u00e9, com o objetivo de divulgar junto da comunidade as aplica\u00e7\u00f5es desta tecnologia e os seus benef\u00edcios.&nbsp;<\/p>\n\n\n\n<p>Neste dia, a Autarquia apostou precisamente na cria\u00e7\u00e3o de plataformas de divulga\u00e7\u00e3o destes sistemas. Assim, foi lan\u00e7ado um poster que cont\u00e9m um QR Code que dar\u00e1 acesso a uma p\u00e1gina web (<a href=\"https:\/\/bit.ly\/46ba0vA\" target=\"_blank\" rel=\"noreferrer noopener\">https:\/\/bit.ly\/46ba0vA<\/a>), em formato \u201cStory Map\u201d, com conte\u00fados sobre esta tem\u00e1tica, alguns deles interativos.<\/p>\n\n\n\n<p>Esta iniciativa pretende ser uma forma de dar a conhecer os muitos usos destes sistemas, por exemplo como apoio em termos de planeamento e ordenamento do territ\u00f3rio, mas tamb\u00e9m de promover uma maior aproxima\u00e7\u00e3o entre o Munic\u00edpio e os mun\u00edcipes, e o reconhecimento do trabalho desenvolvido pela C\u00e2mara de Loul\u00e9 em termos de sistemas de informa\u00e7\u00e3o geogr\u00e1fica.<\/p>\n\n\n\n<p>O primeiro Dia Mundial dos SIG foi comemorado em 1999, a 19 de novembro, durante a Semana da Consciencializa\u00e7\u00e3o Geogr\u00e1fica. N\u00e3o se trata apenas de um evento, \u00e9 um movimento global que celebra as tecnologias de Sistemas de Informa\u00e7\u00e3o Geogr\u00e1fica. Hoje em dia \u00e9 festejado por estudantes, professores, fam\u00edlias, escolas e v\u00e1rias organiza\u00e7\u00f5es em todo o mundo.<\/p>\n","protected":false},"excerpt":{"rendered":"<p>Comemorou-se na passada quarta-feira, 15 de novembro, o \u201cDia dos SIG\u201d (Sistemas de Informa\u00e7\u00e3o Geogr\u00e1fica), celebrado em todo o mundo<\/p>\n","protected":false},"author":1,"featured_media":33120,"comment_status":"closed","ping_status":"open","sticky":false,"template":"","format":"standard","meta":{"colormag_page_container_layout":"default_layout","colormag_page_sidebar_layout":"default_layout","_monsterinsights_skip_tracking":false,"_monsterinsights_sitenote_active":false,"_monsterinsights_sitenote_note":"","_monsterinsights_sitenote_category":0,"jetpack_post_was_ever_published":false,"_jetpack_newsletter_access":"","_jetpack_dont_email_post_to_subs":false,"_jetpack_newsletter_tier_id":0,"_jetpack_memberships_contains_paywalled_content":false,"_jetpack_memberships_contains_paid_content":false,"footnotes":"","jetpack_publicize_message":"","jetpack_publicize_feature_enabled":true,"jetpack_social_post_already_shared":true,"jetpack_social_options":{"image_generator_settings":{"template":"highway","default_image_id":0,"font":"","enabled":false},"version":2}},"categories":[11],"tags":[36,62,31],"class_list":["post-33119","post","type-post","status-publish","format-standard","has-post-thumbnail","hentry","category-atualidade","tag-algarve","tag-atualidade","tag-loule"],"yoast_head":"<!-- This site is optimized with the Yoast SEO plugin v27.5 - https:\/\/yoast.com\/product\/yoast-seo-wordpress\/ -->\n<title>Dia dos sistemas de informa\u00e7\u00e3o geogr\u00e1fica assinalado em Loul\u00e9 - Algarve 7<\/title>\n<meta name=\"description\" content=\"Dia dos sistemas de informa\u00e7\u00e3o geogr\u00e1fica assinalado em Loul\u00e9 Atualidade\" \/>\n<meta name=\"robots\" content=\"index, follow, max-snippet:-1, max-image-preview:large, max-video-preview:-1\" \/>\n<link rel=\"canonical\" href=\"https:\/\/algarve7.pt\/index.php\/2023\/11\/dia-dos-sistemas-de-informacao-geografica-assinalado-em-loule\/atualidade\/19\/32\/\" \/>\n<meta property=\"og:locale\" content=\"pt_PT\" \/>\n<meta property=\"og:type\" content=\"article\" \/>\n<meta property=\"og:title\" content=\"Dia dos sistemas de informa\u00e7\u00e3o geogr\u00e1fica assinalado em Loul\u00e9 - Algarve 7\" \/>\n<meta property=\"og:description\" content=\"Dia dos sistemas de informa\u00e7\u00e3o geogr\u00e1fica assinalado em Loul\u00e9 Atualidade\" \/>\n<meta property=\"og:url\" content=\"https:\/\/algarve7.pt\/index.php\/2023\/11\/dia-dos-sistemas-de-informacao-geografica-assinalado-em-loule\/atualidade\/19\/32\/\" \/>\n<meta property=\"og:site_name\" content=\"Algarve 7\" \/>\n<meta property=\"article:publisher\" content=\"https:\/\/www.facebook.com\/algarve7\" \/>\n<meta property=\"article:author\" content=\"https:\/\/www.facebook.com\/algarve7\" \/>\n<meta property=\"article:published_time\" content=\"2023-11-17T19:32:36+00:00\" \/>\n<meta property=\"article:modified_time\" content=\"2023-11-17T19:32:38+00:00\" \/>\n<meta property=\"og:image\" content=\"https:\/\/algarve7.pt\/wp-content\/uploads\/2023\/11\/GISDay-e1700249529339.jpg\" \/>\n\t<meta property=\"og:image:width\" content=\"800\" \/>\n\t<meta property=\"og:image:height\" content=\"656\" \/>\n\t<meta property=\"og:image:type\" content=\"image\/jpeg\" \/>\n<meta name=\"author\" content=\"Algarve 7\" \/>\n<meta name=\"twitter:card\" content=\"summary_large_image\" \/>\n<meta name=\"twitter:creator\" content=\"@Algarvesete\" \/>\n<meta name=\"twitter:site\" content=\"@Algarvesete\" \/>\n<meta name=\"twitter:label1\" content=\"Escrito por\" \/>\n\t<meta name=\"twitter:data1\" content=\"Algarve 7\" \/>\n\t<meta name=\"twitter:label2\" content=\"Tempo estimado de leitura\" \/>\n\t<meta name=\"twitter:data2\" content=\"2 minutos\" \/>\n<script type=\"application\/ld+json\" class=\"yoast-schema-graph\">{\"@context\":\"https:\\\/\\\/schema.org\",\"@graph\":[{\"@type\":\"Article\",\"@id\":\"https:\\\/\\\/algarve7.pt\\\/index.php\\\/2023\\\/11\\\/dia-dos-sistemas-de-informacao-geografica-assinalado-em-loule\\\/atualidade\\\/19\\\/32\\\/#article\",\"isPartOf\":{\"@id\":\"https:\\\/\\\/algarve7.pt\\\/index.php\\\/2023\\\/11\\\/dia-dos-sistemas-de-informacao-geografica-assinalado-em-loule\\\/atualidade\\\/19\\\/32\\\/\"},\"author\":{\"name\":\"Algarve 7\",\"@id\":\"https:\\\/\\\/algarve7.pt\\\/#\\\/schema\\\/person\\\/23fa70681308e7b319a3204bcea45e0c\"},\"headline\":\"Dia dos sistemas de informa\u00e7\u00e3o geogr\u00e1fica assinalado em Loul\u00e9\",\"datePublished\":\"2023-11-17T19:32:36+00:00\",\"dateModified\":\"2023-11-17T19:32:38+00:00\",\"mainEntityOfPage\":{\"@id\":\"https:\\\/\\\/algarve7.pt\\\/index.php\\\/2023\\\/11\\\/dia-dos-sistemas-de-informacao-geografica-assinalado-em-loule\\\/atualidade\\\/19\\\/32\\\/\"},\"wordCount\":243,\"publisher\":{\"@id\":\"https:\\\/\\\/algarve7.pt\\\/#organization\"},\"image\":{\"@id\":\"https:\\\/\\\/algarve7.pt\\\/index.php\\\/2023\\\/11\\\/dia-dos-sistemas-de-informacao-geografica-assinalado-em-loule\\\/atualidade\\\/19\\\/32\\\/#primaryimage\"},\"thumbnailUrl\":\"https:\\\/\\\/algarve7.pt\\\/wp-content\\\/uploads\\\/2023\\\/11\\\/GISDay-e1700249529339.jpg\",\"keywords\":[\"Algarve\",\"Atualidade\",\"Loul\u00e9\"],\"articleSection\":[\"Atualidade\"],\"inLanguage\":\"pt-PT\"},{\"@type\":\"WebPage\",\"@id\":\"https:\\\/\\\/algarve7.pt\\\/index.php\\\/2023\\\/11\\\/dia-dos-sistemas-de-informacao-geografica-assinalado-em-loule\\\/atualidade\\\/19\\\/32\\\/\",\"url\":\"https:\\\/\\\/algarve7.pt\\\/index.php\\\/2023\\\/11\\\/dia-dos-sistemas-de-informacao-geografica-assinalado-em-loule\\\/atualidade\\\/19\\\/32\\\/\",\"name\":\"Dia dos sistemas de informa\u00e7\u00e3o geogr\u00e1fica assinalado em Loul\u00e9 - Algarve 7\",\"isPartOf\":{\"@id\":\"https:\\\/\\\/algarve7.pt\\\/#website\"},\"primaryImageOfPage\":{\"@id\":\"https:\\\/\\\/algarve7.pt\\\/index.php\\\/2023\\\/11\\\/dia-dos-sistemas-de-informacao-geografica-assinalado-em-loule\\\/atualidade\\\/19\\\/32\\\/#primaryimage\"},\"image\":{\"@id\":\"https:\\\/\\\/algarve7.pt\\\/index.php\\\/2023\\\/11\\\/dia-dos-sistemas-de-informacao-geografica-assinalado-em-loule\\\/atualidade\\\/19\\\/32\\\/#primaryimage\"},\"thumbnailUrl\":\"https:\\\/\\\/algarve7.pt\\\/wp-content\\\/uploads\\\/2023\\\/11\\\/GISDay-e1700249529339.jpg\",\"datePublished\":\"2023-11-17T19:32:36+00:00\",\"dateModified\":\"2023-11-17T19:32:38+00:00\",\"description\":\"Dia dos sistemas de informa\u00e7\u00e3o geogr\u00e1fica assinalado em Loul\u00e9 Atualidade\",\"breadcrumb\":{\"@id\":\"https:\\\/\\\/algarve7.pt\\\/index.php\\\/2023\\\/11\\\/dia-dos-sistemas-de-informacao-geografica-assinalado-em-loule\\\/atualidade\\\/19\\\/32\\\/#breadcrumb\"},\"inLanguage\":\"pt-PT\",\"potentialAction\":[{\"@type\":\"ReadAction\",\"target\":[\"https:\\\/\\\/algarve7.pt\\\/index.php\\\/2023\\\/11\\\/dia-dos-sistemas-de-informacao-geografica-assinalado-em-loule\\\/atualidade\\\/19\\\/32\\\/\"]}]},{\"@type\":\"ImageObject\",\"inLanguage\":\"pt-PT\",\"@id\":\"https:\\\/\\\/algarve7.pt\\\/index.php\\\/2023\\\/11\\\/dia-dos-sistemas-de-informacao-geografica-assinalado-em-loule\\\/atualidade\\\/19\\\/32\\\/#primaryimage\",\"url\":\"https:\\\/\\\/algarve7.pt\\\/wp-content\\\/uploads\\\/2023\\\/11\\\/GISDay-e1700249529339.jpg\",\"contentUrl\":\"https:\\\/\\\/algarve7.pt\\\/wp-content\\\/uploads\\\/2023\\\/11\\\/GISDay-e1700249529339.jpg\",\"width\":800,\"height\":656},{\"@type\":\"BreadcrumbList\",\"@id\":\"https:\\\/\\\/algarve7.pt\\\/index.php\\\/2023\\\/11\\\/dia-dos-sistemas-de-informacao-geografica-assinalado-em-loule\\\/atualidade\\\/19\\\/32\\\/#breadcrumb\",\"itemListElement\":[{\"@type\":\"ListItem\",\"position\":1,\"name\":\"In\u00edcio\",\"item\":\"https:\\\/\\\/algarve7.pt\\\/\"},{\"@type\":\"ListItem\",\"position\":2,\"name\":\"Dia dos sistemas de informa\u00e7\u00e3o geogr\u00e1fica assinalado em Loul\u00e9\"}]},{\"@type\":\"WebSite\",\"@id\":\"https:\\\/\\\/algarve7.pt\\\/#website\",\"url\":\"https:\\\/\\\/algarve7.pt\\\/\",\"name\":\"Algarve 7\",\"description\":\"Informa\u00e7\u00e3o sobre o Algarve\",\"publisher\":{\"@id\":\"https:\\\/\\\/algarve7.pt\\\/#organization\"},\"potentialAction\":[{\"@type\":\"SearchAction\",\"target\":{\"@type\":\"EntryPoint\",\"urlTemplate\":\"https:\\\/\\\/algarve7.pt\\\/?s={search_term_string}\"},\"query-input\":{\"@type\":\"PropertyValueSpecification\",\"valueRequired\":true,\"valueName\":\"search_term_string\"}}],\"inLanguage\":\"pt-PT\"},{\"@type\":\"Organization\",\"@id\":\"https:\\\/\\\/algarve7.pt\\\/#organization\",\"name\":\"Algarve 7\",\"url\":\"https:\\\/\\\/algarve7.pt\\\/\",\"logo\":{\"@type\":\"ImageObject\",\"inLanguage\":\"pt-PT\",\"@id\":\"https:\\\/\\\/algarve7.pt\\\/#\\\/schema\\\/logo\\\/image\\\/\",\"url\":\"https:\\\/\\\/algarve7.pt\\\/wp-content\\\/uploads\\\/2020\\\/10\\\/Logo-8.jpg\",\"contentUrl\":\"https:\\\/\\\/algarve7.pt\\\/wp-content\\\/uploads\\\/2020\\\/10\\\/Logo-8.jpg\",\"width\":1680,\"height\":1186,\"caption\":\"Algarve 7\"},\"image\":{\"@id\":\"https:\\\/\\\/algarve7.pt\\\/#\\\/schema\\\/logo\\\/image\\\/\"},\"sameAs\":[\"https:\\\/\\\/www.facebook.com\\\/algarve7\",\"https:\\\/\\\/x.com\\\/Algarvesete\",\"https:\\\/\\\/www.instagram.com\\\/jornalalgarve7\\\/\",\"https:\\\/\\\/www.linkedin.com\\\/company\\\/algarve7\",\"https:\\\/\\\/www.pinterest.pt\\\/geral0939\\\/_created\\\/\"]},{\"@type\":\"Person\",\"@id\":\"https:\\\/\\\/algarve7.pt\\\/#\\\/schema\\\/person\\\/23fa70681308e7b319a3204bcea45e0c\",\"name\":\"Algarve 7\",\"sameAs\":[\"https:\\\/\\\/algarve7.pt\",\"https:\\\/\\\/www.facebook.com\\\/algarve7\"],\"url\":\"https:\\\/\\\/algarve7.pt\\\/index.php\\\/author\\\/geralalgarve7-pt\\\/\"}]}<\/script>\n<!-- \/ Yoast SEO plugin. -->","yoast_head_json":{"title":"Dia dos sistemas de informa\u00e7\u00e3o geogr\u00e1fica assinalado em Loul\u00e9 - Algarve 7","description":"Dia dos sistemas de informa\u00e7\u00e3o geogr\u00e1fica assinalado em Loul\u00e9 Atualidade","robots":{"index":"index","follow":"follow","max-snippet":"max-snippet:-1","max-image-preview":"max-image-preview:large","max-video-preview":"max-video-preview:-1"},"canonical":"https:\/\/algarve7.pt\/index.php\/2023\/11\/dia-dos-sistemas-de-informacao-geografica-assinalado-em-loule\/atualidade\/19\/32\/","og_locale":"pt_PT","og_type":"article","og_title":"Dia dos sistemas de informa\u00e7\u00e3o geogr\u00e1fica assinalado em Loul\u00e9 - Algarve 7","og_description":"Dia dos sistemas de informa\u00e7\u00e3o geogr\u00e1fica assinalado em Loul\u00e9 Atualidade","og_url":"https:\/\/algarve7.pt\/index.php\/2023\/11\/dia-dos-sistemas-de-informacao-geografica-assinalado-em-loule\/atualidade\/19\/32\/","og_site_name":"Algarve 7","article_publisher":"https:\/\/www.facebook.com\/algarve7","article_author":"https:\/\/www.facebook.com\/algarve7","article_published_time":"2023-11-17T19:32:36+00:00","article_modified_time":"2023-11-17T19:32:38+00:00","og_image":[{"width":800,"height":656,"url":"https:\/\/algarve7.pt\/wp-content\/uploads\/2023\/11\/GISDay-e1700249529339.jpg","type":"image\/jpeg"}],"author":"Algarve 7","twitter_card":"summary_large_image","twitter_creator":"@Algarvesete","twitter_site":"@Algarvesete","twitter_misc":{"Escrito por":"Algarve 7","Tempo estimado de leitura":"2 minutos"},"schema":{"@context":"https:\/\/schema.org","@graph":[{"@type":"Article","@id":"https:\/\/algarve7.pt\/index.php\/2023\/11\/dia-dos-sistemas-de-informacao-geografica-assinalado-em-loule\/atualidade\/19\/32\/#article","isPartOf":{"@id":"https:\/\/algarve7.pt\/index.php\/2023\/11\/dia-dos-sistemas-de-informacao-geografica-assinalado-em-loule\/atualidade\/19\/32\/"},"author":{"name":"Algarve 7","@id":"https:\/\/algarve7.pt\/#\/schema\/person\/23fa70681308e7b319a3204bcea45e0c"},"headline":"Dia dos sistemas de informa\u00e7\u00e3o geogr\u00e1fica assinalado em Loul\u00e9","datePublished":"2023-11-17T19:32:36+00:00","dateModified":"2023-11-17T19:32:38+00:00","mainEntityOfPage":{"@id":"https:\/\/algarve7.pt\/index.php\/2023\/11\/dia-dos-sistemas-de-informacao-geografica-assinalado-em-loule\/atualidade\/19\/32\/"},"wordCount":243,"publisher":{"@id":"https:\/\/algarve7.pt\/#organization"},"image":{"@id":"https:\/\/algarve7.pt\/index.php\/2023\/11\/dia-dos-sistemas-de-informacao-geografica-assinalado-em-loule\/atualidade\/19\/32\/#primaryimage"},"thumbnailUrl":"https:\/\/algarve7.pt\/wp-content\/uploads\/2023\/11\/GISDay-e1700249529339.jpg","keywords":["Algarve","Atualidade","Loul\u00e9"],"articleSection":["Atualidade"],"inLanguage":"pt-PT"},{"@type":"WebPage","@id":"https:\/\/algarve7.pt\/index.php\/2023\/11\/dia-dos-sistemas-de-informacao-geografica-assinalado-em-loule\/atualidade\/19\/32\/","url":"https:\/\/algarve7.pt\/index.php\/2023\/11\/dia-dos-sistemas-de-informacao-geografica-assinalado-em-loule\/atualidade\/19\/32\/","name":"Dia dos sistemas de informa\u00e7\u00e3o geogr\u00e1fica assinalado em Loul\u00e9 - Algarve 7","isPartOf":{"@id":"https:\/\/algarve7.pt\/#website"},"primaryImageOfPage":{"@id":"https:\/\/algarve7.pt\/index.php\/2023\/11\/dia-dos-sistemas-de-informacao-geografica-assinalado-em-loule\/atualidade\/19\/32\/#primaryimage"},"image":{"@id":"https:\/\/algarve7.pt\/index.php\/2023\/11\/dia-dos-sistemas-de-informacao-geografica-assinalado-em-loule\/atualidade\/19\/32\/#primaryimage"},"thumbnailUrl":"https:\/\/algarve7.pt\/wp-content\/uploads\/2023\/11\/GISDay-e1700249529339.jpg","datePublished":"2023-11-17T19:32:36+00:00","dateModified":"2023-11-17T19:32:38+00:00","description":"Dia dos sistemas de informa\u00e7\u00e3o geogr\u00e1fica assinalado em Loul\u00e9 Atualidade","breadcrumb":{"@id":"https:\/\/algarve7.pt\/index.php\/2023\/11\/dia-dos-sistemas-de-informacao-geografica-assinalado-em-loule\/atualidade\/19\/32\/#breadcrumb"},"inLanguage":"pt-PT","potentialAction":[{"@type":"ReadAction","target":["https:\/\/algarve7.pt\/index.php\/2023\/11\/dia-dos-sistemas-de-informacao-geografica-assinalado-em-loule\/atualidade\/19\/32\/"]}]},{"@type":"ImageObject","inLanguage":"pt-PT","@id":"https:\/\/algarve7.pt\/index.php\/2023\/11\/dia-dos-sistemas-de-informacao-geografica-assinalado-em-loule\/atualidade\/19\/32\/#primaryimage","url":"https:\/\/algarve7.pt\/wp-content\/uploads\/2023\/11\/GISDay-e1700249529339.jpg","contentUrl":"https:\/\/algarve7.pt\/wp-content\/uploads\/2023\/11\/GISDay-e1700249529339.jpg","width":800,"height":656},{"@type":"BreadcrumbList","@id":"https:\/\/algarve7.pt\/index.php\/2023\/11\/dia-dos-sistemas-de-informacao-geografica-assinalado-em-loule\/atualidade\/19\/32\/#breadcrumb","itemListElement":[{"@type":"ListItem","position":1,"name":"In\u00edcio","item":"https:\/\/algarve7.pt\/"},{"@type":"ListItem","position":2,"name":"Dia dos sistemas de informa\u00e7\u00e3o geogr\u00e1fica assinalado em Loul\u00e9"}]},{"@type":"WebSite","@id":"https:\/\/algarve7.pt\/#website","url":"https:\/\/algarve7.pt\/","name":"Algarve 7","description":"Informa\u00e7\u00e3o sobre o Algarve","publisher":{"@id":"https:\/\/algarve7.pt\/#organization"},"potentialAction":[{"@type":"SearchAction","target":{"@type":"EntryPoint","urlTemplate":"https:\/\/algarve7.pt\/?s={search_term_string}"},"query-input":{"@type":"PropertyValueSpecification","valueRequired":true,"valueName":"search_term_string"}}],"inLanguage":"pt-PT"},{"@type":"Organization","@id":"https:\/\/algarve7.pt\/#organization","name":"Algarve 7","url":"https:\/\/algarve7.pt\/","logo":{"@type":"ImageObject","inLanguage":"pt-PT","@id":"https:\/\/algarve7.pt\/#\/schema\/logo\/image\/","url":"https:\/\/algarve7.pt\/wp-content\/uploads\/2020\/10\/Logo-8.jpg","contentUrl":"https:\/\/algarve7.pt\/wp-content\/uploads\/2020\/10\/Logo-8.jpg","width":1680,"height":1186,"caption":"Algarve 7"},"image":{"@id":"https:\/\/algarve7.pt\/#\/schema\/logo\/image\/"},"sameAs":["https:\/\/www.facebook.com\/algarve7","https:\/\/x.com\/Algarvesete","https:\/\/www.instagram.com\/jornalalgarve7\/","https:\/\/www.linkedin.com\/company\/algarve7","https:\/\/www.pinterest.pt\/geral0939\/_created\/"]},{"@type":"Person","@id":"https:\/\/algarve7.pt\/#\/schema\/person\/23fa70681308e7b319a3204bcea45e0c","name":"Algarve 7","sameAs":["https:\/\/algarve7.pt","https:\/\/www.facebook.com\/algarve7"],"url":"https:\/\/algarve7.pt\/index.php\/author\/geralalgarve7-pt\/"}]}},"jetpack_publicize_connections":[],"jetpack_featured_media_url":"https:\/\/algarve7.pt\/wp-content\/uploads\/2023\/11\/GISDay-e1700249529339.jpg","jetpack_shortlink":"https:\/\/wp.me\/pcezmW-8Cb","jetpack_sharing_enabled":true,"_links":{"self":[{"href":"https:\/\/algarve7.pt\/index.php\/wp-json\/wp\/v2\/posts\/33119","targetHints":{"allow":["GET"]}}],"collection":[{"href":"https:\/\/algarve7.pt\/index.php\/wp-json\/wp\/v2\/posts"}],"about":[{"href":"https:\/\/algarve7.pt\/index.php\/wp-json\/wp\/v2\/types\/post"}],"author":[{"embeddable":true,"href":"https:\/\/algarve7.pt\/index.php\/wp-json\/wp\/v2\/users\/1"}],"replies":[{"embeddable":true,"href":"https:\/\/algarve7.pt\/index.php\/wp-json\/wp\/v2\/comments?post=33119"}],"version-history":[{"count":0,"href":"https:\/\/algarve7.pt\/index.php\/wp-json\/wp\/v2\/posts\/33119\/revisions"}],"wp:featuredmedia":[{"embeddable":true,"href":"https:\/\/algarve7.pt\/index.php\/wp-json\/wp\/v2\/media\/33120"}],"wp:attachment":[{"href":"https:\/\/algarve7.pt\/index.php\/wp-json\/wp\/v2\/media?parent=33119"}],"wp:term":[{"taxonomy":"category","embeddable":true,"href":"https:\/\/algarve7.pt\/index.php\/wp-json\/wp\/v2\/categories?post=33119"},{"taxonomy":"post_tag","embeddable":true,"href":"https:\/\/algarve7.pt\/index.php\/wp-json\/wp\/v2\/tags?post=33119"}],"curies":[{"name":"wp","href":"https:\/\/api.w.org\/{rel}","templated":true}]}}