{"id":33110,"date":"2023-11-18T12:35:00","date_gmt":"2023-11-18T12:35:00","guid":{"rendered":"https:\/\/algarve7.pt\/?p=33110"},"modified":"2023-11-17T12:11:19","modified_gmt":"2023-11-17T12:11:19","slug":"a-emarp-foi-distinguida-com-o-selo-da-igualdade-salarial-2023","status":"publish","type":"post","link":"https:\/\/algarve7.pt\/index.php\/2023\/11\/a-emarp-foi-distinguida-com-o-selo-da-igualdade-salarial-2023\/economia\/12\/35\/","title":{"rendered":"A EMARP foi distinguida com o \u201cSelo da Igualdade Salarial 2023\u201d"},"content":{"rendered":"\n<p>No Dia Nacional da Igualdade Salarial, assinalado a 14 de novembro, a CITE &#8211; Comiss\u00e3o para a Igualdade no Trabalho e no Emprego, distinguiu a EMARP com o \u201cSelo da Igualdade Salarial\u201d pelas suas boas pr\u00e1ticas na promo\u00e7\u00e3o da igualdade remunerat\u00f3ria entre mulheres e homens por&nbsp;trabalho&nbsp;igual ou de igual valor.<\/p>\n\n\n\n<p>Num contexto em que, em Portugal, os homens continuam a ganhar, em m\u00e9dia, mais 13% do que as mulheres, a Comiss\u00e3o para a Igualdade no Trabalho e no Emprego, que desde 1979 tem vindo a promover a igualdade e n\u00e3o discrimina\u00e7\u00e3o entre homens e mulheres no trabalho, deixou bem vincada a necessidade de assinalar as boas pr\u00e1ticas das empresas numa mat\u00e9ria t\u00e3o sens\u00edvel como s\u00e3o as quest\u00f5es relacionadas com a igualdade de g\u00e9nero e com a correspondente promo\u00e7\u00e3o da erradica\u00e7\u00e3o das disparidades salariais.<\/p>\n\n\n\n<p>Este galard\u00e3o, atribu\u00eddo apenas \u00e0s empresas que possuem um r\u00e1cio de, pelo menos, um ter\u00e7o do g\u00e9nero menos representado e apresentam uma taxa de desigualdade nos sal\u00e1rios inferior a 1%, constitui o reconhecimento de que o caminho tra\u00e7ado pela EMARP \u00e9 um excelente exemplo de boas pr\u00e1ticas nesta mat\u00e9ria.<\/p>\n","protected":false},"excerpt":{"rendered":"<p>No Dia Nacional da Igualdade Salarial, assinalado a 14 de novembro, a CITE &#8211; Comiss\u00e3o para a Igualdade no Trabalho<\/p>\n","protected":false},"author":1,"featured_media":33111,"comment_status":"closed","ping_status":"open","sticky":false,"template":"","format":"standard","meta":{"colormag_page_container_layout":"default_layout","colormag_page_sidebar_layout":"default_layout","_monsterinsights_skip_tracking":false,"_monsterinsights_sitenote_active":false,"_monsterinsights_sitenote_note":"","_monsterinsights_sitenote_category":0,"jetpack_post_was_ever_published":false,"_jetpack_newsletter_access":"","_jetpack_dont_email_post_to_subs":false,"_jetpack_newsletter_tier_id":0,"_jetpack_memberships_contains_paywalled_content":false,"_jetpack_memberships_contains_paid_content":false,"footnotes":"","jetpack_publicize_message":"","jetpack_publicize_feature_enabled":true,"jetpack_social_post_already_shared":true,"jetpack_social_options":{"image_generator_settings":{"template":"highway","default_image_id":0,"font":"","enabled":false},"version":2}},"categories":[151],"tags":[36,611,72],"class_list":["post-33110","post","type-post","status-publish","format-standard","has-post-thumbnail","hentry","category-economia","tag-algarve","tag-emarp","tag-portimao"],"yoast_head":"<!-- This site is optimized with the Yoast SEO plugin v27.5 - https:\/\/yoast.com\/product\/yoast-seo-wordpress\/ -->\n<title>A EMARP foi distinguida com o \u201cSelo da Igualdade Salarial 2023\u201d - Algarve 7<\/title>\n<meta name=\"description\" content=\"A EMARP foi distinguida com o \u201cSelo da Igualdade Salarial 2023\u201d Economia\" \/>\n<meta name=\"robots\" content=\"index, follow, max-snippet:-1, max-image-preview:large, max-video-preview:-1\" \/>\n<link rel=\"canonical\" href=\"https:\/\/algarve7.pt\/index.php\/2023\/11\/a-emarp-foi-distinguida-com-o-selo-da-igualdade-salarial-2023\/economia\/12\/35\/\" \/>\n<meta property=\"og:locale\" content=\"pt_PT\" \/>\n<meta property=\"og:type\" content=\"article\" \/>\n<meta property=\"og:title\" content=\"A EMARP foi distinguida com o \u201cSelo da Igualdade Salarial 2023\u201d - Algarve 7\" \/>\n<meta property=\"og:description\" content=\"A EMARP foi distinguida com o \u201cSelo da Igualdade Salarial 2023\u201d Economia\" \/>\n<meta property=\"og:url\" content=\"https:\/\/algarve7.pt\/index.php\/2023\/11\/a-emarp-foi-distinguida-com-o-selo-da-igualdade-salarial-2023\/economia\/12\/35\/\" \/>\n<meta property=\"og:site_name\" content=\"Algarve 7\" \/>\n<meta property=\"article:publisher\" content=\"https:\/\/www.facebook.com\/algarve7\" \/>\n<meta property=\"article:author\" content=\"https:\/\/www.facebook.com\/algarve7\" \/>\n<meta property=\"article:published_time\" content=\"2023-11-18T12:35:00+00:00\" \/>\n<meta property=\"og:image\" content=\"https:\/\/algarve7.pt\/wp-content\/uploads\/2023\/11\/2023-selo-igualdade.png\" \/>\n\t<meta property=\"og:image:width\" content=\"850\" \/>\n\t<meta property=\"og:image:height\" content=\"568\" \/>\n\t<meta property=\"og:image:type\" content=\"image\/png\" \/>\n<meta name=\"author\" content=\"Algarve 7\" \/>\n<meta name=\"twitter:card\" content=\"summary_large_image\" \/>\n<meta name=\"twitter:creator\" content=\"@Algarvesete\" \/>\n<meta name=\"twitter:site\" content=\"@Algarvesete\" \/>\n<meta name=\"twitter:label1\" content=\"Escrito por\" \/>\n\t<meta name=\"twitter:data1\" content=\"Algarve 7\" \/>\n\t<meta name=\"twitter:label2\" content=\"Tempo estimado de leitura\" \/>\n\t<meta name=\"twitter:data2\" content=\"2 minutos\" \/>\n<script type=\"application\/ld+json\" class=\"yoast-schema-graph\">{\"@context\":\"https:\\\/\\\/schema.org\",\"@graph\":[{\"@type\":\"Article\",\"@id\":\"https:\\\/\\\/algarve7.pt\\\/index.php\\\/2023\\\/11\\\/a-emarp-foi-distinguida-com-o-selo-da-igualdade-salarial-2023\\\/economia\\\/12\\\/35\\\/#article\",\"isPartOf\":{\"@id\":\"https:\\\/\\\/algarve7.pt\\\/index.php\\\/2023\\\/11\\\/a-emarp-foi-distinguida-com-o-selo-da-igualdade-salarial-2023\\\/economia\\\/12\\\/35\\\/\"},\"author\":{\"name\":\"Algarve 7\",\"@id\":\"https:\\\/\\\/algarve7.pt\\\/#\\\/schema\\\/person\\\/23fa70681308e7b319a3204bcea45e0c\"},\"headline\":\"A EMARP foi distinguida com o \u201cSelo da Igualdade Salarial 2023\u201d\",\"datePublished\":\"2023-11-18T12:35:00+00:00\",\"mainEntityOfPage\":{\"@id\":\"https:\\\/\\\/algarve7.pt\\\/index.php\\\/2023\\\/11\\\/a-emarp-foi-distinguida-com-o-selo-da-igualdade-salarial-2023\\\/economia\\\/12\\\/35\\\/\"},\"wordCount\":217,\"publisher\":{\"@id\":\"https:\\\/\\\/algarve7.pt\\\/#organization\"},\"image\":{\"@id\":\"https:\\\/\\\/algarve7.pt\\\/index.php\\\/2023\\\/11\\\/a-emarp-foi-distinguida-com-o-selo-da-igualdade-salarial-2023\\\/economia\\\/12\\\/35\\\/#primaryimage\"},\"thumbnailUrl\":\"https:\\\/\\\/algarve7.pt\\\/wp-content\\\/uploads\\\/2023\\\/11\\\/2023-selo-igualdade.png\",\"keywords\":[\"Algarve\",\"EMARP\",\"Portim\u00e3o\"],\"articleSection\":[\"Economia\"],\"inLanguage\":\"pt-PT\"},{\"@type\":\"WebPage\",\"@id\":\"https:\\\/\\\/algarve7.pt\\\/index.php\\\/2023\\\/11\\\/a-emarp-foi-distinguida-com-o-selo-da-igualdade-salarial-2023\\\/economia\\\/12\\\/35\\\/\",\"url\":\"https:\\\/\\\/algarve7.pt\\\/index.php\\\/2023\\\/11\\\/a-emarp-foi-distinguida-com-o-selo-da-igualdade-salarial-2023\\\/economia\\\/12\\\/35\\\/\",\"name\":\"A EMARP foi distinguida com o \u201cSelo da Igualdade Salarial 2023\u201d - Algarve 7\",\"isPartOf\":{\"@id\":\"https:\\\/\\\/algarve7.pt\\\/#website\"},\"primaryImageOfPage\":{\"@id\":\"https:\\\/\\\/algarve7.pt\\\/index.php\\\/2023\\\/11\\\/a-emarp-foi-distinguida-com-o-selo-da-igualdade-salarial-2023\\\/economia\\\/12\\\/35\\\/#primaryimage\"},\"image\":{\"@id\":\"https:\\\/\\\/algarve7.pt\\\/index.php\\\/2023\\\/11\\\/a-emarp-foi-distinguida-com-o-selo-da-igualdade-salarial-2023\\\/economia\\\/12\\\/35\\\/#primaryimage\"},\"thumbnailUrl\":\"https:\\\/\\\/algarve7.pt\\\/wp-content\\\/uploads\\\/2023\\\/11\\\/2023-selo-igualdade.png\",\"datePublished\":\"2023-11-18T12:35:00+00:00\",\"description\":\"A EMARP foi distinguida com o \u201cSelo da Igualdade Salarial 2023\u201d Economia\",\"breadcrumb\":{\"@id\":\"https:\\\/\\\/algarve7.pt\\\/index.php\\\/2023\\\/11\\\/a-emarp-foi-distinguida-com-o-selo-da-igualdade-salarial-2023\\\/economia\\\/12\\\/35\\\/#breadcrumb\"},\"inLanguage\":\"pt-PT\",\"potentialAction\":[{\"@type\":\"ReadAction\",\"target\":[\"https:\\\/\\\/algarve7.pt\\\/index.php\\\/2023\\\/11\\\/a-emarp-foi-distinguida-com-o-selo-da-igualdade-salarial-2023\\\/economia\\\/12\\\/35\\\/\"]}]},{\"@type\":\"ImageObject\",\"inLanguage\":\"pt-PT\",\"@id\":\"https:\\\/\\\/algarve7.pt\\\/index.php\\\/2023\\\/11\\\/a-emarp-foi-distinguida-com-o-selo-da-igualdade-salarial-2023\\\/economia\\\/12\\\/35\\\/#primaryimage\",\"url\":\"https:\\\/\\\/algarve7.pt\\\/wp-content\\\/uploads\\\/2023\\\/11\\\/2023-selo-igualdade.png\",\"contentUrl\":\"https:\\\/\\\/algarve7.pt\\\/wp-content\\\/uploads\\\/2023\\\/11\\\/2023-selo-igualdade.png\",\"width\":850,\"height\":568},{\"@type\":\"BreadcrumbList\",\"@id\":\"https:\\\/\\\/algarve7.pt\\\/index.php\\\/2023\\\/11\\\/a-emarp-foi-distinguida-com-o-selo-da-igualdade-salarial-2023\\\/economia\\\/12\\\/35\\\/#breadcrumb\",\"itemListElement\":[{\"@type\":\"ListItem\",\"position\":1,\"name\":\"In\u00edcio\",\"item\":\"https:\\\/\\\/algarve7.pt\\\/\"},{\"@type\":\"ListItem\",\"position\":2,\"name\":\"A EMARP foi distinguida com o \u201cSelo da Igualdade Salarial 2023\u201d\"}]},{\"@type\":\"WebSite\",\"@id\":\"https:\\\/\\\/algarve7.pt\\\/#website\",\"url\":\"https:\\\/\\\/algarve7.pt\\\/\",\"name\":\"Algarve 7\",\"description\":\"Informa\u00e7\u00e3o sobre o Algarve\",\"publisher\":{\"@id\":\"https:\\\/\\\/algarve7.pt\\\/#organization\"},\"potentialAction\":[{\"@type\":\"SearchAction\",\"target\":{\"@type\":\"EntryPoint\",\"urlTemplate\":\"https:\\\/\\\/algarve7.pt\\\/?s={search_term_string}\"},\"query-input\":{\"@type\":\"PropertyValueSpecification\",\"valueRequired\":true,\"valueName\":\"search_term_string\"}}],\"inLanguage\":\"pt-PT\"},{\"@type\":\"Organization\",\"@id\":\"https:\\\/\\\/algarve7.pt\\\/#organization\",\"name\":\"Algarve 7\",\"url\":\"https:\\\/\\\/algarve7.pt\\\/\",\"logo\":{\"@type\":\"ImageObject\",\"inLanguage\":\"pt-PT\",\"@id\":\"https:\\\/\\\/algarve7.pt\\\/#\\\/schema\\\/logo\\\/image\\\/\",\"url\":\"https:\\\/\\\/algarve7.pt\\\/wp-content\\\/uploads\\\/2020\\\/10\\\/Logo-8.jpg\",\"contentUrl\":\"https:\\\/\\\/algarve7.pt\\\/wp-content\\\/uploads\\\/2020\\\/10\\\/Logo-8.jpg\",\"width\":1680,\"height\":1186,\"caption\":\"Algarve 7\"},\"image\":{\"@id\":\"https:\\\/\\\/algarve7.pt\\\/#\\\/schema\\\/logo\\\/image\\\/\"},\"sameAs\":[\"https:\\\/\\\/www.facebook.com\\\/algarve7\",\"https:\\\/\\\/x.com\\\/Algarvesete\",\"https:\\\/\\\/www.instagram.com\\\/jornalalgarve7\\\/\",\"https:\\\/\\\/www.linkedin.com\\\/company\\\/algarve7\",\"https:\\\/\\\/www.pinterest.pt\\\/geral0939\\\/_created\\\/\"]},{\"@type\":\"Person\",\"@id\":\"https:\\\/\\\/algarve7.pt\\\/#\\\/schema\\\/person\\\/23fa70681308e7b319a3204bcea45e0c\",\"name\":\"Algarve 7\",\"sameAs\":[\"https:\\\/\\\/algarve7.pt\",\"https:\\\/\\\/www.facebook.com\\\/algarve7\"],\"url\":\"https:\\\/\\\/algarve7.pt\\\/index.php\\\/author\\\/geralalgarve7-pt\\\/\"}]}<\/script>\n<!-- \/ Yoast SEO plugin. -->","yoast_head_json":{"title":"A EMARP foi distinguida com o \u201cSelo da Igualdade Salarial 2023\u201d - Algarve 7","description":"A EMARP foi distinguida com o \u201cSelo da Igualdade Salarial 2023\u201d Economia","robots":{"index":"index","follow":"follow","max-snippet":"max-snippet:-1","max-image-preview":"max-image-preview:large","max-video-preview":"max-video-preview:-1"},"canonical":"https:\/\/algarve7.pt\/index.php\/2023\/11\/a-emarp-foi-distinguida-com-o-selo-da-igualdade-salarial-2023\/economia\/12\/35\/","og_locale":"pt_PT","og_type":"article","og_title":"A EMARP foi distinguida com o \u201cSelo da Igualdade Salarial 2023\u201d - Algarve 7","og_description":"A EMARP foi distinguida com o \u201cSelo da Igualdade Salarial 2023\u201d Economia","og_url":"https:\/\/algarve7.pt\/index.php\/2023\/11\/a-emarp-foi-distinguida-com-o-selo-da-igualdade-salarial-2023\/economia\/12\/35\/","og_site_name":"Algarve 7","article_publisher":"https:\/\/www.facebook.com\/algarve7","article_author":"https:\/\/www.facebook.com\/algarve7","article_published_time":"2023-11-18T12:35:00+00:00","og_image":[{"width":850,"height":568,"url":"https:\/\/algarve7.pt\/wp-content\/uploads\/2023\/11\/2023-selo-igualdade.png","type":"image\/png"}],"author":"Algarve 7","twitter_card":"summary_large_image","twitter_creator":"@Algarvesete","twitter_site":"@Algarvesete","twitter_misc":{"Escrito por":"Algarve 7","Tempo estimado de leitura":"2 minutos"},"schema":{"@context":"https:\/\/schema.org","@graph":[{"@type":"Article","@id":"https:\/\/algarve7.pt\/index.php\/2023\/11\/a-emarp-foi-distinguida-com-o-selo-da-igualdade-salarial-2023\/economia\/12\/35\/#article","isPartOf":{"@id":"https:\/\/algarve7.pt\/index.php\/2023\/11\/a-emarp-foi-distinguida-com-o-selo-da-igualdade-salarial-2023\/economia\/12\/35\/"},"author":{"name":"Algarve 7","@id":"https:\/\/algarve7.pt\/#\/schema\/person\/23fa70681308e7b319a3204bcea45e0c"},"headline":"A EMARP foi distinguida com o \u201cSelo da Igualdade Salarial 2023\u201d","datePublished":"2023-11-18T12:35:00+00:00","mainEntityOfPage":{"@id":"https:\/\/algarve7.pt\/index.php\/2023\/11\/a-emarp-foi-distinguida-com-o-selo-da-igualdade-salarial-2023\/economia\/12\/35\/"},"wordCount":217,"publisher":{"@id":"https:\/\/algarve7.pt\/#organization"},"image":{"@id":"https:\/\/algarve7.pt\/index.php\/2023\/11\/a-emarp-foi-distinguida-com-o-selo-da-igualdade-salarial-2023\/economia\/12\/35\/#primaryimage"},"thumbnailUrl":"https:\/\/algarve7.pt\/wp-content\/uploads\/2023\/11\/2023-selo-igualdade.png","keywords":["Algarve","EMARP","Portim\u00e3o"],"articleSection":["Economia"],"inLanguage":"pt-PT"},{"@type":"WebPage","@id":"https:\/\/algarve7.pt\/index.php\/2023\/11\/a-emarp-foi-distinguida-com-o-selo-da-igualdade-salarial-2023\/economia\/12\/35\/","url":"https:\/\/algarve7.pt\/index.php\/2023\/11\/a-emarp-foi-distinguida-com-o-selo-da-igualdade-salarial-2023\/economia\/12\/35\/","name":"A EMARP foi distinguida com o \u201cSelo da Igualdade Salarial 2023\u201d - Algarve 7","isPartOf":{"@id":"https:\/\/algarve7.pt\/#website"},"primaryImageOfPage":{"@id":"https:\/\/algarve7.pt\/index.php\/2023\/11\/a-emarp-foi-distinguida-com-o-selo-da-igualdade-salarial-2023\/economia\/12\/35\/#primaryimage"},"image":{"@id":"https:\/\/algarve7.pt\/index.php\/2023\/11\/a-emarp-foi-distinguida-com-o-selo-da-igualdade-salarial-2023\/economia\/12\/35\/#primaryimage"},"thumbnailUrl":"https:\/\/algarve7.pt\/wp-content\/uploads\/2023\/11\/2023-selo-igualdade.png","datePublished":"2023-11-18T12:35:00+00:00","description":"A EMARP foi distinguida com o \u201cSelo da Igualdade Salarial 2023\u201d Economia","breadcrumb":{"@id":"https:\/\/algarve7.pt\/index.php\/2023\/11\/a-emarp-foi-distinguida-com-o-selo-da-igualdade-salarial-2023\/economia\/12\/35\/#breadcrumb"},"inLanguage":"pt-PT","potentialAction":[{"@type":"ReadAction","target":["https:\/\/algarve7.pt\/index.php\/2023\/11\/a-emarp-foi-distinguida-com-o-selo-da-igualdade-salarial-2023\/economia\/12\/35\/"]}]},{"@type":"ImageObject","inLanguage":"pt-PT","@id":"https:\/\/algarve7.pt\/index.php\/2023\/11\/a-emarp-foi-distinguida-com-o-selo-da-igualdade-salarial-2023\/economia\/12\/35\/#primaryimage","url":"https:\/\/algarve7.pt\/wp-content\/uploads\/2023\/11\/2023-selo-igualdade.png","contentUrl":"https:\/\/algarve7.pt\/wp-content\/uploads\/2023\/11\/2023-selo-igualdade.png","width":850,"height":568},{"@type":"BreadcrumbList","@id":"https:\/\/algarve7.pt\/index.php\/2023\/11\/a-emarp-foi-distinguida-com-o-selo-da-igualdade-salarial-2023\/economia\/12\/35\/#breadcrumb","itemListElement":[{"@type":"ListItem","position":1,"name":"In\u00edcio","item":"https:\/\/algarve7.pt\/"},{"@type":"ListItem","position":2,"name":"A EMARP foi distinguida com o \u201cSelo da Igualdade Salarial 2023\u201d"}]},{"@type":"WebSite","@id":"https:\/\/algarve7.pt\/#website","url":"https:\/\/algarve7.pt\/","name":"Algarve 7","description":"Informa\u00e7\u00e3o sobre o Algarve","publisher":{"@id":"https:\/\/algarve7.pt\/#organization"},"potentialAction":[{"@type":"SearchAction","target":{"@type":"EntryPoint","urlTemplate":"https:\/\/algarve7.pt\/?s={search_term_string}"},"query-input":{"@type":"PropertyValueSpecification","valueRequired":true,"valueName":"search_term_string"}}],"inLanguage":"pt-PT"},{"@type":"Organization","@id":"https:\/\/algarve7.pt\/#organization","name":"Algarve 7","url":"https:\/\/algarve7.pt\/","logo":{"@type":"ImageObject","inLanguage":"pt-PT","@id":"https:\/\/algarve7.pt\/#\/schema\/logo\/image\/","url":"https:\/\/algarve7.pt\/wp-content\/uploads\/2020\/10\/Logo-8.jpg","contentUrl":"https:\/\/algarve7.pt\/wp-content\/uploads\/2020\/10\/Logo-8.jpg","width":1680,"height":1186,"caption":"Algarve 7"},"image":{"@id":"https:\/\/algarve7.pt\/#\/schema\/logo\/image\/"},"sameAs":["https:\/\/www.facebook.com\/algarve7","https:\/\/x.com\/Algarvesete","https:\/\/www.instagram.com\/jornalalgarve7\/","https:\/\/www.linkedin.com\/company\/algarve7","https:\/\/www.pinterest.pt\/geral0939\/_created\/"]},{"@type":"Person","@id":"https:\/\/algarve7.pt\/#\/schema\/person\/23fa70681308e7b319a3204bcea45e0c","name":"Algarve 7","sameAs":["https:\/\/algarve7.pt","https:\/\/www.facebook.com\/algarve7"],"url":"https:\/\/algarve7.pt\/index.php\/author\/geralalgarve7-pt\/"}]}},"jetpack_publicize_connections":[],"jetpack_featured_media_url":"https:\/\/algarve7.pt\/wp-content\/uploads\/2023\/11\/2023-selo-igualdade.png","jetpack_shortlink":"https:\/\/wp.me\/pcezmW-8C2","jetpack_sharing_enabled":true,"_links":{"self":[{"href":"https:\/\/algarve7.pt\/index.php\/wp-json\/wp\/v2\/posts\/33110","targetHints":{"allow":["GET"]}}],"collection":[{"href":"https:\/\/algarve7.pt\/index.php\/wp-json\/wp\/v2\/posts"}],"about":[{"href":"https:\/\/algarve7.pt\/index.php\/wp-json\/wp\/v2\/types\/post"}],"author":[{"embeddable":true,"href":"https:\/\/algarve7.pt\/index.php\/wp-json\/wp\/v2\/users\/1"}],"replies":[{"embeddable":true,"href":"https:\/\/algarve7.pt\/index.php\/wp-json\/wp\/v2\/comments?post=33110"}],"version-history":[{"count":0,"href":"https:\/\/algarve7.pt\/index.php\/wp-json\/wp\/v2\/posts\/33110\/revisions"}],"wp:featuredmedia":[{"embeddable":true,"href":"https:\/\/algarve7.pt\/index.php\/wp-json\/wp\/v2\/media\/33111"}],"wp:attachment":[{"href":"https:\/\/algarve7.pt\/index.php\/wp-json\/wp\/v2\/media?parent=33110"}],"wp:term":[{"taxonomy":"category","embeddable":true,"href":"https:\/\/algarve7.pt\/index.php\/wp-json\/wp\/v2\/categories?post=33110"},{"taxonomy":"post_tag","embeddable":true,"href":"https:\/\/algarve7.pt\/index.php\/wp-json\/wp\/v2\/tags?post=33110"}],"curies":[{"name":"wp","href":"https:\/\/api.w.org\/{rel}","templated":true}]}}