{"id":33100,"date":"2023-11-18T12:00:00","date_gmt":"2023-11-18T12:00:00","guid":{"rendered":"https:\/\/algarve7.pt\/?p=33100"},"modified":"2023-11-17T10:37:58","modified_gmt":"2023-11-17T10:37:58","slug":"tavira-aprovada-candidatura-ao-condominio-de-aldeia","status":"publish","type":"post","link":"https:\/\/algarve7.pt\/index.php\/2023\/11\/tavira-aprovada-candidatura-ao-condominio-de-aldeia\/ambiente\/12\/00\/","title":{"rendered":"Tavira &#8211; Aprovada candidatura ao \u201cCondom\u00ednio de Aldeia&#8221;"},"content":{"rendered":"\n<p>O Munic\u00edpio de Tavira, atrav\u00e9s do Servi\u00e7o Municipal de Prote\u00e7\u00e3o Civil, viu aprovada candidatura ao \u201cCondom\u00ednio de Aldeia &#8211; Programa Integrado de Apoio \u00e0s Aldeias Localizadas em Territ\u00f3rios de Floresta\u2019\u2019, no \u00e2mbito do investimento \u201cRE-C08-i01: Transforma\u00e7\u00e3o da Paisagem dos Territ\u00f3rios de Floresta Vulner\u00e1veis\u201d (Componente C08 \u2013 Floresta) do Plano de Recupera\u00e7\u00e3o e Resili\u00eancia (PRR).<\/p>\n\n\n\n<p>O Programa \u201cCondom\u00ednios da Aldeia\u201d, gerido pelo Fundo Ambiental, tem como objetivo dar apoio e resili\u00eancia \u00e0s aldeias localizadas em territ\u00f3rios vulner\u00e1veis de floresta, visando um conjunto de a\u00e7\u00f5es destinadas a assegurar a altera\u00e7\u00e3o do uso, a ocupa\u00e7\u00e3o do solo e a gest\u00e3o de combust\u00edveis em redor dos aglomerados populacionais,&nbsp;assegurando, deste modo, a redu\u00e7\u00e3o do volume de vegeta\u00e7\u00e3o dispon\u00edvel para arder, prevenindo-se os inc\u00eandios rurais\/florestais.<\/p>\n\n\n\n<p>Para o concelho de Tavira, consideraram-se dois \u201cCondom\u00ednios de Aldeia\u201d, um na freguesia de Cachopo, nos montes do Almarginho e Fonte do Corcho, com \u00e1rea total de interven\u00e7\u00e3o de 6,403 hectares e outro, na Freguesia de Tavira, em Vale Covo e Monte das Casas, com uma \u00e1rea total de interven\u00e7\u00e3o de 12,45 hectares.<\/p>\n\n\n\n<p>As principais a\u00e7\u00f5es a desenvolver passam por reuni\u00f5es preparat\u00f3rias de envolvimento da popula\u00e7\u00e3o com sensibiliza\u00e7\u00e3o dos moradores das aldeias, assim como pela limpeza e prepara\u00e7\u00e3o dos terrenos para planta\u00e7\u00f5es de pomares e sementeiras permanentes de sequeiro, beneficia\u00e7\u00e3o de infraestruturas de irriga\u00e7\u00e3o, instala\u00e7\u00e3o de bocas-de-inc\u00eandio e cria\u00e7\u00e3o de carregadouro para material vegetal para produ\u00e7\u00e3o de estilha.<\/p>\n\n\n\n<p>As Juntas de Freguesia de Cachopo e Tavira colaboram com o Munic\u00edpio enquanto parceiros neste programa.&nbsp;<\/p>\n","protected":false},"excerpt":{"rendered":"<p>O Munic\u00edpio de Tavira, atrav\u00e9s do Servi\u00e7o Municipal de Prote\u00e7\u00e3o Civil, viu aprovada candidatura ao \u201cCondom\u00ednio de Aldeia &#8211; Programa<\/p>\n","protected":false},"author":1,"featured_media":33101,"comment_status":"closed","ping_status":"open","sticky":false,"template":"","format":"standard","meta":{"colormag_page_container_layout":"default_layout","colormag_page_sidebar_layout":"default_layout","_monsterinsights_skip_tracking":false,"_monsterinsights_sitenote_active":false,"_monsterinsights_sitenote_note":"","_monsterinsights_sitenote_category":0,"jetpack_post_was_ever_published":false,"_jetpack_newsletter_access":"","_jetpack_dont_email_post_to_subs":false,"_jetpack_newsletter_tier_id":0,"_jetpack_memberships_contains_paywalled_content":false,"_jetpack_memberships_contains_paid_content":false,"footnotes":"","jetpack_publicize_message":"","jetpack_publicize_feature_enabled":true,"jetpack_social_post_already_shared":true,"jetpack_social_options":{"image_generator_settings":{"template":"highway","default_image_id":0,"font":"","enabled":false},"version":2}},"categories":[5],"tags":[36,32,54],"class_list":["post-33100","post","type-post","status-publish","format-standard","has-post-thumbnail","hentry","category-ambiente","tag-algarve","tag-ambiente","tag-tavira"],"yoast_head":"<!-- This site is optimized with the Yoast SEO plugin v27.5 - https:\/\/yoast.com\/product\/yoast-seo-wordpress\/ -->\n<title>Tavira - Aprovada candidatura ao \u201cCondom\u00ednio de Aldeia&quot; - Algarve 7<\/title>\n<meta name=\"description\" content=\"Tavira - Aprovada candidatura ao \u201cCondom\u00ednio de Aldeia&quot; Ambiente\" \/>\n<meta name=\"robots\" content=\"index, follow, max-snippet:-1, max-image-preview:large, max-video-preview:-1\" \/>\n<link rel=\"canonical\" href=\"https:\/\/algarve7.pt\/index.php\/2023\/11\/tavira-aprovada-candidatura-ao-condominio-de-aldeia\/ambiente\/12\/00\/\" \/>\n<meta property=\"og:locale\" content=\"pt_PT\" \/>\n<meta property=\"og:type\" content=\"article\" \/>\n<meta property=\"og:title\" content=\"Tavira - Aprovada candidatura ao \u201cCondom\u00ednio de Aldeia&quot; - Algarve 7\" \/>\n<meta property=\"og:description\" content=\"Tavira - Aprovada candidatura ao \u201cCondom\u00ednio de Aldeia&quot; Ambiente\" \/>\n<meta property=\"og:url\" content=\"https:\/\/algarve7.pt\/index.php\/2023\/11\/tavira-aprovada-candidatura-ao-condominio-de-aldeia\/ambiente\/12\/00\/\" \/>\n<meta property=\"og:site_name\" content=\"Algarve 7\" \/>\n<meta property=\"article:publisher\" content=\"https:\/\/www.facebook.com\/algarve7\" \/>\n<meta property=\"article:author\" content=\"https:\/\/www.facebook.com\/algarve7\" \/>\n<meta property=\"article:published_time\" content=\"2023-11-18T12:00:00+00:00\" \/>\n<meta property=\"og:image\" content=\"https:\/\/algarve7.pt\/wp-content\/uploads\/2023\/11\/Captura-de-ecra-2023-11-17-as-10.34.27.png\" \/>\n\t<meta property=\"og:image:width\" content=\"1000\" \/>\n\t<meta property=\"og:image:height\" content=\"693\" \/>\n\t<meta property=\"og:image:type\" content=\"image\/png\" \/>\n<meta name=\"author\" content=\"Algarve 7\" \/>\n<meta name=\"twitter:card\" content=\"summary_large_image\" \/>\n<meta name=\"twitter:creator\" content=\"@Algarvesete\" \/>\n<meta name=\"twitter:site\" content=\"@Algarvesete\" \/>\n<meta name=\"twitter:label1\" content=\"Escrito por\" \/>\n\t<meta name=\"twitter:data1\" content=\"Algarve 7\" \/>\n\t<meta name=\"twitter:label2\" content=\"Tempo estimado de leitura\" \/>\n\t<meta name=\"twitter:data2\" content=\"2 minutos\" \/>\n<script type=\"application\/ld+json\" class=\"yoast-schema-graph\">{\"@context\":\"https:\\\/\\\/schema.org\",\"@graph\":[{\"@type\":\"Article\",\"@id\":\"https:\\\/\\\/algarve7.pt\\\/index.php\\\/2023\\\/11\\\/tavira-aprovada-candidatura-ao-condominio-de-aldeia\\\/ambiente\\\/12\\\/00\\\/#article\",\"isPartOf\":{\"@id\":\"https:\\\/\\\/algarve7.pt\\\/index.php\\\/2023\\\/11\\\/tavira-aprovada-candidatura-ao-condominio-de-aldeia\\\/ambiente\\\/12\\\/00\\\/\"},\"author\":{\"name\":\"Algarve 7\",\"@id\":\"https:\\\/\\\/algarve7.pt\\\/#\\\/schema\\\/person\\\/23fa70681308e7b319a3204bcea45e0c\"},\"headline\":\"Tavira &#8211; Aprovada candidatura ao \u201cCondom\u00ednio de Aldeia&#8221;\",\"datePublished\":\"2023-11-18T12:00:00+00:00\",\"mainEntityOfPage\":{\"@id\":\"https:\\\/\\\/algarve7.pt\\\/index.php\\\/2023\\\/11\\\/tavira-aprovada-candidatura-ao-condominio-de-aldeia\\\/ambiente\\\/12\\\/00\\\/\"},\"wordCount\":295,\"publisher\":{\"@id\":\"https:\\\/\\\/algarve7.pt\\\/#organization\"},\"image\":{\"@id\":\"https:\\\/\\\/algarve7.pt\\\/index.php\\\/2023\\\/11\\\/tavira-aprovada-candidatura-ao-condominio-de-aldeia\\\/ambiente\\\/12\\\/00\\\/#primaryimage\"},\"thumbnailUrl\":\"https:\\\/\\\/algarve7.pt\\\/wp-content\\\/uploads\\\/2023\\\/11\\\/Captura-de-ecra-2023-11-17-as-10.34.27.png\",\"keywords\":[\"Algarve\",\"Ambiente\",\"Tavira\"],\"articleSection\":[\"Ambiente\"],\"inLanguage\":\"pt-PT\"},{\"@type\":\"WebPage\",\"@id\":\"https:\\\/\\\/algarve7.pt\\\/index.php\\\/2023\\\/11\\\/tavira-aprovada-candidatura-ao-condominio-de-aldeia\\\/ambiente\\\/12\\\/00\\\/\",\"url\":\"https:\\\/\\\/algarve7.pt\\\/index.php\\\/2023\\\/11\\\/tavira-aprovada-candidatura-ao-condominio-de-aldeia\\\/ambiente\\\/12\\\/00\\\/\",\"name\":\"Tavira - Aprovada candidatura ao \u201cCondom\u00ednio de Aldeia\\\" - Algarve 7\",\"isPartOf\":{\"@id\":\"https:\\\/\\\/algarve7.pt\\\/#website\"},\"primaryImageOfPage\":{\"@id\":\"https:\\\/\\\/algarve7.pt\\\/index.php\\\/2023\\\/11\\\/tavira-aprovada-candidatura-ao-condominio-de-aldeia\\\/ambiente\\\/12\\\/00\\\/#primaryimage\"},\"image\":{\"@id\":\"https:\\\/\\\/algarve7.pt\\\/index.php\\\/2023\\\/11\\\/tavira-aprovada-candidatura-ao-condominio-de-aldeia\\\/ambiente\\\/12\\\/00\\\/#primaryimage\"},\"thumbnailUrl\":\"https:\\\/\\\/algarve7.pt\\\/wp-content\\\/uploads\\\/2023\\\/11\\\/Captura-de-ecra-2023-11-17-as-10.34.27.png\",\"datePublished\":\"2023-11-18T12:00:00+00:00\",\"description\":\"Tavira - Aprovada candidatura ao \u201cCondom\u00ednio de Aldeia\\\" Ambiente\",\"breadcrumb\":{\"@id\":\"https:\\\/\\\/algarve7.pt\\\/index.php\\\/2023\\\/11\\\/tavira-aprovada-candidatura-ao-condominio-de-aldeia\\\/ambiente\\\/12\\\/00\\\/#breadcrumb\"},\"inLanguage\":\"pt-PT\",\"potentialAction\":[{\"@type\":\"ReadAction\",\"target\":[\"https:\\\/\\\/algarve7.pt\\\/index.php\\\/2023\\\/11\\\/tavira-aprovada-candidatura-ao-condominio-de-aldeia\\\/ambiente\\\/12\\\/00\\\/\"]}]},{\"@type\":\"ImageObject\",\"inLanguage\":\"pt-PT\",\"@id\":\"https:\\\/\\\/algarve7.pt\\\/index.php\\\/2023\\\/11\\\/tavira-aprovada-candidatura-ao-condominio-de-aldeia\\\/ambiente\\\/12\\\/00\\\/#primaryimage\",\"url\":\"https:\\\/\\\/algarve7.pt\\\/wp-content\\\/uploads\\\/2023\\\/11\\\/Captura-de-ecra-2023-11-17-as-10.34.27.png\",\"contentUrl\":\"https:\\\/\\\/algarve7.pt\\\/wp-content\\\/uploads\\\/2023\\\/11\\\/Captura-de-ecra-2023-11-17-as-10.34.27.png\",\"width\":1000,\"height\":693},{\"@type\":\"BreadcrumbList\",\"@id\":\"https:\\\/\\\/algarve7.pt\\\/index.php\\\/2023\\\/11\\\/tavira-aprovada-candidatura-ao-condominio-de-aldeia\\\/ambiente\\\/12\\\/00\\\/#breadcrumb\",\"itemListElement\":[{\"@type\":\"ListItem\",\"position\":1,\"name\":\"In\u00edcio\",\"item\":\"https:\\\/\\\/algarve7.pt\\\/\"},{\"@type\":\"ListItem\",\"position\":2,\"name\":\"Tavira &#8211; Aprovada candidatura ao \u201cCondom\u00ednio de Aldeia&#8221;\"}]},{\"@type\":\"WebSite\",\"@id\":\"https:\\\/\\\/algarve7.pt\\\/#website\",\"url\":\"https:\\\/\\\/algarve7.pt\\\/\",\"name\":\"Algarve 7\",\"description\":\"Informa\u00e7\u00e3o sobre o Algarve\",\"publisher\":{\"@id\":\"https:\\\/\\\/algarve7.pt\\\/#organization\"},\"potentialAction\":[{\"@type\":\"SearchAction\",\"target\":{\"@type\":\"EntryPoint\",\"urlTemplate\":\"https:\\\/\\\/algarve7.pt\\\/?s={search_term_string}\"},\"query-input\":{\"@type\":\"PropertyValueSpecification\",\"valueRequired\":true,\"valueName\":\"search_term_string\"}}],\"inLanguage\":\"pt-PT\"},{\"@type\":\"Organization\",\"@id\":\"https:\\\/\\\/algarve7.pt\\\/#organization\",\"name\":\"Algarve 7\",\"url\":\"https:\\\/\\\/algarve7.pt\\\/\",\"logo\":{\"@type\":\"ImageObject\",\"inLanguage\":\"pt-PT\",\"@id\":\"https:\\\/\\\/algarve7.pt\\\/#\\\/schema\\\/logo\\\/image\\\/\",\"url\":\"https:\\\/\\\/algarve7.pt\\\/wp-content\\\/uploads\\\/2020\\\/10\\\/Logo-8.jpg\",\"contentUrl\":\"https:\\\/\\\/algarve7.pt\\\/wp-content\\\/uploads\\\/2020\\\/10\\\/Logo-8.jpg\",\"width\":1680,\"height\":1186,\"caption\":\"Algarve 7\"},\"image\":{\"@id\":\"https:\\\/\\\/algarve7.pt\\\/#\\\/schema\\\/logo\\\/image\\\/\"},\"sameAs\":[\"https:\\\/\\\/www.facebook.com\\\/algarve7\",\"https:\\\/\\\/x.com\\\/Algarvesete\",\"https:\\\/\\\/www.instagram.com\\\/jornalalgarve7\\\/\",\"https:\\\/\\\/www.linkedin.com\\\/company\\\/algarve7\",\"https:\\\/\\\/www.pinterest.pt\\\/geral0939\\\/_created\\\/\"]},{\"@type\":\"Person\",\"@id\":\"https:\\\/\\\/algarve7.pt\\\/#\\\/schema\\\/person\\\/23fa70681308e7b319a3204bcea45e0c\",\"name\":\"Algarve 7\",\"sameAs\":[\"https:\\\/\\\/algarve7.pt\",\"https:\\\/\\\/www.facebook.com\\\/algarve7\"],\"url\":\"https:\\\/\\\/algarve7.pt\\\/index.php\\\/author\\\/geralalgarve7-pt\\\/\"}]}<\/script>\n<!-- \/ Yoast SEO plugin. -->","yoast_head_json":{"title":"Tavira - Aprovada candidatura ao \u201cCondom\u00ednio de Aldeia\" - Algarve 7","description":"Tavira - Aprovada candidatura ao \u201cCondom\u00ednio de Aldeia\" Ambiente","robots":{"index":"index","follow":"follow","max-snippet":"max-snippet:-1","max-image-preview":"max-image-preview:large","max-video-preview":"max-video-preview:-1"},"canonical":"https:\/\/algarve7.pt\/index.php\/2023\/11\/tavira-aprovada-candidatura-ao-condominio-de-aldeia\/ambiente\/12\/00\/","og_locale":"pt_PT","og_type":"article","og_title":"Tavira - Aprovada candidatura ao \u201cCondom\u00ednio de Aldeia\" - Algarve 7","og_description":"Tavira - Aprovada candidatura ao \u201cCondom\u00ednio de Aldeia\" Ambiente","og_url":"https:\/\/algarve7.pt\/index.php\/2023\/11\/tavira-aprovada-candidatura-ao-condominio-de-aldeia\/ambiente\/12\/00\/","og_site_name":"Algarve 7","article_publisher":"https:\/\/www.facebook.com\/algarve7","article_author":"https:\/\/www.facebook.com\/algarve7","article_published_time":"2023-11-18T12:00:00+00:00","og_image":[{"width":1000,"height":693,"url":"https:\/\/algarve7.pt\/wp-content\/uploads\/2023\/11\/Captura-de-ecra-2023-11-17-as-10.34.27.png","type":"image\/png"}],"author":"Algarve 7","twitter_card":"summary_large_image","twitter_creator":"@Algarvesete","twitter_site":"@Algarvesete","twitter_misc":{"Escrito por":"Algarve 7","Tempo estimado de leitura":"2 minutos"},"schema":{"@context":"https:\/\/schema.org","@graph":[{"@type":"Article","@id":"https:\/\/algarve7.pt\/index.php\/2023\/11\/tavira-aprovada-candidatura-ao-condominio-de-aldeia\/ambiente\/12\/00\/#article","isPartOf":{"@id":"https:\/\/algarve7.pt\/index.php\/2023\/11\/tavira-aprovada-candidatura-ao-condominio-de-aldeia\/ambiente\/12\/00\/"},"author":{"name":"Algarve 7","@id":"https:\/\/algarve7.pt\/#\/schema\/person\/23fa70681308e7b319a3204bcea45e0c"},"headline":"Tavira &#8211; Aprovada candidatura ao \u201cCondom\u00ednio de Aldeia&#8221;","datePublished":"2023-11-18T12:00:00+00:00","mainEntityOfPage":{"@id":"https:\/\/algarve7.pt\/index.php\/2023\/11\/tavira-aprovada-candidatura-ao-condominio-de-aldeia\/ambiente\/12\/00\/"},"wordCount":295,"publisher":{"@id":"https:\/\/algarve7.pt\/#organization"},"image":{"@id":"https:\/\/algarve7.pt\/index.php\/2023\/11\/tavira-aprovada-candidatura-ao-condominio-de-aldeia\/ambiente\/12\/00\/#primaryimage"},"thumbnailUrl":"https:\/\/algarve7.pt\/wp-content\/uploads\/2023\/11\/Captura-de-ecra-2023-11-17-as-10.34.27.png","keywords":["Algarve","Ambiente","Tavira"],"articleSection":["Ambiente"],"inLanguage":"pt-PT"},{"@type":"WebPage","@id":"https:\/\/algarve7.pt\/index.php\/2023\/11\/tavira-aprovada-candidatura-ao-condominio-de-aldeia\/ambiente\/12\/00\/","url":"https:\/\/algarve7.pt\/index.php\/2023\/11\/tavira-aprovada-candidatura-ao-condominio-de-aldeia\/ambiente\/12\/00\/","name":"Tavira - Aprovada candidatura ao \u201cCondom\u00ednio de Aldeia\" - Algarve 7","isPartOf":{"@id":"https:\/\/algarve7.pt\/#website"},"primaryImageOfPage":{"@id":"https:\/\/algarve7.pt\/index.php\/2023\/11\/tavira-aprovada-candidatura-ao-condominio-de-aldeia\/ambiente\/12\/00\/#primaryimage"},"image":{"@id":"https:\/\/algarve7.pt\/index.php\/2023\/11\/tavira-aprovada-candidatura-ao-condominio-de-aldeia\/ambiente\/12\/00\/#primaryimage"},"thumbnailUrl":"https:\/\/algarve7.pt\/wp-content\/uploads\/2023\/11\/Captura-de-ecra-2023-11-17-as-10.34.27.png","datePublished":"2023-11-18T12:00:00+00:00","description":"Tavira - Aprovada candidatura ao \u201cCondom\u00ednio de Aldeia\" Ambiente","breadcrumb":{"@id":"https:\/\/algarve7.pt\/index.php\/2023\/11\/tavira-aprovada-candidatura-ao-condominio-de-aldeia\/ambiente\/12\/00\/#breadcrumb"},"inLanguage":"pt-PT","potentialAction":[{"@type":"ReadAction","target":["https:\/\/algarve7.pt\/index.php\/2023\/11\/tavira-aprovada-candidatura-ao-condominio-de-aldeia\/ambiente\/12\/00\/"]}]},{"@type":"ImageObject","inLanguage":"pt-PT","@id":"https:\/\/algarve7.pt\/index.php\/2023\/11\/tavira-aprovada-candidatura-ao-condominio-de-aldeia\/ambiente\/12\/00\/#primaryimage","url":"https:\/\/algarve7.pt\/wp-content\/uploads\/2023\/11\/Captura-de-ecra-2023-11-17-as-10.34.27.png","contentUrl":"https:\/\/algarve7.pt\/wp-content\/uploads\/2023\/11\/Captura-de-ecra-2023-11-17-as-10.34.27.png","width":1000,"height":693},{"@type":"BreadcrumbList","@id":"https:\/\/algarve7.pt\/index.php\/2023\/11\/tavira-aprovada-candidatura-ao-condominio-de-aldeia\/ambiente\/12\/00\/#breadcrumb","itemListElement":[{"@type":"ListItem","position":1,"name":"In\u00edcio","item":"https:\/\/algarve7.pt\/"},{"@type":"ListItem","position":2,"name":"Tavira &#8211; Aprovada candidatura ao \u201cCondom\u00ednio de Aldeia&#8221;"}]},{"@type":"WebSite","@id":"https:\/\/algarve7.pt\/#website","url":"https:\/\/algarve7.pt\/","name":"Algarve 7","description":"Informa\u00e7\u00e3o sobre o Algarve","publisher":{"@id":"https:\/\/algarve7.pt\/#organization"},"potentialAction":[{"@type":"SearchAction","target":{"@type":"EntryPoint","urlTemplate":"https:\/\/algarve7.pt\/?s={search_term_string}"},"query-input":{"@type":"PropertyValueSpecification","valueRequired":true,"valueName":"search_term_string"}}],"inLanguage":"pt-PT"},{"@type":"Organization","@id":"https:\/\/algarve7.pt\/#organization","name":"Algarve 7","url":"https:\/\/algarve7.pt\/","logo":{"@type":"ImageObject","inLanguage":"pt-PT","@id":"https:\/\/algarve7.pt\/#\/schema\/logo\/image\/","url":"https:\/\/algarve7.pt\/wp-content\/uploads\/2020\/10\/Logo-8.jpg","contentUrl":"https:\/\/algarve7.pt\/wp-content\/uploads\/2020\/10\/Logo-8.jpg","width":1680,"height":1186,"caption":"Algarve 7"},"image":{"@id":"https:\/\/algarve7.pt\/#\/schema\/logo\/image\/"},"sameAs":["https:\/\/www.facebook.com\/algarve7","https:\/\/x.com\/Algarvesete","https:\/\/www.instagram.com\/jornalalgarve7\/","https:\/\/www.linkedin.com\/company\/algarve7","https:\/\/www.pinterest.pt\/geral0939\/_created\/"]},{"@type":"Person","@id":"https:\/\/algarve7.pt\/#\/schema\/person\/23fa70681308e7b319a3204bcea45e0c","name":"Algarve 7","sameAs":["https:\/\/algarve7.pt","https:\/\/www.facebook.com\/algarve7"],"url":"https:\/\/algarve7.pt\/index.php\/author\/geralalgarve7-pt\/"}]}},"jetpack_publicize_connections":[],"jetpack_featured_media_url":"https:\/\/algarve7.pt\/wp-content\/uploads\/2023\/11\/Captura-de-ecra-2023-11-17-as-10.34.27.png","jetpack_shortlink":"https:\/\/wp.me\/pcezmW-8BS","jetpack_sharing_enabled":true,"_links":{"self":[{"href":"https:\/\/algarve7.pt\/index.php\/wp-json\/wp\/v2\/posts\/33100","targetHints":{"allow":["GET"]}}],"collection":[{"href":"https:\/\/algarve7.pt\/index.php\/wp-json\/wp\/v2\/posts"}],"about":[{"href":"https:\/\/algarve7.pt\/index.php\/wp-json\/wp\/v2\/types\/post"}],"author":[{"embeddable":true,"href":"https:\/\/algarve7.pt\/index.php\/wp-json\/wp\/v2\/users\/1"}],"replies":[{"embeddable":true,"href":"https:\/\/algarve7.pt\/index.php\/wp-json\/wp\/v2\/comments?post=33100"}],"version-history":[{"count":0,"href":"https:\/\/algarve7.pt\/index.php\/wp-json\/wp\/v2\/posts\/33100\/revisions"}],"wp:featuredmedia":[{"embeddable":true,"href":"https:\/\/algarve7.pt\/index.php\/wp-json\/wp\/v2\/media\/33101"}],"wp:attachment":[{"href":"https:\/\/algarve7.pt\/index.php\/wp-json\/wp\/v2\/media?parent=33100"}],"wp:term":[{"taxonomy":"category","embeddable":true,"href":"https:\/\/algarve7.pt\/index.php\/wp-json\/wp\/v2\/categories?post=33100"},{"taxonomy":"post_tag","embeddable":true,"href":"https:\/\/algarve7.pt\/index.php\/wp-json\/wp\/v2\/tags?post=33100"}],"curies":[{"name":"wp","href":"https:\/\/api.w.org\/{rel}","templated":true}]}}