{"id":33095,"date":"2023-11-19T10:00:00","date_gmt":"2023-11-19T10:00:00","guid":{"rendered":"https:\/\/algarve7.pt\/?p=33095"},"modified":"2023-11-17T10:29:42","modified_gmt":"2023-11-17T10:29:42","slug":"faro-promove-sessao-publica-de-apresentacao-da-revisao-do-pdm","status":"publish","type":"post","link":"https:\/\/algarve7.pt\/index.php\/2023\/11\/faro-promove-sessao-publica-de-apresentacao-da-revisao-do-pdm\/atualidade\/10\/00\/","title":{"rendered":"Faro promove sess\u00e3o p\u00fablica de apresenta\u00e7\u00e3o da revis\u00e3o do PDM"},"content":{"rendered":"\n<p>O Munic\u00edpio de Faro ir\u00e1 promover uma sess\u00e3o p\u00fablica de apresenta\u00e7\u00e3o da Proposta de Revis\u00e3o do Plano Diretor Municipal (PDM) de Faro, no pr\u00f3ximo dia 22 de novembro, pelas 21h00, no sal\u00e3o nobre dos Pa\u00e7os do Concelho.<\/p>\n\n\n\n<p>O PDM destina-se a regular a ocupa\u00e7\u00e3o, uso e transforma\u00e7\u00e3o do solo e estabelece a estrat\u00e9gia de desenvolvimento do territ\u00f3rio, sendo o instrumento de refer\u00eancia para a elabora\u00e7\u00e3o dos restantes planos municipais e o \u00fanico que \u00e9 diretamente vinculativo dos particulares.&nbsp;<\/p>\n\n\n\n<p>O PDM de Faro em vigor \u00e9 um chamado \u201cplano de 1.\u00aa gera\u00e7\u00e3o\u201d e foi originalmente aprovado em 1995. Contudo, ap\u00f3s um longo, exigente e complexo procedimento de revis\u00e3o recome\u00e7ado em 2023, que aproveitou todos os atos e formalidades praticados no anterior procedimento de 2016, e de concerta\u00e7\u00e3o com as mais de quarenta entidades da administra\u00e7\u00e3o com interesses no territ\u00f3rio, chegou-se a uma proposta de PDM, que estar\u00e1 em discuss\u00e3o p\u00fablica at\u00e9 5 de dezembro. Entre as principais mudan\u00e7as que se podem encontrar nesta proposta, est\u00e3o a classifica\u00e7\u00e3o dos solos e a delimita\u00e7\u00e3o dos per\u00edmetros urbanos,&nbsp;<a><\/a>em conformidade com as v\u00e1rias obriga\u00e7\u00f5es legais.<\/p>\n\n\n\n<p>Esta proposta de revis\u00e3o do PDM tamb\u00e9m se faz acompanhar pelas Plantas de Condicionantes que estabelecem a delimita\u00e7\u00e3o da Reserva Ecol\u00f3gica Nacional (REN) e da Reserva Agr\u00edcola Nacional (RAN) do concelho de Faro.&nbsp;<\/p>\n\n\n\n<p>A sess\u00e3o \u00e9 p\u00fablica e tem como objetivo a ausculta\u00e7\u00e3o da popula\u00e7\u00e3o, bem como dar a oportunidade para uma participa\u00e7\u00e3o ativa e alargada, sobre aquele que ser\u00e1 o novo PDM de Faro e contar\u00e1 com a presen\u00e7a da equipa t\u00e9cnica da empresa \u201cLugar do Plano, Gest\u00e3o do Territ\u00f3rio e Cultura, Lda.\u201d respons\u00e1veis pelo trabalho desenvolvido.<\/p>\n","protected":false},"excerpt":{"rendered":"<p>O Munic\u00edpio de Faro ir\u00e1 promover uma sess\u00e3o p\u00fablica de apresenta\u00e7\u00e3o da Proposta de Revis\u00e3o do Plano Diretor Municipal (PDM)<\/p>\n","protected":false},"author":1,"featured_media":15323,"comment_status":"closed","ping_status":"open","sticky":false,"template":"","format":"standard","meta":{"colormag_page_container_layout":"default_layout","colormag_page_sidebar_layout":"default_layout","_monsterinsights_skip_tracking":false,"_monsterinsights_sitenote_active":false,"_monsterinsights_sitenote_note":"","_monsterinsights_sitenote_category":0,"jetpack_post_was_ever_published":false,"_jetpack_newsletter_access":"","_jetpack_dont_email_post_to_subs":false,"_jetpack_newsletter_tier_id":0,"_jetpack_memberships_contains_paywalled_content":false,"_jetpack_memberships_contains_paid_content":false,"footnotes":"","jetpack_publicize_message":"","jetpack_publicize_feature_enabled":true,"jetpack_social_post_already_shared":true,"jetpack_social_options":{"image_generator_settings":{"template":"highway","default_image_id":0,"font":"","enabled":false},"version":2}},"categories":[11],"tags":[36,62,35,57,277],"class_list":["post-33095","post","type-post","status-publish","format-standard","has-post-thumbnail","hentry","category-atualidade","tag-algarve","tag-atualidade","tag-cultura","tag-faro","tag-pdm"],"yoast_head":"<!-- This site is optimized with the Yoast SEO plugin v27.5 - https:\/\/yoast.com\/product\/yoast-seo-wordpress\/ -->\n<title>Faro promove sess\u00e3o p\u00fablica de apresenta\u00e7\u00e3o da revis\u00e3o do PDM - Algarve 7<\/title>\n<meta name=\"description\" content=\"Faro promove sess\u00e3o p\u00fablica de apresenta\u00e7\u00e3o da revis\u00e3o do PDM Atualidade\" \/>\n<meta name=\"robots\" content=\"index, follow, max-snippet:-1, max-image-preview:large, max-video-preview:-1\" \/>\n<link rel=\"canonical\" href=\"https:\/\/algarve7.pt\/index.php\/2023\/11\/faro-promove-sessao-publica-de-apresentacao-da-revisao-do-pdm\/atualidade\/10\/00\/\" \/>\n<meta property=\"og:locale\" content=\"pt_PT\" \/>\n<meta property=\"og:type\" content=\"article\" \/>\n<meta property=\"og:title\" content=\"Faro promove sess\u00e3o p\u00fablica de apresenta\u00e7\u00e3o da revis\u00e3o do PDM - Algarve 7\" \/>\n<meta property=\"og:description\" content=\"Faro promove sess\u00e3o p\u00fablica de apresenta\u00e7\u00e3o da revis\u00e3o do PDM Atualidade\" \/>\n<meta property=\"og:url\" content=\"https:\/\/algarve7.pt\/index.php\/2023\/11\/faro-promove-sessao-publica-de-apresentacao-da-revisao-do-pdm\/atualidade\/10\/00\/\" \/>\n<meta property=\"og:site_name\" content=\"Algarve 7\" \/>\n<meta property=\"article:publisher\" content=\"https:\/\/www.facebook.com\/algarve7\" \/>\n<meta property=\"article:author\" content=\"https:\/\/www.facebook.com\/algarve7\" \/>\n<meta property=\"article:published_time\" content=\"2023-11-19T10:00:00+00:00\" \/>\n<meta property=\"og:image\" content=\"https:\/\/algarve7.pt\/wp-content\/uploads\/2022\/02\/ENautica-Faro-1.jpg\" \/>\n\t<meta property=\"og:image:width\" content=\"1191\" \/>\n\t<meta property=\"og:image:height\" content=\"893\" \/>\n\t<meta property=\"og:image:type\" content=\"image\/jpeg\" \/>\n<meta name=\"author\" content=\"Algarve 7\" \/>\n<meta name=\"twitter:card\" content=\"summary_large_image\" \/>\n<meta name=\"twitter:creator\" content=\"@Algarvesete\" \/>\n<meta name=\"twitter:site\" content=\"@Algarvesete\" \/>\n<meta name=\"twitter:label1\" content=\"Escrito por\" \/>\n\t<meta name=\"twitter:data1\" content=\"Algarve 7\" \/>\n\t<meta name=\"twitter:label2\" content=\"Tempo estimado de leitura\" \/>\n\t<meta name=\"twitter:data2\" content=\"2 minutos\" \/>\n<script type=\"application\/ld+json\" class=\"yoast-schema-graph\">{\"@context\":\"https:\\\/\\\/schema.org\",\"@graph\":[{\"@type\":\"Article\",\"@id\":\"https:\\\/\\\/algarve7.pt\\\/index.php\\\/2023\\\/11\\\/faro-promove-sessao-publica-de-apresentacao-da-revisao-do-pdm\\\/atualidade\\\/10\\\/00\\\/#article\",\"isPartOf\":{\"@id\":\"https:\\\/\\\/algarve7.pt\\\/index.php\\\/2023\\\/11\\\/faro-promove-sessao-publica-de-apresentacao-da-revisao-do-pdm\\\/atualidade\\\/10\\\/00\\\/\"},\"author\":{\"name\":\"Algarve 7\",\"@id\":\"https:\\\/\\\/algarve7.pt\\\/#\\\/schema\\\/person\\\/23fa70681308e7b319a3204bcea45e0c\"},\"headline\":\"Faro promove sess\u00e3o p\u00fablica de apresenta\u00e7\u00e3o da revis\u00e3o do PDM\",\"datePublished\":\"2023-11-19T10:00:00+00:00\",\"mainEntityOfPage\":{\"@id\":\"https:\\\/\\\/algarve7.pt\\\/index.php\\\/2023\\\/11\\\/faro-promove-sessao-publica-de-apresentacao-da-revisao-do-pdm\\\/atualidade\\\/10\\\/00\\\/\"},\"wordCount\":322,\"publisher\":{\"@id\":\"https:\\\/\\\/algarve7.pt\\\/#organization\"},\"image\":{\"@id\":\"https:\\\/\\\/algarve7.pt\\\/index.php\\\/2023\\\/11\\\/faro-promove-sessao-publica-de-apresentacao-da-revisao-do-pdm\\\/atualidade\\\/10\\\/00\\\/#primaryimage\"},\"thumbnailUrl\":\"https:\\\/\\\/algarve7.pt\\\/wp-content\\\/uploads\\\/2022\\\/02\\\/ENautica-Faro-1.jpg\",\"keywords\":[\"Algarve\",\"Atualidade\",\"Cultura\",\"Faro\",\"PDM\"],\"articleSection\":[\"Atualidade\"],\"inLanguage\":\"pt-PT\"},{\"@type\":\"WebPage\",\"@id\":\"https:\\\/\\\/algarve7.pt\\\/index.php\\\/2023\\\/11\\\/faro-promove-sessao-publica-de-apresentacao-da-revisao-do-pdm\\\/atualidade\\\/10\\\/00\\\/\",\"url\":\"https:\\\/\\\/algarve7.pt\\\/index.php\\\/2023\\\/11\\\/faro-promove-sessao-publica-de-apresentacao-da-revisao-do-pdm\\\/atualidade\\\/10\\\/00\\\/\",\"name\":\"Faro promove sess\u00e3o p\u00fablica de apresenta\u00e7\u00e3o da revis\u00e3o do PDM - Algarve 7\",\"isPartOf\":{\"@id\":\"https:\\\/\\\/algarve7.pt\\\/#website\"},\"primaryImageOfPage\":{\"@id\":\"https:\\\/\\\/algarve7.pt\\\/index.php\\\/2023\\\/11\\\/faro-promove-sessao-publica-de-apresentacao-da-revisao-do-pdm\\\/atualidade\\\/10\\\/00\\\/#primaryimage\"},\"image\":{\"@id\":\"https:\\\/\\\/algarve7.pt\\\/index.php\\\/2023\\\/11\\\/faro-promove-sessao-publica-de-apresentacao-da-revisao-do-pdm\\\/atualidade\\\/10\\\/00\\\/#primaryimage\"},\"thumbnailUrl\":\"https:\\\/\\\/algarve7.pt\\\/wp-content\\\/uploads\\\/2022\\\/02\\\/ENautica-Faro-1.jpg\",\"datePublished\":\"2023-11-19T10:00:00+00:00\",\"description\":\"Faro promove sess\u00e3o p\u00fablica de apresenta\u00e7\u00e3o da revis\u00e3o do PDM Atualidade\",\"breadcrumb\":{\"@id\":\"https:\\\/\\\/algarve7.pt\\\/index.php\\\/2023\\\/11\\\/faro-promove-sessao-publica-de-apresentacao-da-revisao-do-pdm\\\/atualidade\\\/10\\\/00\\\/#breadcrumb\"},\"inLanguage\":\"pt-PT\",\"potentialAction\":[{\"@type\":\"ReadAction\",\"target\":[\"https:\\\/\\\/algarve7.pt\\\/index.php\\\/2023\\\/11\\\/faro-promove-sessao-publica-de-apresentacao-da-revisao-do-pdm\\\/atualidade\\\/10\\\/00\\\/\"]}]},{\"@type\":\"ImageObject\",\"inLanguage\":\"pt-PT\",\"@id\":\"https:\\\/\\\/algarve7.pt\\\/index.php\\\/2023\\\/11\\\/faro-promove-sessao-publica-de-apresentacao-da-revisao-do-pdm\\\/atualidade\\\/10\\\/00\\\/#primaryimage\",\"url\":\"https:\\\/\\\/algarve7.pt\\\/wp-content\\\/uploads\\\/2022\\\/02\\\/ENautica-Faro-1.jpg\",\"contentUrl\":\"https:\\\/\\\/algarve7.pt\\\/wp-content\\\/uploads\\\/2022\\\/02\\\/ENautica-Faro-1.jpg\",\"width\":1191,\"height\":893},{\"@type\":\"BreadcrumbList\",\"@id\":\"https:\\\/\\\/algarve7.pt\\\/index.php\\\/2023\\\/11\\\/faro-promove-sessao-publica-de-apresentacao-da-revisao-do-pdm\\\/atualidade\\\/10\\\/00\\\/#breadcrumb\",\"itemListElement\":[{\"@type\":\"ListItem\",\"position\":1,\"name\":\"In\u00edcio\",\"item\":\"https:\\\/\\\/algarve7.pt\\\/\"},{\"@type\":\"ListItem\",\"position\":2,\"name\":\"Faro promove sess\u00e3o p\u00fablica de apresenta\u00e7\u00e3o da revis\u00e3o do PDM\"}]},{\"@type\":\"WebSite\",\"@id\":\"https:\\\/\\\/algarve7.pt\\\/#website\",\"url\":\"https:\\\/\\\/algarve7.pt\\\/\",\"name\":\"Algarve 7\",\"description\":\"Informa\u00e7\u00e3o sobre o Algarve\",\"publisher\":{\"@id\":\"https:\\\/\\\/algarve7.pt\\\/#organization\"},\"potentialAction\":[{\"@type\":\"SearchAction\",\"target\":{\"@type\":\"EntryPoint\",\"urlTemplate\":\"https:\\\/\\\/algarve7.pt\\\/?s={search_term_string}\"},\"query-input\":{\"@type\":\"PropertyValueSpecification\",\"valueRequired\":true,\"valueName\":\"search_term_string\"}}],\"inLanguage\":\"pt-PT\"},{\"@type\":\"Organization\",\"@id\":\"https:\\\/\\\/algarve7.pt\\\/#organization\",\"name\":\"Algarve 7\",\"url\":\"https:\\\/\\\/algarve7.pt\\\/\",\"logo\":{\"@type\":\"ImageObject\",\"inLanguage\":\"pt-PT\",\"@id\":\"https:\\\/\\\/algarve7.pt\\\/#\\\/schema\\\/logo\\\/image\\\/\",\"url\":\"https:\\\/\\\/algarve7.pt\\\/wp-content\\\/uploads\\\/2020\\\/10\\\/Logo-8.jpg\",\"contentUrl\":\"https:\\\/\\\/algarve7.pt\\\/wp-content\\\/uploads\\\/2020\\\/10\\\/Logo-8.jpg\",\"width\":1680,\"height\":1186,\"caption\":\"Algarve 7\"},\"image\":{\"@id\":\"https:\\\/\\\/algarve7.pt\\\/#\\\/schema\\\/logo\\\/image\\\/\"},\"sameAs\":[\"https:\\\/\\\/www.facebook.com\\\/algarve7\",\"https:\\\/\\\/x.com\\\/Algarvesete\",\"https:\\\/\\\/www.instagram.com\\\/jornalalgarve7\\\/\",\"https:\\\/\\\/www.linkedin.com\\\/company\\\/algarve7\",\"https:\\\/\\\/www.pinterest.pt\\\/geral0939\\\/_created\\\/\"]},{\"@type\":\"Person\",\"@id\":\"https:\\\/\\\/algarve7.pt\\\/#\\\/schema\\\/person\\\/23fa70681308e7b319a3204bcea45e0c\",\"name\":\"Algarve 7\",\"sameAs\":[\"https:\\\/\\\/algarve7.pt\",\"https:\\\/\\\/www.facebook.com\\\/algarve7\"],\"url\":\"https:\\\/\\\/algarve7.pt\\\/index.php\\\/author\\\/geralalgarve7-pt\\\/\"}]}<\/script>\n<!-- \/ Yoast SEO plugin. -->","yoast_head_json":{"title":"Faro promove sess\u00e3o p\u00fablica de apresenta\u00e7\u00e3o da revis\u00e3o do PDM - Algarve 7","description":"Faro promove sess\u00e3o p\u00fablica de apresenta\u00e7\u00e3o da revis\u00e3o do PDM Atualidade","robots":{"index":"index","follow":"follow","max-snippet":"max-snippet:-1","max-image-preview":"max-image-preview:large","max-video-preview":"max-video-preview:-1"},"canonical":"https:\/\/algarve7.pt\/index.php\/2023\/11\/faro-promove-sessao-publica-de-apresentacao-da-revisao-do-pdm\/atualidade\/10\/00\/","og_locale":"pt_PT","og_type":"article","og_title":"Faro promove sess\u00e3o p\u00fablica de apresenta\u00e7\u00e3o da revis\u00e3o do PDM - Algarve 7","og_description":"Faro promove sess\u00e3o p\u00fablica de apresenta\u00e7\u00e3o da revis\u00e3o do PDM Atualidade","og_url":"https:\/\/algarve7.pt\/index.php\/2023\/11\/faro-promove-sessao-publica-de-apresentacao-da-revisao-do-pdm\/atualidade\/10\/00\/","og_site_name":"Algarve 7","article_publisher":"https:\/\/www.facebook.com\/algarve7","article_author":"https:\/\/www.facebook.com\/algarve7","article_published_time":"2023-11-19T10:00:00+00:00","og_image":[{"width":1191,"height":893,"url":"https:\/\/algarve7.pt\/wp-content\/uploads\/2022\/02\/ENautica-Faro-1.jpg","type":"image\/jpeg"}],"author":"Algarve 7","twitter_card":"summary_large_image","twitter_creator":"@Algarvesete","twitter_site":"@Algarvesete","twitter_misc":{"Escrito por":"Algarve 7","Tempo estimado de leitura":"2 minutos"},"schema":{"@context":"https:\/\/schema.org","@graph":[{"@type":"Article","@id":"https:\/\/algarve7.pt\/index.php\/2023\/11\/faro-promove-sessao-publica-de-apresentacao-da-revisao-do-pdm\/atualidade\/10\/00\/#article","isPartOf":{"@id":"https:\/\/algarve7.pt\/index.php\/2023\/11\/faro-promove-sessao-publica-de-apresentacao-da-revisao-do-pdm\/atualidade\/10\/00\/"},"author":{"name":"Algarve 7","@id":"https:\/\/algarve7.pt\/#\/schema\/person\/23fa70681308e7b319a3204bcea45e0c"},"headline":"Faro promove sess\u00e3o p\u00fablica de apresenta\u00e7\u00e3o da revis\u00e3o do PDM","datePublished":"2023-11-19T10:00:00+00:00","mainEntityOfPage":{"@id":"https:\/\/algarve7.pt\/index.php\/2023\/11\/faro-promove-sessao-publica-de-apresentacao-da-revisao-do-pdm\/atualidade\/10\/00\/"},"wordCount":322,"publisher":{"@id":"https:\/\/algarve7.pt\/#organization"},"image":{"@id":"https:\/\/algarve7.pt\/index.php\/2023\/11\/faro-promove-sessao-publica-de-apresentacao-da-revisao-do-pdm\/atualidade\/10\/00\/#primaryimage"},"thumbnailUrl":"https:\/\/algarve7.pt\/wp-content\/uploads\/2022\/02\/ENautica-Faro-1.jpg","keywords":["Algarve","Atualidade","Cultura","Faro","PDM"],"articleSection":["Atualidade"],"inLanguage":"pt-PT"},{"@type":"WebPage","@id":"https:\/\/algarve7.pt\/index.php\/2023\/11\/faro-promove-sessao-publica-de-apresentacao-da-revisao-do-pdm\/atualidade\/10\/00\/","url":"https:\/\/algarve7.pt\/index.php\/2023\/11\/faro-promove-sessao-publica-de-apresentacao-da-revisao-do-pdm\/atualidade\/10\/00\/","name":"Faro promove sess\u00e3o p\u00fablica de apresenta\u00e7\u00e3o da revis\u00e3o do PDM - Algarve 7","isPartOf":{"@id":"https:\/\/algarve7.pt\/#website"},"primaryImageOfPage":{"@id":"https:\/\/algarve7.pt\/index.php\/2023\/11\/faro-promove-sessao-publica-de-apresentacao-da-revisao-do-pdm\/atualidade\/10\/00\/#primaryimage"},"image":{"@id":"https:\/\/algarve7.pt\/index.php\/2023\/11\/faro-promove-sessao-publica-de-apresentacao-da-revisao-do-pdm\/atualidade\/10\/00\/#primaryimage"},"thumbnailUrl":"https:\/\/algarve7.pt\/wp-content\/uploads\/2022\/02\/ENautica-Faro-1.jpg","datePublished":"2023-11-19T10:00:00+00:00","description":"Faro promove sess\u00e3o p\u00fablica de apresenta\u00e7\u00e3o da revis\u00e3o do PDM Atualidade","breadcrumb":{"@id":"https:\/\/algarve7.pt\/index.php\/2023\/11\/faro-promove-sessao-publica-de-apresentacao-da-revisao-do-pdm\/atualidade\/10\/00\/#breadcrumb"},"inLanguage":"pt-PT","potentialAction":[{"@type":"ReadAction","target":["https:\/\/algarve7.pt\/index.php\/2023\/11\/faro-promove-sessao-publica-de-apresentacao-da-revisao-do-pdm\/atualidade\/10\/00\/"]}]},{"@type":"ImageObject","inLanguage":"pt-PT","@id":"https:\/\/algarve7.pt\/index.php\/2023\/11\/faro-promove-sessao-publica-de-apresentacao-da-revisao-do-pdm\/atualidade\/10\/00\/#primaryimage","url":"https:\/\/algarve7.pt\/wp-content\/uploads\/2022\/02\/ENautica-Faro-1.jpg","contentUrl":"https:\/\/algarve7.pt\/wp-content\/uploads\/2022\/02\/ENautica-Faro-1.jpg","width":1191,"height":893},{"@type":"BreadcrumbList","@id":"https:\/\/algarve7.pt\/index.php\/2023\/11\/faro-promove-sessao-publica-de-apresentacao-da-revisao-do-pdm\/atualidade\/10\/00\/#breadcrumb","itemListElement":[{"@type":"ListItem","position":1,"name":"In\u00edcio","item":"https:\/\/algarve7.pt\/"},{"@type":"ListItem","position":2,"name":"Faro promove sess\u00e3o p\u00fablica de apresenta\u00e7\u00e3o da revis\u00e3o do PDM"}]},{"@type":"WebSite","@id":"https:\/\/algarve7.pt\/#website","url":"https:\/\/algarve7.pt\/","name":"Algarve 7","description":"Informa\u00e7\u00e3o sobre o Algarve","publisher":{"@id":"https:\/\/algarve7.pt\/#organization"},"potentialAction":[{"@type":"SearchAction","target":{"@type":"EntryPoint","urlTemplate":"https:\/\/algarve7.pt\/?s={search_term_string}"},"query-input":{"@type":"PropertyValueSpecification","valueRequired":true,"valueName":"search_term_string"}}],"inLanguage":"pt-PT"},{"@type":"Organization","@id":"https:\/\/algarve7.pt\/#organization","name":"Algarve 7","url":"https:\/\/algarve7.pt\/","logo":{"@type":"ImageObject","inLanguage":"pt-PT","@id":"https:\/\/algarve7.pt\/#\/schema\/logo\/image\/","url":"https:\/\/algarve7.pt\/wp-content\/uploads\/2020\/10\/Logo-8.jpg","contentUrl":"https:\/\/algarve7.pt\/wp-content\/uploads\/2020\/10\/Logo-8.jpg","width":1680,"height":1186,"caption":"Algarve 7"},"image":{"@id":"https:\/\/algarve7.pt\/#\/schema\/logo\/image\/"},"sameAs":["https:\/\/www.facebook.com\/algarve7","https:\/\/x.com\/Algarvesete","https:\/\/www.instagram.com\/jornalalgarve7\/","https:\/\/www.linkedin.com\/company\/algarve7","https:\/\/www.pinterest.pt\/geral0939\/_created\/"]},{"@type":"Person","@id":"https:\/\/algarve7.pt\/#\/schema\/person\/23fa70681308e7b319a3204bcea45e0c","name":"Algarve 7","sameAs":["https:\/\/algarve7.pt","https:\/\/www.facebook.com\/algarve7"],"url":"https:\/\/algarve7.pt\/index.php\/author\/geralalgarve7-pt\/"}]}},"jetpack_publicize_connections":[],"jetpack_featured_media_url":"https:\/\/algarve7.pt\/wp-content\/uploads\/2022\/02\/ENautica-Faro-1.jpg","jetpack_shortlink":"https:\/\/wp.me\/pcezmW-8BN","jetpack_sharing_enabled":true,"_links":{"self":[{"href":"https:\/\/algarve7.pt\/index.php\/wp-json\/wp\/v2\/posts\/33095","targetHints":{"allow":["GET"]}}],"collection":[{"href":"https:\/\/algarve7.pt\/index.php\/wp-json\/wp\/v2\/posts"}],"about":[{"href":"https:\/\/algarve7.pt\/index.php\/wp-json\/wp\/v2\/types\/post"}],"author":[{"embeddable":true,"href":"https:\/\/algarve7.pt\/index.php\/wp-json\/wp\/v2\/users\/1"}],"replies":[{"embeddable":true,"href":"https:\/\/algarve7.pt\/index.php\/wp-json\/wp\/v2\/comments?post=33095"}],"version-history":[{"count":0,"href":"https:\/\/algarve7.pt\/index.php\/wp-json\/wp\/v2\/posts\/33095\/revisions"}],"wp:featuredmedia":[{"embeddable":true,"href":"https:\/\/algarve7.pt\/index.php\/wp-json\/wp\/v2\/media\/15323"}],"wp:attachment":[{"href":"https:\/\/algarve7.pt\/index.php\/wp-json\/wp\/v2\/media?parent=33095"}],"wp:term":[{"taxonomy":"category","embeddable":true,"href":"https:\/\/algarve7.pt\/index.php\/wp-json\/wp\/v2\/categories?post=33095"},{"taxonomy":"post_tag","embeddable":true,"href":"https:\/\/algarve7.pt\/index.php\/wp-json\/wp\/v2\/tags?post=33095"}],"curies":[{"name":"wp","href":"https:\/\/api.w.org\/{rel}","templated":true}]}}