{"id":32871,"date":"2023-11-09T19:10:19","date_gmt":"2023-11-09T19:10:19","guid":{"rendered":"https:\/\/algarve7.pt\/?p=32871"},"modified":"2023-11-09T19:10:21","modified_gmt":"2023-11-09T19:10:21","slug":"portugal-mais-perto-de-paris-2024","status":"publish","type":"post","link":"https:\/\/algarve7.pt\/index.php\/2023\/11\/portugal-mais-perto-de-paris-2024\/desporto\/19\/10\/","title":{"rendered":"Portugal mais perto de Paris 2024"},"content":{"rendered":"\n<p>A dupla Pedro Costa e Jo\u00e3o Bolina, da classe 49er, subiu hoje ao 7\u00ba lugar da classifica\u00e7\u00e3o geral nos Campeonatos da Europa que se est\u00e3o a realizar em Vilamoura e que servem de qualifica\u00e7\u00e3o para Jogos Ol\u00edmpicos de Paris 2024<\/p>\n\n\n\n<p>Foi um bom dia para os \u00fanicos velejadores portugueses que competem nos Campeonatos da Europa que re\u00fane as classes 49er, 49er FX e Nacra 17 e que est\u00e1 a decorrer em Vilamoura.&nbsp;<\/p>\n\n\n\n<p>Nas 3 regatas realizadas, Pedro Costa e Jo\u00e3o Bolina classificaram-se em 5\u00ba, 3\u00ba e 7\u00ba lugares, ascendendo assim para a 7\u00aa posi\u00e7\u00e3o da classifica\u00e7\u00e3o geral.&nbsp;<\/p>\n\n\n\n<p>A velejar juntos h\u00e1 pouco mais de um ano e ainda numa fase inicial nesta classe, os velejadores nacionais confessam que o principal objetivo neste Campeonato Europeu n\u00e3o \u00e9 a qualifica\u00e7\u00e3o para os Jogos Ol\u00edmpicos de Paris mas se tal acontecer, \u201cvamos certamente aproveitar\u201d.&nbsp;<\/p>\n\n\n\n<p>\u201cSe estivermos perto da qualifica\u00e7\u00e3o, vamos aproveitar. Isto est\u00e1 a ser um sucesso inesperado, v\u00ednhamos com um objetivo mais baixo. \u00c9 uma nova classe para n\u00f3s e nesta classe estamos em aprendizagem cont\u00ednua, todos os dias estamos a aprender. Por isso,n\u00e3o sabemos muito bem aonde poderemos chegar. Mas vamos dar o nosso melhor e vamos estar na luta\u201d, referiu Pedro Costa. &nbsp;<\/p>\n\n\n\n<p>A dificuldade de conseguir assegurar, em Vilamoura, a presen\u00e7a nos pr\u00f3ximos Jogos Ol\u00edmpicos \u00e9 enorme. H\u00e1 apenas uma vaga para os pa\u00edses europeus e neste momento, para al\u00e9m de Portugal, h\u00e1 outros 8 pa\u00edses em busca do sonho Paris 2024. Irlanda, Alemanha, It\u00e1lia, B\u00e9lgica, Finl\u00e2ndia, Gr\u00e9cia, Hungria e Israel procuram tamb\u00e9m, nas \u00e1guas de Vilamoura, a t\u00e3o desejada qualifica\u00e7\u00e3o.&nbsp;<\/p>\n\n\n\n<p>Com apenas 4 regatas realizadas e 4 dias de competi\u00e7\u00e3o pela frente, tudo est\u00e1 ainda em aberto para estes 9 pa\u00edses. &nbsp;<\/p>\n\n\n\n<p>Em Vilamoura est\u00e3o cerca de 400 velejadores e 80 treinadores vindos de 34 na\u00e7\u00f5es. Para os pa\u00edses que j\u00e1 garantiram presen\u00e7a em Paris, estes campeonatos de Vilamoura t\u00eam um papel fundamental no apuramento dos atletas que ir\u00e3o integrar as suas equipas ol\u00edmpicas.&nbsp;&nbsp;<\/p>\n\n\n\n<p>Com a organiza\u00e7\u00e3o do Vilamoura Sailing, estes Campeonatos da Europa das classes ol\u00edmpicas 49er, 49er FX e Nacra 17 decorrem at\u00e9 dia 13 de novembro. Esta \u00e9 a primeira vez que em Portugal se realiza um evento de qualifica\u00e7\u00e3o ol\u00edmpica para 3 classes em simult\u00e2neo.<\/p>\n","protected":false},"excerpt":{"rendered":"<p>A dupla Pedro Costa e Jo\u00e3o Bolina, da classe 49er, subiu hoje ao 7\u00ba lugar da classifica\u00e7\u00e3o geral nos Campeonatos<\/p>\n","protected":false},"author":1,"featured_media":32872,"comment_status":"closed","ping_status":"open","sticky":false,"template":"","format":"standard","meta":{"colormag_page_container_layout":"default_layout","colormag_page_sidebar_layout":"default_layout","_monsterinsights_skip_tracking":false,"_monsterinsights_sitenote_active":false,"_monsterinsights_sitenote_note":"","_monsterinsights_sitenote_category":0,"jetpack_post_was_ever_published":false,"_jetpack_newsletter_access":"","_jetpack_dont_email_post_to_subs":false,"_jetpack_newsletter_tier_id":0,"_jetpack_memberships_contains_paywalled_content":false,"_jetpack_memberships_contains_paid_content":false,"footnotes":"","jetpack_publicize_message":"","jetpack_publicize_feature_enabled":true,"jetpack_social_post_already_shared":true,"jetpack_social_options":{"image_generator_settings":{"template":"highway","default_image_id":0,"font":"","enabled":false},"version":2}},"categories":[15],"tags":[36,40,105,121],"class_list":["post-32871","post","type-post","status-publish","format-standard","has-post-thumbnail","hentry","category-desporto","tag-algarve","tag-desporto","tag-vela","tag-vilamoura"],"yoast_head":"<!-- This site is optimized with the Yoast SEO plugin v27.5 - https:\/\/yoast.com\/product\/yoast-seo-wordpress\/ -->\n<title>Portugal mais perto de Paris 2024 - Algarve 7<\/title>\n<meta name=\"description\" content=\"Portugal mais perto de Paris 2024 Desporto\" \/>\n<meta name=\"robots\" content=\"index, follow, max-snippet:-1, max-image-preview:large, max-video-preview:-1\" \/>\n<link rel=\"canonical\" href=\"https:\/\/algarve7.pt\/index.php\/2023\/11\/portugal-mais-perto-de-paris-2024\/desporto\/19\/10\/\" \/>\n<meta property=\"og:locale\" content=\"pt_PT\" \/>\n<meta property=\"og:type\" content=\"article\" \/>\n<meta property=\"og:title\" content=\"Portugal mais perto de Paris 2024 - Algarve 7\" \/>\n<meta property=\"og:description\" content=\"Portugal mais perto de Paris 2024 Desporto\" \/>\n<meta property=\"og:url\" content=\"https:\/\/algarve7.pt\/index.php\/2023\/11\/portugal-mais-perto-de-paris-2024\/desporto\/19\/10\/\" \/>\n<meta property=\"og:site_name\" content=\"Algarve 7\" \/>\n<meta property=\"article:publisher\" content=\"https:\/\/www.facebook.com\/algarve7\" \/>\n<meta property=\"article:author\" content=\"https:\/\/www.facebook.com\/algarve7\" \/>\n<meta property=\"article:published_time\" content=\"2023-11-09T19:10:19+00:00\" \/>\n<meta property=\"article:modified_time\" content=\"2023-11-09T19:10:21+00:00\" \/>\n<meta property=\"og:image\" content=\"https:\/\/algarve7.pt\/wp-content\/uploads\/2023\/11\/231109_2349erN17_EC_JCF98767_7235.jpg\" \/>\n\t<meta property=\"og:image:width\" content=\"1024\" \/>\n\t<meta property=\"og:image:height\" content=\"683\" \/>\n\t<meta property=\"og:image:type\" content=\"image\/jpeg\" \/>\n<meta name=\"author\" content=\"Algarve 7\" \/>\n<meta name=\"twitter:card\" content=\"summary_large_image\" \/>\n<meta name=\"twitter:creator\" content=\"@Algarvesete\" \/>\n<meta name=\"twitter:site\" content=\"@Algarvesete\" \/>\n<meta name=\"twitter:label1\" content=\"Escrito por\" \/>\n\t<meta name=\"twitter:data1\" content=\"Algarve 7\" \/>\n\t<meta name=\"twitter:label2\" content=\"Tempo estimado de leitura\" \/>\n\t<meta name=\"twitter:data2\" content=\"3 minutos\" \/>\n<script type=\"application\/ld+json\" class=\"yoast-schema-graph\">{\"@context\":\"https:\\\/\\\/schema.org\",\"@graph\":[{\"@type\":\"Article\",\"@id\":\"https:\\\/\\\/algarve7.pt\\\/index.php\\\/2023\\\/11\\\/portugal-mais-perto-de-paris-2024\\\/desporto\\\/19\\\/10\\\/#article\",\"isPartOf\":{\"@id\":\"https:\\\/\\\/algarve7.pt\\\/index.php\\\/2023\\\/11\\\/portugal-mais-perto-de-paris-2024\\\/desporto\\\/19\\\/10\\\/\"},\"author\":{\"name\":\"Algarve 7\",\"@id\":\"https:\\\/\\\/algarve7.pt\\\/#\\\/schema\\\/person\\\/23fa70681308e7b319a3204bcea45e0c\"},\"headline\":\"Portugal mais perto de Paris 2024\",\"datePublished\":\"2023-11-09T19:10:19+00:00\",\"dateModified\":\"2023-11-09T19:10:21+00:00\",\"mainEntityOfPage\":{\"@id\":\"https:\\\/\\\/algarve7.pt\\\/index.php\\\/2023\\\/11\\\/portugal-mais-perto-de-paris-2024\\\/desporto\\\/19\\\/10\\\/\"},\"wordCount\":404,\"publisher\":{\"@id\":\"https:\\\/\\\/algarve7.pt\\\/#organization\"},\"image\":{\"@id\":\"https:\\\/\\\/algarve7.pt\\\/index.php\\\/2023\\\/11\\\/portugal-mais-perto-de-paris-2024\\\/desporto\\\/19\\\/10\\\/#primaryimage\"},\"thumbnailUrl\":\"https:\\\/\\\/algarve7.pt\\\/wp-content\\\/uploads\\\/2023\\\/11\\\/231109_2349erN17_EC_JCF98767_7235.jpg\",\"keywords\":[\"Algarve\",\"Desporto\",\"Vela\",\"Vilamoura\"],\"articleSection\":[\"Desporto\"],\"inLanguage\":\"pt-PT\"},{\"@type\":\"WebPage\",\"@id\":\"https:\\\/\\\/algarve7.pt\\\/index.php\\\/2023\\\/11\\\/portugal-mais-perto-de-paris-2024\\\/desporto\\\/19\\\/10\\\/\",\"url\":\"https:\\\/\\\/algarve7.pt\\\/index.php\\\/2023\\\/11\\\/portugal-mais-perto-de-paris-2024\\\/desporto\\\/19\\\/10\\\/\",\"name\":\"Portugal mais perto de Paris 2024 - Algarve 7\",\"isPartOf\":{\"@id\":\"https:\\\/\\\/algarve7.pt\\\/#website\"},\"primaryImageOfPage\":{\"@id\":\"https:\\\/\\\/algarve7.pt\\\/index.php\\\/2023\\\/11\\\/portugal-mais-perto-de-paris-2024\\\/desporto\\\/19\\\/10\\\/#primaryimage\"},\"image\":{\"@id\":\"https:\\\/\\\/algarve7.pt\\\/index.php\\\/2023\\\/11\\\/portugal-mais-perto-de-paris-2024\\\/desporto\\\/19\\\/10\\\/#primaryimage\"},\"thumbnailUrl\":\"https:\\\/\\\/algarve7.pt\\\/wp-content\\\/uploads\\\/2023\\\/11\\\/231109_2349erN17_EC_JCF98767_7235.jpg\",\"datePublished\":\"2023-11-09T19:10:19+00:00\",\"dateModified\":\"2023-11-09T19:10:21+00:00\",\"description\":\"Portugal mais perto de Paris 2024 Desporto\",\"breadcrumb\":{\"@id\":\"https:\\\/\\\/algarve7.pt\\\/index.php\\\/2023\\\/11\\\/portugal-mais-perto-de-paris-2024\\\/desporto\\\/19\\\/10\\\/#breadcrumb\"},\"inLanguage\":\"pt-PT\",\"potentialAction\":[{\"@type\":\"ReadAction\",\"target\":[\"https:\\\/\\\/algarve7.pt\\\/index.php\\\/2023\\\/11\\\/portugal-mais-perto-de-paris-2024\\\/desporto\\\/19\\\/10\\\/\"]}]},{\"@type\":\"ImageObject\",\"inLanguage\":\"pt-PT\",\"@id\":\"https:\\\/\\\/algarve7.pt\\\/index.php\\\/2023\\\/11\\\/portugal-mais-perto-de-paris-2024\\\/desporto\\\/19\\\/10\\\/#primaryimage\",\"url\":\"https:\\\/\\\/algarve7.pt\\\/wp-content\\\/uploads\\\/2023\\\/11\\\/231109_2349erN17_EC_JCF98767_7235.jpg\",\"contentUrl\":\"https:\\\/\\\/algarve7.pt\\\/wp-content\\\/uploads\\\/2023\\\/11\\\/231109_2349erN17_EC_JCF98767_7235.jpg\",\"width\":1024,\"height\":683},{\"@type\":\"BreadcrumbList\",\"@id\":\"https:\\\/\\\/algarve7.pt\\\/index.php\\\/2023\\\/11\\\/portugal-mais-perto-de-paris-2024\\\/desporto\\\/19\\\/10\\\/#breadcrumb\",\"itemListElement\":[{\"@type\":\"ListItem\",\"position\":1,\"name\":\"In\u00edcio\",\"item\":\"https:\\\/\\\/algarve7.pt\\\/\"},{\"@type\":\"ListItem\",\"position\":2,\"name\":\"Portugal mais perto de Paris 2024\"}]},{\"@type\":\"WebSite\",\"@id\":\"https:\\\/\\\/algarve7.pt\\\/#website\",\"url\":\"https:\\\/\\\/algarve7.pt\\\/\",\"name\":\"Algarve 7\",\"description\":\"Informa\u00e7\u00e3o sobre o Algarve\",\"publisher\":{\"@id\":\"https:\\\/\\\/algarve7.pt\\\/#organization\"},\"potentialAction\":[{\"@type\":\"SearchAction\",\"target\":{\"@type\":\"EntryPoint\",\"urlTemplate\":\"https:\\\/\\\/algarve7.pt\\\/?s={search_term_string}\"},\"query-input\":{\"@type\":\"PropertyValueSpecification\",\"valueRequired\":true,\"valueName\":\"search_term_string\"}}],\"inLanguage\":\"pt-PT\"},{\"@type\":\"Organization\",\"@id\":\"https:\\\/\\\/algarve7.pt\\\/#organization\",\"name\":\"Algarve 7\",\"url\":\"https:\\\/\\\/algarve7.pt\\\/\",\"logo\":{\"@type\":\"ImageObject\",\"inLanguage\":\"pt-PT\",\"@id\":\"https:\\\/\\\/algarve7.pt\\\/#\\\/schema\\\/logo\\\/image\\\/\",\"url\":\"https:\\\/\\\/algarve7.pt\\\/wp-content\\\/uploads\\\/2020\\\/10\\\/Logo-8.jpg\",\"contentUrl\":\"https:\\\/\\\/algarve7.pt\\\/wp-content\\\/uploads\\\/2020\\\/10\\\/Logo-8.jpg\",\"width\":1680,\"height\":1186,\"caption\":\"Algarve 7\"},\"image\":{\"@id\":\"https:\\\/\\\/algarve7.pt\\\/#\\\/schema\\\/logo\\\/image\\\/\"},\"sameAs\":[\"https:\\\/\\\/www.facebook.com\\\/algarve7\",\"https:\\\/\\\/x.com\\\/Algarvesete\",\"https:\\\/\\\/www.instagram.com\\\/jornalalgarve7\\\/\",\"https:\\\/\\\/www.linkedin.com\\\/company\\\/algarve7\",\"https:\\\/\\\/www.pinterest.pt\\\/geral0939\\\/_created\\\/\"]},{\"@type\":\"Person\",\"@id\":\"https:\\\/\\\/algarve7.pt\\\/#\\\/schema\\\/person\\\/23fa70681308e7b319a3204bcea45e0c\",\"name\":\"Algarve 7\",\"sameAs\":[\"https:\\\/\\\/algarve7.pt\",\"https:\\\/\\\/www.facebook.com\\\/algarve7\"],\"url\":\"https:\\\/\\\/algarve7.pt\\\/index.php\\\/author\\\/geralalgarve7-pt\\\/\"}]}<\/script>\n<!-- \/ Yoast SEO plugin. -->","yoast_head_json":{"title":"Portugal mais perto de Paris 2024 - Algarve 7","description":"Portugal mais perto de Paris 2024 Desporto","robots":{"index":"index","follow":"follow","max-snippet":"max-snippet:-1","max-image-preview":"max-image-preview:large","max-video-preview":"max-video-preview:-1"},"canonical":"https:\/\/algarve7.pt\/index.php\/2023\/11\/portugal-mais-perto-de-paris-2024\/desporto\/19\/10\/","og_locale":"pt_PT","og_type":"article","og_title":"Portugal mais perto de Paris 2024 - Algarve 7","og_description":"Portugal mais perto de Paris 2024 Desporto","og_url":"https:\/\/algarve7.pt\/index.php\/2023\/11\/portugal-mais-perto-de-paris-2024\/desporto\/19\/10\/","og_site_name":"Algarve 7","article_publisher":"https:\/\/www.facebook.com\/algarve7","article_author":"https:\/\/www.facebook.com\/algarve7","article_published_time":"2023-11-09T19:10:19+00:00","article_modified_time":"2023-11-09T19:10:21+00:00","og_image":[{"width":1024,"height":683,"url":"https:\/\/algarve7.pt\/wp-content\/uploads\/2023\/11\/231109_2349erN17_EC_JCF98767_7235.jpg","type":"image\/jpeg"}],"author":"Algarve 7","twitter_card":"summary_large_image","twitter_creator":"@Algarvesete","twitter_site":"@Algarvesete","twitter_misc":{"Escrito por":"Algarve 7","Tempo estimado de leitura":"3 minutos"},"schema":{"@context":"https:\/\/schema.org","@graph":[{"@type":"Article","@id":"https:\/\/algarve7.pt\/index.php\/2023\/11\/portugal-mais-perto-de-paris-2024\/desporto\/19\/10\/#article","isPartOf":{"@id":"https:\/\/algarve7.pt\/index.php\/2023\/11\/portugal-mais-perto-de-paris-2024\/desporto\/19\/10\/"},"author":{"name":"Algarve 7","@id":"https:\/\/algarve7.pt\/#\/schema\/person\/23fa70681308e7b319a3204bcea45e0c"},"headline":"Portugal mais perto de Paris 2024","datePublished":"2023-11-09T19:10:19+00:00","dateModified":"2023-11-09T19:10:21+00:00","mainEntityOfPage":{"@id":"https:\/\/algarve7.pt\/index.php\/2023\/11\/portugal-mais-perto-de-paris-2024\/desporto\/19\/10\/"},"wordCount":404,"publisher":{"@id":"https:\/\/algarve7.pt\/#organization"},"image":{"@id":"https:\/\/algarve7.pt\/index.php\/2023\/11\/portugal-mais-perto-de-paris-2024\/desporto\/19\/10\/#primaryimage"},"thumbnailUrl":"https:\/\/algarve7.pt\/wp-content\/uploads\/2023\/11\/231109_2349erN17_EC_JCF98767_7235.jpg","keywords":["Algarve","Desporto","Vela","Vilamoura"],"articleSection":["Desporto"],"inLanguage":"pt-PT"},{"@type":"WebPage","@id":"https:\/\/algarve7.pt\/index.php\/2023\/11\/portugal-mais-perto-de-paris-2024\/desporto\/19\/10\/","url":"https:\/\/algarve7.pt\/index.php\/2023\/11\/portugal-mais-perto-de-paris-2024\/desporto\/19\/10\/","name":"Portugal mais perto de Paris 2024 - Algarve 7","isPartOf":{"@id":"https:\/\/algarve7.pt\/#website"},"primaryImageOfPage":{"@id":"https:\/\/algarve7.pt\/index.php\/2023\/11\/portugal-mais-perto-de-paris-2024\/desporto\/19\/10\/#primaryimage"},"image":{"@id":"https:\/\/algarve7.pt\/index.php\/2023\/11\/portugal-mais-perto-de-paris-2024\/desporto\/19\/10\/#primaryimage"},"thumbnailUrl":"https:\/\/algarve7.pt\/wp-content\/uploads\/2023\/11\/231109_2349erN17_EC_JCF98767_7235.jpg","datePublished":"2023-11-09T19:10:19+00:00","dateModified":"2023-11-09T19:10:21+00:00","description":"Portugal mais perto de Paris 2024 Desporto","breadcrumb":{"@id":"https:\/\/algarve7.pt\/index.php\/2023\/11\/portugal-mais-perto-de-paris-2024\/desporto\/19\/10\/#breadcrumb"},"inLanguage":"pt-PT","potentialAction":[{"@type":"ReadAction","target":["https:\/\/algarve7.pt\/index.php\/2023\/11\/portugal-mais-perto-de-paris-2024\/desporto\/19\/10\/"]}]},{"@type":"ImageObject","inLanguage":"pt-PT","@id":"https:\/\/algarve7.pt\/index.php\/2023\/11\/portugal-mais-perto-de-paris-2024\/desporto\/19\/10\/#primaryimage","url":"https:\/\/algarve7.pt\/wp-content\/uploads\/2023\/11\/231109_2349erN17_EC_JCF98767_7235.jpg","contentUrl":"https:\/\/algarve7.pt\/wp-content\/uploads\/2023\/11\/231109_2349erN17_EC_JCF98767_7235.jpg","width":1024,"height":683},{"@type":"BreadcrumbList","@id":"https:\/\/algarve7.pt\/index.php\/2023\/11\/portugal-mais-perto-de-paris-2024\/desporto\/19\/10\/#breadcrumb","itemListElement":[{"@type":"ListItem","position":1,"name":"In\u00edcio","item":"https:\/\/algarve7.pt\/"},{"@type":"ListItem","position":2,"name":"Portugal mais perto de Paris 2024"}]},{"@type":"WebSite","@id":"https:\/\/algarve7.pt\/#website","url":"https:\/\/algarve7.pt\/","name":"Algarve 7","description":"Informa\u00e7\u00e3o sobre o Algarve","publisher":{"@id":"https:\/\/algarve7.pt\/#organization"},"potentialAction":[{"@type":"SearchAction","target":{"@type":"EntryPoint","urlTemplate":"https:\/\/algarve7.pt\/?s={search_term_string}"},"query-input":{"@type":"PropertyValueSpecification","valueRequired":true,"valueName":"search_term_string"}}],"inLanguage":"pt-PT"},{"@type":"Organization","@id":"https:\/\/algarve7.pt\/#organization","name":"Algarve 7","url":"https:\/\/algarve7.pt\/","logo":{"@type":"ImageObject","inLanguage":"pt-PT","@id":"https:\/\/algarve7.pt\/#\/schema\/logo\/image\/","url":"https:\/\/algarve7.pt\/wp-content\/uploads\/2020\/10\/Logo-8.jpg","contentUrl":"https:\/\/algarve7.pt\/wp-content\/uploads\/2020\/10\/Logo-8.jpg","width":1680,"height":1186,"caption":"Algarve 7"},"image":{"@id":"https:\/\/algarve7.pt\/#\/schema\/logo\/image\/"},"sameAs":["https:\/\/www.facebook.com\/algarve7","https:\/\/x.com\/Algarvesete","https:\/\/www.instagram.com\/jornalalgarve7\/","https:\/\/www.linkedin.com\/company\/algarve7","https:\/\/www.pinterest.pt\/geral0939\/_created\/"]},{"@type":"Person","@id":"https:\/\/algarve7.pt\/#\/schema\/person\/23fa70681308e7b319a3204bcea45e0c","name":"Algarve 7","sameAs":["https:\/\/algarve7.pt","https:\/\/www.facebook.com\/algarve7"],"url":"https:\/\/algarve7.pt\/index.php\/author\/geralalgarve7-pt\/"}]}},"jetpack_publicize_connections":[],"jetpack_featured_media_url":"https:\/\/algarve7.pt\/wp-content\/uploads\/2023\/11\/231109_2349erN17_EC_JCF98767_7235.jpg","jetpack_shortlink":"https:\/\/wp.me\/pcezmW-8yb","jetpack_sharing_enabled":true,"_links":{"self":[{"href":"https:\/\/algarve7.pt\/index.php\/wp-json\/wp\/v2\/posts\/32871","targetHints":{"allow":["GET"]}}],"collection":[{"href":"https:\/\/algarve7.pt\/index.php\/wp-json\/wp\/v2\/posts"}],"about":[{"href":"https:\/\/algarve7.pt\/index.php\/wp-json\/wp\/v2\/types\/post"}],"author":[{"embeddable":true,"href":"https:\/\/algarve7.pt\/index.php\/wp-json\/wp\/v2\/users\/1"}],"replies":[{"embeddable":true,"href":"https:\/\/algarve7.pt\/index.php\/wp-json\/wp\/v2\/comments?post=32871"}],"version-history":[{"count":0,"href":"https:\/\/algarve7.pt\/index.php\/wp-json\/wp\/v2\/posts\/32871\/revisions"}],"wp:featuredmedia":[{"embeddable":true,"href":"https:\/\/algarve7.pt\/index.php\/wp-json\/wp\/v2\/media\/32872"}],"wp:attachment":[{"href":"https:\/\/algarve7.pt\/index.php\/wp-json\/wp\/v2\/media?parent=32871"}],"wp:term":[{"taxonomy":"category","embeddable":true,"href":"https:\/\/algarve7.pt\/index.php\/wp-json\/wp\/v2\/categories?post=32871"},{"taxonomy":"post_tag","embeddable":true,"href":"https:\/\/algarve7.pt\/index.php\/wp-json\/wp\/v2\/tags?post=32871"}],"curies":[{"name":"wp","href":"https:\/\/api.w.org\/{rel}","templated":true}]}}