{"id":32854,"date":"2023-11-09T18:36:59","date_gmt":"2023-11-09T18:36:59","guid":{"rendered":"https:\/\/algarve7.pt\/?p=32854"},"modified":"2023-11-09T18:37:01","modified_gmt":"2023-11-09T18:37:01","slug":"projeto-waterworld-mostra-processo-de-trabalho-com-duas-exposicoes-em-loule","status":"publish","type":"post","link":"https:\/\/algarve7.pt\/index.php\/2023\/11\/projeto-waterworld-mostra-processo-de-trabalho-com-duas-exposicoes-em-loule\/ambiente\/18\/36\/","title":{"rendered":"Projeto &#8220;Waterworld&#8221; mostra processo de trabalho com duas exposi\u00e7\u00f5es em Loul\u00e9"},"content":{"rendered":"\n<p>O projeto multidisciplinar &#8220;Waterworld&#8221;, que visa refletir sobre a subida das \u00e1guas do mar como consequ\u00eancia do aquecimento global, cruzando v\u00e1rias \u00e1reas e disciplinas, e que come\u00e7ou no passado m\u00eas de janeiro, mostra o resultado do seu trabalho com a inaugura\u00e7\u00e3o de duas exposi\u00e7\u00f5es em Loul\u00e9, uma no Convento de Santo Ant\u00f3nio e outra na Mina de Sal-Gema<\/p>\n\n\n\n<p>Assim, no dia 10 de novembro, pelas 18h00, inaugura a exposi\u00e7\u00e3o no Convento, num momento que vai contar com a atua\u00e7\u00e3o do Grupo Coral de Quarteira e do Grupo Coral Infantil de Loul\u00e9. No dia seguinte, 11, \u00e0s 14h00, abre as \u201cportas\u201d a exposi\u00e7\u00e3o na Mina. Nestas exposi\u00e7\u00f5es, estar\u00e3o patentes alguns objetos que resultaram das v\u00e1rias iniciativas destes 9 meses de projeto, que inclu\u00edram conversas, resid\u00eancias art\u00edsticas, oficina de constru\u00e7\u00e3o de embarca\u00e7\u00f5es com materiais reciclados na ilha da Culatra.<\/p>\n\n\n\n<p>Rita Castro, Pavel Tavares, Joke Van Den Heuvel e Bruno Caracol foram os artistas participantes neste projeto, que se estendeu a alguns grupos de investiga\u00e7\u00e3o da Universidade do Algarve, sobretudo aqueles focados no impacto das altera\u00e7\u00f5es sobre a Ria Formosa e em prever o curso dos acontecimentos. Nesta exposi\u00e7\u00e3o podem ser conhecidos alguns objetos que estes artistas criaram \u00e0 medida que o projeto \u201cWaterworld\u201d se ia desenvolvendo, nomeadamente objetos audiovisuais (&#8220;Depois de N\u00f3s o D\u00edluvio&#8221; de Pavel Tavares, &#8220;BIG SPLASH\/ANEMANOS&#8221; de Joke Van den Heuvel, &#8220;Deserta&#8221; de Bruno Caracol); objetos cer\u00e2micos (&#8220;Provoca\u00e7\u00e3o ao Sal&#8221; de Rita Castro, &#8220;Ceramic Salt Garden&#8221; de Joke Van den Heuvel); a edi\u00e7\u00e3o em papel do conto Big Splash, de Joana B\u00e9rtholo, e uma pe\u00e7a sonora criada a partir deste, musicada com o apoio de Ant\u00f3nio Louren\u00e7o Meneses e gravada com o Grupo Coral de Quarteira e o Grupo Coral Infantil de Loul\u00e9; e objetos flutuantes constru\u00eddos durante a oficina de constru\u00e7\u00e3o de embarca\u00e7\u00f5es na Ilha da Culatra.<\/p>\n\n\n\n<p>Este projeto foi tamb\u00e9m o encontro com moradores da Ria Formosa e com a experi\u00eancia quotidiana do movimento dos bancos de areia que habitam, uma oficina de constru\u00e7\u00e3o de embarca\u00e7\u00f5es e uma regata, a cria\u00e7\u00e3o do conto &#8220;Big Splash&#8221; por Joana B\u00e9rtholo, o trabalho de fragment\u00e1-lo e music\u00e1-lo com Ant\u00f3nio Louren\u00e7o Menezes, a tradu\u00e7\u00e3o desta pe\u00e7a para os grupos corais pelo maestro Ricardo Silva.<\/p>\n\n\n\n<p>A exposi\u00e7\u00e3o no Convento de Santo Ant\u00f3nio estar\u00e1 patente at\u00e9 2 de dezembro (10h00-13h30 e as 14h30-18h00) e da Mina de Sal Gema estar\u00e1 patente at\u00e9 ao dia 26 de novembro.<\/p>\n","protected":false},"excerpt":{"rendered":"<p>O projeto multidisciplinar &#8220;Waterworld&#8221;, que visa refletir sobre a subida das \u00e1guas do mar como consequ\u00eancia do aquecimento global, cruzando<\/p>\n","protected":false},"author":1,"featured_media":32855,"comment_status":"closed","ping_status":"open","sticky":false,"template":"","format":"standard","meta":{"colormag_page_container_layout":"default_layout","colormag_page_sidebar_layout":"default_layout","_monsterinsights_skip_tracking":false,"_monsterinsights_sitenote_active":false,"_monsterinsights_sitenote_note":"","_monsterinsights_sitenote_category":0,"jetpack_post_was_ever_published":false,"_jetpack_newsletter_access":"","_jetpack_dont_email_post_to_subs":false,"_jetpack_newsletter_tier_id":0,"_jetpack_memberships_contains_paywalled_content":false,"_jetpack_memberships_contains_paid_content":false,"footnotes":"","jetpack_publicize_message":"","jetpack_publicize_feature_enabled":true,"jetpack_social_post_already_shared":true,"jetpack_social_options":{"image_generator_settings":{"template":"highway","default_image_id":0,"font":"","enabled":false},"version":2}},"categories":[5],"tags":[36,32,31],"class_list":["post-32854","post","type-post","status-publish","format-standard","has-post-thumbnail","hentry","category-ambiente","tag-algarve","tag-ambiente","tag-loule"],"yoast_head":"<!-- This site is optimized with the Yoast SEO plugin v27.5 - https:\/\/yoast.com\/product\/yoast-seo-wordpress\/ -->\n<title>Projeto &quot;Waterworld&quot; mostra processo de trabalho com duas exposi\u00e7\u00f5es em Loul\u00e9 - Algarve 7<\/title>\n<meta name=\"description\" content=\"Projeto &quot;Waterworld&quot; mostra processo de trabalho com duas exposi\u00e7\u00f5es em Loul\u00e9 Ambiente\" \/>\n<meta name=\"robots\" content=\"index, follow, max-snippet:-1, max-image-preview:large, max-video-preview:-1\" \/>\n<link rel=\"canonical\" href=\"https:\/\/algarve7.pt\/index.php\/2023\/11\/projeto-waterworld-mostra-processo-de-trabalho-com-duas-exposicoes-em-loule\/ambiente\/18\/36\/\" \/>\n<meta property=\"og:locale\" content=\"pt_PT\" \/>\n<meta property=\"og:type\" content=\"article\" \/>\n<meta property=\"og:title\" content=\"Projeto &quot;Waterworld&quot; mostra processo de trabalho com duas exposi\u00e7\u00f5es em Loul\u00e9 - Algarve 7\" \/>\n<meta property=\"og:description\" content=\"Projeto &quot;Waterworld&quot; mostra processo de trabalho com duas exposi\u00e7\u00f5es em Loul\u00e9 Ambiente\" \/>\n<meta property=\"og:url\" content=\"https:\/\/algarve7.pt\/index.php\/2023\/11\/projeto-waterworld-mostra-processo-de-trabalho-com-duas-exposicoes-em-loule\/ambiente\/18\/36\/\" \/>\n<meta property=\"og:site_name\" content=\"Algarve 7\" \/>\n<meta property=\"article:publisher\" content=\"https:\/\/www.facebook.com\/algarve7\" \/>\n<meta property=\"article:author\" content=\"https:\/\/www.facebook.com\/algarve7\" \/>\n<meta property=\"article:published_time\" content=\"2023-11-09T18:36:59+00:00\" \/>\n<meta property=\"article:modified_time\" content=\"2023-11-09T18:37:01+00:00\" \/>\n<meta property=\"og:image\" content=\"https:\/\/algarve7.pt\/wp-content\/uploads\/2023\/11\/waterworld.jpg\" \/>\n\t<meta property=\"og:image:width\" content=\"1024\" \/>\n\t<meta property=\"og:image:height\" content=\"576\" \/>\n\t<meta property=\"og:image:type\" content=\"image\/jpeg\" \/>\n<meta name=\"author\" content=\"Algarve 7\" \/>\n<meta name=\"twitter:card\" content=\"summary_large_image\" \/>\n<meta name=\"twitter:creator\" content=\"@Algarvesete\" \/>\n<meta name=\"twitter:site\" content=\"@Algarvesete\" \/>\n<meta name=\"twitter:label1\" content=\"Escrito por\" \/>\n\t<meta name=\"twitter:data1\" content=\"Algarve 7\" \/>\n\t<meta name=\"twitter:label2\" content=\"Tempo estimado de leitura\" \/>\n\t<meta name=\"twitter:data2\" content=\"3 minutos\" \/>\n<script type=\"application\/ld+json\" class=\"yoast-schema-graph\">{\"@context\":\"https:\\\/\\\/schema.org\",\"@graph\":[{\"@type\":\"Article\",\"@id\":\"https:\\\/\\\/algarve7.pt\\\/index.php\\\/2023\\\/11\\\/projeto-waterworld-mostra-processo-de-trabalho-com-duas-exposicoes-em-loule\\\/ambiente\\\/18\\\/36\\\/#article\",\"isPartOf\":{\"@id\":\"https:\\\/\\\/algarve7.pt\\\/index.php\\\/2023\\\/11\\\/projeto-waterworld-mostra-processo-de-trabalho-com-duas-exposicoes-em-loule\\\/ambiente\\\/18\\\/36\\\/\"},\"author\":{\"name\":\"Algarve 7\",\"@id\":\"https:\\\/\\\/algarve7.pt\\\/#\\\/schema\\\/person\\\/23fa70681308e7b319a3204bcea45e0c\"},\"headline\":\"Projeto &#8220;Waterworld&#8221; mostra processo de trabalho com duas exposi\u00e7\u00f5es em Loul\u00e9\",\"datePublished\":\"2023-11-09T18:36:59+00:00\",\"dateModified\":\"2023-11-09T18:37:01+00:00\",\"mainEntityOfPage\":{\"@id\":\"https:\\\/\\\/algarve7.pt\\\/index.php\\\/2023\\\/11\\\/projeto-waterworld-mostra-processo-de-trabalho-com-duas-exposicoes-em-loule\\\/ambiente\\\/18\\\/36\\\/\"},\"wordCount\":452,\"publisher\":{\"@id\":\"https:\\\/\\\/algarve7.pt\\\/#organization\"},\"image\":{\"@id\":\"https:\\\/\\\/algarve7.pt\\\/index.php\\\/2023\\\/11\\\/projeto-waterworld-mostra-processo-de-trabalho-com-duas-exposicoes-em-loule\\\/ambiente\\\/18\\\/36\\\/#primaryimage\"},\"thumbnailUrl\":\"https:\\\/\\\/algarve7.pt\\\/wp-content\\\/uploads\\\/2023\\\/11\\\/waterworld.jpg\",\"keywords\":[\"Algarve\",\"Ambiente\",\"Loul\u00e9\"],\"articleSection\":[\"Ambiente\"],\"inLanguage\":\"pt-PT\"},{\"@type\":\"WebPage\",\"@id\":\"https:\\\/\\\/algarve7.pt\\\/index.php\\\/2023\\\/11\\\/projeto-waterworld-mostra-processo-de-trabalho-com-duas-exposicoes-em-loule\\\/ambiente\\\/18\\\/36\\\/\",\"url\":\"https:\\\/\\\/algarve7.pt\\\/index.php\\\/2023\\\/11\\\/projeto-waterworld-mostra-processo-de-trabalho-com-duas-exposicoes-em-loule\\\/ambiente\\\/18\\\/36\\\/\",\"name\":\"Projeto \\\"Waterworld\\\" mostra processo de trabalho com duas exposi\u00e7\u00f5es em Loul\u00e9 - Algarve 7\",\"isPartOf\":{\"@id\":\"https:\\\/\\\/algarve7.pt\\\/#website\"},\"primaryImageOfPage\":{\"@id\":\"https:\\\/\\\/algarve7.pt\\\/index.php\\\/2023\\\/11\\\/projeto-waterworld-mostra-processo-de-trabalho-com-duas-exposicoes-em-loule\\\/ambiente\\\/18\\\/36\\\/#primaryimage\"},\"image\":{\"@id\":\"https:\\\/\\\/algarve7.pt\\\/index.php\\\/2023\\\/11\\\/projeto-waterworld-mostra-processo-de-trabalho-com-duas-exposicoes-em-loule\\\/ambiente\\\/18\\\/36\\\/#primaryimage\"},\"thumbnailUrl\":\"https:\\\/\\\/algarve7.pt\\\/wp-content\\\/uploads\\\/2023\\\/11\\\/waterworld.jpg\",\"datePublished\":\"2023-11-09T18:36:59+00:00\",\"dateModified\":\"2023-11-09T18:37:01+00:00\",\"description\":\"Projeto \\\"Waterworld\\\" mostra processo de trabalho com duas exposi\u00e7\u00f5es em Loul\u00e9 Ambiente\",\"breadcrumb\":{\"@id\":\"https:\\\/\\\/algarve7.pt\\\/index.php\\\/2023\\\/11\\\/projeto-waterworld-mostra-processo-de-trabalho-com-duas-exposicoes-em-loule\\\/ambiente\\\/18\\\/36\\\/#breadcrumb\"},\"inLanguage\":\"pt-PT\",\"potentialAction\":[{\"@type\":\"ReadAction\",\"target\":[\"https:\\\/\\\/algarve7.pt\\\/index.php\\\/2023\\\/11\\\/projeto-waterworld-mostra-processo-de-trabalho-com-duas-exposicoes-em-loule\\\/ambiente\\\/18\\\/36\\\/\"]}]},{\"@type\":\"ImageObject\",\"inLanguage\":\"pt-PT\",\"@id\":\"https:\\\/\\\/algarve7.pt\\\/index.php\\\/2023\\\/11\\\/projeto-waterworld-mostra-processo-de-trabalho-com-duas-exposicoes-em-loule\\\/ambiente\\\/18\\\/36\\\/#primaryimage\",\"url\":\"https:\\\/\\\/algarve7.pt\\\/wp-content\\\/uploads\\\/2023\\\/11\\\/waterworld.jpg\",\"contentUrl\":\"https:\\\/\\\/algarve7.pt\\\/wp-content\\\/uploads\\\/2023\\\/11\\\/waterworld.jpg\",\"width\":1024,\"height\":576},{\"@type\":\"BreadcrumbList\",\"@id\":\"https:\\\/\\\/algarve7.pt\\\/index.php\\\/2023\\\/11\\\/projeto-waterworld-mostra-processo-de-trabalho-com-duas-exposicoes-em-loule\\\/ambiente\\\/18\\\/36\\\/#breadcrumb\",\"itemListElement\":[{\"@type\":\"ListItem\",\"position\":1,\"name\":\"In\u00edcio\",\"item\":\"https:\\\/\\\/algarve7.pt\\\/\"},{\"@type\":\"ListItem\",\"position\":2,\"name\":\"Projeto &#8220;Waterworld&#8221; mostra processo de trabalho com duas exposi\u00e7\u00f5es em Loul\u00e9\"}]},{\"@type\":\"WebSite\",\"@id\":\"https:\\\/\\\/algarve7.pt\\\/#website\",\"url\":\"https:\\\/\\\/algarve7.pt\\\/\",\"name\":\"Algarve 7\",\"description\":\"Informa\u00e7\u00e3o sobre o Algarve\",\"publisher\":{\"@id\":\"https:\\\/\\\/algarve7.pt\\\/#organization\"},\"potentialAction\":[{\"@type\":\"SearchAction\",\"target\":{\"@type\":\"EntryPoint\",\"urlTemplate\":\"https:\\\/\\\/algarve7.pt\\\/?s={search_term_string}\"},\"query-input\":{\"@type\":\"PropertyValueSpecification\",\"valueRequired\":true,\"valueName\":\"search_term_string\"}}],\"inLanguage\":\"pt-PT\"},{\"@type\":\"Organization\",\"@id\":\"https:\\\/\\\/algarve7.pt\\\/#organization\",\"name\":\"Algarve 7\",\"url\":\"https:\\\/\\\/algarve7.pt\\\/\",\"logo\":{\"@type\":\"ImageObject\",\"inLanguage\":\"pt-PT\",\"@id\":\"https:\\\/\\\/algarve7.pt\\\/#\\\/schema\\\/logo\\\/image\\\/\",\"url\":\"https:\\\/\\\/algarve7.pt\\\/wp-content\\\/uploads\\\/2020\\\/10\\\/Logo-8.jpg\",\"contentUrl\":\"https:\\\/\\\/algarve7.pt\\\/wp-content\\\/uploads\\\/2020\\\/10\\\/Logo-8.jpg\",\"width\":1680,\"height\":1186,\"caption\":\"Algarve 7\"},\"image\":{\"@id\":\"https:\\\/\\\/algarve7.pt\\\/#\\\/schema\\\/logo\\\/image\\\/\"},\"sameAs\":[\"https:\\\/\\\/www.facebook.com\\\/algarve7\",\"https:\\\/\\\/x.com\\\/Algarvesete\",\"https:\\\/\\\/www.instagram.com\\\/jornalalgarve7\\\/\",\"https:\\\/\\\/www.linkedin.com\\\/company\\\/algarve7\",\"https:\\\/\\\/www.pinterest.pt\\\/geral0939\\\/_created\\\/\"]},{\"@type\":\"Person\",\"@id\":\"https:\\\/\\\/algarve7.pt\\\/#\\\/schema\\\/person\\\/23fa70681308e7b319a3204bcea45e0c\",\"name\":\"Algarve 7\",\"sameAs\":[\"https:\\\/\\\/algarve7.pt\",\"https:\\\/\\\/www.facebook.com\\\/algarve7\"],\"url\":\"https:\\\/\\\/algarve7.pt\\\/index.php\\\/author\\\/geralalgarve7-pt\\\/\"}]}<\/script>\n<!-- \/ Yoast SEO plugin. -->","yoast_head_json":{"title":"Projeto \"Waterworld\" mostra processo de trabalho com duas exposi\u00e7\u00f5es em Loul\u00e9 - Algarve 7","description":"Projeto \"Waterworld\" mostra processo de trabalho com duas exposi\u00e7\u00f5es em Loul\u00e9 Ambiente","robots":{"index":"index","follow":"follow","max-snippet":"max-snippet:-1","max-image-preview":"max-image-preview:large","max-video-preview":"max-video-preview:-1"},"canonical":"https:\/\/algarve7.pt\/index.php\/2023\/11\/projeto-waterworld-mostra-processo-de-trabalho-com-duas-exposicoes-em-loule\/ambiente\/18\/36\/","og_locale":"pt_PT","og_type":"article","og_title":"Projeto \"Waterworld\" mostra processo de trabalho com duas exposi\u00e7\u00f5es em Loul\u00e9 - Algarve 7","og_description":"Projeto \"Waterworld\" mostra processo de trabalho com duas exposi\u00e7\u00f5es em Loul\u00e9 Ambiente","og_url":"https:\/\/algarve7.pt\/index.php\/2023\/11\/projeto-waterworld-mostra-processo-de-trabalho-com-duas-exposicoes-em-loule\/ambiente\/18\/36\/","og_site_name":"Algarve 7","article_publisher":"https:\/\/www.facebook.com\/algarve7","article_author":"https:\/\/www.facebook.com\/algarve7","article_published_time":"2023-11-09T18:36:59+00:00","article_modified_time":"2023-11-09T18:37:01+00:00","og_image":[{"width":1024,"height":576,"url":"https:\/\/algarve7.pt\/wp-content\/uploads\/2023\/11\/waterworld.jpg","type":"image\/jpeg"}],"author":"Algarve 7","twitter_card":"summary_large_image","twitter_creator":"@Algarvesete","twitter_site":"@Algarvesete","twitter_misc":{"Escrito por":"Algarve 7","Tempo estimado de leitura":"3 minutos"},"schema":{"@context":"https:\/\/schema.org","@graph":[{"@type":"Article","@id":"https:\/\/algarve7.pt\/index.php\/2023\/11\/projeto-waterworld-mostra-processo-de-trabalho-com-duas-exposicoes-em-loule\/ambiente\/18\/36\/#article","isPartOf":{"@id":"https:\/\/algarve7.pt\/index.php\/2023\/11\/projeto-waterworld-mostra-processo-de-trabalho-com-duas-exposicoes-em-loule\/ambiente\/18\/36\/"},"author":{"name":"Algarve 7","@id":"https:\/\/algarve7.pt\/#\/schema\/person\/23fa70681308e7b319a3204bcea45e0c"},"headline":"Projeto &#8220;Waterworld&#8221; mostra processo de trabalho com duas exposi\u00e7\u00f5es em Loul\u00e9","datePublished":"2023-11-09T18:36:59+00:00","dateModified":"2023-11-09T18:37:01+00:00","mainEntityOfPage":{"@id":"https:\/\/algarve7.pt\/index.php\/2023\/11\/projeto-waterworld-mostra-processo-de-trabalho-com-duas-exposicoes-em-loule\/ambiente\/18\/36\/"},"wordCount":452,"publisher":{"@id":"https:\/\/algarve7.pt\/#organization"},"image":{"@id":"https:\/\/algarve7.pt\/index.php\/2023\/11\/projeto-waterworld-mostra-processo-de-trabalho-com-duas-exposicoes-em-loule\/ambiente\/18\/36\/#primaryimage"},"thumbnailUrl":"https:\/\/algarve7.pt\/wp-content\/uploads\/2023\/11\/waterworld.jpg","keywords":["Algarve","Ambiente","Loul\u00e9"],"articleSection":["Ambiente"],"inLanguage":"pt-PT"},{"@type":"WebPage","@id":"https:\/\/algarve7.pt\/index.php\/2023\/11\/projeto-waterworld-mostra-processo-de-trabalho-com-duas-exposicoes-em-loule\/ambiente\/18\/36\/","url":"https:\/\/algarve7.pt\/index.php\/2023\/11\/projeto-waterworld-mostra-processo-de-trabalho-com-duas-exposicoes-em-loule\/ambiente\/18\/36\/","name":"Projeto \"Waterworld\" mostra processo de trabalho com duas exposi\u00e7\u00f5es em Loul\u00e9 - Algarve 7","isPartOf":{"@id":"https:\/\/algarve7.pt\/#website"},"primaryImageOfPage":{"@id":"https:\/\/algarve7.pt\/index.php\/2023\/11\/projeto-waterworld-mostra-processo-de-trabalho-com-duas-exposicoes-em-loule\/ambiente\/18\/36\/#primaryimage"},"image":{"@id":"https:\/\/algarve7.pt\/index.php\/2023\/11\/projeto-waterworld-mostra-processo-de-trabalho-com-duas-exposicoes-em-loule\/ambiente\/18\/36\/#primaryimage"},"thumbnailUrl":"https:\/\/algarve7.pt\/wp-content\/uploads\/2023\/11\/waterworld.jpg","datePublished":"2023-11-09T18:36:59+00:00","dateModified":"2023-11-09T18:37:01+00:00","description":"Projeto \"Waterworld\" mostra processo de trabalho com duas exposi\u00e7\u00f5es em Loul\u00e9 Ambiente","breadcrumb":{"@id":"https:\/\/algarve7.pt\/index.php\/2023\/11\/projeto-waterworld-mostra-processo-de-trabalho-com-duas-exposicoes-em-loule\/ambiente\/18\/36\/#breadcrumb"},"inLanguage":"pt-PT","potentialAction":[{"@type":"ReadAction","target":["https:\/\/algarve7.pt\/index.php\/2023\/11\/projeto-waterworld-mostra-processo-de-trabalho-com-duas-exposicoes-em-loule\/ambiente\/18\/36\/"]}]},{"@type":"ImageObject","inLanguage":"pt-PT","@id":"https:\/\/algarve7.pt\/index.php\/2023\/11\/projeto-waterworld-mostra-processo-de-trabalho-com-duas-exposicoes-em-loule\/ambiente\/18\/36\/#primaryimage","url":"https:\/\/algarve7.pt\/wp-content\/uploads\/2023\/11\/waterworld.jpg","contentUrl":"https:\/\/algarve7.pt\/wp-content\/uploads\/2023\/11\/waterworld.jpg","width":1024,"height":576},{"@type":"BreadcrumbList","@id":"https:\/\/algarve7.pt\/index.php\/2023\/11\/projeto-waterworld-mostra-processo-de-trabalho-com-duas-exposicoes-em-loule\/ambiente\/18\/36\/#breadcrumb","itemListElement":[{"@type":"ListItem","position":1,"name":"In\u00edcio","item":"https:\/\/algarve7.pt\/"},{"@type":"ListItem","position":2,"name":"Projeto &#8220;Waterworld&#8221; mostra processo de trabalho com duas exposi\u00e7\u00f5es em Loul\u00e9"}]},{"@type":"WebSite","@id":"https:\/\/algarve7.pt\/#website","url":"https:\/\/algarve7.pt\/","name":"Algarve 7","description":"Informa\u00e7\u00e3o sobre o Algarve","publisher":{"@id":"https:\/\/algarve7.pt\/#organization"},"potentialAction":[{"@type":"SearchAction","target":{"@type":"EntryPoint","urlTemplate":"https:\/\/algarve7.pt\/?s={search_term_string}"},"query-input":{"@type":"PropertyValueSpecification","valueRequired":true,"valueName":"search_term_string"}}],"inLanguage":"pt-PT"},{"@type":"Organization","@id":"https:\/\/algarve7.pt\/#organization","name":"Algarve 7","url":"https:\/\/algarve7.pt\/","logo":{"@type":"ImageObject","inLanguage":"pt-PT","@id":"https:\/\/algarve7.pt\/#\/schema\/logo\/image\/","url":"https:\/\/algarve7.pt\/wp-content\/uploads\/2020\/10\/Logo-8.jpg","contentUrl":"https:\/\/algarve7.pt\/wp-content\/uploads\/2020\/10\/Logo-8.jpg","width":1680,"height":1186,"caption":"Algarve 7"},"image":{"@id":"https:\/\/algarve7.pt\/#\/schema\/logo\/image\/"},"sameAs":["https:\/\/www.facebook.com\/algarve7","https:\/\/x.com\/Algarvesete","https:\/\/www.instagram.com\/jornalalgarve7\/","https:\/\/www.linkedin.com\/company\/algarve7","https:\/\/www.pinterest.pt\/geral0939\/_created\/"]},{"@type":"Person","@id":"https:\/\/algarve7.pt\/#\/schema\/person\/23fa70681308e7b319a3204bcea45e0c","name":"Algarve 7","sameAs":["https:\/\/algarve7.pt","https:\/\/www.facebook.com\/algarve7"],"url":"https:\/\/algarve7.pt\/index.php\/author\/geralalgarve7-pt\/"}]}},"jetpack_publicize_connections":[],"jetpack_featured_media_url":"https:\/\/algarve7.pt\/wp-content\/uploads\/2023\/11\/waterworld.jpg","jetpack_shortlink":"https:\/\/wp.me\/pcezmW-8xU","jetpack_sharing_enabled":true,"_links":{"self":[{"href":"https:\/\/algarve7.pt\/index.php\/wp-json\/wp\/v2\/posts\/32854","targetHints":{"allow":["GET"]}}],"collection":[{"href":"https:\/\/algarve7.pt\/index.php\/wp-json\/wp\/v2\/posts"}],"about":[{"href":"https:\/\/algarve7.pt\/index.php\/wp-json\/wp\/v2\/types\/post"}],"author":[{"embeddable":true,"href":"https:\/\/algarve7.pt\/index.php\/wp-json\/wp\/v2\/users\/1"}],"replies":[{"embeddable":true,"href":"https:\/\/algarve7.pt\/index.php\/wp-json\/wp\/v2\/comments?post=32854"}],"version-history":[{"count":0,"href":"https:\/\/algarve7.pt\/index.php\/wp-json\/wp\/v2\/posts\/32854\/revisions"}],"wp:featuredmedia":[{"embeddable":true,"href":"https:\/\/algarve7.pt\/index.php\/wp-json\/wp\/v2\/media\/32855"}],"wp:attachment":[{"href":"https:\/\/algarve7.pt\/index.php\/wp-json\/wp\/v2\/media?parent=32854"}],"wp:term":[{"taxonomy":"category","embeddable":true,"href":"https:\/\/algarve7.pt\/index.php\/wp-json\/wp\/v2\/categories?post=32854"},{"taxonomy":"post_tag","embeddable":true,"href":"https:\/\/algarve7.pt\/index.php\/wp-json\/wp\/v2\/tags?post=32854"}],"curies":[{"name":"wp","href":"https:\/\/api.w.org\/{rel}","templated":true}]}}