{"id":32827,"date":"2023-11-10T09:30:00","date_gmt":"2023-11-10T09:30:00","guid":{"rendered":"https:\/\/algarve7.pt\/?p=32827"},"modified":"2023-11-08T18:07:00","modified_gmt":"2023-11-08T18:07:00","slug":"intec-lanca-rede-de-municipios-para-promover-a-qualidade-de-vida-em-portugal","status":"publish","type":"post","link":"https:\/\/algarve7.pt\/index.php\/2023\/11\/intec-lanca-rede-de-municipios-para-promover-a-qualidade-de-vida-em-portugal\/nacional\/09\/30\/","title":{"rendered":"INTEC lan\u00e7a Rede de Munic\u00edpios para promover a qualidade de vida em Portugal"},"content":{"rendered":"\n<p>O INTEC &#8211; Instituto de Tecnologia Comportamental \u2013 acaba de formalizar a cria\u00e7\u00e3o de uma Rede de Munic\u00edpios com Qualidade de Vida, cujo objetivo passa por monitorizar a qualidade de vida em cada Munic\u00edpio e, consequentemente, oferecer solu\u00e7\u00f5es adequadas aos respetivos cidad\u00e3os.<\/p>\n\n\n\n<p>Ao integrarem esta Rede, os Munic\u00edpios comprometem-se a avaliar e a monitorizar a qualidade de vida nos seus concelhos, o que lhes ir\u00e1 permitir perceber quais os pontos que devem melhorar para fomentar a qualidade de vida dos seus mun\u00edcipes. Para a sua funda\u00e7\u00e3o, esta Rede de Munic\u00edpios com Qualidade de Vida conta com um conjunto de Munic\u00edpios muito variado e com carater\u00edsticas distintas.&nbsp;<strong>Os Munic\u00edpios fundadores desta Rede s\u00e3o: Lagoa, Vila Nova de Famalic\u00e3o, Arronches, Pombal, Vila Nova de Gaia, Condeixa, Trofa, Vila Verde, Velas (A\u00e7ores).<\/strong><\/p>\n\n\n\n<p>Al\u00e9m de os Munic\u00edpios integrantes receberem um selo, que declara que os mesmos est\u00e3o comprometidos em melhorar a qualidade de vida, participam ativamente no F\u00f3rum anual de boas pr\u00e1ticas de qualidade de vida, onde os munic\u00edpios integrantes podem partilhar as boas pr\u00e1ticas que t\u00eam implementado, originando um espa\u00e7o de discuss\u00e3o e de troca de ideias.<\/p>\n\n\n\n<p>\u201cMelhorar a qualidade de vida dos portugueses \u00e9 um esfor\u00e7o que deve ser feito em conjunto. Este \u00e9 um tema que tem tido, cada vez mais, aten\u00e7\u00e3o por parte dos autarcas, que procuram perceber de que forma podem melhorar a qualidade de vida dos seus mun\u00edcipes\u201d, afirma Patr\u00edcia Jardim da Palma, Presidente da Dire\u00e7\u00e3o do INTEC. \u201cPretendemos, assim, colocar a \u201cqualidade de vida local\u201d na agenda nacional e torn\u00e1-la numa ferramenta de governan\u00e7a, possibilitando que os autarcas tornem as suas comunidades mais atrativas, din\u00e2micas e pr\u00f3speras. Foi neste sentido que decidimos criar esta Rede, na esperan\u00e7a de que, futuramente, outros munic\u00edpios se juntem\u201d.<\/p>\n\n\n\n<p>H\u00e1 v\u00e1rios anos que o INTEC tem trabalhado o tema da qualidade de vida, no \u00e2mbito do projeto Melhores Munic\u00edpios para Viver, al\u00e9m de ter lan\u00e7ado, recentemente, o Relat\u00f3rio de Avalia\u00e7\u00e3o de Condi\u00e7\u00f5es de Vida &#8211; Melhores Munic\u00edpios para Viver, Edi\u00e7\u00e3o 2023.<\/p>\n","protected":false},"excerpt":{"rendered":"<p>O INTEC &#8211; Instituto de Tecnologia Comportamental \u2013 acaba de formalizar a cria\u00e7\u00e3o de uma Rede de Munic\u00edpios com Qualidade<\/p>\n","protected":false},"author":1,"featured_media":32828,"comment_status":"closed","ping_status":"open","sticky":false,"template":"","format":"standard","meta":{"colormag_page_container_layout":"default_layout","colormag_page_sidebar_layout":"default_layout","_monsterinsights_skip_tracking":false,"_monsterinsights_sitenote_active":false,"_monsterinsights_sitenote_note":"","_monsterinsights_sitenote_category":0,"jetpack_post_was_ever_published":false,"_jetpack_newsletter_access":"","_jetpack_dont_email_post_to_subs":false,"_jetpack_newsletter_tier_id":0,"_jetpack_memberships_contains_paywalled_content":false,"_jetpack_memberships_contains_paid_content":false,"footnotes":"","jetpack_publicize_message":"","jetpack_publicize_feature_enabled":true,"jetpack_social_post_already_shared":true,"jetpack_social_options":{"image_generator_settings":{"template":"highway","default_image_id":0,"font":"","enabled":false},"version":2}},"categories":[189],"tags":[62,48,98],"class_list":["post-32827","post","type-post","status-publish","format-standard","has-post-thumbnail","hentry","category-nacional","tag-atualidade","tag-lagoa","tag-nacional"],"yoast_head":"<!-- This site is optimized with the Yoast SEO plugin v27.5 - https:\/\/yoast.com\/product\/yoast-seo-wordpress\/ -->\n<title>INTEC lan\u00e7a Rede de Munic\u00edpios para promover a qualidade de vida em Portugal - Algarve 7<\/title>\n<meta name=\"description\" content=\"INTEC lan\u00e7a Rede de Munic\u00edpios para promover a qualidade de vida em Portugal Nacional\" \/>\n<meta name=\"robots\" content=\"index, follow, max-snippet:-1, max-image-preview:large, max-video-preview:-1\" \/>\n<link rel=\"canonical\" href=\"https:\/\/algarve7.pt\/index.php\/2023\/11\/intec-lanca-rede-de-municipios-para-promover-a-qualidade-de-vida-em-portugal\/nacional\/09\/30\/\" \/>\n<meta property=\"og:locale\" content=\"pt_PT\" \/>\n<meta property=\"og:type\" content=\"article\" \/>\n<meta property=\"og:title\" content=\"INTEC lan\u00e7a Rede de Munic\u00edpios para promover a qualidade de vida em Portugal - Algarve 7\" \/>\n<meta property=\"og:description\" content=\"INTEC lan\u00e7a Rede de Munic\u00edpios para promover a qualidade de vida em Portugal Nacional\" \/>\n<meta property=\"og:url\" content=\"https:\/\/algarve7.pt\/index.php\/2023\/11\/intec-lanca-rede-de-municipios-para-promover-a-qualidade-de-vida-em-portugal\/nacional\/09\/30\/\" \/>\n<meta property=\"og:site_name\" content=\"Algarve 7\" \/>\n<meta property=\"article:publisher\" content=\"https:\/\/www.facebook.com\/algarve7\" \/>\n<meta property=\"article:author\" content=\"https:\/\/www.facebook.com\/algarve7\" \/>\n<meta property=\"article:published_time\" content=\"2023-11-10T09:30:00+00:00\" \/>\n<meta property=\"og:image\" content=\"https:\/\/algarve7.pt\/wp-content\/uploads\/2023\/11\/Instituto_de_Tecnologia_Comportamental_1.jpg\" \/>\n\t<meta property=\"og:image:width\" content=\"850\" \/>\n\t<meta property=\"og:image:height\" content=\"605\" \/>\n\t<meta property=\"og:image:type\" content=\"image\/jpeg\" \/>\n<meta name=\"author\" content=\"Algarve 7\" \/>\n<meta name=\"twitter:card\" content=\"summary_large_image\" \/>\n<meta name=\"twitter:creator\" content=\"@Algarvesete\" \/>\n<meta name=\"twitter:site\" content=\"@Algarvesete\" \/>\n<meta name=\"twitter:label1\" content=\"Escrito por\" \/>\n\t<meta name=\"twitter:data1\" content=\"Algarve 7\" \/>\n\t<meta name=\"twitter:label2\" content=\"Tempo estimado de leitura\" \/>\n\t<meta name=\"twitter:data2\" content=\"2 minutos\" \/>\n<script type=\"application\/ld+json\" class=\"yoast-schema-graph\">{\"@context\":\"https:\\\/\\\/schema.org\",\"@graph\":[{\"@type\":\"Article\",\"@id\":\"https:\\\/\\\/algarve7.pt\\\/index.php\\\/2023\\\/11\\\/intec-lanca-rede-de-municipios-para-promover-a-qualidade-de-vida-em-portugal\\\/nacional\\\/09\\\/30\\\/#article\",\"isPartOf\":{\"@id\":\"https:\\\/\\\/algarve7.pt\\\/index.php\\\/2023\\\/11\\\/intec-lanca-rede-de-municipios-para-promover-a-qualidade-de-vida-em-portugal\\\/nacional\\\/09\\\/30\\\/\"},\"author\":{\"name\":\"Algarve 7\",\"@id\":\"https:\\\/\\\/algarve7.pt\\\/#\\\/schema\\\/person\\\/23fa70681308e7b319a3204bcea45e0c\"},\"headline\":\"INTEC lan\u00e7a Rede de Munic\u00edpios para promover a qualidade de vida em Portugal\",\"datePublished\":\"2023-11-10T09:30:00+00:00\",\"mainEntityOfPage\":{\"@id\":\"https:\\\/\\\/algarve7.pt\\\/index.php\\\/2023\\\/11\\\/intec-lanca-rede-de-municipios-para-promover-a-qualidade-de-vida-em-portugal\\\/nacional\\\/09\\\/30\\\/\"},\"wordCount\":386,\"publisher\":{\"@id\":\"https:\\\/\\\/algarve7.pt\\\/#organization\"},\"image\":{\"@id\":\"https:\\\/\\\/algarve7.pt\\\/index.php\\\/2023\\\/11\\\/intec-lanca-rede-de-municipios-para-promover-a-qualidade-de-vida-em-portugal\\\/nacional\\\/09\\\/30\\\/#primaryimage\"},\"thumbnailUrl\":\"https:\\\/\\\/algarve7.pt\\\/wp-content\\\/uploads\\\/2023\\\/11\\\/Instituto_de_Tecnologia_Comportamental_1.jpg\",\"keywords\":[\"Atualidade\",\"Lagoa\",\"Nacional\"],\"articleSection\":[\"Nacional\"],\"inLanguage\":\"pt-PT\"},{\"@type\":\"WebPage\",\"@id\":\"https:\\\/\\\/algarve7.pt\\\/index.php\\\/2023\\\/11\\\/intec-lanca-rede-de-municipios-para-promover-a-qualidade-de-vida-em-portugal\\\/nacional\\\/09\\\/30\\\/\",\"url\":\"https:\\\/\\\/algarve7.pt\\\/index.php\\\/2023\\\/11\\\/intec-lanca-rede-de-municipios-para-promover-a-qualidade-de-vida-em-portugal\\\/nacional\\\/09\\\/30\\\/\",\"name\":\"INTEC lan\u00e7a Rede de Munic\u00edpios para promover a qualidade de vida em Portugal - Algarve 7\",\"isPartOf\":{\"@id\":\"https:\\\/\\\/algarve7.pt\\\/#website\"},\"primaryImageOfPage\":{\"@id\":\"https:\\\/\\\/algarve7.pt\\\/index.php\\\/2023\\\/11\\\/intec-lanca-rede-de-municipios-para-promover-a-qualidade-de-vida-em-portugal\\\/nacional\\\/09\\\/30\\\/#primaryimage\"},\"image\":{\"@id\":\"https:\\\/\\\/algarve7.pt\\\/index.php\\\/2023\\\/11\\\/intec-lanca-rede-de-municipios-para-promover-a-qualidade-de-vida-em-portugal\\\/nacional\\\/09\\\/30\\\/#primaryimage\"},\"thumbnailUrl\":\"https:\\\/\\\/algarve7.pt\\\/wp-content\\\/uploads\\\/2023\\\/11\\\/Instituto_de_Tecnologia_Comportamental_1.jpg\",\"datePublished\":\"2023-11-10T09:30:00+00:00\",\"description\":\"INTEC lan\u00e7a Rede de Munic\u00edpios para promover a qualidade de vida em Portugal Nacional\",\"breadcrumb\":{\"@id\":\"https:\\\/\\\/algarve7.pt\\\/index.php\\\/2023\\\/11\\\/intec-lanca-rede-de-municipios-para-promover-a-qualidade-de-vida-em-portugal\\\/nacional\\\/09\\\/30\\\/#breadcrumb\"},\"inLanguage\":\"pt-PT\",\"potentialAction\":[{\"@type\":\"ReadAction\",\"target\":[\"https:\\\/\\\/algarve7.pt\\\/index.php\\\/2023\\\/11\\\/intec-lanca-rede-de-municipios-para-promover-a-qualidade-de-vida-em-portugal\\\/nacional\\\/09\\\/30\\\/\"]}]},{\"@type\":\"ImageObject\",\"inLanguage\":\"pt-PT\",\"@id\":\"https:\\\/\\\/algarve7.pt\\\/index.php\\\/2023\\\/11\\\/intec-lanca-rede-de-municipios-para-promover-a-qualidade-de-vida-em-portugal\\\/nacional\\\/09\\\/30\\\/#primaryimage\",\"url\":\"https:\\\/\\\/algarve7.pt\\\/wp-content\\\/uploads\\\/2023\\\/11\\\/Instituto_de_Tecnologia_Comportamental_1.jpg\",\"contentUrl\":\"https:\\\/\\\/algarve7.pt\\\/wp-content\\\/uploads\\\/2023\\\/11\\\/Instituto_de_Tecnologia_Comportamental_1.jpg\",\"width\":850,\"height\":605},{\"@type\":\"BreadcrumbList\",\"@id\":\"https:\\\/\\\/algarve7.pt\\\/index.php\\\/2023\\\/11\\\/intec-lanca-rede-de-municipios-para-promover-a-qualidade-de-vida-em-portugal\\\/nacional\\\/09\\\/30\\\/#breadcrumb\",\"itemListElement\":[{\"@type\":\"ListItem\",\"position\":1,\"name\":\"In\u00edcio\",\"item\":\"https:\\\/\\\/algarve7.pt\\\/\"},{\"@type\":\"ListItem\",\"position\":2,\"name\":\"INTEC lan\u00e7a Rede de Munic\u00edpios para promover a qualidade de vida em Portugal\"}]},{\"@type\":\"WebSite\",\"@id\":\"https:\\\/\\\/algarve7.pt\\\/#website\",\"url\":\"https:\\\/\\\/algarve7.pt\\\/\",\"name\":\"Algarve 7\",\"description\":\"Informa\u00e7\u00e3o sobre o Algarve\",\"publisher\":{\"@id\":\"https:\\\/\\\/algarve7.pt\\\/#organization\"},\"potentialAction\":[{\"@type\":\"SearchAction\",\"target\":{\"@type\":\"EntryPoint\",\"urlTemplate\":\"https:\\\/\\\/algarve7.pt\\\/?s={search_term_string}\"},\"query-input\":{\"@type\":\"PropertyValueSpecification\",\"valueRequired\":true,\"valueName\":\"search_term_string\"}}],\"inLanguage\":\"pt-PT\"},{\"@type\":\"Organization\",\"@id\":\"https:\\\/\\\/algarve7.pt\\\/#organization\",\"name\":\"Algarve 7\",\"url\":\"https:\\\/\\\/algarve7.pt\\\/\",\"logo\":{\"@type\":\"ImageObject\",\"inLanguage\":\"pt-PT\",\"@id\":\"https:\\\/\\\/algarve7.pt\\\/#\\\/schema\\\/logo\\\/image\\\/\",\"url\":\"https:\\\/\\\/algarve7.pt\\\/wp-content\\\/uploads\\\/2020\\\/10\\\/Logo-8.jpg\",\"contentUrl\":\"https:\\\/\\\/algarve7.pt\\\/wp-content\\\/uploads\\\/2020\\\/10\\\/Logo-8.jpg\",\"width\":1680,\"height\":1186,\"caption\":\"Algarve 7\"},\"image\":{\"@id\":\"https:\\\/\\\/algarve7.pt\\\/#\\\/schema\\\/logo\\\/image\\\/\"},\"sameAs\":[\"https:\\\/\\\/www.facebook.com\\\/algarve7\",\"https:\\\/\\\/x.com\\\/Algarvesete\",\"https:\\\/\\\/www.instagram.com\\\/jornalalgarve7\\\/\",\"https:\\\/\\\/www.linkedin.com\\\/company\\\/algarve7\",\"https:\\\/\\\/www.pinterest.pt\\\/geral0939\\\/_created\\\/\"]},{\"@type\":\"Person\",\"@id\":\"https:\\\/\\\/algarve7.pt\\\/#\\\/schema\\\/person\\\/23fa70681308e7b319a3204bcea45e0c\",\"name\":\"Algarve 7\",\"sameAs\":[\"https:\\\/\\\/algarve7.pt\",\"https:\\\/\\\/www.facebook.com\\\/algarve7\"],\"url\":\"https:\\\/\\\/algarve7.pt\\\/index.php\\\/author\\\/geralalgarve7-pt\\\/\"}]}<\/script>\n<!-- \/ Yoast SEO plugin. -->","yoast_head_json":{"title":"INTEC lan\u00e7a Rede de Munic\u00edpios para promover a qualidade de vida em Portugal - Algarve 7","description":"INTEC lan\u00e7a Rede de Munic\u00edpios para promover a qualidade de vida em Portugal Nacional","robots":{"index":"index","follow":"follow","max-snippet":"max-snippet:-1","max-image-preview":"max-image-preview:large","max-video-preview":"max-video-preview:-1"},"canonical":"https:\/\/algarve7.pt\/index.php\/2023\/11\/intec-lanca-rede-de-municipios-para-promover-a-qualidade-de-vida-em-portugal\/nacional\/09\/30\/","og_locale":"pt_PT","og_type":"article","og_title":"INTEC lan\u00e7a Rede de Munic\u00edpios para promover a qualidade de vida em Portugal - Algarve 7","og_description":"INTEC lan\u00e7a Rede de Munic\u00edpios para promover a qualidade de vida em Portugal Nacional","og_url":"https:\/\/algarve7.pt\/index.php\/2023\/11\/intec-lanca-rede-de-municipios-para-promover-a-qualidade-de-vida-em-portugal\/nacional\/09\/30\/","og_site_name":"Algarve 7","article_publisher":"https:\/\/www.facebook.com\/algarve7","article_author":"https:\/\/www.facebook.com\/algarve7","article_published_time":"2023-11-10T09:30:00+00:00","og_image":[{"width":850,"height":605,"url":"https:\/\/algarve7.pt\/wp-content\/uploads\/2023\/11\/Instituto_de_Tecnologia_Comportamental_1.jpg","type":"image\/jpeg"}],"author":"Algarve 7","twitter_card":"summary_large_image","twitter_creator":"@Algarvesete","twitter_site":"@Algarvesete","twitter_misc":{"Escrito por":"Algarve 7","Tempo estimado de leitura":"2 minutos"},"schema":{"@context":"https:\/\/schema.org","@graph":[{"@type":"Article","@id":"https:\/\/algarve7.pt\/index.php\/2023\/11\/intec-lanca-rede-de-municipios-para-promover-a-qualidade-de-vida-em-portugal\/nacional\/09\/30\/#article","isPartOf":{"@id":"https:\/\/algarve7.pt\/index.php\/2023\/11\/intec-lanca-rede-de-municipios-para-promover-a-qualidade-de-vida-em-portugal\/nacional\/09\/30\/"},"author":{"name":"Algarve 7","@id":"https:\/\/algarve7.pt\/#\/schema\/person\/23fa70681308e7b319a3204bcea45e0c"},"headline":"INTEC lan\u00e7a Rede de Munic\u00edpios para promover a qualidade de vida em Portugal","datePublished":"2023-11-10T09:30:00+00:00","mainEntityOfPage":{"@id":"https:\/\/algarve7.pt\/index.php\/2023\/11\/intec-lanca-rede-de-municipios-para-promover-a-qualidade-de-vida-em-portugal\/nacional\/09\/30\/"},"wordCount":386,"publisher":{"@id":"https:\/\/algarve7.pt\/#organization"},"image":{"@id":"https:\/\/algarve7.pt\/index.php\/2023\/11\/intec-lanca-rede-de-municipios-para-promover-a-qualidade-de-vida-em-portugal\/nacional\/09\/30\/#primaryimage"},"thumbnailUrl":"https:\/\/algarve7.pt\/wp-content\/uploads\/2023\/11\/Instituto_de_Tecnologia_Comportamental_1.jpg","keywords":["Atualidade","Lagoa","Nacional"],"articleSection":["Nacional"],"inLanguage":"pt-PT"},{"@type":"WebPage","@id":"https:\/\/algarve7.pt\/index.php\/2023\/11\/intec-lanca-rede-de-municipios-para-promover-a-qualidade-de-vida-em-portugal\/nacional\/09\/30\/","url":"https:\/\/algarve7.pt\/index.php\/2023\/11\/intec-lanca-rede-de-municipios-para-promover-a-qualidade-de-vida-em-portugal\/nacional\/09\/30\/","name":"INTEC lan\u00e7a Rede de Munic\u00edpios para promover a qualidade de vida em Portugal - Algarve 7","isPartOf":{"@id":"https:\/\/algarve7.pt\/#website"},"primaryImageOfPage":{"@id":"https:\/\/algarve7.pt\/index.php\/2023\/11\/intec-lanca-rede-de-municipios-para-promover-a-qualidade-de-vida-em-portugal\/nacional\/09\/30\/#primaryimage"},"image":{"@id":"https:\/\/algarve7.pt\/index.php\/2023\/11\/intec-lanca-rede-de-municipios-para-promover-a-qualidade-de-vida-em-portugal\/nacional\/09\/30\/#primaryimage"},"thumbnailUrl":"https:\/\/algarve7.pt\/wp-content\/uploads\/2023\/11\/Instituto_de_Tecnologia_Comportamental_1.jpg","datePublished":"2023-11-10T09:30:00+00:00","description":"INTEC lan\u00e7a Rede de Munic\u00edpios para promover a qualidade de vida em Portugal Nacional","breadcrumb":{"@id":"https:\/\/algarve7.pt\/index.php\/2023\/11\/intec-lanca-rede-de-municipios-para-promover-a-qualidade-de-vida-em-portugal\/nacional\/09\/30\/#breadcrumb"},"inLanguage":"pt-PT","potentialAction":[{"@type":"ReadAction","target":["https:\/\/algarve7.pt\/index.php\/2023\/11\/intec-lanca-rede-de-municipios-para-promover-a-qualidade-de-vida-em-portugal\/nacional\/09\/30\/"]}]},{"@type":"ImageObject","inLanguage":"pt-PT","@id":"https:\/\/algarve7.pt\/index.php\/2023\/11\/intec-lanca-rede-de-municipios-para-promover-a-qualidade-de-vida-em-portugal\/nacional\/09\/30\/#primaryimage","url":"https:\/\/algarve7.pt\/wp-content\/uploads\/2023\/11\/Instituto_de_Tecnologia_Comportamental_1.jpg","contentUrl":"https:\/\/algarve7.pt\/wp-content\/uploads\/2023\/11\/Instituto_de_Tecnologia_Comportamental_1.jpg","width":850,"height":605},{"@type":"BreadcrumbList","@id":"https:\/\/algarve7.pt\/index.php\/2023\/11\/intec-lanca-rede-de-municipios-para-promover-a-qualidade-de-vida-em-portugal\/nacional\/09\/30\/#breadcrumb","itemListElement":[{"@type":"ListItem","position":1,"name":"In\u00edcio","item":"https:\/\/algarve7.pt\/"},{"@type":"ListItem","position":2,"name":"INTEC lan\u00e7a Rede de Munic\u00edpios para promover a qualidade de vida em Portugal"}]},{"@type":"WebSite","@id":"https:\/\/algarve7.pt\/#website","url":"https:\/\/algarve7.pt\/","name":"Algarve 7","description":"Informa\u00e7\u00e3o sobre o Algarve","publisher":{"@id":"https:\/\/algarve7.pt\/#organization"},"potentialAction":[{"@type":"SearchAction","target":{"@type":"EntryPoint","urlTemplate":"https:\/\/algarve7.pt\/?s={search_term_string}"},"query-input":{"@type":"PropertyValueSpecification","valueRequired":true,"valueName":"search_term_string"}}],"inLanguage":"pt-PT"},{"@type":"Organization","@id":"https:\/\/algarve7.pt\/#organization","name":"Algarve 7","url":"https:\/\/algarve7.pt\/","logo":{"@type":"ImageObject","inLanguage":"pt-PT","@id":"https:\/\/algarve7.pt\/#\/schema\/logo\/image\/","url":"https:\/\/algarve7.pt\/wp-content\/uploads\/2020\/10\/Logo-8.jpg","contentUrl":"https:\/\/algarve7.pt\/wp-content\/uploads\/2020\/10\/Logo-8.jpg","width":1680,"height":1186,"caption":"Algarve 7"},"image":{"@id":"https:\/\/algarve7.pt\/#\/schema\/logo\/image\/"},"sameAs":["https:\/\/www.facebook.com\/algarve7","https:\/\/x.com\/Algarvesete","https:\/\/www.instagram.com\/jornalalgarve7\/","https:\/\/www.linkedin.com\/company\/algarve7","https:\/\/www.pinterest.pt\/geral0939\/_created\/"]},{"@type":"Person","@id":"https:\/\/algarve7.pt\/#\/schema\/person\/23fa70681308e7b319a3204bcea45e0c","name":"Algarve 7","sameAs":["https:\/\/algarve7.pt","https:\/\/www.facebook.com\/algarve7"],"url":"https:\/\/algarve7.pt\/index.php\/author\/geralalgarve7-pt\/"}]}},"jetpack_publicize_connections":[],"jetpack_featured_media_url":"https:\/\/algarve7.pt\/wp-content\/uploads\/2023\/11\/Instituto_de_Tecnologia_Comportamental_1.jpg","jetpack_shortlink":"https:\/\/wp.me\/pcezmW-8xt","jetpack_sharing_enabled":true,"_links":{"self":[{"href":"https:\/\/algarve7.pt\/index.php\/wp-json\/wp\/v2\/posts\/32827","targetHints":{"allow":["GET"]}}],"collection":[{"href":"https:\/\/algarve7.pt\/index.php\/wp-json\/wp\/v2\/posts"}],"about":[{"href":"https:\/\/algarve7.pt\/index.php\/wp-json\/wp\/v2\/types\/post"}],"author":[{"embeddable":true,"href":"https:\/\/algarve7.pt\/index.php\/wp-json\/wp\/v2\/users\/1"}],"replies":[{"embeddable":true,"href":"https:\/\/algarve7.pt\/index.php\/wp-json\/wp\/v2\/comments?post=32827"}],"version-history":[{"count":0,"href":"https:\/\/algarve7.pt\/index.php\/wp-json\/wp\/v2\/posts\/32827\/revisions"}],"wp:featuredmedia":[{"embeddable":true,"href":"https:\/\/algarve7.pt\/index.php\/wp-json\/wp\/v2\/media\/32828"}],"wp:attachment":[{"href":"https:\/\/algarve7.pt\/index.php\/wp-json\/wp\/v2\/media?parent=32827"}],"wp:term":[{"taxonomy":"category","embeddable":true,"href":"https:\/\/algarve7.pt\/index.php\/wp-json\/wp\/v2\/categories?post=32827"},{"taxonomy":"post_tag","embeddable":true,"href":"https:\/\/algarve7.pt\/index.php\/wp-json\/wp\/v2\/tags?post=32827"}],"curies":[{"name":"wp","href":"https:\/\/api.w.org\/{rel}","templated":true}]}}