{"id":3282,"date":"2020-11-03T15:37:48","date_gmt":"2020-11-03T15:37:48","guid":{"rendered":"https:\/\/algarve7.pt\/?p=3282"},"modified":"2020-11-03T15:37:49","modified_gmt":"2020-11-03T15:37:49","slug":"pousadas-de-portugal-lancam-convite","status":"publish","type":"post","link":"https:\/\/algarve7.pt\/index.php\/2020\/11\/pousadas-de-portugal-lancam-convite\/turismo\/15\/37\/","title":{"rendered":"Pousadas de Portugal lan\u00e7am convite para dormir no hotel da sua pr\u00f3pria regi\u00e3o"},"content":{"rendered":"\n<p><strong>\u201c Pousadas Mais Perto\u201d \u00e9 o nome da iniciativa da marca Pousadas de Portugal que convida os residentes a pernoitar na unidade mais perto da sua morada atrav\u00e9s de uma tarifa especial de 79,00 EUROS. Esta campanha est\u00e1 dispon\u00edvel para reservas no site atrav\u00e9s de um c\u00f3digo promocional e aplica-se todas as quintas-feiras do m\u00eas de novembro.&nbsp;<\/strong><\/p>\n\n\n\n<p>No total, aderem a esta iniciativa \u00fanica da marca 18 Pousadas de Portugal, presentes de norte a sul do pa\u00eds, incluindo tamb\u00e9m a Pousada de Lisboa \u2013 Pra\u00e7a do Com\u00e9rcio.&nbsp;Os dias 05, 12, 19 e 26 de novembro s\u00e3o os dias efetivos para o usufruto desta campanha que j\u00e1 est\u00e1 dispon\u00edvel para reservas no&nbsp;<em>site<\/em>&nbsp;<a href=\"http:\/\/www.pousadas.pt\/\">www.pousadas.pt<\/a>&nbsp;atrav\u00e9s do c\u00f3digo&nbsp;<strong>PPEVENTO20<\/strong>. No&nbsp;<em>check-in<\/em>, \u00e9 sempre necess\u00e1rio comprovar a morada de resid\u00eancia atrav\u00e9s de uma fatura de servi\u00e7o dom\u00e9stico, por exemplo.<\/p>\n\n\n\n<p>As Pousadas de Portugal lan\u00e7am assim um convite muito especial aos residentes para mudar de cen\u00e1rio e viver mais perto, ou at\u00e9 mesmo conhecer, alguns dos cen\u00e1rios mais belos da sua pr\u00f3pria regi\u00e3o. As Pousadas de Portugal est\u00e3o instaladas em edif\u00edcios hist\u00f3ricos e t\u00eam como compromisso proteger e divulgar esse mesmo patrim\u00f3nio. Seja num castelo, num pal\u00e1cio, mosteiro ou convento, cada Pousada \u00e9 \u00fanica e todas partilham o melhor da hospitalidade portuguesa. Refor\u00e7ar esse sentimento de perten\u00e7a \u00e9 o desafio proposto pela iniciativa que, atrav\u00e9s de uma tarifa \u00fanica promove a oportunidade de dormir numa Pousada, possibilitando mesmo assim a rotina do dia seguinte para poder trabalhar ou aproveitar o novo local para se ligar em teletrabalho.<\/p>\n\n\n\n<p>Devido ao atual contexto e para garantir a m\u00e1xima seguran\u00e7a a h\u00f3spedes e colaboradores, as Pousadas de Portugal regem-se por um rigoroso protocolo de procedimentos de higieniza\u00e7\u00e3o tendo merecido a distin\u00e7\u00e3o do selo Clean &amp; Safe.<\/p>\n\n\n\n<p><strong>POUSADAS MAIS PERTO. Quintas-feiras de novembro dedicadas aos residentes por 79,00 EUROS.<\/strong><strong><\/strong><\/p>\n\n\n\n<p>Regi\u00e3o Norte :&nbsp;&nbsp;&nbsp;&nbsp;&nbsp;&nbsp;&nbsp;&nbsp;&nbsp;&nbsp;&nbsp;&nbsp;Pousadas de Amares, Cani\u00e7ada-Ger\u00eas, Viana do Castelo, Guimar\u00e3es&nbsp;<\/p>\n\n\n\n<p>Regi\u00e3o Centro :&nbsp;&nbsp;&nbsp;&nbsp;&nbsp;&nbsp;&nbsp;&nbsp;&nbsp;&nbsp;Pousadas de Belmonte, Serra da Estrela, Viseu, Ria e Vila de \u00d3bidos<\/p>\n\n\n\n<p>Regi\u00e3o Lisboa :&nbsp;&nbsp;&nbsp;&nbsp;&nbsp;&nbsp;&nbsp;&nbsp;&nbsp;&nbsp;&nbsp;Pousada de Lisboa<\/p>\n\n\n\n<p>Regi\u00e3o Alentejo :&nbsp;&nbsp;&nbsp;&nbsp;&nbsp;&nbsp;&nbsp;&nbsp;Pousadas de Alc\u00e1cer, Arraiolos, \u00c9vora, Estremoz e Marv\u00e3o<\/p>\n\n\n\n<p>Regi\u00e3o Algarve :&nbsp;&nbsp;&nbsp;&nbsp;&nbsp;&nbsp;&nbsp;&nbsp;&nbsp;Pousadas de Sagres, Tavira e Estoi<\/p>\n\n\n\n<p>Mais informa\u00e7\u00e3o em\u00a0<a href=\"http:\/\/www.pousadas.pt\/\" target=\"_blank\" rel=\"noreferrer noopener\">www.pousadas.pt<\/a>.<\/p>\n\n\n\n<p><strong>SOBRE AS POUSADAS DE PORTUGAL<\/strong><\/p>\n\n\n\n<p>As Pousadas de Portugal representam uma marca de 33 hot\u00e9is instalados em edif\u00edcios hist\u00f3ricos como Castelos, Pal\u00e1cios, Mosteiros e Conventos, presentes de norte a sul do pa\u00eds e tamb\u00e9m nos A\u00e7ores e Madeira.<\/p>\n\n\n\n<p>Com mais de sete d\u00e9cadas de hist\u00f3ria, as Pousadas de Portugal s\u00e3o sin\u00f3nimo de qualidade, hospitalidade, cultura e tradi\u00e7\u00e3o. Tiveram a sua origem nos anos 40, com a constru\u00e7\u00e3o das primeiras Pousadas Regionais destinadas a alojar os visitantes e fornecer-lhes alimenta\u00e7\u00e3o consent\u00e2nea com o estilo e as tradi\u00e7\u00f5es de cada regi\u00e3o. Na d\u00e9cada de 50 o conceito alargou-se \u00e0s Pousadas hist\u00f3ricas, instaladas em monumentos cuidadosamente restaurados para o efeito. O compromisso \u00e9 garantir uma oferta tur\u00edstica diferenciada que mant\u00e9m viva a chama hospitaleira dos portugueses e se afirma como um ve\u00edculo de prote\u00e7\u00e3o e divulga\u00e7\u00e3o do nosso patrim\u00f3nio cultural. A garantia que d\u00e3o \u00e9 a excel\u00eancia, que naturalmente n\u00e3o dispensa todo o respeito pela recupera\u00e7\u00e3o do patrim\u00f3nio arquitet\u00f3nico nacional, adaptado \u00e0s modernas exig\u00eancias de conforto e bem-estar, em sintonia com a sua autenticidade. A gastronomia \u00e9 um dos pontos fortes da sua identidade, representando a maior rede de restaurantes de gastronomia tradicional portuguesa que alia a riqueza dos lugares com um servi\u00e7o de qualidade.<\/p>\n\n\n\n<p>As Pousadas de Portugal integram o programa Pestana Sustainability Program: Planet Guest &#8211; \u201cSomos apenas h\u00f3spedes do Planeta\u201d \u2013 que incorpora todas as iniciativas que promovem a sustentabilidade. O Planet Guest transmite a posi\u00e7\u00e3o do Grupo e dos seus colaboradores no que diz respeito \u00e0 sustentabilidade do Planeta em que vivemos e o foco do PHG na extrema preocupa\u00e7\u00e3o perante as gera\u00e7\u00f5es futuras. Tem como objetivo&nbsp;criar valor no longo prazo para a empresa, desenvolvendo a sua atividade com respeito pelo meio ambiente, comunidades locais, colaboradores, clientes e todos os stakeholders relevantes no exerc\u00edcio da sua atividade.<\/p>\n","protected":false},"excerpt":{"rendered":"<p>\u201c Pousadas Mais Perto\u201d \u00e9 o nome da iniciativa da marca Pousadas de Portugal que convida os residentes a pernoitar<\/p>\n","protected":false},"author":1,"featured_media":3283,"comment_status":"closed","ping_status":"open","sticky":false,"template":"","format":"standard","meta":{"colormag_page_container_layout":"default_layout","colormag_page_sidebar_layout":"default_layout","_monsterinsights_skip_tracking":false,"_monsterinsights_sitenote_active":false,"_monsterinsights_sitenote_note":"","_monsterinsights_sitenote_category":0,"jetpack_post_was_ever_published":false,"_jetpack_newsletter_access":"","_jetpack_dont_email_post_to_subs":false,"_jetpack_newsletter_tier_id":0,"_jetpack_memberships_contains_paywalled_content":false,"_jetpack_memberships_contains_paid_content":false,"footnotes":"","jetpack_publicize_message":"","jetpack_publicize_feature_enabled":true,"jetpack_social_post_already_shared":true,"jetpack_social_options":{"image_generator_settings":{"template":"highway","default_image_id":0,"font":"","enabled":false},"version":2}},"categories":[17],"tags":[107,235,45],"class_list":["post-3282","post","type-post","status-publish","format-standard","has-post-thumbnail","hentry","category-turismo","tag-hoteis","tag-pousadas-de-portugal","tag-turismo"],"yoast_head":"<!-- This site is optimized with the Yoast SEO plugin v27.4 - https:\/\/yoast.com\/product\/yoast-seo-wordpress\/ -->\n<title>Pousadas de Portugal lan\u00e7am convite para dormir no hotel da sua pr\u00f3pria regi\u00e3o - Algarve 7<\/title>\n<meta name=\"description\" content=\"Pousadas de Portugal lan\u00e7am convite para dormir no hotel da sua pr\u00f3pria regi\u00e3o\" \/>\n<meta name=\"robots\" content=\"index, follow, max-snippet:-1, max-image-preview:large, max-video-preview:-1\" \/>\n<link rel=\"canonical\" href=\"https:\/\/algarve7.pt\/index.php\/2020\/11\/pousadas-de-portugal-lancam-convite\/turismo\/15\/37\/\" \/>\n<meta property=\"og:locale\" content=\"pt_PT\" \/>\n<meta property=\"og:type\" content=\"article\" \/>\n<meta property=\"og:title\" content=\"Pousadas de Portugal lan\u00e7am convite para dormir no hotel da sua pr\u00f3pria regi\u00e3o - Algarve 7\" \/>\n<meta property=\"og:description\" content=\"Pousadas de Portugal lan\u00e7am convite para dormir no hotel da sua pr\u00f3pria regi\u00e3o\" \/>\n<meta property=\"og:url\" content=\"https:\/\/algarve7.pt\/index.php\/2020\/11\/pousadas-de-portugal-lancam-convite\/turismo\/15\/37\/\" \/>\n<meta property=\"og:site_name\" content=\"Algarve 7\" \/>\n<meta property=\"article:publisher\" content=\"https:\/\/www.facebook.com\/algarve7\" \/>\n<meta property=\"article:author\" content=\"https:\/\/www.facebook.com\/algarve7\" \/>\n<meta property=\"article:published_time\" content=\"2020-11-03T15:37:48+00:00\" \/>\n<meta property=\"article:modified_time\" content=\"2020-11-03T15:37:49+00:00\" \/>\n<meta property=\"og:image\" content=\"https:\/\/algarve7.pt\/wp-content\/uploads\/2020\/11\/Pousada-Palacio-Estoi-Algarve_bx.jpg\" \/>\n\t<meta property=\"og:image:width\" content=\"1305\" \/>\n\t<meta property=\"og:image:height\" content=\"874\" \/>\n\t<meta property=\"og:image:type\" content=\"image\/jpeg\" \/>\n<meta name=\"author\" content=\"Algarve 7\" \/>\n<meta name=\"twitter:card\" content=\"summary_large_image\" \/>\n<meta name=\"twitter:creator\" content=\"@Algarvesete\" \/>\n<meta name=\"twitter:site\" content=\"@Algarvesete\" \/>\n<meta name=\"twitter:label1\" content=\"Escrito por\" \/>\n\t<meta name=\"twitter:data1\" content=\"Algarve 7\" \/>\n\t<meta name=\"twitter:label2\" content=\"Tempo estimado de leitura\" \/>\n\t<meta name=\"twitter:data2\" content=\"4 minutos\" \/>\n<script type=\"application\/ld+json\" class=\"yoast-schema-graph\">{\"@context\":\"https:\\\/\\\/schema.org\",\"@graph\":[{\"@type\":\"Article\",\"@id\":\"https:\\\/\\\/algarve7.pt\\\/index.php\\\/2020\\\/11\\\/pousadas-de-portugal-lancam-convite\\\/turismo\\\/15\\\/37\\\/#article\",\"isPartOf\":{\"@id\":\"https:\\\/\\\/algarve7.pt\\\/index.php\\\/2020\\\/11\\\/pousadas-de-portugal-lancam-convite\\\/turismo\\\/15\\\/37\\\/\"},\"author\":{\"name\":\"Algarve 7\",\"@id\":\"https:\\\/\\\/algarve7.pt\\\/#\\\/schema\\\/person\\\/23fa70681308e7b319a3204bcea45e0c\"},\"headline\":\"Pousadas de Portugal lan\u00e7am convite para dormir no hotel da sua pr\u00f3pria regi\u00e3o\",\"datePublished\":\"2020-11-03T15:37:48+00:00\",\"dateModified\":\"2020-11-03T15:37:49+00:00\",\"mainEntityOfPage\":{\"@id\":\"https:\\\/\\\/algarve7.pt\\\/index.php\\\/2020\\\/11\\\/pousadas-de-portugal-lancam-convite\\\/turismo\\\/15\\\/37\\\/\"},\"wordCount\":796,\"publisher\":{\"@id\":\"https:\\\/\\\/algarve7.pt\\\/#organization\"},\"image\":{\"@id\":\"https:\\\/\\\/algarve7.pt\\\/index.php\\\/2020\\\/11\\\/pousadas-de-portugal-lancam-convite\\\/turismo\\\/15\\\/37\\\/#primaryimage\"},\"thumbnailUrl\":\"https:\\\/\\\/algarve7.pt\\\/wp-content\\\/uploads\\\/2020\\\/11\\\/Pousada-Palacio-Estoi-Algarve_bx.jpg\",\"keywords\":[\"Hoteis\",\"Pousadas de Portugal\",\"Turismo\"],\"articleSection\":[\"Turismo\"],\"inLanguage\":\"pt-PT\"},{\"@type\":\"WebPage\",\"@id\":\"https:\\\/\\\/algarve7.pt\\\/index.php\\\/2020\\\/11\\\/pousadas-de-portugal-lancam-convite\\\/turismo\\\/15\\\/37\\\/\",\"url\":\"https:\\\/\\\/algarve7.pt\\\/index.php\\\/2020\\\/11\\\/pousadas-de-portugal-lancam-convite\\\/turismo\\\/15\\\/37\\\/\",\"name\":\"Pousadas de Portugal lan\u00e7am convite para dormir no hotel da sua pr\u00f3pria regi\u00e3o - Algarve 7\",\"isPartOf\":{\"@id\":\"https:\\\/\\\/algarve7.pt\\\/#website\"},\"primaryImageOfPage\":{\"@id\":\"https:\\\/\\\/algarve7.pt\\\/index.php\\\/2020\\\/11\\\/pousadas-de-portugal-lancam-convite\\\/turismo\\\/15\\\/37\\\/#primaryimage\"},\"image\":{\"@id\":\"https:\\\/\\\/algarve7.pt\\\/index.php\\\/2020\\\/11\\\/pousadas-de-portugal-lancam-convite\\\/turismo\\\/15\\\/37\\\/#primaryimage\"},\"thumbnailUrl\":\"https:\\\/\\\/algarve7.pt\\\/wp-content\\\/uploads\\\/2020\\\/11\\\/Pousada-Palacio-Estoi-Algarve_bx.jpg\",\"datePublished\":\"2020-11-03T15:37:48+00:00\",\"dateModified\":\"2020-11-03T15:37:49+00:00\",\"description\":\"Pousadas de Portugal lan\u00e7am convite para dormir no hotel da sua pr\u00f3pria regi\u00e3o\",\"breadcrumb\":{\"@id\":\"https:\\\/\\\/algarve7.pt\\\/index.php\\\/2020\\\/11\\\/pousadas-de-portugal-lancam-convite\\\/turismo\\\/15\\\/37\\\/#breadcrumb\"},\"inLanguage\":\"pt-PT\",\"potentialAction\":[{\"@type\":\"ReadAction\",\"target\":[\"https:\\\/\\\/algarve7.pt\\\/index.php\\\/2020\\\/11\\\/pousadas-de-portugal-lancam-convite\\\/turismo\\\/15\\\/37\\\/\"]}]},{\"@type\":\"ImageObject\",\"inLanguage\":\"pt-PT\",\"@id\":\"https:\\\/\\\/algarve7.pt\\\/index.php\\\/2020\\\/11\\\/pousadas-de-portugal-lancam-convite\\\/turismo\\\/15\\\/37\\\/#primaryimage\",\"url\":\"https:\\\/\\\/algarve7.pt\\\/wp-content\\\/uploads\\\/2020\\\/11\\\/Pousada-Palacio-Estoi-Algarve_bx.jpg\",\"contentUrl\":\"https:\\\/\\\/algarve7.pt\\\/wp-content\\\/uploads\\\/2020\\\/11\\\/Pousada-Palacio-Estoi-Algarve_bx.jpg\",\"width\":1305,\"height\":874},{\"@type\":\"BreadcrumbList\",\"@id\":\"https:\\\/\\\/algarve7.pt\\\/index.php\\\/2020\\\/11\\\/pousadas-de-portugal-lancam-convite\\\/turismo\\\/15\\\/37\\\/#breadcrumb\",\"itemListElement\":[{\"@type\":\"ListItem\",\"position\":1,\"name\":\"In\u00edcio\",\"item\":\"https:\\\/\\\/algarve7.pt\\\/\"},{\"@type\":\"ListItem\",\"position\":2,\"name\":\"Pousadas de Portugal lan\u00e7am convite para dormir no hotel da sua pr\u00f3pria regi\u00e3o\"}]},{\"@type\":\"WebSite\",\"@id\":\"https:\\\/\\\/algarve7.pt\\\/#website\",\"url\":\"https:\\\/\\\/algarve7.pt\\\/\",\"name\":\"Algarve 7\",\"description\":\"Informa\u00e7\u00e3o sobre o Algarve\",\"publisher\":{\"@id\":\"https:\\\/\\\/algarve7.pt\\\/#organization\"},\"potentialAction\":[{\"@type\":\"SearchAction\",\"target\":{\"@type\":\"EntryPoint\",\"urlTemplate\":\"https:\\\/\\\/algarve7.pt\\\/?s={search_term_string}\"},\"query-input\":{\"@type\":\"PropertyValueSpecification\",\"valueRequired\":true,\"valueName\":\"search_term_string\"}}],\"inLanguage\":\"pt-PT\"},{\"@type\":\"Organization\",\"@id\":\"https:\\\/\\\/algarve7.pt\\\/#organization\",\"name\":\"Algarve 7\",\"url\":\"https:\\\/\\\/algarve7.pt\\\/\",\"logo\":{\"@type\":\"ImageObject\",\"inLanguage\":\"pt-PT\",\"@id\":\"https:\\\/\\\/algarve7.pt\\\/#\\\/schema\\\/logo\\\/image\\\/\",\"url\":\"https:\\\/\\\/algarve7.pt\\\/wp-content\\\/uploads\\\/2020\\\/10\\\/Logo-8.jpg\",\"contentUrl\":\"https:\\\/\\\/algarve7.pt\\\/wp-content\\\/uploads\\\/2020\\\/10\\\/Logo-8.jpg\",\"width\":1680,\"height\":1186,\"caption\":\"Algarve 7\"},\"image\":{\"@id\":\"https:\\\/\\\/algarve7.pt\\\/#\\\/schema\\\/logo\\\/image\\\/\"},\"sameAs\":[\"https:\\\/\\\/www.facebook.com\\\/algarve7\",\"https:\\\/\\\/x.com\\\/Algarvesete\",\"https:\\\/\\\/www.instagram.com\\\/jornalalgarve7\\\/\",\"https:\\\/\\\/www.linkedin.com\\\/company\\\/algarve7\",\"https:\\\/\\\/www.pinterest.pt\\\/geral0939\\\/_created\\\/\"]},{\"@type\":\"Person\",\"@id\":\"https:\\\/\\\/algarve7.pt\\\/#\\\/schema\\\/person\\\/23fa70681308e7b319a3204bcea45e0c\",\"name\":\"Algarve 7\",\"sameAs\":[\"https:\\\/\\\/algarve7.pt\",\"https:\\\/\\\/www.facebook.com\\\/algarve7\"],\"url\":\"https:\\\/\\\/algarve7.pt\\\/index.php\\\/author\\\/geralalgarve7-pt\\\/\"}]}<\/script>\n<!-- \/ Yoast SEO plugin. -->","yoast_head_json":{"title":"Pousadas de Portugal lan\u00e7am convite para dormir no hotel da sua pr\u00f3pria regi\u00e3o - Algarve 7","description":"Pousadas de Portugal lan\u00e7am convite para dormir no hotel da sua pr\u00f3pria regi\u00e3o","robots":{"index":"index","follow":"follow","max-snippet":"max-snippet:-1","max-image-preview":"max-image-preview:large","max-video-preview":"max-video-preview:-1"},"canonical":"https:\/\/algarve7.pt\/index.php\/2020\/11\/pousadas-de-portugal-lancam-convite\/turismo\/15\/37\/","og_locale":"pt_PT","og_type":"article","og_title":"Pousadas de Portugal lan\u00e7am convite para dormir no hotel da sua pr\u00f3pria regi\u00e3o - Algarve 7","og_description":"Pousadas de Portugal lan\u00e7am convite para dormir no hotel da sua pr\u00f3pria regi\u00e3o","og_url":"https:\/\/algarve7.pt\/index.php\/2020\/11\/pousadas-de-portugal-lancam-convite\/turismo\/15\/37\/","og_site_name":"Algarve 7","article_publisher":"https:\/\/www.facebook.com\/algarve7","article_author":"https:\/\/www.facebook.com\/algarve7","article_published_time":"2020-11-03T15:37:48+00:00","article_modified_time":"2020-11-03T15:37:49+00:00","og_image":[{"width":1305,"height":874,"url":"https:\/\/algarve7.pt\/wp-content\/uploads\/2020\/11\/Pousada-Palacio-Estoi-Algarve_bx.jpg","type":"image\/jpeg"}],"author":"Algarve 7","twitter_card":"summary_large_image","twitter_creator":"@Algarvesete","twitter_site":"@Algarvesete","twitter_misc":{"Escrito por":"Algarve 7","Tempo estimado de leitura":"4 minutos"},"schema":{"@context":"https:\/\/schema.org","@graph":[{"@type":"Article","@id":"https:\/\/algarve7.pt\/index.php\/2020\/11\/pousadas-de-portugal-lancam-convite\/turismo\/15\/37\/#article","isPartOf":{"@id":"https:\/\/algarve7.pt\/index.php\/2020\/11\/pousadas-de-portugal-lancam-convite\/turismo\/15\/37\/"},"author":{"name":"Algarve 7","@id":"https:\/\/algarve7.pt\/#\/schema\/person\/23fa70681308e7b319a3204bcea45e0c"},"headline":"Pousadas de Portugal lan\u00e7am convite para dormir no hotel da sua pr\u00f3pria regi\u00e3o","datePublished":"2020-11-03T15:37:48+00:00","dateModified":"2020-11-03T15:37:49+00:00","mainEntityOfPage":{"@id":"https:\/\/algarve7.pt\/index.php\/2020\/11\/pousadas-de-portugal-lancam-convite\/turismo\/15\/37\/"},"wordCount":796,"publisher":{"@id":"https:\/\/algarve7.pt\/#organization"},"image":{"@id":"https:\/\/algarve7.pt\/index.php\/2020\/11\/pousadas-de-portugal-lancam-convite\/turismo\/15\/37\/#primaryimage"},"thumbnailUrl":"https:\/\/algarve7.pt\/wp-content\/uploads\/2020\/11\/Pousada-Palacio-Estoi-Algarve_bx.jpg","keywords":["Hoteis","Pousadas de Portugal","Turismo"],"articleSection":["Turismo"],"inLanguage":"pt-PT"},{"@type":"WebPage","@id":"https:\/\/algarve7.pt\/index.php\/2020\/11\/pousadas-de-portugal-lancam-convite\/turismo\/15\/37\/","url":"https:\/\/algarve7.pt\/index.php\/2020\/11\/pousadas-de-portugal-lancam-convite\/turismo\/15\/37\/","name":"Pousadas de Portugal lan\u00e7am convite para dormir no hotel da sua pr\u00f3pria regi\u00e3o - Algarve 7","isPartOf":{"@id":"https:\/\/algarve7.pt\/#website"},"primaryImageOfPage":{"@id":"https:\/\/algarve7.pt\/index.php\/2020\/11\/pousadas-de-portugal-lancam-convite\/turismo\/15\/37\/#primaryimage"},"image":{"@id":"https:\/\/algarve7.pt\/index.php\/2020\/11\/pousadas-de-portugal-lancam-convite\/turismo\/15\/37\/#primaryimage"},"thumbnailUrl":"https:\/\/algarve7.pt\/wp-content\/uploads\/2020\/11\/Pousada-Palacio-Estoi-Algarve_bx.jpg","datePublished":"2020-11-03T15:37:48+00:00","dateModified":"2020-11-03T15:37:49+00:00","description":"Pousadas de Portugal lan\u00e7am convite para dormir no hotel da sua pr\u00f3pria regi\u00e3o","breadcrumb":{"@id":"https:\/\/algarve7.pt\/index.php\/2020\/11\/pousadas-de-portugal-lancam-convite\/turismo\/15\/37\/#breadcrumb"},"inLanguage":"pt-PT","potentialAction":[{"@type":"ReadAction","target":["https:\/\/algarve7.pt\/index.php\/2020\/11\/pousadas-de-portugal-lancam-convite\/turismo\/15\/37\/"]}]},{"@type":"ImageObject","inLanguage":"pt-PT","@id":"https:\/\/algarve7.pt\/index.php\/2020\/11\/pousadas-de-portugal-lancam-convite\/turismo\/15\/37\/#primaryimage","url":"https:\/\/algarve7.pt\/wp-content\/uploads\/2020\/11\/Pousada-Palacio-Estoi-Algarve_bx.jpg","contentUrl":"https:\/\/algarve7.pt\/wp-content\/uploads\/2020\/11\/Pousada-Palacio-Estoi-Algarve_bx.jpg","width":1305,"height":874},{"@type":"BreadcrumbList","@id":"https:\/\/algarve7.pt\/index.php\/2020\/11\/pousadas-de-portugal-lancam-convite\/turismo\/15\/37\/#breadcrumb","itemListElement":[{"@type":"ListItem","position":1,"name":"In\u00edcio","item":"https:\/\/algarve7.pt\/"},{"@type":"ListItem","position":2,"name":"Pousadas de Portugal lan\u00e7am convite para dormir no hotel da sua pr\u00f3pria regi\u00e3o"}]},{"@type":"WebSite","@id":"https:\/\/algarve7.pt\/#website","url":"https:\/\/algarve7.pt\/","name":"Algarve 7","description":"Informa\u00e7\u00e3o sobre o Algarve","publisher":{"@id":"https:\/\/algarve7.pt\/#organization"},"potentialAction":[{"@type":"SearchAction","target":{"@type":"EntryPoint","urlTemplate":"https:\/\/algarve7.pt\/?s={search_term_string}"},"query-input":{"@type":"PropertyValueSpecification","valueRequired":true,"valueName":"search_term_string"}}],"inLanguage":"pt-PT"},{"@type":"Organization","@id":"https:\/\/algarve7.pt\/#organization","name":"Algarve 7","url":"https:\/\/algarve7.pt\/","logo":{"@type":"ImageObject","inLanguage":"pt-PT","@id":"https:\/\/algarve7.pt\/#\/schema\/logo\/image\/","url":"https:\/\/algarve7.pt\/wp-content\/uploads\/2020\/10\/Logo-8.jpg","contentUrl":"https:\/\/algarve7.pt\/wp-content\/uploads\/2020\/10\/Logo-8.jpg","width":1680,"height":1186,"caption":"Algarve 7"},"image":{"@id":"https:\/\/algarve7.pt\/#\/schema\/logo\/image\/"},"sameAs":["https:\/\/www.facebook.com\/algarve7","https:\/\/x.com\/Algarvesete","https:\/\/www.instagram.com\/jornalalgarve7\/","https:\/\/www.linkedin.com\/company\/algarve7","https:\/\/www.pinterest.pt\/geral0939\/_created\/"]},{"@type":"Person","@id":"https:\/\/algarve7.pt\/#\/schema\/person\/23fa70681308e7b319a3204bcea45e0c","name":"Algarve 7","sameAs":["https:\/\/algarve7.pt","https:\/\/www.facebook.com\/algarve7"],"url":"https:\/\/algarve7.pt\/index.php\/author\/geralalgarve7-pt\/"}]}},"jetpack_publicize_connections":[],"jetpack_featured_media_url":"https:\/\/algarve7.pt\/wp-content\/uploads\/2020\/11\/Pousada-Palacio-Estoi-Algarve_bx.jpg","jetpack_shortlink":"https:\/\/wp.me\/pcezmW-QW","jetpack_sharing_enabled":true,"_links":{"self":[{"href":"https:\/\/algarve7.pt\/index.php\/wp-json\/wp\/v2\/posts\/3282","targetHints":{"allow":["GET"]}}],"collection":[{"href":"https:\/\/algarve7.pt\/index.php\/wp-json\/wp\/v2\/posts"}],"about":[{"href":"https:\/\/algarve7.pt\/index.php\/wp-json\/wp\/v2\/types\/post"}],"author":[{"embeddable":true,"href":"https:\/\/algarve7.pt\/index.php\/wp-json\/wp\/v2\/users\/1"}],"replies":[{"embeddable":true,"href":"https:\/\/algarve7.pt\/index.php\/wp-json\/wp\/v2\/comments?post=3282"}],"version-history":[{"count":0,"href":"https:\/\/algarve7.pt\/index.php\/wp-json\/wp\/v2\/posts\/3282\/revisions"}],"wp:featuredmedia":[{"embeddable":true,"href":"https:\/\/algarve7.pt\/index.php\/wp-json\/wp\/v2\/media\/3283"}],"wp:attachment":[{"href":"https:\/\/algarve7.pt\/index.php\/wp-json\/wp\/v2\/media?parent=3282"}],"wp:term":[{"taxonomy":"category","embeddable":true,"href":"https:\/\/algarve7.pt\/index.php\/wp-json\/wp\/v2\/categories?post=3282"},{"taxonomy":"post_tag","embeddable":true,"href":"https:\/\/algarve7.pt\/index.php\/wp-json\/wp\/v2\/tags?post=3282"}],"curies":[{"name":"wp","href":"https:\/\/api.w.org\/{rel}","templated":true}]}}