{"id":32736,"date":"2023-11-06T18:43:07","date_gmt":"2023-11-06T18:43:07","guid":{"rendered":"https:\/\/algarve7.pt\/?p=32736"},"modified":"2023-11-06T18:43:09","modified_gmt":"2023-11-06T18:43:09","slug":"direcao-regional-de-cultura-do-algarve-assinala-aniversario-da-morte-do-infante-d-henrique","status":"publish","type":"post","link":"https:\/\/algarve7.pt\/index.php\/2023\/11\/direcao-regional-de-cultura-do-algarve-assinala-aniversario-da-morte-do-infante-d-henrique\/cultura\/18\/43\/","title":{"rendered":"Dire\u00e7\u00e3o Regional de\u00a0Cultura do Algarve\u00a0assinala anivers\u00e1rio da morte do Infante D. Henrique"},"content":{"rendered":"\n<p>A Dire\u00e7\u00e3o Regional de&nbsp;Cultura do Algarve, atrav\u00e9s da sua unidade org\u00e2nica Fortaleza de Sagres e Ermida de Nossa Senhora de Guadalupe, em parceria com o Munic\u00edpio de Vila do Bispo e a Par\u00f3quia de Sagres, assinala os 563 anos da morte do Infante D. Henrique, (13 de novembro 1460), com um programa, que decorre de&nbsp;12 a&nbsp;19 de novembro, e inclui m\u00fasica, performance, visitas ao Centro Expositivo da Fortaleza de Sagres e uma missa, conforme desejo expresso no testamento do Infante.<\/p>\n\n\n\n<p>O audit\u00f3rio da Fortaleza de Sagres recebe, no domingo, 12 de novembro, \u00e0s 16h00, o concerto&nbsp;\u201cBARROCO: Do Baixo Cont\u00ednuo \u00e0 M\u00fasica Electr\u00f3nica\u201d, apresentado pelo Coletivo Garbe, que \u00e9 composto pelos m\u00fasicos Joana Godinho (mezzo soprano), Daniela Tomaz (flauta barroca), Daniela Pinhel (obo\u00e9 e corne ingl\u00eas) e Vasco Ramalho (marimba&nbsp;<em>mallet station<\/em>). O espect\u00e1culo contar\u00e1 ainda com a presen\u00e7a de uma artista convidada, Catarina Melo, no cravo.&nbsp;Este ser\u00e1 um concerto comentado dentro do seu contexto hist\u00f3rico-cultural, e que apresenta um repert\u00f3rio de m\u00fasica barroca, desde a sua conce\u00e7\u00e3o mais hist\u00f3rica at\u00e9 uma interpreta\u00e7\u00e3o contempor\u00e2nea, atrav\u00e9s da utiliza\u00e7\u00e3o de instrumentos modernos, digitais e eletr\u00f3nica.&nbsp;Ser\u00e1 servido um beberete no intervalo do concerto, com oferta de vinhos pela Quinta do Barranco Longo.<\/p>\n\n\n\n<p>Promovido pel\u00b4O Corvo e a Raposa\u00a0Associa\u00e7\u00e3o Cultural,\u00a0este concerto \u00e9 apoiado pelo PAACA \u2013 Programa de Apoio \u00e0 A\u00e7\u00e3o Cultural da Dire\u00e7\u00e3o Regional de Cultura do Algarve. A entrada \u00e9 gratuita, mas com reserva obrigat\u00f3ria de lugar atrav\u00e9s de:\u00a0<a href=\"mailto:ocorvoearaposacultural@gmail.com\" target=\"_blank\" rel=\"noreferrer noopener\">ocorvoearaposacultural@gmail.com<\/a><\/p>\n\n\n\n<p>No dia em que se cumprem 563 anos da morte do Infante&nbsp;Dom Henrique<em>,&nbsp;<\/em>celebrar-se-\u00e1, \u00e0s 10h30, uma Missa de Sufr\u00e1gio pela sua alma, na Igreja de Nossa Senhora da Gra\u00e7a, na Vila de Sagres. Seguir-se-\u00e1, pelas 11h30, a deposi\u00e7\u00e3o de uma coroa de flores junto \u00e0 sua est\u00e1tua, na mesma localidade, por parte do Munic\u00edpio de Vila do Bispo.<\/p>\n\n\n\n<p>Tamb\u00e9m no dia 13 de novembro, a DRCAlg promove duas visitas acompanhadas ao Centro Expositivo da Fortaleza de Sagres, \u00e0s 14h30 e \u00e0s 16h00. Estas visitas s\u00e3o gratuitas e sujeitas a inscri\u00e7\u00e3o pr\u00e9via (limite de 15 pessoas por grupo) atrav\u00e9s do email:\u00a0<a href=\"mailto:fortaleza.sagres@cultalg.gov.pt\" target=\"_blank\" rel=\"noreferrer noopener\">fortaleza.sagres@cultalg.gov.pt<\/a><\/p>\n\n\n\n<p>O encerramento do programa que invoca a mem\u00f3ria do Infante D. Henrique acontece, no dia 19 de novembro, pelas 15h30, com o \u201cConcerto e Performance: 2&#215;1+X Concerto de M\u00fasica Erudita e Performance de Pintura\u201d, na Ermida de Nossa Senhora de Guadalupe. Este espet\u00e1culo insere-se no Projeto ELA, Ensemble Livre do Algarve, coletivo art\u00edstico feminino juvenil. Tem como int\u00e9rpretes as artistas Carina Candeias (guitarra),&nbsp;Rita Coelho&nbsp;(piano) e Luana Fernandes (pintura). Trata-se de um concerto sinest\u00e9sico, em que&nbsp;a m\u00fasica e&nbsp;a pintura s\u00e3o protagonistas.&nbsp;<\/p>\n\n\n\n<p>A estrutura promotora do espet\u00e1culo \u00e9 a ALMA \u2013 Associa\u00e7\u00e3o Livre de M\u00fasica e Artes e a produ\u00e7\u00e3o \u00e9 da Associa\u00e7\u00e3o AORCA. Conta ainda com o apoio de, Susana Rebelo, e de, Sofia Brito, na produ\u00e7\u00e3o pela Associa\u00e7\u00e3o AORCA.<\/p>\n\n\n\n<p>A iniciativa tem\u00a0entrada gratuita, mas com reserva obrigat\u00f3ria de lugar atrav\u00e9s de:\u00a0<a href=\"mailto:info@aorca.pt\" target=\"_blank\" rel=\"noreferrer noopener\">info@aorca.pt<\/a><\/p>\n","protected":false},"excerpt":{"rendered":"<p>A Dire\u00e7\u00e3o Regional de&nbsp;Cultura do Algarve, atrav\u00e9s da sua unidade org\u00e2nica Fortaleza de Sagres e Ermida de Nossa Senhora de<\/p>\n","protected":false},"author":1,"featured_media":32737,"comment_status":"closed","ping_status":"open","sticky":false,"template":"","format":"standard","meta":{"colormag_page_container_layout":"default_layout","colormag_page_sidebar_layout":"default_layout","_monsterinsights_skip_tracking":false,"_monsterinsights_sitenote_active":false,"_monsterinsights_sitenote_note":"","_monsterinsights_sitenote_category":0,"jetpack_post_was_ever_published":false,"_jetpack_newsletter_access":"","_jetpack_dont_email_post_to_subs":false,"_jetpack_newsletter_tier_id":0,"_jetpack_memberships_contains_paywalled_content":false,"_jetpack_memberships_contains_paid_content":false,"footnotes":"","jetpack_publicize_message":"","jetpack_publicize_feature_enabled":true,"jetpack_social_post_already_shared":true,"jetpack_social_options":{"image_generator_settings":{"template":"highway","default_image_id":0,"font":"","enabled":false},"version":2}},"categories":[14],"tags":[36,35,626],"class_list":["post-32736","post","type-post","status-publish","format-standard","has-post-thumbnail","hentry","category-cultura","tag-algarve","tag-cultura","tag-drca"],"yoast_head":"<!-- This site is optimized with the Yoast SEO plugin v27.5 - https:\/\/yoast.com\/product\/yoast-seo-wordpress\/ -->\n<title>Dire\u00e7\u00e3o Regional de\u00a0Cultura do Algarve\u00a0assinala anivers\u00e1rio da morte do Infante D. Henrique - Algarve 7<\/title>\n<meta name=\"description\" content=\"Dire\u00e7\u00e3o Regional de\u00a0Cultura do Algarve\u00a0assinala anivers\u00e1rio da morte do Infante D. Henrique Cultura\" \/>\n<meta name=\"robots\" content=\"index, follow, max-snippet:-1, max-image-preview:large, max-video-preview:-1\" \/>\n<link rel=\"canonical\" href=\"https:\/\/algarve7.pt\/index.php\/2023\/11\/direcao-regional-de-cultura-do-algarve-assinala-aniversario-da-morte-do-infante-d-henrique\/cultura\/18\/43\/\" \/>\n<meta property=\"og:locale\" content=\"pt_PT\" \/>\n<meta property=\"og:type\" content=\"article\" \/>\n<meta property=\"og:title\" content=\"Dire\u00e7\u00e3o Regional de\u00a0Cultura do Algarve\u00a0assinala anivers\u00e1rio da morte do Infante D. Henrique - Algarve 7\" \/>\n<meta property=\"og:description\" content=\"Dire\u00e7\u00e3o Regional de\u00a0Cultura do Algarve\u00a0assinala anivers\u00e1rio da morte do Infante D. Henrique Cultura\" \/>\n<meta property=\"og:url\" content=\"https:\/\/algarve7.pt\/index.php\/2023\/11\/direcao-regional-de-cultura-do-algarve-assinala-aniversario-da-morte-do-infante-d-henrique\/cultura\/18\/43\/\" \/>\n<meta property=\"og:site_name\" content=\"Algarve 7\" \/>\n<meta property=\"article:publisher\" content=\"https:\/\/www.facebook.com\/algarve7\" \/>\n<meta property=\"article:author\" content=\"https:\/\/www.facebook.com\/algarve7\" \/>\n<meta property=\"article:published_time\" content=\"2023-11-06T18:43:07+00:00\" \/>\n<meta property=\"article:modified_time\" content=\"2023-11-06T18:43:09+00:00\" \/>\n<meta property=\"og:image\" content=\"https:\/\/algarve7.pt\/wp-content\/uploads\/2023\/11\/Baluarte-Santo-Antonio-04.jpg\" \/>\n\t<meta property=\"og:image:width\" content=\"1024\" \/>\n\t<meta property=\"og:image:height\" content=\"575\" \/>\n\t<meta property=\"og:image:type\" content=\"image\/jpeg\" \/>\n<meta name=\"author\" content=\"Algarve 7\" \/>\n<meta name=\"twitter:card\" content=\"summary_large_image\" \/>\n<meta name=\"twitter:creator\" content=\"@Algarvesete\" \/>\n<meta name=\"twitter:site\" content=\"@Algarvesete\" \/>\n<meta name=\"twitter:label1\" content=\"Escrito por\" \/>\n\t<meta name=\"twitter:data1\" content=\"Algarve 7\" \/>\n\t<meta name=\"twitter:label2\" content=\"Tempo estimado de leitura\" \/>\n\t<meta name=\"twitter:data2\" content=\"3 minutos\" \/>\n<script type=\"application\/ld+json\" class=\"yoast-schema-graph\">{\"@context\":\"https:\\\/\\\/schema.org\",\"@graph\":[{\"@type\":\"Article\",\"@id\":\"https:\\\/\\\/algarve7.pt\\\/index.php\\\/2023\\\/11\\\/direcao-regional-de-cultura-do-algarve-assinala-aniversario-da-morte-do-infante-d-henrique\\\/cultura\\\/18\\\/43\\\/#article\",\"isPartOf\":{\"@id\":\"https:\\\/\\\/algarve7.pt\\\/index.php\\\/2023\\\/11\\\/direcao-regional-de-cultura-do-algarve-assinala-aniversario-da-morte-do-infante-d-henrique\\\/cultura\\\/18\\\/43\\\/\"},\"author\":{\"name\":\"Algarve 7\",\"@id\":\"https:\\\/\\\/algarve7.pt\\\/#\\\/schema\\\/person\\\/23fa70681308e7b319a3204bcea45e0c\"},\"headline\":\"Dire\u00e7\u00e3o Regional de\u00a0Cultura do Algarve\u00a0assinala anivers\u00e1rio da morte do Infante D. Henrique\",\"datePublished\":\"2023-11-06T18:43:07+00:00\",\"dateModified\":\"2023-11-06T18:43:09+00:00\",\"mainEntityOfPage\":{\"@id\":\"https:\\\/\\\/algarve7.pt\\\/index.php\\\/2023\\\/11\\\/direcao-regional-de-cultura-do-algarve-assinala-aniversario-da-morte-do-infante-d-henrique\\\/cultura\\\/18\\\/43\\\/\"},\"wordCount\":561,\"publisher\":{\"@id\":\"https:\\\/\\\/algarve7.pt\\\/#organization\"},\"image\":{\"@id\":\"https:\\\/\\\/algarve7.pt\\\/index.php\\\/2023\\\/11\\\/direcao-regional-de-cultura-do-algarve-assinala-aniversario-da-morte-do-infante-d-henrique\\\/cultura\\\/18\\\/43\\\/#primaryimage\"},\"thumbnailUrl\":\"https:\\\/\\\/algarve7.pt\\\/wp-content\\\/uploads\\\/2023\\\/11\\\/Baluarte-Santo-Antonio-04.jpg\",\"keywords\":[\"Algarve\",\"Cultura\",\"DRCA\"],\"articleSection\":[\"Cultura\"],\"inLanguage\":\"pt-PT\"},{\"@type\":\"WebPage\",\"@id\":\"https:\\\/\\\/algarve7.pt\\\/index.php\\\/2023\\\/11\\\/direcao-regional-de-cultura-do-algarve-assinala-aniversario-da-morte-do-infante-d-henrique\\\/cultura\\\/18\\\/43\\\/\",\"url\":\"https:\\\/\\\/algarve7.pt\\\/index.php\\\/2023\\\/11\\\/direcao-regional-de-cultura-do-algarve-assinala-aniversario-da-morte-do-infante-d-henrique\\\/cultura\\\/18\\\/43\\\/\",\"name\":\"Dire\u00e7\u00e3o Regional de\u00a0Cultura do Algarve\u00a0assinala anivers\u00e1rio da morte do Infante D. Henrique - Algarve 7\",\"isPartOf\":{\"@id\":\"https:\\\/\\\/algarve7.pt\\\/#website\"},\"primaryImageOfPage\":{\"@id\":\"https:\\\/\\\/algarve7.pt\\\/index.php\\\/2023\\\/11\\\/direcao-regional-de-cultura-do-algarve-assinala-aniversario-da-morte-do-infante-d-henrique\\\/cultura\\\/18\\\/43\\\/#primaryimage\"},\"image\":{\"@id\":\"https:\\\/\\\/algarve7.pt\\\/index.php\\\/2023\\\/11\\\/direcao-regional-de-cultura-do-algarve-assinala-aniversario-da-morte-do-infante-d-henrique\\\/cultura\\\/18\\\/43\\\/#primaryimage\"},\"thumbnailUrl\":\"https:\\\/\\\/algarve7.pt\\\/wp-content\\\/uploads\\\/2023\\\/11\\\/Baluarte-Santo-Antonio-04.jpg\",\"datePublished\":\"2023-11-06T18:43:07+00:00\",\"dateModified\":\"2023-11-06T18:43:09+00:00\",\"description\":\"Dire\u00e7\u00e3o Regional de\u00a0Cultura do Algarve\u00a0assinala anivers\u00e1rio da morte do Infante D. Henrique Cultura\",\"breadcrumb\":{\"@id\":\"https:\\\/\\\/algarve7.pt\\\/index.php\\\/2023\\\/11\\\/direcao-regional-de-cultura-do-algarve-assinala-aniversario-da-morte-do-infante-d-henrique\\\/cultura\\\/18\\\/43\\\/#breadcrumb\"},\"inLanguage\":\"pt-PT\",\"potentialAction\":[{\"@type\":\"ReadAction\",\"target\":[\"https:\\\/\\\/algarve7.pt\\\/index.php\\\/2023\\\/11\\\/direcao-regional-de-cultura-do-algarve-assinala-aniversario-da-morte-do-infante-d-henrique\\\/cultura\\\/18\\\/43\\\/\"]}]},{\"@type\":\"ImageObject\",\"inLanguage\":\"pt-PT\",\"@id\":\"https:\\\/\\\/algarve7.pt\\\/index.php\\\/2023\\\/11\\\/direcao-regional-de-cultura-do-algarve-assinala-aniversario-da-morte-do-infante-d-henrique\\\/cultura\\\/18\\\/43\\\/#primaryimage\",\"url\":\"https:\\\/\\\/algarve7.pt\\\/wp-content\\\/uploads\\\/2023\\\/11\\\/Baluarte-Santo-Antonio-04.jpg\",\"contentUrl\":\"https:\\\/\\\/algarve7.pt\\\/wp-content\\\/uploads\\\/2023\\\/11\\\/Baluarte-Santo-Antonio-04.jpg\",\"width\":1024,\"height\":575},{\"@type\":\"BreadcrumbList\",\"@id\":\"https:\\\/\\\/algarve7.pt\\\/index.php\\\/2023\\\/11\\\/direcao-regional-de-cultura-do-algarve-assinala-aniversario-da-morte-do-infante-d-henrique\\\/cultura\\\/18\\\/43\\\/#breadcrumb\",\"itemListElement\":[{\"@type\":\"ListItem\",\"position\":1,\"name\":\"In\u00edcio\",\"item\":\"https:\\\/\\\/algarve7.pt\\\/\"},{\"@type\":\"ListItem\",\"position\":2,\"name\":\"Dire\u00e7\u00e3o Regional de\u00a0Cultura do Algarve\u00a0assinala anivers\u00e1rio da morte do Infante D. Henrique\"}]},{\"@type\":\"WebSite\",\"@id\":\"https:\\\/\\\/algarve7.pt\\\/#website\",\"url\":\"https:\\\/\\\/algarve7.pt\\\/\",\"name\":\"Algarve 7\",\"description\":\"Informa\u00e7\u00e3o sobre o Algarve\",\"publisher\":{\"@id\":\"https:\\\/\\\/algarve7.pt\\\/#organization\"},\"potentialAction\":[{\"@type\":\"SearchAction\",\"target\":{\"@type\":\"EntryPoint\",\"urlTemplate\":\"https:\\\/\\\/algarve7.pt\\\/?s={search_term_string}\"},\"query-input\":{\"@type\":\"PropertyValueSpecification\",\"valueRequired\":true,\"valueName\":\"search_term_string\"}}],\"inLanguage\":\"pt-PT\"},{\"@type\":\"Organization\",\"@id\":\"https:\\\/\\\/algarve7.pt\\\/#organization\",\"name\":\"Algarve 7\",\"url\":\"https:\\\/\\\/algarve7.pt\\\/\",\"logo\":{\"@type\":\"ImageObject\",\"inLanguage\":\"pt-PT\",\"@id\":\"https:\\\/\\\/algarve7.pt\\\/#\\\/schema\\\/logo\\\/image\\\/\",\"url\":\"https:\\\/\\\/algarve7.pt\\\/wp-content\\\/uploads\\\/2020\\\/10\\\/Logo-8.jpg\",\"contentUrl\":\"https:\\\/\\\/algarve7.pt\\\/wp-content\\\/uploads\\\/2020\\\/10\\\/Logo-8.jpg\",\"width\":1680,\"height\":1186,\"caption\":\"Algarve 7\"},\"image\":{\"@id\":\"https:\\\/\\\/algarve7.pt\\\/#\\\/schema\\\/logo\\\/image\\\/\"},\"sameAs\":[\"https:\\\/\\\/www.facebook.com\\\/algarve7\",\"https:\\\/\\\/x.com\\\/Algarvesete\",\"https:\\\/\\\/www.instagram.com\\\/jornalalgarve7\\\/\",\"https:\\\/\\\/www.linkedin.com\\\/company\\\/algarve7\",\"https:\\\/\\\/www.pinterest.pt\\\/geral0939\\\/_created\\\/\"]},{\"@type\":\"Person\",\"@id\":\"https:\\\/\\\/algarve7.pt\\\/#\\\/schema\\\/person\\\/23fa70681308e7b319a3204bcea45e0c\",\"name\":\"Algarve 7\",\"sameAs\":[\"https:\\\/\\\/algarve7.pt\",\"https:\\\/\\\/www.facebook.com\\\/algarve7\"],\"url\":\"https:\\\/\\\/algarve7.pt\\\/index.php\\\/author\\\/geralalgarve7-pt\\\/\"}]}<\/script>\n<!-- \/ Yoast SEO plugin. -->","yoast_head_json":{"title":"Dire\u00e7\u00e3o Regional de\u00a0Cultura do Algarve\u00a0assinala anivers\u00e1rio da morte do Infante D. Henrique - Algarve 7","description":"Dire\u00e7\u00e3o Regional de\u00a0Cultura do Algarve\u00a0assinala anivers\u00e1rio da morte do Infante D. Henrique Cultura","robots":{"index":"index","follow":"follow","max-snippet":"max-snippet:-1","max-image-preview":"max-image-preview:large","max-video-preview":"max-video-preview:-1"},"canonical":"https:\/\/algarve7.pt\/index.php\/2023\/11\/direcao-regional-de-cultura-do-algarve-assinala-aniversario-da-morte-do-infante-d-henrique\/cultura\/18\/43\/","og_locale":"pt_PT","og_type":"article","og_title":"Dire\u00e7\u00e3o Regional de\u00a0Cultura do Algarve\u00a0assinala anivers\u00e1rio da morte do Infante D. Henrique - Algarve 7","og_description":"Dire\u00e7\u00e3o Regional de\u00a0Cultura do Algarve\u00a0assinala anivers\u00e1rio da morte do Infante D. Henrique Cultura","og_url":"https:\/\/algarve7.pt\/index.php\/2023\/11\/direcao-regional-de-cultura-do-algarve-assinala-aniversario-da-morte-do-infante-d-henrique\/cultura\/18\/43\/","og_site_name":"Algarve 7","article_publisher":"https:\/\/www.facebook.com\/algarve7","article_author":"https:\/\/www.facebook.com\/algarve7","article_published_time":"2023-11-06T18:43:07+00:00","article_modified_time":"2023-11-06T18:43:09+00:00","og_image":[{"width":1024,"height":575,"url":"https:\/\/algarve7.pt\/wp-content\/uploads\/2023\/11\/Baluarte-Santo-Antonio-04.jpg","type":"image\/jpeg"}],"author":"Algarve 7","twitter_card":"summary_large_image","twitter_creator":"@Algarvesete","twitter_site":"@Algarvesete","twitter_misc":{"Escrito por":"Algarve 7","Tempo estimado de leitura":"3 minutos"},"schema":{"@context":"https:\/\/schema.org","@graph":[{"@type":"Article","@id":"https:\/\/algarve7.pt\/index.php\/2023\/11\/direcao-regional-de-cultura-do-algarve-assinala-aniversario-da-morte-do-infante-d-henrique\/cultura\/18\/43\/#article","isPartOf":{"@id":"https:\/\/algarve7.pt\/index.php\/2023\/11\/direcao-regional-de-cultura-do-algarve-assinala-aniversario-da-morte-do-infante-d-henrique\/cultura\/18\/43\/"},"author":{"name":"Algarve 7","@id":"https:\/\/algarve7.pt\/#\/schema\/person\/23fa70681308e7b319a3204bcea45e0c"},"headline":"Dire\u00e7\u00e3o Regional de\u00a0Cultura do Algarve\u00a0assinala anivers\u00e1rio da morte do Infante D. Henrique","datePublished":"2023-11-06T18:43:07+00:00","dateModified":"2023-11-06T18:43:09+00:00","mainEntityOfPage":{"@id":"https:\/\/algarve7.pt\/index.php\/2023\/11\/direcao-regional-de-cultura-do-algarve-assinala-aniversario-da-morte-do-infante-d-henrique\/cultura\/18\/43\/"},"wordCount":561,"publisher":{"@id":"https:\/\/algarve7.pt\/#organization"},"image":{"@id":"https:\/\/algarve7.pt\/index.php\/2023\/11\/direcao-regional-de-cultura-do-algarve-assinala-aniversario-da-morte-do-infante-d-henrique\/cultura\/18\/43\/#primaryimage"},"thumbnailUrl":"https:\/\/algarve7.pt\/wp-content\/uploads\/2023\/11\/Baluarte-Santo-Antonio-04.jpg","keywords":["Algarve","Cultura","DRCA"],"articleSection":["Cultura"],"inLanguage":"pt-PT"},{"@type":"WebPage","@id":"https:\/\/algarve7.pt\/index.php\/2023\/11\/direcao-regional-de-cultura-do-algarve-assinala-aniversario-da-morte-do-infante-d-henrique\/cultura\/18\/43\/","url":"https:\/\/algarve7.pt\/index.php\/2023\/11\/direcao-regional-de-cultura-do-algarve-assinala-aniversario-da-morte-do-infante-d-henrique\/cultura\/18\/43\/","name":"Dire\u00e7\u00e3o Regional de\u00a0Cultura do Algarve\u00a0assinala anivers\u00e1rio da morte do Infante D. Henrique - Algarve 7","isPartOf":{"@id":"https:\/\/algarve7.pt\/#website"},"primaryImageOfPage":{"@id":"https:\/\/algarve7.pt\/index.php\/2023\/11\/direcao-regional-de-cultura-do-algarve-assinala-aniversario-da-morte-do-infante-d-henrique\/cultura\/18\/43\/#primaryimage"},"image":{"@id":"https:\/\/algarve7.pt\/index.php\/2023\/11\/direcao-regional-de-cultura-do-algarve-assinala-aniversario-da-morte-do-infante-d-henrique\/cultura\/18\/43\/#primaryimage"},"thumbnailUrl":"https:\/\/algarve7.pt\/wp-content\/uploads\/2023\/11\/Baluarte-Santo-Antonio-04.jpg","datePublished":"2023-11-06T18:43:07+00:00","dateModified":"2023-11-06T18:43:09+00:00","description":"Dire\u00e7\u00e3o Regional de\u00a0Cultura do Algarve\u00a0assinala anivers\u00e1rio da morte do Infante D. Henrique Cultura","breadcrumb":{"@id":"https:\/\/algarve7.pt\/index.php\/2023\/11\/direcao-regional-de-cultura-do-algarve-assinala-aniversario-da-morte-do-infante-d-henrique\/cultura\/18\/43\/#breadcrumb"},"inLanguage":"pt-PT","potentialAction":[{"@type":"ReadAction","target":["https:\/\/algarve7.pt\/index.php\/2023\/11\/direcao-regional-de-cultura-do-algarve-assinala-aniversario-da-morte-do-infante-d-henrique\/cultura\/18\/43\/"]}]},{"@type":"ImageObject","inLanguage":"pt-PT","@id":"https:\/\/algarve7.pt\/index.php\/2023\/11\/direcao-regional-de-cultura-do-algarve-assinala-aniversario-da-morte-do-infante-d-henrique\/cultura\/18\/43\/#primaryimage","url":"https:\/\/algarve7.pt\/wp-content\/uploads\/2023\/11\/Baluarte-Santo-Antonio-04.jpg","contentUrl":"https:\/\/algarve7.pt\/wp-content\/uploads\/2023\/11\/Baluarte-Santo-Antonio-04.jpg","width":1024,"height":575},{"@type":"BreadcrumbList","@id":"https:\/\/algarve7.pt\/index.php\/2023\/11\/direcao-regional-de-cultura-do-algarve-assinala-aniversario-da-morte-do-infante-d-henrique\/cultura\/18\/43\/#breadcrumb","itemListElement":[{"@type":"ListItem","position":1,"name":"In\u00edcio","item":"https:\/\/algarve7.pt\/"},{"@type":"ListItem","position":2,"name":"Dire\u00e7\u00e3o Regional de\u00a0Cultura do Algarve\u00a0assinala anivers\u00e1rio da morte do Infante D. Henrique"}]},{"@type":"WebSite","@id":"https:\/\/algarve7.pt\/#website","url":"https:\/\/algarve7.pt\/","name":"Algarve 7","description":"Informa\u00e7\u00e3o sobre o Algarve","publisher":{"@id":"https:\/\/algarve7.pt\/#organization"},"potentialAction":[{"@type":"SearchAction","target":{"@type":"EntryPoint","urlTemplate":"https:\/\/algarve7.pt\/?s={search_term_string}"},"query-input":{"@type":"PropertyValueSpecification","valueRequired":true,"valueName":"search_term_string"}}],"inLanguage":"pt-PT"},{"@type":"Organization","@id":"https:\/\/algarve7.pt\/#organization","name":"Algarve 7","url":"https:\/\/algarve7.pt\/","logo":{"@type":"ImageObject","inLanguage":"pt-PT","@id":"https:\/\/algarve7.pt\/#\/schema\/logo\/image\/","url":"https:\/\/algarve7.pt\/wp-content\/uploads\/2020\/10\/Logo-8.jpg","contentUrl":"https:\/\/algarve7.pt\/wp-content\/uploads\/2020\/10\/Logo-8.jpg","width":1680,"height":1186,"caption":"Algarve 7"},"image":{"@id":"https:\/\/algarve7.pt\/#\/schema\/logo\/image\/"},"sameAs":["https:\/\/www.facebook.com\/algarve7","https:\/\/x.com\/Algarvesete","https:\/\/www.instagram.com\/jornalalgarve7\/","https:\/\/www.linkedin.com\/company\/algarve7","https:\/\/www.pinterest.pt\/geral0939\/_created\/"]},{"@type":"Person","@id":"https:\/\/algarve7.pt\/#\/schema\/person\/23fa70681308e7b319a3204bcea45e0c","name":"Algarve 7","sameAs":["https:\/\/algarve7.pt","https:\/\/www.facebook.com\/algarve7"],"url":"https:\/\/algarve7.pt\/index.php\/author\/geralalgarve7-pt\/"}]}},"jetpack_publicize_connections":[],"jetpack_featured_media_url":"https:\/\/algarve7.pt\/wp-content\/uploads\/2023\/11\/Baluarte-Santo-Antonio-04.jpg","jetpack_shortlink":"https:\/\/wp.me\/pcezmW-8w0","jetpack_sharing_enabled":true,"_links":{"self":[{"href":"https:\/\/algarve7.pt\/index.php\/wp-json\/wp\/v2\/posts\/32736","targetHints":{"allow":["GET"]}}],"collection":[{"href":"https:\/\/algarve7.pt\/index.php\/wp-json\/wp\/v2\/posts"}],"about":[{"href":"https:\/\/algarve7.pt\/index.php\/wp-json\/wp\/v2\/types\/post"}],"author":[{"embeddable":true,"href":"https:\/\/algarve7.pt\/index.php\/wp-json\/wp\/v2\/users\/1"}],"replies":[{"embeddable":true,"href":"https:\/\/algarve7.pt\/index.php\/wp-json\/wp\/v2\/comments?post=32736"}],"version-history":[{"count":0,"href":"https:\/\/algarve7.pt\/index.php\/wp-json\/wp\/v2\/posts\/32736\/revisions"}],"wp:featuredmedia":[{"embeddable":true,"href":"https:\/\/algarve7.pt\/index.php\/wp-json\/wp\/v2\/media\/32737"}],"wp:attachment":[{"href":"https:\/\/algarve7.pt\/index.php\/wp-json\/wp\/v2\/media?parent=32736"}],"wp:term":[{"taxonomy":"category","embeddable":true,"href":"https:\/\/algarve7.pt\/index.php\/wp-json\/wp\/v2\/categories?post=32736"},{"taxonomy":"post_tag","embeddable":true,"href":"https:\/\/algarve7.pt\/index.php\/wp-json\/wp\/v2\/tags?post=32736"}],"curies":[{"name":"wp","href":"https:\/\/api.w.org\/{rel}","templated":true}]}}