{"id":32563,"date":"2023-11-01T19:19:53","date_gmt":"2023-11-01T19:19:53","guid":{"rendered":"https:\/\/algarve7.pt\/?p=32563"},"modified":"2023-11-01T19:19:55","modified_gmt":"2023-11-01T19:19:55","slug":"econtigo-o-novo-portal-para-conectar-portugueses-com-a-sustentabilidade","status":"publish","type":"post","link":"https:\/\/algarve7.pt\/index.php\/2023\/11\/econtigo-o-novo-portal-para-conectar-portugueses-com-a-sustentabilidade\/ambiente\/19\/19\/","title":{"rendered":"ECOntigo, o novo portal para conectar portugueses com a\u00a0sustentabilidade"},"content":{"rendered":"\n<p>Para ajudar os portugueses a iniciarem a sua jornada pela sustentabilidade, a ZERO, em parceria com o IPDJ &#8211; Instituto Portugu\u00eas do Desporto e Juventude, I.P., que tem por miss\u00e3o a execu\u00e7\u00e3o de uma pol\u00edtica integrada e descentralizada para as \u00e1reas do desporto e da juventude, em estreita colabora\u00e7\u00e3o com entes p\u00fablicos e privados, designadamente com organismos desportivos, associa\u00e7\u00f5es juvenis, estudantis e autarquias locais, lan\u00e7a hoje o ECOntigo (https:\/\/econtigo.pt\/), um portal que pretende ser a plataforma de refer\u00eancia de sustentabilidade para o pa\u00eds e construir uma comunidade colaborativa de pessoas com vontade de ter um impacto positivo no ambiente que os rodeia. Dos problemas para as solu\u00e7\u00f5es, o projeto ECOntigo (<a href=\"https:\/\/econtigo.pt\/\" target=\"_blank\" rel=\"noreferrer noopener\">https:\/\/econtigo.pt\/<\/a>) surge da ideia vencedora do Or\u00e7amento Participativo Jovem Portugal de 2019, desenvolvida por Filipa Silva, que na sua explora\u00e7\u00e3o pelo mundo da sustentabilidade sentiu que faltava uma ferramenta que permitisse \u00e0s pessoas encontrar informa\u00e7\u00e3o simples, organizada, sobre diferentes tem\u00e1ticas da sustentabilidade num s\u00edtio s\u00f3, e ajud\u00e1-las a focarem-se nas solu\u00e7\u00f5es e n\u00e3o nos problemas. Esta ferramenta, o ECOntigo, \u00e9 uma plataforma que divulga solu\u00e7\u00f5es, iniciativas e projetos no nosso pa\u00eds que j\u00e1 est\u00e3o a fazer a diferen\u00e7a por um futuro melhor. Esta plataforma pretende facilitar \u00e0s pessoas a mudan\u00e7a para um consumo e h\u00e1bitos de vida mais conscientes promovendo uma economia sustent\u00e1vel, justa e circular. Inspirada pelo document\u00e1rio Demain e pela s\u00e9rie portuguesa \u00c9 Pr\u2019a Amanh\u00e3, pela Rede Convergir e pelos Objetivos de Desenvolvimento Sustent\u00e1vel da ONU, a Filipa Silva idealizou uma ideia que foi agora implementada em parceria com a ZERO e financiada pelo IPDJ.<\/p>\n\n\n\n<p>Inspira\u00e7\u00e3o, conselhos e recursos num s\u00f3 portal para um impacto positivo na comunidade e no pa\u00eds<\/p>\n\n\n\n<p>ECOntigo \u00e9 a plataforma para come\u00e7ar a jornada pela sustentabilidade e que permitir\u00e1:<\/p>\n\n\n\n<p><strong>Diagnosticar<\/strong>: atrav\u00e9s de uma calculadora da pegada ecol\u00f3gica, os utilizadores poder\u00e3o calcular os seus impactos e aprender como reduzi-los.<\/p>\n\n\n\n<p><a><\/a><strong>Desafiar<\/strong>: atrav\u00e9s de uma s\u00e9rie de desafios que foram criados para que os utilizadores, que decidam escolher aceitar, possam reduzir o seu impacto no ambiente.<\/p>\n\n\n\n<p><strong>Conectar<\/strong>: num mapa em constante evolu\u00e7\u00e3o, os utilizadores encontrar\u00e3o projetos sustent\u00e1veis por todo o pa\u00eds para se inspirarem por quem j\u00e1 faz a diferen\u00e7a, e s\u00e3o convidados a adicionar outros projetos que conhe\u00e7am.&nbsp; Ao mapa, ser\u00e1 adicionada a possibilidade de navegar por v\u00e1rias categorias da sustentabilidade para descobrir o que j\u00e1 se faz em Portugal. Permitindo aos utilizadores descobrirem projetos que os podem inspirar e quem sabe replicar, e tamb\u00e9m descobrir que iniciativas existem perto de si e a quem se podem juntar e colaborar dando mais for\u00e7a aos projetos.<\/p>\n\n\n\n<p><strong>Inspirar<\/strong>: os utilizadores deste website podem descobrir projetos que os inspirem, quer por \u00e1rea tem\u00e1tica, quer por regi\u00e3o geogr\u00e1fica, e quem sabe replicar iniciativas ou projetos que existem noutros lugares do pa\u00eds, ou juntar-se e participar em movimentos que existem perto de si dando mais for\u00e7a aos projetos.<\/p>\n\n\n\n<p>Participar ativamente: pretende-se desenvolver uma comunidade de volunt\u00e1rios que, baseando-se nos valores da plataforma, ajude a constru\u00ed-la. A comunidade poder\u00e1 contribuir atrav\u00e9s da atualiza\u00e7\u00e3o do mapa e das informa\u00e7\u00f5es no site e da cria\u00e7\u00e3o de desafios.&nbsp;<\/p>\n","protected":false},"excerpt":{"rendered":"<p>Para ajudar os portugueses a iniciarem a sua jornada pela sustentabilidade, a ZERO, em parceria com o IPDJ &#8211; Instituto<\/p>\n","protected":false},"author":1,"featured_media":2319,"comment_status":"closed","ping_status":"open","sticky":false,"template":"","format":"standard","meta":{"colormag_page_container_layout":"default_layout","colormag_page_sidebar_layout":"default_layout","_monsterinsights_skip_tracking":false,"_monsterinsights_sitenote_active":false,"_monsterinsights_sitenote_note":"","_monsterinsights_sitenote_category":0,"jetpack_post_was_ever_published":false,"_jetpack_newsletter_access":"","_jetpack_dont_email_post_to_subs":false,"_jetpack_newsletter_tier_id":0,"_jetpack_memberships_contains_paywalled_content":false,"_jetpack_memberships_contains_paid_content":false,"footnotes":"","jetpack_publicize_message":"","jetpack_publicize_feature_enabled":true,"jetpack_social_post_already_shared":true,"jetpack_social_options":{"image_generator_settings":{"template":"highway","default_image_id":0,"font":"","enabled":false},"version":2}},"categories":[5,189],"tags":[32,98,220],"class_list":["post-32563","post","type-post","status-publish","format-standard","has-post-thumbnail","hentry","category-ambiente","category-nacional","tag-ambiente","tag-nacional","tag-zero"],"yoast_head":"<!-- This site is optimized with the Yoast SEO plugin v27.5 - https:\/\/yoast.com\/product\/yoast-seo-wordpress\/ -->\n<title>ECOntigo, o novo portal para conectar portugueses com a\u00a0sustentabilidade - Algarve 7<\/title>\n<meta name=\"description\" content=\"ECOntigo, o novo portal para conectar portugueses com a\u00a0sustentabilidade Ambiente\" \/>\n<meta name=\"robots\" content=\"index, follow, max-snippet:-1, max-image-preview:large, max-video-preview:-1\" \/>\n<link rel=\"canonical\" href=\"https:\/\/algarve7.pt\/index.php\/2023\/11\/econtigo-o-novo-portal-para-conectar-portugueses-com-a-sustentabilidade\/ambiente\/19\/19\/\" \/>\n<meta property=\"og:locale\" content=\"pt_PT\" \/>\n<meta property=\"og:type\" content=\"article\" \/>\n<meta property=\"og:title\" content=\"ECOntigo, o novo portal para conectar portugueses com a\u00a0sustentabilidade - Algarve 7\" \/>\n<meta property=\"og:description\" content=\"ECOntigo, o novo portal para conectar portugueses com a\u00a0sustentabilidade Ambiente\" \/>\n<meta property=\"og:url\" content=\"https:\/\/algarve7.pt\/index.php\/2023\/11\/econtigo-o-novo-portal-para-conectar-portugueses-com-a-sustentabilidade\/ambiente\/19\/19\/\" \/>\n<meta property=\"og:site_name\" content=\"Algarve 7\" \/>\n<meta property=\"article:publisher\" content=\"https:\/\/www.facebook.com\/algarve7\" \/>\n<meta property=\"article:author\" content=\"https:\/\/www.facebook.com\/algarve7\" \/>\n<meta property=\"article:published_time\" content=\"2023-11-01T19:19:53+00:00\" \/>\n<meta property=\"article:modified_time\" content=\"2023-11-01T19:19:55+00:00\" \/>\n<meta property=\"og:image\" content=\"https:\/\/algarve7.pt\/wp-content\/uploads\/2020\/10\/img_0024.jpg\" \/>\n\t<meta property=\"og:image:width\" content=\"600\" \/>\n\t<meta property=\"og:image:height\" content=\"300\" \/>\n\t<meta property=\"og:image:type\" content=\"image\/jpeg\" \/>\n<meta name=\"author\" content=\"Algarve 7\" \/>\n<meta name=\"twitter:card\" content=\"summary_large_image\" \/>\n<meta name=\"twitter:creator\" content=\"@Algarvesete\" \/>\n<meta name=\"twitter:site\" content=\"@Algarvesete\" \/>\n<meta name=\"twitter:label1\" content=\"Escrito por\" \/>\n\t<meta name=\"twitter:data1\" content=\"Algarve 7\" \/>\n\t<meta name=\"twitter:label2\" content=\"Tempo estimado de leitura\" \/>\n\t<meta name=\"twitter:data2\" content=\"3 minutos\" \/>\n<script type=\"application\/ld+json\" class=\"yoast-schema-graph\">{\"@context\":\"https:\\\/\\\/schema.org\",\"@graph\":[{\"@type\":\"Article\",\"@id\":\"https:\\\/\\\/algarve7.pt\\\/index.php\\\/2023\\\/11\\\/econtigo-o-novo-portal-para-conectar-portugueses-com-a-sustentabilidade\\\/ambiente\\\/19\\\/19\\\/#article\",\"isPartOf\":{\"@id\":\"https:\\\/\\\/algarve7.pt\\\/index.php\\\/2023\\\/11\\\/econtigo-o-novo-portal-para-conectar-portugueses-com-a-sustentabilidade\\\/ambiente\\\/19\\\/19\\\/\"},\"author\":{\"name\":\"Algarve 7\",\"@id\":\"https:\\\/\\\/algarve7.pt\\\/#\\\/schema\\\/person\\\/23fa70681308e7b319a3204bcea45e0c\"},\"headline\":\"ECOntigo, o novo portal para conectar portugueses com a\u00a0sustentabilidade\",\"datePublished\":\"2023-11-01T19:19:53+00:00\",\"dateModified\":\"2023-11-01T19:19:55+00:00\",\"mainEntityOfPage\":{\"@id\":\"https:\\\/\\\/algarve7.pt\\\/index.php\\\/2023\\\/11\\\/econtigo-o-novo-portal-para-conectar-portugueses-com-a-sustentabilidade\\\/ambiente\\\/19\\\/19\\\/\"},\"wordCount\":576,\"publisher\":{\"@id\":\"https:\\\/\\\/algarve7.pt\\\/#organization\"},\"image\":{\"@id\":\"https:\\\/\\\/algarve7.pt\\\/index.php\\\/2023\\\/11\\\/econtigo-o-novo-portal-para-conectar-portugueses-com-a-sustentabilidade\\\/ambiente\\\/19\\\/19\\\/#primaryimage\"},\"thumbnailUrl\":\"https:\\\/\\\/algarve7.pt\\\/wp-content\\\/uploads\\\/2020\\\/10\\\/img_0024.jpg\",\"keywords\":[\"Ambiente\",\"Nacional\",\"ZERO\"],\"articleSection\":[\"Ambiente\",\"Nacional\"],\"inLanguage\":\"pt-PT\"},{\"@type\":\"WebPage\",\"@id\":\"https:\\\/\\\/algarve7.pt\\\/index.php\\\/2023\\\/11\\\/econtigo-o-novo-portal-para-conectar-portugueses-com-a-sustentabilidade\\\/ambiente\\\/19\\\/19\\\/\",\"url\":\"https:\\\/\\\/algarve7.pt\\\/index.php\\\/2023\\\/11\\\/econtigo-o-novo-portal-para-conectar-portugueses-com-a-sustentabilidade\\\/ambiente\\\/19\\\/19\\\/\",\"name\":\"ECOntigo, o novo portal para conectar portugueses com a\u00a0sustentabilidade - Algarve 7\",\"isPartOf\":{\"@id\":\"https:\\\/\\\/algarve7.pt\\\/#website\"},\"primaryImageOfPage\":{\"@id\":\"https:\\\/\\\/algarve7.pt\\\/index.php\\\/2023\\\/11\\\/econtigo-o-novo-portal-para-conectar-portugueses-com-a-sustentabilidade\\\/ambiente\\\/19\\\/19\\\/#primaryimage\"},\"image\":{\"@id\":\"https:\\\/\\\/algarve7.pt\\\/index.php\\\/2023\\\/11\\\/econtigo-o-novo-portal-para-conectar-portugueses-com-a-sustentabilidade\\\/ambiente\\\/19\\\/19\\\/#primaryimage\"},\"thumbnailUrl\":\"https:\\\/\\\/algarve7.pt\\\/wp-content\\\/uploads\\\/2020\\\/10\\\/img_0024.jpg\",\"datePublished\":\"2023-11-01T19:19:53+00:00\",\"dateModified\":\"2023-11-01T19:19:55+00:00\",\"description\":\"ECOntigo, o novo portal para conectar portugueses com a\u00a0sustentabilidade Ambiente\",\"breadcrumb\":{\"@id\":\"https:\\\/\\\/algarve7.pt\\\/index.php\\\/2023\\\/11\\\/econtigo-o-novo-portal-para-conectar-portugueses-com-a-sustentabilidade\\\/ambiente\\\/19\\\/19\\\/#breadcrumb\"},\"inLanguage\":\"pt-PT\",\"potentialAction\":[{\"@type\":\"ReadAction\",\"target\":[\"https:\\\/\\\/algarve7.pt\\\/index.php\\\/2023\\\/11\\\/econtigo-o-novo-portal-para-conectar-portugueses-com-a-sustentabilidade\\\/ambiente\\\/19\\\/19\\\/\"]}]},{\"@type\":\"ImageObject\",\"inLanguage\":\"pt-PT\",\"@id\":\"https:\\\/\\\/algarve7.pt\\\/index.php\\\/2023\\\/11\\\/econtigo-o-novo-portal-para-conectar-portugueses-com-a-sustentabilidade\\\/ambiente\\\/19\\\/19\\\/#primaryimage\",\"url\":\"https:\\\/\\\/algarve7.pt\\\/wp-content\\\/uploads\\\/2020\\\/10\\\/img_0024.jpg\",\"contentUrl\":\"https:\\\/\\\/algarve7.pt\\\/wp-content\\\/uploads\\\/2020\\\/10\\\/img_0024.jpg\",\"width\":600,\"height\":300},{\"@type\":\"BreadcrumbList\",\"@id\":\"https:\\\/\\\/algarve7.pt\\\/index.php\\\/2023\\\/11\\\/econtigo-o-novo-portal-para-conectar-portugueses-com-a-sustentabilidade\\\/ambiente\\\/19\\\/19\\\/#breadcrumb\",\"itemListElement\":[{\"@type\":\"ListItem\",\"position\":1,\"name\":\"In\u00edcio\",\"item\":\"https:\\\/\\\/algarve7.pt\\\/\"},{\"@type\":\"ListItem\",\"position\":2,\"name\":\"ECOntigo, o novo portal para conectar portugueses com a\u00a0sustentabilidade\"}]},{\"@type\":\"WebSite\",\"@id\":\"https:\\\/\\\/algarve7.pt\\\/#website\",\"url\":\"https:\\\/\\\/algarve7.pt\\\/\",\"name\":\"Algarve 7\",\"description\":\"Informa\u00e7\u00e3o sobre o Algarve\",\"publisher\":{\"@id\":\"https:\\\/\\\/algarve7.pt\\\/#organization\"},\"potentialAction\":[{\"@type\":\"SearchAction\",\"target\":{\"@type\":\"EntryPoint\",\"urlTemplate\":\"https:\\\/\\\/algarve7.pt\\\/?s={search_term_string}\"},\"query-input\":{\"@type\":\"PropertyValueSpecification\",\"valueRequired\":true,\"valueName\":\"search_term_string\"}}],\"inLanguage\":\"pt-PT\"},{\"@type\":\"Organization\",\"@id\":\"https:\\\/\\\/algarve7.pt\\\/#organization\",\"name\":\"Algarve 7\",\"url\":\"https:\\\/\\\/algarve7.pt\\\/\",\"logo\":{\"@type\":\"ImageObject\",\"inLanguage\":\"pt-PT\",\"@id\":\"https:\\\/\\\/algarve7.pt\\\/#\\\/schema\\\/logo\\\/image\\\/\",\"url\":\"https:\\\/\\\/algarve7.pt\\\/wp-content\\\/uploads\\\/2020\\\/10\\\/Logo-8.jpg\",\"contentUrl\":\"https:\\\/\\\/algarve7.pt\\\/wp-content\\\/uploads\\\/2020\\\/10\\\/Logo-8.jpg\",\"width\":1680,\"height\":1186,\"caption\":\"Algarve 7\"},\"image\":{\"@id\":\"https:\\\/\\\/algarve7.pt\\\/#\\\/schema\\\/logo\\\/image\\\/\"},\"sameAs\":[\"https:\\\/\\\/www.facebook.com\\\/algarve7\",\"https:\\\/\\\/x.com\\\/Algarvesete\",\"https:\\\/\\\/www.instagram.com\\\/jornalalgarve7\\\/\",\"https:\\\/\\\/www.linkedin.com\\\/company\\\/algarve7\",\"https:\\\/\\\/www.pinterest.pt\\\/geral0939\\\/_created\\\/\"]},{\"@type\":\"Person\",\"@id\":\"https:\\\/\\\/algarve7.pt\\\/#\\\/schema\\\/person\\\/23fa70681308e7b319a3204bcea45e0c\",\"name\":\"Algarve 7\",\"sameAs\":[\"https:\\\/\\\/algarve7.pt\",\"https:\\\/\\\/www.facebook.com\\\/algarve7\"],\"url\":\"https:\\\/\\\/algarve7.pt\\\/index.php\\\/author\\\/geralalgarve7-pt\\\/\"}]}<\/script>\n<!-- \/ Yoast SEO plugin. -->","yoast_head_json":{"title":"ECOntigo, o novo portal para conectar portugueses com a\u00a0sustentabilidade - Algarve 7","description":"ECOntigo, o novo portal para conectar portugueses com a\u00a0sustentabilidade Ambiente","robots":{"index":"index","follow":"follow","max-snippet":"max-snippet:-1","max-image-preview":"max-image-preview:large","max-video-preview":"max-video-preview:-1"},"canonical":"https:\/\/algarve7.pt\/index.php\/2023\/11\/econtigo-o-novo-portal-para-conectar-portugueses-com-a-sustentabilidade\/ambiente\/19\/19\/","og_locale":"pt_PT","og_type":"article","og_title":"ECOntigo, o novo portal para conectar portugueses com a\u00a0sustentabilidade - Algarve 7","og_description":"ECOntigo, o novo portal para conectar portugueses com a\u00a0sustentabilidade Ambiente","og_url":"https:\/\/algarve7.pt\/index.php\/2023\/11\/econtigo-o-novo-portal-para-conectar-portugueses-com-a-sustentabilidade\/ambiente\/19\/19\/","og_site_name":"Algarve 7","article_publisher":"https:\/\/www.facebook.com\/algarve7","article_author":"https:\/\/www.facebook.com\/algarve7","article_published_time":"2023-11-01T19:19:53+00:00","article_modified_time":"2023-11-01T19:19:55+00:00","og_image":[{"width":600,"height":300,"url":"https:\/\/algarve7.pt\/wp-content\/uploads\/2020\/10\/img_0024.jpg","type":"image\/jpeg"}],"author":"Algarve 7","twitter_card":"summary_large_image","twitter_creator":"@Algarvesete","twitter_site":"@Algarvesete","twitter_misc":{"Escrito por":"Algarve 7","Tempo estimado de leitura":"3 minutos"},"schema":{"@context":"https:\/\/schema.org","@graph":[{"@type":"Article","@id":"https:\/\/algarve7.pt\/index.php\/2023\/11\/econtigo-o-novo-portal-para-conectar-portugueses-com-a-sustentabilidade\/ambiente\/19\/19\/#article","isPartOf":{"@id":"https:\/\/algarve7.pt\/index.php\/2023\/11\/econtigo-o-novo-portal-para-conectar-portugueses-com-a-sustentabilidade\/ambiente\/19\/19\/"},"author":{"name":"Algarve 7","@id":"https:\/\/algarve7.pt\/#\/schema\/person\/23fa70681308e7b319a3204bcea45e0c"},"headline":"ECOntigo, o novo portal para conectar portugueses com a\u00a0sustentabilidade","datePublished":"2023-11-01T19:19:53+00:00","dateModified":"2023-11-01T19:19:55+00:00","mainEntityOfPage":{"@id":"https:\/\/algarve7.pt\/index.php\/2023\/11\/econtigo-o-novo-portal-para-conectar-portugueses-com-a-sustentabilidade\/ambiente\/19\/19\/"},"wordCount":576,"publisher":{"@id":"https:\/\/algarve7.pt\/#organization"},"image":{"@id":"https:\/\/algarve7.pt\/index.php\/2023\/11\/econtigo-o-novo-portal-para-conectar-portugueses-com-a-sustentabilidade\/ambiente\/19\/19\/#primaryimage"},"thumbnailUrl":"https:\/\/algarve7.pt\/wp-content\/uploads\/2020\/10\/img_0024.jpg","keywords":["Ambiente","Nacional","ZERO"],"articleSection":["Ambiente","Nacional"],"inLanguage":"pt-PT"},{"@type":"WebPage","@id":"https:\/\/algarve7.pt\/index.php\/2023\/11\/econtigo-o-novo-portal-para-conectar-portugueses-com-a-sustentabilidade\/ambiente\/19\/19\/","url":"https:\/\/algarve7.pt\/index.php\/2023\/11\/econtigo-o-novo-portal-para-conectar-portugueses-com-a-sustentabilidade\/ambiente\/19\/19\/","name":"ECOntigo, o novo portal para conectar portugueses com a\u00a0sustentabilidade - Algarve 7","isPartOf":{"@id":"https:\/\/algarve7.pt\/#website"},"primaryImageOfPage":{"@id":"https:\/\/algarve7.pt\/index.php\/2023\/11\/econtigo-o-novo-portal-para-conectar-portugueses-com-a-sustentabilidade\/ambiente\/19\/19\/#primaryimage"},"image":{"@id":"https:\/\/algarve7.pt\/index.php\/2023\/11\/econtigo-o-novo-portal-para-conectar-portugueses-com-a-sustentabilidade\/ambiente\/19\/19\/#primaryimage"},"thumbnailUrl":"https:\/\/algarve7.pt\/wp-content\/uploads\/2020\/10\/img_0024.jpg","datePublished":"2023-11-01T19:19:53+00:00","dateModified":"2023-11-01T19:19:55+00:00","description":"ECOntigo, o novo portal para conectar portugueses com a\u00a0sustentabilidade Ambiente","breadcrumb":{"@id":"https:\/\/algarve7.pt\/index.php\/2023\/11\/econtigo-o-novo-portal-para-conectar-portugueses-com-a-sustentabilidade\/ambiente\/19\/19\/#breadcrumb"},"inLanguage":"pt-PT","potentialAction":[{"@type":"ReadAction","target":["https:\/\/algarve7.pt\/index.php\/2023\/11\/econtigo-o-novo-portal-para-conectar-portugueses-com-a-sustentabilidade\/ambiente\/19\/19\/"]}]},{"@type":"ImageObject","inLanguage":"pt-PT","@id":"https:\/\/algarve7.pt\/index.php\/2023\/11\/econtigo-o-novo-portal-para-conectar-portugueses-com-a-sustentabilidade\/ambiente\/19\/19\/#primaryimage","url":"https:\/\/algarve7.pt\/wp-content\/uploads\/2020\/10\/img_0024.jpg","contentUrl":"https:\/\/algarve7.pt\/wp-content\/uploads\/2020\/10\/img_0024.jpg","width":600,"height":300},{"@type":"BreadcrumbList","@id":"https:\/\/algarve7.pt\/index.php\/2023\/11\/econtigo-o-novo-portal-para-conectar-portugueses-com-a-sustentabilidade\/ambiente\/19\/19\/#breadcrumb","itemListElement":[{"@type":"ListItem","position":1,"name":"In\u00edcio","item":"https:\/\/algarve7.pt\/"},{"@type":"ListItem","position":2,"name":"ECOntigo, o novo portal para conectar portugueses com a\u00a0sustentabilidade"}]},{"@type":"WebSite","@id":"https:\/\/algarve7.pt\/#website","url":"https:\/\/algarve7.pt\/","name":"Algarve 7","description":"Informa\u00e7\u00e3o sobre o Algarve","publisher":{"@id":"https:\/\/algarve7.pt\/#organization"},"potentialAction":[{"@type":"SearchAction","target":{"@type":"EntryPoint","urlTemplate":"https:\/\/algarve7.pt\/?s={search_term_string}"},"query-input":{"@type":"PropertyValueSpecification","valueRequired":true,"valueName":"search_term_string"}}],"inLanguage":"pt-PT"},{"@type":"Organization","@id":"https:\/\/algarve7.pt\/#organization","name":"Algarve 7","url":"https:\/\/algarve7.pt\/","logo":{"@type":"ImageObject","inLanguage":"pt-PT","@id":"https:\/\/algarve7.pt\/#\/schema\/logo\/image\/","url":"https:\/\/algarve7.pt\/wp-content\/uploads\/2020\/10\/Logo-8.jpg","contentUrl":"https:\/\/algarve7.pt\/wp-content\/uploads\/2020\/10\/Logo-8.jpg","width":1680,"height":1186,"caption":"Algarve 7"},"image":{"@id":"https:\/\/algarve7.pt\/#\/schema\/logo\/image\/"},"sameAs":["https:\/\/www.facebook.com\/algarve7","https:\/\/x.com\/Algarvesete","https:\/\/www.instagram.com\/jornalalgarve7\/","https:\/\/www.linkedin.com\/company\/algarve7","https:\/\/www.pinterest.pt\/geral0939\/_created\/"]},{"@type":"Person","@id":"https:\/\/algarve7.pt\/#\/schema\/person\/23fa70681308e7b319a3204bcea45e0c","name":"Algarve 7","sameAs":["https:\/\/algarve7.pt","https:\/\/www.facebook.com\/algarve7"],"url":"https:\/\/algarve7.pt\/index.php\/author\/geralalgarve7-pt\/"}]}},"jetpack_publicize_connections":[],"jetpack_featured_media_url":"https:\/\/algarve7.pt\/wp-content\/uploads\/2020\/10\/img_0024.jpg","jetpack_shortlink":"https:\/\/wp.me\/pcezmW-8td","jetpack_sharing_enabled":true,"_links":{"self":[{"href":"https:\/\/algarve7.pt\/index.php\/wp-json\/wp\/v2\/posts\/32563","targetHints":{"allow":["GET"]}}],"collection":[{"href":"https:\/\/algarve7.pt\/index.php\/wp-json\/wp\/v2\/posts"}],"about":[{"href":"https:\/\/algarve7.pt\/index.php\/wp-json\/wp\/v2\/types\/post"}],"author":[{"embeddable":true,"href":"https:\/\/algarve7.pt\/index.php\/wp-json\/wp\/v2\/users\/1"}],"replies":[{"embeddable":true,"href":"https:\/\/algarve7.pt\/index.php\/wp-json\/wp\/v2\/comments?post=32563"}],"version-history":[{"count":0,"href":"https:\/\/algarve7.pt\/index.php\/wp-json\/wp\/v2\/posts\/32563\/revisions"}],"wp:featuredmedia":[{"embeddable":true,"href":"https:\/\/algarve7.pt\/index.php\/wp-json\/wp\/v2\/media\/2319"}],"wp:attachment":[{"href":"https:\/\/algarve7.pt\/index.php\/wp-json\/wp\/v2\/media?parent=32563"}],"wp:term":[{"taxonomy":"category","embeddable":true,"href":"https:\/\/algarve7.pt\/index.php\/wp-json\/wp\/v2\/categories?post=32563"},{"taxonomy":"post_tag","embeddable":true,"href":"https:\/\/algarve7.pt\/index.php\/wp-json\/wp\/v2\/tags?post=32563"}],"curies":[{"name":"wp","href":"https:\/\/api.w.org\/{rel}","templated":true}]}}