{"id":32536,"date":"2023-11-01T10:30:00","date_gmt":"2023-11-01T10:30:00","guid":{"rendered":"https:\/\/algarve7.pt\/?p=32536"},"modified":"2023-10-30T14:05:19","modified_gmt":"2023-10-30T14:05:19","slug":"portimao-e-faro-recebem-os-concertos-inaugurais-do-festival-de-orgao","status":"publish","type":"post","link":"https:\/\/algarve7.pt\/index.php\/2023\/11\/portimao-e-faro-recebem-os-concertos-inaugurais-do-festival-de-orgao\/cultura\/10\/30\/","title":{"rendered":"Portim\u00e3o e Faro recebem os concertos inaugurais do Festival de \u00d3rg\u00e3o"},"content":{"rendered":"\n<p>Sexta-feira, <strong>3 de novembro<\/strong>, tem lugar o ansiado concerto de abertura do XVI Festival Internacional de \u00d3rg\u00e3o do Algarve 2023, na <strong>Igreja Matriz de Portim\u00e3o<\/strong>, com o organista Filipe Ver\u00edssimo e a participa\u00e7\u00e3o do Coral Ad\u00e1gio dirigido por Ant\u00f3nio Alves.<\/p>\n\n\n\n<p>Depois de uma primeira parte onde ser\u00e1 protagonista o \u00f3rg\u00e3o hist\u00f3rico e os seus registos sonoros, na participa\u00e7\u00e3o coral ser\u00e3o interpretadas obras de Mozart e de Bach e, por fim, destaque para a apresenta\u00e7\u00e3o do Te Deum em D\u00f3 de Benjamin Britten (1913-1976), com Beatriz Direito nos solos da voz soprano.<\/p>\n\n\n\n<p>No dia seguinte, s\u00e1bado <strong>4 de novembro<\/strong>, Filipe Ver\u00edssimo apresenta-se no \u00f3rg\u00e3o da <strong>S\u00e9 de Faro<\/strong>, partilhando o concerto com o Coro Cantate Domino dirigido por Rui Jer\u00f3nimo. Glosas, Partitas e Sonatas preenchem o programa a solo, seguindo-se a participa\u00e7\u00e3o coral com a interpreta\u00e7\u00e3o de cinco obras de refer\u00eancia, de Bach, Franck, Mozart, Caccini e Haendel.<\/p>\n\n\n\n<p>Os concertos realizam-se \u00e0s 21h00, s\u00e3o de entrada livre (gratuita) e n\u00e3o carecem de reserva pr\u00e9via.<\/p>\n\n\n\n<p>Antes de rumar a Faro, no s\u00e1bado de manh\u00e3 o organista Filipe Ver\u00edssimo oferece uma <strong>Masterclasse de \u00d3rg\u00e3o<\/strong> na Igreja Matriz de Portim\u00e3o, dirigido a professores e alunos de instrumentos de tecla e de m\u00fasica antiga, estudiosos do patrim\u00f3nio e outros interessados. Uma oportunidade para todos os curiosos em geral! Esta atividade \u00e9 organizada em parceria com a Academia de M\u00fasica de Portim\u00e3o e os participantes\/ouvintes poder\u00e3o inscrever-se para 282 426 290 \/ 966 642 279, geral@amportimao.pt.<\/p>\n\n\n\n<p><strong>Filipe Ver\u00edssimo<\/strong> \u00e9 Mestre Capela e Organista Titular da Igreja da Lapa no Porto. \u00c9 formado em M\u00fasica Sacra na Escola de Artes da Universidade Cat\u00f3lica, onde estudou \u00f3rg\u00e3o, dire\u00e7\u00e3o coral e dire\u00e7\u00e3o de orquestra, tendo prosseguido os seus estudos de \u00f3rg\u00e3o em Paris. \u00c9 diretor art\u00edstico de diversos Ciclos e Festivais de \u00d3rg\u00e3o.<\/p>\n\n\n\n<p>O Grupo <strong>Coral Ad\u00e1gio<\/strong> nasceu em Portim\u00e3o, em setembro de 1989 e conta com cerca de 30 elementos. Do seu percurso destacam-se digress\u00f5es internacionais, atua\u00e7\u00f5es em programas de r\u00e1dio e televis\u00e3o e concertos com orquestra. Gravou em 2008 o seu primeiro CD exclusivo, (L)atitudeS.<\/p>\n\n\n\n<p>O Coro <strong>Cantate Domino<\/strong> tem por finalidade contribuir musicalmente para as celebra\u00e7\u00f5es lit\u00fargicas mais solenes realizadas na S\u00e9 de Faro, tendo iniciado a sua participa\u00e7\u00e3o na Liturgia em 2009. Desde ent\u00e3o, tem acrescentado ao seu report\u00f3rio um conjunto de outras composi\u00e7\u00f5es religiosas e profanas.<\/p>\n\n\n\n<p>O Festival de \u00d3rg\u00e3o do Algarve 2023 conta com os apoios da Dire\u00e7\u00e3o Regional de Cultura do Algarve, dos Munic\u00edpios de Faro, Loul\u00e9, Portim\u00e3o e Tavira, da ag\u00eancia luxemburguesa Kultur LX, com o apoio \u00e0 divulga\u00e7\u00e3o da Regi\u00e3o de Turismo do Algarve, com os parceiros de comunica\u00e7\u00e3o Antena 2, Sul Informa\u00e7\u00e3o e Rua FM e com o parceiro de alojamento Hotel Faro. Conta ainda com a parceria da Diocese do Algarve, do Cabido da S\u00e9 de Faro, da Ordem do Carmo de Faro, das Par\u00f3quias de Portim\u00e3o, Boliqueime e Tavira e da Santa Casa da Miseric\u00f3rdia de Tavira.<\/p>\n","protected":false},"excerpt":{"rendered":"<p>Sexta-feira, 3 de novembro, tem lugar o ansiado concerto de abertura do XVI Festival Internacional de \u00d3rg\u00e3o do Algarve 2023,<\/p>\n","protected":false},"author":1,"featured_media":32537,"comment_status":"closed","ping_status":"open","sticky":false,"template":"","format":"standard","meta":{"colormag_page_container_layout":"default_layout","colormag_page_sidebar_layout":"default_layout","_monsterinsights_skip_tracking":false,"_monsterinsights_sitenote_active":false,"_monsterinsights_sitenote_note":"","_monsterinsights_sitenote_category":0,"jetpack_post_was_ever_published":false,"_jetpack_newsletter_access":"","_jetpack_dont_email_post_to_subs":false,"_jetpack_newsletter_tier_id":0,"_jetpack_memberships_contains_paywalled_content":false,"_jetpack_memberships_contains_paid_content":false,"footnotes":"","jetpack_publicize_message":"","jetpack_publicize_feature_enabled":true,"jetpack_social_post_already_shared":true,"jetpack_social_options":{"image_generator_settings":{"template":"highway","default_image_id":0,"font":"","enabled":false},"version":2}},"categories":[14],"tags":[36,35,57,72],"class_list":["post-32536","post","type-post","status-publish","format-standard","has-post-thumbnail","hentry","category-cultura","tag-algarve","tag-cultura","tag-faro","tag-portimao"],"yoast_head":"<!-- This site is optimized with the Yoast SEO plugin v27.5 - https:\/\/yoast.com\/product\/yoast-seo-wordpress\/ -->\n<title>Portim\u00e3o e Faro recebem os concertos inaugurais do Festival de \u00d3rg\u00e3o - Algarve 7<\/title>\n<meta name=\"description\" content=\"Portim\u00e3o e Faro recebem os concertos inaugurais do Festival de \u00d3rg\u00e3o Cultura\" \/>\n<meta name=\"robots\" content=\"index, follow, max-snippet:-1, max-image-preview:large, max-video-preview:-1\" \/>\n<link rel=\"canonical\" href=\"https:\/\/algarve7.pt\/index.php\/2023\/11\/portimao-e-faro-recebem-os-concertos-inaugurais-do-festival-de-orgao\/cultura\/10\/30\/\" \/>\n<meta property=\"og:locale\" content=\"pt_PT\" \/>\n<meta property=\"og:type\" content=\"article\" \/>\n<meta property=\"og:title\" content=\"Portim\u00e3o e Faro recebem os concertos inaugurais do Festival de \u00d3rg\u00e3o - Algarve 7\" \/>\n<meta property=\"og:description\" content=\"Portim\u00e3o e Faro recebem os concertos inaugurais do Festival de \u00d3rg\u00e3o Cultura\" \/>\n<meta property=\"og:url\" content=\"https:\/\/algarve7.pt\/index.php\/2023\/11\/portimao-e-faro-recebem-os-concertos-inaugurais-do-festival-de-orgao\/cultura\/10\/30\/\" \/>\n<meta property=\"og:site_name\" content=\"Algarve 7\" \/>\n<meta property=\"article:publisher\" content=\"https:\/\/www.facebook.com\/algarve7\" \/>\n<meta property=\"article:author\" content=\"https:\/\/www.facebook.com\/algarve7\" \/>\n<meta property=\"article:published_time\" content=\"2023-11-01T10:30:00+00:00\" \/>\n<meta property=\"og:image\" content=\"https:\/\/algarve7.pt\/wp-content\/uploads\/2023\/10\/Captura-de-ecra-2023-10-30-as-14.02.38.png\" \/>\n\t<meta property=\"og:image:width\" content=\"900\" \/>\n\t<meta property=\"og:image:height\" content=\"746\" \/>\n\t<meta property=\"og:image:type\" content=\"image\/png\" \/>\n<meta name=\"author\" content=\"Algarve 7\" \/>\n<meta name=\"twitter:card\" content=\"summary_large_image\" \/>\n<meta name=\"twitter:creator\" content=\"@Algarvesete\" \/>\n<meta name=\"twitter:site\" content=\"@Algarvesete\" \/>\n<meta name=\"twitter:label1\" content=\"Escrito por\" \/>\n\t<meta name=\"twitter:data1\" content=\"Algarve 7\" \/>\n\t<meta name=\"twitter:label2\" content=\"Tempo estimado de leitura\" \/>\n\t<meta name=\"twitter:data2\" content=\"3 minutos\" \/>\n<script type=\"application\/ld+json\" class=\"yoast-schema-graph\">{\"@context\":\"https:\\\/\\\/schema.org\",\"@graph\":[{\"@type\":\"Article\",\"@id\":\"https:\\\/\\\/algarve7.pt\\\/index.php\\\/2023\\\/11\\\/portimao-e-faro-recebem-os-concertos-inaugurais-do-festival-de-orgao\\\/cultura\\\/10\\\/30\\\/#article\",\"isPartOf\":{\"@id\":\"https:\\\/\\\/algarve7.pt\\\/index.php\\\/2023\\\/11\\\/portimao-e-faro-recebem-os-concertos-inaugurais-do-festival-de-orgao\\\/cultura\\\/10\\\/30\\\/\"},\"author\":{\"name\":\"Algarve 7\",\"@id\":\"https:\\\/\\\/algarve7.pt\\\/#\\\/schema\\\/person\\\/23fa70681308e7b319a3204bcea45e0c\"},\"headline\":\"Portim\u00e3o e Faro recebem os concertos inaugurais do Festival de \u00d3rg\u00e3o\",\"datePublished\":\"2023-11-01T10:30:00+00:00\",\"mainEntityOfPage\":{\"@id\":\"https:\\\/\\\/algarve7.pt\\\/index.php\\\/2023\\\/11\\\/portimao-e-faro-recebem-os-concertos-inaugurais-do-festival-de-orgao\\\/cultura\\\/10\\\/30\\\/\"},\"wordCount\":539,\"publisher\":{\"@id\":\"https:\\\/\\\/algarve7.pt\\\/#organization\"},\"image\":{\"@id\":\"https:\\\/\\\/algarve7.pt\\\/index.php\\\/2023\\\/11\\\/portimao-e-faro-recebem-os-concertos-inaugurais-do-festival-de-orgao\\\/cultura\\\/10\\\/30\\\/#primaryimage\"},\"thumbnailUrl\":\"https:\\\/\\\/algarve7.pt\\\/wp-content\\\/uploads\\\/2023\\\/10\\\/Captura-de-ecra-2023-10-30-as-14.02.38.png\",\"keywords\":[\"Algarve\",\"Cultura\",\"Faro\",\"Portim\u00e3o\"],\"articleSection\":[\"Cultura\"],\"inLanguage\":\"pt-PT\"},{\"@type\":\"WebPage\",\"@id\":\"https:\\\/\\\/algarve7.pt\\\/index.php\\\/2023\\\/11\\\/portimao-e-faro-recebem-os-concertos-inaugurais-do-festival-de-orgao\\\/cultura\\\/10\\\/30\\\/\",\"url\":\"https:\\\/\\\/algarve7.pt\\\/index.php\\\/2023\\\/11\\\/portimao-e-faro-recebem-os-concertos-inaugurais-do-festival-de-orgao\\\/cultura\\\/10\\\/30\\\/\",\"name\":\"Portim\u00e3o e Faro recebem os concertos inaugurais do Festival de \u00d3rg\u00e3o - Algarve 7\",\"isPartOf\":{\"@id\":\"https:\\\/\\\/algarve7.pt\\\/#website\"},\"primaryImageOfPage\":{\"@id\":\"https:\\\/\\\/algarve7.pt\\\/index.php\\\/2023\\\/11\\\/portimao-e-faro-recebem-os-concertos-inaugurais-do-festival-de-orgao\\\/cultura\\\/10\\\/30\\\/#primaryimage\"},\"image\":{\"@id\":\"https:\\\/\\\/algarve7.pt\\\/index.php\\\/2023\\\/11\\\/portimao-e-faro-recebem-os-concertos-inaugurais-do-festival-de-orgao\\\/cultura\\\/10\\\/30\\\/#primaryimage\"},\"thumbnailUrl\":\"https:\\\/\\\/algarve7.pt\\\/wp-content\\\/uploads\\\/2023\\\/10\\\/Captura-de-ecra-2023-10-30-as-14.02.38.png\",\"datePublished\":\"2023-11-01T10:30:00+00:00\",\"description\":\"Portim\u00e3o e Faro recebem os concertos inaugurais do Festival de \u00d3rg\u00e3o Cultura\",\"breadcrumb\":{\"@id\":\"https:\\\/\\\/algarve7.pt\\\/index.php\\\/2023\\\/11\\\/portimao-e-faro-recebem-os-concertos-inaugurais-do-festival-de-orgao\\\/cultura\\\/10\\\/30\\\/#breadcrumb\"},\"inLanguage\":\"pt-PT\",\"potentialAction\":[{\"@type\":\"ReadAction\",\"target\":[\"https:\\\/\\\/algarve7.pt\\\/index.php\\\/2023\\\/11\\\/portimao-e-faro-recebem-os-concertos-inaugurais-do-festival-de-orgao\\\/cultura\\\/10\\\/30\\\/\"]}]},{\"@type\":\"ImageObject\",\"inLanguage\":\"pt-PT\",\"@id\":\"https:\\\/\\\/algarve7.pt\\\/index.php\\\/2023\\\/11\\\/portimao-e-faro-recebem-os-concertos-inaugurais-do-festival-de-orgao\\\/cultura\\\/10\\\/30\\\/#primaryimage\",\"url\":\"https:\\\/\\\/algarve7.pt\\\/wp-content\\\/uploads\\\/2023\\\/10\\\/Captura-de-ecra-2023-10-30-as-14.02.38.png\",\"contentUrl\":\"https:\\\/\\\/algarve7.pt\\\/wp-content\\\/uploads\\\/2023\\\/10\\\/Captura-de-ecra-2023-10-30-as-14.02.38.png\",\"width\":900,\"height\":746},{\"@type\":\"BreadcrumbList\",\"@id\":\"https:\\\/\\\/algarve7.pt\\\/index.php\\\/2023\\\/11\\\/portimao-e-faro-recebem-os-concertos-inaugurais-do-festival-de-orgao\\\/cultura\\\/10\\\/30\\\/#breadcrumb\",\"itemListElement\":[{\"@type\":\"ListItem\",\"position\":1,\"name\":\"In\u00edcio\",\"item\":\"https:\\\/\\\/algarve7.pt\\\/\"},{\"@type\":\"ListItem\",\"position\":2,\"name\":\"Portim\u00e3o e Faro recebem os concertos inaugurais do Festival de \u00d3rg\u00e3o\"}]},{\"@type\":\"WebSite\",\"@id\":\"https:\\\/\\\/algarve7.pt\\\/#website\",\"url\":\"https:\\\/\\\/algarve7.pt\\\/\",\"name\":\"Algarve 7\",\"description\":\"Informa\u00e7\u00e3o sobre o Algarve\",\"publisher\":{\"@id\":\"https:\\\/\\\/algarve7.pt\\\/#organization\"},\"potentialAction\":[{\"@type\":\"SearchAction\",\"target\":{\"@type\":\"EntryPoint\",\"urlTemplate\":\"https:\\\/\\\/algarve7.pt\\\/?s={search_term_string}\"},\"query-input\":{\"@type\":\"PropertyValueSpecification\",\"valueRequired\":true,\"valueName\":\"search_term_string\"}}],\"inLanguage\":\"pt-PT\"},{\"@type\":\"Organization\",\"@id\":\"https:\\\/\\\/algarve7.pt\\\/#organization\",\"name\":\"Algarve 7\",\"url\":\"https:\\\/\\\/algarve7.pt\\\/\",\"logo\":{\"@type\":\"ImageObject\",\"inLanguage\":\"pt-PT\",\"@id\":\"https:\\\/\\\/algarve7.pt\\\/#\\\/schema\\\/logo\\\/image\\\/\",\"url\":\"https:\\\/\\\/algarve7.pt\\\/wp-content\\\/uploads\\\/2020\\\/10\\\/Logo-8.jpg\",\"contentUrl\":\"https:\\\/\\\/algarve7.pt\\\/wp-content\\\/uploads\\\/2020\\\/10\\\/Logo-8.jpg\",\"width\":1680,\"height\":1186,\"caption\":\"Algarve 7\"},\"image\":{\"@id\":\"https:\\\/\\\/algarve7.pt\\\/#\\\/schema\\\/logo\\\/image\\\/\"},\"sameAs\":[\"https:\\\/\\\/www.facebook.com\\\/algarve7\",\"https:\\\/\\\/x.com\\\/Algarvesete\",\"https:\\\/\\\/www.instagram.com\\\/jornalalgarve7\\\/\",\"https:\\\/\\\/www.linkedin.com\\\/company\\\/algarve7\",\"https:\\\/\\\/www.pinterest.pt\\\/geral0939\\\/_created\\\/\"]},{\"@type\":\"Person\",\"@id\":\"https:\\\/\\\/algarve7.pt\\\/#\\\/schema\\\/person\\\/23fa70681308e7b319a3204bcea45e0c\",\"name\":\"Algarve 7\",\"sameAs\":[\"https:\\\/\\\/algarve7.pt\",\"https:\\\/\\\/www.facebook.com\\\/algarve7\"],\"url\":\"https:\\\/\\\/algarve7.pt\\\/index.php\\\/author\\\/geralalgarve7-pt\\\/\"}]}<\/script>\n<!-- \/ Yoast SEO plugin. -->","yoast_head_json":{"title":"Portim\u00e3o e Faro recebem os concertos inaugurais do Festival de \u00d3rg\u00e3o - Algarve 7","description":"Portim\u00e3o e Faro recebem os concertos inaugurais do Festival de \u00d3rg\u00e3o Cultura","robots":{"index":"index","follow":"follow","max-snippet":"max-snippet:-1","max-image-preview":"max-image-preview:large","max-video-preview":"max-video-preview:-1"},"canonical":"https:\/\/algarve7.pt\/index.php\/2023\/11\/portimao-e-faro-recebem-os-concertos-inaugurais-do-festival-de-orgao\/cultura\/10\/30\/","og_locale":"pt_PT","og_type":"article","og_title":"Portim\u00e3o e Faro recebem os concertos inaugurais do Festival de \u00d3rg\u00e3o - Algarve 7","og_description":"Portim\u00e3o e Faro recebem os concertos inaugurais do Festival de \u00d3rg\u00e3o Cultura","og_url":"https:\/\/algarve7.pt\/index.php\/2023\/11\/portimao-e-faro-recebem-os-concertos-inaugurais-do-festival-de-orgao\/cultura\/10\/30\/","og_site_name":"Algarve 7","article_publisher":"https:\/\/www.facebook.com\/algarve7","article_author":"https:\/\/www.facebook.com\/algarve7","article_published_time":"2023-11-01T10:30:00+00:00","og_image":[{"width":900,"height":746,"url":"https:\/\/algarve7.pt\/wp-content\/uploads\/2023\/10\/Captura-de-ecra-2023-10-30-as-14.02.38.png","type":"image\/png"}],"author":"Algarve 7","twitter_card":"summary_large_image","twitter_creator":"@Algarvesete","twitter_site":"@Algarvesete","twitter_misc":{"Escrito por":"Algarve 7","Tempo estimado de leitura":"3 minutos"},"schema":{"@context":"https:\/\/schema.org","@graph":[{"@type":"Article","@id":"https:\/\/algarve7.pt\/index.php\/2023\/11\/portimao-e-faro-recebem-os-concertos-inaugurais-do-festival-de-orgao\/cultura\/10\/30\/#article","isPartOf":{"@id":"https:\/\/algarve7.pt\/index.php\/2023\/11\/portimao-e-faro-recebem-os-concertos-inaugurais-do-festival-de-orgao\/cultura\/10\/30\/"},"author":{"name":"Algarve 7","@id":"https:\/\/algarve7.pt\/#\/schema\/person\/23fa70681308e7b319a3204bcea45e0c"},"headline":"Portim\u00e3o e Faro recebem os concertos inaugurais do Festival de \u00d3rg\u00e3o","datePublished":"2023-11-01T10:30:00+00:00","mainEntityOfPage":{"@id":"https:\/\/algarve7.pt\/index.php\/2023\/11\/portimao-e-faro-recebem-os-concertos-inaugurais-do-festival-de-orgao\/cultura\/10\/30\/"},"wordCount":539,"publisher":{"@id":"https:\/\/algarve7.pt\/#organization"},"image":{"@id":"https:\/\/algarve7.pt\/index.php\/2023\/11\/portimao-e-faro-recebem-os-concertos-inaugurais-do-festival-de-orgao\/cultura\/10\/30\/#primaryimage"},"thumbnailUrl":"https:\/\/algarve7.pt\/wp-content\/uploads\/2023\/10\/Captura-de-ecra-2023-10-30-as-14.02.38.png","keywords":["Algarve","Cultura","Faro","Portim\u00e3o"],"articleSection":["Cultura"],"inLanguage":"pt-PT"},{"@type":"WebPage","@id":"https:\/\/algarve7.pt\/index.php\/2023\/11\/portimao-e-faro-recebem-os-concertos-inaugurais-do-festival-de-orgao\/cultura\/10\/30\/","url":"https:\/\/algarve7.pt\/index.php\/2023\/11\/portimao-e-faro-recebem-os-concertos-inaugurais-do-festival-de-orgao\/cultura\/10\/30\/","name":"Portim\u00e3o e Faro recebem os concertos inaugurais do Festival de \u00d3rg\u00e3o - Algarve 7","isPartOf":{"@id":"https:\/\/algarve7.pt\/#website"},"primaryImageOfPage":{"@id":"https:\/\/algarve7.pt\/index.php\/2023\/11\/portimao-e-faro-recebem-os-concertos-inaugurais-do-festival-de-orgao\/cultura\/10\/30\/#primaryimage"},"image":{"@id":"https:\/\/algarve7.pt\/index.php\/2023\/11\/portimao-e-faro-recebem-os-concertos-inaugurais-do-festival-de-orgao\/cultura\/10\/30\/#primaryimage"},"thumbnailUrl":"https:\/\/algarve7.pt\/wp-content\/uploads\/2023\/10\/Captura-de-ecra-2023-10-30-as-14.02.38.png","datePublished":"2023-11-01T10:30:00+00:00","description":"Portim\u00e3o e Faro recebem os concertos inaugurais do Festival de \u00d3rg\u00e3o Cultura","breadcrumb":{"@id":"https:\/\/algarve7.pt\/index.php\/2023\/11\/portimao-e-faro-recebem-os-concertos-inaugurais-do-festival-de-orgao\/cultura\/10\/30\/#breadcrumb"},"inLanguage":"pt-PT","potentialAction":[{"@type":"ReadAction","target":["https:\/\/algarve7.pt\/index.php\/2023\/11\/portimao-e-faro-recebem-os-concertos-inaugurais-do-festival-de-orgao\/cultura\/10\/30\/"]}]},{"@type":"ImageObject","inLanguage":"pt-PT","@id":"https:\/\/algarve7.pt\/index.php\/2023\/11\/portimao-e-faro-recebem-os-concertos-inaugurais-do-festival-de-orgao\/cultura\/10\/30\/#primaryimage","url":"https:\/\/algarve7.pt\/wp-content\/uploads\/2023\/10\/Captura-de-ecra-2023-10-30-as-14.02.38.png","contentUrl":"https:\/\/algarve7.pt\/wp-content\/uploads\/2023\/10\/Captura-de-ecra-2023-10-30-as-14.02.38.png","width":900,"height":746},{"@type":"BreadcrumbList","@id":"https:\/\/algarve7.pt\/index.php\/2023\/11\/portimao-e-faro-recebem-os-concertos-inaugurais-do-festival-de-orgao\/cultura\/10\/30\/#breadcrumb","itemListElement":[{"@type":"ListItem","position":1,"name":"In\u00edcio","item":"https:\/\/algarve7.pt\/"},{"@type":"ListItem","position":2,"name":"Portim\u00e3o e Faro recebem os concertos inaugurais do Festival de \u00d3rg\u00e3o"}]},{"@type":"WebSite","@id":"https:\/\/algarve7.pt\/#website","url":"https:\/\/algarve7.pt\/","name":"Algarve 7","description":"Informa\u00e7\u00e3o sobre o Algarve","publisher":{"@id":"https:\/\/algarve7.pt\/#organization"},"potentialAction":[{"@type":"SearchAction","target":{"@type":"EntryPoint","urlTemplate":"https:\/\/algarve7.pt\/?s={search_term_string}"},"query-input":{"@type":"PropertyValueSpecification","valueRequired":true,"valueName":"search_term_string"}}],"inLanguage":"pt-PT"},{"@type":"Organization","@id":"https:\/\/algarve7.pt\/#organization","name":"Algarve 7","url":"https:\/\/algarve7.pt\/","logo":{"@type":"ImageObject","inLanguage":"pt-PT","@id":"https:\/\/algarve7.pt\/#\/schema\/logo\/image\/","url":"https:\/\/algarve7.pt\/wp-content\/uploads\/2020\/10\/Logo-8.jpg","contentUrl":"https:\/\/algarve7.pt\/wp-content\/uploads\/2020\/10\/Logo-8.jpg","width":1680,"height":1186,"caption":"Algarve 7"},"image":{"@id":"https:\/\/algarve7.pt\/#\/schema\/logo\/image\/"},"sameAs":["https:\/\/www.facebook.com\/algarve7","https:\/\/x.com\/Algarvesete","https:\/\/www.instagram.com\/jornalalgarve7\/","https:\/\/www.linkedin.com\/company\/algarve7","https:\/\/www.pinterest.pt\/geral0939\/_created\/"]},{"@type":"Person","@id":"https:\/\/algarve7.pt\/#\/schema\/person\/23fa70681308e7b319a3204bcea45e0c","name":"Algarve 7","sameAs":["https:\/\/algarve7.pt","https:\/\/www.facebook.com\/algarve7"],"url":"https:\/\/algarve7.pt\/index.php\/author\/geralalgarve7-pt\/"}]}},"jetpack_publicize_connections":[],"jetpack_featured_media_url":"https:\/\/algarve7.pt\/wp-content\/uploads\/2023\/10\/Captura-de-ecra-2023-10-30-as-14.02.38.png","jetpack_shortlink":"https:\/\/wp.me\/pcezmW-8sM","jetpack_sharing_enabled":true,"_links":{"self":[{"href":"https:\/\/algarve7.pt\/index.php\/wp-json\/wp\/v2\/posts\/32536","targetHints":{"allow":["GET"]}}],"collection":[{"href":"https:\/\/algarve7.pt\/index.php\/wp-json\/wp\/v2\/posts"}],"about":[{"href":"https:\/\/algarve7.pt\/index.php\/wp-json\/wp\/v2\/types\/post"}],"author":[{"embeddable":true,"href":"https:\/\/algarve7.pt\/index.php\/wp-json\/wp\/v2\/users\/1"}],"replies":[{"embeddable":true,"href":"https:\/\/algarve7.pt\/index.php\/wp-json\/wp\/v2\/comments?post=32536"}],"version-history":[{"count":0,"href":"https:\/\/algarve7.pt\/index.php\/wp-json\/wp\/v2\/posts\/32536\/revisions"}],"wp:featuredmedia":[{"embeddable":true,"href":"https:\/\/algarve7.pt\/index.php\/wp-json\/wp\/v2\/media\/32537"}],"wp:attachment":[{"href":"https:\/\/algarve7.pt\/index.php\/wp-json\/wp\/v2\/media?parent=32536"}],"wp:term":[{"taxonomy":"category","embeddable":true,"href":"https:\/\/algarve7.pt\/index.php\/wp-json\/wp\/v2\/categories?post=32536"},{"taxonomy":"post_tag","embeddable":true,"href":"https:\/\/algarve7.pt\/index.php\/wp-json\/wp\/v2\/tags?post=32536"}],"curies":[{"name":"wp","href":"https:\/\/api.w.org\/{rel}","templated":true}]}}