{"id":32530,"date":"2023-11-01T09:30:00","date_gmt":"2023-11-01T09:30:00","guid":{"rendered":"https:\/\/algarve7.pt\/?p=32530"},"modified":"2023-10-30T10:46:45","modified_gmt":"2023-10-30T10:46:45","slug":"formacao-proxima-gestao-do-tempo-na-biblioteca-municipal-de-lagoa","status":"publish","type":"post","link":"https:\/\/algarve7.pt\/index.php\/2023\/11\/formacao-proxima-gestao-do-tempo-na-biblioteca-municipal-de-lagoa\/atualidade\/09\/30\/","title":{"rendered":"Forma\u00e7\u00e3o +Pr\u00f3xima &#8220;Gest\u00e3o do Tempo&#8221; na Biblioteca Municipal de Lagoa"},"content":{"rendered":"\n<p>O Munic\u00edpio de Lagoa, em parceria com a Escola de Hotelaria e Turismo de Portim\u00e3o \u2013 EHTPtm, preparou v\u00e1rias forma\u00e7\u00f5es para realizar no \u00faltimo trimestre do ano.<\/p>\n\n\n\n<p>Nos dias 13, 15 e 16 de novembro, realiza-se a forma\u00e7\u00e3o em \u201c<strong>Gest\u00e3o do Tempo<\/strong>\u201d, com as sess\u00f5es a terem lugar na Biblioteca Municipal de Lagoa, em Lagoa, em hor\u00e1rio p\u00f3s-laboral, das 18h00 \u00e0s 21h00, num total de 3 sess\u00f5es e 8 horas de forma\u00e7\u00e3o.<\/p>\n\n\n\n<p>A a\u00e7\u00e3o de forma\u00e7\u00e3o \u00e9&nbsp;<strong>gratuita<\/strong>&nbsp;e<strong>certificada<\/strong>, estando sujeita a inscri\u00e7\u00e3o obrigat\u00f3ria e \u00e0s vagas dispon\u00edveis.<\/p>\n\n\n\n<p>Os principais destinat\u00e1rios s\u00e3o os quadros das empresas lagoenses que podem encontrar nestas forma\u00e7\u00f5es conhecimento valioso para otimizar tanto as suas soft skills como as hard skills.<\/p>\n\n\n\n<p>Esta a\u00e7\u00e3o de forma\u00e7\u00e3o em \u201c<strong>Gest\u00e3o do Tempo<\/strong>\u201d visa dar aos participantes as ferramentas necess\u00e1rias para identificar algumas \u2018ideias feitas\u2019 e princ\u00edpios da gest\u00e3o do seu uso do tempo, conhecer ferramentas para auditar o tempo e identificar desperdi\u00e7adores de tempo, conhecer alguns truques para melhor organizar e planear o uso do tempo.<\/p>\n\n\n\n<p>A forma\u00e7\u00e3o em \u201c<strong>Gest\u00e3o do Tempo<\/strong>\u201d ir\u00e1 abordar os seguintes conte\u00fados: O tempo e a gest\u00e3o do uso, \u2018ideias feitas\u2019 e princ\u00edpios; Auditores do tempo e identifica\u00e7\u00e3o de desperdi\u00e7adores de tempo;<\/p>\n\n\n\n<p>Truques para melhor organizar e planear o uso do tempo.<\/p>\n\n\n\n<p>Esta forma\u00e7\u00e3o \u00e9 destinada ao p\u00fablico em geral, especialmente ao profissional que pretenda ganhar ferramentas que lhe permitam fazer uma melhor gest\u00e3o do tempo, val\u00eancia que ser\u00e1 \u00fatil tanto na vida profissional como na vida privada.<\/p>\n\n\n\n<p>Os interessados em participar nas forma\u00e7\u00f5es devem estar registados na\u00a0<a href=\"https:\/\/academiadigital.turismodeportugal.pt\/\" target=\"_blank\" rel=\"noreferrer noopener\">Academia Digital<\/a>\u00a0e efetuar a inscri\u00e7\u00e3o para esta forma\u00e7\u00e3o\u00a0<a href=\"https:\/\/shre.ink\/anod\" target=\"_blank\" rel=\"noreferrer noopener\">AQUI<\/a>.<\/p>\n","protected":false},"excerpt":{"rendered":"<p>O Munic\u00edpio de Lagoa, em parceria com a Escola de Hotelaria e Turismo de Portim\u00e3o \u2013 EHTPtm, preparou v\u00e1rias forma\u00e7\u00f5es<\/p>\n","protected":false},"author":1,"featured_media":32531,"comment_status":"closed","ping_status":"open","sticky":false,"template":"","format":"standard","meta":{"colormag_page_container_layout":"default_layout","colormag_page_sidebar_layout":"default_layout","_monsterinsights_skip_tracking":false,"_monsterinsights_sitenote_active":false,"_monsterinsights_sitenote_note":"","_monsterinsights_sitenote_category":0,"jetpack_post_was_ever_published":false,"_jetpack_newsletter_access":"","_jetpack_dont_email_post_to_subs":false,"_jetpack_newsletter_tier_id":0,"_jetpack_memberships_contains_paywalled_content":false,"_jetpack_memberships_contains_paid_content":false,"footnotes":"","jetpack_publicize_message":"","jetpack_publicize_feature_enabled":true,"jetpack_social_post_already_shared":true,"jetpack_social_options":{"image_generator_settings":{"template":"highway","default_image_id":0,"font":"","enabled":false},"version":2}},"categories":[11],"tags":[36,62,360,48],"class_list":["post-32530","post","type-post","status-publish","format-standard","has-post-thumbnail","hentry","category-atualidade","tag-algarve","tag-atualidade","tag-formacao","tag-lagoa"],"yoast_head":"<!-- This site is optimized with the Yoast SEO plugin v27.5 - https:\/\/yoast.com\/product\/yoast-seo-wordpress\/ -->\n<title>Forma\u00e7\u00e3o +Pr\u00f3xima &quot;Gest\u00e3o do Tempo&quot; na Biblioteca Municipal de Lagoa - Algarve 7<\/title>\n<meta name=\"description\" content=\"Forma\u00e7\u00e3o +Pr\u00f3xima &quot;Gest\u00e3o do Tempo&quot; na Biblioteca Municipal de Lagoa Atualidade\" \/>\n<meta name=\"robots\" content=\"index, follow, max-snippet:-1, max-image-preview:large, max-video-preview:-1\" \/>\n<link rel=\"canonical\" href=\"https:\/\/algarve7.pt\/index.php\/2023\/11\/formacao-proxima-gestao-do-tempo-na-biblioteca-municipal-de-lagoa\/atualidade\/09\/30\/\" \/>\n<meta property=\"og:locale\" content=\"pt_PT\" \/>\n<meta property=\"og:type\" content=\"article\" \/>\n<meta property=\"og:title\" content=\"Forma\u00e7\u00e3o +Pr\u00f3xima &quot;Gest\u00e3o do Tempo&quot; na Biblioteca Municipal de Lagoa - Algarve 7\" \/>\n<meta property=\"og:description\" content=\"Forma\u00e7\u00e3o +Pr\u00f3xima &quot;Gest\u00e3o do Tempo&quot; na Biblioteca Municipal de Lagoa Atualidade\" \/>\n<meta property=\"og:url\" content=\"https:\/\/algarve7.pt\/index.php\/2023\/11\/formacao-proxima-gestao-do-tempo-na-biblioteca-municipal-de-lagoa\/atualidade\/09\/30\/\" \/>\n<meta property=\"og:site_name\" content=\"Algarve 7\" \/>\n<meta property=\"article:publisher\" content=\"https:\/\/www.facebook.com\/algarve7\" \/>\n<meta property=\"article:author\" content=\"https:\/\/www.facebook.com\/algarve7\" \/>\n<meta property=\"article:published_time\" content=\"2023-11-01T09:30:00+00:00\" \/>\n<meta property=\"og:image\" content=\"https:\/\/algarve7.pt\/wp-content\/uploads\/2023\/10\/image003-1.jpg\" \/>\n\t<meta property=\"og:image:width\" content=\"900\" \/>\n\t<meta property=\"og:image:height\" content=\"900\" \/>\n\t<meta property=\"og:image:type\" content=\"image\/jpeg\" \/>\n<meta name=\"author\" content=\"Algarve 7\" \/>\n<meta name=\"twitter:card\" content=\"summary_large_image\" \/>\n<meta name=\"twitter:creator\" content=\"@Algarvesete\" \/>\n<meta name=\"twitter:site\" content=\"@Algarvesete\" \/>\n<meta name=\"twitter:label1\" content=\"Escrito por\" \/>\n\t<meta name=\"twitter:data1\" content=\"Algarve 7\" \/>\n\t<meta name=\"twitter:label2\" content=\"Tempo estimado de leitura\" \/>\n\t<meta name=\"twitter:data2\" content=\"2 minutos\" \/>\n<script type=\"application\/ld+json\" class=\"yoast-schema-graph\">{\"@context\":\"https:\\\/\\\/schema.org\",\"@graph\":[{\"@type\":\"Article\",\"@id\":\"https:\\\/\\\/algarve7.pt\\\/index.php\\\/2023\\\/11\\\/formacao-proxima-gestao-do-tempo-na-biblioteca-municipal-de-lagoa\\\/atualidade\\\/09\\\/30\\\/#article\",\"isPartOf\":{\"@id\":\"https:\\\/\\\/algarve7.pt\\\/index.php\\\/2023\\\/11\\\/formacao-proxima-gestao-do-tempo-na-biblioteca-municipal-de-lagoa\\\/atualidade\\\/09\\\/30\\\/\"},\"author\":{\"name\":\"Algarve 7\",\"@id\":\"https:\\\/\\\/algarve7.pt\\\/#\\\/schema\\\/person\\\/23fa70681308e7b319a3204bcea45e0c\"},\"headline\":\"Forma\u00e7\u00e3o +Pr\u00f3xima &#8220;Gest\u00e3o do Tempo&#8221; na Biblioteca Municipal de Lagoa\",\"datePublished\":\"2023-11-01T09:30:00+00:00\",\"mainEntityOfPage\":{\"@id\":\"https:\\\/\\\/algarve7.pt\\\/index.php\\\/2023\\\/11\\\/formacao-proxima-gestao-do-tempo-na-biblioteca-municipal-de-lagoa\\\/atualidade\\\/09\\\/30\\\/\"},\"wordCount\":311,\"publisher\":{\"@id\":\"https:\\\/\\\/algarve7.pt\\\/#organization\"},\"image\":{\"@id\":\"https:\\\/\\\/algarve7.pt\\\/index.php\\\/2023\\\/11\\\/formacao-proxima-gestao-do-tempo-na-biblioteca-municipal-de-lagoa\\\/atualidade\\\/09\\\/30\\\/#primaryimage\"},\"thumbnailUrl\":\"https:\\\/\\\/algarve7.pt\\\/wp-content\\\/uploads\\\/2023\\\/10\\\/image003-1.jpg\",\"keywords\":[\"Algarve\",\"Atualidade\",\"Forma\u00e7\u00e3o\",\"Lagoa\"],\"articleSection\":[\"Atualidade\"],\"inLanguage\":\"pt-PT\"},{\"@type\":\"WebPage\",\"@id\":\"https:\\\/\\\/algarve7.pt\\\/index.php\\\/2023\\\/11\\\/formacao-proxima-gestao-do-tempo-na-biblioteca-municipal-de-lagoa\\\/atualidade\\\/09\\\/30\\\/\",\"url\":\"https:\\\/\\\/algarve7.pt\\\/index.php\\\/2023\\\/11\\\/formacao-proxima-gestao-do-tempo-na-biblioteca-municipal-de-lagoa\\\/atualidade\\\/09\\\/30\\\/\",\"name\":\"Forma\u00e7\u00e3o +Pr\u00f3xima \\\"Gest\u00e3o do Tempo\\\" na Biblioteca Municipal de Lagoa - Algarve 7\",\"isPartOf\":{\"@id\":\"https:\\\/\\\/algarve7.pt\\\/#website\"},\"primaryImageOfPage\":{\"@id\":\"https:\\\/\\\/algarve7.pt\\\/index.php\\\/2023\\\/11\\\/formacao-proxima-gestao-do-tempo-na-biblioteca-municipal-de-lagoa\\\/atualidade\\\/09\\\/30\\\/#primaryimage\"},\"image\":{\"@id\":\"https:\\\/\\\/algarve7.pt\\\/index.php\\\/2023\\\/11\\\/formacao-proxima-gestao-do-tempo-na-biblioteca-municipal-de-lagoa\\\/atualidade\\\/09\\\/30\\\/#primaryimage\"},\"thumbnailUrl\":\"https:\\\/\\\/algarve7.pt\\\/wp-content\\\/uploads\\\/2023\\\/10\\\/image003-1.jpg\",\"datePublished\":\"2023-11-01T09:30:00+00:00\",\"description\":\"Forma\u00e7\u00e3o +Pr\u00f3xima \\\"Gest\u00e3o do Tempo\\\" na Biblioteca Municipal de Lagoa Atualidade\",\"breadcrumb\":{\"@id\":\"https:\\\/\\\/algarve7.pt\\\/index.php\\\/2023\\\/11\\\/formacao-proxima-gestao-do-tempo-na-biblioteca-municipal-de-lagoa\\\/atualidade\\\/09\\\/30\\\/#breadcrumb\"},\"inLanguage\":\"pt-PT\",\"potentialAction\":[{\"@type\":\"ReadAction\",\"target\":[\"https:\\\/\\\/algarve7.pt\\\/index.php\\\/2023\\\/11\\\/formacao-proxima-gestao-do-tempo-na-biblioteca-municipal-de-lagoa\\\/atualidade\\\/09\\\/30\\\/\"]}]},{\"@type\":\"ImageObject\",\"inLanguage\":\"pt-PT\",\"@id\":\"https:\\\/\\\/algarve7.pt\\\/index.php\\\/2023\\\/11\\\/formacao-proxima-gestao-do-tempo-na-biblioteca-municipal-de-lagoa\\\/atualidade\\\/09\\\/30\\\/#primaryimage\",\"url\":\"https:\\\/\\\/algarve7.pt\\\/wp-content\\\/uploads\\\/2023\\\/10\\\/image003-1.jpg\",\"contentUrl\":\"https:\\\/\\\/algarve7.pt\\\/wp-content\\\/uploads\\\/2023\\\/10\\\/image003-1.jpg\",\"width\":900,\"height\":900},{\"@type\":\"BreadcrumbList\",\"@id\":\"https:\\\/\\\/algarve7.pt\\\/index.php\\\/2023\\\/11\\\/formacao-proxima-gestao-do-tempo-na-biblioteca-municipal-de-lagoa\\\/atualidade\\\/09\\\/30\\\/#breadcrumb\",\"itemListElement\":[{\"@type\":\"ListItem\",\"position\":1,\"name\":\"In\u00edcio\",\"item\":\"https:\\\/\\\/algarve7.pt\\\/\"},{\"@type\":\"ListItem\",\"position\":2,\"name\":\"Forma\u00e7\u00e3o +Pr\u00f3xima &#8220;Gest\u00e3o do Tempo&#8221; na Biblioteca Municipal de Lagoa\"}]},{\"@type\":\"WebSite\",\"@id\":\"https:\\\/\\\/algarve7.pt\\\/#website\",\"url\":\"https:\\\/\\\/algarve7.pt\\\/\",\"name\":\"Algarve 7\",\"description\":\"Informa\u00e7\u00e3o sobre o Algarve\",\"publisher\":{\"@id\":\"https:\\\/\\\/algarve7.pt\\\/#organization\"},\"potentialAction\":[{\"@type\":\"SearchAction\",\"target\":{\"@type\":\"EntryPoint\",\"urlTemplate\":\"https:\\\/\\\/algarve7.pt\\\/?s={search_term_string}\"},\"query-input\":{\"@type\":\"PropertyValueSpecification\",\"valueRequired\":true,\"valueName\":\"search_term_string\"}}],\"inLanguage\":\"pt-PT\"},{\"@type\":\"Organization\",\"@id\":\"https:\\\/\\\/algarve7.pt\\\/#organization\",\"name\":\"Algarve 7\",\"url\":\"https:\\\/\\\/algarve7.pt\\\/\",\"logo\":{\"@type\":\"ImageObject\",\"inLanguage\":\"pt-PT\",\"@id\":\"https:\\\/\\\/algarve7.pt\\\/#\\\/schema\\\/logo\\\/image\\\/\",\"url\":\"https:\\\/\\\/algarve7.pt\\\/wp-content\\\/uploads\\\/2020\\\/10\\\/Logo-8.jpg\",\"contentUrl\":\"https:\\\/\\\/algarve7.pt\\\/wp-content\\\/uploads\\\/2020\\\/10\\\/Logo-8.jpg\",\"width\":1680,\"height\":1186,\"caption\":\"Algarve 7\"},\"image\":{\"@id\":\"https:\\\/\\\/algarve7.pt\\\/#\\\/schema\\\/logo\\\/image\\\/\"},\"sameAs\":[\"https:\\\/\\\/www.facebook.com\\\/algarve7\",\"https:\\\/\\\/x.com\\\/Algarvesete\",\"https:\\\/\\\/www.instagram.com\\\/jornalalgarve7\\\/\",\"https:\\\/\\\/www.linkedin.com\\\/company\\\/algarve7\",\"https:\\\/\\\/www.pinterest.pt\\\/geral0939\\\/_created\\\/\"]},{\"@type\":\"Person\",\"@id\":\"https:\\\/\\\/algarve7.pt\\\/#\\\/schema\\\/person\\\/23fa70681308e7b319a3204bcea45e0c\",\"name\":\"Algarve 7\",\"sameAs\":[\"https:\\\/\\\/algarve7.pt\",\"https:\\\/\\\/www.facebook.com\\\/algarve7\"],\"url\":\"https:\\\/\\\/algarve7.pt\\\/index.php\\\/author\\\/geralalgarve7-pt\\\/\"}]}<\/script>\n<!-- \/ Yoast SEO plugin. -->","yoast_head_json":{"title":"Forma\u00e7\u00e3o +Pr\u00f3xima \"Gest\u00e3o do Tempo\" na Biblioteca Municipal de Lagoa - Algarve 7","description":"Forma\u00e7\u00e3o +Pr\u00f3xima \"Gest\u00e3o do Tempo\" na Biblioteca Municipal de Lagoa Atualidade","robots":{"index":"index","follow":"follow","max-snippet":"max-snippet:-1","max-image-preview":"max-image-preview:large","max-video-preview":"max-video-preview:-1"},"canonical":"https:\/\/algarve7.pt\/index.php\/2023\/11\/formacao-proxima-gestao-do-tempo-na-biblioteca-municipal-de-lagoa\/atualidade\/09\/30\/","og_locale":"pt_PT","og_type":"article","og_title":"Forma\u00e7\u00e3o +Pr\u00f3xima \"Gest\u00e3o do Tempo\" na Biblioteca Municipal de Lagoa - Algarve 7","og_description":"Forma\u00e7\u00e3o +Pr\u00f3xima \"Gest\u00e3o do Tempo\" na Biblioteca Municipal de Lagoa Atualidade","og_url":"https:\/\/algarve7.pt\/index.php\/2023\/11\/formacao-proxima-gestao-do-tempo-na-biblioteca-municipal-de-lagoa\/atualidade\/09\/30\/","og_site_name":"Algarve 7","article_publisher":"https:\/\/www.facebook.com\/algarve7","article_author":"https:\/\/www.facebook.com\/algarve7","article_published_time":"2023-11-01T09:30:00+00:00","og_image":[{"width":900,"height":900,"url":"https:\/\/algarve7.pt\/wp-content\/uploads\/2023\/10\/image003-1.jpg","type":"image\/jpeg"}],"author":"Algarve 7","twitter_card":"summary_large_image","twitter_creator":"@Algarvesete","twitter_site":"@Algarvesete","twitter_misc":{"Escrito por":"Algarve 7","Tempo estimado de leitura":"2 minutos"},"schema":{"@context":"https:\/\/schema.org","@graph":[{"@type":"Article","@id":"https:\/\/algarve7.pt\/index.php\/2023\/11\/formacao-proxima-gestao-do-tempo-na-biblioteca-municipal-de-lagoa\/atualidade\/09\/30\/#article","isPartOf":{"@id":"https:\/\/algarve7.pt\/index.php\/2023\/11\/formacao-proxima-gestao-do-tempo-na-biblioteca-municipal-de-lagoa\/atualidade\/09\/30\/"},"author":{"name":"Algarve 7","@id":"https:\/\/algarve7.pt\/#\/schema\/person\/23fa70681308e7b319a3204bcea45e0c"},"headline":"Forma\u00e7\u00e3o +Pr\u00f3xima &#8220;Gest\u00e3o do Tempo&#8221; na Biblioteca Municipal de Lagoa","datePublished":"2023-11-01T09:30:00+00:00","mainEntityOfPage":{"@id":"https:\/\/algarve7.pt\/index.php\/2023\/11\/formacao-proxima-gestao-do-tempo-na-biblioteca-municipal-de-lagoa\/atualidade\/09\/30\/"},"wordCount":311,"publisher":{"@id":"https:\/\/algarve7.pt\/#organization"},"image":{"@id":"https:\/\/algarve7.pt\/index.php\/2023\/11\/formacao-proxima-gestao-do-tempo-na-biblioteca-municipal-de-lagoa\/atualidade\/09\/30\/#primaryimage"},"thumbnailUrl":"https:\/\/algarve7.pt\/wp-content\/uploads\/2023\/10\/image003-1.jpg","keywords":["Algarve","Atualidade","Forma\u00e7\u00e3o","Lagoa"],"articleSection":["Atualidade"],"inLanguage":"pt-PT"},{"@type":"WebPage","@id":"https:\/\/algarve7.pt\/index.php\/2023\/11\/formacao-proxima-gestao-do-tempo-na-biblioteca-municipal-de-lagoa\/atualidade\/09\/30\/","url":"https:\/\/algarve7.pt\/index.php\/2023\/11\/formacao-proxima-gestao-do-tempo-na-biblioteca-municipal-de-lagoa\/atualidade\/09\/30\/","name":"Forma\u00e7\u00e3o +Pr\u00f3xima \"Gest\u00e3o do Tempo\" na Biblioteca Municipal de Lagoa - Algarve 7","isPartOf":{"@id":"https:\/\/algarve7.pt\/#website"},"primaryImageOfPage":{"@id":"https:\/\/algarve7.pt\/index.php\/2023\/11\/formacao-proxima-gestao-do-tempo-na-biblioteca-municipal-de-lagoa\/atualidade\/09\/30\/#primaryimage"},"image":{"@id":"https:\/\/algarve7.pt\/index.php\/2023\/11\/formacao-proxima-gestao-do-tempo-na-biblioteca-municipal-de-lagoa\/atualidade\/09\/30\/#primaryimage"},"thumbnailUrl":"https:\/\/algarve7.pt\/wp-content\/uploads\/2023\/10\/image003-1.jpg","datePublished":"2023-11-01T09:30:00+00:00","description":"Forma\u00e7\u00e3o +Pr\u00f3xima \"Gest\u00e3o do Tempo\" na Biblioteca Municipal de Lagoa Atualidade","breadcrumb":{"@id":"https:\/\/algarve7.pt\/index.php\/2023\/11\/formacao-proxima-gestao-do-tempo-na-biblioteca-municipal-de-lagoa\/atualidade\/09\/30\/#breadcrumb"},"inLanguage":"pt-PT","potentialAction":[{"@type":"ReadAction","target":["https:\/\/algarve7.pt\/index.php\/2023\/11\/formacao-proxima-gestao-do-tempo-na-biblioteca-municipal-de-lagoa\/atualidade\/09\/30\/"]}]},{"@type":"ImageObject","inLanguage":"pt-PT","@id":"https:\/\/algarve7.pt\/index.php\/2023\/11\/formacao-proxima-gestao-do-tempo-na-biblioteca-municipal-de-lagoa\/atualidade\/09\/30\/#primaryimage","url":"https:\/\/algarve7.pt\/wp-content\/uploads\/2023\/10\/image003-1.jpg","contentUrl":"https:\/\/algarve7.pt\/wp-content\/uploads\/2023\/10\/image003-1.jpg","width":900,"height":900},{"@type":"BreadcrumbList","@id":"https:\/\/algarve7.pt\/index.php\/2023\/11\/formacao-proxima-gestao-do-tempo-na-biblioteca-municipal-de-lagoa\/atualidade\/09\/30\/#breadcrumb","itemListElement":[{"@type":"ListItem","position":1,"name":"In\u00edcio","item":"https:\/\/algarve7.pt\/"},{"@type":"ListItem","position":2,"name":"Forma\u00e7\u00e3o +Pr\u00f3xima &#8220;Gest\u00e3o do Tempo&#8221; na Biblioteca Municipal de Lagoa"}]},{"@type":"WebSite","@id":"https:\/\/algarve7.pt\/#website","url":"https:\/\/algarve7.pt\/","name":"Algarve 7","description":"Informa\u00e7\u00e3o sobre o Algarve","publisher":{"@id":"https:\/\/algarve7.pt\/#organization"},"potentialAction":[{"@type":"SearchAction","target":{"@type":"EntryPoint","urlTemplate":"https:\/\/algarve7.pt\/?s={search_term_string}"},"query-input":{"@type":"PropertyValueSpecification","valueRequired":true,"valueName":"search_term_string"}}],"inLanguage":"pt-PT"},{"@type":"Organization","@id":"https:\/\/algarve7.pt\/#organization","name":"Algarve 7","url":"https:\/\/algarve7.pt\/","logo":{"@type":"ImageObject","inLanguage":"pt-PT","@id":"https:\/\/algarve7.pt\/#\/schema\/logo\/image\/","url":"https:\/\/algarve7.pt\/wp-content\/uploads\/2020\/10\/Logo-8.jpg","contentUrl":"https:\/\/algarve7.pt\/wp-content\/uploads\/2020\/10\/Logo-8.jpg","width":1680,"height":1186,"caption":"Algarve 7"},"image":{"@id":"https:\/\/algarve7.pt\/#\/schema\/logo\/image\/"},"sameAs":["https:\/\/www.facebook.com\/algarve7","https:\/\/x.com\/Algarvesete","https:\/\/www.instagram.com\/jornalalgarve7\/","https:\/\/www.linkedin.com\/company\/algarve7","https:\/\/www.pinterest.pt\/geral0939\/_created\/"]},{"@type":"Person","@id":"https:\/\/algarve7.pt\/#\/schema\/person\/23fa70681308e7b319a3204bcea45e0c","name":"Algarve 7","sameAs":["https:\/\/algarve7.pt","https:\/\/www.facebook.com\/algarve7"],"url":"https:\/\/algarve7.pt\/index.php\/author\/geralalgarve7-pt\/"}]}},"jetpack_publicize_connections":[],"jetpack_featured_media_url":"https:\/\/algarve7.pt\/wp-content\/uploads\/2023\/10\/image003-1.jpg","jetpack_shortlink":"https:\/\/wp.me\/pcezmW-8sG","jetpack_sharing_enabled":true,"_links":{"self":[{"href":"https:\/\/algarve7.pt\/index.php\/wp-json\/wp\/v2\/posts\/32530","targetHints":{"allow":["GET"]}}],"collection":[{"href":"https:\/\/algarve7.pt\/index.php\/wp-json\/wp\/v2\/posts"}],"about":[{"href":"https:\/\/algarve7.pt\/index.php\/wp-json\/wp\/v2\/types\/post"}],"author":[{"embeddable":true,"href":"https:\/\/algarve7.pt\/index.php\/wp-json\/wp\/v2\/users\/1"}],"replies":[{"embeddable":true,"href":"https:\/\/algarve7.pt\/index.php\/wp-json\/wp\/v2\/comments?post=32530"}],"version-history":[{"count":0,"href":"https:\/\/algarve7.pt\/index.php\/wp-json\/wp\/v2\/posts\/32530\/revisions"}],"wp:featuredmedia":[{"embeddable":true,"href":"https:\/\/algarve7.pt\/index.php\/wp-json\/wp\/v2\/media\/32531"}],"wp:attachment":[{"href":"https:\/\/algarve7.pt\/index.php\/wp-json\/wp\/v2\/media?parent=32530"}],"wp:term":[{"taxonomy":"category","embeddable":true,"href":"https:\/\/algarve7.pt\/index.php\/wp-json\/wp\/v2\/categories?post=32530"},{"taxonomy":"post_tag","embeddable":true,"href":"https:\/\/algarve7.pt\/index.php\/wp-json\/wp\/v2\/tags?post=32530"}],"curies":[{"name":"wp","href":"https:\/\/api.w.org\/{rel}","templated":true}]}}