{"id":32500,"date":"2023-10-30T11:05:00","date_gmt":"2023-10-30T11:05:00","guid":{"rendered":"https:\/\/algarve7.pt\/?p=32500"},"modified":"2023-10-29T18:47:11","modified_gmt":"2023-10-29T18:47:11","slug":"confirmacao-do-interesse-na-manutencao-do-estatuto-de-utilidade-publica","status":"publish","type":"post","link":"https:\/\/algarve7.pt\/index.php\/2023\/10\/confirmacao-do-interesse-na-manutencao-do-estatuto-de-utilidade-publica\/nacional\/11\/05\/","title":{"rendered":"Confirma\u00e7\u00e3o do interesse na manuten\u00e7\u00e3o do Estatuto de Utilidade P\u00fablica"},"content":{"rendered":"\n<p>A Lei n.\u00ba 36\/2021, de 14 de junho, instituiu um novo regime de atua\u00e7\u00e3o para as entidades que usufruem do Estatuto de Utilidade P\u00fablica (EUP), pondo fim \u00e0 dispers\u00e3o legislativa anteriormente vigente e criando novos procedimentos de atribui\u00e7\u00e3o, renova\u00e7\u00e3o e confirma\u00e7\u00e3o do interesse na sua manuten\u00e7\u00e3o.<\/p>\n\n\n\n<p>Dentro da nova disposi\u00e7\u00e3o legal, encontra-se a obriga\u00e7\u00e3o das entidades benefici\u00e1rias do EUP confirmarem o interesse na sua manuten\u00e7\u00e3o do estatuto num determinado prazo que varia consoante o ano em que foi atribu\u00eddo o estatuto inicial.<\/p>\n\n\n\n<p>Neste contexto, todas as entidades a quem tenha sido atribu\u00eddo o Estatuto de Utilidade P\u00fablica antes da entrada em vigor da Lei devem comunicar o interesse em manter o estatuto de utilidade p\u00fablica administrativa (obtido ou n\u00e3o atrav\u00e9s de ato administrativo) para atualiza\u00e7\u00e3o da lista das pessoas coletivas com esse estatuto. O prazo para as pessoas coletivas privadas a quem o estatuto tenha sido atribu\u00eddo at\u00e9 31 de dezembro de 1980 termina no pr\u00f3ximo dia 31 de dezembro.<\/p>\n\n\n\n<p>De acordo com o artigo 5.\u00ba da lei-quadro do estatuto de utilidade p\u00fablica, a Secretaria-Geral da Presid\u00eancia do Conselho de Ministros (SGPCM) , promove esta campanha informativa em colabora\u00e7\u00e3o com as Comiss\u00f5es de Coordena\u00e7\u00e3o e Desenvolvimento Regional (CCDR), com a Associa\u00e7\u00e3o Nacional dos Munic\u00edpios Portugueses (ANMP) e com a Associa\u00e7\u00e3o Nacional de Freguesias (ANAFRE).<\/p>\n","protected":false},"excerpt":{"rendered":"<p>A Lei n.\u00ba 36\/2021, de 14 de junho, instituiu um novo regime de atua\u00e7\u00e3o para as entidades que usufruem do<\/p>\n","protected":false},"author":1,"featured_media":32501,"comment_status":"closed","ping_status":"open","sticky":false,"template":"","format":"standard","meta":{"colormag_page_container_layout":"default_layout","colormag_page_sidebar_layout":"default_layout","_monsterinsights_skip_tracking":false,"_monsterinsights_sitenote_active":false,"_monsterinsights_sitenote_note":"","_monsterinsights_sitenote_category":0,"jetpack_post_was_ever_published":false,"_jetpack_newsletter_access":"","_jetpack_dont_email_post_to_subs":false,"_jetpack_newsletter_tier_id":0,"_jetpack_memberships_contains_paywalled_content":false,"_jetpack_memberships_contains_paid_content":false,"footnotes":"","jetpack_publicize_message":"","jetpack_publicize_feature_enabled":true,"jetpack_social_post_already_shared":true,"jetpack_social_options":{"image_generator_settings":{"template":"highway","default_image_id":0,"font":"","enabled":false},"version":2}},"categories":[189],"tags":[62,98],"class_list":["post-32500","post","type-post","status-publish","format-standard","has-post-thumbnail","hentry","category-nacional","tag-atualidade","tag-nacional"],"yoast_head":"<!-- This site is optimized with the Yoast SEO plugin v27.5 - https:\/\/yoast.com\/product\/yoast-seo-wordpress\/ -->\n<title>Confirma\u00e7\u00e3o do interesse na manuten\u00e7\u00e3o do Estatuto de Utilidade P\u00fablica - Algarve 7<\/title>\n<meta name=\"description\" content=\"Confirma\u00e7\u00e3o do interesse na manuten\u00e7\u00e3o do Estatuto de Utilidade P\u00fablica Nacional\" \/>\n<meta name=\"robots\" content=\"index, follow, max-snippet:-1, max-image-preview:large, max-video-preview:-1\" \/>\n<link rel=\"canonical\" href=\"https:\/\/algarve7.pt\/index.php\/2023\/10\/confirmacao-do-interesse-na-manutencao-do-estatuto-de-utilidade-publica\/nacional\/11\/05\/\" \/>\n<meta property=\"og:locale\" content=\"pt_PT\" \/>\n<meta property=\"og:type\" content=\"article\" \/>\n<meta property=\"og:title\" content=\"Confirma\u00e7\u00e3o do interesse na manuten\u00e7\u00e3o do Estatuto de Utilidade P\u00fablica - Algarve 7\" \/>\n<meta property=\"og:description\" content=\"Confirma\u00e7\u00e3o do interesse na manuten\u00e7\u00e3o do Estatuto de Utilidade P\u00fablica Nacional\" \/>\n<meta property=\"og:url\" content=\"https:\/\/algarve7.pt\/index.php\/2023\/10\/confirmacao-do-interesse-na-manutencao-do-estatuto-de-utilidade-publica\/nacional\/11\/05\/\" \/>\n<meta property=\"og:site_name\" content=\"Algarve 7\" \/>\n<meta property=\"article:publisher\" content=\"https:\/\/www.facebook.com\/algarve7\" \/>\n<meta property=\"article:author\" content=\"https:\/\/www.facebook.com\/algarve7\" \/>\n<meta property=\"article:published_time\" content=\"2023-10-30T11:05:00+00:00\" \/>\n<meta property=\"og:image\" content=\"https:\/\/algarve7.pt\/wp-content\/uploads\/2023\/10\/Captura-de-ecra-2023-10-29-as-18.46.09.png\" \/>\n\t<meta property=\"og:image:width\" content=\"1000\" \/>\n\t<meta property=\"og:image:height\" content=\"695\" \/>\n\t<meta property=\"og:image:type\" content=\"image\/png\" \/>\n<meta name=\"author\" content=\"Algarve 7\" \/>\n<meta name=\"twitter:card\" content=\"summary_large_image\" \/>\n<meta name=\"twitter:creator\" content=\"@Algarvesete\" \/>\n<meta name=\"twitter:site\" content=\"@Algarvesete\" \/>\n<meta name=\"twitter:label1\" content=\"Escrito por\" \/>\n\t<meta name=\"twitter:data1\" content=\"Algarve 7\" \/>\n\t<meta name=\"twitter:label2\" content=\"Tempo estimado de leitura\" \/>\n\t<meta name=\"twitter:data2\" content=\"2 minutos\" \/>\n<script type=\"application\/ld+json\" class=\"yoast-schema-graph\">{\"@context\":\"https:\\\/\\\/schema.org\",\"@graph\":[{\"@type\":\"Article\",\"@id\":\"https:\\\/\\\/algarve7.pt\\\/index.php\\\/2023\\\/10\\\/confirmacao-do-interesse-na-manutencao-do-estatuto-de-utilidade-publica\\\/nacional\\\/11\\\/05\\\/#article\",\"isPartOf\":{\"@id\":\"https:\\\/\\\/algarve7.pt\\\/index.php\\\/2023\\\/10\\\/confirmacao-do-interesse-na-manutencao-do-estatuto-de-utilidade-publica\\\/nacional\\\/11\\\/05\\\/\"},\"author\":{\"name\":\"Algarve 7\",\"@id\":\"https:\\\/\\\/algarve7.pt\\\/#\\\/schema\\\/person\\\/23fa70681308e7b319a3204bcea45e0c\"},\"headline\":\"Confirma\u00e7\u00e3o do interesse na manuten\u00e7\u00e3o do Estatuto de Utilidade P\u00fablica\",\"datePublished\":\"2023-10-30T11:05:00+00:00\",\"mainEntityOfPage\":{\"@id\":\"https:\\\/\\\/algarve7.pt\\\/index.php\\\/2023\\\/10\\\/confirmacao-do-interesse-na-manutencao-do-estatuto-de-utilidade-publica\\\/nacional\\\/11\\\/05\\\/\"},\"wordCount\":247,\"publisher\":{\"@id\":\"https:\\\/\\\/algarve7.pt\\\/#organization\"},\"image\":{\"@id\":\"https:\\\/\\\/algarve7.pt\\\/index.php\\\/2023\\\/10\\\/confirmacao-do-interesse-na-manutencao-do-estatuto-de-utilidade-publica\\\/nacional\\\/11\\\/05\\\/#primaryimage\"},\"thumbnailUrl\":\"https:\\\/\\\/algarve7.pt\\\/wp-content\\\/uploads\\\/2023\\\/10\\\/Captura-de-ecra-2023-10-29-as-18.46.09.png\",\"keywords\":[\"Atualidade\",\"Nacional\"],\"articleSection\":[\"Nacional\"],\"inLanguage\":\"pt-PT\"},{\"@type\":\"WebPage\",\"@id\":\"https:\\\/\\\/algarve7.pt\\\/index.php\\\/2023\\\/10\\\/confirmacao-do-interesse-na-manutencao-do-estatuto-de-utilidade-publica\\\/nacional\\\/11\\\/05\\\/\",\"url\":\"https:\\\/\\\/algarve7.pt\\\/index.php\\\/2023\\\/10\\\/confirmacao-do-interesse-na-manutencao-do-estatuto-de-utilidade-publica\\\/nacional\\\/11\\\/05\\\/\",\"name\":\"Confirma\u00e7\u00e3o do interesse na manuten\u00e7\u00e3o do Estatuto de Utilidade P\u00fablica - Algarve 7\",\"isPartOf\":{\"@id\":\"https:\\\/\\\/algarve7.pt\\\/#website\"},\"primaryImageOfPage\":{\"@id\":\"https:\\\/\\\/algarve7.pt\\\/index.php\\\/2023\\\/10\\\/confirmacao-do-interesse-na-manutencao-do-estatuto-de-utilidade-publica\\\/nacional\\\/11\\\/05\\\/#primaryimage\"},\"image\":{\"@id\":\"https:\\\/\\\/algarve7.pt\\\/index.php\\\/2023\\\/10\\\/confirmacao-do-interesse-na-manutencao-do-estatuto-de-utilidade-publica\\\/nacional\\\/11\\\/05\\\/#primaryimage\"},\"thumbnailUrl\":\"https:\\\/\\\/algarve7.pt\\\/wp-content\\\/uploads\\\/2023\\\/10\\\/Captura-de-ecra-2023-10-29-as-18.46.09.png\",\"datePublished\":\"2023-10-30T11:05:00+00:00\",\"description\":\"Confirma\u00e7\u00e3o do interesse na manuten\u00e7\u00e3o do Estatuto de Utilidade P\u00fablica Nacional\",\"breadcrumb\":{\"@id\":\"https:\\\/\\\/algarve7.pt\\\/index.php\\\/2023\\\/10\\\/confirmacao-do-interesse-na-manutencao-do-estatuto-de-utilidade-publica\\\/nacional\\\/11\\\/05\\\/#breadcrumb\"},\"inLanguage\":\"pt-PT\",\"potentialAction\":[{\"@type\":\"ReadAction\",\"target\":[\"https:\\\/\\\/algarve7.pt\\\/index.php\\\/2023\\\/10\\\/confirmacao-do-interesse-na-manutencao-do-estatuto-de-utilidade-publica\\\/nacional\\\/11\\\/05\\\/\"]}]},{\"@type\":\"ImageObject\",\"inLanguage\":\"pt-PT\",\"@id\":\"https:\\\/\\\/algarve7.pt\\\/index.php\\\/2023\\\/10\\\/confirmacao-do-interesse-na-manutencao-do-estatuto-de-utilidade-publica\\\/nacional\\\/11\\\/05\\\/#primaryimage\",\"url\":\"https:\\\/\\\/algarve7.pt\\\/wp-content\\\/uploads\\\/2023\\\/10\\\/Captura-de-ecra-2023-10-29-as-18.46.09.png\",\"contentUrl\":\"https:\\\/\\\/algarve7.pt\\\/wp-content\\\/uploads\\\/2023\\\/10\\\/Captura-de-ecra-2023-10-29-as-18.46.09.png\",\"width\":1000,\"height\":695},{\"@type\":\"BreadcrumbList\",\"@id\":\"https:\\\/\\\/algarve7.pt\\\/index.php\\\/2023\\\/10\\\/confirmacao-do-interesse-na-manutencao-do-estatuto-de-utilidade-publica\\\/nacional\\\/11\\\/05\\\/#breadcrumb\",\"itemListElement\":[{\"@type\":\"ListItem\",\"position\":1,\"name\":\"In\u00edcio\",\"item\":\"https:\\\/\\\/algarve7.pt\\\/\"},{\"@type\":\"ListItem\",\"position\":2,\"name\":\"Confirma\u00e7\u00e3o do interesse na manuten\u00e7\u00e3o do Estatuto de Utilidade P\u00fablica\"}]},{\"@type\":\"WebSite\",\"@id\":\"https:\\\/\\\/algarve7.pt\\\/#website\",\"url\":\"https:\\\/\\\/algarve7.pt\\\/\",\"name\":\"Algarve 7\",\"description\":\"Informa\u00e7\u00e3o sobre o Algarve\",\"publisher\":{\"@id\":\"https:\\\/\\\/algarve7.pt\\\/#organization\"},\"potentialAction\":[{\"@type\":\"SearchAction\",\"target\":{\"@type\":\"EntryPoint\",\"urlTemplate\":\"https:\\\/\\\/algarve7.pt\\\/?s={search_term_string}\"},\"query-input\":{\"@type\":\"PropertyValueSpecification\",\"valueRequired\":true,\"valueName\":\"search_term_string\"}}],\"inLanguage\":\"pt-PT\"},{\"@type\":\"Organization\",\"@id\":\"https:\\\/\\\/algarve7.pt\\\/#organization\",\"name\":\"Algarve 7\",\"url\":\"https:\\\/\\\/algarve7.pt\\\/\",\"logo\":{\"@type\":\"ImageObject\",\"inLanguage\":\"pt-PT\",\"@id\":\"https:\\\/\\\/algarve7.pt\\\/#\\\/schema\\\/logo\\\/image\\\/\",\"url\":\"https:\\\/\\\/algarve7.pt\\\/wp-content\\\/uploads\\\/2020\\\/10\\\/Logo-8.jpg\",\"contentUrl\":\"https:\\\/\\\/algarve7.pt\\\/wp-content\\\/uploads\\\/2020\\\/10\\\/Logo-8.jpg\",\"width\":1680,\"height\":1186,\"caption\":\"Algarve 7\"},\"image\":{\"@id\":\"https:\\\/\\\/algarve7.pt\\\/#\\\/schema\\\/logo\\\/image\\\/\"},\"sameAs\":[\"https:\\\/\\\/www.facebook.com\\\/algarve7\",\"https:\\\/\\\/x.com\\\/Algarvesete\",\"https:\\\/\\\/www.instagram.com\\\/jornalalgarve7\\\/\",\"https:\\\/\\\/www.linkedin.com\\\/company\\\/algarve7\",\"https:\\\/\\\/www.pinterest.pt\\\/geral0939\\\/_created\\\/\"]},{\"@type\":\"Person\",\"@id\":\"https:\\\/\\\/algarve7.pt\\\/#\\\/schema\\\/person\\\/23fa70681308e7b319a3204bcea45e0c\",\"name\":\"Algarve 7\",\"sameAs\":[\"https:\\\/\\\/algarve7.pt\",\"https:\\\/\\\/www.facebook.com\\\/algarve7\"],\"url\":\"https:\\\/\\\/algarve7.pt\\\/index.php\\\/author\\\/geralalgarve7-pt\\\/\"}]}<\/script>\n<!-- \/ Yoast SEO plugin. -->","yoast_head_json":{"title":"Confirma\u00e7\u00e3o do interesse na manuten\u00e7\u00e3o do Estatuto de Utilidade P\u00fablica - Algarve 7","description":"Confirma\u00e7\u00e3o do interesse na manuten\u00e7\u00e3o do Estatuto de Utilidade P\u00fablica Nacional","robots":{"index":"index","follow":"follow","max-snippet":"max-snippet:-1","max-image-preview":"max-image-preview:large","max-video-preview":"max-video-preview:-1"},"canonical":"https:\/\/algarve7.pt\/index.php\/2023\/10\/confirmacao-do-interesse-na-manutencao-do-estatuto-de-utilidade-publica\/nacional\/11\/05\/","og_locale":"pt_PT","og_type":"article","og_title":"Confirma\u00e7\u00e3o do interesse na manuten\u00e7\u00e3o do Estatuto de Utilidade P\u00fablica - Algarve 7","og_description":"Confirma\u00e7\u00e3o do interesse na manuten\u00e7\u00e3o do Estatuto de Utilidade P\u00fablica Nacional","og_url":"https:\/\/algarve7.pt\/index.php\/2023\/10\/confirmacao-do-interesse-na-manutencao-do-estatuto-de-utilidade-publica\/nacional\/11\/05\/","og_site_name":"Algarve 7","article_publisher":"https:\/\/www.facebook.com\/algarve7","article_author":"https:\/\/www.facebook.com\/algarve7","article_published_time":"2023-10-30T11:05:00+00:00","og_image":[{"width":1000,"height":695,"url":"https:\/\/algarve7.pt\/wp-content\/uploads\/2023\/10\/Captura-de-ecra-2023-10-29-as-18.46.09.png","type":"image\/png"}],"author":"Algarve 7","twitter_card":"summary_large_image","twitter_creator":"@Algarvesete","twitter_site":"@Algarvesete","twitter_misc":{"Escrito por":"Algarve 7","Tempo estimado de leitura":"2 minutos"},"schema":{"@context":"https:\/\/schema.org","@graph":[{"@type":"Article","@id":"https:\/\/algarve7.pt\/index.php\/2023\/10\/confirmacao-do-interesse-na-manutencao-do-estatuto-de-utilidade-publica\/nacional\/11\/05\/#article","isPartOf":{"@id":"https:\/\/algarve7.pt\/index.php\/2023\/10\/confirmacao-do-interesse-na-manutencao-do-estatuto-de-utilidade-publica\/nacional\/11\/05\/"},"author":{"name":"Algarve 7","@id":"https:\/\/algarve7.pt\/#\/schema\/person\/23fa70681308e7b319a3204bcea45e0c"},"headline":"Confirma\u00e7\u00e3o do interesse na manuten\u00e7\u00e3o do Estatuto de Utilidade P\u00fablica","datePublished":"2023-10-30T11:05:00+00:00","mainEntityOfPage":{"@id":"https:\/\/algarve7.pt\/index.php\/2023\/10\/confirmacao-do-interesse-na-manutencao-do-estatuto-de-utilidade-publica\/nacional\/11\/05\/"},"wordCount":247,"publisher":{"@id":"https:\/\/algarve7.pt\/#organization"},"image":{"@id":"https:\/\/algarve7.pt\/index.php\/2023\/10\/confirmacao-do-interesse-na-manutencao-do-estatuto-de-utilidade-publica\/nacional\/11\/05\/#primaryimage"},"thumbnailUrl":"https:\/\/algarve7.pt\/wp-content\/uploads\/2023\/10\/Captura-de-ecra-2023-10-29-as-18.46.09.png","keywords":["Atualidade","Nacional"],"articleSection":["Nacional"],"inLanguage":"pt-PT"},{"@type":"WebPage","@id":"https:\/\/algarve7.pt\/index.php\/2023\/10\/confirmacao-do-interesse-na-manutencao-do-estatuto-de-utilidade-publica\/nacional\/11\/05\/","url":"https:\/\/algarve7.pt\/index.php\/2023\/10\/confirmacao-do-interesse-na-manutencao-do-estatuto-de-utilidade-publica\/nacional\/11\/05\/","name":"Confirma\u00e7\u00e3o do interesse na manuten\u00e7\u00e3o do Estatuto de Utilidade P\u00fablica - Algarve 7","isPartOf":{"@id":"https:\/\/algarve7.pt\/#website"},"primaryImageOfPage":{"@id":"https:\/\/algarve7.pt\/index.php\/2023\/10\/confirmacao-do-interesse-na-manutencao-do-estatuto-de-utilidade-publica\/nacional\/11\/05\/#primaryimage"},"image":{"@id":"https:\/\/algarve7.pt\/index.php\/2023\/10\/confirmacao-do-interesse-na-manutencao-do-estatuto-de-utilidade-publica\/nacional\/11\/05\/#primaryimage"},"thumbnailUrl":"https:\/\/algarve7.pt\/wp-content\/uploads\/2023\/10\/Captura-de-ecra-2023-10-29-as-18.46.09.png","datePublished":"2023-10-30T11:05:00+00:00","description":"Confirma\u00e7\u00e3o do interesse na manuten\u00e7\u00e3o do Estatuto de Utilidade P\u00fablica Nacional","breadcrumb":{"@id":"https:\/\/algarve7.pt\/index.php\/2023\/10\/confirmacao-do-interesse-na-manutencao-do-estatuto-de-utilidade-publica\/nacional\/11\/05\/#breadcrumb"},"inLanguage":"pt-PT","potentialAction":[{"@type":"ReadAction","target":["https:\/\/algarve7.pt\/index.php\/2023\/10\/confirmacao-do-interesse-na-manutencao-do-estatuto-de-utilidade-publica\/nacional\/11\/05\/"]}]},{"@type":"ImageObject","inLanguage":"pt-PT","@id":"https:\/\/algarve7.pt\/index.php\/2023\/10\/confirmacao-do-interesse-na-manutencao-do-estatuto-de-utilidade-publica\/nacional\/11\/05\/#primaryimage","url":"https:\/\/algarve7.pt\/wp-content\/uploads\/2023\/10\/Captura-de-ecra-2023-10-29-as-18.46.09.png","contentUrl":"https:\/\/algarve7.pt\/wp-content\/uploads\/2023\/10\/Captura-de-ecra-2023-10-29-as-18.46.09.png","width":1000,"height":695},{"@type":"BreadcrumbList","@id":"https:\/\/algarve7.pt\/index.php\/2023\/10\/confirmacao-do-interesse-na-manutencao-do-estatuto-de-utilidade-publica\/nacional\/11\/05\/#breadcrumb","itemListElement":[{"@type":"ListItem","position":1,"name":"In\u00edcio","item":"https:\/\/algarve7.pt\/"},{"@type":"ListItem","position":2,"name":"Confirma\u00e7\u00e3o do interesse na manuten\u00e7\u00e3o do Estatuto de Utilidade P\u00fablica"}]},{"@type":"WebSite","@id":"https:\/\/algarve7.pt\/#website","url":"https:\/\/algarve7.pt\/","name":"Algarve 7","description":"Informa\u00e7\u00e3o sobre o Algarve","publisher":{"@id":"https:\/\/algarve7.pt\/#organization"},"potentialAction":[{"@type":"SearchAction","target":{"@type":"EntryPoint","urlTemplate":"https:\/\/algarve7.pt\/?s={search_term_string}"},"query-input":{"@type":"PropertyValueSpecification","valueRequired":true,"valueName":"search_term_string"}}],"inLanguage":"pt-PT"},{"@type":"Organization","@id":"https:\/\/algarve7.pt\/#organization","name":"Algarve 7","url":"https:\/\/algarve7.pt\/","logo":{"@type":"ImageObject","inLanguage":"pt-PT","@id":"https:\/\/algarve7.pt\/#\/schema\/logo\/image\/","url":"https:\/\/algarve7.pt\/wp-content\/uploads\/2020\/10\/Logo-8.jpg","contentUrl":"https:\/\/algarve7.pt\/wp-content\/uploads\/2020\/10\/Logo-8.jpg","width":1680,"height":1186,"caption":"Algarve 7"},"image":{"@id":"https:\/\/algarve7.pt\/#\/schema\/logo\/image\/"},"sameAs":["https:\/\/www.facebook.com\/algarve7","https:\/\/x.com\/Algarvesete","https:\/\/www.instagram.com\/jornalalgarve7\/","https:\/\/www.linkedin.com\/company\/algarve7","https:\/\/www.pinterest.pt\/geral0939\/_created\/"]},{"@type":"Person","@id":"https:\/\/algarve7.pt\/#\/schema\/person\/23fa70681308e7b319a3204bcea45e0c","name":"Algarve 7","sameAs":["https:\/\/algarve7.pt","https:\/\/www.facebook.com\/algarve7"],"url":"https:\/\/algarve7.pt\/index.php\/author\/geralalgarve7-pt\/"}]}},"jetpack_publicize_connections":[],"jetpack_featured_media_url":"https:\/\/algarve7.pt\/wp-content\/uploads\/2023\/10\/Captura-de-ecra-2023-10-29-as-18.46.09.png","jetpack_shortlink":"https:\/\/wp.me\/pcezmW-8sc","jetpack_sharing_enabled":true,"_links":{"self":[{"href":"https:\/\/algarve7.pt\/index.php\/wp-json\/wp\/v2\/posts\/32500","targetHints":{"allow":["GET"]}}],"collection":[{"href":"https:\/\/algarve7.pt\/index.php\/wp-json\/wp\/v2\/posts"}],"about":[{"href":"https:\/\/algarve7.pt\/index.php\/wp-json\/wp\/v2\/types\/post"}],"author":[{"embeddable":true,"href":"https:\/\/algarve7.pt\/index.php\/wp-json\/wp\/v2\/users\/1"}],"replies":[{"embeddable":true,"href":"https:\/\/algarve7.pt\/index.php\/wp-json\/wp\/v2\/comments?post=32500"}],"version-history":[{"count":0,"href":"https:\/\/algarve7.pt\/index.php\/wp-json\/wp\/v2\/posts\/32500\/revisions"}],"wp:featuredmedia":[{"embeddable":true,"href":"https:\/\/algarve7.pt\/index.php\/wp-json\/wp\/v2\/media\/32501"}],"wp:attachment":[{"href":"https:\/\/algarve7.pt\/index.php\/wp-json\/wp\/v2\/media?parent=32500"}],"wp:term":[{"taxonomy":"category","embeddable":true,"href":"https:\/\/algarve7.pt\/index.php\/wp-json\/wp\/v2\/categories?post=32500"},{"taxonomy":"post_tag","embeddable":true,"href":"https:\/\/algarve7.pt\/index.php\/wp-json\/wp\/v2\/tags?post=32500"}],"curies":[{"name":"wp","href":"https:\/\/api.w.org\/{rel}","templated":true}]}}