{"id":32471,"date":"2023-10-28T12:35:00","date_gmt":"2023-10-28T11:35:00","guid":{"rendered":"https:\/\/algarve7.pt\/?p=32471"},"modified":"2023-10-27T09:40:50","modified_gmt":"2023-10-27T08:40:50","slug":"numero-de-novos-medicos-em-formacao-no-sns-sera-o-maior-de-sempre-em-2024","status":"publish","type":"post","link":"https:\/\/algarve7.pt\/index.php\/2023\/10\/numero-de-novos-medicos-em-formacao-no-sns-sera-o-maior-de-sempre-em-2024\/saude\/12\/35\/","title":{"rendered":"N\u00famero de novos m\u00e9dicos em forma\u00e7\u00e3o no SNS ser\u00e1 o maior de sempre em 2024\u00a0"},"content":{"rendered":"\n<p>Em 2024, Portugal vai contar com o maior mapa de vagas de sempre para a forma\u00e7\u00e3o m\u00e9dica especializada. No total, v\u00e3o ser abertas 2242 vagas, mais 188 do que no ano passado, quando foram colocados a concurso 2054 lugares. O n\u00famero de novos m\u00e9dicos em forma\u00e7\u00e3o no SNS ser\u00e1 o maior de sempre.<\/p>\n\n\n\n<p>Este aumento do n\u00famero de vagas, constru\u00eddo em estreita coopera\u00e7\u00e3o com a Ordem dos M\u00e9dicos, consolida o compromisso do Minist\u00e9rio da Sa\u00fade de refor\u00e7ar a capacidade de resposta do Servi\u00e7o Nacional de Sa\u00fade e de assegurar a renova\u00e7\u00e3o dos profissionais das diferentes \u00e1reas. A abertura de um n\u00famero de vagas superior permite ir ao encontro das expetativas dos jovens m\u00e9dicos, maximizando-se a capacidade de forma\u00e7\u00e3o do SNS, sobretudo nas especialidades mais<\/p>\n\n\n\n<p>carenciadas.<\/p>\n\n\n\n<p>Correspondendo ao compromisso pol\u00edtico de alargar o n\u00famero de cidad\u00e3os com equipa de fam\u00edlia, a especialidade de Medicina Geral e Familiar \u00e9 a \u00e1rea com maior n\u00famero de vagas, precisamente 617. Trata-se de um acr\u00e9scimo de 43 vagas (+8%) em rela\u00e7\u00e3o a 2023 e o maior n\u00famero de vagas de sempre nesta especialidade central para o sistema de sa\u00fade. O mapa conta ainda com o maior n\u00famero de vagas de sempre em especialidades como Pediatria (110), Anestesiologia (98) e Ginecologia\/Obstetr\u00edcia (67).<\/p>\n\n\n\n<p>Este ano, pela primeira vez, o mapa foi desenhado de forma a refor\u00e7ar a capacidade de forma\u00e7\u00e3o dos hospitais das zonas de baixa densidade populacional. Estes hospitais nem sempre conseguem ter idoneidade formativa para abrir vagas nas especialidades em que t\u00eam car\u00eancias, por n\u00e3o conseguirem assegurar a diferencia\u00e7\u00e3o da forma\u00e7\u00e3o nos v\u00e1rios e anos e fases necess\u00e1rios para adquirir os conhecimentos e t\u00e9cnicas das diferentes especialidades. Num primeiro passo do programa Mais M\u00e9dicos, anunciado no in\u00edcio de 2023 pelo Ministro da Sa\u00fade, o mapa agora aprovado conta com um total de 10 vagas para internos que ser\u00e3o fixados nos hospitais de zonas de baixa densidade, mas que far\u00e3o a sua forma\u00e7\u00e3o em colabora\u00e7\u00e3o com<\/p>\n\n\n\n<p>outras unidades hospitalares.<\/p>\n\n\n\n<p>Em causa est\u00e1 uma vaga de Anestesiologia para a Unidade Local de Sa\u00fade (ULS) do Baixo Alentejo, uma vaga de Ortopedia e uma de Pediatria para a ULS do Norte Alentejano, uma de Anestesiologia e uma de Ginecologia\/Obstetr\u00edcia para o Centro Hospitalar da Cova da Beira, uma de Ginecologia\/Obstetr\u00edcia e uma de Radiologia para a ULS da Guarda, uma de Radiologia e uma de Ortopedia para a ULS de Castelo Branco \u00e9 uma de Anestesiologia para a ULS do Nordeste.<\/p>\n\n\n\n<p>Os internos iniciar\u00e3o a sua forma\u00e7\u00e3o especializada a 1 de janeiro de 2024.<\/p>\n\n\n\n<p>Para o concurso que vai agora decorrer est\u00e3o inscritos 1.833 jovens m\u00e9dicos que s\u00e3o candidatos pela primeira vez, por estarem a terminar o ano de forma\u00e7\u00e3o geral, o que significa que o n\u00famero de vagas supera largamente o n\u00famero de m\u00e9dicos que se formaram recentemente no pa\u00eds. H\u00e1, ainda, outros m\u00e9dicos que se candidatam estando neste momento fora do sistema de sa\u00fade ou que querem mudar de especialidade.<\/p>\n\n\n\n<p>A elabora\u00e7\u00e3o do mapa de vagas resulta de um trabalho intenso da Administra\u00e7\u00e3o Central do Sistema de Sa\u00fade (ACSS), com o apoio e coopera\u00e7\u00e3o da Ordem dos M\u00e9dicos e o envolvimento do Conselho Nacional do Internato M\u00e9dico. O Minist\u00e9rio da Sa\u00fade continuar\u00e1 a incentivar esta colabora\u00e7\u00e3o, de modo a instituir uma cultura de planeamento e previsibilidade, que permita alinhar a forma\u00e7\u00e3o de m\u00e9dicos especialistas com a necessidade do pa\u00eds nas diferentes especialidades.<\/p>\n","protected":false},"excerpt":{"rendered":"<p>Em 2024, Portugal vai contar com o maior mapa de vagas de sempre para a forma\u00e7\u00e3o m\u00e9dica especializada. No total,<\/p>\n","protected":false},"author":1,"featured_media":32399,"comment_status":"closed","ping_status":"open","sticky":false,"template":"","format":"standard","meta":{"colormag_page_container_layout":"default_layout","colormag_page_sidebar_layout":"default_layout","_monsterinsights_skip_tracking":false,"_monsterinsights_sitenote_active":false,"_monsterinsights_sitenote_note":"","_monsterinsights_sitenote_category":0,"jetpack_post_was_ever_published":false,"_jetpack_newsletter_access":"","_jetpack_dont_email_post_to_subs":false,"_jetpack_newsletter_tier_id":0,"_jetpack_memberships_contains_paywalled_content":false,"_jetpack_memberships_contains_paid_content":false,"footnotes":"","jetpack_publicize_message":"","jetpack_publicize_feature_enabled":true,"jetpack_social_post_already_shared":true,"jetpack_social_options":{"image_generator_settings":{"template":"highway","default_image_id":0,"font":"","enabled":false},"version":2}},"categories":[189,59],"tags":[98,58],"class_list":["post-32471","post","type-post","status-publish","format-standard","has-post-thumbnail","hentry","category-nacional","category-saude","tag-nacional","tag-saude"],"yoast_head":"<!-- This site is optimized with the Yoast SEO plugin v27.5 - https:\/\/yoast.com\/product\/yoast-seo-wordpress\/ -->\n<title>N\u00famero de novos m\u00e9dicos em forma\u00e7\u00e3o no SNS ser\u00e1 o maior de sempre em 2024\u00a0 - Algarve 7<\/title>\n<meta name=\"description\" content=\"N\u00famero de novos m\u00e9dicos em forma\u00e7\u00e3o no SNS ser\u00e1 o maior de sempre em 2024\u00a0 Sa\u00fade\" \/>\n<meta name=\"robots\" content=\"index, follow, max-snippet:-1, max-image-preview:large, max-video-preview:-1\" \/>\n<link rel=\"canonical\" href=\"https:\/\/algarve7.pt\/index.php\/2023\/10\/numero-de-novos-medicos-em-formacao-no-sns-sera-o-maior-de-sempre-em-2024\/saude\/12\/35\/\" \/>\n<meta property=\"og:locale\" content=\"pt_PT\" \/>\n<meta property=\"og:type\" content=\"article\" \/>\n<meta property=\"og:title\" content=\"N\u00famero de novos m\u00e9dicos em forma\u00e7\u00e3o no SNS ser\u00e1 o maior de sempre em 2024\u00a0 - Algarve 7\" \/>\n<meta property=\"og:description\" content=\"N\u00famero de novos m\u00e9dicos em forma\u00e7\u00e3o no SNS ser\u00e1 o maior de sempre em 2024\u00a0 Sa\u00fade\" \/>\n<meta property=\"og:url\" content=\"https:\/\/algarve7.pt\/index.php\/2023\/10\/numero-de-novos-medicos-em-formacao-no-sns-sera-o-maior-de-sempre-em-2024\/saude\/12\/35\/\" \/>\n<meta property=\"og:site_name\" content=\"Algarve 7\" \/>\n<meta property=\"article:publisher\" content=\"https:\/\/www.facebook.com\/algarve7\" \/>\n<meta property=\"article:author\" content=\"https:\/\/www.facebook.com\/algarve7\" \/>\n<meta property=\"article:published_time\" content=\"2023-10-28T11:35:00+00:00\" \/>\n<meta property=\"og:image\" content=\"https:\/\/algarve7.pt\/wp-content\/uploads\/2023\/10\/Visita-Min.-Saude-a-Olhao-e-SBA-17-10-2023-25.jpg\" \/>\n\t<meta property=\"og:image:width\" content=\"1024\" \/>\n\t<meta property=\"og:image:height\" content=\"683\" \/>\n\t<meta property=\"og:image:type\" content=\"image\/jpeg\" \/>\n<meta name=\"author\" content=\"Algarve 7\" \/>\n<meta name=\"twitter:card\" content=\"summary_large_image\" \/>\n<meta name=\"twitter:creator\" content=\"@Algarvesete\" \/>\n<meta name=\"twitter:site\" content=\"@Algarvesete\" \/>\n<meta name=\"twitter:label1\" content=\"Escrito por\" \/>\n\t<meta name=\"twitter:data1\" content=\"Algarve 7\" \/>\n\t<meta name=\"twitter:label2\" content=\"Tempo estimado de leitura\" \/>\n\t<meta name=\"twitter:data2\" content=\"4 minutos\" \/>\n<script type=\"application\/ld+json\" class=\"yoast-schema-graph\">{\"@context\":\"https:\\\/\\\/schema.org\",\"@graph\":[{\"@type\":\"Article\",\"@id\":\"https:\\\/\\\/algarve7.pt\\\/index.php\\\/2023\\\/10\\\/numero-de-novos-medicos-em-formacao-no-sns-sera-o-maior-de-sempre-em-2024\\\/saude\\\/12\\\/35\\\/#article\",\"isPartOf\":{\"@id\":\"https:\\\/\\\/algarve7.pt\\\/index.php\\\/2023\\\/10\\\/numero-de-novos-medicos-em-formacao-no-sns-sera-o-maior-de-sempre-em-2024\\\/saude\\\/12\\\/35\\\/\"},\"author\":{\"name\":\"Algarve 7\",\"@id\":\"https:\\\/\\\/algarve7.pt\\\/#\\\/schema\\\/person\\\/23fa70681308e7b319a3204bcea45e0c\"},\"headline\":\"N\u00famero de novos m\u00e9dicos em forma\u00e7\u00e3o no SNS ser\u00e1 o maior de sempre em 2024\u00a0\",\"datePublished\":\"2023-10-28T11:35:00+00:00\",\"mainEntityOfPage\":{\"@id\":\"https:\\\/\\\/algarve7.pt\\\/index.php\\\/2023\\\/10\\\/numero-de-novos-medicos-em-formacao-no-sns-sera-o-maior-de-sempre-em-2024\\\/saude\\\/12\\\/35\\\/\"},\"wordCount\":632,\"publisher\":{\"@id\":\"https:\\\/\\\/algarve7.pt\\\/#organization\"},\"image\":{\"@id\":\"https:\\\/\\\/algarve7.pt\\\/index.php\\\/2023\\\/10\\\/numero-de-novos-medicos-em-formacao-no-sns-sera-o-maior-de-sempre-em-2024\\\/saude\\\/12\\\/35\\\/#primaryimage\"},\"thumbnailUrl\":\"https:\\\/\\\/algarve7.pt\\\/wp-content\\\/uploads\\\/2023\\\/10\\\/Visita-Min.-Saude-a-Olhao-e-SBA-17-10-2023-25.jpg\",\"keywords\":[\"Nacional\",\"Sa\u00fade\"],\"articleSection\":[\"Nacional\",\"Sa\u00fade\"],\"inLanguage\":\"pt-PT\"},{\"@type\":\"WebPage\",\"@id\":\"https:\\\/\\\/algarve7.pt\\\/index.php\\\/2023\\\/10\\\/numero-de-novos-medicos-em-formacao-no-sns-sera-o-maior-de-sempre-em-2024\\\/saude\\\/12\\\/35\\\/\",\"url\":\"https:\\\/\\\/algarve7.pt\\\/index.php\\\/2023\\\/10\\\/numero-de-novos-medicos-em-formacao-no-sns-sera-o-maior-de-sempre-em-2024\\\/saude\\\/12\\\/35\\\/\",\"name\":\"N\u00famero de novos m\u00e9dicos em forma\u00e7\u00e3o no SNS ser\u00e1 o maior de sempre em 2024\u00a0 - Algarve 7\",\"isPartOf\":{\"@id\":\"https:\\\/\\\/algarve7.pt\\\/#website\"},\"primaryImageOfPage\":{\"@id\":\"https:\\\/\\\/algarve7.pt\\\/index.php\\\/2023\\\/10\\\/numero-de-novos-medicos-em-formacao-no-sns-sera-o-maior-de-sempre-em-2024\\\/saude\\\/12\\\/35\\\/#primaryimage\"},\"image\":{\"@id\":\"https:\\\/\\\/algarve7.pt\\\/index.php\\\/2023\\\/10\\\/numero-de-novos-medicos-em-formacao-no-sns-sera-o-maior-de-sempre-em-2024\\\/saude\\\/12\\\/35\\\/#primaryimage\"},\"thumbnailUrl\":\"https:\\\/\\\/algarve7.pt\\\/wp-content\\\/uploads\\\/2023\\\/10\\\/Visita-Min.-Saude-a-Olhao-e-SBA-17-10-2023-25.jpg\",\"datePublished\":\"2023-10-28T11:35:00+00:00\",\"description\":\"N\u00famero de novos m\u00e9dicos em forma\u00e7\u00e3o no SNS ser\u00e1 o maior de sempre em 2024\u00a0 Sa\u00fade\",\"breadcrumb\":{\"@id\":\"https:\\\/\\\/algarve7.pt\\\/index.php\\\/2023\\\/10\\\/numero-de-novos-medicos-em-formacao-no-sns-sera-o-maior-de-sempre-em-2024\\\/saude\\\/12\\\/35\\\/#breadcrumb\"},\"inLanguage\":\"pt-PT\",\"potentialAction\":[{\"@type\":\"ReadAction\",\"target\":[\"https:\\\/\\\/algarve7.pt\\\/index.php\\\/2023\\\/10\\\/numero-de-novos-medicos-em-formacao-no-sns-sera-o-maior-de-sempre-em-2024\\\/saude\\\/12\\\/35\\\/\"]}]},{\"@type\":\"ImageObject\",\"inLanguage\":\"pt-PT\",\"@id\":\"https:\\\/\\\/algarve7.pt\\\/index.php\\\/2023\\\/10\\\/numero-de-novos-medicos-em-formacao-no-sns-sera-o-maior-de-sempre-em-2024\\\/saude\\\/12\\\/35\\\/#primaryimage\",\"url\":\"https:\\\/\\\/algarve7.pt\\\/wp-content\\\/uploads\\\/2023\\\/10\\\/Visita-Min.-Saude-a-Olhao-e-SBA-17-10-2023-25.jpg\",\"contentUrl\":\"https:\\\/\\\/algarve7.pt\\\/wp-content\\\/uploads\\\/2023\\\/10\\\/Visita-Min.-Saude-a-Olhao-e-SBA-17-10-2023-25.jpg\",\"width\":1024,\"height\":683,\"caption\":\"Foto: Jorge Gomes - Click Time Photo\u00ae\u00a9\"},{\"@type\":\"BreadcrumbList\",\"@id\":\"https:\\\/\\\/algarve7.pt\\\/index.php\\\/2023\\\/10\\\/numero-de-novos-medicos-em-formacao-no-sns-sera-o-maior-de-sempre-em-2024\\\/saude\\\/12\\\/35\\\/#breadcrumb\",\"itemListElement\":[{\"@type\":\"ListItem\",\"position\":1,\"name\":\"In\u00edcio\",\"item\":\"https:\\\/\\\/algarve7.pt\\\/\"},{\"@type\":\"ListItem\",\"position\":2,\"name\":\"N\u00famero de novos m\u00e9dicos em forma\u00e7\u00e3o no SNS ser\u00e1 o maior de sempre em 2024\u00a0\"}]},{\"@type\":\"WebSite\",\"@id\":\"https:\\\/\\\/algarve7.pt\\\/#website\",\"url\":\"https:\\\/\\\/algarve7.pt\\\/\",\"name\":\"Algarve 7\",\"description\":\"Informa\u00e7\u00e3o sobre o Algarve\",\"publisher\":{\"@id\":\"https:\\\/\\\/algarve7.pt\\\/#organization\"},\"potentialAction\":[{\"@type\":\"SearchAction\",\"target\":{\"@type\":\"EntryPoint\",\"urlTemplate\":\"https:\\\/\\\/algarve7.pt\\\/?s={search_term_string}\"},\"query-input\":{\"@type\":\"PropertyValueSpecification\",\"valueRequired\":true,\"valueName\":\"search_term_string\"}}],\"inLanguage\":\"pt-PT\"},{\"@type\":\"Organization\",\"@id\":\"https:\\\/\\\/algarve7.pt\\\/#organization\",\"name\":\"Algarve 7\",\"url\":\"https:\\\/\\\/algarve7.pt\\\/\",\"logo\":{\"@type\":\"ImageObject\",\"inLanguage\":\"pt-PT\",\"@id\":\"https:\\\/\\\/algarve7.pt\\\/#\\\/schema\\\/logo\\\/image\\\/\",\"url\":\"https:\\\/\\\/algarve7.pt\\\/wp-content\\\/uploads\\\/2020\\\/10\\\/Logo-8.jpg\",\"contentUrl\":\"https:\\\/\\\/algarve7.pt\\\/wp-content\\\/uploads\\\/2020\\\/10\\\/Logo-8.jpg\",\"width\":1680,\"height\":1186,\"caption\":\"Algarve 7\"},\"image\":{\"@id\":\"https:\\\/\\\/algarve7.pt\\\/#\\\/schema\\\/logo\\\/image\\\/\"},\"sameAs\":[\"https:\\\/\\\/www.facebook.com\\\/algarve7\",\"https:\\\/\\\/x.com\\\/Algarvesete\",\"https:\\\/\\\/www.instagram.com\\\/jornalalgarve7\\\/\",\"https:\\\/\\\/www.linkedin.com\\\/company\\\/algarve7\",\"https:\\\/\\\/www.pinterest.pt\\\/geral0939\\\/_created\\\/\"]},{\"@type\":\"Person\",\"@id\":\"https:\\\/\\\/algarve7.pt\\\/#\\\/schema\\\/person\\\/23fa70681308e7b319a3204bcea45e0c\",\"name\":\"Algarve 7\",\"sameAs\":[\"https:\\\/\\\/algarve7.pt\",\"https:\\\/\\\/www.facebook.com\\\/algarve7\"],\"url\":\"https:\\\/\\\/algarve7.pt\\\/index.php\\\/author\\\/geralalgarve7-pt\\\/\"}]}<\/script>\n<!-- \/ Yoast SEO plugin. -->","yoast_head_json":{"title":"N\u00famero de novos m\u00e9dicos em forma\u00e7\u00e3o no SNS ser\u00e1 o maior de sempre em 2024\u00a0 - Algarve 7","description":"N\u00famero de novos m\u00e9dicos em forma\u00e7\u00e3o no SNS ser\u00e1 o maior de sempre em 2024\u00a0 Sa\u00fade","robots":{"index":"index","follow":"follow","max-snippet":"max-snippet:-1","max-image-preview":"max-image-preview:large","max-video-preview":"max-video-preview:-1"},"canonical":"https:\/\/algarve7.pt\/index.php\/2023\/10\/numero-de-novos-medicos-em-formacao-no-sns-sera-o-maior-de-sempre-em-2024\/saude\/12\/35\/","og_locale":"pt_PT","og_type":"article","og_title":"N\u00famero de novos m\u00e9dicos em forma\u00e7\u00e3o no SNS ser\u00e1 o maior de sempre em 2024\u00a0 - Algarve 7","og_description":"N\u00famero de novos m\u00e9dicos em forma\u00e7\u00e3o no SNS ser\u00e1 o maior de sempre em 2024\u00a0 Sa\u00fade","og_url":"https:\/\/algarve7.pt\/index.php\/2023\/10\/numero-de-novos-medicos-em-formacao-no-sns-sera-o-maior-de-sempre-em-2024\/saude\/12\/35\/","og_site_name":"Algarve 7","article_publisher":"https:\/\/www.facebook.com\/algarve7","article_author":"https:\/\/www.facebook.com\/algarve7","article_published_time":"2023-10-28T11:35:00+00:00","og_image":[{"width":1024,"height":683,"url":"https:\/\/algarve7.pt\/wp-content\/uploads\/2023\/10\/Visita-Min.-Saude-a-Olhao-e-SBA-17-10-2023-25.jpg","type":"image\/jpeg"}],"author":"Algarve 7","twitter_card":"summary_large_image","twitter_creator":"@Algarvesete","twitter_site":"@Algarvesete","twitter_misc":{"Escrito por":"Algarve 7","Tempo estimado de leitura":"4 minutos"},"schema":{"@context":"https:\/\/schema.org","@graph":[{"@type":"Article","@id":"https:\/\/algarve7.pt\/index.php\/2023\/10\/numero-de-novos-medicos-em-formacao-no-sns-sera-o-maior-de-sempre-em-2024\/saude\/12\/35\/#article","isPartOf":{"@id":"https:\/\/algarve7.pt\/index.php\/2023\/10\/numero-de-novos-medicos-em-formacao-no-sns-sera-o-maior-de-sempre-em-2024\/saude\/12\/35\/"},"author":{"name":"Algarve 7","@id":"https:\/\/algarve7.pt\/#\/schema\/person\/23fa70681308e7b319a3204bcea45e0c"},"headline":"N\u00famero de novos m\u00e9dicos em forma\u00e7\u00e3o no SNS ser\u00e1 o maior de sempre em 2024\u00a0","datePublished":"2023-10-28T11:35:00+00:00","mainEntityOfPage":{"@id":"https:\/\/algarve7.pt\/index.php\/2023\/10\/numero-de-novos-medicos-em-formacao-no-sns-sera-o-maior-de-sempre-em-2024\/saude\/12\/35\/"},"wordCount":632,"publisher":{"@id":"https:\/\/algarve7.pt\/#organization"},"image":{"@id":"https:\/\/algarve7.pt\/index.php\/2023\/10\/numero-de-novos-medicos-em-formacao-no-sns-sera-o-maior-de-sempre-em-2024\/saude\/12\/35\/#primaryimage"},"thumbnailUrl":"https:\/\/algarve7.pt\/wp-content\/uploads\/2023\/10\/Visita-Min.-Saude-a-Olhao-e-SBA-17-10-2023-25.jpg","keywords":["Nacional","Sa\u00fade"],"articleSection":["Nacional","Sa\u00fade"],"inLanguage":"pt-PT"},{"@type":"WebPage","@id":"https:\/\/algarve7.pt\/index.php\/2023\/10\/numero-de-novos-medicos-em-formacao-no-sns-sera-o-maior-de-sempre-em-2024\/saude\/12\/35\/","url":"https:\/\/algarve7.pt\/index.php\/2023\/10\/numero-de-novos-medicos-em-formacao-no-sns-sera-o-maior-de-sempre-em-2024\/saude\/12\/35\/","name":"N\u00famero de novos m\u00e9dicos em forma\u00e7\u00e3o no SNS ser\u00e1 o maior de sempre em 2024\u00a0 - Algarve 7","isPartOf":{"@id":"https:\/\/algarve7.pt\/#website"},"primaryImageOfPage":{"@id":"https:\/\/algarve7.pt\/index.php\/2023\/10\/numero-de-novos-medicos-em-formacao-no-sns-sera-o-maior-de-sempre-em-2024\/saude\/12\/35\/#primaryimage"},"image":{"@id":"https:\/\/algarve7.pt\/index.php\/2023\/10\/numero-de-novos-medicos-em-formacao-no-sns-sera-o-maior-de-sempre-em-2024\/saude\/12\/35\/#primaryimage"},"thumbnailUrl":"https:\/\/algarve7.pt\/wp-content\/uploads\/2023\/10\/Visita-Min.-Saude-a-Olhao-e-SBA-17-10-2023-25.jpg","datePublished":"2023-10-28T11:35:00+00:00","description":"N\u00famero de novos m\u00e9dicos em forma\u00e7\u00e3o no SNS ser\u00e1 o maior de sempre em 2024\u00a0 Sa\u00fade","breadcrumb":{"@id":"https:\/\/algarve7.pt\/index.php\/2023\/10\/numero-de-novos-medicos-em-formacao-no-sns-sera-o-maior-de-sempre-em-2024\/saude\/12\/35\/#breadcrumb"},"inLanguage":"pt-PT","potentialAction":[{"@type":"ReadAction","target":["https:\/\/algarve7.pt\/index.php\/2023\/10\/numero-de-novos-medicos-em-formacao-no-sns-sera-o-maior-de-sempre-em-2024\/saude\/12\/35\/"]}]},{"@type":"ImageObject","inLanguage":"pt-PT","@id":"https:\/\/algarve7.pt\/index.php\/2023\/10\/numero-de-novos-medicos-em-formacao-no-sns-sera-o-maior-de-sempre-em-2024\/saude\/12\/35\/#primaryimage","url":"https:\/\/algarve7.pt\/wp-content\/uploads\/2023\/10\/Visita-Min.-Saude-a-Olhao-e-SBA-17-10-2023-25.jpg","contentUrl":"https:\/\/algarve7.pt\/wp-content\/uploads\/2023\/10\/Visita-Min.-Saude-a-Olhao-e-SBA-17-10-2023-25.jpg","width":1024,"height":683,"caption":"Foto: Jorge Gomes - Click Time Photo\u00ae\u00a9"},{"@type":"BreadcrumbList","@id":"https:\/\/algarve7.pt\/index.php\/2023\/10\/numero-de-novos-medicos-em-formacao-no-sns-sera-o-maior-de-sempre-em-2024\/saude\/12\/35\/#breadcrumb","itemListElement":[{"@type":"ListItem","position":1,"name":"In\u00edcio","item":"https:\/\/algarve7.pt\/"},{"@type":"ListItem","position":2,"name":"N\u00famero de novos m\u00e9dicos em forma\u00e7\u00e3o no SNS ser\u00e1 o maior de sempre em 2024\u00a0"}]},{"@type":"WebSite","@id":"https:\/\/algarve7.pt\/#website","url":"https:\/\/algarve7.pt\/","name":"Algarve 7","description":"Informa\u00e7\u00e3o sobre o Algarve","publisher":{"@id":"https:\/\/algarve7.pt\/#organization"},"potentialAction":[{"@type":"SearchAction","target":{"@type":"EntryPoint","urlTemplate":"https:\/\/algarve7.pt\/?s={search_term_string}"},"query-input":{"@type":"PropertyValueSpecification","valueRequired":true,"valueName":"search_term_string"}}],"inLanguage":"pt-PT"},{"@type":"Organization","@id":"https:\/\/algarve7.pt\/#organization","name":"Algarve 7","url":"https:\/\/algarve7.pt\/","logo":{"@type":"ImageObject","inLanguage":"pt-PT","@id":"https:\/\/algarve7.pt\/#\/schema\/logo\/image\/","url":"https:\/\/algarve7.pt\/wp-content\/uploads\/2020\/10\/Logo-8.jpg","contentUrl":"https:\/\/algarve7.pt\/wp-content\/uploads\/2020\/10\/Logo-8.jpg","width":1680,"height":1186,"caption":"Algarve 7"},"image":{"@id":"https:\/\/algarve7.pt\/#\/schema\/logo\/image\/"},"sameAs":["https:\/\/www.facebook.com\/algarve7","https:\/\/x.com\/Algarvesete","https:\/\/www.instagram.com\/jornalalgarve7\/","https:\/\/www.linkedin.com\/company\/algarve7","https:\/\/www.pinterest.pt\/geral0939\/_created\/"]},{"@type":"Person","@id":"https:\/\/algarve7.pt\/#\/schema\/person\/23fa70681308e7b319a3204bcea45e0c","name":"Algarve 7","sameAs":["https:\/\/algarve7.pt","https:\/\/www.facebook.com\/algarve7"],"url":"https:\/\/algarve7.pt\/index.php\/author\/geralalgarve7-pt\/"}]}},"jetpack_publicize_connections":[],"jetpack_featured_media_url":"https:\/\/algarve7.pt\/wp-content\/uploads\/2023\/10\/Visita-Min.-Saude-a-Olhao-e-SBA-17-10-2023-25.jpg","jetpack_shortlink":"https:\/\/wp.me\/pcezmW-8rJ","jetpack_sharing_enabled":true,"_links":{"self":[{"href":"https:\/\/algarve7.pt\/index.php\/wp-json\/wp\/v2\/posts\/32471","targetHints":{"allow":["GET"]}}],"collection":[{"href":"https:\/\/algarve7.pt\/index.php\/wp-json\/wp\/v2\/posts"}],"about":[{"href":"https:\/\/algarve7.pt\/index.php\/wp-json\/wp\/v2\/types\/post"}],"author":[{"embeddable":true,"href":"https:\/\/algarve7.pt\/index.php\/wp-json\/wp\/v2\/users\/1"}],"replies":[{"embeddable":true,"href":"https:\/\/algarve7.pt\/index.php\/wp-json\/wp\/v2\/comments?post=32471"}],"version-history":[{"count":0,"href":"https:\/\/algarve7.pt\/index.php\/wp-json\/wp\/v2\/posts\/32471\/revisions"}],"wp:featuredmedia":[{"embeddable":true,"href":"https:\/\/algarve7.pt\/index.php\/wp-json\/wp\/v2\/media\/32399"}],"wp:attachment":[{"href":"https:\/\/algarve7.pt\/index.php\/wp-json\/wp\/v2\/media?parent=32471"}],"wp:term":[{"taxonomy":"category","embeddable":true,"href":"https:\/\/algarve7.pt\/index.php\/wp-json\/wp\/v2\/categories?post=32471"},{"taxonomy":"post_tag","embeddable":true,"href":"https:\/\/algarve7.pt\/index.php\/wp-json\/wp\/v2\/tags?post=32471"}],"curies":[{"name":"wp","href":"https:\/\/api.w.org\/{rel}","templated":true}]}}