{"id":32217,"date":"2023-10-23T13:15:00","date_gmt":"2023-10-23T12:15:00","guid":{"rendered":"https:\/\/algarve7.pt\/?p=32217"},"modified":"2023-10-22T22:07:59","modified_gmt":"2023-10-22T21:07:59","slug":"teatro-ruy-a-historia-devida-no-auditorio-carlos-do-carmo-em-lagoa","status":"publish","type":"post","link":"https:\/\/algarve7.pt\/index.php\/2023\/10\/teatro-ruy-a-historia-devida-no-auditorio-carlos-do-carmo-em-lagoa\/cultura\/13\/15\/","title":{"rendered":"Teatro &#8220;Ruy, A Hist\u00f3ria Devida&#8221; no Audit\u00f3rio Carlos do Carmo em Lagoa"},"content":{"rendered":"\n<p>Ruy de Carvalho, o consagrado e acarinhado ator portugu\u00eas, volta ao Audit\u00f3rio Carlos do Carmo para nos apresentar o espet\u00e1culo \u201c<strong>Ruy, A Hist\u00f3ria Devida<\/strong>\u201d, no dia 31 de outubro, pelas 21h30.<\/p>\n\n\n\n<p>Sinopse: Simplesmente Ruy ou Ruy de Carvalho, figura m\u00e1xima do Teatro em Portugal sobe ao palco, abre o cora\u00e7\u00e3o e conta hist\u00f3rias in\u00e9ditas da sua longa e inspiradora carreira. Hist\u00f3rias de amor, hist\u00f3rias de humor e at\u00e9 mesmo hist\u00f3rias para nos emocionar. \u00c9 o Ruy de Carvalho como nunca o vimos e ouvimos!<\/p>\n\n\n\n<p>Ao longo de cerca de uma hora de espet\u00e1culo, ningu\u00e9m vai ficar indiferente \u00e0 sua faceta menos conhecida de contador de hist\u00f3rias. E porque n\u00e3o \u00e9 todos os dias que temos o Ruy perto de n\u00f3s, o p\u00fablico tamb\u00e9m ser\u00e1 convidado a fazer perguntas a Ruy de Carvalho, fazendo desta experi\u00eancia mais do que um espet\u00e1culo, mas uma conversa intimista entre amigos. E que melhores amigos o Ruy podia ter para conversar sen\u00e3o o seu adorado p\u00fablico?<\/p>\n\n\n\n<p>Ruy, porque vale mesmo pena pararmos para o ouvir.<\/p>\n\n\n\n<p>Os bilhetes para este espet\u00e1culo custam\u00a0<strong>\u20ac8<\/strong>\u00a0e j\u00e1 se encontram \u00e0 venda em:\u00a0<a href=\"https:\/\/cmlagoa.bol.pt\/\" target=\"_blank\" rel=\"noreferrer noopener\">https:\/\/cmlagoa.bol.pt\/<\/a>\u00a0e nas bilheteiras dos CTT, da Fnac, Worten, Audit\u00f3rio Carlos do Carmo, Centro Cultural Convento de S. Jos\u00e9 e Balc\u00e3o \u00danico da C\u00e2mara Municipal de Lagoa (20% desconto c\/ passaporte cultural, cart\u00e3o Lagoa Social ou Passaporte Rota do Petisco 2023, dispon\u00edvel nas bilheteiras do Munic\u00edpio de Lagoa).<\/p>\n","protected":false},"excerpt":{"rendered":"<p>Ruy de Carvalho, o consagrado e acarinhado ator portugu\u00eas, volta ao Audit\u00f3rio Carlos do Carmo para nos apresentar o espet\u00e1culo<\/p>\n","protected":false},"author":1,"featured_media":32218,"comment_status":"closed","ping_status":"open","sticky":false,"template":"","format":"standard","meta":{"colormag_page_container_layout":"default_layout","colormag_page_sidebar_layout":"default_layout","_monsterinsights_skip_tracking":false,"_monsterinsights_sitenote_active":false,"_monsterinsights_sitenote_note":"","_monsterinsights_sitenote_category":0,"jetpack_post_was_ever_published":false,"_jetpack_newsletter_access":"","_jetpack_dont_email_post_to_subs":false,"_jetpack_newsletter_tier_id":0,"_jetpack_memberships_contains_paywalled_content":false,"_jetpack_memberships_contains_paid_content":false,"footnotes":"","jetpack_publicize_message":"","jetpack_publicize_feature_enabled":true,"jetpack_social_post_already_shared":true,"jetpack_social_options":{"image_generator_settings":{"template":"highway","default_image_id":0,"font":"","enabled":false},"version":2}},"categories":[14],"tags":[36,35,48,101],"class_list":["post-32217","post","type-post","status-publish","format-standard","has-post-thumbnail","hentry","category-cultura","tag-algarve","tag-cultura","tag-lagoa","tag-teatro"],"yoast_head":"<!-- This site is optimized with the Yoast SEO plugin v27.5 - https:\/\/yoast.com\/product\/yoast-seo-wordpress\/ -->\n<title>Teatro &quot;Ruy, A Hist\u00f3ria Devida&quot; no Audit\u00f3rio Carlos do Carmo em Lagoa - Algarve 7<\/title>\n<meta name=\"description\" content=\"Teatro &quot;Ruy, A Hist\u00f3ria Devida&quot; no Audit\u00f3rio Carlos do Carmo em Lagoa Cultura\" \/>\n<meta name=\"robots\" content=\"index, follow, max-snippet:-1, max-image-preview:large, max-video-preview:-1\" \/>\n<link rel=\"canonical\" href=\"https:\/\/algarve7.pt\/index.php\/2023\/10\/teatro-ruy-a-historia-devida-no-auditorio-carlos-do-carmo-em-lagoa\/cultura\/13\/15\/\" \/>\n<meta property=\"og:locale\" content=\"pt_PT\" \/>\n<meta property=\"og:type\" content=\"article\" \/>\n<meta property=\"og:title\" content=\"Teatro &quot;Ruy, A Hist\u00f3ria Devida&quot; no Audit\u00f3rio Carlos do Carmo em Lagoa - Algarve 7\" \/>\n<meta property=\"og:description\" content=\"Teatro &quot;Ruy, A Hist\u00f3ria Devida&quot; no Audit\u00f3rio Carlos do Carmo em Lagoa Cultura\" \/>\n<meta property=\"og:url\" content=\"https:\/\/algarve7.pt\/index.php\/2023\/10\/teatro-ruy-a-historia-devida-no-auditorio-carlos-do-carmo-em-lagoa\/cultura\/13\/15\/\" \/>\n<meta property=\"og:site_name\" content=\"Algarve 7\" \/>\n<meta property=\"article:publisher\" content=\"https:\/\/www.facebook.com\/algarve7\" \/>\n<meta property=\"article:author\" content=\"https:\/\/www.facebook.com\/algarve7\" \/>\n<meta property=\"article:published_time\" content=\"2023-10-23T12:15:00+00:00\" \/>\n<meta property=\"og:image\" content=\"https:\/\/algarve7.pt\/wp-content\/uploads\/2023\/10\/image004-3-1-e1698008828924.jpg\" \/>\n\t<meta property=\"og:image:width\" content=\"900\" \/>\n\t<meta property=\"og:image:height\" content=\"1070\" \/>\n\t<meta property=\"og:image:type\" content=\"image\/jpeg\" \/>\n<meta name=\"author\" content=\"Algarve 7\" \/>\n<meta name=\"twitter:card\" content=\"summary_large_image\" \/>\n<meta name=\"twitter:creator\" content=\"@Algarvesete\" \/>\n<meta name=\"twitter:site\" content=\"@Algarvesete\" \/>\n<meta name=\"twitter:label1\" content=\"Escrito por\" \/>\n\t<meta name=\"twitter:data1\" content=\"Algarve 7\" \/>\n\t<meta name=\"twitter:label2\" content=\"Tempo estimado de leitura\" \/>\n\t<meta name=\"twitter:data2\" content=\"2 minutos\" \/>\n<script type=\"application\/ld+json\" class=\"yoast-schema-graph\">{\"@context\":\"https:\\\/\\\/schema.org\",\"@graph\":[{\"@type\":\"Article\",\"@id\":\"https:\\\/\\\/algarve7.pt\\\/index.php\\\/2023\\\/10\\\/teatro-ruy-a-historia-devida-no-auditorio-carlos-do-carmo-em-lagoa\\\/cultura\\\/13\\\/15\\\/#article\",\"isPartOf\":{\"@id\":\"https:\\\/\\\/algarve7.pt\\\/index.php\\\/2023\\\/10\\\/teatro-ruy-a-historia-devida-no-auditorio-carlos-do-carmo-em-lagoa\\\/cultura\\\/13\\\/15\\\/\"},\"author\":{\"name\":\"Algarve 7\",\"@id\":\"https:\\\/\\\/algarve7.pt\\\/#\\\/schema\\\/person\\\/23fa70681308e7b319a3204bcea45e0c\"},\"headline\":\"Teatro &#8220;Ruy, A Hist\u00f3ria Devida&#8221; no Audit\u00f3rio Carlos do Carmo em Lagoa\",\"datePublished\":\"2023-10-23T12:15:00+00:00\",\"mainEntityOfPage\":{\"@id\":\"https:\\\/\\\/algarve7.pt\\\/index.php\\\/2023\\\/10\\\/teatro-ruy-a-historia-devida-no-auditorio-carlos-do-carmo-em-lagoa\\\/cultura\\\/13\\\/15\\\/\"},\"wordCount\":270,\"publisher\":{\"@id\":\"https:\\\/\\\/algarve7.pt\\\/#organization\"},\"image\":{\"@id\":\"https:\\\/\\\/algarve7.pt\\\/index.php\\\/2023\\\/10\\\/teatro-ruy-a-historia-devida-no-auditorio-carlos-do-carmo-em-lagoa\\\/cultura\\\/13\\\/15\\\/#primaryimage\"},\"thumbnailUrl\":\"https:\\\/\\\/algarve7.pt\\\/wp-content\\\/uploads\\\/2023\\\/10\\\/image004-3-1-e1698008828924.jpg\",\"keywords\":[\"Algarve\",\"Cultura\",\"Lagoa\",\"Teatro\"],\"articleSection\":[\"Cultura\"],\"inLanguage\":\"pt-PT\"},{\"@type\":\"WebPage\",\"@id\":\"https:\\\/\\\/algarve7.pt\\\/index.php\\\/2023\\\/10\\\/teatro-ruy-a-historia-devida-no-auditorio-carlos-do-carmo-em-lagoa\\\/cultura\\\/13\\\/15\\\/\",\"url\":\"https:\\\/\\\/algarve7.pt\\\/index.php\\\/2023\\\/10\\\/teatro-ruy-a-historia-devida-no-auditorio-carlos-do-carmo-em-lagoa\\\/cultura\\\/13\\\/15\\\/\",\"name\":\"Teatro \\\"Ruy, A Hist\u00f3ria Devida\\\" no Audit\u00f3rio Carlos do Carmo em Lagoa - Algarve 7\",\"isPartOf\":{\"@id\":\"https:\\\/\\\/algarve7.pt\\\/#website\"},\"primaryImageOfPage\":{\"@id\":\"https:\\\/\\\/algarve7.pt\\\/index.php\\\/2023\\\/10\\\/teatro-ruy-a-historia-devida-no-auditorio-carlos-do-carmo-em-lagoa\\\/cultura\\\/13\\\/15\\\/#primaryimage\"},\"image\":{\"@id\":\"https:\\\/\\\/algarve7.pt\\\/index.php\\\/2023\\\/10\\\/teatro-ruy-a-historia-devida-no-auditorio-carlos-do-carmo-em-lagoa\\\/cultura\\\/13\\\/15\\\/#primaryimage\"},\"thumbnailUrl\":\"https:\\\/\\\/algarve7.pt\\\/wp-content\\\/uploads\\\/2023\\\/10\\\/image004-3-1-e1698008828924.jpg\",\"datePublished\":\"2023-10-23T12:15:00+00:00\",\"description\":\"Teatro \\\"Ruy, A Hist\u00f3ria Devida\\\" no Audit\u00f3rio Carlos do Carmo em Lagoa Cultura\",\"breadcrumb\":{\"@id\":\"https:\\\/\\\/algarve7.pt\\\/index.php\\\/2023\\\/10\\\/teatro-ruy-a-historia-devida-no-auditorio-carlos-do-carmo-em-lagoa\\\/cultura\\\/13\\\/15\\\/#breadcrumb\"},\"inLanguage\":\"pt-PT\",\"potentialAction\":[{\"@type\":\"ReadAction\",\"target\":[\"https:\\\/\\\/algarve7.pt\\\/index.php\\\/2023\\\/10\\\/teatro-ruy-a-historia-devida-no-auditorio-carlos-do-carmo-em-lagoa\\\/cultura\\\/13\\\/15\\\/\"]}]},{\"@type\":\"ImageObject\",\"inLanguage\":\"pt-PT\",\"@id\":\"https:\\\/\\\/algarve7.pt\\\/index.php\\\/2023\\\/10\\\/teatro-ruy-a-historia-devida-no-auditorio-carlos-do-carmo-em-lagoa\\\/cultura\\\/13\\\/15\\\/#primaryimage\",\"url\":\"https:\\\/\\\/algarve7.pt\\\/wp-content\\\/uploads\\\/2023\\\/10\\\/image004-3-1-e1698008828924.jpg\",\"contentUrl\":\"https:\\\/\\\/algarve7.pt\\\/wp-content\\\/uploads\\\/2023\\\/10\\\/image004-3-1-e1698008828924.jpg\",\"width\":900,\"height\":1070},{\"@type\":\"BreadcrumbList\",\"@id\":\"https:\\\/\\\/algarve7.pt\\\/index.php\\\/2023\\\/10\\\/teatro-ruy-a-historia-devida-no-auditorio-carlos-do-carmo-em-lagoa\\\/cultura\\\/13\\\/15\\\/#breadcrumb\",\"itemListElement\":[{\"@type\":\"ListItem\",\"position\":1,\"name\":\"In\u00edcio\",\"item\":\"https:\\\/\\\/algarve7.pt\\\/\"},{\"@type\":\"ListItem\",\"position\":2,\"name\":\"Teatro &#8220;Ruy, A Hist\u00f3ria Devida&#8221; no Audit\u00f3rio Carlos do Carmo em Lagoa\"}]},{\"@type\":\"WebSite\",\"@id\":\"https:\\\/\\\/algarve7.pt\\\/#website\",\"url\":\"https:\\\/\\\/algarve7.pt\\\/\",\"name\":\"Algarve 7\",\"description\":\"Informa\u00e7\u00e3o sobre o Algarve\",\"publisher\":{\"@id\":\"https:\\\/\\\/algarve7.pt\\\/#organization\"},\"potentialAction\":[{\"@type\":\"SearchAction\",\"target\":{\"@type\":\"EntryPoint\",\"urlTemplate\":\"https:\\\/\\\/algarve7.pt\\\/?s={search_term_string}\"},\"query-input\":{\"@type\":\"PropertyValueSpecification\",\"valueRequired\":true,\"valueName\":\"search_term_string\"}}],\"inLanguage\":\"pt-PT\"},{\"@type\":\"Organization\",\"@id\":\"https:\\\/\\\/algarve7.pt\\\/#organization\",\"name\":\"Algarve 7\",\"url\":\"https:\\\/\\\/algarve7.pt\\\/\",\"logo\":{\"@type\":\"ImageObject\",\"inLanguage\":\"pt-PT\",\"@id\":\"https:\\\/\\\/algarve7.pt\\\/#\\\/schema\\\/logo\\\/image\\\/\",\"url\":\"https:\\\/\\\/algarve7.pt\\\/wp-content\\\/uploads\\\/2020\\\/10\\\/Logo-8.jpg\",\"contentUrl\":\"https:\\\/\\\/algarve7.pt\\\/wp-content\\\/uploads\\\/2020\\\/10\\\/Logo-8.jpg\",\"width\":1680,\"height\":1186,\"caption\":\"Algarve 7\"},\"image\":{\"@id\":\"https:\\\/\\\/algarve7.pt\\\/#\\\/schema\\\/logo\\\/image\\\/\"},\"sameAs\":[\"https:\\\/\\\/www.facebook.com\\\/algarve7\",\"https:\\\/\\\/x.com\\\/Algarvesete\",\"https:\\\/\\\/www.instagram.com\\\/jornalalgarve7\\\/\",\"https:\\\/\\\/www.linkedin.com\\\/company\\\/algarve7\",\"https:\\\/\\\/www.pinterest.pt\\\/geral0939\\\/_created\\\/\"]},{\"@type\":\"Person\",\"@id\":\"https:\\\/\\\/algarve7.pt\\\/#\\\/schema\\\/person\\\/23fa70681308e7b319a3204bcea45e0c\",\"name\":\"Algarve 7\",\"sameAs\":[\"https:\\\/\\\/algarve7.pt\",\"https:\\\/\\\/www.facebook.com\\\/algarve7\"],\"url\":\"https:\\\/\\\/algarve7.pt\\\/index.php\\\/author\\\/geralalgarve7-pt\\\/\"}]}<\/script>\n<!-- \/ Yoast SEO plugin. -->","yoast_head_json":{"title":"Teatro \"Ruy, A Hist\u00f3ria Devida\" no Audit\u00f3rio Carlos do Carmo em Lagoa - Algarve 7","description":"Teatro \"Ruy, A Hist\u00f3ria Devida\" no Audit\u00f3rio Carlos do Carmo em Lagoa Cultura","robots":{"index":"index","follow":"follow","max-snippet":"max-snippet:-1","max-image-preview":"max-image-preview:large","max-video-preview":"max-video-preview:-1"},"canonical":"https:\/\/algarve7.pt\/index.php\/2023\/10\/teatro-ruy-a-historia-devida-no-auditorio-carlos-do-carmo-em-lagoa\/cultura\/13\/15\/","og_locale":"pt_PT","og_type":"article","og_title":"Teatro \"Ruy, A Hist\u00f3ria Devida\" no Audit\u00f3rio Carlos do Carmo em Lagoa - Algarve 7","og_description":"Teatro \"Ruy, A Hist\u00f3ria Devida\" no Audit\u00f3rio Carlos do Carmo em Lagoa Cultura","og_url":"https:\/\/algarve7.pt\/index.php\/2023\/10\/teatro-ruy-a-historia-devida-no-auditorio-carlos-do-carmo-em-lagoa\/cultura\/13\/15\/","og_site_name":"Algarve 7","article_publisher":"https:\/\/www.facebook.com\/algarve7","article_author":"https:\/\/www.facebook.com\/algarve7","article_published_time":"2023-10-23T12:15:00+00:00","og_image":[{"width":900,"height":1070,"url":"https:\/\/algarve7.pt\/wp-content\/uploads\/2023\/10\/image004-3-1-e1698008828924.jpg","type":"image\/jpeg"}],"author":"Algarve 7","twitter_card":"summary_large_image","twitter_creator":"@Algarvesete","twitter_site":"@Algarvesete","twitter_misc":{"Escrito por":"Algarve 7","Tempo estimado de leitura":"2 minutos"},"schema":{"@context":"https:\/\/schema.org","@graph":[{"@type":"Article","@id":"https:\/\/algarve7.pt\/index.php\/2023\/10\/teatro-ruy-a-historia-devida-no-auditorio-carlos-do-carmo-em-lagoa\/cultura\/13\/15\/#article","isPartOf":{"@id":"https:\/\/algarve7.pt\/index.php\/2023\/10\/teatro-ruy-a-historia-devida-no-auditorio-carlos-do-carmo-em-lagoa\/cultura\/13\/15\/"},"author":{"name":"Algarve 7","@id":"https:\/\/algarve7.pt\/#\/schema\/person\/23fa70681308e7b319a3204bcea45e0c"},"headline":"Teatro &#8220;Ruy, A Hist\u00f3ria Devida&#8221; no Audit\u00f3rio Carlos do Carmo em Lagoa","datePublished":"2023-10-23T12:15:00+00:00","mainEntityOfPage":{"@id":"https:\/\/algarve7.pt\/index.php\/2023\/10\/teatro-ruy-a-historia-devida-no-auditorio-carlos-do-carmo-em-lagoa\/cultura\/13\/15\/"},"wordCount":270,"publisher":{"@id":"https:\/\/algarve7.pt\/#organization"},"image":{"@id":"https:\/\/algarve7.pt\/index.php\/2023\/10\/teatro-ruy-a-historia-devida-no-auditorio-carlos-do-carmo-em-lagoa\/cultura\/13\/15\/#primaryimage"},"thumbnailUrl":"https:\/\/algarve7.pt\/wp-content\/uploads\/2023\/10\/image004-3-1-e1698008828924.jpg","keywords":["Algarve","Cultura","Lagoa","Teatro"],"articleSection":["Cultura"],"inLanguage":"pt-PT"},{"@type":"WebPage","@id":"https:\/\/algarve7.pt\/index.php\/2023\/10\/teatro-ruy-a-historia-devida-no-auditorio-carlos-do-carmo-em-lagoa\/cultura\/13\/15\/","url":"https:\/\/algarve7.pt\/index.php\/2023\/10\/teatro-ruy-a-historia-devida-no-auditorio-carlos-do-carmo-em-lagoa\/cultura\/13\/15\/","name":"Teatro \"Ruy, A Hist\u00f3ria Devida\" no Audit\u00f3rio Carlos do Carmo em Lagoa - Algarve 7","isPartOf":{"@id":"https:\/\/algarve7.pt\/#website"},"primaryImageOfPage":{"@id":"https:\/\/algarve7.pt\/index.php\/2023\/10\/teatro-ruy-a-historia-devida-no-auditorio-carlos-do-carmo-em-lagoa\/cultura\/13\/15\/#primaryimage"},"image":{"@id":"https:\/\/algarve7.pt\/index.php\/2023\/10\/teatro-ruy-a-historia-devida-no-auditorio-carlos-do-carmo-em-lagoa\/cultura\/13\/15\/#primaryimage"},"thumbnailUrl":"https:\/\/algarve7.pt\/wp-content\/uploads\/2023\/10\/image004-3-1-e1698008828924.jpg","datePublished":"2023-10-23T12:15:00+00:00","description":"Teatro \"Ruy, A Hist\u00f3ria Devida\" no Audit\u00f3rio Carlos do Carmo em Lagoa Cultura","breadcrumb":{"@id":"https:\/\/algarve7.pt\/index.php\/2023\/10\/teatro-ruy-a-historia-devida-no-auditorio-carlos-do-carmo-em-lagoa\/cultura\/13\/15\/#breadcrumb"},"inLanguage":"pt-PT","potentialAction":[{"@type":"ReadAction","target":["https:\/\/algarve7.pt\/index.php\/2023\/10\/teatro-ruy-a-historia-devida-no-auditorio-carlos-do-carmo-em-lagoa\/cultura\/13\/15\/"]}]},{"@type":"ImageObject","inLanguage":"pt-PT","@id":"https:\/\/algarve7.pt\/index.php\/2023\/10\/teatro-ruy-a-historia-devida-no-auditorio-carlos-do-carmo-em-lagoa\/cultura\/13\/15\/#primaryimage","url":"https:\/\/algarve7.pt\/wp-content\/uploads\/2023\/10\/image004-3-1-e1698008828924.jpg","contentUrl":"https:\/\/algarve7.pt\/wp-content\/uploads\/2023\/10\/image004-3-1-e1698008828924.jpg","width":900,"height":1070},{"@type":"BreadcrumbList","@id":"https:\/\/algarve7.pt\/index.php\/2023\/10\/teatro-ruy-a-historia-devida-no-auditorio-carlos-do-carmo-em-lagoa\/cultura\/13\/15\/#breadcrumb","itemListElement":[{"@type":"ListItem","position":1,"name":"In\u00edcio","item":"https:\/\/algarve7.pt\/"},{"@type":"ListItem","position":2,"name":"Teatro &#8220;Ruy, A Hist\u00f3ria Devida&#8221; no Audit\u00f3rio Carlos do Carmo em Lagoa"}]},{"@type":"WebSite","@id":"https:\/\/algarve7.pt\/#website","url":"https:\/\/algarve7.pt\/","name":"Algarve 7","description":"Informa\u00e7\u00e3o sobre o Algarve","publisher":{"@id":"https:\/\/algarve7.pt\/#organization"},"potentialAction":[{"@type":"SearchAction","target":{"@type":"EntryPoint","urlTemplate":"https:\/\/algarve7.pt\/?s={search_term_string}"},"query-input":{"@type":"PropertyValueSpecification","valueRequired":true,"valueName":"search_term_string"}}],"inLanguage":"pt-PT"},{"@type":"Organization","@id":"https:\/\/algarve7.pt\/#organization","name":"Algarve 7","url":"https:\/\/algarve7.pt\/","logo":{"@type":"ImageObject","inLanguage":"pt-PT","@id":"https:\/\/algarve7.pt\/#\/schema\/logo\/image\/","url":"https:\/\/algarve7.pt\/wp-content\/uploads\/2020\/10\/Logo-8.jpg","contentUrl":"https:\/\/algarve7.pt\/wp-content\/uploads\/2020\/10\/Logo-8.jpg","width":1680,"height":1186,"caption":"Algarve 7"},"image":{"@id":"https:\/\/algarve7.pt\/#\/schema\/logo\/image\/"},"sameAs":["https:\/\/www.facebook.com\/algarve7","https:\/\/x.com\/Algarvesete","https:\/\/www.instagram.com\/jornalalgarve7\/","https:\/\/www.linkedin.com\/company\/algarve7","https:\/\/www.pinterest.pt\/geral0939\/_created\/"]},{"@type":"Person","@id":"https:\/\/algarve7.pt\/#\/schema\/person\/23fa70681308e7b319a3204bcea45e0c","name":"Algarve 7","sameAs":["https:\/\/algarve7.pt","https:\/\/www.facebook.com\/algarve7"],"url":"https:\/\/algarve7.pt\/index.php\/author\/geralalgarve7-pt\/"}]}},"jetpack_publicize_connections":[],"jetpack_featured_media_url":"https:\/\/algarve7.pt\/wp-content\/uploads\/2023\/10\/image004-3-1-e1698008828924.jpg","jetpack_shortlink":"https:\/\/wp.me\/pcezmW-8nD","jetpack_sharing_enabled":true,"_links":{"self":[{"href":"https:\/\/algarve7.pt\/index.php\/wp-json\/wp\/v2\/posts\/32217","targetHints":{"allow":["GET"]}}],"collection":[{"href":"https:\/\/algarve7.pt\/index.php\/wp-json\/wp\/v2\/posts"}],"about":[{"href":"https:\/\/algarve7.pt\/index.php\/wp-json\/wp\/v2\/types\/post"}],"author":[{"embeddable":true,"href":"https:\/\/algarve7.pt\/index.php\/wp-json\/wp\/v2\/users\/1"}],"replies":[{"embeddable":true,"href":"https:\/\/algarve7.pt\/index.php\/wp-json\/wp\/v2\/comments?post=32217"}],"version-history":[{"count":0,"href":"https:\/\/algarve7.pt\/index.php\/wp-json\/wp\/v2\/posts\/32217\/revisions"}],"wp:featuredmedia":[{"embeddable":true,"href":"https:\/\/algarve7.pt\/index.php\/wp-json\/wp\/v2\/media\/32218"}],"wp:attachment":[{"href":"https:\/\/algarve7.pt\/index.php\/wp-json\/wp\/v2\/media?parent=32217"}],"wp:term":[{"taxonomy":"category","embeddable":true,"href":"https:\/\/algarve7.pt\/index.php\/wp-json\/wp\/v2\/categories?post=32217"},{"taxonomy":"post_tag","embeddable":true,"href":"https:\/\/algarve7.pt\/index.php\/wp-json\/wp\/v2\/tags?post=32217"}],"curies":[{"name":"wp","href":"https:\/\/api.w.org\/{rel}","templated":true}]}}