{"id":32030,"date":"2023-10-18T17:41:30","date_gmt":"2023-10-18T16:41:30","guid":{"rendered":"https:\/\/algarve7.pt\/?p=32030"},"modified":"2023-10-18T17:41:32","modified_gmt":"2023-10-18T16:41:32","slug":"agenda-desportiva-de-portimao-com-excelentes-propostas-ate-final-de-outubro","status":"publish","type":"post","link":"https:\/\/algarve7.pt\/index.php\/2023\/10\/agenda-desportiva-de-portimao-com-excelentes-propostas-ate-final-de-outubro\/desporto\/17\/41\/","title":{"rendered":"Agenda desportiva de Portim\u00e3o com excelentes propostas at\u00e9 final de outubro"},"content":{"rendered":"\n<p>At\u00e9 final de outubro, as competi\u00e7\u00f5es desportivas v\u00e3o marcar intensamente a agenda de Portim\u00e3o, em modalidades como o andebol adaptado, a nata\u00e7\u00e3o, o t\u00e9nis, o automobilismo de resist\u00eancia e a canoagem, entre outras.<\/p>\n\n\n\n<p>Munic\u00edpio assumidamente inclusivo tamb\u00e9m na vertente desportiva, Portim\u00e3o recebe no fim de semana de 21 e 22 de outubro o 5\u00ba Torneio Internacional de Andebol Adaptado, que ter\u00e1 lugar no Pavilh\u00e3o Desportivo da Boavista.<\/p>\n\n\n\n<p>Com organiza\u00e7\u00e3o da Associa\u00e7\u00e3o de Andebol do Algarve e entrada livre, a competi\u00e7\u00e3o destina-se a andebolistas em cadeira de rodas e ter\u00e1 a participa\u00e7\u00e3o de equipas de Espanha, Fran\u00e7a e Portugal, que estar\u00e1 representado pelos algarvios do CPSB Messines-Amal e pela sele\u00e7\u00e3o nacional.<\/p>\n\n\n\n<p>A prova coincidir\u00e1 com o encerramento do Hansa Worlds Championship 2023, a maior competi\u00e7\u00e3o de vela adaptada alguma vez realizada a n\u00edvel mundial, que desde 14 de outubro junta na Marina de Portim\u00e3o 230 velejadores de 17 pa\u00edses e terminar\u00e1 no pr\u00f3ximo s\u00e1bado, dia 21, com a cerim\u00f3nia de encerramento marcada para as 18h30 no edif\u00edcio administrativo da Marina de Portim\u00e3o.<\/p>\n\n\n\n<p>Tamb\u00e9m nos dias 21 e 22 de outubro, o 3.\u00ba Torneio de Nata\u00e7\u00e3o &#8220;Alexandre Agostinho&#8221; realiza-se na Piscina Municipal de Portim\u00e3o, por organiza\u00e7\u00e3o da Portinado &#8211; Associa\u00e7\u00e3o de Nata\u00e7\u00e3o de Portim\u00e3o, em parceria com a Associa\u00e7\u00e3o de Nata\u00e7\u00e3o do Algarve<\/p>\n\n\n\n<p>O torneio reunir\u00e1 os melhores nadadores portugueses da atualidade, estando j\u00e1 confirmadas equipas como o Benfica, Sporting, FCPorto, Belenenses, Famalic\u00e3o, Naval do Funchal, Aljarafe de Sevilha, CS de Braga e Clube da Lous\u00e3.<\/p>\n\n\n\n<p>Ainda no pr\u00f3ximo fim de semana, o Complexo Municipal de T\u00e9nis e Padel de Portim\u00e3o acolhe o Torneio Jovens Esperan\u00e7as 2023, aberto aos escal\u00f5es sub-12 e sub-16 em singulares e pares, femininos e masculinos, numa organiza\u00e7\u00e3o do Clube de T\u00e9nis e Padel de Portim\u00e3o, com o apoio da Federa\u00e7\u00e3o Portuguesa de T\u00e9nis.<\/p>\n\n\n\n<p><strong>Desportos motorizados ao mais alto n\u00edvel<\/strong><\/p>\n\n\n\n<p>S\u00e3o atrativas as propostas de desporto motorizado para este per\u00edodo, a come\u00e7ar pelo European Le Mans Series, uma das principais competi\u00e7\u00f5es de automobilismo de resist\u00eancia, que entre 20 e 22 de outubro regressa ao Aut\u00f3dromo Internacional do Algarve, localizado na freguesia da Mexilhoeira Grande.<\/p>\n\n\n\n<p>Numa in\u00e9dita ronda dupla, o circuito acolhe as duas derradeiras corridas deste campeonato que desde 2017 faz a ronda final na pista algarvia. Com quatro dezenas de m\u00e1quinas e mais de uma centena de pilotos, est\u00e3o agendadas duas corridas que se realizam com menos de 48 horas de intervalo: as 4 Horas do Algarve, na sexta-feira, e as 4 Horas de Portim\u00e3o, no domingo.<\/p>\n\n\n\n<p>Entre pilotos de diversas nacionalidades, est\u00e3o desde j\u00e1 confirmadas as presen\u00e7as dos portugueses Miguel Crist\u00f3v\u00e3o, Manuel Esp\u00edrito Santo e Bernardo Pinheiro, este \u00faltimo a correr em casa, uma vez que \u00e9 natural de Portim\u00e3o.<\/p>\n\n\n\n<p>Quanto ao final da etapa de Portim\u00e3o relativa ao IV Iberian Classsic Raid, est\u00e1 marcado para as 18h30 de 27 de outubro na zona ribeirinha da cidade, onde s\u00e3o esperados 109 ve\u00edculos com mais de 25 anos, cujas duplas de pilotos t\u00eam nacionalidades portuguesa, espanhola, neerlandesa e alem\u00e3.<\/p>\n\n\n\n<p>De referir que, entre 21 e 28 de outubro, os participantes nesta aventura em quatro rodas cruzar\u00e3o Espanha e Portugal por caminhos de terra, numa dist\u00e2ncia total de 2.100km.<\/p>\n\n\n\n<p>Tamb\u00e9m na componente motorizada, destaque para o Algarve Classic Festival, organizado pelo Aut\u00f3dromo Internacional do Algarve&nbsp;entre os dias 27 e 29 de outubro e considerado o maior evento de autom\u00f3veis cl\u00e1ssicos da Pen\u00ednsula Ib\u00e9rica.<\/p>\n\n\n\n<p>Marcado pela eleg\u00e2ncia e performance de algumas dezenas de carros hist\u00f3ricos, quantos deles verdadeiras raridades, o evento destina-se a aficionados e n\u00e3o s\u00f3, havendo muita anima\u00e7\u00e3o dentro e fora da pista, sendo poss\u00edvel aos visitantes interagirem com os pilotos e propriet\u00e1rios das rel\u00edquias reunidas neste evento.<\/p>\n\n\n\n<p><strong>Propostas ecl\u00e9ticas<\/strong><\/p>\n\n\n\n<p>Entre 27 e 29 de outubro, o World Triton Series passar\u00e1 por Portim\u00e3o, abrangendo as disciplinas de nata\u00e7\u00e3o, ciclismo e corrida.<\/p>\n\n\n\n<p>Neste circuito mundial de corridas multidesportivas de longa dist\u00e2ncia, cada dia \u00e9 dedicado a uma modalidade, com os respetivos tempos somados no final, numa organiza\u00e7\u00e3o da Associa\u00e7\u00e3o LOFF &#8211; Leave Only Friends and Footprints.<\/p>\n\n\n\n<p>Aberta a profissionais e amadores, a prova decorrer\u00e1 em v\u00e1rios locais de concelho de Portim\u00e3o e admite participantes a t\u00edtulo coletivo ou individual, com a possibilidade de escolherem uma dist\u00e2ncia (curta, m\u00e9dia ou longa) e a op\u00e7\u00e3o de competirem em todas as provas, ou apenas numa ou duas.<\/p>\n\n\n\n<p>A realiza\u00e7\u00e3o da prova em Portim\u00e3o resulta de uma aposta estrat\u00e9gica para a organiza\u00e7\u00e3o, que aqui v\u00ea \u201cum enorme potencial e condi\u00e7\u00f5es ideais no sentido de criar nesta cidade o h\u00e1bito da pr\u00e1tica desta vertente desportiva, atraindo atletas de todo o mundo para treinarem durante v\u00e1rias alturas do ano.\u201d<\/p>\n\n\n\n<p>Noutro \u00e2mbito, a cidade de Portim\u00e3o foi escolhida para receber o Encontro Desportivo e Cultural dos CDD da Seguran\u00e7a Social, agendado para o per\u00edodo entre 25 e 28 de outubro, numa organiza\u00e7\u00e3o da Associa\u00e7\u00e3o Nacional de CCDs.<\/p>\n\n\n\n<p>Os promotores preveem reunir mais de 400 pessoas, que tomar\u00e3o parte em v\u00e1rias atividades de \u00edndole desportiva e cultural.<\/p>\n\n\n\n<p>Por sua vez, os participantes na DUALRun \u2013 Corrida e Caminhada Solid\u00e1ria percorrer\u00e3o no dia 27 de outubro o trajeto entre a zona ribeirinha de Portim\u00e3o, a partir da antiga Lota, at\u00e9 \u00e0 Marina de Portim\u00e3o.<\/p>\n\n\n\n<p>Esta atividade benem\u00e9rita pertence ao DUAL, servi\u00e7o de Qualifica\u00e7\u00e3o Profissional da C\u00e2mara do Com\u00e9rcio e Ind\u00fastria Luso-Alem\u00e3, revertendo os donativos recolhidos a favor da Associa\u00e7\u00e3o Juntos pela Maria Mendes.<\/p>\n\n\n\n<p>As inscri\u00e7\u00f5es devem ser feitas pelo email jcapelinha@dual.pt e t\u00eam o valor de 2,5 euros, com direito a t-shirt, garrafa de \u00e1gua e lanche.<\/p>\n\n\n\n<p>A fechar um m\u00eas cheio de boas propostas desportivas e muita competi\u00e7\u00e3o, invariavelmente com o apoio do Munic\u00edpio de Portim\u00e3o, a XXV Subida Internacional de Canoagem do Rio Arade, unir\u00e1 Portim\u00e3o a Silves no pr\u00f3ximo dia 29 de outubro.<\/p>\n\n\n\n<p>A subida, na dist\u00e2ncia de 12km, \u00e9 promovida pelo Clube Naval de Portim\u00e3o em parceria com os Munic\u00edpios de Portim\u00e3o, Silves e Lagoa, contando com o apoio da Federa\u00e7\u00e3o Portuguesa de Canoagem e da Associa\u00e7\u00e3o Regional de Canoagem do Algarve, e dirige-se a clubes, associa\u00e7\u00f5es e cano\u00edstas n\u00e3o federados.<\/p>\n\n\n\n<p>O ponto de partida ser\u00e1 a zona ribeirinha de Portim\u00e3o, junto ao Clube Naval, em dois momentos: o primeiro \u00e0s 9h30 (turismo n\u00e1utico) e o segundo a partir das 10h00 (competi\u00e7\u00e3o), terminando ambos no cais de Silves.<\/p>\n","protected":false},"excerpt":{"rendered":"<p>At\u00e9 final de outubro, as competi\u00e7\u00f5es desportivas v\u00e3o marcar intensamente a agenda de Portim\u00e3o, em modalidades como o andebol adaptado,<\/p>\n","protected":false},"author":1,"featured_media":32031,"comment_status":"closed","ping_status":"open","sticky":false,"template":"","format":"standard","meta":{"colormag_page_container_layout":"default_layout","colormag_page_sidebar_layout":"default_layout","_monsterinsights_skip_tracking":false,"_monsterinsights_sitenote_active":false,"_monsterinsights_sitenote_note":"","_monsterinsights_sitenote_category":0,"jetpack_post_was_ever_published":false,"_jetpack_newsletter_access":"","_jetpack_dont_email_post_to_subs":false,"_jetpack_newsletter_tier_id":0,"_jetpack_memberships_contains_paywalled_content":false,"_jetpack_memberships_contains_paid_content":false,"footnotes":"","jetpack_publicize_message":"","jetpack_publicize_feature_enabled":true,"jetpack_social_post_already_shared":true,"jetpack_social_options":{"image_generator_settings":{"template":"highway","default_image_id":0,"font":"","enabled":false},"version":2}},"categories":[15],"tags":[36,40,72],"class_list":["post-32030","post","type-post","status-publish","format-standard","has-post-thumbnail","hentry","category-desporto","tag-algarve","tag-desporto","tag-portimao"],"yoast_head":"<!-- This site is optimized with the Yoast SEO plugin v27.5 - https:\/\/yoast.com\/product\/yoast-seo-wordpress\/ -->\n<title>Agenda desportiva de Portim\u00e3o com excelentes propostas at\u00e9 final de outubro - Algarve 7<\/title>\n<meta name=\"description\" content=\"Agenda desportiva de Portim\u00e3o com excelentes propostas at\u00e9 final de outubro Desporto\" \/>\n<meta name=\"robots\" content=\"index, follow, max-snippet:-1, max-image-preview:large, max-video-preview:-1\" \/>\n<link rel=\"canonical\" href=\"https:\/\/algarve7.pt\/index.php\/2023\/10\/agenda-desportiva-de-portimao-com-excelentes-propostas-ate-final-de-outubro\/desporto\/17\/41\/\" \/>\n<meta property=\"og:locale\" content=\"pt_PT\" \/>\n<meta property=\"og:type\" content=\"article\" \/>\n<meta property=\"og:title\" content=\"Agenda desportiva de Portim\u00e3o com excelentes propostas at\u00e9 final de outubro - Algarve 7\" \/>\n<meta property=\"og:description\" content=\"Agenda desportiva de Portim\u00e3o com excelentes propostas at\u00e9 final de outubro Desporto\" \/>\n<meta property=\"og:url\" content=\"https:\/\/algarve7.pt\/index.php\/2023\/10\/agenda-desportiva-de-portimao-com-excelentes-propostas-ate-final-de-outubro\/desporto\/17\/41\/\" \/>\n<meta property=\"og:site_name\" content=\"Algarve 7\" \/>\n<meta property=\"article:publisher\" content=\"https:\/\/www.facebook.com\/algarve7\" \/>\n<meta property=\"article:author\" content=\"https:\/\/www.facebook.com\/algarve7\" \/>\n<meta property=\"article:published_time\" content=\"2023-10-18T16:41:30+00:00\" \/>\n<meta property=\"article:modified_time\" content=\"2023-10-18T16:41:32+00:00\" \/>\n<meta property=\"og:image\" content=\"https:\/\/algarve7.pt\/wp-content\/uploads\/2023\/10\/Le-Mans-Series.jpg\" \/>\n\t<meta property=\"og:image:width\" content=\"1024\" \/>\n\t<meta property=\"og:image:height\" content=\"683\" \/>\n\t<meta property=\"og:image:type\" content=\"image\/jpeg\" \/>\n<meta name=\"author\" content=\"Algarve 7\" \/>\n<meta name=\"twitter:card\" content=\"summary_large_image\" \/>\n<meta name=\"twitter:creator\" content=\"@Algarvesete\" \/>\n<meta name=\"twitter:site\" content=\"@Algarvesete\" \/>\n<meta name=\"twitter:label1\" content=\"Escrito por\" \/>\n\t<meta name=\"twitter:data1\" content=\"Algarve 7\" \/>\n\t<meta name=\"twitter:label2\" content=\"Tempo estimado de leitura\" \/>\n\t<meta name=\"twitter:data2\" content=\"6 minutos\" \/>\n<script type=\"application\/ld+json\" class=\"yoast-schema-graph\">{\"@context\":\"https:\\\/\\\/schema.org\",\"@graph\":[{\"@type\":\"Article\",\"@id\":\"https:\\\/\\\/algarve7.pt\\\/index.php\\\/2023\\\/10\\\/agenda-desportiva-de-portimao-com-excelentes-propostas-ate-final-de-outubro\\\/desporto\\\/17\\\/41\\\/#article\",\"isPartOf\":{\"@id\":\"https:\\\/\\\/algarve7.pt\\\/index.php\\\/2023\\\/10\\\/agenda-desportiva-de-portimao-com-excelentes-propostas-ate-final-de-outubro\\\/desporto\\\/17\\\/41\\\/\"},\"author\":{\"name\":\"Algarve 7\",\"@id\":\"https:\\\/\\\/algarve7.pt\\\/#\\\/schema\\\/person\\\/23fa70681308e7b319a3204bcea45e0c\"},\"headline\":\"Agenda desportiva de Portim\u00e3o com excelentes propostas at\u00e9 final de outubro\",\"datePublished\":\"2023-10-18T16:41:30+00:00\",\"dateModified\":\"2023-10-18T16:41:32+00:00\",\"mainEntityOfPage\":{\"@id\":\"https:\\\/\\\/algarve7.pt\\\/index.php\\\/2023\\\/10\\\/agenda-desportiva-de-portimao-com-excelentes-propostas-ate-final-de-outubro\\\/desporto\\\/17\\\/41\\\/\"},\"wordCount\":1142,\"publisher\":{\"@id\":\"https:\\\/\\\/algarve7.pt\\\/#organization\"},\"image\":{\"@id\":\"https:\\\/\\\/algarve7.pt\\\/index.php\\\/2023\\\/10\\\/agenda-desportiva-de-portimao-com-excelentes-propostas-ate-final-de-outubro\\\/desporto\\\/17\\\/41\\\/#primaryimage\"},\"thumbnailUrl\":\"https:\\\/\\\/algarve7.pt\\\/wp-content\\\/uploads\\\/2023\\\/10\\\/Le-Mans-Series.jpg\",\"keywords\":[\"Algarve\",\"Desporto\",\"Portim\u00e3o\"],\"articleSection\":[\"Desporto\"],\"inLanguage\":\"pt-PT\"},{\"@type\":\"WebPage\",\"@id\":\"https:\\\/\\\/algarve7.pt\\\/index.php\\\/2023\\\/10\\\/agenda-desportiva-de-portimao-com-excelentes-propostas-ate-final-de-outubro\\\/desporto\\\/17\\\/41\\\/\",\"url\":\"https:\\\/\\\/algarve7.pt\\\/index.php\\\/2023\\\/10\\\/agenda-desportiva-de-portimao-com-excelentes-propostas-ate-final-de-outubro\\\/desporto\\\/17\\\/41\\\/\",\"name\":\"Agenda desportiva de Portim\u00e3o com excelentes propostas at\u00e9 final de outubro - Algarve 7\",\"isPartOf\":{\"@id\":\"https:\\\/\\\/algarve7.pt\\\/#website\"},\"primaryImageOfPage\":{\"@id\":\"https:\\\/\\\/algarve7.pt\\\/index.php\\\/2023\\\/10\\\/agenda-desportiva-de-portimao-com-excelentes-propostas-ate-final-de-outubro\\\/desporto\\\/17\\\/41\\\/#primaryimage\"},\"image\":{\"@id\":\"https:\\\/\\\/algarve7.pt\\\/index.php\\\/2023\\\/10\\\/agenda-desportiva-de-portimao-com-excelentes-propostas-ate-final-de-outubro\\\/desporto\\\/17\\\/41\\\/#primaryimage\"},\"thumbnailUrl\":\"https:\\\/\\\/algarve7.pt\\\/wp-content\\\/uploads\\\/2023\\\/10\\\/Le-Mans-Series.jpg\",\"datePublished\":\"2023-10-18T16:41:30+00:00\",\"dateModified\":\"2023-10-18T16:41:32+00:00\",\"description\":\"Agenda desportiva de Portim\u00e3o com excelentes propostas at\u00e9 final de outubro Desporto\",\"breadcrumb\":{\"@id\":\"https:\\\/\\\/algarve7.pt\\\/index.php\\\/2023\\\/10\\\/agenda-desportiva-de-portimao-com-excelentes-propostas-ate-final-de-outubro\\\/desporto\\\/17\\\/41\\\/#breadcrumb\"},\"inLanguage\":\"pt-PT\",\"potentialAction\":[{\"@type\":\"ReadAction\",\"target\":[\"https:\\\/\\\/algarve7.pt\\\/index.php\\\/2023\\\/10\\\/agenda-desportiva-de-portimao-com-excelentes-propostas-ate-final-de-outubro\\\/desporto\\\/17\\\/41\\\/\"]}]},{\"@type\":\"ImageObject\",\"inLanguage\":\"pt-PT\",\"@id\":\"https:\\\/\\\/algarve7.pt\\\/index.php\\\/2023\\\/10\\\/agenda-desportiva-de-portimao-com-excelentes-propostas-ate-final-de-outubro\\\/desporto\\\/17\\\/41\\\/#primaryimage\",\"url\":\"https:\\\/\\\/algarve7.pt\\\/wp-content\\\/uploads\\\/2023\\\/10\\\/Le-Mans-Series.jpg\",\"contentUrl\":\"https:\\\/\\\/algarve7.pt\\\/wp-content\\\/uploads\\\/2023\\\/10\\\/Le-Mans-Series.jpg\",\"width\":1024,\"height\":683},{\"@type\":\"BreadcrumbList\",\"@id\":\"https:\\\/\\\/algarve7.pt\\\/index.php\\\/2023\\\/10\\\/agenda-desportiva-de-portimao-com-excelentes-propostas-ate-final-de-outubro\\\/desporto\\\/17\\\/41\\\/#breadcrumb\",\"itemListElement\":[{\"@type\":\"ListItem\",\"position\":1,\"name\":\"In\u00edcio\",\"item\":\"https:\\\/\\\/algarve7.pt\\\/\"},{\"@type\":\"ListItem\",\"position\":2,\"name\":\"Agenda desportiva de Portim\u00e3o com excelentes propostas at\u00e9 final de outubro\"}]},{\"@type\":\"WebSite\",\"@id\":\"https:\\\/\\\/algarve7.pt\\\/#website\",\"url\":\"https:\\\/\\\/algarve7.pt\\\/\",\"name\":\"Algarve 7\",\"description\":\"Informa\u00e7\u00e3o sobre o Algarve\",\"publisher\":{\"@id\":\"https:\\\/\\\/algarve7.pt\\\/#organization\"},\"potentialAction\":[{\"@type\":\"SearchAction\",\"target\":{\"@type\":\"EntryPoint\",\"urlTemplate\":\"https:\\\/\\\/algarve7.pt\\\/?s={search_term_string}\"},\"query-input\":{\"@type\":\"PropertyValueSpecification\",\"valueRequired\":true,\"valueName\":\"search_term_string\"}}],\"inLanguage\":\"pt-PT\"},{\"@type\":\"Organization\",\"@id\":\"https:\\\/\\\/algarve7.pt\\\/#organization\",\"name\":\"Algarve 7\",\"url\":\"https:\\\/\\\/algarve7.pt\\\/\",\"logo\":{\"@type\":\"ImageObject\",\"inLanguage\":\"pt-PT\",\"@id\":\"https:\\\/\\\/algarve7.pt\\\/#\\\/schema\\\/logo\\\/image\\\/\",\"url\":\"https:\\\/\\\/algarve7.pt\\\/wp-content\\\/uploads\\\/2020\\\/10\\\/Logo-8.jpg\",\"contentUrl\":\"https:\\\/\\\/algarve7.pt\\\/wp-content\\\/uploads\\\/2020\\\/10\\\/Logo-8.jpg\",\"width\":1680,\"height\":1186,\"caption\":\"Algarve 7\"},\"image\":{\"@id\":\"https:\\\/\\\/algarve7.pt\\\/#\\\/schema\\\/logo\\\/image\\\/\"},\"sameAs\":[\"https:\\\/\\\/www.facebook.com\\\/algarve7\",\"https:\\\/\\\/x.com\\\/Algarvesete\",\"https:\\\/\\\/www.instagram.com\\\/jornalalgarve7\\\/\",\"https:\\\/\\\/www.linkedin.com\\\/company\\\/algarve7\",\"https:\\\/\\\/www.pinterest.pt\\\/geral0939\\\/_created\\\/\"]},{\"@type\":\"Person\",\"@id\":\"https:\\\/\\\/algarve7.pt\\\/#\\\/schema\\\/person\\\/23fa70681308e7b319a3204bcea45e0c\",\"name\":\"Algarve 7\",\"sameAs\":[\"https:\\\/\\\/algarve7.pt\",\"https:\\\/\\\/www.facebook.com\\\/algarve7\"],\"url\":\"https:\\\/\\\/algarve7.pt\\\/index.php\\\/author\\\/geralalgarve7-pt\\\/\"}]}<\/script>\n<!-- \/ Yoast SEO plugin. -->","yoast_head_json":{"title":"Agenda desportiva de Portim\u00e3o com excelentes propostas at\u00e9 final de outubro - Algarve 7","description":"Agenda desportiva de Portim\u00e3o com excelentes propostas at\u00e9 final de outubro Desporto","robots":{"index":"index","follow":"follow","max-snippet":"max-snippet:-1","max-image-preview":"max-image-preview:large","max-video-preview":"max-video-preview:-1"},"canonical":"https:\/\/algarve7.pt\/index.php\/2023\/10\/agenda-desportiva-de-portimao-com-excelentes-propostas-ate-final-de-outubro\/desporto\/17\/41\/","og_locale":"pt_PT","og_type":"article","og_title":"Agenda desportiva de Portim\u00e3o com excelentes propostas at\u00e9 final de outubro - Algarve 7","og_description":"Agenda desportiva de Portim\u00e3o com excelentes propostas at\u00e9 final de outubro Desporto","og_url":"https:\/\/algarve7.pt\/index.php\/2023\/10\/agenda-desportiva-de-portimao-com-excelentes-propostas-ate-final-de-outubro\/desporto\/17\/41\/","og_site_name":"Algarve 7","article_publisher":"https:\/\/www.facebook.com\/algarve7","article_author":"https:\/\/www.facebook.com\/algarve7","article_published_time":"2023-10-18T16:41:30+00:00","article_modified_time":"2023-10-18T16:41:32+00:00","og_image":[{"width":1024,"height":683,"url":"https:\/\/algarve7.pt\/wp-content\/uploads\/2023\/10\/Le-Mans-Series.jpg","type":"image\/jpeg"}],"author":"Algarve 7","twitter_card":"summary_large_image","twitter_creator":"@Algarvesete","twitter_site":"@Algarvesete","twitter_misc":{"Escrito por":"Algarve 7","Tempo estimado de leitura":"6 minutos"},"schema":{"@context":"https:\/\/schema.org","@graph":[{"@type":"Article","@id":"https:\/\/algarve7.pt\/index.php\/2023\/10\/agenda-desportiva-de-portimao-com-excelentes-propostas-ate-final-de-outubro\/desporto\/17\/41\/#article","isPartOf":{"@id":"https:\/\/algarve7.pt\/index.php\/2023\/10\/agenda-desportiva-de-portimao-com-excelentes-propostas-ate-final-de-outubro\/desporto\/17\/41\/"},"author":{"name":"Algarve 7","@id":"https:\/\/algarve7.pt\/#\/schema\/person\/23fa70681308e7b319a3204bcea45e0c"},"headline":"Agenda desportiva de Portim\u00e3o com excelentes propostas at\u00e9 final de outubro","datePublished":"2023-10-18T16:41:30+00:00","dateModified":"2023-10-18T16:41:32+00:00","mainEntityOfPage":{"@id":"https:\/\/algarve7.pt\/index.php\/2023\/10\/agenda-desportiva-de-portimao-com-excelentes-propostas-ate-final-de-outubro\/desporto\/17\/41\/"},"wordCount":1142,"publisher":{"@id":"https:\/\/algarve7.pt\/#organization"},"image":{"@id":"https:\/\/algarve7.pt\/index.php\/2023\/10\/agenda-desportiva-de-portimao-com-excelentes-propostas-ate-final-de-outubro\/desporto\/17\/41\/#primaryimage"},"thumbnailUrl":"https:\/\/algarve7.pt\/wp-content\/uploads\/2023\/10\/Le-Mans-Series.jpg","keywords":["Algarve","Desporto","Portim\u00e3o"],"articleSection":["Desporto"],"inLanguage":"pt-PT"},{"@type":"WebPage","@id":"https:\/\/algarve7.pt\/index.php\/2023\/10\/agenda-desportiva-de-portimao-com-excelentes-propostas-ate-final-de-outubro\/desporto\/17\/41\/","url":"https:\/\/algarve7.pt\/index.php\/2023\/10\/agenda-desportiva-de-portimao-com-excelentes-propostas-ate-final-de-outubro\/desporto\/17\/41\/","name":"Agenda desportiva de Portim\u00e3o com excelentes propostas at\u00e9 final de outubro - Algarve 7","isPartOf":{"@id":"https:\/\/algarve7.pt\/#website"},"primaryImageOfPage":{"@id":"https:\/\/algarve7.pt\/index.php\/2023\/10\/agenda-desportiva-de-portimao-com-excelentes-propostas-ate-final-de-outubro\/desporto\/17\/41\/#primaryimage"},"image":{"@id":"https:\/\/algarve7.pt\/index.php\/2023\/10\/agenda-desportiva-de-portimao-com-excelentes-propostas-ate-final-de-outubro\/desporto\/17\/41\/#primaryimage"},"thumbnailUrl":"https:\/\/algarve7.pt\/wp-content\/uploads\/2023\/10\/Le-Mans-Series.jpg","datePublished":"2023-10-18T16:41:30+00:00","dateModified":"2023-10-18T16:41:32+00:00","description":"Agenda desportiva de Portim\u00e3o com excelentes propostas at\u00e9 final de outubro Desporto","breadcrumb":{"@id":"https:\/\/algarve7.pt\/index.php\/2023\/10\/agenda-desportiva-de-portimao-com-excelentes-propostas-ate-final-de-outubro\/desporto\/17\/41\/#breadcrumb"},"inLanguage":"pt-PT","potentialAction":[{"@type":"ReadAction","target":["https:\/\/algarve7.pt\/index.php\/2023\/10\/agenda-desportiva-de-portimao-com-excelentes-propostas-ate-final-de-outubro\/desporto\/17\/41\/"]}]},{"@type":"ImageObject","inLanguage":"pt-PT","@id":"https:\/\/algarve7.pt\/index.php\/2023\/10\/agenda-desportiva-de-portimao-com-excelentes-propostas-ate-final-de-outubro\/desporto\/17\/41\/#primaryimage","url":"https:\/\/algarve7.pt\/wp-content\/uploads\/2023\/10\/Le-Mans-Series.jpg","contentUrl":"https:\/\/algarve7.pt\/wp-content\/uploads\/2023\/10\/Le-Mans-Series.jpg","width":1024,"height":683},{"@type":"BreadcrumbList","@id":"https:\/\/algarve7.pt\/index.php\/2023\/10\/agenda-desportiva-de-portimao-com-excelentes-propostas-ate-final-de-outubro\/desporto\/17\/41\/#breadcrumb","itemListElement":[{"@type":"ListItem","position":1,"name":"In\u00edcio","item":"https:\/\/algarve7.pt\/"},{"@type":"ListItem","position":2,"name":"Agenda desportiva de Portim\u00e3o com excelentes propostas at\u00e9 final de outubro"}]},{"@type":"WebSite","@id":"https:\/\/algarve7.pt\/#website","url":"https:\/\/algarve7.pt\/","name":"Algarve 7","description":"Informa\u00e7\u00e3o sobre o Algarve","publisher":{"@id":"https:\/\/algarve7.pt\/#organization"},"potentialAction":[{"@type":"SearchAction","target":{"@type":"EntryPoint","urlTemplate":"https:\/\/algarve7.pt\/?s={search_term_string}"},"query-input":{"@type":"PropertyValueSpecification","valueRequired":true,"valueName":"search_term_string"}}],"inLanguage":"pt-PT"},{"@type":"Organization","@id":"https:\/\/algarve7.pt\/#organization","name":"Algarve 7","url":"https:\/\/algarve7.pt\/","logo":{"@type":"ImageObject","inLanguage":"pt-PT","@id":"https:\/\/algarve7.pt\/#\/schema\/logo\/image\/","url":"https:\/\/algarve7.pt\/wp-content\/uploads\/2020\/10\/Logo-8.jpg","contentUrl":"https:\/\/algarve7.pt\/wp-content\/uploads\/2020\/10\/Logo-8.jpg","width":1680,"height":1186,"caption":"Algarve 7"},"image":{"@id":"https:\/\/algarve7.pt\/#\/schema\/logo\/image\/"},"sameAs":["https:\/\/www.facebook.com\/algarve7","https:\/\/x.com\/Algarvesete","https:\/\/www.instagram.com\/jornalalgarve7\/","https:\/\/www.linkedin.com\/company\/algarve7","https:\/\/www.pinterest.pt\/geral0939\/_created\/"]},{"@type":"Person","@id":"https:\/\/algarve7.pt\/#\/schema\/person\/23fa70681308e7b319a3204bcea45e0c","name":"Algarve 7","sameAs":["https:\/\/algarve7.pt","https:\/\/www.facebook.com\/algarve7"],"url":"https:\/\/algarve7.pt\/index.php\/author\/geralalgarve7-pt\/"}]}},"jetpack_publicize_connections":[],"jetpack_featured_media_url":"https:\/\/algarve7.pt\/wp-content\/uploads\/2023\/10\/Le-Mans-Series.jpg","jetpack_shortlink":"https:\/\/wp.me\/pcezmW-8kC","jetpack_sharing_enabled":true,"_links":{"self":[{"href":"https:\/\/algarve7.pt\/index.php\/wp-json\/wp\/v2\/posts\/32030","targetHints":{"allow":["GET"]}}],"collection":[{"href":"https:\/\/algarve7.pt\/index.php\/wp-json\/wp\/v2\/posts"}],"about":[{"href":"https:\/\/algarve7.pt\/index.php\/wp-json\/wp\/v2\/types\/post"}],"author":[{"embeddable":true,"href":"https:\/\/algarve7.pt\/index.php\/wp-json\/wp\/v2\/users\/1"}],"replies":[{"embeddable":true,"href":"https:\/\/algarve7.pt\/index.php\/wp-json\/wp\/v2\/comments?post=32030"}],"version-history":[{"count":0,"href":"https:\/\/algarve7.pt\/index.php\/wp-json\/wp\/v2\/posts\/32030\/revisions"}],"wp:featuredmedia":[{"embeddable":true,"href":"https:\/\/algarve7.pt\/index.php\/wp-json\/wp\/v2\/media\/32031"}],"wp:attachment":[{"href":"https:\/\/algarve7.pt\/index.php\/wp-json\/wp\/v2\/media?parent=32030"}],"wp:term":[{"taxonomy":"category","embeddable":true,"href":"https:\/\/algarve7.pt\/index.php\/wp-json\/wp\/v2\/categories?post=32030"},{"taxonomy":"post_tag","embeddable":true,"href":"https:\/\/algarve7.pt\/index.php\/wp-json\/wp\/v2\/tags?post=32030"}],"curies":[{"name":"wp","href":"https:\/\/api.w.org\/{rel}","templated":true}]}}