{"id":32027,"date":"2023-10-18T14:58:26","date_gmt":"2023-10-18T13:58:26","guid":{"rendered":"https:\/\/algarve7.pt\/?p=32027"},"modified":"2023-10-18T14:58:29","modified_gmt":"2023-10-18T13:58:29","slug":"museu-de-portimao-recebe-apresentacao-do-livro-de-isabel-loureiro-nao-acredito-em-dias-cinzentos","status":"publish","type":"post","link":"https:\/\/algarve7.pt\/index.php\/2023\/10\/museu-de-portimao-recebe-apresentacao-do-livro-de-isabel-loureiro-nao-acredito-em-dias-cinzentos\/cultura\/14\/58\/","title":{"rendered":"Museu de Portim\u00e3o recebe apresenta\u00e7\u00e3o do livro de Isabel Loureiro \u201cN\u00e3o acredito em dias cinzentos\u201d"},"content":{"rendered":"\n<p>A apresenta\u00e7\u00e3o do livro \u201cN\u00e3o acredito em dias cinzentos\u201d, de Isabel Loureiro, est\u00e1 marcada para as 19h00 de 20 de outubro na sala de descabe\u00e7o do Museu de Portim\u00e3o, com as presen\u00e7as da autora e do escritor Pedro Chagas Freitas.<\/p>\n\n\n\n<p>A autora escreve na sinopse do livro, com chancela da Editora Astrol\u00e1bio, \u201cn\u00e3o acredito em dias cinzentos, nesses em que, nos len\u00e7\u00f3is solitariamente desfeitos, sinto o teu cheiro tatuado na almofada e nos len\u00e7\u00f3is que lavo e ponho a corar para que o sol leve os gestos que guardei do teu rosto. e as car\u00edcias. e a roupa espalhada. e os gritos. esses que me atormentam. esses onde estou perdida nos sons que guardei de ti.\u201d<\/p>\n\n\n\n<p>Isabel Loureiro, 64 anos, estudou em Lisboa, onde se licenciou em Direito. Exerceu advocacia durante alguns anos e atualmente exerce o cargo de not\u00e1ria em Portim\u00e3o.&nbsp;<\/p>\n\n\n\n<p>Autor de mais de 40 livros, Pedro Chagas Freitas est\u00e1 traduzido numa dezena de l\u00ednguas. Coordena e cria cursos de escrita criativa e \u00e9 o autor da&nbsp;stand-up tragedy \u201cSim, eu empurro portas que dizem puxe\u201d.<\/p>\n","protected":false},"excerpt":{"rendered":"<p>A apresenta\u00e7\u00e3o do livro \u201cN\u00e3o acredito em dias cinzentos\u201d, de Isabel Loureiro, est\u00e1 marcada para as 19h00 de 20 de<\/p>\n","protected":false},"author":1,"featured_media":32028,"comment_status":"closed","ping_status":"open","sticky":false,"template":"","format":"standard","meta":{"colormag_page_container_layout":"default_layout","colormag_page_sidebar_layout":"default_layout","_monsterinsights_skip_tracking":false,"_monsterinsights_sitenote_active":false,"_monsterinsights_sitenote_note":"","_monsterinsights_sitenote_category":0,"jetpack_post_was_ever_published":false,"_jetpack_newsletter_access":"","_jetpack_dont_email_post_to_subs":false,"_jetpack_newsletter_tier_id":0,"_jetpack_memberships_contains_paywalled_content":false,"_jetpack_memberships_contains_paid_content":false,"footnotes":"","jetpack_publicize_message":"","jetpack_publicize_feature_enabled":true,"jetpack_social_post_already_shared":true,"jetpack_social_options":{"image_generator_settings":{"template":"highway","default_image_id":0,"font":"","enabled":false},"version":2}},"categories":[14],"tags":[36,35,72],"class_list":["post-32027","post","type-post","status-publish","format-standard","has-post-thumbnail","hentry","category-cultura","tag-algarve","tag-cultura","tag-portimao"],"yoast_head":"<!-- This site is optimized with the Yoast SEO plugin v27.5 - https:\/\/yoast.com\/product\/yoast-seo-wordpress\/ -->\n<title>Museu de Portim\u00e3o recebe apresenta\u00e7\u00e3o do livro de Isabel Loureiro \u201cN\u00e3o acredito em dias cinzentos\u201d - Algarve 7<\/title>\n<meta name=\"description\" content=\"Museu de Portim\u00e3o recebe apresenta\u00e7\u00e3o do livro de Isabel Loureiro \u201cN\u00e3o acredito em dias cinzentos\u201d Cultura\" \/>\n<meta name=\"robots\" content=\"index, follow, max-snippet:-1, max-image-preview:large, max-video-preview:-1\" \/>\n<link rel=\"canonical\" href=\"https:\/\/algarve7.pt\/index.php\/2023\/10\/museu-de-portimao-recebe-apresentacao-do-livro-de-isabel-loureiro-nao-acredito-em-dias-cinzentos\/cultura\/14\/58\/\" \/>\n<meta property=\"og:locale\" content=\"pt_PT\" \/>\n<meta property=\"og:type\" content=\"article\" \/>\n<meta property=\"og:title\" content=\"Museu de Portim\u00e3o recebe apresenta\u00e7\u00e3o do livro de Isabel Loureiro \u201cN\u00e3o acredito em dias cinzentos\u201d - Algarve 7\" \/>\n<meta property=\"og:description\" content=\"Museu de Portim\u00e3o recebe apresenta\u00e7\u00e3o do livro de Isabel Loureiro \u201cN\u00e3o acredito em dias cinzentos\u201d Cultura\" \/>\n<meta property=\"og:url\" content=\"https:\/\/algarve7.pt\/index.php\/2023\/10\/museu-de-portimao-recebe-apresentacao-do-livro-de-isabel-loureiro-nao-acredito-em-dias-cinzentos\/cultura\/14\/58\/\" \/>\n<meta property=\"og:site_name\" content=\"Algarve 7\" \/>\n<meta property=\"article:publisher\" content=\"https:\/\/www.facebook.com\/algarve7\" \/>\n<meta property=\"article:author\" content=\"https:\/\/www.facebook.com\/algarve7\" \/>\n<meta property=\"article:published_time\" content=\"2023-10-18T13:58:26+00:00\" \/>\n<meta property=\"article:modified_time\" content=\"2023-10-18T13:58:29+00:00\" \/>\n<meta property=\"og:image\" content=\"https:\/\/algarve7.pt\/wp-content\/uploads\/2023\/10\/Capa-do-livro-Nao-acredito-em-dias-cinzentos.jpg\" \/>\n\t<meta property=\"og:image:width\" content=\"1024\" \/>\n\t<meta property=\"og:image:height\" content=\"683\" \/>\n\t<meta property=\"og:image:type\" content=\"image\/jpeg\" \/>\n<meta name=\"author\" content=\"Algarve 7\" \/>\n<meta name=\"twitter:card\" content=\"summary_large_image\" \/>\n<meta name=\"twitter:creator\" content=\"@Algarvesete\" \/>\n<meta name=\"twitter:site\" content=\"@Algarvesete\" \/>\n<meta name=\"twitter:label1\" content=\"Escrito por\" \/>\n\t<meta name=\"twitter:data1\" content=\"Algarve 7\" \/>\n\t<meta name=\"twitter:label2\" content=\"Tempo estimado de leitura\" \/>\n\t<meta name=\"twitter:data2\" content=\"1 minuto\" \/>\n<script type=\"application\/ld+json\" class=\"yoast-schema-graph\">{\"@context\":\"https:\\\/\\\/schema.org\",\"@graph\":[{\"@type\":\"Article\",\"@id\":\"https:\\\/\\\/algarve7.pt\\\/index.php\\\/2023\\\/10\\\/museu-de-portimao-recebe-apresentacao-do-livro-de-isabel-loureiro-nao-acredito-em-dias-cinzentos\\\/cultura\\\/14\\\/58\\\/#article\",\"isPartOf\":{\"@id\":\"https:\\\/\\\/algarve7.pt\\\/index.php\\\/2023\\\/10\\\/museu-de-portimao-recebe-apresentacao-do-livro-de-isabel-loureiro-nao-acredito-em-dias-cinzentos\\\/cultura\\\/14\\\/58\\\/\"},\"author\":{\"name\":\"Algarve 7\",\"@id\":\"https:\\\/\\\/algarve7.pt\\\/#\\\/schema\\\/person\\\/23fa70681308e7b319a3204bcea45e0c\"},\"headline\":\"Museu de Portim\u00e3o recebe apresenta\u00e7\u00e3o do livro de Isabel Loureiro \u201cN\u00e3o acredito em dias cinzentos\u201d\",\"datePublished\":\"2023-10-18T13:58:26+00:00\",\"dateModified\":\"2023-10-18T13:58:29+00:00\",\"mainEntityOfPage\":{\"@id\":\"https:\\\/\\\/algarve7.pt\\\/index.php\\\/2023\\\/10\\\/museu-de-portimao-recebe-apresentacao-do-livro-de-isabel-loureiro-nao-acredito-em-dias-cinzentos\\\/cultura\\\/14\\\/58\\\/\"},\"wordCount\":207,\"publisher\":{\"@id\":\"https:\\\/\\\/algarve7.pt\\\/#organization\"},\"image\":{\"@id\":\"https:\\\/\\\/algarve7.pt\\\/index.php\\\/2023\\\/10\\\/museu-de-portimao-recebe-apresentacao-do-livro-de-isabel-loureiro-nao-acredito-em-dias-cinzentos\\\/cultura\\\/14\\\/58\\\/#primaryimage\"},\"thumbnailUrl\":\"https:\\\/\\\/algarve7.pt\\\/wp-content\\\/uploads\\\/2023\\\/10\\\/Capa-do-livro-Nao-acredito-em-dias-cinzentos.jpg\",\"keywords\":[\"Algarve\",\"Cultura\",\"Portim\u00e3o\"],\"articleSection\":[\"Cultura\"],\"inLanguage\":\"pt-PT\"},{\"@type\":\"WebPage\",\"@id\":\"https:\\\/\\\/algarve7.pt\\\/index.php\\\/2023\\\/10\\\/museu-de-portimao-recebe-apresentacao-do-livro-de-isabel-loureiro-nao-acredito-em-dias-cinzentos\\\/cultura\\\/14\\\/58\\\/\",\"url\":\"https:\\\/\\\/algarve7.pt\\\/index.php\\\/2023\\\/10\\\/museu-de-portimao-recebe-apresentacao-do-livro-de-isabel-loureiro-nao-acredito-em-dias-cinzentos\\\/cultura\\\/14\\\/58\\\/\",\"name\":\"Museu de Portim\u00e3o recebe apresenta\u00e7\u00e3o do livro de Isabel Loureiro \u201cN\u00e3o acredito em dias cinzentos\u201d - Algarve 7\",\"isPartOf\":{\"@id\":\"https:\\\/\\\/algarve7.pt\\\/#website\"},\"primaryImageOfPage\":{\"@id\":\"https:\\\/\\\/algarve7.pt\\\/index.php\\\/2023\\\/10\\\/museu-de-portimao-recebe-apresentacao-do-livro-de-isabel-loureiro-nao-acredito-em-dias-cinzentos\\\/cultura\\\/14\\\/58\\\/#primaryimage\"},\"image\":{\"@id\":\"https:\\\/\\\/algarve7.pt\\\/index.php\\\/2023\\\/10\\\/museu-de-portimao-recebe-apresentacao-do-livro-de-isabel-loureiro-nao-acredito-em-dias-cinzentos\\\/cultura\\\/14\\\/58\\\/#primaryimage\"},\"thumbnailUrl\":\"https:\\\/\\\/algarve7.pt\\\/wp-content\\\/uploads\\\/2023\\\/10\\\/Capa-do-livro-Nao-acredito-em-dias-cinzentos.jpg\",\"datePublished\":\"2023-10-18T13:58:26+00:00\",\"dateModified\":\"2023-10-18T13:58:29+00:00\",\"description\":\"Museu de Portim\u00e3o recebe apresenta\u00e7\u00e3o do livro de Isabel Loureiro \u201cN\u00e3o acredito em dias cinzentos\u201d Cultura\",\"breadcrumb\":{\"@id\":\"https:\\\/\\\/algarve7.pt\\\/index.php\\\/2023\\\/10\\\/museu-de-portimao-recebe-apresentacao-do-livro-de-isabel-loureiro-nao-acredito-em-dias-cinzentos\\\/cultura\\\/14\\\/58\\\/#breadcrumb\"},\"inLanguage\":\"pt-PT\",\"potentialAction\":[{\"@type\":\"ReadAction\",\"target\":[\"https:\\\/\\\/algarve7.pt\\\/index.php\\\/2023\\\/10\\\/museu-de-portimao-recebe-apresentacao-do-livro-de-isabel-loureiro-nao-acredito-em-dias-cinzentos\\\/cultura\\\/14\\\/58\\\/\"]}]},{\"@type\":\"ImageObject\",\"inLanguage\":\"pt-PT\",\"@id\":\"https:\\\/\\\/algarve7.pt\\\/index.php\\\/2023\\\/10\\\/museu-de-portimao-recebe-apresentacao-do-livro-de-isabel-loureiro-nao-acredito-em-dias-cinzentos\\\/cultura\\\/14\\\/58\\\/#primaryimage\",\"url\":\"https:\\\/\\\/algarve7.pt\\\/wp-content\\\/uploads\\\/2023\\\/10\\\/Capa-do-livro-Nao-acredito-em-dias-cinzentos.jpg\",\"contentUrl\":\"https:\\\/\\\/algarve7.pt\\\/wp-content\\\/uploads\\\/2023\\\/10\\\/Capa-do-livro-Nao-acredito-em-dias-cinzentos.jpg\",\"width\":1024,\"height\":683},{\"@type\":\"BreadcrumbList\",\"@id\":\"https:\\\/\\\/algarve7.pt\\\/index.php\\\/2023\\\/10\\\/museu-de-portimao-recebe-apresentacao-do-livro-de-isabel-loureiro-nao-acredito-em-dias-cinzentos\\\/cultura\\\/14\\\/58\\\/#breadcrumb\",\"itemListElement\":[{\"@type\":\"ListItem\",\"position\":1,\"name\":\"In\u00edcio\",\"item\":\"https:\\\/\\\/algarve7.pt\\\/\"},{\"@type\":\"ListItem\",\"position\":2,\"name\":\"Museu de Portim\u00e3o recebe apresenta\u00e7\u00e3o do livro de Isabel Loureiro \u201cN\u00e3o acredito em dias cinzentos\u201d\"}]},{\"@type\":\"WebSite\",\"@id\":\"https:\\\/\\\/algarve7.pt\\\/#website\",\"url\":\"https:\\\/\\\/algarve7.pt\\\/\",\"name\":\"Algarve 7\",\"description\":\"Informa\u00e7\u00e3o sobre o Algarve\",\"publisher\":{\"@id\":\"https:\\\/\\\/algarve7.pt\\\/#organization\"},\"potentialAction\":[{\"@type\":\"SearchAction\",\"target\":{\"@type\":\"EntryPoint\",\"urlTemplate\":\"https:\\\/\\\/algarve7.pt\\\/?s={search_term_string}\"},\"query-input\":{\"@type\":\"PropertyValueSpecification\",\"valueRequired\":true,\"valueName\":\"search_term_string\"}}],\"inLanguage\":\"pt-PT\"},{\"@type\":\"Organization\",\"@id\":\"https:\\\/\\\/algarve7.pt\\\/#organization\",\"name\":\"Algarve 7\",\"url\":\"https:\\\/\\\/algarve7.pt\\\/\",\"logo\":{\"@type\":\"ImageObject\",\"inLanguage\":\"pt-PT\",\"@id\":\"https:\\\/\\\/algarve7.pt\\\/#\\\/schema\\\/logo\\\/image\\\/\",\"url\":\"https:\\\/\\\/algarve7.pt\\\/wp-content\\\/uploads\\\/2020\\\/10\\\/Logo-8.jpg\",\"contentUrl\":\"https:\\\/\\\/algarve7.pt\\\/wp-content\\\/uploads\\\/2020\\\/10\\\/Logo-8.jpg\",\"width\":1680,\"height\":1186,\"caption\":\"Algarve 7\"},\"image\":{\"@id\":\"https:\\\/\\\/algarve7.pt\\\/#\\\/schema\\\/logo\\\/image\\\/\"},\"sameAs\":[\"https:\\\/\\\/www.facebook.com\\\/algarve7\",\"https:\\\/\\\/x.com\\\/Algarvesete\",\"https:\\\/\\\/www.instagram.com\\\/jornalalgarve7\\\/\",\"https:\\\/\\\/www.linkedin.com\\\/company\\\/algarve7\",\"https:\\\/\\\/www.pinterest.pt\\\/geral0939\\\/_created\\\/\"]},{\"@type\":\"Person\",\"@id\":\"https:\\\/\\\/algarve7.pt\\\/#\\\/schema\\\/person\\\/23fa70681308e7b319a3204bcea45e0c\",\"name\":\"Algarve 7\",\"sameAs\":[\"https:\\\/\\\/algarve7.pt\",\"https:\\\/\\\/www.facebook.com\\\/algarve7\"],\"url\":\"https:\\\/\\\/algarve7.pt\\\/index.php\\\/author\\\/geralalgarve7-pt\\\/\"}]}<\/script>\n<!-- \/ Yoast SEO plugin. -->","yoast_head_json":{"title":"Museu de Portim\u00e3o recebe apresenta\u00e7\u00e3o do livro de Isabel Loureiro \u201cN\u00e3o acredito em dias cinzentos\u201d - Algarve 7","description":"Museu de Portim\u00e3o recebe apresenta\u00e7\u00e3o do livro de Isabel Loureiro \u201cN\u00e3o acredito em dias cinzentos\u201d Cultura","robots":{"index":"index","follow":"follow","max-snippet":"max-snippet:-1","max-image-preview":"max-image-preview:large","max-video-preview":"max-video-preview:-1"},"canonical":"https:\/\/algarve7.pt\/index.php\/2023\/10\/museu-de-portimao-recebe-apresentacao-do-livro-de-isabel-loureiro-nao-acredito-em-dias-cinzentos\/cultura\/14\/58\/","og_locale":"pt_PT","og_type":"article","og_title":"Museu de Portim\u00e3o recebe apresenta\u00e7\u00e3o do livro de Isabel Loureiro \u201cN\u00e3o acredito em dias cinzentos\u201d - Algarve 7","og_description":"Museu de Portim\u00e3o recebe apresenta\u00e7\u00e3o do livro de Isabel Loureiro \u201cN\u00e3o acredito em dias cinzentos\u201d Cultura","og_url":"https:\/\/algarve7.pt\/index.php\/2023\/10\/museu-de-portimao-recebe-apresentacao-do-livro-de-isabel-loureiro-nao-acredito-em-dias-cinzentos\/cultura\/14\/58\/","og_site_name":"Algarve 7","article_publisher":"https:\/\/www.facebook.com\/algarve7","article_author":"https:\/\/www.facebook.com\/algarve7","article_published_time":"2023-10-18T13:58:26+00:00","article_modified_time":"2023-10-18T13:58:29+00:00","og_image":[{"width":1024,"height":683,"url":"https:\/\/algarve7.pt\/wp-content\/uploads\/2023\/10\/Capa-do-livro-Nao-acredito-em-dias-cinzentos.jpg","type":"image\/jpeg"}],"author":"Algarve 7","twitter_card":"summary_large_image","twitter_creator":"@Algarvesete","twitter_site":"@Algarvesete","twitter_misc":{"Escrito por":"Algarve 7","Tempo estimado de leitura":"1 minuto"},"schema":{"@context":"https:\/\/schema.org","@graph":[{"@type":"Article","@id":"https:\/\/algarve7.pt\/index.php\/2023\/10\/museu-de-portimao-recebe-apresentacao-do-livro-de-isabel-loureiro-nao-acredito-em-dias-cinzentos\/cultura\/14\/58\/#article","isPartOf":{"@id":"https:\/\/algarve7.pt\/index.php\/2023\/10\/museu-de-portimao-recebe-apresentacao-do-livro-de-isabel-loureiro-nao-acredito-em-dias-cinzentos\/cultura\/14\/58\/"},"author":{"name":"Algarve 7","@id":"https:\/\/algarve7.pt\/#\/schema\/person\/23fa70681308e7b319a3204bcea45e0c"},"headline":"Museu de Portim\u00e3o recebe apresenta\u00e7\u00e3o do livro de Isabel Loureiro \u201cN\u00e3o acredito em dias cinzentos\u201d","datePublished":"2023-10-18T13:58:26+00:00","dateModified":"2023-10-18T13:58:29+00:00","mainEntityOfPage":{"@id":"https:\/\/algarve7.pt\/index.php\/2023\/10\/museu-de-portimao-recebe-apresentacao-do-livro-de-isabel-loureiro-nao-acredito-em-dias-cinzentos\/cultura\/14\/58\/"},"wordCount":207,"publisher":{"@id":"https:\/\/algarve7.pt\/#organization"},"image":{"@id":"https:\/\/algarve7.pt\/index.php\/2023\/10\/museu-de-portimao-recebe-apresentacao-do-livro-de-isabel-loureiro-nao-acredito-em-dias-cinzentos\/cultura\/14\/58\/#primaryimage"},"thumbnailUrl":"https:\/\/algarve7.pt\/wp-content\/uploads\/2023\/10\/Capa-do-livro-Nao-acredito-em-dias-cinzentos.jpg","keywords":["Algarve","Cultura","Portim\u00e3o"],"articleSection":["Cultura"],"inLanguage":"pt-PT"},{"@type":"WebPage","@id":"https:\/\/algarve7.pt\/index.php\/2023\/10\/museu-de-portimao-recebe-apresentacao-do-livro-de-isabel-loureiro-nao-acredito-em-dias-cinzentos\/cultura\/14\/58\/","url":"https:\/\/algarve7.pt\/index.php\/2023\/10\/museu-de-portimao-recebe-apresentacao-do-livro-de-isabel-loureiro-nao-acredito-em-dias-cinzentos\/cultura\/14\/58\/","name":"Museu de Portim\u00e3o recebe apresenta\u00e7\u00e3o do livro de Isabel Loureiro \u201cN\u00e3o acredito em dias cinzentos\u201d - Algarve 7","isPartOf":{"@id":"https:\/\/algarve7.pt\/#website"},"primaryImageOfPage":{"@id":"https:\/\/algarve7.pt\/index.php\/2023\/10\/museu-de-portimao-recebe-apresentacao-do-livro-de-isabel-loureiro-nao-acredito-em-dias-cinzentos\/cultura\/14\/58\/#primaryimage"},"image":{"@id":"https:\/\/algarve7.pt\/index.php\/2023\/10\/museu-de-portimao-recebe-apresentacao-do-livro-de-isabel-loureiro-nao-acredito-em-dias-cinzentos\/cultura\/14\/58\/#primaryimage"},"thumbnailUrl":"https:\/\/algarve7.pt\/wp-content\/uploads\/2023\/10\/Capa-do-livro-Nao-acredito-em-dias-cinzentos.jpg","datePublished":"2023-10-18T13:58:26+00:00","dateModified":"2023-10-18T13:58:29+00:00","description":"Museu de Portim\u00e3o recebe apresenta\u00e7\u00e3o do livro de Isabel Loureiro \u201cN\u00e3o acredito em dias cinzentos\u201d Cultura","breadcrumb":{"@id":"https:\/\/algarve7.pt\/index.php\/2023\/10\/museu-de-portimao-recebe-apresentacao-do-livro-de-isabel-loureiro-nao-acredito-em-dias-cinzentos\/cultura\/14\/58\/#breadcrumb"},"inLanguage":"pt-PT","potentialAction":[{"@type":"ReadAction","target":["https:\/\/algarve7.pt\/index.php\/2023\/10\/museu-de-portimao-recebe-apresentacao-do-livro-de-isabel-loureiro-nao-acredito-em-dias-cinzentos\/cultura\/14\/58\/"]}]},{"@type":"ImageObject","inLanguage":"pt-PT","@id":"https:\/\/algarve7.pt\/index.php\/2023\/10\/museu-de-portimao-recebe-apresentacao-do-livro-de-isabel-loureiro-nao-acredito-em-dias-cinzentos\/cultura\/14\/58\/#primaryimage","url":"https:\/\/algarve7.pt\/wp-content\/uploads\/2023\/10\/Capa-do-livro-Nao-acredito-em-dias-cinzentos.jpg","contentUrl":"https:\/\/algarve7.pt\/wp-content\/uploads\/2023\/10\/Capa-do-livro-Nao-acredito-em-dias-cinzentos.jpg","width":1024,"height":683},{"@type":"BreadcrumbList","@id":"https:\/\/algarve7.pt\/index.php\/2023\/10\/museu-de-portimao-recebe-apresentacao-do-livro-de-isabel-loureiro-nao-acredito-em-dias-cinzentos\/cultura\/14\/58\/#breadcrumb","itemListElement":[{"@type":"ListItem","position":1,"name":"In\u00edcio","item":"https:\/\/algarve7.pt\/"},{"@type":"ListItem","position":2,"name":"Museu de Portim\u00e3o recebe apresenta\u00e7\u00e3o do livro de Isabel Loureiro \u201cN\u00e3o acredito em dias cinzentos\u201d"}]},{"@type":"WebSite","@id":"https:\/\/algarve7.pt\/#website","url":"https:\/\/algarve7.pt\/","name":"Algarve 7","description":"Informa\u00e7\u00e3o sobre o Algarve","publisher":{"@id":"https:\/\/algarve7.pt\/#organization"},"potentialAction":[{"@type":"SearchAction","target":{"@type":"EntryPoint","urlTemplate":"https:\/\/algarve7.pt\/?s={search_term_string}"},"query-input":{"@type":"PropertyValueSpecification","valueRequired":true,"valueName":"search_term_string"}}],"inLanguage":"pt-PT"},{"@type":"Organization","@id":"https:\/\/algarve7.pt\/#organization","name":"Algarve 7","url":"https:\/\/algarve7.pt\/","logo":{"@type":"ImageObject","inLanguage":"pt-PT","@id":"https:\/\/algarve7.pt\/#\/schema\/logo\/image\/","url":"https:\/\/algarve7.pt\/wp-content\/uploads\/2020\/10\/Logo-8.jpg","contentUrl":"https:\/\/algarve7.pt\/wp-content\/uploads\/2020\/10\/Logo-8.jpg","width":1680,"height":1186,"caption":"Algarve 7"},"image":{"@id":"https:\/\/algarve7.pt\/#\/schema\/logo\/image\/"},"sameAs":["https:\/\/www.facebook.com\/algarve7","https:\/\/x.com\/Algarvesete","https:\/\/www.instagram.com\/jornalalgarve7\/","https:\/\/www.linkedin.com\/company\/algarve7","https:\/\/www.pinterest.pt\/geral0939\/_created\/"]},{"@type":"Person","@id":"https:\/\/algarve7.pt\/#\/schema\/person\/23fa70681308e7b319a3204bcea45e0c","name":"Algarve 7","sameAs":["https:\/\/algarve7.pt","https:\/\/www.facebook.com\/algarve7"],"url":"https:\/\/algarve7.pt\/index.php\/author\/geralalgarve7-pt\/"}]}},"jetpack_publicize_connections":[],"jetpack_featured_media_url":"https:\/\/algarve7.pt\/wp-content\/uploads\/2023\/10\/Capa-do-livro-Nao-acredito-em-dias-cinzentos.jpg","jetpack_shortlink":"https:\/\/wp.me\/pcezmW-8kz","jetpack_sharing_enabled":true,"_links":{"self":[{"href":"https:\/\/algarve7.pt\/index.php\/wp-json\/wp\/v2\/posts\/32027","targetHints":{"allow":["GET"]}}],"collection":[{"href":"https:\/\/algarve7.pt\/index.php\/wp-json\/wp\/v2\/posts"}],"about":[{"href":"https:\/\/algarve7.pt\/index.php\/wp-json\/wp\/v2\/types\/post"}],"author":[{"embeddable":true,"href":"https:\/\/algarve7.pt\/index.php\/wp-json\/wp\/v2\/users\/1"}],"replies":[{"embeddable":true,"href":"https:\/\/algarve7.pt\/index.php\/wp-json\/wp\/v2\/comments?post=32027"}],"version-history":[{"count":0,"href":"https:\/\/algarve7.pt\/index.php\/wp-json\/wp\/v2\/posts\/32027\/revisions"}],"wp:featuredmedia":[{"embeddable":true,"href":"https:\/\/algarve7.pt\/index.php\/wp-json\/wp\/v2\/media\/32028"}],"wp:attachment":[{"href":"https:\/\/algarve7.pt\/index.php\/wp-json\/wp\/v2\/media?parent=32027"}],"wp:term":[{"taxonomy":"category","embeddable":true,"href":"https:\/\/algarve7.pt\/index.php\/wp-json\/wp\/v2\/categories?post=32027"},{"taxonomy":"post_tag","embeddable":true,"href":"https:\/\/algarve7.pt\/index.php\/wp-json\/wp\/v2\/tags?post=32027"}],"curies":[{"name":"wp","href":"https:\/\/api.w.org\/{rel}","templated":true}]}}