{"id":31997,"date":"2023-10-16T19:45:10","date_gmt":"2023-10-16T18:45:10","guid":{"rendered":"https:\/\/algarve7.pt\/?p=31997"},"modified":"2023-10-16T19:45:12","modified_gmt":"2023-10-16T18:45:12","slug":"projeto-life-lynxconnect-acao-e4-acoes-de-divulgacao-para-todos-os-publicos","status":"publish","type":"post","link":"https:\/\/algarve7.pt\/index.php\/2023\/10\/projeto-life-lynxconnect-acao-e4-acoes-de-divulgacao-para-todos-os-publicos\/ambiente\/19\/45\/","title":{"rendered":"Projeto LIFE Lynxconnect &#8211; A\u00e7\u00e3o E4 \u2013 A\u00e7\u00f5es de divulga\u00e7\u00e3o para todos os p\u00fablicos"},"content":{"rendered":"\n<p>Ir\u00e1 ter lugar na tarde do pr\u00f3ximo dia 17 de outubro, a partir das 14h:30m, entre Alcoutim (Gi\u00f5es e Pereiro) e Castro Marim (Odeleite \u2013 Furnazinhas) uma a\u00e7\u00e3o de divulga\u00e7\u00e3o da iniciativa Aldeias de Lince, a qual pretende dar a conhecer o processo e os resultados da interven\u00e7\u00e3o de comunica\u00e7\u00e3o art\u00edstica e participativa com residentes de tr\u00eas aldeias na zona de expans\u00e3o para o Algarve, da \u00e1rea de reintrodu\u00e7\u00e3o do Lince-Ib\u00e9rico \u2013 Vale do Guadiana &#8211; no \u00e2mbito do projeto LIFE19 NAT\/ES\/001055- Lynxconnect.<\/p>\n\n\n\n<p>A interven\u00e7\u00e3o de comunica\u00e7\u00e3o art\u00edstica foi concebida e desenvolvida pela empresa local do Algarve &#8211; Proactivetur \u2013 mediante procedimento concursal promovido em 2022 pela Dire\u00e7\u00e3o Regional de Conserva\u00e7\u00e3o da Natureza e Florestas do Algarve.<\/p>\n","protected":false},"excerpt":{"rendered":"<p>Ir\u00e1 ter lugar na tarde do pr\u00f3ximo dia 17 de outubro, a partir das 14h:30m, entre Alcoutim (Gi\u00f5es e Pereiro)<\/p>\n","protected":false},"author":1,"featured_media":31998,"comment_status":"closed","ping_status":"open","sticky":false,"template":"","format":"standard","meta":{"colormag_page_container_layout":"default_layout","colormag_page_sidebar_layout":"default_layout","_monsterinsights_skip_tracking":false,"_monsterinsights_sitenote_active":false,"_monsterinsights_sitenote_note":"","_monsterinsights_sitenote_category":0,"jetpack_post_was_ever_published":false,"_jetpack_newsletter_access":"","_jetpack_dont_email_post_to_subs":false,"_jetpack_newsletter_tier_id":0,"_jetpack_memberships_contains_paywalled_content":false,"_jetpack_memberships_contains_paid_content":false,"footnotes":"","jetpack_publicize_message":"","jetpack_publicize_feature_enabled":true,"jetpack_social_post_already_shared":true,"jetpack_social_options":{"image_generator_settings":{"template":"highway","default_image_id":0,"font":"","enabled":false},"version":2}},"categories":[5],"tags":[79,36,32,1081],"class_list":["post-31997","post","type-post","status-publish","format-standard","has-post-thumbnail","hentry","category-ambiente","tag-alcoutim","tag-algarve","tag-ambiente","tag-lynxconnect"],"yoast_head":"<!-- This site is optimized with the Yoast SEO plugin v27.4 - https:\/\/yoast.com\/product\/yoast-seo-wordpress\/ -->\n<title>Projeto LIFE Lynxconnect - A\u00e7\u00e3o E4 \u2013 A\u00e7\u00f5es de divulga\u00e7\u00e3o para todos os p\u00fablicos - Algarve 7<\/title>\n<meta name=\"description\" content=\"Projeto LIFE Lynxconnect - A\u00e7\u00e3o E4 \u2013 A\u00e7\u00f5es de divulga\u00e7\u00e3o para todos os p\u00fablicos Ambiente\" \/>\n<meta name=\"robots\" content=\"index, follow, max-snippet:-1, max-image-preview:large, max-video-preview:-1\" \/>\n<link rel=\"canonical\" href=\"https:\/\/algarve7.pt\/index.php\/2023\/10\/projeto-life-lynxconnect-acao-e4-acoes-de-divulgacao-para-todos-os-publicos\/ambiente\/19\/45\/\" \/>\n<meta property=\"og:locale\" content=\"pt_PT\" \/>\n<meta property=\"og:type\" content=\"article\" \/>\n<meta property=\"og:title\" content=\"Projeto LIFE Lynxconnect - A\u00e7\u00e3o E4 \u2013 A\u00e7\u00f5es de divulga\u00e7\u00e3o para todos os p\u00fablicos - Algarve 7\" \/>\n<meta property=\"og:description\" content=\"Projeto LIFE Lynxconnect - A\u00e7\u00e3o E4 \u2013 A\u00e7\u00f5es de divulga\u00e7\u00e3o para todos os p\u00fablicos Ambiente\" \/>\n<meta property=\"og:url\" content=\"https:\/\/algarve7.pt\/index.php\/2023\/10\/projeto-life-lynxconnect-acao-e4-acoes-de-divulgacao-para-todos-os-publicos\/ambiente\/19\/45\/\" \/>\n<meta property=\"og:site_name\" content=\"Algarve 7\" \/>\n<meta property=\"article:publisher\" content=\"https:\/\/www.facebook.com\/algarve7\" \/>\n<meta property=\"article:author\" content=\"https:\/\/www.facebook.com\/algarve7\" \/>\n<meta property=\"article:published_time\" content=\"2023-10-16T18:45:10+00:00\" \/>\n<meta property=\"article:modified_time\" content=\"2023-10-16T18:45:12+00:00\" \/>\n<meta property=\"og:image\" content=\"https:\/\/algarve7.pt\/wp-content\/uploads\/2023\/10\/Captura-de-ecra-2023-10-16-as-19.41.13.png\" \/>\n\t<meta property=\"og:image:width\" content=\"1024\" \/>\n\t<meta property=\"og:image:height\" content=\"522\" \/>\n\t<meta property=\"og:image:type\" content=\"image\/png\" \/>\n<meta name=\"author\" content=\"Algarve 7\" \/>\n<meta name=\"twitter:card\" content=\"summary_large_image\" \/>\n<meta name=\"twitter:creator\" content=\"@Algarvesete\" \/>\n<meta name=\"twitter:site\" content=\"@Algarvesete\" \/>\n<meta name=\"twitter:label1\" content=\"Escrito por\" \/>\n\t<meta name=\"twitter:data1\" content=\"Algarve 7\" \/>\n\t<meta name=\"twitter:label2\" content=\"Tempo estimado de leitura\" \/>\n\t<meta name=\"twitter:data2\" content=\"1 minuto\" \/>\n<script type=\"application\/ld+json\" class=\"yoast-schema-graph\">{\"@context\":\"https:\\\/\\\/schema.org\",\"@graph\":[{\"@type\":\"Article\",\"@id\":\"https:\\\/\\\/algarve7.pt\\\/index.php\\\/2023\\\/10\\\/projeto-life-lynxconnect-acao-e4-acoes-de-divulgacao-para-todos-os-publicos\\\/ambiente\\\/19\\\/45\\\/#article\",\"isPartOf\":{\"@id\":\"https:\\\/\\\/algarve7.pt\\\/index.php\\\/2023\\\/10\\\/projeto-life-lynxconnect-acao-e4-acoes-de-divulgacao-para-todos-os-publicos\\\/ambiente\\\/19\\\/45\\\/\"},\"author\":{\"name\":\"Algarve 7\",\"@id\":\"https:\\\/\\\/algarve7.pt\\\/#\\\/schema\\\/person\\\/23fa70681308e7b319a3204bcea45e0c\"},\"headline\":\"Projeto LIFE Lynxconnect &#8211; A\u00e7\u00e3o E4 \u2013 A\u00e7\u00f5es de divulga\u00e7\u00e3o para todos os p\u00fablicos\",\"datePublished\":\"2023-10-16T18:45:10+00:00\",\"dateModified\":\"2023-10-16T18:45:12+00:00\",\"mainEntityOfPage\":{\"@id\":\"https:\\\/\\\/algarve7.pt\\\/index.php\\\/2023\\\/10\\\/projeto-life-lynxconnect-acao-e4-acoes-de-divulgacao-para-todos-os-publicos\\\/ambiente\\\/19\\\/45\\\/\"},\"wordCount\":148,\"publisher\":{\"@id\":\"https:\\\/\\\/algarve7.pt\\\/#organization\"},\"image\":{\"@id\":\"https:\\\/\\\/algarve7.pt\\\/index.php\\\/2023\\\/10\\\/projeto-life-lynxconnect-acao-e4-acoes-de-divulgacao-para-todos-os-publicos\\\/ambiente\\\/19\\\/45\\\/#primaryimage\"},\"thumbnailUrl\":\"https:\\\/\\\/algarve7.pt\\\/wp-content\\\/uploads\\\/2023\\\/10\\\/Captura-de-ecra-2023-10-16-as-19.41.13.png\",\"keywords\":[\"Alcoutim\",\"Algarve\",\"Ambiente\",\"Lynxconnect\"],\"articleSection\":[\"Ambiente\"],\"inLanguage\":\"pt-PT\"},{\"@type\":\"WebPage\",\"@id\":\"https:\\\/\\\/algarve7.pt\\\/index.php\\\/2023\\\/10\\\/projeto-life-lynxconnect-acao-e4-acoes-de-divulgacao-para-todos-os-publicos\\\/ambiente\\\/19\\\/45\\\/\",\"url\":\"https:\\\/\\\/algarve7.pt\\\/index.php\\\/2023\\\/10\\\/projeto-life-lynxconnect-acao-e4-acoes-de-divulgacao-para-todos-os-publicos\\\/ambiente\\\/19\\\/45\\\/\",\"name\":\"Projeto LIFE Lynxconnect - A\u00e7\u00e3o E4 \u2013 A\u00e7\u00f5es de divulga\u00e7\u00e3o para todos os p\u00fablicos - Algarve 7\",\"isPartOf\":{\"@id\":\"https:\\\/\\\/algarve7.pt\\\/#website\"},\"primaryImageOfPage\":{\"@id\":\"https:\\\/\\\/algarve7.pt\\\/index.php\\\/2023\\\/10\\\/projeto-life-lynxconnect-acao-e4-acoes-de-divulgacao-para-todos-os-publicos\\\/ambiente\\\/19\\\/45\\\/#primaryimage\"},\"image\":{\"@id\":\"https:\\\/\\\/algarve7.pt\\\/index.php\\\/2023\\\/10\\\/projeto-life-lynxconnect-acao-e4-acoes-de-divulgacao-para-todos-os-publicos\\\/ambiente\\\/19\\\/45\\\/#primaryimage\"},\"thumbnailUrl\":\"https:\\\/\\\/algarve7.pt\\\/wp-content\\\/uploads\\\/2023\\\/10\\\/Captura-de-ecra-2023-10-16-as-19.41.13.png\",\"datePublished\":\"2023-10-16T18:45:10+00:00\",\"dateModified\":\"2023-10-16T18:45:12+00:00\",\"description\":\"Projeto LIFE Lynxconnect - A\u00e7\u00e3o E4 \u2013 A\u00e7\u00f5es de divulga\u00e7\u00e3o para todos os p\u00fablicos Ambiente\",\"breadcrumb\":{\"@id\":\"https:\\\/\\\/algarve7.pt\\\/index.php\\\/2023\\\/10\\\/projeto-life-lynxconnect-acao-e4-acoes-de-divulgacao-para-todos-os-publicos\\\/ambiente\\\/19\\\/45\\\/#breadcrumb\"},\"inLanguage\":\"pt-PT\",\"potentialAction\":[{\"@type\":\"ReadAction\",\"target\":[\"https:\\\/\\\/algarve7.pt\\\/index.php\\\/2023\\\/10\\\/projeto-life-lynxconnect-acao-e4-acoes-de-divulgacao-para-todos-os-publicos\\\/ambiente\\\/19\\\/45\\\/\"]}]},{\"@type\":\"ImageObject\",\"inLanguage\":\"pt-PT\",\"@id\":\"https:\\\/\\\/algarve7.pt\\\/index.php\\\/2023\\\/10\\\/projeto-life-lynxconnect-acao-e4-acoes-de-divulgacao-para-todos-os-publicos\\\/ambiente\\\/19\\\/45\\\/#primaryimage\",\"url\":\"https:\\\/\\\/algarve7.pt\\\/wp-content\\\/uploads\\\/2023\\\/10\\\/Captura-de-ecra-2023-10-16-as-19.41.13.png\",\"contentUrl\":\"https:\\\/\\\/algarve7.pt\\\/wp-content\\\/uploads\\\/2023\\\/10\\\/Captura-de-ecra-2023-10-16-as-19.41.13.png\",\"width\":1024,\"height\":522},{\"@type\":\"BreadcrumbList\",\"@id\":\"https:\\\/\\\/algarve7.pt\\\/index.php\\\/2023\\\/10\\\/projeto-life-lynxconnect-acao-e4-acoes-de-divulgacao-para-todos-os-publicos\\\/ambiente\\\/19\\\/45\\\/#breadcrumb\",\"itemListElement\":[{\"@type\":\"ListItem\",\"position\":1,\"name\":\"In\u00edcio\",\"item\":\"https:\\\/\\\/algarve7.pt\\\/\"},{\"@type\":\"ListItem\",\"position\":2,\"name\":\"Projeto LIFE Lynxconnect &#8211; A\u00e7\u00e3o E4 \u2013 A\u00e7\u00f5es de divulga\u00e7\u00e3o para todos os p\u00fablicos\"}]},{\"@type\":\"WebSite\",\"@id\":\"https:\\\/\\\/algarve7.pt\\\/#website\",\"url\":\"https:\\\/\\\/algarve7.pt\\\/\",\"name\":\"Algarve 7\",\"description\":\"Informa\u00e7\u00e3o sobre o Algarve\",\"publisher\":{\"@id\":\"https:\\\/\\\/algarve7.pt\\\/#organization\"},\"potentialAction\":[{\"@type\":\"SearchAction\",\"target\":{\"@type\":\"EntryPoint\",\"urlTemplate\":\"https:\\\/\\\/algarve7.pt\\\/?s={search_term_string}\"},\"query-input\":{\"@type\":\"PropertyValueSpecification\",\"valueRequired\":true,\"valueName\":\"search_term_string\"}}],\"inLanguage\":\"pt-PT\"},{\"@type\":\"Organization\",\"@id\":\"https:\\\/\\\/algarve7.pt\\\/#organization\",\"name\":\"Algarve 7\",\"url\":\"https:\\\/\\\/algarve7.pt\\\/\",\"logo\":{\"@type\":\"ImageObject\",\"inLanguage\":\"pt-PT\",\"@id\":\"https:\\\/\\\/algarve7.pt\\\/#\\\/schema\\\/logo\\\/image\\\/\",\"url\":\"https:\\\/\\\/algarve7.pt\\\/wp-content\\\/uploads\\\/2020\\\/10\\\/Logo-8.jpg\",\"contentUrl\":\"https:\\\/\\\/algarve7.pt\\\/wp-content\\\/uploads\\\/2020\\\/10\\\/Logo-8.jpg\",\"width\":1680,\"height\":1186,\"caption\":\"Algarve 7\"},\"image\":{\"@id\":\"https:\\\/\\\/algarve7.pt\\\/#\\\/schema\\\/logo\\\/image\\\/\"},\"sameAs\":[\"https:\\\/\\\/www.facebook.com\\\/algarve7\",\"https:\\\/\\\/x.com\\\/Algarvesete\",\"https:\\\/\\\/www.instagram.com\\\/jornalalgarve7\\\/\",\"https:\\\/\\\/www.linkedin.com\\\/company\\\/algarve7\",\"https:\\\/\\\/www.pinterest.pt\\\/geral0939\\\/_created\\\/\"]},{\"@type\":\"Person\",\"@id\":\"https:\\\/\\\/algarve7.pt\\\/#\\\/schema\\\/person\\\/23fa70681308e7b319a3204bcea45e0c\",\"name\":\"Algarve 7\",\"sameAs\":[\"https:\\\/\\\/algarve7.pt\",\"https:\\\/\\\/www.facebook.com\\\/algarve7\"],\"url\":\"https:\\\/\\\/algarve7.pt\\\/index.php\\\/author\\\/geralalgarve7-pt\\\/\"}]}<\/script>\n<!-- \/ Yoast SEO plugin. -->","yoast_head_json":{"title":"Projeto LIFE Lynxconnect - A\u00e7\u00e3o E4 \u2013 A\u00e7\u00f5es de divulga\u00e7\u00e3o para todos os p\u00fablicos - Algarve 7","description":"Projeto LIFE Lynxconnect - A\u00e7\u00e3o E4 \u2013 A\u00e7\u00f5es de divulga\u00e7\u00e3o para todos os p\u00fablicos Ambiente","robots":{"index":"index","follow":"follow","max-snippet":"max-snippet:-1","max-image-preview":"max-image-preview:large","max-video-preview":"max-video-preview:-1"},"canonical":"https:\/\/algarve7.pt\/index.php\/2023\/10\/projeto-life-lynxconnect-acao-e4-acoes-de-divulgacao-para-todos-os-publicos\/ambiente\/19\/45\/","og_locale":"pt_PT","og_type":"article","og_title":"Projeto LIFE Lynxconnect - A\u00e7\u00e3o E4 \u2013 A\u00e7\u00f5es de divulga\u00e7\u00e3o para todos os p\u00fablicos - Algarve 7","og_description":"Projeto LIFE Lynxconnect - A\u00e7\u00e3o E4 \u2013 A\u00e7\u00f5es de divulga\u00e7\u00e3o para todos os p\u00fablicos Ambiente","og_url":"https:\/\/algarve7.pt\/index.php\/2023\/10\/projeto-life-lynxconnect-acao-e4-acoes-de-divulgacao-para-todos-os-publicos\/ambiente\/19\/45\/","og_site_name":"Algarve 7","article_publisher":"https:\/\/www.facebook.com\/algarve7","article_author":"https:\/\/www.facebook.com\/algarve7","article_published_time":"2023-10-16T18:45:10+00:00","article_modified_time":"2023-10-16T18:45:12+00:00","og_image":[{"width":1024,"height":522,"url":"https:\/\/algarve7.pt\/wp-content\/uploads\/2023\/10\/Captura-de-ecra-2023-10-16-as-19.41.13.png","type":"image\/png"}],"author":"Algarve 7","twitter_card":"summary_large_image","twitter_creator":"@Algarvesete","twitter_site":"@Algarvesete","twitter_misc":{"Escrito por":"Algarve 7","Tempo estimado de leitura":"1 minuto"},"schema":{"@context":"https:\/\/schema.org","@graph":[{"@type":"Article","@id":"https:\/\/algarve7.pt\/index.php\/2023\/10\/projeto-life-lynxconnect-acao-e4-acoes-de-divulgacao-para-todos-os-publicos\/ambiente\/19\/45\/#article","isPartOf":{"@id":"https:\/\/algarve7.pt\/index.php\/2023\/10\/projeto-life-lynxconnect-acao-e4-acoes-de-divulgacao-para-todos-os-publicos\/ambiente\/19\/45\/"},"author":{"name":"Algarve 7","@id":"https:\/\/algarve7.pt\/#\/schema\/person\/23fa70681308e7b319a3204bcea45e0c"},"headline":"Projeto LIFE Lynxconnect &#8211; A\u00e7\u00e3o E4 \u2013 A\u00e7\u00f5es de divulga\u00e7\u00e3o para todos os p\u00fablicos","datePublished":"2023-10-16T18:45:10+00:00","dateModified":"2023-10-16T18:45:12+00:00","mainEntityOfPage":{"@id":"https:\/\/algarve7.pt\/index.php\/2023\/10\/projeto-life-lynxconnect-acao-e4-acoes-de-divulgacao-para-todos-os-publicos\/ambiente\/19\/45\/"},"wordCount":148,"publisher":{"@id":"https:\/\/algarve7.pt\/#organization"},"image":{"@id":"https:\/\/algarve7.pt\/index.php\/2023\/10\/projeto-life-lynxconnect-acao-e4-acoes-de-divulgacao-para-todos-os-publicos\/ambiente\/19\/45\/#primaryimage"},"thumbnailUrl":"https:\/\/algarve7.pt\/wp-content\/uploads\/2023\/10\/Captura-de-ecra-2023-10-16-as-19.41.13.png","keywords":["Alcoutim","Algarve","Ambiente","Lynxconnect"],"articleSection":["Ambiente"],"inLanguage":"pt-PT"},{"@type":"WebPage","@id":"https:\/\/algarve7.pt\/index.php\/2023\/10\/projeto-life-lynxconnect-acao-e4-acoes-de-divulgacao-para-todos-os-publicos\/ambiente\/19\/45\/","url":"https:\/\/algarve7.pt\/index.php\/2023\/10\/projeto-life-lynxconnect-acao-e4-acoes-de-divulgacao-para-todos-os-publicos\/ambiente\/19\/45\/","name":"Projeto LIFE Lynxconnect - A\u00e7\u00e3o E4 \u2013 A\u00e7\u00f5es de divulga\u00e7\u00e3o para todos os p\u00fablicos - Algarve 7","isPartOf":{"@id":"https:\/\/algarve7.pt\/#website"},"primaryImageOfPage":{"@id":"https:\/\/algarve7.pt\/index.php\/2023\/10\/projeto-life-lynxconnect-acao-e4-acoes-de-divulgacao-para-todos-os-publicos\/ambiente\/19\/45\/#primaryimage"},"image":{"@id":"https:\/\/algarve7.pt\/index.php\/2023\/10\/projeto-life-lynxconnect-acao-e4-acoes-de-divulgacao-para-todos-os-publicos\/ambiente\/19\/45\/#primaryimage"},"thumbnailUrl":"https:\/\/algarve7.pt\/wp-content\/uploads\/2023\/10\/Captura-de-ecra-2023-10-16-as-19.41.13.png","datePublished":"2023-10-16T18:45:10+00:00","dateModified":"2023-10-16T18:45:12+00:00","description":"Projeto LIFE Lynxconnect - A\u00e7\u00e3o E4 \u2013 A\u00e7\u00f5es de divulga\u00e7\u00e3o para todos os p\u00fablicos Ambiente","breadcrumb":{"@id":"https:\/\/algarve7.pt\/index.php\/2023\/10\/projeto-life-lynxconnect-acao-e4-acoes-de-divulgacao-para-todos-os-publicos\/ambiente\/19\/45\/#breadcrumb"},"inLanguage":"pt-PT","potentialAction":[{"@type":"ReadAction","target":["https:\/\/algarve7.pt\/index.php\/2023\/10\/projeto-life-lynxconnect-acao-e4-acoes-de-divulgacao-para-todos-os-publicos\/ambiente\/19\/45\/"]}]},{"@type":"ImageObject","inLanguage":"pt-PT","@id":"https:\/\/algarve7.pt\/index.php\/2023\/10\/projeto-life-lynxconnect-acao-e4-acoes-de-divulgacao-para-todos-os-publicos\/ambiente\/19\/45\/#primaryimage","url":"https:\/\/algarve7.pt\/wp-content\/uploads\/2023\/10\/Captura-de-ecra-2023-10-16-as-19.41.13.png","contentUrl":"https:\/\/algarve7.pt\/wp-content\/uploads\/2023\/10\/Captura-de-ecra-2023-10-16-as-19.41.13.png","width":1024,"height":522},{"@type":"BreadcrumbList","@id":"https:\/\/algarve7.pt\/index.php\/2023\/10\/projeto-life-lynxconnect-acao-e4-acoes-de-divulgacao-para-todos-os-publicos\/ambiente\/19\/45\/#breadcrumb","itemListElement":[{"@type":"ListItem","position":1,"name":"In\u00edcio","item":"https:\/\/algarve7.pt\/"},{"@type":"ListItem","position":2,"name":"Projeto LIFE Lynxconnect &#8211; A\u00e7\u00e3o E4 \u2013 A\u00e7\u00f5es de divulga\u00e7\u00e3o para todos os p\u00fablicos"}]},{"@type":"WebSite","@id":"https:\/\/algarve7.pt\/#website","url":"https:\/\/algarve7.pt\/","name":"Algarve 7","description":"Informa\u00e7\u00e3o sobre o Algarve","publisher":{"@id":"https:\/\/algarve7.pt\/#organization"},"potentialAction":[{"@type":"SearchAction","target":{"@type":"EntryPoint","urlTemplate":"https:\/\/algarve7.pt\/?s={search_term_string}"},"query-input":{"@type":"PropertyValueSpecification","valueRequired":true,"valueName":"search_term_string"}}],"inLanguage":"pt-PT"},{"@type":"Organization","@id":"https:\/\/algarve7.pt\/#organization","name":"Algarve 7","url":"https:\/\/algarve7.pt\/","logo":{"@type":"ImageObject","inLanguage":"pt-PT","@id":"https:\/\/algarve7.pt\/#\/schema\/logo\/image\/","url":"https:\/\/algarve7.pt\/wp-content\/uploads\/2020\/10\/Logo-8.jpg","contentUrl":"https:\/\/algarve7.pt\/wp-content\/uploads\/2020\/10\/Logo-8.jpg","width":1680,"height":1186,"caption":"Algarve 7"},"image":{"@id":"https:\/\/algarve7.pt\/#\/schema\/logo\/image\/"},"sameAs":["https:\/\/www.facebook.com\/algarve7","https:\/\/x.com\/Algarvesete","https:\/\/www.instagram.com\/jornalalgarve7\/","https:\/\/www.linkedin.com\/company\/algarve7","https:\/\/www.pinterest.pt\/geral0939\/_created\/"]},{"@type":"Person","@id":"https:\/\/algarve7.pt\/#\/schema\/person\/23fa70681308e7b319a3204bcea45e0c","name":"Algarve 7","sameAs":["https:\/\/algarve7.pt","https:\/\/www.facebook.com\/algarve7"],"url":"https:\/\/algarve7.pt\/index.php\/author\/geralalgarve7-pt\/"}]}},"jetpack_publicize_connections":[],"jetpack_featured_media_url":"https:\/\/algarve7.pt\/wp-content\/uploads\/2023\/10\/Captura-de-ecra-2023-10-16-as-19.41.13.png","jetpack_shortlink":"https:\/\/wp.me\/pcezmW-8k5","jetpack_sharing_enabled":true,"_links":{"self":[{"href":"https:\/\/algarve7.pt\/index.php\/wp-json\/wp\/v2\/posts\/31997","targetHints":{"allow":["GET"]}}],"collection":[{"href":"https:\/\/algarve7.pt\/index.php\/wp-json\/wp\/v2\/posts"}],"about":[{"href":"https:\/\/algarve7.pt\/index.php\/wp-json\/wp\/v2\/types\/post"}],"author":[{"embeddable":true,"href":"https:\/\/algarve7.pt\/index.php\/wp-json\/wp\/v2\/users\/1"}],"replies":[{"embeddable":true,"href":"https:\/\/algarve7.pt\/index.php\/wp-json\/wp\/v2\/comments?post=31997"}],"version-history":[{"count":0,"href":"https:\/\/algarve7.pt\/index.php\/wp-json\/wp\/v2\/posts\/31997\/revisions"}],"wp:featuredmedia":[{"embeddable":true,"href":"https:\/\/algarve7.pt\/index.php\/wp-json\/wp\/v2\/media\/31998"}],"wp:attachment":[{"href":"https:\/\/algarve7.pt\/index.php\/wp-json\/wp\/v2\/media?parent=31997"}],"wp:term":[{"taxonomy":"category","embeddable":true,"href":"https:\/\/algarve7.pt\/index.php\/wp-json\/wp\/v2\/categories?post=31997"},{"taxonomy":"post_tag","embeddable":true,"href":"https:\/\/algarve7.pt\/index.php\/wp-json\/wp\/v2\/tags?post=31997"}],"curies":[{"name":"wp","href":"https:\/\/api.w.org\/{rel}","templated":true}]}}