{"id":31854,"date":"2023-10-12T18:58:14","date_gmt":"2023-10-12T17:58:14","guid":{"rendered":"https:\/\/algarve7.pt\/?p=31854"},"modified":"2023-10-12T18:58:16","modified_gmt":"2023-10-12T17:58:16","slug":"portimao-recebe-a-maior-participacao-de-sempre-num-mundial-vela-adapta-a-realizar-em-portugal","status":"publish","type":"post","link":"https:\/\/algarve7.pt\/index.php\/2023\/10\/portimao-recebe-a-maior-participacao-de-sempre-num-mundial-vela-adapta-a-realizar-em-portugal\/desporto\/18\/58\/","title":{"rendered":"Portim\u00e3o recebe a maior participa\u00e7\u00e3o de sempre num mundial vela adapta a realizar em Portugal"},"content":{"rendered":"\n<p>O Hansa Worlds Portim\u00e3o Championship, que se realiza entre 14 e 21 de outubro, \u00e9 a prova de que o mar e o vento s\u00e3o para todos, independentemente da sua condi\u00e7\u00e3o f\u00edsica.&nbsp;<\/p>\n\n\n\n<p>Entre 14 e 21 de outubro as \u00e1guas de Portim\u00e3o servem de cen\u00e1rio \u00e0 maior competi\u00e7\u00e3o de vela adaptada alguma vez realizada a n\u00edvel mundial.&nbsp;<\/p>\n\n\n\n<p>Cerca de 230 velejadores de 18 pa\u00edses competem pelo t\u00edtulo de campe\u00e3o do mundo em classes diferentes, de acordo com o seu n\u00edvel de defici\u00eancia\/condicionamento.&nbsp;<\/p>\n\n\n\n<p>A organiza\u00e7\u00e3o deste evento \u00fanico, verdadeiramente inclusivo, \u00e9 do Iate Clube Marina de Portim\u00e3o e da Vela Solid\u00e1ria, projeto que faz parte da Associa\u00e7\u00e3o Teia D\u2019Impulsos.&nbsp; Um desafio enorme, que envolve centena e meia de pessoas e que tem como grande objetivo proporcionar uma experi\u00eancia desportiva, social e cultural \u00fanica e inesquec\u00edvel aos velejadores, equipas t\u00e9cnicas e acompanhantes.<\/p>\n\n\n\n<p>\u00abO Hansa Worlds Portim\u00e3o Championship ser\u00e1 o maior evento de vela adaptada alguma vez realizado a n\u00edvel mundial assumindo um papel fulcral no que \u00e0 inclus\u00e3o diz respeito.&nbsp;O desafio abrange todas as \u00e1reas da sociedade passando pela mobilidade, inclus\u00e3o social e impacto econ\u00f3mico e cultural. Trata-se de uma organiza\u00e7\u00e3o complexa com 11 \u00e1reas de gest\u00e3o e na qual estar\u00e3o envolvidas mais de 400 pessoas diariamente\u00bb, refere Lu\u00eds Brito, diretor do evento.&nbsp;<\/p>\n\n\n\n<p>J\u00e1 em 2019 a mesma organiza\u00e7\u00e3o foi respons\u00e1vel pela realiza\u00e7\u00e3o, tamb\u00e9m em Portim\u00e3o, do Campeonato da Europa de Vela Adaptada. Neste mundial de 2023 o n\u00famero de participantes praticamente duplicou, dividindo-se pelas 5 classes Hansa.&nbsp;<\/p>\n\n\n\n<p>A Classe Hansa caracteriza-se por ter embarca\u00e7\u00f5es que s\u00e3o quase imposs\u00edveis de virar, com um centro de gravidade baixo e um patilh\u00e3o lastrado. \u00c9 poss\u00edvel adicionar comandos el\u00e9tricos (servo) que auxiliam no comando do leme e das velas para quem tem defici\u00eancia motora.&nbsp;<\/p>\n\n\n\n<p>&nbsp;Portugal tem j\u00e1 um curr\u00edculo de destaque em Vela Adaptada. Este ano, a&nbsp;dupla Guilherme Ribeiro e Pedro C\u00e2ncio Reis (da Vela Solid\u00e1ria) sagrou-se vice-campe\u00e3 do mundo da classe adaptada RS Venture Connect, que se realizou em Haia, nos Pa\u00edses Baixos. Esta equipa portuguesa estreou-se em competi\u00e7\u00f5es mundiais em 2022, ano em que subiu ao 3\u00ba lugar do p\u00f3dio no Campeonato do Mundo de Vela Adaptada em Om\u00e3.&nbsp;<\/p>\n\n\n\n<p>Durante 8 dias o horizonte de Portim\u00e3o ser\u00e1 inundado de velas, num evento que transcende muito o plano desportivo. Cada velejador traz consigo uma hist\u00f3ria inspiradora de luta e supera\u00e7\u00e3o, como por exemplo Mary Duffy, que apesar de n\u00e3o ter bra\u00e7os faz quest\u00e3o de vir da Irlanda, seu pa\u00eds natal, a conduzir o seu carro. Igualmente marcante ser\u00e1 a participa\u00e7\u00e3o da holandesa Wilma Den Broek, que veleja a sua embarca\u00e7\u00e3o atrav\u00e9s de sopro \u2013 n\u00e3o tem bra\u00e7os nem pernas.&nbsp;<\/p>\n\n\n\n<p>No mundial de Portim\u00e3o est\u00e1 assegurada a presen\u00e7a de grandes nomes da Vela Adaptada como \u00e9 o caso do polaco&nbsp;Piotr Cichocki, que j\u00e1 participou nos Jogos Ol\u00edmpicos e foi campe\u00e3o mundial.<\/p>\n\n\n\n<p>A cerim\u00f3nia de abertura do Hansa Worlds Portim\u00e3o Championship 2023 acontece s\u00e1bado, dia 15 de outubro, a partir das 18h30 e ir\u00e1 encher o largo da C\u00e2mara Municipal de Portim\u00e3o de velejadores vindos dos mares de todo o mundo.<\/p>\n","protected":false},"excerpt":{"rendered":"<p>O Hansa Worlds Portim\u00e3o Championship, que se realiza entre 14 e 21 de outubro, \u00e9 a prova de que o<\/p>\n","protected":false},"author":1,"featured_media":31855,"comment_status":"closed","ping_status":"open","sticky":false,"template":"","format":"standard","meta":{"colormag_page_container_layout":"default_layout","colormag_page_sidebar_layout":"default_layout","_monsterinsights_skip_tracking":false,"_monsterinsights_sitenote_active":false,"_monsterinsights_sitenote_note":"","_monsterinsights_sitenote_category":0,"jetpack_post_was_ever_published":false,"_jetpack_newsletter_access":"","_jetpack_dont_email_post_to_subs":false,"_jetpack_newsletter_tier_id":0,"_jetpack_memberships_contains_paywalled_content":false,"_jetpack_memberships_contains_paid_content":false,"footnotes":"","jetpack_publicize_message":"","jetpack_publicize_feature_enabled":true,"jetpack_social_post_already_shared":true,"jetpack_social_options":{"image_generator_settings":{"template":"highway","default_image_id":0,"font":"","enabled":false},"version":2}},"categories":[15],"tags":[36,40,72,105],"class_list":["post-31854","post","type-post","status-publish","format-standard","has-post-thumbnail","hentry","category-desporto","tag-algarve","tag-desporto","tag-portimao","tag-vela"],"yoast_head":"<!-- This site is optimized with the Yoast SEO plugin v27.5 - https:\/\/yoast.com\/product\/yoast-seo-wordpress\/ -->\n<title>Portim\u00e3o recebe a maior participa\u00e7\u00e3o de sempre num mundial vela adapta a realizar em Portugal - Algarve 7<\/title>\n<meta name=\"description\" content=\"Portim\u00e3o recebe a maior participa\u00e7\u00e3o de sempre num mundial vela adapta a realizar em Portugal Desporto\" \/>\n<meta name=\"robots\" content=\"index, follow, max-snippet:-1, max-image-preview:large, max-video-preview:-1\" \/>\n<link rel=\"canonical\" href=\"https:\/\/algarve7.pt\/index.php\/2023\/10\/portimao-recebe-a-maior-participacao-de-sempre-num-mundial-vela-adapta-a-realizar-em-portugal\/desporto\/18\/58\/\" \/>\n<meta property=\"og:locale\" content=\"pt_PT\" \/>\n<meta property=\"og:type\" content=\"article\" \/>\n<meta property=\"og:title\" content=\"Portim\u00e3o recebe a maior participa\u00e7\u00e3o de sempre num mundial vela adapta a realizar em Portugal - Algarve 7\" \/>\n<meta property=\"og:description\" content=\"Portim\u00e3o recebe a maior participa\u00e7\u00e3o de sempre num mundial vela adapta a realizar em Portugal Desporto\" \/>\n<meta property=\"og:url\" content=\"https:\/\/algarve7.pt\/index.php\/2023\/10\/portimao-recebe-a-maior-participacao-de-sempre-num-mundial-vela-adapta-a-realizar-em-portugal\/desporto\/18\/58\/\" \/>\n<meta property=\"og:site_name\" content=\"Algarve 7\" \/>\n<meta property=\"article:publisher\" content=\"https:\/\/www.facebook.com\/algarve7\" \/>\n<meta property=\"article:author\" content=\"https:\/\/www.facebook.com\/algarve7\" \/>\n<meta property=\"article:published_time\" content=\"2023-10-12T17:58:14+00:00\" \/>\n<meta property=\"article:modified_time\" content=\"2023-10-12T17:58:16+00:00\" \/>\n<meta property=\"og:image\" content=\"https:\/\/algarve7.pt\/wp-content\/uploads\/2023\/10\/Hansa-Europeans-PortimAo-2019-317.jpg\" \/>\n\t<meta property=\"og:image:width\" content=\"1024\" \/>\n\t<meta property=\"og:image:height\" content=\"683\" \/>\n\t<meta property=\"og:image:type\" content=\"image\/jpeg\" \/>\n<meta name=\"author\" content=\"Algarve 7\" \/>\n<meta name=\"twitter:card\" content=\"summary_large_image\" \/>\n<meta name=\"twitter:creator\" content=\"@Algarvesete\" \/>\n<meta name=\"twitter:site\" content=\"@Algarvesete\" \/>\n<meta name=\"twitter:label1\" content=\"Escrito por\" \/>\n\t<meta name=\"twitter:data1\" content=\"Algarve 7\" \/>\n\t<meta name=\"twitter:label2\" content=\"Tempo estimado de leitura\" \/>\n\t<meta name=\"twitter:data2\" content=\"3 minutos\" \/>\n<script type=\"application\/ld+json\" class=\"yoast-schema-graph\">{\"@context\":\"https:\\\/\\\/schema.org\",\"@graph\":[{\"@type\":\"Article\",\"@id\":\"https:\\\/\\\/algarve7.pt\\\/index.php\\\/2023\\\/10\\\/portimao-recebe-a-maior-participacao-de-sempre-num-mundial-vela-adapta-a-realizar-em-portugal\\\/desporto\\\/18\\\/58\\\/#article\",\"isPartOf\":{\"@id\":\"https:\\\/\\\/algarve7.pt\\\/index.php\\\/2023\\\/10\\\/portimao-recebe-a-maior-participacao-de-sempre-num-mundial-vela-adapta-a-realizar-em-portugal\\\/desporto\\\/18\\\/58\\\/\"},\"author\":{\"name\":\"Algarve 7\",\"@id\":\"https:\\\/\\\/algarve7.pt\\\/#\\\/schema\\\/person\\\/23fa70681308e7b319a3204bcea45e0c\"},\"headline\":\"Portim\u00e3o recebe a maior participa\u00e7\u00e3o de sempre num mundial vela adapta a realizar em Portugal\",\"datePublished\":\"2023-10-12T17:58:14+00:00\",\"dateModified\":\"2023-10-12T17:58:16+00:00\",\"mainEntityOfPage\":{\"@id\":\"https:\\\/\\\/algarve7.pt\\\/index.php\\\/2023\\\/10\\\/portimao-recebe-a-maior-participacao-de-sempre-num-mundial-vela-adapta-a-realizar-em-portugal\\\/desporto\\\/18\\\/58\\\/\"},\"wordCount\":586,\"publisher\":{\"@id\":\"https:\\\/\\\/algarve7.pt\\\/#organization\"},\"image\":{\"@id\":\"https:\\\/\\\/algarve7.pt\\\/index.php\\\/2023\\\/10\\\/portimao-recebe-a-maior-participacao-de-sempre-num-mundial-vela-adapta-a-realizar-em-portugal\\\/desporto\\\/18\\\/58\\\/#primaryimage\"},\"thumbnailUrl\":\"https:\\\/\\\/algarve7.pt\\\/wp-content\\\/uploads\\\/2023\\\/10\\\/Hansa-Europeans-PortimAo-2019-317.jpg\",\"keywords\":[\"Algarve\",\"Desporto\",\"Portim\u00e3o\",\"Vela\"],\"articleSection\":[\"Desporto\"],\"inLanguage\":\"pt-PT\"},{\"@type\":\"WebPage\",\"@id\":\"https:\\\/\\\/algarve7.pt\\\/index.php\\\/2023\\\/10\\\/portimao-recebe-a-maior-participacao-de-sempre-num-mundial-vela-adapta-a-realizar-em-portugal\\\/desporto\\\/18\\\/58\\\/\",\"url\":\"https:\\\/\\\/algarve7.pt\\\/index.php\\\/2023\\\/10\\\/portimao-recebe-a-maior-participacao-de-sempre-num-mundial-vela-adapta-a-realizar-em-portugal\\\/desporto\\\/18\\\/58\\\/\",\"name\":\"Portim\u00e3o recebe a maior participa\u00e7\u00e3o de sempre num mundial vela adapta a realizar em Portugal - Algarve 7\",\"isPartOf\":{\"@id\":\"https:\\\/\\\/algarve7.pt\\\/#website\"},\"primaryImageOfPage\":{\"@id\":\"https:\\\/\\\/algarve7.pt\\\/index.php\\\/2023\\\/10\\\/portimao-recebe-a-maior-participacao-de-sempre-num-mundial-vela-adapta-a-realizar-em-portugal\\\/desporto\\\/18\\\/58\\\/#primaryimage\"},\"image\":{\"@id\":\"https:\\\/\\\/algarve7.pt\\\/index.php\\\/2023\\\/10\\\/portimao-recebe-a-maior-participacao-de-sempre-num-mundial-vela-adapta-a-realizar-em-portugal\\\/desporto\\\/18\\\/58\\\/#primaryimage\"},\"thumbnailUrl\":\"https:\\\/\\\/algarve7.pt\\\/wp-content\\\/uploads\\\/2023\\\/10\\\/Hansa-Europeans-PortimAo-2019-317.jpg\",\"datePublished\":\"2023-10-12T17:58:14+00:00\",\"dateModified\":\"2023-10-12T17:58:16+00:00\",\"description\":\"Portim\u00e3o recebe a maior participa\u00e7\u00e3o de sempre num mundial vela adapta a realizar em Portugal Desporto\",\"breadcrumb\":{\"@id\":\"https:\\\/\\\/algarve7.pt\\\/index.php\\\/2023\\\/10\\\/portimao-recebe-a-maior-participacao-de-sempre-num-mundial-vela-adapta-a-realizar-em-portugal\\\/desporto\\\/18\\\/58\\\/#breadcrumb\"},\"inLanguage\":\"pt-PT\",\"potentialAction\":[{\"@type\":\"ReadAction\",\"target\":[\"https:\\\/\\\/algarve7.pt\\\/index.php\\\/2023\\\/10\\\/portimao-recebe-a-maior-participacao-de-sempre-num-mundial-vela-adapta-a-realizar-em-portugal\\\/desporto\\\/18\\\/58\\\/\"]}]},{\"@type\":\"ImageObject\",\"inLanguage\":\"pt-PT\",\"@id\":\"https:\\\/\\\/algarve7.pt\\\/index.php\\\/2023\\\/10\\\/portimao-recebe-a-maior-participacao-de-sempre-num-mundial-vela-adapta-a-realizar-em-portugal\\\/desporto\\\/18\\\/58\\\/#primaryimage\",\"url\":\"https:\\\/\\\/algarve7.pt\\\/wp-content\\\/uploads\\\/2023\\\/10\\\/Hansa-Europeans-PortimAo-2019-317.jpg\",\"contentUrl\":\"https:\\\/\\\/algarve7.pt\\\/wp-content\\\/uploads\\\/2023\\\/10\\\/Hansa-Europeans-PortimAo-2019-317.jpg\",\"width\":1024,\"height\":683},{\"@type\":\"BreadcrumbList\",\"@id\":\"https:\\\/\\\/algarve7.pt\\\/index.php\\\/2023\\\/10\\\/portimao-recebe-a-maior-participacao-de-sempre-num-mundial-vela-adapta-a-realizar-em-portugal\\\/desporto\\\/18\\\/58\\\/#breadcrumb\",\"itemListElement\":[{\"@type\":\"ListItem\",\"position\":1,\"name\":\"In\u00edcio\",\"item\":\"https:\\\/\\\/algarve7.pt\\\/\"},{\"@type\":\"ListItem\",\"position\":2,\"name\":\"Portim\u00e3o recebe a maior participa\u00e7\u00e3o de sempre num mundial vela adapta a realizar em Portugal\"}]},{\"@type\":\"WebSite\",\"@id\":\"https:\\\/\\\/algarve7.pt\\\/#website\",\"url\":\"https:\\\/\\\/algarve7.pt\\\/\",\"name\":\"Algarve 7\",\"description\":\"Informa\u00e7\u00e3o sobre o Algarve\",\"publisher\":{\"@id\":\"https:\\\/\\\/algarve7.pt\\\/#organization\"},\"potentialAction\":[{\"@type\":\"SearchAction\",\"target\":{\"@type\":\"EntryPoint\",\"urlTemplate\":\"https:\\\/\\\/algarve7.pt\\\/?s={search_term_string}\"},\"query-input\":{\"@type\":\"PropertyValueSpecification\",\"valueRequired\":true,\"valueName\":\"search_term_string\"}}],\"inLanguage\":\"pt-PT\"},{\"@type\":\"Organization\",\"@id\":\"https:\\\/\\\/algarve7.pt\\\/#organization\",\"name\":\"Algarve 7\",\"url\":\"https:\\\/\\\/algarve7.pt\\\/\",\"logo\":{\"@type\":\"ImageObject\",\"inLanguage\":\"pt-PT\",\"@id\":\"https:\\\/\\\/algarve7.pt\\\/#\\\/schema\\\/logo\\\/image\\\/\",\"url\":\"https:\\\/\\\/algarve7.pt\\\/wp-content\\\/uploads\\\/2020\\\/10\\\/Logo-8.jpg\",\"contentUrl\":\"https:\\\/\\\/algarve7.pt\\\/wp-content\\\/uploads\\\/2020\\\/10\\\/Logo-8.jpg\",\"width\":1680,\"height\":1186,\"caption\":\"Algarve 7\"},\"image\":{\"@id\":\"https:\\\/\\\/algarve7.pt\\\/#\\\/schema\\\/logo\\\/image\\\/\"},\"sameAs\":[\"https:\\\/\\\/www.facebook.com\\\/algarve7\",\"https:\\\/\\\/x.com\\\/Algarvesete\",\"https:\\\/\\\/www.instagram.com\\\/jornalalgarve7\\\/\",\"https:\\\/\\\/www.linkedin.com\\\/company\\\/algarve7\",\"https:\\\/\\\/www.pinterest.pt\\\/geral0939\\\/_created\\\/\"]},{\"@type\":\"Person\",\"@id\":\"https:\\\/\\\/algarve7.pt\\\/#\\\/schema\\\/person\\\/23fa70681308e7b319a3204bcea45e0c\",\"name\":\"Algarve 7\",\"sameAs\":[\"https:\\\/\\\/algarve7.pt\",\"https:\\\/\\\/www.facebook.com\\\/algarve7\"],\"url\":\"https:\\\/\\\/algarve7.pt\\\/index.php\\\/author\\\/geralalgarve7-pt\\\/\"}]}<\/script>\n<!-- \/ Yoast SEO plugin. -->","yoast_head_json":{"title":"Portim\u00e3o recebe a maior participa\u00e7\u00e3o de sempre num mundial vela adapta a realizar em Portugal - Algarve 7","description":"Portim\u00e3o recebe a maior participa\u00e7\u00e3o de sempre num mundial vela adapta a realizar em Portugal Desporto","robots":{"index":"index","follow":"follow","max-snippet":"max-snippet:-1","max-image-preview":"max-image-preview:large","max-video-preview":"max-video-preview:-1"},"canonical":"https:\/\/algarve7.pt\/index.php\/2023\/10\/portimao-recebe-a-maior-participacao-de-sempre-num-mundial-vela-adapta-a-realizar-em-portugal\/desporto\/18\/58\/","og_locale":"pt_PT","og_type":"article","og_title":"Portim\u00e3o recebe a maior participa\u00e7\u00e3o de sempre num mundial vela adapta a realizar em Portugal - Algarve 7","og_description":"Portim\u00e3o recebe a maior participa\u00e7\u00e3o de sempre num mundial vela adapta a realizar em Portugal Desporto","og_url":"https:\/\/algarve7.pt\/index.php\/2023\/10\/portimao-recebe-a-maior-participacao-de-sempre-num-mundial-vela-adapta-a-realizar-em-portugal\/desporto\/18\/58\/","og_site_name":"Algarve 7","article_publisher":"https:\/\/www.facebook.com\/algarve7","article_author":"https:\/\/www.facebook.com\/algarve7","article_published_time":"2023-10-12T17:58:14+00:00","article_modified_time":"2023-10-12T17:58:16+00:00","og_image":[{"width":1024,"height":683,"url":"https:\/\/algarve7.pt\/wp-content\/uploads\/2023\/10\/Hansa-Europeans-PortimAo-2019-317.jpg","type":"image\/jpeg"}],"author":"Algarve 7","twitter_card":"summary_large_image","twitter_creator":"@Algarvesete","twitter_site":"@Algarvesete","twitter_misc":{"Escrito por":"Algarve 7","Tempo estimado de leitura":"3 minutos"},"schema":{"@context":"https:\/\/schema.org","@graph":[{"@type":"Article","@id":"https:\/\/algarve7.pt\/index.php\/2023\/10\/portimao-recebe-a-maior-participacao-de-sempre-num-mundial-vela-adapta-a-realizar-em-portugal\/desporto\/18\/58\/#article","isPartOf":{"@id":"https:\/\/algarve7.pt\/index.php\/2023\/10\/portimao-recebe-a-maior-participacao-de-sempre-num-mundial-vela-adapta-a-realizar-em-portugal\/desporto\/18\/58\/"},"author":{"name":"Algarve 7","@id":"https:\/\/algarve7.pt\/#\/schema\/person\/23fa70681308e7b319a3204bcea45e0c"},"headline":"Portim\u00e3o recebe a maior participa\u00e7\u00e3o de sempre num mundial vela adapta a realizar em Portugal","datePublished":"2023-10-12T17:58:14+00:00","dateModified":"2023-10-12T17:58:16+00:00","mainEntityOfPage":{"@id":"https:\/\/algarve7.pt\/index.php\/2023\/10\/portimao-recebe-a-maior-participacao-de-sempre-num-mundial-vela-adapta-a-realizar-em-portugal\/desporto\/18\/58\/"},"wordCount":586,"publisher":{"@id":"https:\/\/algarve7.pt\/#organization"},"image":{"@id":"https:\/\/algarve7.pt\/index.php\/2023\/10\/portimao-recebe-a-maior-participacao-de-sempre-num-mundial-vela-adapta-a-realizar-em-portugal\/desporto\/18\/58\/#primaryimage"},"thumbnailUrl":"https:\/\/algarve7.pt\/wp-content\/uploads\/2023\/10\/Hansa-Europeans-PortimAo-2019-317.jpg","keywords":["Algarve","Desporto","Portim\u00e3o","Vela"],"articleSection":["Desporto"],"inLanguage":"pt-PT"},{"@type":"WebPage","@id":"https:\/\/algarve7.pt\/index.php\/2023\/10\/portimao-recebe-a-maior-participacao-de-sempre-num-mundial-vela-adapta-a-realizar-em-portugal\/desporto\/18\/58\/","url":"https:\/\/algarve7.pt\/index.php\/2023\/10\/portimao-recebe-a-maior-participacao-de-sempre-num-mundial-vela-adapta-a-realizar-em-portugal\/desporto\/18\/58\/","name":"Portim\u00e3o recebe a maior participa\u00e7\u00e3o de sempre num mundial vela adapta a realizar em Portugal - Algarve 7","isPartOf":{"@id":"https:\/\/algarve7.pt\/#website"},"primaryImageOfPage":{"@id":"https:\/\/algarve7.pt\/index.php\/2023\/10\/portimao-recebe-a-maior-participacao-de-sempre-num-mundial-vela-adapta-a-realizar-em-portugal\/desporto\/18\/58\/#primaryimage"},"image":{"@id":"https:\/\/algarve7.pt\/index.php\/2023\/10\/portimao-recebe-a-maior-participacao-de-sempre-num-mundial-vela-adapta-a-realizar-em-portugal\/desporto\/18\/58\/#primaryimage"},"thumbnailUrl":"https:\/\/algarve7.pt\/wp-content\/uploads\/2023\/10\/Hansa-Europeans-PortimAo-2019-317.jpg","datePublished":"2023-10-12T17:58:14+00:00","dateModified":"2023-10-12T17:58:16+00:00","description":"Portim\u00e3o recebe a maior participa\u00e7\u00e3o de sempre num mundial vela adapta a realizar em Portugal Desporto","breadcrumb":{"@id":"https:\/\/algarve7.pt\/index.php\/2023\/10\/portimao-recebe-a-maior-participacao-de-sempre-num-mundial-vela-adapta-a-realizar-em-portugal\/desporto\/18\/58\/#breadcrumb"},"inLanguage":"pt-PT","potentialAction":[{"@type":"ReadAction","target":["https:\/\/algarve7.pt\/index.php\/2023\/10\/portimao-recebe-a-maior-participacao-de-sempre-num-mundial-vela-adapta-a-realizar-em-portugal\/desporto\/18\/58\/"]}]},{"@type":"ImageObject","inLanguage":"pt-PT","@id":"https:\/\/algarve7.pt\/index.php\/2023\/10\/portimao-recebe-a-maior-participacao-de-sempre-num-mundial-vela-adapta-a-realizar-em-portugal\/desporto\/18\/58\/#primaryimage","url":"https:\/\/algarve7.pt\/wp-content\/uploads\/2023\/10\/Hansa-Europeans-PortimAo-2019-317.jpg","contentUrl":"https:\/\/algarve7.pt\/wp-content\/uploads\/2023\/10\/Hansa-Europeans-PortimAo-2019-317.jpg","width":1024,"height":683},{"@type":"BreadcrumbList","@id":"https:\/\/algarve7.pt\/index.php\/2023\/10\/portimao-recebe-a-maior-participacao-de-sempre-num-mundial-vela-adapta-a-realizar-em-portugal\/desporto\/18\/58\/#breadcrumb","itemListElement":[{"@type":"ListItem","position":1,"name":"In\u00edcio","item":"https:\/\/algarve7.pt\/"},{"@type":"ListItem","position":2,"name":"Portim\u00e3o recebe a maior participa\u00e7\u00e3o de sempre num mundial vela adapta a realizar em Portugal"}]},{"@type":"WebSite","@id":"https:\/\/algarve7.pt\/#website","url":"https:\/\/algarve7.pt\/","name":"Algarve 7","description":"Informa\u00e7\u00e3o sobre o Algarve","publisher":{"@id":"https:\/\/algarve7.pt\/#organization"},"potentialAction":[{"@type":"SearchAction","target":{"@type":"EntryPoint","urlTemplate":"https:\/\/algarve7.pt\/?s={search_term_string}"},"query-input":{"@type":"PropertyValueSpecification","valueRequired":true,"valueName":"search_term_string"}}],"inLanguage":"pt-PT"},{"@type":"Organization","@id":"https:\/\/algarve7.pt\/#organization","name":"Algarve 7","url":"https:\/\/algarve7.pt\/","logo":{"@type":"ImageObject","inLanguage":"pt-PT","@id":"https:\/\/algarve7.pt\/#\/schema\/logo\/image\/","url":"https:\/\/algarve7.pt\/wp-content\/uploads\/2020\/10\/Logo-8.jpg","contentUrl":"https:\/\/algarve7.pt\/wp-content\/uploads\/2020\/10\/Logo-8.jpg","width":1680,"height":1186,"caption":"Algarve 7"},"image":{"@id":"https:\/\/algarve7.pt\/#\/schema\/logo\/image\/"},"sameAs":["https:\/\/www.facebook.com\/algarve7","https:\/\/x.com\/Algarvesete","https:\/\/www.instagram.com\/jornalalgarve7\/","https:\/\/www.linkedin.com\/company\/algarve7","https:\/\/www.pinterest.pt\/geral0939\/_created\/"]},{"@type":"Person","@id":"https:\/\/algarve7.pt\/#\/schema\/person\/23fa70681308e7b319a3204bcea45e0c","name":"Algarve 7","sameAs":["https:\/\/algarve7.pt","https:\/\/www.facebook.com\/algarve7"],"url":"https:\/\/algarve7.pt\/index.php\/author\/geralalgarve7-pt\/"}]}},"jetpack_publicize_connections":[],"jetpack_featured_media_url":"https:\/\/algarve7.pt\/wp-content\/uploads\/2023\/10\/Hansa-Europeans-PortimAo-2019-317.jpg","jetpack_shortlink":"https:\/\/wp.me\/pcezmW-8hM","jetpack_sharing_enabled":true,"_links":{"self":[{"href":"https:\/\/algarve7.pt\/index.php\/wp-json\/wp\/v2\/posts\/31854","targetHints":{"allow":["GET"]}}],"collection":[{"href":"https:\/\/algarve7.pt\/index.php\/wp-json\/wp\/v2\/posts"}],"about":[{"href":"https:\/\/algarve7.pt\/index.php\/wp-json\/wp\/v2\/types\/post"}],"author":[{"embeddable":true,"href":"https:\/\/algarve7.pt\/index.php\/wp-json\/wp\/v2\/users\/1"}],"replies":[{"embeddable":true,"href":"https:\/\/algarve7.pt\/index.php\/wp-json\/wp\/v2\/comments?post=31854"}],"version-history":[{"count":0,"href":"https:\/\/algarve7.pt\/index.php\/wp-json\/wp\/v2\/posts\/31854\/revisions"}],"wp:featuredmedia":[{"embeddable":true,"href":"https:\/\/algarve7.pt\/index.php\/wp-json\/wp\/v2\/media\/31855"}],"wp:attachment":[{"href":"https:\/\/algarve7.pt\/index.php\/wp-json\/wp\/v2\/media?parent=31854"}],"wp:term":[{"taxonomy":"category","embeddable":true,"href":"https:\/\/algarve7.pt\/index.php\/wp-json\/wp\/v2\/categories?post=31854"},{"taxonomy":"post_tag","embeddable":true,"href":"https:\/\/algarve7.pt\/index.php\/wp-json\/wp\/v2\/tags?post=31854"}],"curies":[{"name":"wp","href":"https:\/\/api.w.org\/{rel}","templated":true}]}}